{"id":207861,"date":"2022-11-21T23:25:49","date_gmt":"2022-11-22T02:25:49","guid":{"rendered":"https:\/\/diariotextual.com\/inicio\/?p=207861"},"modified":"2022-11-22T11:15:43","modified_gmt":"2022-11-22T14:15:43","slug":"turismo-pampeano-registran-distintos-niveles-de-actividad-durante-el-finde-lardo","status":"publish","type":"post","link":"https:\/\/diariotextual.com\/inicio\/index.php\/2022\/11\/21\/turismo-pampeano-registran-distintos-niveles-de-actividad-durante-el-finde-lardo\/","title":{"rendered":"Turismo pampeano: registran distintos niveles de actividad durante el finde largo"},"content":{"rendered":"\n<p>De acuerdo al sondeo que realiza la Secretar\u00eda de Turismo de La Pampa, este fin de semana largo se registr\u00f3 un <strong>movimiento tur\u00edstico\/recreativo dispar<\/strong>, seg\u00fan lo informado por las localidades y prestadores que habitualmente son referenciados para sondear la actividad.<\/p>\n\n\n\n<p>Desde la mesa de informes y las redes sociales de la Secretar\u00eda, las consultas respondidas fueron principalmente sobre la <strong>fecha del Turismo Carretera<\/strong> que se llev\u00f3 a cabo en el Aut\u00f3dromo Provincia de La Pampa durante el viernes 18 y s\u00e1bado 19 de noviembre. Tambi\u00e9n se recibieron consultas por las diferentes opciones para alojarse, las actividades en la Reserva Provincial Parque Luro y lo programado en las estancias tur\u00edsticas. <strong>En la Reserva Provincial Parque Luro se registraron unas 600 personas.<\/strong> Se realizaron visitas guiadas al Castillo y hubo personas disfrutando del c\u00e1mping, restaurante y los distintos senderos. &nbsp;<\/p>\n\n\n\n<p>En <strong>Santa Rosa, Toay y zona<\/strong> de influencia la hoteler\u00eda estuvo colmada los d\u00edas de la competencia de Turismo Carretera, mientras que domingo y lunes promedi\u00f3 un 50%. Por su parte<strong> General Acha <\/strong>inform\u00f3 que el porcentaje de ocupaci\u00f3n en las plazas hoteleras estuvo al 50%.<strong> Realic\u00f3 <\/strong>report\u00f3 que el movimiento tur\u00edstico estuvo tranquilo, ya que la ocupaci\u00f3n hotelera alcanz\u00f3 en promedio un 40% de ocupaci\u00f3n.&nbsp; Se not\u00f3 un cierto movimiento de tr\u00e1nsito en las rutas Nacionales N\u00ba 188 y N\u00ba 35, especialmente el d\u00eda s\u00e1bado. Por su parte<strong> General Pico<\/strong>, comunic\u00f3 un promedio de ocupaci\u00f3n en el alojamiento del 80%, destacando la realizaci\u00f3n de varios eventos culturales, y deportivos que se llevaron a cabo. <strong>Las Termas de Bernardo Larroud\u00e9<\/strong> informaron que el nivel de ocupaci\u00f3n en alojamiento y los turnos de spa estuvieron en el 90%.<\/p>\n\n\n\n<p>La localidad de <strong>Guatrach\u00e9 se\u00f1al\u00f3 que los alojamientos estuvieron al 50%.<\/strong> Hubo cierto movimiento de recreacionistas en el \u00e1mbito de la laguna. Las gu\u00edas que realizan las visitas tur\u00edsticas a la colonia menonita informaron unas 100 visitas durante el fin de semana, teniendo en cuenta que los d\u00edas domingo no se ingresa a la Colonia. Victorica comunic\u00f3 buena ocupaci\u00f3n hotelera promediando un 70%, mencionando que no hubo actividades programadas.&nbsp;En Eduardo Castex se observ\u00f3 un buen movimiento de turistas y excursionistas sobre todo en el Parque de la Prehistoria y muchos ni\u00f1os disfrutando del Parque A\u00e9reo. Los alojamientos estuvieron casi todos completos.<\/p>\n\n\n\n<p>En <strong>Santa Isabel hubo una serie de actividades culturales <\/strong>con participantes de las localidades vecinas, lo que gener\u00f3 un buen movimiento local. En Macach\u00edn se celebraron los 120 a\u00f1os de la localidad y paralelamente se realiz\u00f3 un encuentro en el aeroclub local. Se llevaron a cabo distintas actividades, como exposici\u00f3n de aviones, vuelos de bautismo y exhibici\u00f3n de vuelos acrob\u00e1ticos con un buen n\u00famero de participantes.<\/p>\n\n\n\n<p>La localidad de <strong>La Adela inform\u00f3 una muy buena ocupaci\u00f3n hotelera promediando un 90%.<\/strong> Hubo varias actividades n\u00e1uticas programadas con gran n\u00famero de participantes&nbsp; seg\u00fan los prestadores tur\u00edsticos.&nbsp; <strong>En Uriburu, la laguna Ojo de Agua registr\u00f3 unas 400 visitas <\/strong>de distintas procedencia, varios pampeanos, pero tambi\u00e9n turistas de Mendoza, Buenos Aires, y Rio Negro.&nbsp;<\/p>\n\n\n\n<p>En el <strong>r\u00edo Colorado se llev\u00f3 a cabo una remada con alrededor de 100 kayakistas<\/strong>, organizada por un prestador privado habilitado. Las estancias que ofrecen servicios de turismo rural y alojamiento han manifestado muy buen nivel de ocupaci\u00f3n, algunas de ellas completas con todos sus servicios ocupados. Claramente es una modalidad muy demandada en esta \u00e9poca, con la posibilidad de disfrutar y descansar en un entorno natural y tranquilo, adem\u00e1s de una gastronom\u00eda de nivel muy apreciada.&nbsp; <\/p>\n\n\n\n<p>Algunos prestadores tur\u00edsticos con actividades programadas como es el caso de una remada por el r\u00edo Colorado que se realiz\u00f3 con alrededor de 100 kayakistas&nbsp;<\/p>\n","protected":false},"excerpt":{"rendered":"<p>De acuerdo al sondeo que realiza la Secretar\u00eda de Turismo de La Pampa, este fin de semana largo se registr\u00f3 un movimiento tur\u00edstico\/recreativo dispar, seg\u00fan lo informado por las localidades&hellip;<\/p>\n","protected":false},"author":4,"featured_media":207863,"comment_status":"closed","ping_status":"open","sticky":false,"template":"","format":"standard","meta":{"_acf_changed":false,"footnotes":""},"categories":[1,12],"tags":[],"class_list":["post-207861","post","type-post","status-publish","format-standard","has-post-thumbnail","hentry","category-es-noticia","category-sociedad"],"acf":[],"yoast_head":"<!-- This site is optimized with the Yoast SEO plugin v27.5 - https:\/\/yoast.com\/product\/yoast-seo-wordpress\/ -->\n<title>Turismo pampeano: registran distintos niveles de actividad durante el finde largo - Diario Textual<\/title>\n<meta name=\"robots\" content=\"index, follow, max-snippet:-1, max-image-preview:large, max-video-preview:-1\" \/>\n<link rel=\"canonical\" href=\"https:\/\/diariotextual.com\/inicio\/index.php\/2022\/11\/21\/turismo-pampeano-registran-distintos-niveles-de-actividad-durante-el-finde-lardo\/\" \/>\n<meta property=\"og:locale\" content=\"es_ES\" \/>\n<meta property=\"og:type\" content=\"article\" \/>\n<meta property=\"og:title\" content=\"Turismo pampeano: registran distintos niveles de actividad durante el finde largo - Diario Textual\" \/>\n<meta property=\"og:description\" content=\"De acuerdo al sondeo que realiza la Secretar\u00eda de Turismo de La Pampa, este fin de semana largo se registr\u00f3 un movimiento tur\u00edstico\/recreativo dispar, seg\u00fan lo informado por las localidades&hellip;\" \/>\n<meta property=\"og:url\" content=\"https:\/\/diariotextual.com\/inicio\/index.php\/2022\/11\/21\/turismo-pampeano-registran-distintos-niveles-de-actividad-durante-el-finde-lardo\/\" \/>\n<meta property=\"og:site_name\" content=\"Diario Textual\" \/>\n<meta property=\"article:publisher\" content=\"https:\/\/www.facebook.com\/eltextual\" \/>\n<meta property=\"article:published_time\" content=\"2022-11-22T02:25:49+00:00\" \/>\n<meta property=\"article:modified_time\" content=\"2022-11-22T14:15:43+00:00\" \/>\n<meta property=\"og:image\" content=\"https:\/\/diariotextual.com\/inicio\/wp-content\/uploads\/2022\/11\/autodromotoaytc2022.jpeg\" \/>\n\t<meta property=\"og:image:width\" content=\"1528\" \/>\n\t<meta property=\"og:image:height\" content=\"900\" \/>\n\t<meta property=\"og:image:type\" content=\"image\/jpeg\" \/>\n<meta name=\"author\" content=\"diario2\" \/>\n<meta name=\"twitter:card\" content=\"summary_large_image\" \/>\n<meta name=\"twitter:creator\" content=\"@eltextual\" \/>\n<meta name=\"twitter:site\" content=\"@eltextual\" \/>\n<meta name=\"twitter:label1\" content=\"Escrito por\" \/>\n\t<meta name=\"twitter:data1\" content=\"diario2\" \/>\n\t<meta name=\"twitter:label2\" content=\"Tiempo de lectura\" \/>\n\t<meta name=\"twitter:data2\" content=\"3 minutos\" \/>\n<script type=\"application\/ld+json\" class=\"yoast-schema-graph\">{\"@context\":\"https:\\\/\\\/schema.org\",\"@graph\":[{\"@type\":\"Article\",\"@id\":\"https:\\\/\\\/diariotextual.com\\\/inicio\\\/index.php\\\/2022\\\/11\\\/21\\\/turismo-pampeano-registran-distintos-niveles-de-actividad-durante-el-finde-lardo\\\/#article\",\"isPartOf\":{\"@id\":\"https:\\\/\\\/diariotextual.com\\\/inicio\\\/index.php\\\/2022\\\/11\\\/21\\\/turismo-pampeano-registran-distintos-niveles-de-actividad-durante-el-finde-lardo\\\/\"},\"author\":{\"name\":\"diario2\",\"@id\":\"https:\\\/\\\/diariotextual.com\\\/inicio\\\/#\\\/schema\\\/person\\\/694f60677f23c4a530867a98f22b3768\"},\"headline\":\"Turismo pampeano: registran distintos niveles de actividad durante el finde largo\",\"datePublished\":\"2022-11-22T02:25:49+00:00\",\"dateModified\":\"2022-11-22T14:15:43+00:00\",\"mainEntityOfPage\":{\"@id\":\"https:\\\/\\\/diariotextual.com\\\/inicio\\\/index.php\\\/2022\\\/11\\\/21\\\/turismo-pampeano-registran-distintos-niveles-de-actividad-durante-el-finde-lardo\\\/\"},\"wordCount\":646,\"publisher\":{\"@id\":\"https:\\\/\\\/diariotextual.com\\\/inicio\\\/#organization\"},\"image\":{\"@id\":\"https:\\\/\\\/diariotextual.com\\\/inicio\\\/index.php\\\/2022\\\/11\\\/21\\\/turismo-pampeano-registran-distintos-niveles-de-actividad-durante-el-finde-lardo\\\/#primaryimage\"},\"thumbnailUrl\":\"https:\\\/\\\/diariotextual.com\\\/inicio\\\/wp-content\\\/uploads\\\/2022\\\/11\\\/autodromotoaytc2022.jpeg\",\"articleSection\":[\"A - ES NOTICIA (van abajo)\",\"SOCIEDAD\"],\"inLanguage\":\"es\"},{\"@type\":\"WebPage\",\"@id\":\"https:\\\/\\\/diariotextual.com\\\/inicio\\\/index.php\\\/2022\\\/11\\\/21\\\/turismo-pampeano-registran-distintos-niveles-de-actividad-durante-el-finde-lardo\\\/\",\"url\":\"https:\\\/\\\/diariotextual.com\\\/inicio\\\/index.php\\\/2022\\\/11\\\/21\\\/turismo-pampeano-registran-distintos-niveles-de-actividad-durante-el-finde-lardo\\\/\",\"name\":\"Turismo pampeano: registran distintos niveles de actividad durante el finde largo - Diario Textual\",\"isPartOf\":{\"@id\":\"https:\\\/\\\/diariotextual.com\\\/inicio\\\/#website\"},\"primaryImageOfPage\":{\"@id\":\"https:\\\/\\\/diariotextual.com\\\/inicio\\\/index.php\\\/2022\\\/11\\\/21\\\/turismo-pampeano-registran-distintos-niveles-de-actividad-durante-el-finde-lardo\\\/#primaryimage\"},\"image\":{\"@id\":\"https:\\\/\\\/diariotextual.com\\\/inicio\\\/index.php\\\/2022\\\/11\\\/21\\\/turismo-pampeano-registran-distintos-niveles-de-actividad-durante-el-finde-lardo\\\/#primaryimage\"},\"thumbnailUrl\":\"https:\\\/\\\/diariotextual.com\\\/inicio\\\/wp-content\\\/uploads\\\/2022\\\/11\\\/autodromotoaytc2022.jpeg\",\"datePublished\":\"2022-11-22T02:25:49+00:00\",\"dateModified\":\"2022-11-22T14:15:43+00:00\",\"breadcrumb\":{\"@id\":\"https:\\\/\\\/diariotextual.com\\\/inicio\\\/index.php\\\/2022\\\/11\\\/21\\\/turismo-pampeano-registran-distintos-niveles-de-actividad-durante-el-finde-lardo\\\/#breadcrumb\"},\"inLanguage\":\"es\",\"potentialAction\":[{\"@type\":\"ReadAction\",\"target\":[\"https:\\\/\\\/diariotextual.com\\\/inicio\\\/index.php\\\/2022\\\/11\\\/21\\\/turismo-pampeano-registran-distintos-niveles-de-actividad-durante-el-finde-lardo\\\/\"]}]},{\"@type\":\"ImageObject\",\"inLanguage\":\"es\",\"@id\":\"https:\\\/\\\/diariotextual.com\\\/inicio\\\/index.php\\\/2022\\\/11\\\/21\\\/turismo-pampeano-registran-distintos-niveles-de-actividad-durante-el-finde-lardo\\\/#primaryimage\",\"url\":\"https:\\\/\\\/diariotextual.com\\\/inicio\\\/wp-content\\\/uploads\\\/2022\\\/11\\\/autodromotoaytc2022.jpeg\",\"contentUrl\":\"https:\\\/\\\/diariotextual.com\\\/inicio\\\/wp-content\\\/uploads\\\/2022\\\/11\\\/autodromotoaytc2022.jpeg\",\"width\":1528,\"height\":900},{\"@type\":\"BreadcrumbList\",\"@id\":\"https:\\\/\\\/diariotextual.com\\\/inicio\\\/index.php\\\/2022\\\/11\\\/21\\\/turismo-pampeano-registran-distintos-niveles-de-actividad-durante-el-finde-lardo\\\/#breadcrumb\",\"itemListElement\":[{\"@type\":\"ListItem\",\"position\":1,\"name\":\"Portada\",\"item\":\"https:\\\/\\\/diariotextual.com\\\/inicio\\\/\"},{\"@type\":\"ListItem\",\"position\":2,\"name\":\"Turismo pampeano: registran distintos niveles de actividad durante el finde largo\"}]},{\"@type\":\"WebSite\",\"@id\":\"https:\\\/\\\/diariotextual.com\\\/inicio\\\/#website\",\"url\":\"https:\\\/\\\/diariotextual.com\\\/inicio\\\/\",\"name\":\"Diario Textual\",\"description\":\"\",\"publisher\":{\"@id\":\"https:\\\/\\\/diariotextual.com\\\/inicio\\\/#organization\"},\"potentialAction\":[{\"@type\":\"SearchAction\",\"target\":{\"@type\":\"EntryPoint\",\"urlTemplate\":\"https:\\\/\\\/diariotextual.com\\\/inicio\\\/?s={search_term_string}\"},\"query-input\":{\"@type\":\"PropertyValueSpecification\",\"valueRequired\":true,\"valueName\":\"search_term_string\"}}],\"inLanguage\":\"es\"},{\"@type\":\"Organization\",\"@id\":\"https:\\\/\\\/diariotextual.com\\\/inicio\\\/#organization\",\"name\":\"Diario Textual\",\"url\":\"https:\\\/\\\/diariotextual.com\\\/inicio\\\/\",\"logo\":{\"@type\":\"ImageObject\",\"inLanguage\":\"es\",\"@id\":\"https:\\\/\\\/diariotextual.com\\\/inicio\\\/#\\\/schema\\\/logo\\\/image\\\/\",\"url\":\"https:\\\/\\\/diariotextual.com\\\/inicio\\\/wp-content\\\/uploads\\\/2023\\\/05\\\/logotextual1.jpg\",\"contentUrl\":\"https:\\\/\\\/diariotextual.com\\\/inicio\\\/wp-content\\\/uploads\\\/2023\\\/05\\\/logotextual1.jpg\",\"width\":516,\"height\":76,\"caption\":\"Diario Textual\"},\"image\":{\"@id\":\"https:\\\/\\\/diariotextual.com\\\/inicio\\\/#\\\/schema\\\/logo\\\/image\\\/\"},\"sameAs\":[\"https:\\\/\\\/www.facebook.com\\\/eltextual\",\"https:\\\/\\\/x.com\\\/eltextual\",\"http:\\\/\\\/www.instagram.com\\\/eltextual\"]},{\"@type\":\"Person\",\"@id\":\"https:\\\/\\\/diariotextual.com\\\/inicio\\\/#\\\/schema\\\/person\\\/694f60677f23c4a530867a98f22b3768\",\"name\":\"diario2\",\"image\":{\"@type\":\"ImageObject\",\"inLanguage\":\"es\",\"@id\":\"https:\\\/\\\/secure.gravatar.com\\\/avatar\\\/5a2567495ba16b852fcd8f1ed006a2e24fcace936018ed8237e95f488ad6e0a7?s=96&d=mm&r=g\",\"url\":\"https:\\\/\\\/secure.gravatar.com\\\/avatar\\\/5a2567495ba16b852fcd8f1ed006a2e24fcace936018ed8237e95f488ad6e0a7?s=96&d=mm&r=g\",\"contentUrl\":\"https:\\\/\\\/secure.gravatar.com\\\/avatar\\\/5a2567495ba16b852fcd8f1ed006a2e24fcace936018ed8237e95f488ad6e0a7?s=96&d=mm&r=g\",\"caption\":\"diario2\"},\"url\":\"https:\\\/\\\/diariotextual.com\\\/inicio\\\/index.php\\\/author\\\/diario2\\\/\"}]}<\/script>\n<!-- \/ Yoast SEO plugin. -->","yoast_head_json":{"title":"Turismo pampeano: registran distintos niveles de actividad durante el finde largo - Diario Textual","robots":{"index":"index","follow":"follow","max-snippet":"max-snippet:-1","max-image-preview":"max-image-preview:large","max-video-preview":"max-video-preview:-1"},"canonical":"https:\/\/diariotextual.com\/inicio\/index.php\/2022\/11\/21\/turismo-pampeano-registran-distintos-niveles-de-actividad-durante-el-finde-lardo\/","og_locale":"es_ES","og_type":"article","og_title":"Turismo pampeano: registran distintos niveles de actividad durante el finde largo - Diario Textual","og_description":"De acuerdo al sondeo que realiza la Secretar\u00eda de Turismo de La Pampa, este fin de semana largo se registr\u00f3 un movimiento tur\u00edstico\/recreativo dispar, seg\u00fan lo informado por las localidades&hellip;","og_url":"https:\/\/diariotextual.com\/inicio\/index.php\/2022\/11\/21\/turismo-pampeano-registran-distintos-niveles-de-actividad-durante-el-finde-lardo\/","og_site_name":"Diario Textual","article_publisher":"https:\/\/www.facebook.com\/eltextual","article_published_time":"2022-11-22T02:25:49+00:00","article_modified_time":"2022-11-22T14:15:43+00:00","og_image":[{"width":1528,"height":900,"url":"https:\/\/diariotextual.com\/inicio\/wp-content\/uploads\/2022\/11\/autodromotoaytc2022.jpeg","type":"image\/jpeg"}],"author":"diario2","twitter_card":"summary_large_image","twitter_creator":"@eltextual","twitter_site":"@eltextual","twitter_misc":{"Escrito por":"diario2","Tiempo de lectura":"3 minutos"},"schema":{"@context":"https:\/\/schema.org","@graph":[{"@type":"Article","@id":"https:\/\/diariotextual.com\/inicio\/index.php\/2022\/11\/21\/turismo-pampeano-registran-distintos-niveles-de-actividad-durante-el-finde-lardo\/#article","isPartOf":{"@id":"https:\/\/diariotextual.com\/inicio\/index.php\/2022\/11\/21\/turismo-pampeano-registran-distintos-niveles-de-actividad-durante-el-finde-lardo\/"},"author":{"name":"diario2","@id":"https:\/\/diariotextual.com\/inicio\/#\/schema\/person\/694f60677f23c4a530867a98f22b3768"},"headline":"Turismo pampeano: registran distintos niveles de actividad durante el finde largo","datePublished":"2022-11-22T02:25:49+00:00","dateModified":"2022-11-22T14:15:43+00:00","mainEntityOfPage":{"@id":"https:\/\/diariotextual.com\/inicio\/index.php\/2022\/11\/21\/turismo-pampeano-registran-distintos-niveles-de-actividad-durante-el-finde-lardo\/"},"wordCount":646,"publisher":{"@id":"https:\/\/diariotextual.com\/inicio\/#organization"},"image":{"@id":"https:\/\/diariotextual.com\/inicio\/index.php\/2022\/11\/21\/turismo-pampeano-registran-distintos-niveles-de-actividad-durante-el-finde-lardo\/#primaryimage"},"thumbnailUrl":"https:\/\/diariotextual.com\/inicio\/wp-content\/uploads\/2022\/11\/autodromotoaytc2022.jpeg","articleSection":["A - ES NOTICIA (van abajo)","SOCIEDAD"],"inLanguage":"es"},{"@type":"WebPage","@id":"https:\/\/diariotextual.com\/inicio\/index.php\/2022\/11\/21\/turismo-pampeano-registran-distintos-niveles-de-actividad-durante-el-finde-lardo\/","url":"https:\/\/diariotextual.com\/inicio\/index.php\/2022\/11\/21\/turismo-pampeano-registran-distintos-niveles-de-actividad-durante-el-finde-lardo\/","name":"Turismo pampeano: registran distintos niveles de actividad durante el finde largo - Diario Textual","isPartOf":{"@id":"https:\/\/diariotextual.com\/inicio\/#website"},"primaryImageOfPage":{"@id":"https:\/\/diariotextual.com\/inicio\/index.php\/2022\/11\/21\/turismo-pampeano-registran-distintos-niveles-de-actividad-durante-el-finde-lardo\/#primaryimage"},"image":{"@id":"https:\/\/diariotextual.com\/inicio\/index.php\/2022\/11\/21\/turismo-pampeano-registran-distintos-niveles-de-actividad-durante-el-finde-lardo\/#primaryimage"},"thumbnailUrl":"https:\/\/diariotextual.com\/inicio\/wp-content\/uploads\/2022\/11\/autodromotoaytc2022.jpeg","datePublished":"2022-11-22T02:25:49+00:00","dateModified":"2022-11-22T14:15:43+00:00","breadcrumb":{"@id":"https:\/\/diariotextual.com\/inicio\/index.php\/2022\/11\/21\/turismo-pampeano-registran-distintos-niveles-de-actividad-durante-el-finde-lardo\/#breadcrumb"},"inLanguage":"es","potentialAction":[{"@type":"ReadAction","target":["https:\/\/diariotextual.com\/inicio\/index.php\/2022\/11\/21\/turismo-pampeano-registran-distintos-niveles-de-actividad-durante-el-finde-lardo\/"]}]},{"@type":"ImageObject","inLanguage":"es","@id":"https:\/\/diariotextual.com\/inicio\/index.php\/2022\/11\/21\/turismo-pampeano-registran-distintos-niveles-de-actividad-durante-el-finde-lardo\/#primaryimage","url":"https:\/\/diariotextual.com\/inicio\/wp-content\/uploads\/2022\/11\/autodromotoaytc2022.jpeg","contentUrl":"https:\/\/diariotextual.com\/inicio\/wp-content\/uploads\/2022\/11\/autodromotoaytc2022.jpeg","width":1528,"height":900},{"@type":"BreadcrumbList","@id":"https:\/\/diariotextual.com\/inicio\/index.php\/2022\/11\/21\/turismo-pampeano-registran-distintos-niveles-de-actividad-durante-el-finde-lardo\/#breadcrumb","itemListElement":[{"@type":"ListItem","position":1,"name":"Portada","item":"https:\/\/diariotextual.com\/inicio\/"},{"@type":"ListItem","position":2,"name":"Turismo pampeano: registran distintos niveles de actividad durante el finde largo"}]},{"@type":"WebSite","@id":"https:\/\/diariotextual.com\/inicio\/#website","url":"https:\/\/diariotextual.com\/inicio\/","name":"Diario Textual","description":"","publisher":{"@id":"https:\/\/diariotextual.com\/inicio\/#organization"},"potentialAction":[{"@type":"SearchAction","target":{"@type":"EntryPoint","urlTemplate":"https:\/\/diariotextual.com\/inicio\/?s={search_term_string}"},"query-input":{"@type":"PropertyValueSpecification","valueRequired":true,"valueName":"search_term_string"}}],"inLanguage":"es"},{"@type":"Organization","@id":"https:\/\/diariotextual.com\/inicio\/#organization","name":"Diario Textual","url":"https:\/\/diariotextual.com\/inicio\/","logo":{"@type":"ImageObject","inLanguage":"es","@id":"https:\/\/diariotextual.com\/inicio\/#\/schema\/logo\/image\/","url":"https:\/\/diariotextual.com\/inicio\/wp-content\/uploads\/2023\/05\/logotextual1.jpg","contentUrl":"https:\/\/diariotextual.com\/inicio\/wp-content\/uploads\/2023\/05\/logotextual1.jpg","width":516,"height":76,"caption":"Diario Textual"},"image":{"@id":"https:\/\/diariotextual.com\/inicio\/#\/schema\/logo\/image\/"},"sameAs":["https:\/\/www.facebook.com\/eltextual","https:\/\/x.com\/eltextual","http:\/\/www.instagram.com\/eltextual"]},{"@type":"Person","@id":"https:\/\/diariotextual.com\/inicio\/#\/schema\/person\/694f60677f23c4a530867a98f22b3768","name":"diario2","image":{"@type":"ImageObject","inLanguage":"es","@id":"https:\/\/secure.gravatar.com\/avatar\/5a2567495ba16b852fcd8f1ed006a2e24fcace936018ed8237e95f488ad6e0a7?s=96&d=mm&r=g","url":"https:\/\/secure.gravatar.com\/avatar\/5a2567495ba16b852fcd8f1ed006a2e24fcace936018ed8237e95f488ad6e0a7?s=96&d=mm&r=g","contentUrl":"https:\/\/secure.gravatar.com\/avatar\/5a2567495ba16b852fcd8f1ed006a2e24fcace936018ed8237e95f488ad6e0a7?s=96&d=mm&r=g","caption":"diario2"},"url":"https:\/\/diariotextual.com\/inicio\/index.php\/author\/diario2\/"}]}},"_links":{"self":[{"href":"https:\/\/diariotextual.com\/inicio\/index.php\/wp-json\/wp\/v2\/posts\/207861","targetHints":{"allow":["GET"]}}],"collection":[{"href":"https:\/\/diariotextual.com\/inicio\/index.php\/wp-json\/wp\/v2\/posts"}],"about":[{"href":"https:\/\/diariotextual.com\/inicio\/index.php\/wp-json\/wp\/v2\/types\/post"}],"author":[{"embeddable":true,"href":"https:\/\/diariotextual.com\/inicio\/index.php\/wp-json\/wp\/v2\/users\/4"}],"replies":[{"embeddable":true,"href":"https:\/\/diariotextual.com\/inicio\/index.php\/wp-json\/wp\/v2\/comments?post=207861"}],"version-history":[{"count":3,"href":"https:\/\/diariotextual.com\/inicio\/index.php\/wp-json\/wp\/v2\/posts\/207861\/revisions"}],"predecessor-version":[{"id":207871,"href":"https:\/\/diariotextual.com\/inicio\/index.php\/wp-json\/wp\/v2\/posts\/207861\/revisions\/207871"}],"wp:featuredmedia":[{"embeddable":true,"href":"https:\/\/diariotextual.com\/inicio\/index.php\/wp-json\/wp\/v2\/media\/207863"}],"wp:attachment":[{"href":"https:\/\/diariotextual.com\/inicio\/index.php\/wp-json\/wp\/v2\/media?parent=207861"}],"wp:term":[{"taxonomy":"category","embeddable":true,"href":"https:\/\/diariotextual.com\/inicio\/index.php\/wp-json\/wp\/v2\/categories?post=207861"},{"taxonomy":"post_tag","embeddable":true,"href":"https:\/\/diariotextual.com\/inicio\/index.php\/wp-json\/wp\/v2\/tags?post=207861"}],"curies":[{"name":"wp","href":"https:\/\/api.w.org\/{rel}","templated":true}]}}