{"id":207946,"date":"2022-11-23T16:14:00","date_gmt":"2022-11-23T19:14:00","guid":{"rendered":"https:\/\/diariotextual.com\/inicio\/?p=207946"},"modified":"2022-11-24T08:11:07","modified_gmt":"2022-11-24T11:11:07","slug":"el-ministro-de-transporte-inaugura-la-reapertura-del-aeropuerto-de-santa-rosa","status":"publish","type":"post","link":"https:\/\/diariotextual.com\/inicio\/index.php\/2022\/11\/23\/el-ministro-de-transporte-inaugura-la-reapertura-del-aeropuerto-de-santa-rosa\/","title":{"rendered":"Inauguraron obras y reabri\u00f3 el aeropuerto de Santa Rosa"},"content":{"rendered":"\n<p>El gobernador de La Pampa, Sergio Ziliotto, y el secretario de Transporte de la Naci\u00f3n, Diego Giuliano, encabezaron este mi\u00e9rcoles la reapertura del aeropuerto de Santa Rosa luego de completarse las obras en la pista, rodajes y el nuevo sistema de balizamiento, con una inversi\u00f3n de $1.300.000.000.<\/p>\n\n\n\n<p>En un principio se esperaba la llegada del ministro de Transporte, Alexis Guerrera, pero luego se anunci\u00f3 que el funcionario nacional no vendr\u00e1 y en su lugar estuvo Diego Giuliano, secretario del \u00e1rea. <\/p>\n\n\n\n<p>Las obras est\u00e1n enmarcadas en el Plan de Modernizaci\u00f3n del Transporte y se iniciaron en el mes de septiembre de este a\u00f1o, con una inversi\u00f3n de $1.300.000.000. Los trabajos permiten extender la vida \u00fatil de la pista, los rodajes y la plataforma, elevando los niveles de seguridad para la operaci\u00f3n y permitiendo operar durante las 24 horas.<\/p>\n\n\n\n<figure class=\"wp-block-image size-large is-resized\"><img fetchpriority=\"high\" decoding=\"async\" src=\"https:\/\/diariotextual.com\/inicio\/wp-content\/uploads\/2022\/11\/reaperturaaeropuerto-1024x683.jpg\" alt=\"\" class=\"wp-image-208011\" width=\"827\" height=\"552\" srcset=\"https:\/\/diariotextual.com\/inicio\/wp-content\/uploads\/2022\/11\/reaperturaaeropuerto-1024x683.jpg 1024w, https:\/\/diariotextual.com\/inicio\/wp-content\/uploads\/2022\/11\/reaperturaaeropuerto-300x200.jpg 300w, https:\/\/diariotextual.com\/inicio\/wp-content\/uploads\/2022\/11\/reaperturaaeropuerto-768x512.jpg 768w, https:\/\/diariotextual.com\/inicio\/wp-content\/uploads\/2022\/11\/reaperturaaeropuerto-1536x1024.jpg 1536w, https:\/\/diariotextual.com\/inicio\/wp-content\/uploads\/2022\/11\/reaperturaaeropuerto-1170x780.jpg 1170w, https:\/\/diariotextual.com\/inicio\/wp-content\/uploads\/2022\/11\/reaperturaaeropuerto-585x390.jpg 585w, https:\/\/diariotextual.com\/inicio\/wp-content\/uploads\/2022\/11\/reaperturaaeropuerto-263x175.jpg 263w, https:\/\/diariotextual.com\/inicio\/wp-content\/uploads\/2022\/11\/reaperturaaeropuerto.jpg 1920w\" sizes=\"(max-width: 827px) 100vw, 827px\" \/><\/figure>\n\n\n\n<p>El aeropuerto comenz\u00f3 a operar el pasado 6 de noviembre, luego de dos meses y medio de estar cerrado por obras.&nbsp; La empresa al frente de las obras comenz\u00f3 los trabajos el pasado 1\u00b0 de agosto. En un principio los aviones pudieron operar, pero una vez que se levant\u00f3 el asfalto de la pista, el aeropuerto estuvo cerrado por completo. A su vez, otra firma trabaj\u00f3 en el cambio del cableado de la iluminaci\u00f3n. <\/p>\n\n\n\n<p>\u201cDesde el Ministerio de Transporte, el ministro Alexis Guerrera fue art\u00edfice junto al gobernador de llevar adelante esto. Es el aeropuerto n\u00famero 25 donde ya finalizamos las obras, y estamos por ejecutar 15 obras m\u00e1s en el resto de los aeropuertos. Esa es nuestra idea, construir un pa\u00eds que se conecta, se vincula, se desarrolla, produce y es lo que los argentinos y argentinas nos merecemos\u201d, dijo Giuliano.<\/p>\n\n\n\n<p>\u201cTenemos una visi\u00f3n federal y por eso, hoy estamos inaugurando una obra del Gobierno nacional, con una presencia provincial muy fuerte. Estamos muy contentos porque est\u00e1 pista que se renueva hoy, junto a la inversi\u00f3n para ampliar la terminal, se relacionan al pa\u00eds que tiene que integrarse, desarrollarse y conectarse y que es uno de los grandes desaf\u00edos de nuestra gesti\u00f3n\u201d, agreg\u00f3.<\/p>\n\n\n\n<figure class=\"wp-block-image size-large is-resized\"><img decoding=\"async\" src=\"https:\/\/diariotextual.com\/inicio\/wp-content\/uploads\/2022\/11\/reaperturaaeropuerto1-1024x682.jpg\" alt=\"\" class=\"wp-image-208013\" width=\"825\" height=\"549\" srcset=\"https:\/\/diariotextual.com\/inicio\/wp-content\/uploads\/2022\/11\/reaperturaaeropuerto1-1024x682.jpg 1024w, https:\/\/diariotextual.com\/inicio\/wp-content\/uploads\/2022\/11\/reaperturaaeropuerto1-300x200.jpg 300w, https:\/\/diariotextual.com\/inicio\/wp-content\/uploads\/2022\/11\/reaperturaaeropuerto1-768x512.jpg 768w, https:\/\/diariotextual.com\/inicio\/wp-content\/uploads\/2022\/11\/reaperturaaeropuerto1-1536x1023.jpg 1536w, https:\/\/diariotextual.com\/inicio\/wp-content\/uploads\/2022\/11\/reaperturaaeropuerto1-2048x1364.jpg 2048w, https:\/\/diariotextual.com\/inicio\/wp-content\/uploads\/2022\/11\/reaperturaaeropuerto1-1170x779.jpg 1170w, https:\/\/diariotextual.com\/inicio\/wp-content\/uploads\/2022\/11\/reaperturaaeropuerto1-585x390.jpg 585w, https:\/\/diariotextual.com\/inicio\/wp-content\/uploads\/2022\/11\/reaperturaaeropuerto1-263x175.jpg 263w\" sizes=\"(max-width: 825px) 100vw, 825px\" \/><\/figure>\n\n\n\n<p>Ziliotto, en tanto, dijo: \u201cEs una enorme alegr\u00eda que est\u00e9n en La Pampa, recorriendo la provincia y llevando soluciones a la demanda que tiene la sociedad en el marco de una Argentina federal. Esta inauguraci\u00f3n representa un aporte para el desarrollo arm\u00f3nico y equilibrado de la Naci\u00f3n, en un plan integral que alienta al desarrollo econ\u00f3mico y promueve el turismo\u201d.<\/p>\n\n\n\n<p>Por su parte, el CEO de Aeropuertos Argentina 2000, Daniel Ketchibachian en la apertura del acto expres\u00f3: \u201cPara nosotros es un orgullo inaugurar esta obra planificada en pandemia. Una pista no se ve, pero es seguridad operacional. Este es un importante trabajo coordinado entre lo p\u00fablico y lo privado\u201d.<\/p>\n\n\n\n<p>Finalmente el vicepresidente de ORSNA, Fernando Muriel, dijo: \u201cLa inauguraci\u00f3n de hoy no se hubiera podido hacer sin la cl\u00e1usula de extensi\u00f3n del contrato porque el macrismo hab\u00eda gastado casi todo el presupuesto en el AMBA dejando a muchos aeropuertos del interior sin ninguna intervenci\u00f3n del Estado o el privado. Por eso, desde que asumimos la gesti\u00f3n tuvimos una mirada federal, con obras en m\u00e1s de 24 aeropuertos del pa\u00eds\u201d.<\/p>\n\n\n\n<p>El mejoramiento en pista, rodaje y plataforma, sumado al nuevo sistema de balizamiento LED de \u00faltima generaci\u00f3n de alta intensidad, potenciar\u00e1n los niveles de seguridad operacional que permitan tener los servicios activos durante las 24 horas. Adem\u00e1s, se instal\u00f3 un nuevo sistema de iluminaci\u00f3n de la plataforma, siguiendo las recomendaciones de la OACI para las exigencias del tr\u00e1fico a\u00e9reo actual y futuro, a fin de favorecer las actividades aeroportuarias, y aumentar la seguridad operativa del aeropuerto. Adem\u00e1s, se est\u00e1 ampliando la terminal de pasajeros que estar\u00e1 inaugurada pr\u00f3ximamente.<\/p>\n\n\n\n<p>Vale recordar que en este mismo aeropuerto ya se hab\u00eda realizado la instalaci\u00f3n y puesta en servicio de un nuevo sistema ILS en diciembre de 2021. Adem\u00e1s, el Ministerio de Transporte se encuentra haciendo 20 obras m\u00e1s en 15 aeropuertos de todo el pa\u00eds.<\/p>\n\n\n\n<p><strong>EL AEROPUERTO DE LA PAMPA TENDR\u00c1 UNA NUEVA TERMINAL DE PASAJEROS<\/strong><\/p>\n\n\n\n<p>Para beneficiar a 3000 pasajeros y pasajeras mensuales, el ministerio de Transporte, junto al Organismo Regulador del Sistema Nacional de Aeropuertos (ORSNA) y Aeropuertos Argentina 2000 est\u00e1 llevando adelante la ampliaci\u00f3n de la terminal en el aeropuerto de La Pampa.<\/p>\n\n\n\n<p>En este sentido, esta obra de la terminal de pasajeros pertenece a una segunda etapa de obras que est\u00e1 en ejecuci\u00f3n actualmente y que se estima que se terminar\u00e1 en marzo de 2023. Con la misma pr\u00e1cticamente se triplicar\u00e1 el tama\u00f1o actual de la terminal (pasar\u00e1 de 460m2 a 1300m2) y se construir\u00e1 una nueva sala de preembarque (que en la actualidad no posee) y una nueva sala de arribos con una cinta de equipaje.<\/p>\n\n\n\n<figure class=\"wp-block-image size-full\"><img decoding=\"async\" width=\"1000\" height=\"666\" src=\"https:\/\/diariotextual.com\/inicio\/wp-content\/uploads\/2022\/11\/aeropuertosantarosainauguracionpista6555.jpg\" alt=\"\" class=\"wp-image-208002\" srcset=\"https:\/\/diariotextual.com\/inicio\/wp-content\/uploads\/2022\/11\/aeropuertosantarosainauguracionpista6555.jpg 1000w, https:\/\/diariotextual.com\/inicio\/wp-content\/uploads\/2022\/11\/aeropuertosantarosainauguracionpista6555-300x200.jpg 300w, https:\/\/diariotextual.com\/inicio\/wp-content\/uploads\/2022\/11\/aeropuertosantarosainauguracionpista6555-768x511.jpg 768w, https:\/\/diariotextual.com\/inicio\/wp-content\/uploads\/2022\/11\/aeropuertosantarosainauguracionpista6555-585x390.jpg 585w, https:\/\/diariotextual.com\/inicio\/wp-content\/uploads\/2022\/11\/aeropuertosantarosainauguracionpista6555-263x175.jpg 263w\" sizes=\"(max-width: 1000px) 100vw, 1000px\" \/><\/figure>\n\n\n\n<figure class=\"wp-block-image size-full\"><img loading=\"lazy\" decoding=\"async\" width=\"1000\" height=\"667\" src=\"https:\/\/diariotextual.com\/inicio\/wp-content\/uploads\/2022\/11\/aeropuertosantarosareaperturapisssta433.jpg\" alt=\"\" class=\"wp-image-208004\" srcset=\"https:\/\/diariotextual.com\/inicio\/wp-content\/uploads\/2022\/11\/aeropuertosantarosareaperturapisssta433.jpg 1000w, https:\/\/diariotextual.com\/inicio\/wp-content\/uploads\/2022\/11\/aeropuertosantarosareaperturapisssta433-300x200.jpg 300w, https:\/\/diariotextual.com\/inicio\/wp-content\/uploads\/2022\/11\/aeropuertosantarosareaperturapisssta433-768x512.jpg 768w, https:\/\/diariotextual.com\/inicio\/wp-content\/uploads\/2022\/11\/aeropuertosantarosareaperturapisssta433-585x390.jpg 585w, https:\/\/diariotextual.com\/inicio\/wp-content\/uploads\/2022\/11\/aeropuertosantarosareaperturapisssta433-263x175.jpg 263w\" sizes=\"(max-width: 1000px) 100vw, 1000px\" \/><\/figure>\n","protected":false},"excerpt":{"rendered":"<p>El gobernador de La Pampa, Sergio Ziliotto, y el secretario de Transporte de la Naci\u00f3n, Diego Giuliano, encabezaron este mi\u00e9rcoles la reapertura del aeropuerto de Santa Rosa luego de completarse&hellip;<\/p>\n","protected":false},"author":4,"featured_media":207987,"comment_status":"closed","ping_status":"open","sticky":false,"template":"","format":"standard","meta":{"_acf_changed":false,"footnotes":""},"categories":[11,12],"tags":[],"class_list":["post-207946","post","type-post","status-publish","format-standard","has-post-thumbnail","hentry","category-que-pasa","category-sociedad"],"acf":[],"yoast_head":"<!-- This site is optimized with the Yoast SEO plugin v27.5 - https:\/\/yoast.com\/product\/yoast-seo-wordpress\/ -->\n<title>Inauguraron obras y reabri\u00f3 el aeropuerto de Santa Rosa - Diario Textual<\/title>\n<meta name=\"robots\" content=\"index, follow, max-snippet:-1, max-image-preview:large, max-video-preview:-1\" \/>\n<link rel=\"canonical\" href=\"https:\/\/diariotextual.com\/inicio\/index.php\/2022\/11\/23\/el-ministro-de-transporte-inaugura-la-reapertura-del-aeropuerto-de-santa-rosa\/\" \/>\n<meta property=\"og:locale\" content=\"es_ES\" \/>\n<meta property=\"og:type\" content=\"article\" \/>\n<meta property=\"og:title\" content=\"Inauguraron obras y reabri\u00f3 el aeropuerto de Santa Rosa - Diario Textual\" \/>\n<meta property=\"og:description\" content=\"El gobernador de La Pampa, Sergio Ziliotto, y el secretario de Transporte de la Naci\u00f3n, Diego Giuliano, encabezaron este mi\u00e9rcoles la reapertura del aeropuerto de Santa Rosa luego de completarse&hellip;\" \/>\n<meta property=\"og:url\" content=\"https:\/\/diariotextual.com\/inicio\/index.php\/2022\/11\/23\/el-ministro-de-transporte-inaugura-la-reapertura-del-aeropuerto-de-santa-rosa\/\" \/>\n<meta property=\"og:site_name\" content=\"Diario Textual\" \/>\n<meta property=\"article:publisher\" content=\"https:\/\/www.facebook.com\/eltextual\" \/>\n<meta property=\"article:published_time\" content=\"2022-11-23T19:14:00+00:00\" \/>\n<meta property=\"article:modified_time\" content=\"2022-11-24T11:11:07+00:00\" \/>\n<meta property=\"og:image\" content=\"https:\/\/diariotextual.com\/inicio\/wp-content\/uploads\/2022\/11\/IMG-20221123-WA0024.jpg\" \/>\n\t<meta property=\"og:image:width\" content=\"1504\" \/>\n\t<meta property=\"og:image:height\" content=\"1004\" \/>\n\t<meta property=\"og:image:type\" content=\"image\/jpeg\" \/>\n<meta name=\"author\" content=\"diario2\" \/>\n<meta name=\"twitter:card\" content=\"summary_large_image\" \/>\n<meta name=\"twitter:creator\" content=\"@eltextual\" \/>\n<meta name=\"twitter:site\" content=\"@eltextual\" \/>\n<meta name=\"twitter:label1\" content=\"Escrito por\" \/>\n\t<meta name=\"twitter:data1\" content=\"diario2\" \/>\n\t<meta name=\"twitter:label2\" content=\"Tiempo de lectura\" \/>\n\t<meta name=\"twitter:data2\" content=\"5 minutos\" \/>\n<script type=\"application\/ld+json\" class=\"yoast-schema-graph\">{\"@context\":\"https:\\\/\\\/schema.org\",\"@graph\":[{\"@type\":\"Article\",\"@id\":\"https:\\\/\\\/diariotextual.com\\\/inicio\\\/index.php\\\/2022\\\/11\\\/23\\\/el-ministro-de-transporte-inaugura-la-reapertura-del-aeropuerto-de-santa-rosa\\\/#article\",\"isPartOf\":{\"@id\":\"https:\\\/\\\/diariotextual.com\\\/inicio\\\/index.php\\\/2022\\\/11\\\/23\\\/el-ministro-de-transporte-inaugura-la-reapertura-del-aeropuerto-de-santa-rosa\\\/\"},\"author\":{\"name\":\"diario2\",\"@id\":\"https:\\\/\\\/diariotextual.com\\\/inicio\\\/#\\\/schema\\\/person\\\/694f60677f23c4a530867a98f22b3768\"},\"headline\":\"Inauguraron obras y reabri\u00f3 el aeropuerto de Santa Rosa\",\"datePublished\":\"2022-11-23T19:14:00+00:00\",\"dateModified\":\"2022-11-24T11:11:07+00:00\",\"mainEntityOfPage\":{\"@id\":\"https:\\\/\\\/diariotextual.com\\\/inicio\\\/index.php\\\/2022\\\/11\\\/23\\\/el-ministro-de-transporte-inaugura-la-reapertura-del-aeropuerto-de-santa-rosa\\\/\"},\"wordCount\":822,\"publisher\":{\"@id\":\"https:\\\/\\\/diariotextual.com\\\/inicio\\\/#organization\"},\"image\":{\"@id\":\"https:\\\/\\\/diariotextual.com\\\/inicio\\\/index.php\\\/2022\\\/11\\\/23\\\/el-ministro-de-transporte-inaugura-la-reapertura-del-aeropuerto-de-santa-rosa\\\/#primaryimage\"},\"thumbnailUrl\":\"https:\\\/\\\/diariotextual.com\\\/inicio\\\/wp-content\\\/uploads\\\/2022\\\/11\\\/IMG-20221123-WA0024.jpg\",\"articleSection\":[\"A - QUE PASA (al costado)\",\"SOCIEDAD\"],\"inLanguage\":\"es\"},{\"@type\":\"WebPage\",\"@id\":\"https:\\\/\\\/diariotextual.com\\\/inicio\\\/index.php\\\/2022\\\/11\\\/23\\\/el-ministro-de-transporte-inaugura-la-reapertura-del-aeropuerto-de-santa-rosa\\\/\",\"url\":\"https:\\\/\\\/diariotextual.com\\\/inicio\\\/index.php\\\/2022\\\/11\\\/23\\\/el-ministro-de-transporte-inaugura-la-reapertura-del-aeropuerto-de-santa-rosa\\\/\",\"name\":\"Inauguraron obras y reabri\u00f3 el aeropuerto de Santa Rosa - Diario Textual\",\"isPartOf\":{\"@id\":\"https:\\\/\\\/diariotextual.com\\\/inicio\\\/#website\"},\"primaryImageOfPage\":{\"@id\":\"https:\\\/\\\/diariotextual.com\\\/inicio\\\/index.php\\\/2022\\\/11\\\/23\\\/el-ministro-de-transporte-inaugura-la-reapertura-del-aeropuerto-de-santa-rosa\\\/#primaryimage\"},\"image\":{\"@id\":\"https:\\\/\\\/diariotextual.com\\\/inicio\\\/index.php\\\/2022\\\/11\\\/23\\\/el-ministro-de-transporte-inaugura-la-reapertura-del-aeropuerto-de-santa-rosa\\\/#primaryimage\"},\"thumbnailUrl\":\"https:\\\/\\\/diariotextual.com\\\/inicio\\\/wp-content\\\/uploads\\\/2022\\\/11\\\/IMG-20221123-WA0024.jpg\",\"datePublished\":\"2022-11-23T19:14:00+00:00\",\"dateModified\":\"2022-11-24T11:11:07+00:00\",\"breadcrumb\":{\"@id\":\"https:\\\/\\\/diariotextual.com\\\/inicio\\\/index.php\\\/2022\\\/11\\\/23\\\/el-ministro-de-transporte-inaugura-la-reapertura-del-aeropuerto-de-santa-rosa\\\/#breadcrumb\"},\"inLanguage\":\"es\",\"potentialAction\":[{\"@type\":\"ReadAction\",\"target\":[\"https:\\\/\\\/diariotextual.com\\\/inicio\\\/index.php\\\/2022\\\/11\\\/23\\\/el-ministro-de-transporte-inaugura-la-reapertura-del-aeropuerto-de-santa-rosa\\\/\"]}]},{\"@type\":\"ImageObject\",\"inLanguage\":\"es\",\"@id\":\"https:\\\/\\\/diariotextual.com\\\/inicio\\\/index.php\\\/2022\\\/11\\\/23\\\/el-ministro-de-transporte-inaugura-la-reapertura-del-aeropuerto-de-santa-rosa\\\/#primaryimage\",\"url\":\"https:\\\/\\\/diariotextual.com\\\/inicio\\\/wp-content\\\/uploads\\\/2022\\\/11\\\/IMG-20221123-WA0024.jpg\",\"contentUrl\":\"https:\\\/\\\/diariotextual.com\\\/inicio\\\/wp-content\\\/uploads\\\/2022\\\/11\\\/IMG-20221123-WA0024.jpg\",\"width\":1504,\"height\":1004},{\"@type\":\"BreadcrumbList\",\"@id\":\"https:\\\/\\\/diariotextual.com\\\/inicio\\\/index.php\\\/2022\\\/11\\\/23\\\/el-ministro-de-transporte-inaugura-la-reapertura-del-aeropuerto-de-santa-rosa\\\/#breadcrumb\",\"itemListElement\":[{\"@type\":\"ListItem\",\"position\":1,\"name\":\"Portada\",\"item\":\"https:\\\/\\\/diariotextual.com\\\/inicio\\\/\"},{\"@type\":\"ListItem\",\"position\":2,\"name\":\"Inauguraron obras y reabri\u00f3 el aeropuerto de Santa Rosa\"}]},{\"@type\":\"WebSite\",\"@id\":\"https:\\\/\\\/diariotextual.com\\\/inicio\\\/#website\",\"url\":\"https:\\\/\\\/diariotextual.com\\\/inicio\\\/\",\"name\":\"Diario Textual\",\"description\":\"\",\"publisher\":{\"@id\":\"https:\\\/\\\/diariotextual.com\\\/inicio\\\/#organization\"},\"potentialAction\":[{\"@type\":\"SearchAction\",\"target\":{\"@type\":\"EntryPoint\",\"urlTemplate\":\"https:\\\/\\\/diariotextual.com\\\/inicio\\\/?s={search_term_string}\"},\"query-input\":{\"@type\":\"PropertyValueSpecification\",\"valueRequired\":true,\"valueName\":\"search_term_string\"}}],\"inLanguage\":\"es\"},{\"@type\":\"Organization\",\"@id\":\"https:\\\/\\\/diariotextual.com\\\/inicio\\\/#organization\",\"name\":\"Diario Textual\",\"url\":\"https:\\\/\\\/diariotextual.com\\\/inicio\\\/\",\"logo\":{\"@type\":\"ImageObject\",\"inLanguage\":\"es\",\"@id\":\"https:\\\/\\\/diariotextual.com\\\/inicio\\\/#\\\/schema\\\/logo\\\/image\\\/\",\"url\":\"https:\\\/\\\/diariotextual.com\\\/inicio\\\/wp-content\\\/uploads\\\/2023\\\/05\\\/logotextual1.jpg\",\"contentUrl\":\"https:\\\/\\\/diariotextual.com\\\/inicio\\\/wp-content\\\/uploads\\\/2023\\\/05\\\/logotextual1.jpg\",\"width\":516,\"height\":76,\"caption\":\"Diario Textual\"},\"image\":{\"@id\":\"https:\\\/\\\/diariotextual.com\\\/inicio\\\/#\\\/schema\\\/logo\\\/image\\\/\"},\"sameAs\":[\"https:\\\/\\\/www.facebook.com\\\/eltextual\",\"https:\\\/\\\/x.com\\\/eltextual\",\"http:\\\/\\\/www.instagram.com\\\/eltextual\"]},{\"@type\":\"Person\",\"@id\":\"https:\\\/\\\/diariotextual.com\\\/inicio\\\/#\\\/schema\\\/person\\\/694f60677f23c4a530867a98f22b3768\",\"name\":\"diario2\",\"image\":{\"@type\":\"ImageObject\",\"inLanguage\":\"es\",\"@id\":\"https:\\\/\\\/secure.gravatar.com\\\/avatar\\\/5a2567495ba16b852fcd8f1ed006a2e24fcace936018ed8237e95f488ad6e0a7?s=96&d=mm&r=g\",\"url\":\"https:\\\/\\\/secure.gravatar.com\\\/avatar\\\/5a2567495ba16b852fcd8f1ed006a2e24fcace936018ed8237e95f488ad6e0a7?s=96&d=mm&r=g\",\"contentUrl\":\"https:\\\/\\\/secure.gravatar.com\\\/avatar\\\/5a2567495ba16b852fcd8f1ed006a2e24fcace936018ed8237e95f488ad6e0a7?s=96&d=mm&r=g\",\"caption\":\"diario2\"},\"url\":\"https:\\\/\\\/diariotextual.com\\\/inicio\\\/index.php\\\/author\\\/diario2\\\/\"}]}<\/script>\n<!-- \/ Yoast SEO plugin. -->","yoast_head_json":{"title":"Inauguraron obras y reabri\u00f3 el aeropuerto de Santa Rosa - Diario Textual","robots":{"index":"index","follow":"follow","max-snippet":"max-snippet:-1","max-image-preview":"max-image-preview:large","max-video-preview":"max-video-preview:-1"},"canonical":"https:\/\/diariotextual.com\/inicio\/index.php\/2022\/11\/23\/el-ministro-de-transporte-inaugura-la-reapertura-del-aeropuerto-de-santa-rosa\/","og_locale":"es_ES","og_type":"article","og_title":"Inauguraron obras y reabri\u00f3 el aeropuerto de Santa Rosa - Diario Textual","og_description":"El gobernador de La Pampa, Sergio Ziliotto, y el secretario de Transporte de la Naci\u00f3n, Diego Giuliano, encabezaron este mi\u00e9rcoles la reapertura del aeropuerto de Santa Rosa luego de completarse&hellip;","og_url":"https:\/\/diariotextual.com\/inicio\/index.php\/2022\/11\/23\/el-ministro-de-transporte-inaugura-la-reapertura-del-aeropuerto-de-santa-rosa\/","og_site_name":"Diario Textual","article_publisher":"https:\/\/www.facebook.com\/eltextual","article_published_time":"2022-11-23T19:14:00+00:00","article_modified_time":"2022-11-24T11:11:07+00:00","og_image":[{"width":1504,"height":1004,"url":"https:\/\/diariotextual.com\/inicio\/wp-content\/uploads\/2022\/11\/IMG-20221123-WA0024.jpg","type":"image\/jpeg"}],"author":"diario2","twitter_card":"summary_large_image","twitter_creator":"@eltextual","twitter_site":"@eltextual","twitter_misc":{"Escrito por":"diario2","Tiempo de lectura":"5 minutos"},"schema":{"@context":"https:\/\/schema.org","@graph":[{"@type":"Article","@id":"https:\/\/diariotextual.com\/inicio\/index.php\/2022\/11\/23\/el-ministro-de-transporte-inaugura-la-reapertura-del-aeropuerto-de-santa-rosa\/#article","isPartOf":{"@id":"https:\/\/diariotextual.com\/inicio\/index.php\/2022\/11\/23\/el-ministro-de-transporte-inaugura-la-reapertura-del-aeropuerto-de-santa-rosa\/"},"author":{"name":"diario2","@id":"https:\/\/diariotextual.com\/inicio\/#\/schema\/person\/694f60677f23c4a530867a98f22b3768"},"headline":"Inauguraron obras y reabri\u00f3 el aeropuerto de Santa Rosa","datePublished":"2022-11-23T19:14:00+00:00","dateModified":"2022-11-24T11:11:07+00:00","mainEntityOfPage":{"@id":"https:\/\/diariotextual.com\/inicio\/index.php\/2022\/11\/23\/el-ministro-de-transporte-inaugura-la-reapertura-del-aeropuerto-de-santa-rosa\/"},"wordCount":822,"publisher":{"@id":"https:\/\/diariotextual.com\/inicio\/#organization"},"image":{"@id":"https:\/\/diariotextual.com\/inicio\/index.php\/2022\/11\/23\/el-ministro-de-transporte-inaugura-la-reapertura-del-aeropuerto-de-santa-rosa\/#primaryimage"},"thumbnailUrl":"https:\/\/diariotextual.com\/inicio\/wp-content\/uploads\/2022\/11\/IMG-20221123-WA0024.jpg","articleSection":["A - QUE PASA (al costado)","SOCIEDAD"],"inLanguage":"es"},{"@type":"WebPage","@id":"https:\/\/diariotextual.com\/inicio\/index.php\/2022\/11\/23\/el-ministro-de-transporte-inaugura-la-reapertura-del-aeropuerto-de-santa-rosa\/","url":"https:\/\/diariotextual.com\/inicio\/index.php\/2022\/11\/23\/el-ministro-de-transporte-inaugura-la-reapertura-del-aeropuerto-de-santa-rosa\/","name":"Inauguraron obras y reabri\u00f3 el aeropuerto de Santa Rosa - Diario Textual","isPartOf":{"@id":"https:\/\/diariotextual.com\/inicio\/#website"},"primaryImageOfPage":{"@id":"https:\/\/diariotextual.com\/inicio\/index.php\/2022\/11\/23\/el-ministro-de-transporte-inaugura-la-reapertura-del-aeropuerto-de-santa-rosa\/#primaryimage"},"image":{"@id":"https:\/\/diariotextual.com\/inicio\/index.php\/2022\/11\/23\/el-ministro-de-transporte-inaugura-la-reapertura-del-aeropuerto-de-santa-rosa\/#primaryimage"},"thumbnailUrl":"https:\/\/diariotextual.com\/inicio\/wp-content\/uploads\/2022\/11\/IMG-20221123-WA0024.jpg","datePublished":"2022-11-23T19:14:00+00:00","dateModified":"2022-11-24T11:11:07+00:00","breadcrumb":{"@id":"https:\/\/diariotextual.com\/inicio\/index.php\/2022\/11\/23\/el-ministro-de-transporte-inaugura-la-reapertura-del-aeropuerto-de-santa-rosa\/#breadcrumb"},"inLanguage":"es","potentialAction":[{"@type":"ReadAction","target":["https:\/\/diariotextual.com\/inicio\/index.php\/2022\/11\/23\/el-ministro-de-transporte-inaugura-la-reapertura-del-aeropuerto-de-santa-rosa\/"]}]},{"@type":"ImageObject","inLanguage":"es","@id":"https:\/\/diariotextual.com\/inicio\/index.php\/2022\/11\/23\/el-ministro-de-transporte-inaugura-la-reapertura-del-aeropuerto-de-santa-rosa\/#primaryimage","url":"https:\/\/diariotextual.com\/inicio\/wp-content\/uploads\/2022\/11\/IMG-20221123-WA0024.jpg","contentUrl":"https:\/\/diariotextual.com\/inicio\/wp-content\/uploads\/2022\/11\/IMG-20221123-WA0024.jpg","width":1504,"height":1004},{"@type":"BreadcrumbList","@id":"https:\/\/diariotextual.com\/inicio\/index.php\/2022\/11\/23\/el-ministro-de-transporte-inaugura-la-reapertura-del-aeropuerto-de-santa-rosa\/#breadcrumb","itemListElement":[{"@type":"ListItem","position":1,"name":"Portada","item":"https:\/\/diariotextual.com\/inicio\/"},{"@type":"ListItem","position":2,"name":"Inauguraron obras y reabri\u00f3 el aeropuerto de Santa Rosa"}]},{"@type":"WebSite","@id":"https:\/\/diariotextual.com\/inicio\/#website","url":"https:\/\/diariotextual.com\/inicio\/","name":"Diario Textual","description":"","publisher":{"@id":"https:\/\/diariotextual.com\/inicio\/#organization"},"potentialAction":[{"@type":"SearchAction","target":{"@type":"EntryPoint","urlTemplate":"https:\/\/diariotextual.com\/inicio\/?s={search_term_string}"},"query-input":{"@type":"PropertyValueSpecification","valueRequired":true,"valueName":"search_term_string"}}],"inLanguage":"es"},{"@type":"Organization","@id":"https:\/\/diariotextual.com\/inicio\/#organization","name":"Diario Textual","url":"https:\/\/diariotextual.com\/inicio\/","logo":{"@type":"ImageObject","inLanguage":"es","@id":"https:\/\/diariotextual.com\/inicio\/#\/schema\/logo\/image\/","url":"https:\/\/diariotextual.com\/inicio\/wp-content\/uploads\/2023\/05\/logotextual1.jpg","contentUrl":"https:\/\/diariotextual.com\/inicio\/wp-content\/uploads\/2023\/05\/logotextual1.jpg","width":516,"height":76,"caption":"Diario Textual"},"image":{"@id":"https:\/\/diariotextual.com\/inicio\/#\/schema\/logo\/image\/"},"sameAs":["https:\/\/www.facebook.com\/eltextual","https:\/\/x.com\/eltextual","http:\/\/www.instagram.com\/eltextual"]},{"@type":"Person","@id":"https:\/\/diariotextual.com\/inicio\/#\/schema\/person\/694f60677f23c4a530867a98f22b3768","name":"diario2","image":{"@type":"ImageObject","inLanguage":"es","@id":"https:\/\/secure.gravatar.com\/avatar\/5a2567495ba16b852fcd8f1ed006a2e24fcace936018ed8237e95f488ad6e0a7?s=96&d=mm&r=g","url":"https:\/\/secure.gravatar.com\/avatar\/5a2567495ba16b852fcd8f1ed006a2e24fcace936018ed8237e95f488ad6e0a7?s=96&d=mm&r=g","contentUrl":"https:\/\/secure.gravatar.com\/avatar\/5a2567495ba16b852fcd8f1ed006a2e24fcace936018ed8237e95f488ad6e0a7?s=96&d=mm&r=g","caption":"diario2"},"url":"https:\/\/diariotextual.com\/inicio\/index.php\/author\/diario2\/"}]}},"_links":{"self":[{"href":"https:\/\/diariotextual.com\/inicio\/index.php\/wp-json\/wp\/v2\/posts\/207946","targetHints":{"allow":["GET"]}}],"collection":[{"href":"https:\/\/diariotextual.com\/inicio\/index.php\/wp-json\/wp\/v2\/posts"}],"about":[{"href":"https:\/\/diariotextual.com\/inicio\/index.php\/wp-json\/wp\/v2\/types\/post"}],"author":[{"embeddable":true,"href":"https:\/\/diariotextual.com\/inicio\/index.php\/wp-json\/wp\/v2\/users\/4"}],"replies":[{"embeddable":true,"href":"https:\/\/diariotextual.com\/inicio\/index.php\/wp-json\/wp\/v2\/comments?post=207946"}],"version-history":[{"count":12,"href":"https:\/\/diariotextual.com\/inicio\/index.php\/wp-json\/wp\/v2\/posts\/207946\/revisions"}],"predecessor-version":[{"id":208018,"href":"https:\/\/diariotextual.com\/inicio\/index.php\/wp-json\/wp\/v2\/posts\/207946\/revisions\/208018"}],"wp:featuredmedia":[{"embeddable":true,"href":"https:\/\/diariotextual.com\/inicio\/index.php\/wp-json\/wp\/v2\/media\/207987"}],"wp:attachment":[{"href":"https:\/\/diariotextual.com\/inicio\/index.php\/wp-json\/wp\/v2\/media?parent=207946"}],"wp:term":[{"taxonomy":"category","embeddable":true,"href":"https:\/\/diariotextual.com\/inicio\/index.php\/wp-json\/wp\/v2\/categories?post=207946"},{"taxonomy":"post_tag","embeddable":true,"href":"https:\/\/diariotextual.com\/inicio\/index.php\/wp-json\/wp\/v2\/tags?post=207946"}],"curies":[{"name":"wp","href":"https:\/\/api.w.org\/{rel}","templated":true}]}}