{"id":208191,"date":"2022-11-24T14:07:43","date_gmt":"2022-11-24T17:07:43","guid":{"rendered":"https:\/\/diariotextual.com\/inicio\/?p=208191"},"modified":"2022-11-24T21:15:01","modified_gmt":"2022-11-25T00:15:01","slug":"municipios-cooperativos-santa-rosa-ya-es-parte-de-la-red-cooperar","status":"publish","type":"post","link":"https:\/\/diariotextual.com\/inicio\/index.php\/2022\/11\/24\/municipios-cooperativos-santa-rosa-ya-es-parte-de-la-red-cooperar\/","title":{"rendered":"Municipios cooperativos: Santa Rosa ya es parte de la Red Cooperar"},"content":{"rendered":"\n<p>La municipalidad de Santa Rosa y la Confederaci\u00f3n Cooperativa Argentina rubricaron el acta compromiso que<strong> sumar\u00e1 a Santa Rosa a una red de \u201cMunicipios Cooperativos\u201d.<\/strong> El intendente Luciano Di N\u00e1poli y el presidente de Cooperar, Ariel Guarco, compartieron el acto junto a funcionarios municipales como el Director de Econom\u00eda Popular, Federico Ig\u00f1azewski, y dirigentes del cooperativismo pampeano como Jorge P\u00e1ez y Carlos Santarosa (Fepamco), Jorge Daniel Abate y Roberto Simpson (Credicoop Santa Rosa), y Alfredo Carrascal (titular de la CPE).<br><br>Tambi\u00e9n participaron Jos\u00e9 Depetris, titular del bloque oficialista de concejales, Mar\u00eda de los \u00c1ngeles San Mart\u00edn (Cooperativa de Trabajo Vital Asistencia), Luc\u00eda Macedo (Cooperativa de Trabajo Brote Popular), y Walter Araya y Walter Bertotto (UNLPam).<br><br>Guarco se\u00f1al\u00f3 que \u201cel municipio ya ten\u00eda un trabajo previo muy importante entre las cooperativas locales y las federaciones y ahora, a partir del acuerdo firmado, es parte de una red de municipios cooperativos, que a nivel nacional est\u00e1 generando condiciones hacia una construcci\u00f3n colectiva en pos del desarrollo de las personas y las comunidades\u201d. Resalt\u00f3 el trabajo articulado del municipio de Santa Rosa con las cooperativas de Recicladores que llevan adelante su labor en el Relleno Sanitario y la Cooperativa de Productores que trabajan en el \u00e1mbito de la Escuela Hort\u00edcola y el Mercado Municipal.<br><br>Jorge Abate destac\u00f3 la \u201cgran articulaci\u00f3n\u201d que existe en La Pampa entre el Estado y el sector privado desde el modelo del cooperativismo, que busca mayormente la inclusi\u00f3n social por sobre la rentabilidad y el lucro.<\/p>\n\n\n\n<p>En tanto, el presidente de la CPE, Alfredo Carrascal, record\u00f3 que el movimiento cooperativo es muy fuerte y es un hecho su presencia en cada barrio y en cada escal\u00f3n de la producci\u00f3n y de los servicios de la ciudad, \u201cpor lo que nos parece un proceso natural que el municipio santarrose\u00f1o forme parte de esta Red Cooperar, que puede parecer una situaci\u00f3n formal, pero que en realidad viene de un proceso de muchos a\u00f1os que se ven\u00eda gestando, ya que hay toda una tradici\u00f3n o signo identitario cooperativista en la ciudad\u201d.<\/p>\n","protected":false},"excerpt":{"rendered":"<p>La municipalidad de Santa Rosa y la Confederaci\u00f3n Cooperativa Argentina rubricaron el acta compromiso que sumar\u00e1 a Santa Rosa a una red de \u201cMunicipios Cooperativos\u201d. El intendente Luciano Di N\u00e1poli&hellip;<\/p>\n","protected":false},"author":4,"featured_media":208192,"comment_status":"closed","ping_status":"open","sticky":false,"template":"","format":"standard","meta":{"_acf_changed":false,"footnotes":""},"categories":[1,11,12],"tags":[],"class_list":["post-208191","post","type-post","status-publish","format-standard","has-post-thumbnail","hentry","category-es-noticia","category-que-pasa","category-sociedad"],"acf":[],"yoast_head":"<!-- This site is optimized with the Yoast SEO plugin v27.5 - https:\/\/yoast.com\/product\/yoast-seo-wordpress\/ -->\n<title>Municipios cooperativos: Santa Rosa ya es parte de la Red Cooperar - Diario Textual<\/title>\n<meta name=\"robots\" content=\"index, follow, max-snippet:-1, max-image-preview:large, max-video-preview:-1\" \/>\n<link rel=\"canonical\" href=\"https:\/\/diariotextual.com\/inicio\/index.php\/2022\/11\/24\/municipios-cooperativos-santa-rosa-ya-es-parte-de-la-red-cooperar\/\" \/>\n<meta property=\"og:locale\" content=\"es_ES\" \/>\n<meta property=\"og:type\" content=\"article\" \/>\n<meta property=\"og:title\" content=\"Municipios cooperativos: Santa Rosa ya es parte de la Red Cooperar - Diario Textual\" \/>\n<meta property=\"og:description\" content=\"La municipalidad de Santa Rosa y la Confederaci\u00f3n Cooperativa Argentina rubricaron el acta compromiso que sumar\u00e1 a Santa Rosa a una red de \u201cMunicipios Cooperativos\u201d. El intendente Luciano Di N\u00e1poli&hellip;\" \/>\n<meta property=\"og:url\" content=\"https:\/\/diariotextual.com\/inicio\/index.php\/2022\/11\/24\/municipios-cooperativos-santa-rosa-ya-es-parte-de-la-red-cooperar\/\" \/>\n<meta property=\"og:site_name\" content=\"Diario Textual\" \/>\n<meta property=\"article:publisher\" content=\"https:\/\/www.facebook.com\/eltextual\" \/>\n<meta property=\"article:published_time\" content=\"2022-11-24T17:07:43+00:00\" \/>\n<meta property=\"article:modified_time\" content=\"2022-11-25T00:15:01+00:00\" \/>\n<meta property=\"og:image\" content=\"https:\/\/diariotextual.com\/inicio\/wp-content\/uploads\/2022\/11\/carrascaldinapolicooperar55.jpg\" \/>\n\t<meta property=\"og:image:width\" content=\"1100\" \/>\n\t<meta property=\"og:image:height\" content=\"695\" \/>\n\t<meta property=\"og:image:type\" content=\"image\/jpeg\" \/>\n<meta name=\"author\" content=\"diario2\" \/>\n<meta name=\"twitter:card\" content=\"summary_large_image\" \/>\n<meta name=\"twitter:creator\" content=\"@eltextual\" \/>\n<meta name=\"twitter:site\" content=\"@eltextual\" \/>\n<meta name=\"twitter:label1\" content=\"Escrito por\" \/>\n\t<meta name=\"twitter:data1\" content=\"diario2\" \/>\n\t<meta name=\"twitter:label2\" content=\"Tiempo de lectura\" \/>\n\t<meta name=\"twitter:data2\" content=\"2 minutos\" \/>\n<script type=\"application\/ld+json\" class=\"yoast-schema-graph\">{\"@context\":\"https:\\\/\\\/schema.org\",\"@graph\":[{\"@type\":\"Article\",\"@id\":\"https:\\\/\\\/diariotextual.com\\\/inicio\\\/index.php\\\/2022\\\/11\\\/24\\\/municipios-cooperativos-santa-rosa-ya-es-parte-de-la-red-cooperar\\\/#article\",\"isPartOf\":{\"@id\":\"https:\\\/\\\/diariotextual.com\\\/inicio\\\/index.php\\\/2022\\\/11\\\/24\\\/municipios-cooperativos-santa-rosa-ya-es-parte-de-la-red-cooperar\\\/\"},\"author\":{\"name\":\"diario2\",\"@id\":\"https:\\\/\\\/diariotextual.com\\\/inicio\\\/#\\\/schema\\\/person\\\/694f60677f23c4a530867a98f22b3768\"},\"headline\":\"Municipios cooperativos: Santa Rosa ya es parte de la Red Cooperar\",\"datePublished\":\"2022-11-24T17:07:43+00:00\",\"dateModified\":\"2022-11-25T00:15:01+00:00\",\"mainEntityOfPage\":{\"@id\":\"https:\\\/\\\/diariotextual.com\\\/inicio\\\/index.php\\\/2022\\\/11\\\/24\\\/municipios-cooperativos-santa-rosa-ya-es-parte-de-la-red-cooperar\\\/\"},\"wordCount\":372,\"publisher\":{\"@id\":\"https:\\\/\\\/diariotextual.com\\\/inicio\\\/#organization\"},\"image\":{\"@id\":\"https:\\\/\\\/diariotextual.com\\\/inicio\\\/index.php\\\/2022\\\/11\\\/24\\\/municipios-cooperativos-santa-rosa-ya-es-parte-de-la-red-cooperar\\\/#primaryimage\"},\"thumbnailUrl\":\"https:\\\/\\\/diariotextual.com\\\/inicio\\\/wp-content\\\/uploads\\\/2022\\\/11\\\/carrascaldinapolicooperar55.jpg\",\"articleSection\":[\"A - ES NOTICIA (van abajo)\",\"A - QUE PASA (al costado)\",\"SOCIEDAD\"],\"inLanguage\":\"es\"},{\"@type\":\"WebPage\",\"@id\":\"https:\\\/\\\/diariotextual.com\\\/inicio\\\/index.php\\\/2022\\\/11\\\/24\\\/municipios-cooperativos-santa-rosa-ya-es-parte-de-la-red-cooperar\\\/\",\"url\":\"https:\\\/\\\/diariotextual.com\\\/inicio\\\/index.php\\\/2022\\\/11\\\/24\\\/municipios-cooperativos-santa-rosa-ya-es-parte-de-la-red-cooperar\\\/\",\"name\":\"Municipios cooperativos: Santa Rosa ya es parte de la Red Cooperar - Diario Textual\",\"isPartOf\":{\"@id\":\"https:\\\/\\\/diariotextual.com\\\/inicio\\\/#website\"},\"primaryImageOfPage\":{\"@id\":\"https:\\\/\\\/diariotextual.com\\\/inicio\\\/index.php\\\/2022\\\/11\\\/24\\\/municipios-cooperativos-santa-rosa-ya-es-parte-de-la-red-cooperar\\\/#primaryimage\"},\"image\":{\"@id\":\"https:\\\/\\\/diariotextual.com\\\/inicio\\\/index.php\\\/2022\\\/11\\\/24\\\/municipios-cooperativos-santa-rosa-ya-es-parte-de-la-red-cooperar\\\/#primaryimage\"},\"thumbnailUrl\":\"https:\\\/\\\/diariotextual.com\\\/inicio\\\/wp-content\\\/uploads\\\/2022\\\/11\\\/carrascaldinapolicooperar55.jpg\",\"datePublished\":\"2022-11-24T17:07:43+00:00\",\"dateModified\":\"2022-11-25T00:15:01+00:00\",\"breadcrumb\":{\"@id\":\"https:\\\/\\\/diariotextual.com\\\/inicio\\\/index.php\\\/2022\\\/11\\\/24\\\/municipios-cooperativos-santa-rosa-ya-es-parte-de-la-red-cooperar\\\/#breadcrumb\"},\"inLanguage\":\"es\",\"potentialAction\":[{\"@type\":\"ReadAction\",\"target\":[\"https:\\\/\\\/diariotextual.com\\\/inicio\\\/index.php\\\/2022\\\/11\\\/24\\\/municipios-cooperativos-santa-rosa-ya-es-parte-de-la-red-cooperar\\\/\"]}]},{\"@type\":\"ImageObject\",\"inLanguage\":\"es\",\"@id\":\"https:\\\/\\\/diariotextual.com\\\/inicio\\\/index.php\\\/2022\\\/11\\\/24\\\/municipios-cooperativos-santa-rosa-ya-es-parte-de-la-red-cooperar\\\/#primaryimage\",\"url\":\"https:\\\/\\\/diariotextual.com\\\/inicio\\\/wp-content\\\/uploads\\\/2022\\\/11\\\/carrascaldinapolicooperar55.jpg\",\"contentUrl\":\"https:\\\/\\\/diariotextual.com\\\/inicio\\\/wp-content\\\/uploads\\\/2022\\\/11\\\/carrascaldinapolicooperar55.jpg\",\"width\":1100,\"height\":695},{\"@type\":\"BreadcrumbList\",\"@id\":\"https:\\\/\\\/diariotextual.com\\\/inicio\\\/index.php\\\/2022\\\/11\\\/24\\\/municipios-cooperativos-santa-rosa-ya-es-parte-de-la-red-cooperar\\\/#breadcrumb\",\"itemListElement\":[{\"@type\":\"ListItem\",\"position\":1,\"name\":\"Portada\",\"item\":\"https:\\\/\\\/diariotextual.com\\\/inicio\\\/\"},{\"@type\":\"ListItem\",\"position\":2,\"name\":\"Municipios cooperativos: Santa Rosa ya es parte de la Red Cooperar\"}]},{\"@type\":\"WebSite\",\"@id\":\"https:\\\/\\\/diariotextual.com\\\/inicio\\\/#website\",\"url\":\"https:\\\/\\\/diariotextual.com\\\/inicio\\\/\",\"name\":\"Diario Textual\",\"description\":\"\",\"publisher\":{\"@id\":\"https:\\\/\\\/diariotextual.com\\\/inicio\\\/#organization\"},\"potentialAction\":[{\"@type\":\"SearchAction\",\"target\":{\"@type\":\"EntryPoint\",\"urlTemplate\":\"https:\\\/\\\/diariotextual.com\\\/inicio\\\/?s={search_term_string}\"},\"query-input\":{\"@type\":\"PropertyValueSpecification\",\"valueRequired\":true,\"valueName\":\"search_term_string\"}}],\"inLanguage\":\"es\"},{\"@type\":\"Organization\",\"@id\":\"https:\\\/\\\/diariotextual.com\\\/inicio\\\/#organization\",\"name\":\"Diario Textual\",\"url\":\"https:\\\/\\\/diariotextual.com\\\/inicio\\\/\",\"logo\":{\"@type\":\"ImageObject\",\"inLanguage\":\"es\",\"@id\":\"https:\\\/\\\/diariotextual.com\\\/inicio\\\/#\\\/schema\\\/logo\\\/image\\\/\",\"url\":\"https:\\\/\\\/diariotextual.com\\\/inicio\\\/wp-content\\\/uploads\\\/2023\\\/05\\\/logotextual1.jpg\",\"contentUrl\":\"https:\\\/\\\/diariotextual.com\\\/inicio\\\/wp-content\\\/uploads\\\/2023\\\/05\\\/logotextual1.jpg\",\"width\":516,\"height\":76,\"caption\":\"Diario Textual\"},\"image\":{\"@id\":\"https:\\\/\\\/diariotextual.com\\\/inicio\\\/#\\\/schema\\\/logo\\\/image\\\/\"},\"sameAs\":[\"https:\\\/\\\/www.facebook.com\\\/eltextual\",\"https:\\\/\\\/x.com\\\/eltextual\",\"http:\\\/\\\/www.instagram.com\\\/eltextual\"]},{\"@type\":\"Person\",\"@id\":\"https:\\\/\\\/diariotextual.com\\\/inicio\\\/#\\\/schema\\\/person\\\/694f60677f23c4a530867a98f22b3768\",\"name\":\"diario2\",\"image\":{\"@type\":\"ImageObject\",\"inLanguage\":\"es\",\"@id\":\"https:\\\/\\\/secure.gravatar.com\\\/avatar\\\/5a2567495ba16b852fcd8f1ed006a2e24fcace936018ed8237e95f488ad6e0a7?s=96&d=mm&r=g\",\"url\":\"https:\\\/\\\/secure.gravatar.com\\\/avatar\\\/5a2567495ba16b852fcd8f1ed006a2e24fcace936018ed8237e95f488ad6e0a7?s=96&d=mm&r=g\",\"contentUrl\":\"https:\\\/\\\/secure.gravatar.com\\\/avatar\\\/5a2567495ba16b852fcd8f1ed006a2e24fcace936018ed8237e95f488ad6e0a7?s=96&d=mm&r=g\",\"caption\":\"diario2\"},\"url\":\"https:\\\/\\\/diariotextual.com\\\/inicio\\\/index.php\\\/author\\\/diario2\\\/\"}]}<\/script>\n<!-- \/ Yoast SEO plugin. -->","yoast_head_json":{"title":"Municipios cooperativos: Santa Rosa ya es parte de la Red Cooperar - Diario Textual","robots":{"index":"index","follow":"follow","max-snippet":"max-snippet:-1","max-image-preview":"max-image-preview:large","max-video-preview":"max-video-preview:-1"},"canonical":"https:\/\/diariotextual.com\/inicio\/index.php\/2022\/11\/24\/municipios-cooperativos-santa-rosa-ya-es-parte-de-la-red-cooperar\/","og_locale":"es_ES","og_type":"article","og_title":"Municipios cooperativos: Santa Rosa ya es parte de la Red Cooperar - Diario Textual","og_description":"La municipalidad de Santa Rosa y la Confederaci\u00f3n Cooperativa Argentina rubricaron el acta compromiso que sumar\u00e1 a Santa Rosa a una red de \u201cMunicipios Cooperativos\u201d. El intendente Luciano Di N\u00e1poli&hellip;","og_url":"https:\/\/diariotextual.com\/inicio\/index.php\/2022\/11\/24\/municipios-cooperativos-santa-rosa-ya-es-parte-de-la-red-cooperar\/","og_site_name":"Diario Textual","article_publisher":"https:\/\/www.facebook.com\/eltextual","article_published_time":"2022-11-24T17:07:43+00:00","article_modified_time":"2022-11-25T00:15:01+00:00","og_image":[{"width":1100,"height":695,"url":"https:\/\/diariotextual.com\/inicio\/wp-content\/uploads\/2022\/11\/carrascaldinapolicooperar55.jpg","type":"image\/jpeg"}],"author":"diario2","twitter_card":"summary_large_image","twitter_creator":"@eltextual","twitter_site":"@eltextual","twitter_misc":{"Escrito por":"diario2","Tiempo de lectura":"2 minutos"},"schema":{"@context":"https:\/\/schema.org","@graph":[{"@type":"Article","@id":"https:\/\/diariotextual.com\/inicio\/index.php\/2022\/11\/24\/municipios-cooperativos-santa-rosa-ya-es-parte-de-la-red-cooperar\/#article","isPartOf":{"@id":"https:\/\/diariotextual.com\/inicio\/index.php\/2022\/11\/24\/municipios-cooperativos-santa-rosa-ya-es-parte-de-la-red-cooperar\/"},"author":{"name":"diario2","@id":"https:\/\/diariotextual.com\/inicio\/#\/schema\/person\/694f60677f23c4a530867a98f22b3768"},"headline":"Municipios cooperativos: Santa Rosa ya es parte de la Red Cooperar","datePublished":"2022-11-24T17:07:43+00:00","dateModified":"2022-11-25T00:15:01+00:00","mainEntityOfPage":{"@id":"https:\/\/diariotextual.com\/inicio\/index.php\/2022\/11\/24\/municipios-cooperativos-santa-rosa-ya-es-parte-de-la-red-cooperar\/"},"wordCount":372,"publisher":{"@id":"https:\/\/diariotextual.com\/inicio\/#organization"},"image":{"@id":"https:\/\/diariotextual.com\/inicio\/index.php\/2022\/11\/24\/municipios-cooperativos-santa-rosa-ya-es-parte-de-la-red-cooperar\/#primaryimage"},"thumbnailUrl":"https:\/\/diariotextual.com\/inicio\/wp-content\/uploads\/2022\/11\/carrascaldinapolicooperar55.jpg","articleSection":["A - ES NOTICIA (van abajo)","A - QUE PASA (al costado)","SOCIEDAD"],"inLanguage":"es"},{"@type":"WebPage","@id":"https:\/\/diariotextual.com\/inicio\/index.php\/2022\/11\/24\/municipios-cooperativos-santa-rosa-ya-es-parte-de-la-red-cooperar\/","url":"https:\/\/diariotextual.com\/inicio\/index.php\/2022\/11\/24\/municipios-cooperativos-santa-rosa-ya-es-parte-de-la-red-cooperar\/","name":"Municipios cooperativos: Santa Rosa ya es parte de la Red Cooperar - Diario Textual","isPartOf":{"@id":"https:\/\/diariotextual.com\/inicio\/#website"},"primaryImageOfPage":{"@id":"https:\/\/diariotextual.com\/inicio\/index.php\/2022\/11\/24\/municipios-cooperativos-santa-rosa-ya-es-parte-de-la-red-cooperar\/#primaryimage"},"image":{"@id":"https:\/\/diariotextual.com\/inicio\/index.php\/2022\/11\/24\/municipios-cooperativos-santa-rosa-ya-es-parte-de-la-red-cooperar\/#primaryimage"},"thumbnailUrl":"https:\/\/diariotextual.com\/inicio\/wp-content\/uploads\/2022\/11\/carrascaldinapolicooperar55.jpg","datePublished":"2022-11-24T17:07:43+00:00","dateModified":"2022-11-25T00:15:01+00:00","breadcrumb":{"@id":"https:\/\/diariotextual.com\/inicio\/index.php\/2022\/11\/24\/municipios-cooperativos-santa-rosa-ya-es-parte-de-la-red-cooperar\/#breadcrumb"},"inLanguage":"es","potentialAction":[{"@type":"ReadAction","target":["https:\/\/diariotextual.com\/inicio\/index.php\/2022\/11\/24\/municipios-cooperativos-santa-rosa-ya-es-parte-de-la-red-cooperar\/"]}]},{"@type":"ImageObject","inLanguage":"es","@id":"https:\/\/diariotextual.com\/inicio\/index.php\/2022\/11\/24\/municipios-cooperativos-santa-rosa-ya-es-parte-de-la-red-cooperar\/#primaryimage","url":"https:\/\/diariotextual.com\/inicio\/wp-content\/uploads\/2022\/11\/carrascaldinapolicooperar55.jpg","contentUrl":"https:\/\/diariotextual.com\/inicio\/wp-content\/uploads\/2022\/11\/carrascaldinapolicooperar55.jpg","width":1100,"height":695},{"@type":"BreadcrumbList","@id":"https:\/\/diariotextual.com\/inicio\/index.php\/2022\/11\/24\/municipios-cooperativos-santa-rosa-ya-es-parte-de-la-red-cooperar\/#breadcrumb","itemListElement":[{"@type":"ListItem","position":1,"name":"Portada","item":"https:\/\/diariotextual.com\/inicio\/"},{"@type":"ListItem","position":2,"name":"Municipios cooperativos: Santa Rosa ya es parte de la Red Cooperar"}]},{"@type":"WebSite","@id":"https:\/\/diariotextual.com\/inicio\/#website","url":"https:\/\/diariotextual.com\/inicio\/","name":"Diario Textual","description":"","publisher":{"@id":"https:\/\/diariotextual.com\/inicio\/#organization"},"potentialAction":[{"@type":"SearchAction","target":{"@type":"EntryPoint","urlTemplate":"https:\/\/diariotextual.com\/inicio\/?s={search_term_string}"},"query-input":{"@type":"PropertyValueSpecification","valueRequired":true,"valueName":"search_term_string"}}],"inLanguage":"es"},{"@type":"Organization","@id":"https:\/\/diariotextual.com\/inicio\/#organization","name":"Diario Textual","url":"https:\/\/diariotextual.com\/inicio\/","logo":{"@type":"ImageObject","inLanguage":"es","@id":"https:\/\/diariotextual.com\/inicio\/#\/schema\/logo\/image\/","url":"https:\/\/diariotextual.com\/inicio\/wp-content\/uploads\/2023\/05\/logotextual1.jpg","contentUrl":"https:\/\/diariotextual.com\/inicio\/wp-content\/uploads\/2023\/05\/logotextual1.jpg","width":516,"height":76,"caption":"Diario Textual"},"image":{"@id":"https:\/\/diariotextual.com\/inicio\/#\/schema\/logo\/image\/"},"sameAs":["https:\/\/www.facebook.com\/eltextual","https:\/\/x.com\/eltextual","http:\/\/www.instagram.com\/eltextual"]},{"@type":"Person","@id":"https:\/\/diariotextual.com\/inicio\/#\/schema\/person\/694f60677f23c4a530867a98f22b3768","name":"diario2","image":{"@type":"ImageObject","inLanguage":"es","@id":"https:\/\/secure.gravatar.com\/avatar\/5a2567495ba16b852fcd8f1ed006a2e24fcace936018ed8237e95f488ad6e0a7?s=96&d=mm&r=g","url":"https:\/\/secure.gravatar.com\/avatar\/5a2567495ba16b852fcd8f1ed006a2e24fcace936018ed8237e95f488ad6e0a7?s=96&d=mm&r=g","contentUrl":"https:\/\/secure.gravatar.com\/avatar\/5a2567495ba16b852fcd8f1ed006a2e24fcace936018ed8237e95f488ad6e0a7?s=96&d=mm&r=g","caption":"diario2"},"url":"https:\/\/diariotextual.com\/inicio\/index.php\/author\/diario2\/"}]}},"_links":{"self":[{"href":"https:\/\/diariotextual.com\/inicio\/index.php\/wp-json\/wp\/v2\/posts\/208191","targetHints":{"allow":["GET"]}}],"collection":[{"href":"https:\/\/diariotextual.com\/inicio\/index.php\/wp-json\/wp\/v2\/posts"}],"about":[{"href":"https:\/\/diariotextual.com\/inicio\/index.php\/wp-json\/wp\/v2\/types\/post"}],"author":[{"embeddable":true,"href":"https:\/\/diariotextual.com\/inicio\/index.php\/wp-json\/wp\/v2\/users\/4"}],"replies":[{"embeddable":true,"href":"https:\/\/diariotextual.com\/inicio\/index.php\/wp-json\/wp\/v2\/comments?post=208191"}],"version-history":[{"count":1,"href":"https:\/\/diariotextual.com\/inicio\/index.php\/wp-json\/wp\/v2\/posts\/208191\/revisions"}],"predecessor-version":[{"id":208193,"href":"https:\/\/diariotextual.com\/inicio\/index.php\/wp-json\/wp\/v2\/posts\/208191\/revisions\/208193"}],"wp:featuredmedia":[{"embeddable":true,"href":"https:\/\/diariotextual.com\/inicio\/index.php\/wp-json\/wp\/v2\/media\/208192"}],"wp:attachment":[{"href":"https:\/\/diariotextual.com\/inicio\/index.php\/wp-json\/wp\/v2\/media?parent=208191"}],"wp:term":[{"taxonomy":"category","embeddable":true,"href":"https:\/\/diariotextual.com\/inicio\/index.php\/wp-json\/wp\/v2\/categories?post=208191"},{"taxonomy":"post_tag","embeddable":true,"href":"https:\/\/diariotextual.com\/inicio\/index.php\/wp-json\/wp\/v2\/tags?post=208191"}],"curies":[{"name":"wp","href":"https:\/\/api.w.org\/{rel}","templated":true}]}}