{"id":208344,"date":"2022-11-25T14:34:50","date_gmt":"2022-11-25T17:34:50","guid":{"rendered":"https:\/\/diariotextual.com\/inicio\/?p=208344"},"modified":"2022-11-25T17:21:11","modified_gmt":"2022-11-25T20:21:11","slug":"se-prorrogo-para-el-14-de-diciembre-la-licitacion-de-la-terminal-de-omnibus","status":"publish","type":"post","link":"https:\/\/diariotextual.com\/inicio\/index.php\/2022\/11\/25\/se-prorrogo-para-el-14-de-diciembre-la-licitacion-de-la-terminal-de-omnibus\/","title":{"rendered":"Se prorrog\u00f3 para el 14 de diciembre la licitaci\u00f3n de la Terminal de \u00d3mnibus"},"content":{"rendered":"\n<p>Para garantizar la presentaci\u00f3n de m\u00e1s ofertas, la licitaci\u00f3n de la Terminal de \u00d3mnibus de Santa Rosa, fijada inicialmente para el 30 de noviembre, se prorrog\u00f3 para el 14 de diciembre, a las 10. As\u00ed lo dispuso el director general de Obras P\u00fablicas, Sergio Alfredo Meli\u00e1n, atendiendo al pedido de la C\u00e1mara Argentina de la Construcci\u00f3n Delegaci\u00f3n La Pampa.<\/p>\n\n\n\n<p>Tanto la C\u00e1mara como las empresas pampeanas, argumentaron que la alta volatilidad de los precios y la incertidumbre de provisi\u00f3n, sobre todo de insumos importados, hacen dificultoso obtener presupuestos, a pesar del alto inter\u00e9s en participar que manifestaron los empresarios pampeanos.<\/p>\n\n\n\n<p>Tales argumentos motivaron la disposici\u00f3n que prorroga por dos semanas esta importante licitaci\u00f3n para garantizar m\u00e1s ofertas.<\/p>\n\n\n\n<p>La construcci\u00f3n tendr\u00e1 un plazo de trabajo\u00a0de 600 d\u00edas y un presupuesto oficial de $3.536.192.640,28, calculado a agosto pasado.<\/p>\n\n\n\n<p>La nueva estaci\u00f3n se implantar\u00e1 en el \u00e1rea este de la ciudad, en conexi\u00f3n con la ruta nacional N\u00b0 5, v\u00eda de acceso vehicular desde el este (Buenos Aires), y con la avenida de circunvalaci\u00f3n Santiago Marzo, conexi\u00f3n norte-sur (C\u00f3rdoba, Neuqu\u00e9n), evitando que los \u00f3mnibus ingresen al \u00e1rea central de la ciudad.<\/p>\n\n\n\n<p>El predio est\u00e1 delimitado por la avenida del Centenario al norte, calle Sin Nombre al sur, predio de la Colonia Penal N\u00b0 4 al este y lindando al oeste con el cuenco de desag\u00fces pluviales.<\/p>\n\n\n\n<figure class=\"wp-block-embed is-type-wp-embed is-provider-diario-textual wp-block-embed-diario-textual\"><div class=\"wp-block-embed__wrapper\">\n<blockquote class=\"wp-embedded-content\" data-secret=\"qRxuEH3rzp\"><a href=\"https:\/\/diariotextual.com\/inicio\/index.php\/2022\/10\/27\/ziliotto-autorizo-la-licitacion-de-la-nueva-terminal-de-omnibus-de-santa-rosa\/\">Ziliotto autoriz\u00f3 la licitaci\u00f3n de la nueva terminal de \u00f3mnibus de Santa Rosa<\/a><\/blockquote><iframe class=\"wp-embedded-content\" sandbox=\"allow-scripts\" security=\"restricted\" style=\"position: absolute; clip: rect(1px, 1px, 1px, 1px);\" title=\"\u00abZiliotto autoriz\u00f3 la licitaci\u00f3n de la nueva terminal de \u00f3mnibus de Santa Rosa\u00bb \u2014 Diario Textual\" src=\"https:\/\/diariotextual.com\/inicio\/index.php\/2022\/10\/27\/ziliotto-autorizo-la-licitacion-de-la-nueva-terminal-de-omnibus-de-santa-rosa\/embed\/#?secret=7In6v7Pr4e#?secret=qRxuEH3rzp\" data-secret=\"qRxuEH3rzp\" width=\"600\" height=\"338\" frameborder=\"0\" marginwidth=\"0\" marginheight=\"0\" scrolling=\"no\"><\/iframe>\n<\/div><\/figure>\n\n\n\n<p><\/p>\n\n\n\n<p>El nuevo edificio es un proyecto anhelado por los habitantes de la ciudad y la provincia, y una necesidad para las empresas del rubro: la actual terminal no cumple con las condiciones de prestaci\u00f3n de servicios, sumadas las dificultades en el tr\u00e1nsito que presenta su implantaci\u00f3n urbana, adem\u00e1s de sus problemas funcionales y t\u00e9cnicos.<\/p>\n\n\n\n<p><strong>Dimensiones de la construcci\u00f3n<\/strong><\/p>\n\n\n\n<p>La obra tendr\u00e1 una superficie, cubierta y semicubierta, aproximada a los 7.000 m2 de construcci\u00f3n, a los que se suman casi 22.000 m2 de \u00e1reas exteriores.<\/p>\n\n\n\n<p>La superficie total del predio alcanza los 58.000 m2. Se genera en un \u00e1rea no intervenida un relevante pulm\u00f3n verde.<\/p>\n\n\n\n<p><strong>Paseo comercial<\/strong><\/p>\n\n\n\n<p>Hacia el barrio Procrear, seg\u00fan comunic\u00f3 el Gobierno, se crear\u00e1 un \u00e1mbito que aten\u00fae el impacto del movimiento intensivo de la terminal, cuidando el car\u00e1cter residencial del mismo. Para esto se propone un paseo comercial que active ese borde y brinde servicios tambi\u00e9n a los residentes, integrando un corredor verde que medie entre el barrio y la terminal.<\/p>\n\n\n\n<p><strong>Ingresos y egresos de \u00f3mnibus<\/strong><\/p>\n\n\n\n<p>El ingreso principal se realizar\u00e1 desde la avenida circunvalaci\u00f3n a trav\u00e9s del Camino del Centenario, arteria que se consolidar\u00e1 como una avenida boulevard de escala adecuada a su nuevo uso, previ\u00e9ndose en el futuro su pavimentaci\u00f3n hasta la ruta 5 para favorecer la celeridad del ingreso y egreso de los \u00f3mnibus.<\/p>\n\n\n\n<figure class=\"wp-block-image size-large\"><img fetchpriority=\"high\" decoding=\"async\" width=\"1024\" height=\"648\" src=\"https:\/\/diariotextual.com\/inicio\/wp-content\/uploads\/2022\/10\/terminaldeomnibusnuevarender2022-2-1024x648.jpeg\" alt=\"\" class=\"wp-image-205069\" srcset=\"https:\/\/diariotextual.com\/inicio\/wp-content\/uploads\/2022\/10\/terminaldeomnibusnuevarender2022-2-1024x648.jpeg 1024w, https:\/\/diariotextual.com\/inicio\/wp-content\/uploads\/2022\/10\/terminaldeomnibusnuevarender2022-2-300x190.jpeg 300w, https:\/\/diariotextual.com\/inicio\/wp-content\/uploads\/2022\/10\/terminaldeomnibusnuevarender2022-2-768x486.jpeg 768w, https:\/\/diariotextual.com\/inicio\/wp-content\/uploads\/2022\/10\/terminaldeomnibusnuevarender2022-2-1170x740.jpeg 1170w, https:\/\/diariotextual.com\/inicio\/wp-content\/uploads\/2022\/10\/terminaldeomnibusnuevarender2022-2-585x370.jpeg 585w, https:\/\/diariotextual.com\/inicio\/wp-content\/uploads\/2022\/10\/terminaldeomnibusnuevarender2022-2.jpeg 1280w\" sizes=\"(max-width: 1024px) 100vw, 1024px\" \/><\/figure>\n\n\n\n<p><strong>Accesos principales del p\u00fablico<\/strong><\/p>\n\n\n\n<p>El espacio p\u00fablico, abierto y el car\u00e1cter paisaj\u00edstico de la plaza, dan a la cara oeste la mejor posici\u00f3n para definir el acceso principal a la nueva terminal.<\/p>\n\n\n\n<p>Se unificar\u00e1 el \u00e1rea de la plaza con las plazoletas aleda\u00f1as y se incorporar\u00e1 el cuenco al sistema paisaj\u00edstico, creando un parque de escala adecuada con el nuevo desarrollo del \u00e1rea.<\/p>\n\n\n\n<p><strong>Sectores<\/strong><\/p>\n\n\n\n<p>La terminal contar\u00e1 con 24 plataformas con sus respectivas islas, y posibilidad de crecimiento a 10 m\u00e1s; 22 espacios para boleter\u00eda y encomiendas; sector de administraci\u00f3n; locales comerciales y de servicios; sanitarios (p\u00fablicos, personal y choferes) y office; primeros auxilios; y seguridad.<\/p>\n\n\n\n<p>Contar\u00e1 adem\u00e1s con sectores de acceso a encomiendas, estacionamiento para taxis y remises, autos particulares, motos y bicicletas y colectivos en espera.<\/p>\n\n\n\n<p>A esto se suma un hall de ingreso con espera de p\u00fablico, sector de informes (con sistema visual y auditivo), circulaciones interiores, dep\u00f3sito transitorio de equipaje y local con cajero autom\u00e1tico.<\/p>\n","protected":false},"excerpt":{"rendered":"<p>Para garantizar la presentaci\u00f3n de m\u00e1s ofertas, la licitaci\u00f3n de la Terminal de \u00d3mnibus de Santa Rosa, fijada inicialmente para el 30 de noviembre, se prorrog\u00f3 para el 14 de&hellip;<\/p>\n","protected":false},"author":4,"featured_media":205056,"comment_status":"closed","ping_status":"open","sticky":false,"template":"","format":"standard","meta":{"_acf_changed":false,"footnotes":""},"categories":[1,12],"tags":[],"class_list":["post-208344","post","type-post","status-publish","format-standard","has-post-thumbnail","hentry","category-es-noticia","category-sociedad"],"acf":[],"yoast_head":"<!-- This site is optimized with the Yoast SEO plugin v27.5 - https:\/\/yoast.com\/product\/yoast-seo-wordpress\/ -->\n<title>Se prorrog\u00f3 para el 14 de diciembre la licitaci\u00f3n de la Terminal de \u00d3mnibus - Diario Textual<\/title>\n<meta name=\"robots\" content=\"index, follow, max-snippet:-1, max-image-preview:large, max-video-preview:-1\" \/>\n<link rel=\"canonical\" href=\"https:\/\/diariotextual.com\/inicio\/index.php\/2022\/11\/25\/se-prorrogo-para-el-14-de-diciembre-la-licitacion-de-la-terminal-de-omnibus\/\" \/>\n<meta property=\"og:locale\" content=\"es_ES\" \/>\n<meta property=\"og:type\" content=\"article\" \/>\n<meta property=\"og:title\" content=\"Se prorrog\u00f3 para el 14 de diciembre la licitaci\u00f3n de la Terminal de \u00d3mnibus - Diario Textual\" \/>\n<meta property=\"og:description\" content=\"Para garantizar la presentaci\u00f3n de m\u00e1s ofertas, la licitaci\u00f3n de la Terminal de \u00d3mnibus de Santa Rosa, fijada inicialmente para el 30 de noviembre, se prorrog\u00f3 para el 14 de&hellip;\" \/>\n<meta property=\"og:url\" content=\"https:\/\/diariotextual.com\/inicio\/index.php\/2022\/11\/25\/se-prorrogo-para-el-14-de-diciembre-la-licitacion-de-la-terminal-de-omnibus\/\" \/>\n<meta property=\"og:site_name\" content=\"Diario Textual\" \/>\n<meta property=\"article:publisher\" content=\"https:\/\/www.facebook.com\/eltextual\" \/>\n<meta property=\"article:published_time\" content=\"2022-11-25T17:34:50+00:00\" \/>\n<meta property=\"article:modified_time\" content=\"2022-11-25T20:21:11+00:00\" \/>\n<meta property=\"og:image\" content=\"https:\/\/diariotextual.com\/inicio\/wp-content\/uploads\/2022\/10\/terminaldeomnibusnuevarender2022-1.jpeg\" \/>\n\t<meta property=\"og:image:width\" content=\"1280\" \/>\n\t<meta property=\"og:image:height\" content=\"637\" \/>\n\t<meta property=\"og:image:type\" content=\"image\/jpeg\" \/>\n<meta name=\"author\" content=\"diario2\" \/>\n<meta name=\"twitter:card\" content=\"summary_large_image\" \/>\n<meta name=\"twitter:creator\" content=\"@eltextual\" \/>\n<meta name=\"twitter:site\" content=\"@eltextual\" \/>\n<meta name=\"twitter:label1\" content=\"Escrito por\" \/>\n\t<meta name=\"twitter:data1\" content=\"diario2\" \/>\n\t<meta name=\"twitter:label2\" content=\"Tiempo de lectura\" \/>\n\t<meta name=\"twitter:data2\" content=\"3 minutos\" \/>\n<script type=\"application\/ld+json\" class=\"yoast-schema-graph\">{\"@context\":\"https:\\\/\\\/schema.org\",\"@graph\":[{\"@type\":\"Article\",\"@id\":\"https:\\\/\\\/diariotextual.com\\\/inicio\\\/index.php\\\/2022\\\/11\\\/25\\\/se-prorrogo-para-el-14-de-diciembre-la-licitacion-de-la-terminal-de-omnibus\\\/#article\",\"isPartOf\":{\"@id\":\"https:\\\/\\\/diariotextual.com\\\/inicio\\\/index.php\\\/2022\\\/11\\\/25\\\/se-prorrogo-para-el-14-de-diciembre-la-licitacion-de-la-terminal-de-omnibus\\\/\"},\"author\":{\"name\":\"diario2\",\"@id\":\"https:\\\/\\\/diariotextual.com\\\/inicio\\\/#\\\/schema\\\/person\\\/694f60677f23c4a530867a98f22b3768\"},\"headline\":\"Se prorrog\u00f3 para el 14 de diciembre la licitaci\u00f3n de la Terminal de \u00d3mnibus\",\"datePublished\":\"2022-11-25T17:34:50+00:00\",\"dateModified\":\"2022-11-25T20:21:11+00:00\",\"mainEntityOfPage\":{\"@id\":\"https:\\\/\\\/diariotextual.com\\\/inicio\\\/index.php\\\/2022\\\/11\\\/25\\\/se-prorrogo-para-el-14-de-diciembre-la-licitacion-de-la-terminal-de-omnibus\\\/\"},\"wordCount\":665,\"publisher\":{\"@id\":\"https:\\\/\\\/diariotextual.com\\\/inicio\\\/#organization\"},\"image\":{\"@id\":\"https:\\\/\\\/diariotextual.com\\\/inicio\\\/index.php\\\/2022\\\/11\\\/25\\\/se-prorrogo-para-el-14-de-diciembre-la-licitacion-de-la-terminal-de-omnibus\\\/#primaryimage\"},\"thumbnailUrl\":\"https:\\\/\\\/diariotextual.com\\\/inicio\\\/wp-content\\\/uploads\\\/2022\\\/10\\\/terminaldeomnibusnuevarender2022-1.jpeg\",\"articleSection\":[\"A - ES NOTICIA (van abajo)\",\"SOCIEDAD\"],\"inLanguage\":\"es\"},{\"@type\":\"WebPage\",\"@id\":\"https:\\\/\\\/diariotextual.com\\\/inicio\\\/index.php\\\/2022\\\/11\\\/25\\\/se-prorrogo-para-el-14-de-diciembre-la-licitacion-de-la-terminal-de-omnibus\\\/\",\"url\":\"https:\\\/\\\/diariotextual.com\\\/inicio\\\/index.php\\\/2022\\\/11\\\/25\\\/se-prorrogo-para-el-14-de-diciembre-la-licitacion-de-la-terminal-de-omnibus\\\/\",\"name\":\"Se prorrog\u00f3 para el 14 de diciembre la licitaci\u00f3n de la Terminal de \u00d3mnibus - Diario Textual\",\"isPartOf\":{\"@id\":\"https:\\\/\\\/diariotextual.com\\\/inicio\\\/#website\"},\"primaryImageOfPage\":{\"@id\":\"https:\\\/\\\/diariotextual.com\\\/inicio\\\/index.php\\\/2022\\\/11\\\/25\\\/se-prorrogo-para-el-14-de-diciembre-la-licitacion-de-la-terminal-de-omnibus\\\/#primaryimage\"},\"image\":{\"@id\":\"https:\\\/\\\/diariotextual.com\\\/inicio\\\/index.php\\\/2022\\\/11\\\/25\\\/se-prorrogo-para-el-14-de-diciembre-la-licitacion-de-la-terminal-de-omnibus\\\/#primaryimage\"},\"thumbnailUrl\":\"https:\\\/\\\/diariotextual.com\\\/inicio\\\/wp-content\\\/uploads\\\/2022\\\/10\\\/terminaldeomnibusnuevarender2022-1.jpeg\",\"datePublished\":\"2022-11-25T17:34:50+00:00\",\"dateModified\":\"2022-11-25T20:21:11+00:00\",\"breadcrumb\":{\"@id\":\"https:\\\/\\\/diariotextual.com\\\/inicio\\\/index.php\\\/2022\\\/11\\\/25\\\/se-prorrogo-para-el-14-de-diciembre-la-licitacion-de-la-terminal-de-omnibus\\\/#breadcrumb\"},\"inLanguage\":\"es\",\"potentialAction\":[{\"@type\":\"ReadAction\",\"target\":[\"https:\\\/\\\/diariotextual.com\\\/inicio\\\/index.php\\\/2022\\\/11\\\/25\\\/se-prorrogo-para-el-14-de-diciembre-la-licitacion-de-la-terminal-de-omnibus\\\/\"]}]},{\"@type\":\"ImageObject\",\"inLanguage\":\"es\",\"@id\":\"https:\\\/\\\/diariotextual.com\\\/inicio\\\/index.php\\\/2022\\\/11\\\/25\\\/se-prorrogo-para-el-14-de-diciembre-la-licitacion-de-la-terminal-de-omnibus\\\/#primaryimage\",\"url\":\"https:\\\/\\\/diariotextual.com\\\/inicio\\\/wp-content\\\/uploads\\\/2022\\\/10\\\/terminaldeomnibusnuevarender2022-1.jpeg\",\"contentUrl\":\"https:\\\/\\\/diariotextual.com\\\/inicio\\\/wp-content\\\/uploads\\\/2022\\\/10\\\/terminaldeomnibusnuevarender2022-1.jpeg\",\"width\":1280,\"height\":637},{\"@type\":\"BreadcrumbList\",\"@id\":\"https:\\\/\\\/diariotextual.com\\\/inicio\\\/index.php\\\/2022\\\/11\\\/25\\\/se-prorrogo-para-el-14-de-diciembre-la-licitacion-de-la-terminal-de-omnibus\\\/#breadcrumb\",\"itemListElement\":[{\"@type\":\"ListItem\",\"position\":1,\"name\":\"Portada\",\"item\":\"https:\\\/\\\/diariotextual.com\\\/inicio\\\/\"},{\"@type\":\"ListItem\",\"position\":2,\"name\":\"Se prorrog\u00f3 para el 14 de diciembre la licitaci\u00f3n de la Terminal de \u00d3mnibus\"}]},{\"@type\":\"WebSite\",\"@id\":\"https:\\\/\\\/diariotextual.com\\\/inicio\\\/#website\",\"url\":\"https:\\\/\\\/diariotextual.com\\\/inicio\\\/\",\"name\":\"Diario Textual\",\"description\":\"\",\"publisher\":{\"@id\":\"https:\\\/\\\/diariotextual.com\\\/inicio\\\/#organization\"},\"potentialAction\":[{\"@type\":\"SearchAction\",\"target\":{\"@type\":\"EntryPoint\",\"urlTemplate\":\"https:\\\/\\\/diariotextual.com\\\/inicio\\\/?s={search_term_string}\"},\"query-input\":{\"@type\":\"PropertyValueSpecification\",\"valueRequired\":true,\"valueName\":\"search_term_string\"}}],\"inLanguage\":\"es\"},{\"@type\":\"Organization\",\"@id\":\"https:\\\/\\\/diariotextual.com\\\/inicio\\\/#organization\",\"name\":\"Diario Textual\",\"url\":\"https:\\\/\\\/diariotextual.com\\\/inicio\\\/\",\"logo\":{\"@type\":\"ImageObject\",\"inLanguage\":\"es\",\"@id\":\"https:\\\/\\\/diariotextual.com\\\/inicio\\\/#\\\/schema\\\/logo\\\/image\\\/\",\"url\":\"https:\\\/\\\/diariotextual.com\\\/inicio\\\/wp-content\\\/uploads\\\/2023\\\/05\\\/logotextual1.jpg\",\"contentUrl\":\"https:\\\/\\\/diariotextual.com\\\/inicio\\\/wp-content\\\/uploads\\\/2023\\\/05\\\/logotextual1.jpg\",\"width\":516,\"height\":76,\"caption\":\"Diario Textual\"},\"image\":{\"@id\":\"https:\\\/\\\/diariotextual.com\\\/inicio\\\/#\\\/schema\\\/logo\\\/image\\\/\"},\"sameAs\":[\"https:\\\/\\\/www.facebook.com\\\/eltextual\",\"https:\\\/\\\/x.com\\\/eltextual\",\"http:\\\/\\\/www.instagram.com\\\/eltextual\"]},{\"@type\":\"Person\",\"@id\":\"https:\\\/\\\/diariotextual.com\\\/inicio\\\/#\\\/schema\\\/person\\\/694f60677f23c4a530867a98f22b3768\",\"name\":\"diario2\",\"image\":{\"@type\":\"ImageObject\",\"inLanguage\":\"es\",\"@id\":\"https:\\\/\\\/secure.gravatar.com\\\/avatar\\\/5a2567495ba16b852fcd8f1ed006a2e24fcace936018ed8237e95f488ad6e0a7?s=96&d=mm&r=g\",\"url\":\"https:\\\/\\\/secure.gravatar.com\\\/avatar\\\/5a2567495ba16b852fcd8f1ed006a2e24fcace936018ed8237e95f488ad6e0a7?s=96&d=mm&r=g\",\"contentUrl\":\"https:\\\/\\\/secure.gravatar.com\\\/avatar\\\/5a2567495ba16b852fcd8f1ed006a2e24fcace936018ed8237e95f488ad6e0a7?s=96&d=mm&r=g\",\"caption\":\"diario2\"},\"url\":\"https:\\\/\\\/diariotextual.com\\\/inicio\\\/index.php\\\/author\\\/diario2\\\/\"}]}<\/script>\n<!-- \/ Yoast SEO plugin. -->","yoast_head_json":{"title":"Se prorrog\u00f3 para el 14 de diciembre la licitaci\u00f3n de la Terminal de \u00d3mnibus - Diario Textual","robots":{"index":"index","follow":"follow","max-snippet":"max-snippet:-1","max-image-preview":"max-image-preview:large","max-video-preview":"max-video-preview:-1"},"canonical":"https:\/\/diariotextual.com\/inicio\/index.php\/2022\/11\/25\/se-prorrogo-para-el-14-de-diciembre-la-licitacion-de-la-terminal-de-omnibus\/","og_locale":"es_ES","og_type":"article","og_title":"Se prorrog\u00f3 para el 14 de diciembre la licitaci\u00f3n de la Terminal de \u00d3mnibus - Diario Textual","og_description":"Para garantizar la presentaci\u00f3n de m\u00e1s ofertas, la licitaci\u00f3n de la Terminal de \u00d3mnibus de Santa Rosa, fijada inicialmente para el 30 de noviembre, se prorrog\u00f3 para el 14 de&hellip;","og_url":"https:\/\/diariotextual.com\/inicio\/index.php\/2022\/11\/25\/se-prorrogo-para-el-14-de-diciembre-la-licitacion-de-la-terminal-de-omnibus\/","og_site_name":"Diario Textual","article_publisher":"https:\/\/www.facebook.com\/eltextual","article_published_time":"2022-11-25T17:34:50+00:00","article_modified_time":"2022-11-25T20:21:11+00:00","og_image":[{"width":1280,"height":637,"url":"https:\/\/diariotextual.com\/inicio\/wp-content\/uploads\/2022\/10\/terminaldeomnibusnuevarender2022-1.jpeg","type":"image\/jpeg"}],"author":"diario2","twitter_card":"summary_large_image","twitter_creator":"@eltextual","twitter_site":"@eltextual","twitter_misc":{"Escrito por":"diario2","Tiempo de lectura":"3 minutos"},"schema":{"@context":"https:\/\/schema.org","@graph":[{"@type":"Article","@id":"https:\/\/diariotextual.com\/inicio\/index.php\/2022\/11\/25\/se-prorrogo-para-el-14-de-diciembre-la-licitacion-de-la-terminal-de-omnibus\/#article","isPartOf":{"@id":"https:\/\/diariotextual.com\/inicio\/index.php\/2022\/11\/25\/se-prorrogo-para-el-14-de-diciembre-la-licitacion-de-la-terminal-de-omnibus\/"},"author":{"name":"diario2","@id":"https:\/\/diariotextual.com\/inicio\/#\/schema\/person\/694f60677f23c4a530867a98f22b3768"},"headline":"Se prorrog\u00f3 para el 14 de diciembre la licitaci\u00f3n de la Terminal de \u00d3mnibus","datePublished":"2022-11-25T17:34:50+00:00","dateModified":"2022-11-25T20:21:11+00:00","mainEntityOfPage":{"@id":"https:\/\/diariotextual.com\/inicio\/index.php\/2022\/11\/25\/se-prorrogo-para-el-14-de-diciembre-la-licitacion-de-la-terminal-de-omnibus\/"},"wordCount":665,"publisher":{"@id":"https:\/\/diariotextual.com\/inicio\/#organization"},"image":{"@id":"https:\/\/diariotextual.com\/inicio\/index.php\/2022\/11\/25\/se-prorrogo-para-el-14-de-diciembre-la-licitacion-de-la-terminal-de-omnibus\/#primaryimage"},"thumbnailUrl":"https:\/\/diariotextual.com\/inicio\/wp-content\/uploads\/2022\/10\/terminaldeomnibusnuevarender2022-1.jpeg","articleSection":["A - ES NOTICIA (van abajo)","SOCIEDAD"],"inLanguage":"es"},{"@type":"WebPage","@id":"https:\/\/diariotextual.com\/inicio\/index.php\/2022\/11\/25\/se-prorrogo-para-el-14-de-diciembre-la-licitacion-de-la-terminal-de-omnibus\/","url":"https:\/\/diariotextual.com\/inicio\/index.php\/2022\/11\/25\/se-prorrogo-para-el-14-de-diciembre-la-licitacion-de-la-terminal-de-omnibus\/","name":"Se prorrog\u00f3 para el 14 de diciembre la licitaci\u00f3n de la Terminal de \u00d3mnibus - Diario Textual","isPartOf":{"@id":"https:\/\/diariotextual.com\/inicio\/#website"},"primaryImageOfPage":{"@id":"https:\/\/diariotextual.com\/inicio\/index.php\/2022\/11\/25\/se-prorrogo-para-el-14-de-diciembre-la-licitacion-de-la-terminal-de-omnibus\/#primaryimage"},"image":{"@id":"https:\/\/diariotextual.com\/inicio\/index.php\/2022\/11\/25\/se-prorrogo-para-el-14-de-diciembre-la-licitacion-de-la-terminal-de-omnibus\/#primaryimage"},"thumbnailUrl":"https:\/\/diariotextual.com\/inicio\/wp-content\/uploads\/2022\/10\/terminaldeomnibusnuevarender2022-1.jpeg","datePublished":"2022-11-25T17:34:50+00:00","dateModified":"2022-11-25T20:21:11+00:00","breadcrumb":{"@id":"https:\/\/diariotextual.com\/inicio\/index.php\/2022\/11\/25\/se-prorrogo-para-el-14-de-diciembre-la-licitacion-de-la-terminal-de-omnibus\/#breadcrumb"},"inLanguage":"es","potentialAction":[{"@type":"ReadAction","target":["https:\/\/diariotextual.com\/inicio\/index.php\/2022\/11\/25\/se-prorrogo-para-el-14-de-diciembre-la-licitacion-de-la-terminal-de-omnibus\/"]}]},{"@type":"ImageObject","inLanguage":"es","@id":"https:\/\/diariotextual.com\/inicio\/index.php\/2022\/11\/25\/se-prorrogo-para-el-14-de-diciembre-la-licitacion-de-la-terminal-de-omnibus\/#primaryimage","url":"https:\/\/diariotextual.com\/inicio\/wp-content\/uploads\/2022\/10\/terminaldeomnibusnuevarender2022-1.jpeg","contentUrl":"https:\/\/diariotextual.com\/inicio\/wp-content\/uploads\/2022\/10\/terminaldeomnibusnuevarender2022-1.jpeg","width":1280,"height":637},{"@type":"BreadcrumbList","@id":"https:\/\/diariotextual.com\/inicio\/index.php\/2022\/11\/25\/se-prorrogo-para-el-14-de-diciembre-la-licitacion-de-la-terminal-de-omnibus\/#breadcrumb","itemListElement":[{"@type":"ListItem","position":1,"name":"Portada","item":"https:\/\/diariotextual.com\/inicio\/"},{"@type":"ListItem","position":2,"name":"Se prorrog\u00f3 para el 14 de diciembre la licitaci\u00f3n de la Terminal de \u00d3mnibus"}]},{"@type":"WebSite","@id":"https:\/\/diariotextual.com\/inicio\/#website","url":"https:\/\/diariotextual.com\/inicio\/","name":"Diario Textual","description":"","publisher":{"@id":"https:\/\/diariotextual.com\/inicio\/#organization"},"potentialAction":[{"@type":"SearchAction","target":{"@type":"EntryPoint","urlTemplate":"https:\/\/diariotextual.com\/inicio\/?s={search_term_string}"},"query-input":{"@type":"PropertyValueSpecification","valueRequired":true,"valueName":"search_term_string"}}],"inLanguage":"es"},{"@type":"Organization","@id":"https:\/\/diariotextual.com\/inicio\/#organization","name":"Diario Textual","url":"https:\/\/diariotextual.com\/inicio\/","logo":{"@type":"ImageObject","inLanguage":"es","@id":"https:\/\/diariotextual.com\/inicio\/#\/schema\/logo\/image\/","url":"https:\/\/diariotextual.com\/inicio\/wp-content\/uploads\/2023\/05\/logotextual1.jpg","contentUrl":"https:\/\/diariotextual.com\/inicio\/wp-content\/uploads\/2023\/05\/logotextual1.jpg","width":516,"height":76,"caption":"Diario Textual"},"image":{"@id":"https:\/\/diariotextual.com\/inicio\/#\/schema\/logo\/image\/"},"sameAs":["https:\/\/www.facebook.com\/eltextual","https:\/\/x.com\/eltextual","http:\/\/www.instagram.com\/eltextual"]},{"@type":"Person","@id":"https:\/\/diariotextual.com\/inicio\/#\/schema\/person\/694f60677f23c4a530867a98f22b3768","name":"diario2","image":{"@type":"ImageObject","inLanguage":"es","@id":"https:\/\/secure.gravatar.com\/avatar\/5a2567495ba16b852fcd8f1ed006a2e24fcace936018ed8237e95f488ad6e0a7?s=96&d=mm&r=g","url":"https:\/\/secure.gravatar.com\/avatar\/5a2567495ba16b852fcd8f1ed006a2e24fcace936018ed8237e95f488ad6e0a7?s=96&d=mm&r=g","contentUrl":"https:\/\/secure.gravatar.com\/avatar\/5a2567495ba16b852fcd8f1ed006a2e24fcace936018ed8237e95f488ad6e0a7?s=96&d=mm&r=g","caption":"diario2"},"url":"https:\/\/diariotextual.com\/inicio\/index.php\/author\/diario2\/"}]}},"_links":{"self":[{"href":"https:\/\/diariotextual.com\/inicio\/index.php\/wp-json\/wp\/v2\/posts\/208344","targetHints":{"allow":["GET"]}}],"collection":[{"href":"https:\/\/diariotextual.com\/inicio\/index.php\/wp-json\/wp\/v2\/posts"}],"about":[{"href":"https:\/\/diariotextual.com\/inicio\/index.php\/wp-json\/wp\/v2\/types\/post"}],"author":[{"embeddable":true,"href":"https:\/\/diariotextual.com\/inicio\/index.php\/wp-json\/wp\/v2\/users\/4"}],"replies":[{"embeddable":true,"href":"https:\/\/diariotextual.com\/inicio\/index.php\/wp-json\/wp\/v2\/comments?post=208344"}],"version-history":[{"count":3,"href":"https:\/\/diariotextual.com\/inicio\/index.php\/wp-json\/wp\/v2\/posts\/208344\/revisions"}],"predecessor-version":[{"id":208348,"href":"https:\/\/diariotextual.com\/inicio\/index.php\/wp-json\/wp\/v2\/posts\/208344\/revisions\/208348"}],"wp:featuredmedia":[{"embeddable":true,"href":"https:\/\/diariotextual.com\/inicio\/index.php\/wp-json\/wp\/v2\/media\/205056"}],"wp:attachment":[{"href":"https:\/\/diariotextual.com\/inicio\/index.php\/wp-json\/wp\/v2\/media?parent=208344"}],"wp:term":[{"taxonomy":"category","embeddable":true,"href":"https:\/\/diariotextual.com\/inicio\/index.php\/wp-json\/wp\/v2\/categories?post=208344"},{"taxonomy":"post_tag","embeddable":true,"href":"https:\/\/diariotextual.com\/inicio\/index.php\/wp-json\/wp\/v2\/tags?post=208344"}],"curies":[{"name":"wp","href":"https:\/\/api.w.org\/{rel}","templated":true}]}}