{"id":208350,"date":"2022-11-25T15:02:29","date_gmt":"2022-11-25T18:02:29","guid":{"rendered":"https:\/\/diariotextual.com\/inicio\/?p=208350"},"modified":"2022-11-25T15:02:32","modified_gmt":"2022-11-25T18:02:32","slug":"metileo-la-adela-pichi-huinca-y-trenel-beneficiadas-con-el-alumbrado-led","status":"publish","type":"post","link":"https:\/\/diariotextual.com\/inicio\/index.php\/2022\/11\/25\/metileo-la-adela-pichi-huinca-y-trenel-beneficiadas-con-el-alumbrado-led\/","title":{"rendered":"Metileo, La Adela, Pichi Huinca y Trenel beneficiadas con el Alumbrado LED"},"content":{"rendered":"\n<p>Los intendentes de <strong>Metileo, Juan Carlos Pavoni, de La Adela, Juan Barrionuevo,\u00a0de Pichi Huinca, Carlos Ferrero y de Trenel, Horacio Lorenzo<\/strong>, fueron parte de los jefes comunales presentes hoy en el sal\u00f3n social del\u00a0Club Sportivo y Deportivo Winifreda, para la firma del\u00a0convenio con el Gobierno de La Pampa en el marco del <strong>Plan de Alumbrado P\u00fablico Eficiente e Inteligente.<\/strong><\/p>\n\n\n\n<p>Pavoni cont\u00f3 que la localidad ya posee el 100% de luminarias LED y que el nuevo proyecto incluye la dotaci\u00f3n de l\u00edneas de media tensi\u00f3n con iluminaci\u00f3n en loteo residencial sobre Ruta 102 entre calles 2 y 104. Los trabajos tienen un presupuesto de $2.500.000 y un plazo de ejecuci\u00f3n de 30 d\u00edas (se realizar\u00e1 el primer mes de 2023).\u00a0<\/p>\n\n\n\n<p>Otro de los jefes comunales que firm\u00f3 convenio con la Secretar\u00eda de Energ\u00eda y Miner\u00eda fue Juan Barrionuevo, de La Adela, donde se entregar\u00e1n 222 luminarias LED a fin de avanzar con el recambio.\u00a0Actualmente son 731 las luminarias en la localidad de las cuales solo 159 son con tecnolog\u00eda LED, as\u00ed se suman estas 222 para avanzar no solo en mejor iluminaci\u00f3n sino fundamentalmente en la eficiencia energ\u00e9tica y cuidado del ambiente.<\/p>\n\n\n\n<p>Por su parte, el presidente de la Comisi\u00f3n de Fomento de Pichi Huinca, Carlos Ferrero, inform\u00f3 a la Agencia Provincial de Noticias que se desarrollar\u00e1 la ampliaci\u00f3n del alumbrado p\u00fablico y que adem\u00e1s, se realizar\u00e1 la primera etapa de la iluminaci\u00f3n del acceso a la localidad. El intendente de Trenel, Horacio Lorenzo, cont\u00f3 que el convenio es por 330 luminarias, que ser\u00e1n distribuidas en algunos barrios, en Acceso \u201cRub\u00e9n Mar\u00edn\u201d y, de ser posible, completar el otro acceso a la localidad. \u201cCon esto no completamos el 100% de las luminarias pero estamos en un porcentaje muy alto\u201d, a\u00f1adi\u00f3.<\/p>\n\n\n\n<figure class=\"wp-block-embed is-type-wp-embed is-provider-diario-textual wp-block-embed-diario-textual\"><div class=\"wp-block-embed__wrapper\">\n<blockquote class=\"wp-embedded-content\" data-secret=\"P7hSvE8PXw\"><a href=\"https:\/\/diariotextual.com\/inicio\/index.php\/2022\/11\/24\/alumbrado-publico-el-53-de-la-pampa-contara-con-tecnologia-led\/\">Alumbrado p\u00fablico: el 53% de La Pampa contar\u00e1 con tecnolog\u00eda Led<\/a><\/blockquote><iframe class=\"wp-embedded-content\" sandbox=\"allow-scripts\" security=\"restricted\" style=\"position: absolute; clip: rect(1px, 1px, 1px, 1px);\" title=\"\u00abAlumbrado p\u00fablico: el 53% de La Pampa contar\u00e1 con tecnolog\u00eda Led\u00bb \u2014 Diario Textual\" src=\"https:\/\/diariotextual.com\/inicio\/index.php\/2022\/11\/24\/alumbrado-publico-el-53-de-la-pampa-contara-con-tecnologia-led\/embed\/#?secret=TkfxYOApgA#?secret=P7hSvE8PXw\" data-secret=\"P7hSvE8PXw\" width=\"600\" height=\"338\" frameborder=\"0\" marginwidth=\"0\" marginheight=\"0\" scrolling=\"no\"><\/iframe>\n<\/div><\/figure>\n","protected":false},"excerpt":{"rendered":"<p>Los intendentes de Metileo, Juan Carlos Pavoni, de La Adela, Juan Barrionuevo,\u00a0de Pichi Huinca, Carlos Ferrero y de Trenel, Horacio Lorenzo, fueron parte de los jefes comunales presentes hoy en&hellip;<\/p>\n","protected":false},"author":4,"featured_media":208352,"comment_status":"closed","ping_status":"open","sticky":false,"template":"","format":"standard","meta":{"_acf_changed":false,"footnotes":""},"categories":[1,12],"tags":[],"class_list":["post-208350","post","type-post","status-publish","format-standard","has-post-thumbnail","hentry","category-es-noticia","category-sociedad"],"acf":[],"yoast_head":"<!-- This site is optimized with the Yoast SEO plugin v27.5 - https:\/\/yoast.com\/product\/yoast-seo-wordpress\/ -->\n<title>Metileo, La Adela, Pichi Huinca y Trenel beneficiadas con el Alumbrado LED - Diario Textual<\/title>\n<meta name=\"robots\" content=\"index, follow, max-snippet:-1, max-image-preview:large, max-video-preview:-1\" \/>\n<link rel=\"canonical\" href=\"https:\/\/diariotextual.com\/inicio\/index.php\/2022\/11\/25\/metileo-la-adela-pichi-huinca-y-trenel-beneficiadas-con-el-alumbrado-led\/\" \/>\n<meta property=\"og:locale\" content=\"es_ES\" \/>\n<meta property=\"og:type\" content=\"article\" \/>\n<meta property=\"og:title\" content=\"Metileo, La Adela, Pichi Huinca y Trenel beneficiadas con el Alumbrado LED - Diario Textual\" \/>\n<meta property=\"og:description\" content=\"Los intendentes de Metileo, Juan Carlos Pavoni, de La Adela, Juan Barrionuevo,\u00a0de Pichi Huinca, Carlos Ferrero y de Trenel, Horacio Lorenzo, fueron parte de los jefes comunales presentes hoy en&hellip;\" \/>\n<meta property=\"og:url\" content=\"https:\/\/diariotextual.com\/inicio\/index.php\/2022\/11\/25\/metileo-la-adela-pichi-huinca-y-trenel-beneficiadas-con-el-alumbrado-led\/\" \/>\n<meta property=\"og:site_name\" content=\"Diario Textual\" \/>\n<meta property=\"article:publisher\" content=\"https:\/\/www.facebook.com\/eltextual\" \/>\n<meta property=\"article:published_time\" content=\"2022-11-25T18:02:29+00:00\" \/>\n<meta property=\"article:modified_time\" content=\"2022-11-25T18:02:32+00:00\" \/>\n<meta property=\"og:image\" content=\"https:\/\/diariotextual.com\/inicio\/wp-content\/uploads\/2022\/11\/alumbradoled654.jpg\" \/>\n\t<meta property=\"og:image:width\" content=\"1000\" \/>\n\t<meta property=\"og:image:height\" content=\"563\" \/>\n\t<meta property=\"og:image:type\" content=\"image\/jpeg\" \/>\n<meta name=\"author\" content=\"diario2\" \/>\n<meta name=\"twitter:card\" content=\"summary_large_image\" \/>\n<meta name=\"twitter:creator\" content=\"@eltextual\" \/>\n<meta name=\"twitter:site\" content=\"@eltextual\" \/>\n<meta name=\"twitter:label1\" content=\"Escrito por\" \/>\n\t<meta name=\"twitter:data1\" content=\"diario2\" \/>\n\t<meta name=\"twitter:label2\" content=\"Tiempo de lectura\" \/>\n\t<meta name=\"twitter:data2\" content=\"2 minutos\" \/>\n<script type=\"application\/ld+json\" class=\"yoast-schema-graph\">{\"@context\":\"https:\\\/\\\/schema.org\",\"@graph\":[{\"@type\":\"Article\",\"@id\":\"https:\\\/\\\/diariotextual.com\\\/inicio\\\/index.php\\\/2022\\\/11\\\/25\\\/metileo-la-adela-pichi-huinca-y-trenel-beneficiadas-con-el-alumbrado-led\\\/#article\",\"isPartOf\":{\"@id\":\"https:\\\/\\\/diariotextual.com\\\/inicio\\\/index.php\\\/2022\\\/11\\\/25\\\/metileo-la-adela-pichi-huinca-y-trenel-beneficiadas-con-el-alumbrado-led\\\/\"},\"author\":{\"name\":\"diario2\",\"@id\":\"https:\\\/\\\/diariotextual.com\\\/inicio\\\/#\\\/schema\\\/person\\\/694f60677f23c4a530867a98f22b3768\"},\"headline\":\"Metileo, La Adela, Pichi Huinca y Trenel beneficiadas con el Alumbrado LED\",\"datePublished\":\"2022-11-25T18:02:29+00:00\",\"dateModified\":\"2022-11-25T18:02:32+00:00\",\"mainEntityOfPage\":{\"@id\":\"https:\\\/\\\/diariotextual.com\\\/inicio\\\/index.php\\\/2022\\\/11\\\/25\\\/metileo-la-adela-pichi-huinca-y-trenel-beneficiadas-con-el-alumbrado-led\\\/\"},\"wordCount\":324,\"publisher\":{\"@id\":\"https:\\\/\\\/diariotextual.com\\\/inicio\\\/#organization\"},\"image\":{\"@id\":\"https:\\\/\\\/diariotextual.com\\\/inicio\\\/index.php\\\/2022\\\/11\\\/25\\\/metileo-la-adela-pichi-huinca-y-trenel-beneficiadas-con-el-alumbrado-led\\\/#primaryimage\"},\"thumbnailUrl\":\"https:\\\/\\\/diariotextual.com\\\/inicio\\\/wp-content\\\/uploads\\\/2022\\\/11\\\/alumbradoled654.jpg\",\"articleSection\":[\"A - ES NOTICIA (van abajo)\",\"SOCIEDAD\"],\"inLanguage\":\"es\"},{\"@type\":\"WebPage\",\"@id\":\"https:\\\/\\\/diariotextual.com\\\/inicio\\\/index.php\\\/2022\\\/11\\\/25\\\/metileo-la-adela-pichi-huinca-y-trenel-beneficiadas-con-el-alumbrado-led\\\/\",\"url\":\"https:\\\/\\\/diariotextual.com\\\/inicio\\\/index.php\\\/2022\\\/11\\\/25\\\/metileo-la-adela-pichi-huinca-y-trenel-beneficiadas-con-el-alumbrado-led\\\/\",\"name\":\"Metileo, La Adela, Pichi Huinca y Trenel beneficiadas con el Alumbrado LED - Diario Textual\",\"isPartOf\":{\"@id\":\"https:\\\/\\\/diariotextual.com\\\/inicio\\\/#website\"},\"primaryImageOfPage\":{\"@id\":\"https:\\\/\\\/diariotextual.com\\\/inicio\\\/index.php\\\/2022\\\/11\\\/25\\\/metileo-la-adela-pichi-huinca-y-trenel-beneficiadas-con-el-alumbrado-led\\\/#primaryimage\"},\"image\":{\"@id\":\"https:\\\/\\\/diariotextual.com\\\/inicio\\\/index.php\\\/2022\\\/11\\\/25\\\/metileo-la-adela-pichi-huinca-y-trenel-beneficiadas-con-el-alumbrado-led\\\/#primaryimage\"},\"thumbnailUrl\":\"https:\\\/\\\/diariotextual.com\\\/inicio\\\/wp-content\\\/uploads\\\/2022\\\/11\\\/alumbradoled654.jpg\",\"datePublished\":\"2022-11-25T18:02:29+00:00\",\"dateModified\":\"2022-11-25T18:02:32+00:00\",\"breadcrumb\":{\"@id\":\"https:\\\/\\\/diariotextual.com\\\/inicio\\\/index.php\\\/2022\\\/11\\\/25\\\/metileo-la-adela-pichi-huinca-y-trenel-beneficiadas-con-el-alumbrado-led\\\/#breadcrumb\"},\"inLanguage\":\"es\",\"potentialAction\":[{\"@type\":\"ReadAction\",\"target\":[\"https:\\\/\\\/diariotextual.com\\\/inicio\\\/index.php\\\/2022\\\/11\\\/25\\\/metileo-la-adela-pichi-huinca-y-trenel-beneficiadas-con-el-alumbrado-led\\\/\"]}]},{\"@type\":\"ImageObject\",\"inLanguage\":\"es\",\"@id\":\"https:\\\/\\\/diariotextual.com\\\/inicio\\\/index.php\\\/2022\\\/11\\\/25\\\/metileo-la-adela-pichi-huinca-y-trenel-beneficiadas-con-el-alumbrado-led\\\/#primaryimage\",\"url\":\"https:\\\/\\\/diariotextual.com\\\/inicio\\\/wp-content\\\/uploads\\\/2022\\\/11\\\/alumbradoled654.jpg\",\"contentUrl\":\"https:\\\/\\\/diariotextual.com\\\/inicio\\\/wp-content\\\/uploads\\\/2022\\\/11\\\/alumbradoled654.jpg\",\"width\":1000,\"height\":563},{\"@type\":\"BreadcrumbList\",\"@id\":\"https:\\\/\\\/diariotextual.com\\\/inicio\\\/index.php\\\/2022\\\/11\\\/25\\\/metileo-la-adela-pichi-huinca-y-trenel-beneficiadas-con-el-alumbrado-led\\\/#breadcrumb\",\"itemListElement\":[{\"@type\":\"ListItem\",\"position\":1,\"name\":\"Portada\",\"item\":\"https:\\\/\\\/diariotextual.com\\\/inicio\\\/\"},{\"@type\":\"ListItem\",\"position\":2,\"name\":\"Metileo, La Adela, Pichi Huinca y Trenel beneficiadas con el Alumbrado LED\"}]},{\"@type\":\"WebSite\",\"@id\":\"https:\\\/\\\/diariotextual.com\\\/inicio\\\/#website\",\"url\":\"https:\\\/\\\/diariotextual.com\\\/inicio\\\/\",\"name\":\"Diario Textual\",\"description\":\"\",\"publisher\":{\"@id\":\"https:\\\/\\\/diariotextual.com\\\/inicio\\\/#organization\"},\"potentialAction\":[{\"@type\":\"SearchAction\",\"target\":{\"@type\":\"EntryPoint\",\"urlTemplate\":\"https:\\\/\\\/diariotextual.com\\\/inicio\\\/?s={search_term_string}\"},\"query-input\":{\"@type\":\"PropertyValueSpecification\",\"valueRequired\":true,\"valueName\":\"search_term_string\"}}],\"inLanguage\":\"es\"},{\"@type\":\"Organization\",\"@id\":\"https:\\\/\\\/diariotextual.com\\\/inicio\\\/#organization\",\"name\":\"Diario Textual\",\"url\":\"https:\\\/\\\/diariotextual.com\\\/inicio\\\/\",\"logo\":{\"@type\":\"ImageObject\",\"inLanguage\":\"es\",\"@id\":\"https:\\\/\\\/diariotextual.com\\\/inicio\\\/#\\\/schema\\\/logo\\\/image\\\/\",\"url\":\"https:\\\/\\\/diariotextual.com\\\/inicio\\\/wp-content\\\/uploads\\\/2023\\\/05\\\/logotextual1.jpg\",\"contentUrl\":\"https:\\\/\\\/diariotextual.com\\\/inicio\\\/wp-content\\\/uploads\\\/2023\\\/05\\\/logotextual1.jpg\",\"width\":516,\"height\":76,\"caption\":\"Diario Textual\"},\"image\":{\"@id\":\"https:\\\/\\\/diariotextual.com\\\/inicio\\\/#\\\/schema\\\/logo\\\/image\\\/\"},\"sameAs\":[\"https:\\\/\\\/www.facebook.com\\\/eltextual\",\"https:\\\/\\\/x.com\\\/eltextual\",\"http:\\\/\\\/www.instagram.com\\\/eltextual\"]},{\"@type\":\"Person\",\"@id\":\"https:\\\/\\\/diariotextual.com\\\/inicio\\\/#\\\/schema\\\/person\\\/694f60677f23c4a530867a98f22b3768\",\"name\":\"diario2\",\"image\":{\"@type\":\"ImageObject\",\"inLanguage\":\"es\",\"@id\":\"https:\\\/\\\/secure.gravatar.com\\\/avatar\\\/5a2567495ba16b852fcd8f1ed006a2e24fcace936018ed8237e95f488ad6e0a7?s=96&d=mm&r=g\",\"url\":\"https:\\\/\\\/secure.gravatar.com\\\/avatar\\\/5a2567495ba16b852fcd8f1ed006a2e24fcace936018ed8237e95f488ad6e0a7?s=96&d=mm&r=g\",\"contentUrl\":\"https:\\\/\\\/secure.gravatar.com\\\/avatar\\\/5a2567495ba16b852fcd8f1ed006a2e24fcace936018ed8237e95f488ad6e0a7?s=96&d=mm&r=g\",\"caption\":\"diario2\"},\"url\":\"https:\\\/\\\/diariotextual.com\\\/inicio\\\/index.php\\\/author\\\/diario2\\\/\"}]}<\/script>\n<!-- \/ Yoast SEO plugin. -->","yoast_head_json":{"title":"Metileo, La Adela, Pichi Huinca y Trenel beneficiadas con el Alumbrado LED - Diario Textual","robots":{"index":"index","follow":"follow","max-snippet":"max-snippet:-1","max-image-preview":"max-image-preview:large","max-video-preview":"max-video-preview:-1"},"canonical":"https:\/\/diariotextual.com\/inicio\/index.php\/2022\/11\/25\/metileo-la-adela-pichi-huinca-y-trenel-beneficiadas-con-el-alumbrado-led\/","og_locale":"es_ES","og_type":"article","og_title":"Metileo, La Adela, Pichi Huinca y Trenel beneficiadas con el Alumbrado LED - Diario Textual","og_description":"Los intendentes de Metileo, Juan Carlos Pavoni, de La Adela, Juan Barrionuevo,\u00a0de Pichi Huinca, Carlos Ferrero y de Trenel, Horacio Lorenzo, fueron parte de los jefes comunales presentes hoy en&hellip;","og_url":"https:\/\/diariotextual.com\/inicio\/index.php\/2022\/11\/25\/metileo-la-adela-pichi-huinca-y-trenel-beneficiadas-con-el-alumbrado-led\/","og_site_name":"Diario Textual","article_publisher":"https:\/\/www.facebook.com\/eltextual","article_published_time":"2022-11-25T18:02:29+00:00","article_modified_time":"2022-11-25T18:02:32+00:00","og_image":[{"width":1000,"height":563,"url":"https:\/\/diariotextual.com\/inicio\/wp-content\/uploads\/2022\/11\/alumbradoled654.jpg","type":"image\/jpeg"}],"author":"diario2","twitter_card":"summary_large_image","twitter_creator":"@eltextual","twitter_site":"@eltextual","twitter_misc":{"Escrito por":"diario2","Tiempo de lectura":"2 minutos"},"schema":{"@context":"https:\/\/schema.org","@graph":[{"@type":"Article","@id":"https:\/\/diariotextual.com\/inicio\/index.php\/2022\/11\/25\/metileo-la-adela-pichi-huinca-y-trenel-beneficiadas-con-el-alumbrado-led\/#article","isPartOf":{"@id":"https:\/\/diariotextual.com\/inicio\/index.php\/2022\/11\/25\/metileo-la-adela-pichi-huinca-y-trenel-beneficiadas-con-el-alumbrado-led\/"},"author":{"name":"diario2","@id":"https:\/\/diariotextual.com\/inicio\/#\/schema\/person\/694f60677f23c4a530867a98f22b3768"},"headline":"Metileo, La Adela, Pichi Huinca y Trenel beneficiadas con el Alumbrado LED","datePublished":"2022-11-25T18:02:29+00:00","dateModified":"2022-11-25T18:02:32+00:00","mainEntityOfPage":{"@id":"https:\/\/diariotextual.com\/inicio\/index.php\/2022\/11\/25\/metileo-la-adela-pichi-huinca-y-trenel-beneficiadas-con-el-alumbrado-led\/"},"wordCount":324,"publisher":{"@id":"https:\/\/diariotextual.com\/inicio\/#organization"},"image":{"@id":"https:\/\/diariotextual.com\/inicio\/index.php\/2022\/11\/25\/metileo-la-adela-pichi-huinca-y-trenel-beneficiadas-con-el-alumbrado-led\/#primaryimage"},"thumbnailUrl":"https:\/\/diariotextual.com\/inicio\/wp-content\/uploads\/2022\/11\/alumbradoled654.jpg","articleSection":["A - ES NOTICIA (van abajo)","SOCIEDAD"],"inLanguage":"es"},{"@type":"WebPage","@id":"https:\/\/diariotextual.com\/inicio\/index.php\/2022\/11\/25\/metileo-la-adela-pichi-huinca-y-trenel-beneficiadas-con-el-alumbrado-led\/","url":"https:\/\/diariotextual.com\/inicio\/index.php\/2022\/11\/25\/metileo-la-adela-pichi-huinca-y-trenel-beneficiadas-con-el-alumbrado-led\/","name":"Metileo, La Adela, Pichi Huinca y Trenel beneficiadas con el Alumbrado LED - Diario Textual","isPartOf":{"@id":"https:\/\/diariotextual.com\/inicio\/#website"},"primaryImageOfPage":{"@id":"https:\/\/diariotextual.com\/inicio\/index.php\/2022\/11\/25\/metileo-la-adela-pichi-huinca-y-trenel-beneficiadas-con-el-alumbrado-led\/#primaryimage"},"image":{"@id":"https:\/\/diariotextual.com\/inicio\/index.php\/2022\/11\/25\/metileo-la-adela-pichi-huinca-y-trenel-beneficiadas-con-el-alumbrado-led\/#primaryimage"},"thumbnailUrl":"https:\/\/diariotextual.com\/inicio\/wp-content\/uploads\/2022\/11\/alumbradoled654.jpg","datePublished":"2022-11-25T18:02:29+00:00","dateModified":"2022-11-25T18:02:32+00:00","breadcrumb":{"@id":"https:\/\/diariotextual.com\/inicio\/index.php\/2022\/11\/25\/metileo-la-adela-pichi-huinca-y-trenel-beneficiadas-con-el-alumbrado-led\/#breadcrumb"},"inLanguage":"es","potentialAction":[{"@type":"ReadAction","target":["https:\/\/diariotextual.com\/inicio\/index.php\/2022\/11\/25\/metileo-la-adela-pichi-huinca-y-trenel-beneficiadas-con-el-alumbrado-led\/"]}]},{"@type":"ImageObject","inLanguage":"es","@id":"https:\/\/diariotextual.com\/inicio\/index.php\/2022\/11\/25\/metileo-la-adela-pichi-huinca-y-trenel-beneficiadas-con-el-alumbrado-led\/#primaryimage","url":"https:\/\/diariotextual.com\/inicio\/wp-content\/uploads\/2022\/11\/alumbradoled654.jpg","contentUrl":"https:\/\/diariotextual.com\/inicio\/wp-content\/uploads\/2022\/11\/alumbradoled654.jpg","width":1000,"height":563},{"@type":"BreadcrumbList","@id":"https:\/\/diariotextual.com\/inicio\/index.php\/2022\/11\/25\/metileo-la-adela-pichi-huinca-y-trenel-beneficiadas-con-el-alumbrado-led\/#breadcrumb","itemListElement":[{"@type":"ListItem","position":1,"name":"Portada","item":"https:\/\/diariotextual.com\/inicio\/"},{"@type":"ListItem","position":2,"name":"Metileo, La Adela, Pichi Huinca y Trenel beneficiadas con el Alumbrado LED"}]},{"@type":"WebSite","@id":"https:\/\/diariotextual.com\/inicio\/#website","url":"https:\/\/diariotextual.com\/inicio\/","name":"Diario Textual","description":"","publisher":{"@id":"https:\/\/diariotextual.com\/inicio\/#organization"},"potentialAction":[{"@type":"SearchAction","target":{"@type":"EntryPoint","urlTemplate":"https:\/\/diariotextual.com\/inicio\/?s={search_term_string}"},"query-input":{"@type":"PropertyValueSpecification","valueRequired":true,"valueName":"search_term_string"}}],"inLanguage":"es"},{"@type":"Organization","@id":"https:\/\/diariotextual.com\/inicio\/#organization","name":"Diario Textual","url":"https:\/\/diariotextual.com\/inicio\/","logo":{"@type":"ImageObject","inLanguage":"es","@id":"https:\/\/diariotextual.com\/inicio\/#\/schema\/logo\/image\/","url":"https:\/\/diariotextual.com\/inicio\/wp-content\/uploads\/2023\/05\/logotextual1.jpg","contentUrl":"https:\/\/diariotextual.com\/inicio\/wp-content\/uploads\/2023\/05\/logotextual1.jpg","width":516,"height":76,"caption":"Diario Textual"},"image":{"@id":"https:\/\/diariotextual.com\/inicio\/#\/schema\/logo\/image\/"},"sameAs":["https:\/\/www.facebook.com\/eltextual","https:\/\/x.com\/eltextual","http:\/\/www.instagram.com\/eltextual"]},{"@type":"Person","@id":"https:\/\/diariotextual.com\/inicio\/#\/schema\/person\/694f60677f23c4a530867a98f22b3768","name":"diario2","image":{"@type":"ImageObject","inLanguage":"es","@id":"https:\/\/secure.gravatar.com\/avatar\/5a2567495ba16b852fcd8f1ed006a2e24fcace936018ed8237e95f488ad6e0a7?s=96&d=mm&r=g","url":"https:\/\/secure.gravatar.com\/avatar\/5a2567495ba16b852fcd8f1ed006a2e24fcace936018ed8237e95f488ad6e0a7?s=96&d=mm&r=g","contentUrl":"https:\/\/secure.gravatar.com\/avatar\/5a2567495ba16b852fcd8f1ed006a2e24fcace936018ed8237e95f488ad6e0a7?s=96&d=mm&r=g","caption":"diario2"},"url":"https:\/\/diariotextual.com\/inicio\/index.php\/author\/diario2\/"}]}},"_links":{"self":[{"href":"https:\/\/diariotextual.com\/inicio\/index.php\/wp-json\/wp\/v2\/posts\/208350","targetHints":{"allow":["GET"]}}],"collection":[{"href":"https:\/\/diariotextual.com\/inicio\/index.php\/wp-json\/wp\/v2\/posts"}],"about":[{"href":"https:\/\/diariotextual.com\/inicio\/index.php\/wp-json\/wp\/v2\/types\/post"}],"author":[{"embeddable":true,"href":"https:\/\/diariotextual.com\/inicio\/index.php\/wp-json\/wp\/v2\/users\/4"}],"replies":[{"embeddable":true,"href":"https:\/\/diariotextual.com\/inicio\/index.php\/wp-json\/wp\/v2\/comments?post=208350"}],"version-history":[{"count":2,"href":"https:\/\/diariotextual.com\/inicio\/index.php\/wp-json\/wp\/v2\/posts\/208350\/revisions"}],"predecessor-version":[{"id":208353,"href":"https:\/\/diariotextual.com\/inicio\/index.php\/wp-json\/wp\/v2\/posts\/208350\/revisions\/208353"}],"wp:featuredmedia":[{"embeddable":true,"href":"https:\/\/diariotextual.com\/inicio\/index.php\/wp-json\/wp\/v2\/media\/208352"}],"wp:attachment":[{"href":"https:\/\/diariotextual.com\/inicio\/index.php\/wp-json\/wp\/v2\/media?parent=208350"}],"wp:term":[{"taxonomy":"category","embeddable":true,"href":"https:\/\/diariotextual.com\/inicio\/index.php\/wp-json\/wp\/v2\/categories?post=208350"},{"taxonomy":"post_tag","embeddable":true,"href":"https:\/\/diariotextual.com\/inicio\/index.php\/wp-json\/wp\/v2\/tags?post=208350"}],"curies":[{"name":"wp","href":"https:\/\/api.w.org\/{rel}","templated":true}]}}