{"id":208354,"date":"2022-11-25T15:13:23","date_gmt":"2022-11-25T18:13:23","guid":{"rendered":"https:\/\/diariotextual.com\/inicio\/?p=208354"},"modified":"2022-11-25T15:13:25","modified_gmt":"2022-11-25T18:13:25","slug":"invitan-al-curso-el-camino-emprendedor","status":"publish","type":"post","link":"https:\/\/diariotextual.com\/inicio\/index.php\/2022\/11\/25\/invitan-al-curso-el-camino-emprendedor\/","title":{"rendered":"Invitan al curso \u201cEl camino emprendedor\u201d"},"content":{"rendered":"\n<p>En el marco de las acciones de acompa\u00f1amiento del sector emprendedor pampeano, el Ministerio de la Producci\u00f3n de la Provincia invit\u00f3 a participar de<strong>l curso \u201cEl camino emprendedor\u201d<\/strong>, organizado de manera conjunta con el Ministerio de Econom\u00eda de la Naci\u00f3n.<\/p>\n\n\n\n<p>A trav\u00e9s de la Direcci\u00f3n de Microemprendimientos y Micropymes se pondr\u00e1 en marcha una serie de Talleres del ciclo nacional \u201cCapacitar\u201d presenciales a llevarse a cabo a partir del \u00a0pr\u00f3ximo 28 de noviembre en la ciudad de Santa Rosa en la sede de la Uni\u00f3n Industrial (Av. Santiago Marzo Este N\u00b02196 esquina Gentili).<\/p>\n\n\n\n<p>El primer taller presencial ser\u00e1 sobre \u201cIdentificaci\u00f3n y validaci\u00f3n de oportunidades de negocios\u201d, se realizar\u00e1 el lunes 28, desde las 14, en la mencionada sede de UNILPA.<\/p>\n\n\n\n<p>Desde la organizaci\u00f3n se destac\u00f3 que es necesario que los interesados en participar completen su datos en el formulario de inscripci\u00f3n online a cada uno de los talleres. Link de inscripci\u00f3n online para este taller: <a href=\"https:\/\/bit.ly\/3VktRnv\" target=\"_blank\" rel=\"noreferrer noopener\">https:\/\/bit.ly\/3VktRnv\u00a0<\/a><\/p>\n\n\n\n<p>El taller presencial 2 ser\u00e1 sobre \u201cPropuesta de valor\u201d, se realizar\u00e1 el 7 de diciembre desde las 14:00 en la misma sede. Link inscripci\u00f3n online al taller: <a href=\"https:\/\/bit.ly\/3EVSJvV\" target=\"_blank\" rel=\"noreferrer noopener\">https:\/\/bit.ly\/3EVSJvV\u00a0<\/a><\/p>\n\n\n\n<p>Finalmente el taller presencial 3 sobre \u201cComunicaci\u00f3n en acci\u00f3n y Demo Day\u201d, se concretar\u00e1 el 12 de diciembre, a la misma hora y en el mismo lugar. Link inscripci\u00f3n online al taller:<a href=\"https:\/\/bit.ly\/3EW8FhI\" target=\"_blank\" rel=\"noreferrer noopener\"> https:\/\/bit.ly\/3EW8FhI<\/a><\/p>\n","protected":false},"excerpt":{"rendered":"<p>En el marco de las acciones de acompa\u00f1amiento del sector emprendedor pampeano, el Ministerio de la Producci\u00f3n de la Provincia invit\u00f3 a participar del curso \u201cEl camino emprendedor\u201d, organizado de&hellip;<\/p>\n","protected":false},"author":4,"featured_media":159027,"comment_status":"closed","ping_status":"open","sticky":false,"template":"","format":"standard","meta":{"_acf_changed":false,"footnotes":""},"categories":[1,12],"tags":[],"class_list":["post-208354","post","type-post","status-publish","format-standard","has-post-thumbnail","hentry","category-es-noticia","category-sociedad"],"acf":[],"yoast_head":"<!-- This site is optimized with the Yoast SEO plugin v27.5 - https:\/\/yoast.com\/product\/yoast-seo-wordpress\/ -->\n<title>Invitan al curso \u201cEl camino emprendedor\u201d - Diario Textual<\/title>\n<meta name=\"robots\" content=\"index, follow, max-snippet:-1, max-image-preview:large, max-video-preview:-1\" \/>\n<link rel=\"canonical\" href=\"https:\/\/diariotextual.com\/inicio\/index.php\/2022\/11\/25\/invitan-al-curso-el-camino-emprendedor\/\" \/>\n<meta property=\"og:locale\" content=\"es_ES\" \/>\n<meta property=\"og:type\" content=\"article\" \/>\n<meta property=\"og:title\" content=\"Invitan al curso \u201cEl camino emprendedor\u201d - Diario Textual\" \/>\n<meta property=\"og:description\" content=\"En el marco de las acciones de acompa\u00f1amiento del sector emprendedor pampeano, el Ministerio de la Producci\u00f3n de la Provincia invit\u00f3 a participar del curso \u201cEl camino emprendedor\u201d, organizado de&hellip;\" \/>\n<meta property=\"og:url\" content=\"https:\/\/diariotextual.com\/inicio\/index.php\/2022\/11\/25\/invitan-al-curso-el-camino-emprendedor\/\" \/>\n<meta property=\"og:site_name\" content=\"Diario Textual\" \/>\n<meta property=\"article:publisher\" content=\"https:\/\/www.facebook.com\/eltextual\" \/>\n<meta property=\"article:published_time\" content=\"2022-11-25T18:13:23+00:00\" \/>\n<meta property=\"article:modified_time\" content=\"2022-11-25T18:13:25+00:00\" \/>\n<meta property=\"og:image\" content=\"https:\/\/diariotextual.com\/inicio\/wp-content\/uploads\/2021\/08\/mujer-emprendedora4.jpg\" \/>\n\t<meta property=\"og:image:width\" content=\"850\" \/>\n\t<meta property=\"og:image:height\" content=\"493\" \/>\n\t<meta property=\"og:image:type\" content=\"image\/jpeg\" \/>\n<meta name=\"author\" content=\"diario2\" \/>\n<meta name=\"twitter:card\" content=\"summary_large_image\" \/>\n<meta name=\"twitter:creator\" content=\"@eltextual\" \/>\n<meta name=\"twitter:site\" content=\"@eltextual\" \/>\n<meta name=\"twitter:label1\" content=\"Escrito por\" \/>\n\t<meta name=\"twitter:data1\" content=\"diario2\" \/>\n\t<meta name=\"twitter:label2\" content=\"Tiempo de lectura\" \/>\n\t<meta name=\"twitter:data2\" content=\"1 minuto\" \/>\n<script type=\"application\/ld+json\" class=\"yoast-schema-graph\">{\"@context\":\"https:\\\/\\\/schema.org\",\"@graph\":[{\"@type\":\"Article\",\"@id\":\"https:\\\/\\\/diariotextual.com\\\/inicio\\\/index.php\\\/2022\\\/11\\\/25\\\/invitan-al-curso-el-camino-emprendedor\\\/#article\",\"isPartOf\":{\"@id\":\"https:\\\/\\\/diariotextual.com\\\/inicio\\\/index.php\\\/2022\\\/11\\\/25\\\/invitan-al-curso-el-camino-emprendedor\\\/\"},\"author\":{\"name\":\"diario2\",\"@id\":\"https:\\\/\\\/diariotextual.com\\\/inicio\\\/#\\\/schema\\\/person\\\/694f60677f23c4a530867a98f22b3768\"},\"headline\":\"Invitan al curso \u201cEl camino emprendedor\u201d\",\"datePublished\":\"2022-11-25T18:13:23+00:00\",\"dateModified\":\"2022-11-25T18:13:25+00:00\",\"mainEntityOfPage\":{\"@id\":\"https:\\\/\\\/diariotextual.com\\\/inicio\\\/index.php\\\/2022\\\/11\\\/25\\\/invitan-al-curso-el-camino-emprendedor\\\/\"},\"wordCount\":242,\"publisher\":{\"@id\":\"https:\\\/\\\/diariotextual.com\\\/inicio\\\/#organization\"},\"image\":{\"@id\":\"https:\\\/\\\/diariotextual.com\\\/inicio\\\/index.php\\\/2022\\\/11\\\/25\\\/invitan-al-curso-el-camino-emprendedor\\\/#primaryimage\"},\"thumbnailUrl\":\"https:\\\/\\\/diariotextual.com\\\/inicio\\\/wp-content\\\/uploads\\\/2021\\\/08\\\/mujer-emprendedora4.jpg\",\"articleSection\":[\"A - ES NOTICIA (van abajo)\",\"SOCIEDAD\"],\"inLanguage\":\"es\"},{\"@type\":\"WebPage\",\"@id\":\"https:\\\/\\\/diariotextual.com\\\/inicio\\\/index.php\\\/2022\\\/11\\\/25\\\/invitan-al-curso-el-camino-emprendedor\\\/\",\"url\":\"https:\\\/\\\/diariotextual.com\\\/inicio\\\/index.php\\\/2022\\\/11\\\/25\\\/invitan-al-curso-el-camino-emprendedor\\\/\",\"name\":\"Invitan al curso \u201cEl camino emprendedor\u201d - Diario Textual\",\"isPartOf\":{\"@id\":\"https:\\\/\\\/diariotextual.com\\\/inicio\\\/#website\"},\"primaryImageOfPage\":{\"@id\":\"https:\\\/\\\/diariotextual.com\\\/inicio\\\/index.php\\\/2022\\\/11\\\/25\\\/invitan-al-curso-el-camino-emprendedor\\\/#primaryimage\"},\"image\":{\"@id\":\"https:\\\/\\\/diariotextual.com\\\/inicio\\\/index.php\\\/2022\\\/11\\\/25\\\/invitan-al-curso-el-camino-emprendedor\\\/#primaryimage\"},\"thumbnailUrl\":\"https:\\\/\\\/diariotextual.com\\\/inicio\\\/wp-content\\\/uploads\\\/2021\\\/08\\\/mujer-emprendedora4.jpg\",\"datePublished\":\"2022-11-25T18:13:23+00:00\",\"dateModified\":\"2022-11-25T18:13:25+00:00\",\"breadcrumb\":{\"@id\":\"https:\\\/\\\/diariotextual.com\\\/inicio\\\/index.php\\\/2022\\\/11\\\/25\\\/invitan-al-curso-el-camino-emprendedor\\\/#breadcrumb\"},\"inLanguage\":\"es\",\"potentialAction\":[{\"@type\":\"ReadAction\",\"target\":[\"https:\\\/\\\/diariotextual.com\\\/inicio\\\/index.php\\\/2022\\\/11\\\/25\\\/invitan-al-curso-el-camino-emprendedor\\\/\"]}]},{\"@type\":\"ImageObject\",\"inLanguage\":\"es\",\"@id\":\"https:\\\/\\\/diariotextual.com\\\/inicio\\\/index.php\\\/2022\\\/11\\\/25\\\/invitan-al-curso-el-camino-emprendedor\\\/#primaryimage\",\"url\":\"https:\\\/\\\/diariotextual.com\\\/inicio\\\/wp-content\\\/uploads\\\/2021\\\/08\\\/mujer-emprendedora4.jpg\",\"contentUrl\":\"https:\\\/\\\/diariotextual.com\\\/inicio\\\/wp-content\\\/uploads\\\/2021\\\/08\\\/mujer-emprendedora4.jpg\",\"width\":850,\"height\":493,\"caption\":\"459082897\"},{\"@type\":\"BreadcrumbList\",\"@id\":\"https:\\\/\\\/diariotextual.com\\\/inicio\\\/index.php\\\/2022\\\/11\\\/25\\\/invitan-al-curso-el-camino-emprendedor\\\/#breadcrumb\",\"itemListElement\":[{\"@type\":\"ListItem\",\"position\":1,\"name\":\"Portada\",\"item\":\"https:\\\/\\\/diariotextual.com\\\/inicio\\\/\"},{\"@type\":\"ListItem\",\"position\":2,\"name\":\"Invitan al curso \u201cEl camino emprendedor\u201d\"}]},{\"@type\":\"WebSite\",\"@id\":\"https:\\\/\\\/diariotextual.com\\\/inicio\\\/#website\",\"url\":\"https:\\\/\\\/diariotextual.com\\\/inicio\\\/\",\"name\":\"Diario Textual\",\"description\":\"\",\"publisher\":{\"@id\":\"https:\\\/\\\/diariotextual.com\\\/inicio\\\/#organization\"},\"potentialAction\":[{\"@type\":\"SearchAction\",\"target\":{\"@type\":\"EntryPoint\",\"urlTemplate\":\"https:\\\/\\\/diariotextual.com\\\/inicio\\\/?s={search_term_string}\"},\"query-input\":{\"@type\":\"PropertyValueSpecification\",\"valueRequired\":true,\"valueName\":\"search_term_string\"}}],\"inLanguage\":\"es\"},{\"@type\":\"Organization\",\"@id\":\"https:\\\/\\\/diariotextual.com\\\/inicio\\\/#organization\",\"name\":\"Diario Textual\",\"url\":\"https:\\\/\\\/diariotextual.com\\\/inicio\\\/\",\"logo\":{\"@type\":\"ImageObject\",\"inLanguage\":\"es\",\"@id\":\"https:\\\/\\\/diariotextual.com\\\/inicio\\\/#\\\/schema\\\/logo\\\/image\\\/\",\"url\":\"https:\\\/\\\/diariotextual.com\\\/inicio\\\/wp-content\\\/uploads\\\/2023\\\/05\\\/logotextual1.jpg\",\"contentUrl\":\"https:\\\/\\\/diariotextual.com\\\/inicio\\\/wp-content\\\/uploads\\\/2023\\\/05\\\/logotextual1.jpg\",\"width\":516,\"height\":76,\"caption\":\"Diario Textual\"},\"image\":{\"@id\":\"https:\\\/\\\/diariotextual.com\\\/inicio\\\/#\\\/schema\\\/logo\\\/image\\\/\"},\"sameAs\":[\"https:\\\/\\\/www.facebook.com\\\/eltextual\",\"https:\\\/\\\/x.com\\\/eltextual\",\"http:\\\/\\\/www.instagram.com\\\/eltextual\"]},{\"@type\":\"Person\",\"@id\":\"https:\\\/\\\/diariotextual.com\\\/inicio\\\/#\\\/schema\\\/person\\\/694f60677f23c4a530867a98f22b3768\",\"name\":\"diario2\",\"image\":{\"@type\":\"ImageObject\",\"inLanguage\":\"es\",\"@id\":\"https:\\\/\\\/secure.gravatar.com\\\/avatar\\\/5a2567495ba16b852fcd8f1ed006a2e24fcace936018ed8237e95f488ad6e0a7?s=96&d=mm&r=g\",\"url\":\"https:\\\/\\\/secure.gravatar.com\\\/avatar\\\/5a2567495ba16b852fcd8f1ed006a2e24fcace936018ed8237e95f488ad6e0a7?s=96&d=mm&r=g\",\"contentUrl\":\"https:\\\/\\\/secure.gravatar.com\\\/avatar\\\/5a2567495ba16b852fcd8f1ed006a2e24fcace936018ed8237e95f488ad6e0a7?s=96&d=mm&r=g\",\"caption\":\"diario2\"},\"url\":\"https:\\\/\\\/diariotextual.com\\\/inicio\\\/index.php\\\/author\\\/diario2\\\/\"}]}<\/script>\n<!-- \/ Yoast SEO plugin. -->","yoast_head_json":{"title":"Invitan al curso \u201cEl camino emprendedor\u201d - Diario Textual","robots":{"index":"index","follow":"follow","max-snippet":"max-snippet:-1","max-image-preview":"max-image-preview:large","max-video-preview":"max-video-preview:-1"},"canonical":"https:\/\/diariotextual.com\/inicio\/index.php\/2022\/11\/25\/invitan-al-curso-el-camino-emprendedor\/","og_locale":"es_ES","og_type":"article","og_title":"Invitan al curso \u201cEl camino emprendedor\u201d - Diario Textual","og_description":"En el marco de las acciones de acompa\u00f1amiento del sector emprendedor pampeano, el Ministerio de la Producci\u00f3n de la Provincia invit\u00f3 a participar del curso \u201cEl camino emprendedor\u201d, organizado de&hellip;","og_url":"https:\/\/diariotextual.com\/inicio\/index.php\/2022\/11\/25\/invitan-al-curso-el-camino-emprendedor\/","og_site_name":"Diario Textual","article_publisher":"https:\/\/www.facebook.com\/eltextual","article_published_time":"2022-11-25T18:13:23+00:00","article_modified_time":"2022-11-25T18:13:25+00:00","og_image":[{"width":850,"height":493,"url":"https:\/\/diariotextual.com\/inicio\/wp-content\/uploads\/2021\/08\/mujer-emprendedora4.jpg","type":"image\/jpeg"}],"author":"diario2","twitter_card":"summary_large_image","twitter_creator":"@eltextual","twitter_site":"@eltextual","twitter_misc":{"Escrito por":"diario2","Tiempo de lectura":"1 minuto"},"schema":{"@context":"https:\/\/schema.org","@graph":[{"@type":"Article","@id":"https:\/\/diariotextual.com\/inicio\/index.php\/2022\/11\/25\/invitan-al-curso-el-camino-emprendedor\/#article","isPartOf":{"@id":"https:\/\/diariotextual.com\/inicio\/index.php\/2022\/11\/25\/invitan-al-curso-el-camino-emprendedor\/"},"author":{"name":"diario2","@id":"https:\/\/diariotextual.com\/inicio\/#\/schema\/person\/694f60677f23c4a530867a98f22b3768"},"headline":"Invitan al curso \u201cEl camino emprendedor\u201d","datePublished":"2022-11-25T18:13:23+00:00","dateModified":"2022-11-25T18:13:25+00:00","mainEntityOfPage":{"@id":"https:\/\/diariotextual.com\/inicio\/index.php\/2022\/11\/25\/invitan-al-curso-el-camino-emprendedor\/"},"wordCount":242,"publisher":{"@id":"https:\/\/diariotextual.com\/inicio\/#organization"},"image":{"@id":"https:\/\/diariotextual.com\/inicio\/index.php\/2022\/11\/25\/invitan-al-curso-el-camino-emprendedor\/#primaryimage"},"thumbnailUrl":"https:\/\/diariotextual.com\/inicio\/wp-content\/uploads\/2021\/08\/mujer-emprendedora4.jpg","articleSection":["A - ES NOTICIA (van abajo)","SOCIEDAD"],"inLanguage":"es"},{"@type":"WebPage","@id":"https:\/\/diariotextual.com\/inicio\/index.php\/2022\/11\/25\/invitan-al-curso-el-camino-emprendedor\/","url":"https:\/\/diariotextual.com\/inicio\/index.php\/2022\/11\/25\/invitan-al-curso-el-camino-emprendedor\/","name":"Invitan al curso \u201cEl camino emprendedor\u201d - Diario Textual","isPartOf":{"@id":"https:\/\/diariotextual.com\/inicio\/#website"},"primaryImageOfPage":{"@id":"https:\/\/diariotextual.com\/inicio\/index.php\/2022\/11\/25\/invitan-al-curso-el-camino-emprendedor\/#primaryimage"},"image":{"@id":"https:\/\/diariotextual.com\/inicio\/index.php\/2022\/11\/25\/invitan-al-curso-el-camino-emprendedor\/#primaryimage"},"thumbnailUrl":"https:\/\/diariotextual.com\/inicio\/wp-content\/uploads\/2021\/08\/mujer-emprendedora4.jpg","datePublished":"2022-11-25T18:13:23+00:00","dateModified":"2022-11-25T18:13:25+00:00","breadcrumb":{"@id":"https:\/\/diariotextual.com\/inicio\/index.php\/2022\/11\/25\/invitan-al-curso-el-camino-emprendedor\/#breadcrumb"},"inLanguage":"es","potentialAction":[{"@type":"ReadAction","target":["https:\/\/diariotextual.com\/inicio\/index.php\/2022\/11\/25\/invitan-al-curso-el-camino-emprendedor\/"]}]},{"@type":"ImageObject","inLanguage":"es","@id":"https:\/\/diariotextual.com\/inicio\/index.php\/2022\/11\/25\/invitan-al-curso-el-camino-emprendedor\/#primaryimage","url":"https:\/\/diariotextual.com\/inicio\/wp-content\/uploads\/2021\/08\/mujer-emprendedora4.jpg","contentUrl":"https:\/\/diariotextual.com\/inicio\/wp-content\/uploads\/2021\/08\/mujer-emprendedora4.jpg","width":850,"height":493,"caption":"459082897"},{"@type":"BreadcrumbList","@id":"https:\/\/diariotextual.com\/inicio\/index.php\/2022\/11\/25\/invitan-al-curso-el-camino-emprendedor\/#breadcrumb","itemListElement":[{"@type":"ListItem","position":1,"name":"Portada","item":"https:\/\/diariotextual.com\/inicio\/"},{"@type":"ListItem","position":2,"name":"Invitan al curso \u201cEl camino emprendedor\u201d"}]},{"@type":"WebSite","@id":"https:\/\/diariotextual.com\/inicio\/#website","url":"https:\/\/diariotextual.com\/inicio\/","name":"Diario Textual","description":"","publisher":{"@id":"https:\/\/diariotextual.com\/inicio\/#organization"},"potentialAction":[{"@type":"SearchAction","target":{"@type":"EntryPoint","urlTemplate":"https:\/\/diariotextual.com\/inicio\/?s={search_term_string}"},"query-input":{"@type":"PropertyValueSpecification","valueRequired":true,"valueName":"search_term_string"}}],"inLanguage":"es"},{"@type":"Organization","@id":"https:\/\/diariotextual.com\/inicio\/#organization","name":"Diario Textual","url":"https:\/\/diariotextual.com\/inicio\/","logo":{"@type":"ImageObject","inLanguage":"es","@id":"https:\/\/diariotextual.com\/inicio\/#\/schema\/logo\/image\/","url":"https:\/\/diariotextual.com\/inicio\/wp-content\/uploads\/2023\/05\/logotextual1.jpg","contentUrl":"https:\/\/diariotextual.com\/inicio\/wp-content\/uploads\/2023\/05\/logotextual1.jpg","width":516,"height":76,"caption":"Diario Textual"},"image":{"@id":"https:\/\/diariotextual.com\/inicio\/#\/schema\/logo\/image\/"},"sameAs":["https:\/\/www.facebook.com\/eltextual","https:\/\/x.com\/eltextual","http:\/\/www.instagram.com\/eltextual"]},{"@type":"Person","@id":"https:\/\/diariotextual.com\/inicio\/#\/schema\/person\/694f60677f23c4a530867a98f22b3768","name":"diario2","image":{"@type":"ImageObject","inLanguage":"es","@id":"https:\/\/secure.gravatar.com\/avatar\/5a2567495ba16b852fcd8f1ed006a2e24fcace936018ed8237e95f488ad6e0a7?s=96&d=mm&r=g","url":"https:\/\/secure.gravatar.com\/avatar\/5a2567495ba16b852fcd8f1ed006a2e24fcace936018ed8237e95f488ad6e0a7?s=96&d=mm&r=g","contentUrl":"https:\/\/secure.gravatar.com\/avatar\/5a2567495ba16b852fcd8f1ed006a2e24fcace936018ed8237e95f488ad6e0a7?s=96&d=mm&r=g","caption":"diario2"},"url":"https:\/\/diariotextual.com\/inicio\/index.php\/author\/diario2\/"}]}},"_links":{"self":[{"href":"https:\/\/diariotextual.com\/inicio\/index.php\/wp-json\/wp\/v2\/posts\/208354","targetHints":{"allow":["GET"]}}],"collection":[{"href":"https:\/\/diariotextual.com\/inicio\/index.php\/wp-json\/wp\/v2\/posts"}],"about":[{"href":"https:\/\/diariotextual.com\/inicio\/index.php\/wp-json\/wp\/v2\/types\/post"}],"author":[{"embeddable":true,"href":"https:\/\/diariotextual.com\/inicio\/index.php\/wp-json\/wp\/v2\/users\/4"}],"replies":[{"embeddable":true,"href":"https:\/\/diariotextual.com\/inicio\/index.php\/wp-json\/wp\/v2\/comments?post=208354"}],"version-history":[{"count":1,"href":"https:\/\/diariotextual.com\/inicio\/index.php\/wp-json\/wp\/v2\/posts\/208354\/revisions"}],"predecessor-version":[{"id":208355,"href":"https:\/\/diariotextual.com\/inicio\/index.php\/wp-json\/wp\/v2\/posts\/208354\/revisions\/208355"}],"wp:featuredmedia":[{"embeddable":true,"href":"https:\/\/diariotextual.com\/inicio\/index.php\/wp-json\/wp\/v2\/media\/159027"}],"wp:attachment":[{"href":"https:\/\/diariotextual.com\/inicio\/index.php\/wp-json\/wp\/v2\/media?parent=208354"}],"wp:term":[{"taxonomy":"category","embeddable":true,"href":"https:\/\/diariotextual.com\/inicio\/index.php\/wp-json\/wp\/v2\/categories?post=208354"},{"taxonomy":"post_tag","embeddable":true,"href":"https:\/\/diariotextual.com\/inicio\/index.php\/wp-json\/wp\/v2\/tags?post=208354"}],"curies":[{"name":"wp","href":"https:\/\/api.w.org\/{rel}","templated":true}]}}