{"id":208369,"date":"2022-11-25T18:14:47","date_gmt":"2022-11-25T21:14:47","guid":{"rendered":"https:\/\/diariotextual.com\/inicio\/?p=208369"},"modified":"2022-11-26T19:06:13","modified_gmt":"2022-11-26T22:06:13","slug":"el-atleta-ernesto-galvan-gano-la-prueba-de-cross-country-en-el-sudamericano-de-colombia","status":"publish","type":"post","link":"https:\/\/diariotextual.com\/inicio\/index.php\/2022\/11\/25\/el-atleta-ernesto-galvan-gano-la-prueba-de-cross-country-en-el-sudamericano-de-colombia\/","title":{"rendered":"El atleta Ernesto Galv\u00e1n gan\u00f3 la prueba de cross country en el Sudamericano de Colombia"},"content":{"rendered":"\n<p>El atleta <strong>Ernesto Galv\u00e1n, de 86 a\u00f1os, gan\u00f3 en el Sudamericano de Colombia <\/strong>la prueba de cross country de la categor\u00eda 85 a 89 a\u00f1os.<\/p>\n\n\n\n<p>El deportista viaj\u00f3 como parte de la delegaci\u00f3n de la Asociaci\u00f3n Pampeana de Atletas Veteranos (Apav) junto a otros corredores.<\/p>\n\n\n\n<p>Galv\u00e1n obtuvo adem\u00e1s la medalla de plata en los 1.500 metros y fue parte de la prueba de cross country, donde alcanz\u00f3 la primera posici\u00f3n.<\/p>\n\n\n\n<figure class=\"wp-block-image size-large\"><img fetchpriority=\"high\" decoding=\"async\" width=\"1024\" height=\"946\" src=\"https:\/\/diariotextual.com\/inicio\/wp-content\/uploads\/2022\/11\/galvan75894365667657-1024x946.jpg\" alt=\"\" class=\"wp-image-208376\" srcset=\"https:\/\/diariotextual.com\/inicio\/wp-content\/uploads\/2022\/11\/galvan75894365667657-1024x946.jpg 1024w, https:\/\/diariotextual.com\/inicio\/wp-content\/uploads\/2022\/11\/galvan75894365667657-300x277.jpg 300w, https:\/\/diariotextual.com\/inicio\/wp-content\/uploads\/2022\/11\/galvan75894365667657-768x709.jpg 768w, https:\/\/diariotextual.com\/inicio\/wp-content\/uploads\/2022\/11\/galvan75894365667657-585x540.jpg 585w, https:\/\/diariotextual.com\/inicio\/wp-content\/uploads\/2022\/11\/galvan75894365667657.jpg 1152w\" sizes=\"(max-width: 1024px) 100vw, 1024px\" \/><\/figure>\n\n\n\n<p><strong>\u201cAplauso de pie damas y caballeros. Ernesto Galv\u00e1n gan\u00f3 en el Sudamericano de Colombia la prueba de Cross Country de la categor\u00eda 85 a 89 a\u00f1os. Es un orgullo informar sobre la actuaci\u00f3n de este excepcional atleta, ejemplo de perseverancia, gran trabajo, concentraci\u00f3n y amor al deporte y la vida\u201d<\/strong>, expres\u00f3 el periodista Juan Carlos Carassay en sus redes. \u201cA sus excelentes condiciones humanas hay que agregarle este galard\u00f3n cuando ha pasado las 85 primaveras. Felicitaciones querido Ernesto Galv\u00e1n, orgullo del deporte pampeano\u201d, sostuvo.<\/p>\n\n\n\n<p>Galv\u00e1n lleva ganados m\u00e1s de cincuenta campeonatos argentinos, siete sudamericanos; ha sido r\u00e9cord argentino y sudamericano y ha obtenido mejores marcas t\u00e9cnicas.<\/p>\n\n\n\n<p>Cuenta con una actividad de m\u00e1s de 20 a\u00f1os como integrante de la Asociaci\u00f3n Pampeana de Atletas Veteranos y fue varias veces reconocido&nbsp;por la Municipalidad de Santa Rosa con los premios \u201cMejor deportista del mes\u201d, tambi\u00e9n por el C\u00edrculo de Periodistas de La Pampa como \u201cMejor deportista del a\u00f1o\u201d, y por el programa televisivo El Invitado, premio a la \u201ctrayectoria deportiva\u201d.<\/p>\n\n\n\n<p>El resto de la delegaci\u00f3n pampeana que viaj\u00f3 y tambi\u00e9n tuvo un importante desempe\u00f1o est\u00e1 integrada por Susana Tavoloni, de Trenque Lauquen, que entrena con el grupo Speranza Sport; Graciela Ester V\u00e9lez, de Cosqu\u00edn, C\u00f3rdoba, Juan Rodolfo Serraino y Daniel Bernasconi.<\/p>\n\n\n\n<iframe src=\"https:\/\/www.facebook.com\/plugins\/video.php?height=476&#038;href=https%3A%2F%2Fwww.facebook.com%2F100008952669842%2Fvideos%2F5698428030212016%2F&#038;show_text=false&#038;width=267&#038;t=0\" width=\"267\" height=\"476\" style=\"border:none;overflow:hidden\" scrolling=\"no\" frameborder=\"0\" allowfullscreen=\"true\" allow=\"autoplay; clipboard-write; encrypted-media; picture-in-picture; web-share\" allowFullScreen=\"true\"><\/iframe>\n","protected":false},"excerpt":{"rendered":"<p>El atleta Ernesto Galv\u00e1n, de 86 a\u00f1os, gan\u00f3 en el Sudamericano de Colombia la prueba de cross country de la categor\u00eda 85 a 89 a\u00f1os. El deportista viaj\u00f3 como parte&hellip;<\/p>\n","protected":false},"author":4,"featured_media":208372,"comment_status":"closed","ping_status":"open","sticky":false,"template":"","format":"standard","meta":{"_acf_changed":false,"footnotes":""},"categories":[11,12],"tags":[],"class_list":["post-208369","post","type-post","status-publish","format-standard","has-post-thumbnail","hentry","category-que-pasa","category-sociedad"],"acf":[],"yoast_head":"<!-- This site is optimized with the Yoast SEO plugin v27.5 - https:\/\/yoast.com\/product\/yoast-seo-wordpress\/ -->\n<title>El atleta Ernesto Galv\u00e1n gan\u00f3 la prueba de cross country en el Sudamericano de Colombia - Diario Textual<\/title>\n<meta name=\"robots\" content=\"index, follow, max-snippet:-1, max-image-preview:large, max-video-preview:-1\" \/>\n<link rel=\"canonical\" href=\"https:\/\/diariotextual.com\/inicio\/index.php\/2022\/11\/25\/el-atleta-ernesto-galvan-gano-la-prueba-de-cross-country-en-el-sudamericano-de-colombia\/\" \/>\n<meta property=\"og:locale\" content=\"es_ES\" \/>\n<meta property=\"og:type\" content=\"article\" \/>\n<meta property=\"og:title\" content=\"El atleta Ernesto Galv\u00e1n gan\u00f3 la prueba de cross country en el Sudamericano de Colombia - Diario Textual\" \/>\n<meta property=\"og:description\" content=\"El atleta Ernesto Galv\u00e1n, de 86 a\u00f1os, gan\u00f3 en el Sudamericano de Colombia la prueba de cross country de la categor\u00eda 85 a 89 a\u00f1os. El deportista viaj\u00f3 como parte&hellip;\" \/>\n<meta property=\"og:url\" content=\"https:\/\/diariotextual.com\/inicio\/index.php\/2022\/11\/25\/el-atleta-ernesto-galvan-gano-la-prueba-de-cross-country-en-el-sudamericano-de-colombia\/\" \/>\n<meta property=\"og:site_name\" content=\"Diario Textual\" \/>\n<meta property=\"article:publisher\" content=\"https:\/\/www.facebook.com\/eltextual\" \/>\n<meta property=\"article:published_time\" content=\"2022-11-25T21:14:47+00:00\" \/>\n<meta property=\"article:modified_time\" content=\"2022-11-26T22:06:13+00:00\" \/>\n<meta property=\"og:image\" content=\"https:\/\/diariotextual.com\/inicio\/wp-content\/uploads\/2022\/11\/galvany547854667.jpg\" \/>\n\t<meta property=\"og:image:width\" content=\"1364\" \/>\n\t<meta property=\"og:image:height\" content=\"1025\" \/>\n\t<meta property=\"og:image:type\" content=\"image\/jpeg\" \/>\n<meta name=\"author\" content=\"diario2\" \/>\n<meta name=\"twitter:card\" content=\"summary_large_image\" \/>\n<meta name=\"twitter:creator\" content=\"@eltextual\" \/>\n<meta name=\"twitter:site\" content=\"@eltextual\" \/>\n<meta name=\"twitter:label1\" content=\"Escrito por\" \/>\n\t<meta name=\"twitter:data1\" content=\"diario2\" \/>\n\t<meta name=\"twitter:label2\" content=\"Tiempo de lectura\" \/>\n\t<meta name=\"twitter:data2\" content=\"2 minutos\" \/>\n<script type=\"application\/ld+json\" class=\"yoast-schema-graph\">{\"@context\":\"https:\\\/\\\/schema.org\",\"@graph\":[{\"@type\":\"Article\",\"@id\":\"https:\\\/\\\/diariotextual.com\\\/inicio\\\/index.php\\\/2022\\\/11\\\/25\\\/el-atleta-ernesto-galvan-gano-la-prueba-de-cross-country-en-el-sudamericano-de-colombia\\\/#article\",\"isPartOf\":{\"@id\":\"https:\\\/\\\/diariotextual.com\\\/inicio\\\/index.php\\\/2022\\\/11\\\/25\\\/el-atleta-ernesto-galvan-gano-la-prueba-de-cross-country-en-el-sudamericano-de-colombia\\\/\"},\"author\":{\"name\":\"diario2\",\"@id\":\"https:\\\/\\\/diariotextual.com\\\/inicio\\\/#\\\/schema\\\/person\\\/694f60677f23c4a530867a98f22b3768\"},\"headline\":\"El atleta Ernesto Galv\u00e1n gan\u00f3 la prueba de cross country en el Sudamericano de Colombia\",\"datePublished\":\"2022-11-25T21:14:47+00:00\",\"dateModified\":\"2022-11-26T22:06:13+00:00\",\"mainEntityOfPage\":{\"@id\":\"https:\\\/\\\/diariotextual.com\\\/inicio\\\/index.php\\\/2022\\\/11\\\/25\\\/el-atleta-ernesto-galvan-gano-la-prueba-de-cross-country-en-el-sudamericano-de-colombia\\\/\"},\"wordCount\":320,\"publisher\":{\"@id\":\"https:\\\/\\\/diariotextual.com\\\/inicio\\\/#organization\"},\"image\":{\"@id\":\"https:\\\/\\\/diariotextual.com\\\/inicio\\\/index.php\\\/2022\\\/11\\\/25\\\/el-atleta-ernesto-galvan-gano-la-prueba-de-cross-country-en-el-sudamericano-de-colombia\\\/#primaryimage\"},\"thumbnailUrl\":\"https:\\\/\\\/diariotextual.com\\\/inicio\\\/wp-content\\\/uploads\\\/2022\\\/11\\\/galvany547854667.jpg\",\"articleSection\":[\"A - QUE PASA (al costado)\",\"SOCIEDAD\"],\"inLanguage\":\"es\"},{\"@type\":\"WebPage\",\"@id\":\"https:\\\/\\\/diariotextual.com\\\/inicio\\\/index.php\\\/2022\\\/11\\\/25\\\/el-atleta-ernesto-galvan-gano-la-prueba-de-cross-country-en-el-sudamericano-de-colombia\\\/\",\"url\":\"https:\\\/\\\/diariotextual.com\\\/inicio\\\/index.php\\\/2022\\\/11\\\/25\\\/el-atleta-ernesto-galvan-gano-la-prueba-de-cross-country-en-el-sudamericano-de-colombia\\\/\",\"name\":\"El atleta Ernesto Galv\u00e1n gan\u00f3 la prueba de cross country en el Sudamericano de Colombia - Diario Textual\",\"isPartOf\":{\"@id\":\"https:\\\/\\\/diariotextual.com\\\/inicio\\\/#website\"},\"primaryImageOfPage\":{\"@id\":\"https:\\\/\\\/diariotextual.com\\\/inicio\\\/index.php\\\/2022\\\/11\\\/25\\\/el-atleta-ernesto-galvan-gano-la-prueba-de-cross-country-en-el-sudamericano-de-colombia\\\/#primaryimage\"},\"image\":{\"@id\":\"https:\\\/\\\/diariotextual.com\\\/inicio\\\/index.php\\\/2022\\\/11\\\/25\\\/el-atleta-ernesto-galvan-gano-la-prueba-de-cross-country-en-el-sudamericano-de-colombia\\\/#primaryimage\"},\"thumbnailUrl\":\"https:\\\/\\\/diariotextual.com\\\/inicio\\\/wp-content\\\/uploads\\\/2022\\\/11\\\/galvany547854667.jpg\",\"datePublished\":\"2022-11-25T21:14:47+00:00\",\"dateModified\":\"2022-11-26T22:06:13+00:00\",\"breadcrumb\":{\"@id\":\"https:\\\/\\\/diariotextual.com\\\/inicio\\\/index.php\\\/2022\\\/11\\\/25\\\/el-atleta-ernesto-galvan-gano-la-prueba-de-cross-country-en-el-sudamericano-de-colombia\\\/#breadcrumb\"},\"inLanguage\":\"es\",\"potentialAction\":[{\"@type\":\"ReadAction\",\"target\":[\"https:\\\/\\\/diariotextual.com\\\/inicio\\\/index.php\\\/2022\\\/11\\\/25\\\/el-atleta-ernesto-galvan-gano-la-prueba-de-cross-country-en-el-sudamericano-de-colombia\\\/\"]}]},{\"@type\":\"ImageObject\",\"inLanguage\":\"es\",\"@id\":\"https:\\\/\\\/diariotextual.com\\\/inicio\\\/index.php\\\/2022\\\/11\\\/25\\\/el-atleta-ernesto-galvan-gano-la-prueba-de-cross-country-en-el-sudamericano-de-colombia\\\/#primaryimage\",\"url\":\"https:\\\/\\\/diariotextual.com\\\/inicio\\\/wp-content\\\/uploads\\\/2022\\\/11\\\/galvany547854667.jpg\",\"contentUrl\":\"https:\\\/\\\/diariotextual.com\\\/inicio\\\/wp-content\\\/uploads\\\/2022\\\/11\\\/galvany547854667.jpg\",\"width\":1364,\"height\":1025},{\"@type\":\"BreadcrumbList\",\"@id\":\"https:\\\/\\\/diariotextual.com\\\/inicio\\\/index.php\\\/2022\\\/11\\\/25\\\/el-atleta-ernesto-galvan-gano-la-prueba-de-cross-country-en-el-sudamericano-de-colombia\\\/#breadcrumb\",\"itemListElement\":[{\"@type\":\"ListItem\",\"position\":1,\"name\":\"Portada\",\"item\":\"https:\\\/\\\/diariotextual.com\\\/inicio\\\/\"},{\"@type\":\"ListItem\",\"position\":2,\"name\":\"El atleta Ernesto Galv\u00e1n gan\u00f3 la prueba de cross country en el Sudamericano de Colombia\"}]},{\"@type\":\"WebSite\",\"@id\":\"https:\\\/\\\/diariotextual.com\\\/inicio\\\/#website\",\"url\":\"https:\\\/\\\/diariotextual.com\\\/inicio\\\/\",\"name\":\"Diario Textual\",\"description\":\"\",\"publisher\":{\"@id\":\"https:\\\/\\\/diariotextual.com\\\/inicio\\\/#organization\"},\"potentialAction\":[{\"@type\":\"SearchAction\",\"target\":{\"@type\":\"EntryPoint\",\"urlTemplate\":\"https:\\\/\\\/diariotextual.com\\\/inicio\\\/?s={search_term_string}\"},\"query-input\":{\"@type\":\"PropertyValueSpecification\",\"valueRequired\":true,\"valueName\":\"search_term_string\"}}],\"inLanguage\":\"es\"},{\"@type\":\"Organization\",\"@id\":\"https:\\\/\\\/diariotextual.com\\\/inicio\\\/#organization\",\"name\":\"Diario Textual\",\"url\":\"https:\\\/\\\/diariotextual.com\\\/inicio\\\/\",\"logo\":{\"@type\":\"ImageObject\",\"inLanguage\":\"es\",\"@id\":\"https:\\\/\\\/diariotextual.com\\\/inicio\\\/#\\\/schema\\\/logo\\\/image\\\/\",\"url\":\"https:\\\/\\\/diariotextual.com\\\/inicio\\\/wp-content\\\/uploads\\\/2023\\\/05\\\/logotextual1.jpg\",\"contentUrl\":\"https:\\\/\\\/diariotextual.com\\\/inicio\\\/wp-content\\\/uploads\\\/2023\\\/05\\\/logotextual1.jpg\",\"width\":516,\"height\":76,\"caption\":\"Diario Textual\"},\"image\":{\"@id\":\"https:\\\/\\\/diariotextual.com\\\/inicio\\\/#\\\/schema\\\/logo\\\/image\\\/\"},\"sameAs\":[\"https:\\\/\\\/www.facebook.com\\\/eltextual\",\"https:\\\/\\\/x.com\\\/eltextual\",\"http:\\\/\\\/www.instagram.com\\\/eltextual\"]},{\"@type\":\"Person\",\"@id\":\"https:\\\/\\\/diariotextual.com\\\/inicio\\\/#\\\/schema\\\/person\\\/694f60677f23c4a530867a98f22b3768\",\"name\":\"diario2\",\"image\":{\"@type\":\"ImageObject\",\"inLanguage\":\"es\",\"@id\":\"https:\\\/\\\/secure.gravatar.com\\\/avatar\\\/5a2567495ba16b852fcd8f1ed006a2e24fcace936018ed8237e95f488ad6e0a7?s=96&d=mm&r=g\",\"url\":\"https:\\\/\\\/secure.gravatar.com\\\/avatar\\\/5a2567495ba16b852fcd8f1ed006a2e24fcace936018ed8237e95f488ad6e0a7?s=96&d=mm&r=g\",\"contentUrl\":\"https:\\\/\\\/secure.gravatar.com\\\/avatar\\\/5a2567495ba16b852fcd8f1ed006a2e24fcace936018ed8237e95f488ad6e0a7?s=96&d=mm&r=g\",\"caption\":\"diario2\"},\"url\":\"https:\\\/\\\/diariotextual.com\\\/inicio\\\/index.php\\\/author\\\/diario2\\\/\"}]}<\/script>\n<!-- \/ Yoast SEO plugin. -->","yoast_head_json":{"title":"El atleta Ernesto Galv\u00e1n gan\u00f3 la prueba de cross country en el Sudamericano de Colombia - Diario Textual","robots":{"index":"index","follow":"follow","max-snippet":"max-snippet:-1","max-image-preview":"max-image-preview:large","max-video-preview":"max-video-preview:-1"},"canonical":"https:\/\/diariotextual.com\/inicio\/index.php\/2022\/11\/25\/el-atleta-ernesto-galvan-gano-la-prueba-de-cross-country-en-el-sudamericano-de-colombia\/","og_locale":"es_ES","og_type":"article","og_title":"El atleta Ernesto Galv\u00e1n gan\u00f3 la prueba de cross country en el Sudamericano de Colombia - Diario Textual","og_description":"El atleta Ernesto Galv\u00e1n, de 86 a\u00f1os, gan\u00f3 en el Sudamericano de Colombia la prueba de cross country de la categor\u00eda 85 a 89 a\u00f1os. El deportista viaj\u00f3 como parte&hellip;","og_url":"https:\/\/diariotextual.com\/inicio\/index.php\/2022\/11\/25\/el-atleta-ernesto-galvan-gano-la-prueba-de-cross-country-en-el-sudamericano-de-colombia\/","og_site_name":"Diario Textual","article_publisher":"https:\/\/www.facebook.com\/eltextual","article_published_time":"2022-11-25T21:14:47+00:00","article_modified_time":"2022-11-26T22:06:13+00:00","og_image":[{"width":1364,"height":1025,"url":"https:\/\/diariotextual.com\/inicio\/wp-content\/uploads\/2022\/11\/galvany547854667.jpg","type":"image\/jpeg"}],"author":"diario2","twitter_card":"summary_large_image","twitter_creator":"@eltextual","twitter_site":"@eltextual","twitter_misc":{"Escrito por":"diario2","Tiempo de lectura":"2 minutos"},"schema":{"@context":"https:\/\/schema.org","@graph":[{"@type":"Article","@id":"https:\/\/diariotextual.com\/inicio\/index.php\/2022\/11\/25\/el-atleta-ernesto-galvan-gano-la-prueba-de-cross-country-en-el-sudamericano-de-colombia\/#article","isPartOf":{"@id":"https:\/\/diariotextual.com\/inicio\/index.php\/2022\/11\/25\/el-atleta-ernesto-galvan-gano-la-prueba-de-cross-country-en-el-sudamericano-de-colombia\/"},"author":{"name":"diario2","@id":"https:\/\/diariotextual.com\/inicio\/#\/schema\/person\/694f60677f23c4a530867a98f22b3768"},"headline":"El atleta Ernesto Galv\u00e1n gan\u00f3 la prueba de cross country en el Sudamericano de Colombia","datePublished":"2022-11-25T21:14:47+00:00","dateModified":"2022-11-26T22:06:13+00:00","mainEntityOfPage":{"@id":"https:\/\/diariotextual.com\/inicio\/index.php\/2022\/11\/25\/el-atleta-ernesto-galvan-gano-la-prueba-de-cross-country-en-el-sudamericano-de-colombia\/"},"wordCount":320,"publisher":{"@id":"https:\/\/diariotextual.com\/inicio\/#organization"},"image":{"@id":"https:\/\/diariotextual.com\/inicio\/index.php\/2022\/11\/25\/el-atleta-ernesto-galvan-gano-la-prueba-de-cross-country-en-el-sudamericano-de-colombia\/#primaryimage"},"thumbnailUrl":"https:\/\/diariotextual.com\/inicio\/wp-content\/uploads\/2022\/11\/galvany547854667.jpg","articleSection":["A - QUE PASA (al costado)","SOCIEDAD"],"inLanguage":"es"},{"@type":"WebPage","@id":"https:\/\/diariotextual.com\/inicio\/index.php\/2022\/11\/25\/el-atleta-ernesto-galvan-gano-la-prueba-de-cross-country-en-el-sudamericano-de-colombia\/","url":"https:\/\/diariotextual.com\/inicio\/index.php\/2022\/11\/25\/el-atleta-ernesto-galvan-gano-la-prueba-de-cross-country-en-el-sudamericano-de-colombia\/","name":"El atleta Ernesto Galv\u00e1n gan\u00f3 la prueba de cross country en el Sudamericano de Colombia - Diario Textual","isPartOf":{"@id":"https:\/\/diariotextual.com\/inicio\/#website"},"primaryImageOfPage":{"@id":"https:\/\/diariotextual.com\/inicio\/index.php\/2022\/11\/25\/el-atleta-ernesto-galvan-gano-la-prueba-de-cross-country-en-el-sudamericano-de-colombia\/#primaryimage"},"image":{"@id":"https:\/\/diariotextual.com\/inicio\/index.php\/2022\/11\/25\/el-atleta-ernesto-galvan-gano-la-prueba-de-cross-country-en-el-sudamericano-de-colombia\/#primaryimage"},"thumbnailUrl":"https:\/\/diariotextual.com\/inicio\/wp-content\/uploads\/2022\/11\/galvany547854667.jpg","datePublished":"2022-11-25T21:14:47+00:00","dateModified":"2022-11-26T22:06:13+00:00","breadcrumb":{"@id":"https:\/\/diariotextual.com\/inicio\/index.php\/2022\/11\/25\/el-atleta-ernesto-galvan-gano-la-prueba-de-cross-country-en-el-sudamericano-de-colombia\/#breadcrumb"},"inLanguage":"es","potentialAction":[{"@type":"ReadAction","target":["https:\/\/diariotextual.com\/inicio\/index.php\/2022\/11\/25\/el-atleta-ernesto-galvan-gano-la-prueba-de-cross-country-en-el-sudamericano-de-colombia\/"]}]},{"@type":"ImageObject","inLanguage":"es","@id":"https:\/\/diariotextual.com\/inicio\/index.php\/2022\/11\/25\/el-atleta-ernesto-galvan-gano-la-prueba-de-cross-country-en-el-sudamericano-de-colombia\/#primaryimage","url":"https:\/\/diariotextual.com\/inicio\/wp-content\/uploads\/2022\/11\/galvany547854667.jpg","contentUrl":"https:\/\/diariotextual.com\/inicio\/wp-content\/uploads\/2022\/11\/galvany547854667.jpg","width":1364,"height":1025},{"@type":"BreadcrumbList","@id":"https:\/\/diariotextual.com\/inicio\/index.php\/2022\/11\/25\/el-atleta-ernesto-galvan-gano-la-prueba-de-cross-country-en-el-sudamericano-de-colombia\/#breadcrumb","itemListElement":[{"@type":"ListItem","position":1,"name":"Portada","item":"https:\/\/diariotextual.com\/inicio\/"},{"@type":"ListItem","position":2,"name":"El atleta Ernesto Galv\u00e1n gan\u00f3 la prueba de cross country en el Sudamericano de Colombia"}]},{"@type":"WebSite","@id":"https:\/\/diariotextual.com\/inicio\/#website","url":"https:\/\/diariotextual.com\/inicio\/","name":"Diario Textual","description":"","publisher":{"@id":"https:\/\/diariotextual.com\/inicio\/#organization"},"potentialAction":[{"@type":"SearchAction","target":{"@type":"EntryPoint","urlTemplate":"https:\/\/diariotextual.com\/inicio\/?s={search_term_string}"},"query-input":{"@type":"PropertyValueSpecification","valueRequired":true,"valueName":"search_term_string"}}],"inLanguage":"es"},{"@type":"Organization","@id":"https:\/\/diariotextual.com\/inicio\/#organization","name":"Diario Textual","url":"https:\/\/diariotextual.com\/inicio\/","logo":{"@type":"ImageObject","inLanguage":"es","@id":"https:\/\/diariotextual.com\/inicio\/#\/schema\/logo\/image\/","url":"https:\/\/diariotextual.com\/inicio\/wp-content\/uploads\/2023\/05\/logotextual1.jpg","contentUrl":"https:\/\/diariotextual.com\/inicio\/wp-content\/uploads\/2023\/05\/logotextual1.jpg","width":516,"height":76,"caption":"Diario Textual"},"image":{"@id":"https:\/\/diariotextual.com\/inicio\/#\/schema\/logo\/image\/"},"sameAs":["https:\/\/www.facebook.com\/eltextual","https:\/\/x.com\/eltextual","http:\/\/www.instagram.com\/eltextual"]},{"@type":"Person","@id":"https:\/\/diariotextual.com\/inicio\/#\/schema\/person\/694f60677f23c4a530867a98f22b3768","name":"diario2","image":{"@type":"ImageObject","inLanguage":"es","@id":"https:\/\/secure.gravatar.com\/avatar\/5a2567495ba16b852fcd8f1ed006a2e24fcace936018ed8237e95f488ad6e0a7?s=96&d=mm&r=g","url":"https:\/\/secure.gravatar.com\/avatar\/5a2567495ba16b852fcd8f1ed006a2e24fcace936018ed8237e95f488ad6e0a7?s=96&d=mm&r=g","contentUrl":"https:\/\/secure.gravatar.com\/avatar\/5a2567495ba16b852fcd8f1ed006a2e24fcace936018ed8237e95f488ad6e0a7?s=96&d=mm&r=g","caption":"diario2"},"url":"https:\/\/diariotextual.com\/inicio\/index.php\/author\/diario2\/"}]}},"_links":{"self":[{"href":"https:\/\/diariotextual.com\/inicio\/index.php\/wp-json\/wp\/v2\/posts\/208369","targetHints":{"allow":["GET"]}}],"collection":[{"href":"https:\/\/diariotextual.com\/inicio\/index.php\/wp-json\/wp\/v2\/posts"}],"about":[{"href":"https:\/\/diariotextual.com\/inicio\/index.php\/wp-json\/wp\/v2\/types\/post"}],"author":[{"embeddable":true,"href":"https:\/\/diariotextual.com\/inicio\/index.php\/wp-json\/wp\/v2\/users\/4"}],"replies":[{"embeddable":true,"href":"https:\/\/diariotextual.com\/inicio\/index.php\/wp-json\/wp\/v2\/comments?post=208369"}],"version-history":[{"count":1,"href":"https:\/\/diariotextual.com\/inicio\/index.php\/wp-json\/wp\/v2\/posts\/208369\/revisions"}],"predecessor-version":[{"id":208378,"href":"https:\/\/diariotextual.com\/inicio\/index.php\/wp-json\/wp\/v2\/posts\/208369\/revisions\/208378"}],"wp:featuredmedia":[{"embeddable":true,"href":"https:\/\/diariotextual.com\/inicio\/index.php\/wp-json\/wp\/v2\/media\/208372"}],"wp:attachment":[{"href":"https:\/\/diariotextual.com\/inicio\/index.php\/wp-json\/wp\/v2\/media?parent=208369"}],"wp:term":[{"taxonomy":"category","embeddable":true,"href":"https:\/\/diariotextual.com\/inicio\/index.php\/wp-json\/wp\/v2\/categories?post=208369"},{"taxonomy":"post_tag","embeddable":true,"href":"https:\/\/diariotextual.com\/inicio\/index.php\/wp-json\/wp\/v2\/tags?post=208369"}],"curies":[{"name":"wp","href":"https:\/\/api.w.org\/{rel}","templated":true}]}}