{"id":208495,"date":"2022-11-27T22:24:02","date_gmt":"2022-11-28T01:24:02","guid":{"rendered":"https:\/\/diariotextual.com\/inicio\/?p=208495"},"modified":"2022-11-28T08:55:54","modified_gmt":"2022-11-28T11:55:54","slug":"25-de-mayo-un-nene-de-11-anos-desaparecio-en-el-rio-colorado","status":"publish","type":"post","link":"https:\/\/diariotextual.com\/inicio\/index.php\/2022\/11\/27\/25-de-mayo-un-nene-de-11-anos-desaparecio-en-el-rio-colorado\/","title":{"rendered":"25 de Mayo: un nene de 11 a\u00f1os desapareci\u00f3 en el r\u00edo Colorado"},"content":{"rendered":"\n<p>Un nene de 11 a\u00f1os de edad se arroj\u00f3 al r\u00edo Colorado para ba\u00f1arse junto a otro joven, fue arrastrado por la corriente y desapareci\u00f3. Los bomberos voluntarios, en la noche de este domingo, dejaron la b\u00fasqueda: la retomar\u00e1n el lunes a la ma\u00f1ana.<\/p>\n\n\n\n<p>Seg\u00fan inform\u00f3 Radio G\u00e9nesis, el hecho ocurri\u00f3 cerca de las 17 horas. El nene se arroj\u00f3 al r\u00edo en la zona de la captaci\u00f3n de agua del municipio veinticinque\u00f1o. All\u00ed generalmente concurren las familias a pasar la jornada a la vera del r\u00edo.<\/p>\n\n\n\n<p>El ni\u00f1o estaba con su familia pasando el d\u00eda y decidieron tirarse al r\u00edo en la zona indicada de la captaci\u00f3n de agua.<\/p>\n\n\n\n<p>Se habr\u00eda arrojado junto a otro joven. El nene de 11 no sab\u00eda nadar. Segundos despu\u00e9s, fue arrastrado por la corriente del r\u00edo. La gente que se encontraba all\u00ed comenz\u00f3 una b\u00fasqueda y luego se sumaron bomberos y polic\u00edas.<\/p>\n","protected":false},"excerpt":{"rendered":"<p>Un nene de 11 a\u00f1os de edad se arroj\u00f3 al r\u00edo Colorado para ba\u00f1arse junto a otro joven, fue arrastrado por la corriente y desapareci\u00f3. Los bomberos voluntarios, en la&hellip;<\/p>\n","protected":false},"author":3,"featured_media":208497,"comment_status":"closed","ping_status":"open","sticky":false,"template":"","format":"standard","meta":{"_acf_changed":false,"footnotes":""},"categories":[1,12],"tags":[],"class_list":["post-208495","post","type-post","status-publish","format-standard","has-post-thumbnail","hentry","category-es-noticia","category-sociedad"],"acf":[],"yoast_head":"<!-- This site is optimized with the Yoast SEO plugin v27.5 - https:\/\/yoast.com\/product\/yoast-seo-wordpress\/ -->\n<title>25 de Mayo: un nene de 11 a\u00f1os desapareci\u00f3 en el r\u00edo Colorado - Diario Textual<\/title>\n<meta name=\"robots\" content=\"index, follow, max-snippet:-1, max-image-preview:large, max-video-preview:-1\" \/>\n<link rel=\"canonical\" href=\"https:\/\/diariotextual.com\/inicio\/index.php\/2022\/11\/27\/25-de-mayo-un-nene-de-11-anos-desaparecio-en-el-rio-colorado\/\" \/>\n<meta property=\"og:locale\" content=\"es_ES\" \/>\n<meta property=\"og:type\" content=\"article\" \/>\n<meta property=\"og:title\" content=\"25 de Mayo: un nene de 11 a\u00f1os desapareci\u00f3 en el r\u00edo Colorado - Diario Textual\" \/>\n<meta property=\"og:description\" content=\"Un nene de 11 a\u00f1os de edad se arroj\u00f3 al r\u00edo Colorado para ba\u00f1arse junto a otro joven, fue arrastrado por la corriente y desapareci\u00f3. Los bomberos voluntarios, en la&hellip;\" \/>\n<meta property=\"og:url\" content=\"https:\/\/diariotextual.com\/inicio\/index.php\/2022\/11\/27\/25-de-mayo-un-nene-de-11-anos-desaparecio-en-el-rio-colorado\/\" \/>\n<meta property=\"og:site_name\" content=\"Diario Textual\" \/>\n<meta property=\"article:publisher\" content=\"https:\/\/www.facebook.com\/eltextual\" \/>\n<meta property=\"article:published_time\" content=\"2022-11-28T01:24:02+00:00\" \/>\n<meta property=\"article:modified_time\" content=\"2022-11-28T11:55:54+00:00\" \/>\n<meta property=\"og:image\" content=\"https:\/\/diariotextual.com\/inicio\/wp-content\/uploads\/2022\/11\/busquedanene25demayo2022-1.jpg\" \/>\n\t<meta property=\"og:image:width\" content=\"682\" \/>\n\t<meta property=\"og:image:height\" content=\"474\" \/>\n\t<meta property=\"og:image:type\" content=\"image\/jpeg\" \/>\n<meta name=\"author\" content=\"Diario1 Diario1\" \/>\n<meta name=\"twitter:card\" content=\"summary_large_image\" \/>\n<meta name=\"twitter:creator\" content=\"@eltextual\" \/>\n<meta name=\"twitter:site\" content=\"@eltextual\" \/>\n<meta name=\"twitter:label1\" content=\"Escrito por\" \/>\n\t<meta name=\"twitter:data1\" content=\"Diario1 Diario1\" \/>\n\t<meta name=\"twitter:label2\" content=\"Tiempo de lectura\" \/>\n\t<meta name=\"twitter:data2\" content=\"1 minuto\" \/>\n<script type=\"application\/ld+json\" class=\"yoast-schema-graph\">{\"@context\":\"https:\\\/\\\/schema.org\",\"@graph\":[{\"@type\":\"Article\",\"@id\":\"https:\\\/\\\/diariotextual.com\\\/inicio\\\/index.php\\\/2022\\\/11\\\/27\\\/25-de-mayo-un-nene-de-11-anos-desaparecio-en-el-rio-colorado\\\/#article\",\"isPartOf\":{\"@id\":\"https:\\\/\\\/diariotextual.com\\\/inicio\\\/index.php\\\/2022\\\/11\\\/27\\\/25-de-mayo-un-nene-de-11-anos-desaparecio-en-el-rio-colorado\\\/\"},\"author\":{\"name\":\"Diario1 Diario1\",\"@id\":\"https:\\\/\\\/diariotextual.com\\\/inicio\\\/#\\\/schema\\\/person\\\/418fc4093c33e86ed41562db3508f958\"},\"headline\":\"25 de Mayo: un nene de 11 a\u00f1os desapareci\u00f3 en el r\u00edo Colorado\",\"datePublished\":\"2022-11-28T01:24:02+00:00\",\"dateModified\":\"2022-11-28T11:55:54+00:00\",\"mainEntityOfPage\":{\"@id\":\"https:\\\/\\\/diariotextual.com\\\/inicio\\\/index.php\\\/2022\\\/11\\\/27\\\/25-de-mayo-un-nene-de-11-anos-desaparecio-en-el-rio-colorado\\\/\"},\"wordCount\":181,\"publisher\":{\"@id\":\"https:\\\/\\\/diariotextual.com\\\/inicio\\\/#organization\"},\"image\":{\"@id\":\"https:\\\/\\\/diariotextual.com\\\/inicio\\\/index.php\\\/2022\\\/11\\\/27\\\/25-de-mayo-un-nene-de-11-anos-desaparecio-en-el-rio-colorado\\\/#primaryimage\"},\"thumbnailUrl\":\"https:\\\/\\\/diariotextual.com\\\/inicio\\\/wp-content\\\/uploads\\\/2022\\\/11\\\/busquedanene25demayo2022-1.jpg\",\"articleSection\":[\"A - ES NOTICIA (van abajo)\",\"SOCIEDAD\"],\"inLanguage\":\"es\"},{\"@type\":\"WebPage\",\"@id\":\"https:\\\/\\\/diariotextual.com\\\/inicio\\\/index.php\\\/2022\\\/11\\\/27\\\/25-de-mayo-un-nene-de-11-anos-desaparecio-en-el-rio-colorado\\\/\",\"url\":\"https:\\\/\\\/diariotextual.com\\\/inicio\\\/index.php\\\/2022\\\/11\\\/27\\\/25-de-mayo-un-nene-de-11-anos-desaparecio-en-el-rio-colorado\\\/\",\"name\":\"25 de Mayo: un nene de 11 a\u00f1os desapareci\u00f3 en el r\u00edo Colorado - Diario Textual\",\"isPartOf\":{\"@id\":\"https:\\\/\\\/diariotextual.com\\\/inicio\\\/#website\"},\"primaryImageOfPage\":{\"@id\":\"https:\\\/\\\/diariotextual.com\\\/inicio\\\/index.php\\\/2022\\\/11\\\/27\\\/25-de-mayo-un-nene-de-11-anos-desaparecio-en-el-rio-colorado\\\/#primaryimage\"},\"image\":{\"@id\":\"https:\\\/\\\/diariotextual.com\\\/inicio\\\/index.php\\\/2022\\\/11\\\/27\\\/25-de-mayo-un-nene-de-11-anos-desaparecio-en-el-rio-colorado\\\/#primaryimage\"},\"thumbnailUrl\":\"https:\\\/\\\/diariotextual.com\\\/inicio\\\/wp-content\\\/uploads\\\/2022\\\/11\\\/busquedanene25demayo2022-1.jpg\",\"datePublished\":\"2022-11-28T01:24:02+00:00\",\"dateModified\":\"2022-11-28T11:55:54+00:00\",\"breadcrumb\":{\"@id\":\"https:\\\/\\\/diariotextual.com\\\/inicio\\\/index.php\\\/2022\\\/11\\\/27\\\/25-de-mayo-un-nene-de-11-anos-desaparecio-en-el-rio-colorado\\\/#breadcrumb\"},\"inLanguage\":\"es\",\"potentialAction\":[{\"@type\":\"ReadAction\",\"target\":[\"https:\\\/\\\/diariotextual.com\\\/inicio\\\/index.php\\\/2022\\\/11\\\/27\\\/25-de-mayo-un-nene-de-11-anos-desaparecio-en-el-rio-colorado\\\/\"]}]},{\"@type\":\"ImageObject\",\"inLanguage\":\"es\",\"@id\":\"https:\\\/\\\/diariotextual.com\\\/inicio\\\/index.php\\\/2022\\\/11\\\/27\\\/25-de-mayo-un-nene-de-11-anos-desaparecio-en-el-rio-colorado\\\/#primaryimage\",\"url\":\"https:\\\/\\\/diariotextual.com\\\/inicio\\\/wp-content\\\/uploads\\\/2022\\\/11\\\/busquedanene25demayo2022-1.jpg\",\"contentUrl\":\"https:\\\/\\\/diariotextual.com\\\/inicio\\\/wp-content\\\/uploads\\\/2022\\\/11\\\/busquedanene25demayo2022-1.jpg\",\"width\":682,\"height\":474},{\"@type\":\"BreadcrumbList\",\"@id\":\"https:\\\/\\\/diariotextual.com\\\/inicio\\\/index.php\\\/2022\\\/11\\\/27\\\/25-de-mayo-un-nene-de-11-anos-desaparecio-en-el-rio-colorado\\\/#breadcrumb\",\"itemListElement\":[{\"@type\":\"ListItem\",\"position\":1,\"name\":\"Portada\",\"item\":\"https:\\\/\\\/diariotextual.com\\\/inicio\\\/\"},{\"@type\":\"ListItem\",\"position\":2,\"name\":\"25 de Mayo: un nene de 11 a\u00f1os desapareci\u00f3 en el r\u00edo Colorado\"}]},{\"@type\":\"WebSite\",\"@id\":\"https:\\\/\\\/diariotextual.com\\\/inicio\\\/#website\",\"url\":\"https:\\\/\\\/diariotextual.com\\\/inicio\\\/\",\"name\":\"Diario Textual\",\"description\":\"\",\"publisher\":{\"@id\":\"https:\\\/\\\/diariotextual.com\\\/inicio\\\/#organization\"},\"potentialAction\":[{\"@type\":\"SearchAction\",\"target\":{\"@type\":\"EntryPoint\",\"urlTemplate\":\"https:\\\/\\\/diariotextual.com\\\/inicio\\\/?s={search_term_string}\"},\"query-input\":{\"@type\":\"PropertyValueSpecification\",\"valueRequired\":true,\"valueName\":\"search_term_string\"}}],\"inLanguage\":\"es\"},{\"@type\":\"Organization\",\"@id\":\"https:\\\/\\\/diariotextual.com\\\/inicio\\\/#organization\",\"name\":\"Diario Textual\",\"url\":\"https:\\\/\\\/diariotextual.com\\\/inicio\\\/\",\"logo\":{\"@type\":\"ImageObject\",\"inLanguage\":\"es\",\"@id\":\"https:\\\/\\\/diariotextual.com\\\/inicio\\\/#\\\/schema\\\/logo\\\/image\\\/\",\"url\":\"https:\\\/\\\/diariotextual.com\\\/inicio\\\/wp-content\\\/uploads\\\/2023\\\/05\\\/logotextual1.jpg\",\"contentUrl\":\"https:\\\/\\\/diariotextual.com\\\/inicio\\\/wp-content\\\/uploads\\\/2023\\\/05\\\/logotextual1.jpg\",\"width\":516,\"height\":76,\"caption\":\"Diario Textual\"},\"image\":{\"@id\":\"https:\\\/\\\/diariotextual.com\\\/inicio\\\/#\\\/schema\\\/logo\\\/image\\\/\"},\"sameAs\":[\"https:\\\/\\\/www.facebook.com\\\/eltextual\",\"https:\\\/\\\/x.com\\\/eltextual\",\"http:\\\/\\\/www.instagram.com\\\/eltextual\"]},{\"@type\":\"Person\",\"@id\":\"https:\\\/\\\/diariotextual.com\\\/inicio\\\/#\\\/schema\\\/person\\\/418fc4093c33e86ed41562db3508f958\",\"name\":\"Diario1 Diario1\",\"image\":{\"@type\":\"ImageObject\",\"inLanguage\":\"es\",\"@id\":\"https:\\\/\\\/secure.gravatar.com\\\/avatar\\\/9167d280179c85bc18be67aa7eda765854300033af4896dd779b608640f2ef7a?s=96&d=mm&r=g\",\"url\":\"https:\\\/\\\/secure.gravatar.com\\\/avatar\\\/9167d280179c85bc18be67aa7eda765854300033af4896dd779b608640f2ef7a?s=96&d=mm&r=g\",\"contentUrl\":\"https:\\\/\\\/secure.gravatar.com\\\/avatar\\\/9167d280179c85bc18be67aa7eda765854300033af4896dd779b608640f2ef7a?s=96&d=mm&r=g\",\"caption\":\"Diario1 Diario1\"},\"url\":\"https:\\\/\\\/diariotextual.com\\\/inicio\\\/index.php\\\/author\\\/diario1\\\/\"}]}<\/script>\n<!-- \/ Yoast SEO plugin. -->","yoast_head_json":{"title":"25 de Mayo: un nene de 11 a\u00f1os desapareci\u00f3 en el r\u00edo Colorado - Diario Textual","robots":{"index":"index","follow":"follow","max-snippet":"max-snippet:-1","max-image-preview":"max-image-preview:large","max-video-preview":"max-video-preview:-1"},"canonical":"https:\/\/diariotextual.com\/inicio\/index.php\/2022\/11\/27\/25-de-mayo-un-nene-de-11-anos-desaparecio-en-el-rio-colorado\/","og_locale":"es_ES","og_type":"article","og_title":"25 de Mayo: un nene de 11 a\u00f1os desapareci\u00f3 en el r\u00edo Colorado - Diario Textual","og_description":"Un nene de 11 a\u00f1os de edad se arroj\u00f3 al r\u00edo Colorado para ba\u00f1arse junto a otro joven, fue arrastrado por la corriente y desapareci\u00f3. Los bomberos voluntarios, en la&hellip;","og_url":"https:\/\/diariotextual.com\/inicio\/index.php\/2022\/11\/27\/25-de-mayo-un-nene-de-11-anos-desaparecio-en-el-rio-colorado\/","og_site_name":"Diario Textual","article_publisher":"https:\/\/www.facebook.com\/eltextual","article_published_time":"2022-11-28T01:24:02+00:00","article_modified_time":"2022-11-28T11:55:54+00:00","og_image":[{"width":682,"height":474,"url":"https:\/\/diariotextual.com\/inicio\/wp-content\/uploads\/2022\/11\/busquedanene25demayo2022-1.jpg","type":"image\/jpeg"}],"author":"Diario1 Diario1","twitter_card":"summary_large_image","twitter_creator":"@eltextual","twitter_site":"@eltextual","twitter_misc":{"Escrito por":"Diario1 Diario1","Tiempo de lectura":"1 minuto"},"schema":{"@context":"https:\/\/schema.org","@graph":[{"@type":"Article","@id":"https:\/\/diariotextual.com\/inicio\/index.php\/2022\/11\/27\/25-de-mayo-un-nene-de-11-anos-desaparecio-en-el-rio-colorado\/#article","isPartOf":{"@id":"https:\/\/diariotextual.com\/inicio\/index.php\/2022\/11\/27\/25-de-mayo-un-nene-de-11-anos-desaparecio-en-el-rio-colorado\/"},"author":{"name":"Diario1 Diario1","@id":"https:\/\/diariotextual.com\/inicio\/#\/schema\/person\/418fc4093c33e86ed41562db3508f958"},"headline":"25 de Mayo: un nene de 11 a\u00f1os desapareci\u00f3 en el r\u00edo Colorado","datePublished":"2022-11-28T01:24:02+00:00","dateModified":"2022-11-28T11:55:54+00:00","mainEntityOfPage":{"@id":"https:\/\/diariotextual.com\/inicio\/index.php\/2022\/11\/27\/25-de-mayo-un-nene-de-11-anos-desaparecio-en-el-rio-colorado\/"},"wordCount":181,"publisher":{"@id":"https:\/\/diariotextual.com\/inicio\/#organization"},"image":{"@id":"https:\/\/diariotextual.com\/inicio\/index.php\/2022\/11\/27\/25-de-mayo-un-nene-de-11-anos-desaparecio-en-el-rio-colorado\/#primaryimage"},"thumbnailUrl":"https:\/\/diariotextual.com\/inicio\/wp-content\/uploads\/2022\/11\/busquedanene25demayo2022-1.jpg","articleSection":["A - ES NOTICIA (van abajo)","SOCIEDAD"],"inLanguage":"es"},{"@type":"WebPage","@id":"https:\/\/diariotextual.com\/inicio\/index.php\/2022\/11\/27\/25-de-mayo-un-nene-de-11-anos-desaparecio-en-el-rio-colorado\/","url":"https:\/\/diariotextual.com\/inicio\/index.php\/2022\/11\/27\/25-de-mayo-un-nene-de-11-anos-desaparecio-en-el-rio-colorado\/","name":"25 de Mayo: un nene de 11 a\u00f1os desapareci\u00f3 en el r\u00edo Colorado - Diario Textual","isPartOf":{"@id":"https:\/\/diariotextual.com\/inicio\/#website"},"primaryImageOfPage":{"@id":"https:\/\/diariotextual.com\/inicio\/index.php\/2022\/11\/27\/25-de-mayo-un-nene-de-11-anos-desaparecio-en-el-rio-colorado\/#primaryimage"},"image":{"@id":"https:\/\/diariotextual.com\/inicio\/index.php\/2022\/11\/27\/25-de-mayo-un-nene-de-11-anos-desaparecio-en-el-rio-colorado\/#primaryimage"},"thumbnailUrl":"https:\/\/diariotextual.com\/inicio\/wp-content\/uploads\/2022\/11\/busquedanene25demayo2022-1.jpg","datePublished":"2022-11-28T01:24:02+00:00","dateModified":"2022-11-28T11:55:54+00:00","breadcrumb":{"@id":"https:\/\/diariotextual.com\/inicio\/index.php\/2022\/11\/27\/25-de-mayo-un-nene-de-11-anos-desaparecio-en-el-rio-colorado\/#breadcrumb"},"inLanguage":"es","potentialAction":[{"@type":"ReadAction","target":["https:\/\/diariotextual.com\/inicio\/index.php\/2022\/11\/27\/25-de-mayo-un-nene-de-11-anos-desaparecio-en-el-rio-colorado\/"]}]},{"@type":"ImageObject","inLanguage":"es","@id":"https:\/\/diariotextual.com\/inicio\/index.php\/2022\/11\/27\/25-de-mayo-un-nene-de-11-anos-desaparecio-en-el-rio-colorado\/#primaryimage","url":"https:\/\/diariotextual.com\/inicio\/wp-content\/uploads\/2022\/11\/busquedanene25demayo2022-1.jpg","contentUrl":"https:\/\/diariotextual.com\/inicio\/wp-content\/uploads\/2022\/11\/busquedanene25demayo2022-1.jpg","width":682,"height":474},{"@type":"BreadcrumbList","@id":"https:\/\/diariotextual.com\/inicio\/index.php\/2022\/11\/27\/25-de-mayo-un-nene-de-11-anos-desaparecio-en-el-rio-colorado\/#breadcrumb","itemListElement":[{"@type":"ListItem","position":1,"name":"Portada","item":"https:\/\/diariotextual.com\/inicio\/"},{"@type":"ListItem","position":2,"name":"25 de Mayo: un nene de 11 a\u00f1os desapareci\u00f3 en el r\u00edo Colorado"}]},{"@type":"WebSite","@id":"https:\/\/diariotextual.com\/inicio\/#website","url":"https:\/\/diariotextual.com\/inicio\/","name":"Diario Textual","description":"","publisher":{"@id":"https:\/\/diariotextual.com\/inicio\/#organization"},"potentialAction":[{"@type":"SearchAction","target":{"@type":"EntryPoint","urlTemplate":"https:\/\/diariotextual.com\/inicio\/?s={search_term_string}"},"query-input":{"@type":"PropertyValueSpecification","valueRequired":true,"valueName":"search_term_string"}}],"inLanguage":"es"},{"@type":"Organization","@id":"https:\/\/diariotextual.com\/inicio\/#organization","name":"Diario Textual","url":"https:\/\/diariotextual.com\/inicio\/","logo":{"@type":"ImageObject","inLanguage":"es","@id":"https:\/\/diariotextual.com\/inicio\/#\/schema\/logo\/image\/","url":"https:\/\/diariotextual.com\/inicio\/wp-content\/uploads\/2023\/05\/logotextual1.jpg","contentUrl":"https:\/\/diariotextual.com\/inicio\/wp-content\/uploads\/2023\/05\/logotextual1.jpg","width":516,"height":76,"caption":"Diario Textual"},"image":{"@id":"https:\/\/diariotextual.com\/inicio\/#\/schema\/logo\/image\/"},"sameAs":["https:\/\/www.facebook.com\/eltextual","https:\/\/x.com\/eltextual","http:\/\/www.instagram.com\/eltextual"]},{"@type":"Person","@id":"https:\/\/diariotextual.com\/inicio\/#\/schema\/person\/418fc4093c33e86ed41562db3508f958","name":"Diario1 Diario1","image":{"@type":"ImageObject","inLanguage":"es","@id":"https:\/\/secure.gravatar.com\/avatar\/9167d280179c85bc18be67aa7eda765854300033af4896dd779b608640f2ef7a?s=96&d=mm&r=g","url":"https:\/\/secure.gravatar.com\/avatar\/9167d280179c85bc18be67aa7eda765854300033af4896dd779b608640f2ef7a?s=96&d=mm&r=g","contentUrl":"https:\/\/secure.gravatar.com\/avatar\/9167d280179c85bc18be67aa7eda765854300033af4896dd779b608640f2ef7a?s=96&d=mm&r=g","caption":"Diario1 Diario1"},"url":"https:\/\/diariotextual.com\/inicio\/index.php\/author\/diario1\/"}]}},"_links":{"self":[{"href":"https:\/\/diariotextual.com\/inicio\/index.php\/wp-json\/wp\/v2\/posts\/208495","targetHints":{"allow":["GET"]}}],"collection":[{"href":"https:\/\/diariotextual.com\/inicio\/index.php\/wp-json\/wp\/v2\/posts"}],"about":[{"href":"https:\/\/diariotextual.com\/inicio\/index.php\/wp-json\/wp\/v2\/types\/post"}],"author":[{"embeddable":true,"href":"https:\/\/diariotextual.com\/inicio\/index.php\/wp-json\/wp\/v2\/users\/3"}],"replies":[{"embeddable":true,"href":"https:\/\/diariotextual.com\/inicio\/index.php\/wp-json\/wp\/v2\/comments?post=208495"}],"version-history":[{"count":2,"href":"https:\/\/diariotextual.com\/inicio\/index.php\/wp-json\/wp\/v2\/posts\/208495\/revisions"}],"predecessor-version":[{"id":208498,"href":"https:\/\/diariotextual.com\/inicio\/index.php\/wp-json\/wp\/v2\/posts\/208495\/revisions\/208498"}],"wp:featuredmedia":[{"embeddable":true,"href":"https:\/\/diariotextual.com\/inicio\/index.php\/wp-json\/wp\/v2\/media\/208497"}],"wp:attachment":[{"href":"https:\/\/diariotextual.com\/inicio\/index.php\/wp-json\/wp\/v2\/media?parent=208495"}],"wp:term":[{"taxonomy":"category","embeddable":true,"href":"https:\/\/diariotextual.com\/inicio\/index.php\/wp-json\/wp\/v2\/categories?post=208495"},{"taxonomy":"post_tag","embeddable":true,"href":"https:\/\/diariotextual.com\/inicio\/index.php\/wp-json\/wp\/v2\/tags?post=208495"}],"curies":[{"name":"wp","href":"https:\/\/api.w.org\/{rel}","templated":true}]}}