{"id":208527,"date":"2022-11-28T08:54:44","date_gmt":"2022-11-28T11:54:44","guid":{"rendered":"https:\/\/diariotextual.com\/inicio\/?p=208527"},"modified":"2022-11-29T07:24:48","modified_gmt":"2022-11-29T10:24:48","slug":"con-embarcaciones-drones-y-perros-retomaron-la-busqueda-del-nene-que-desaparecio-en-el-rio-colorado","status":"publish","type":"post","link":"https:\/\/diariotextual.com\/inicio\/index.php\/2022\/11\/28\/con-embarcaciones-drones-y-perros-retomaron-la-busqueda-del-nene-que-desaparecio-en-el-rio-colorado\/","title":{"rendered":"Con botes, drones y perros, retomaron la b\u00fasqueda del nene que desapareci\u00f3 en el r\u00edo Colorado"},"content":{"rendered":"\n<p>La Polic\u00eda y bomberos retomaron este lunes la b\u00fasqueda del nene de 11 a\u00f1os de edad que desapareci\u00f3 luego de arrojarse el domingo en el r\u00edo Colorado para ba\u00f1arse junto a otro joven.<\/p>\n\n\n\n<figure class=\"wp-block-embed is-type-wp-embed is-provider-diario-textual wp-block-embed-diario-textual\"><div class=\"wp-block-embed__wrapper\">\n<blockquote class=\"wp-embedded-content\" data-secret=\"HEn5GJYfxK\"><a href=\"https:\/\/diariotextual.com\/inicio\/index.php\/2022\/11\/27\/25-de-mayo-un-nene-de-11-anos-desaparecio-en-el-rio-colorado\/\">25 de Mayo: un nene de 11 a\u00f1os desapareci\u00f3 en el r\u00edo Colorado<\/a><\/blockquote><iframe class=\"wp-embedded-content\" sandbox=\"allow-scripts\" security=\"restricted\" style=\"position: absolute; clip: rect(1px, 1px, 1px, 1px);\" title=\"\u00ab25 de Mayo: un nene de 11 a\u00f1os desapareci\u00f3 en el r\u00edo Colorado\u00bb \u2014 Diario Textual\" src=\"https:\/\/diariotextual.com\/inicio\/index.php\/2022\/11\/27\/25-de-mayo-un-nene-de-11-anos-desaparecio-en-el-rio-colorado\/embed\/#?secret=tOh5zBHd05#?secret=HEn5GJYfxK\" data-secret=\"HEn5GJYfxK\" width=\"600\" height=\"338\" frameborder=\"0\" marginwidth=\"0\" marginheight=\"0\" scrolling=\"no\"><\/iframe>\n<\/div><\/figure>\n\n\n\n<p>\u201cDesde las 7 estamos trabajando con bomberos. Hay embarcaciones de Casa de Piedra, Catriel, 25 de Mayo y de la Federaci\u00f3n Pampeana con rescate acu\u00e1tico. Tambi\u00e9n est\u00e1 trabajando el Departamento Dron y Canes. Y est\u00e1n viniendo bomberos de Santa Rosa con otra lancha y buzos\u201d, dijo a Diario Textual el jefe de la Unidad Regional IV V\u00edctor Jalip.<\/p>\n\n\n\n<figure class=\"wp-block-image size-large is-resized\"><img fetchpriority=\"high\" decoding=\"async\" src=\"https:\/\/diariotextual.com\/inicio\/wp-content\/uploads\/2022\/11\/busquedanene25mayo222-1024x770.jpg\" alt=\"\" class=\"wp-image-208529\" width=\"888\" height=\"668\" srcset=\"https:\/\/diariotextual.com\/inicio\/wp-content\/uploads\/2022\/11\/busquedanene25mayo222-1024x770.jpg 1024w, https:\/\/diariotextual.com\/inicio\/wp-content\/uploads\/2022\/11\/busquedanene25mayo222-300x226.jpg 300w, https:\/\/diariotextual.com\/inicio\/wp-content\/uploads\/2022\/11\/busquedanene25mayo222-768x578.jpg 768w, https:\/\/diariotextual.com\/inicio\/wp-content\/uploads\/2022\/11\/busquedanene25mayo222-1170x880.jpg 1170w, https:\/\/diariotextual.com\/inicio\/wp-content\/uploads\/2022\/11\/busquedanene25mayo222-585x440.jpg 585w, https:\/\/diariotextual.com\/inicio\/wp-content\/uploads\/2022\/11\/busquedanene25mayo222.jpg 1280w\" sizes=\"(max-width: 888px) 100vw, 888px\" \/><\/figure>\n\n\n\n<p>El nene desapareci\u00f3 cerca de las 17 horas del domingo. Se arroj\u00f3 al r\u00edo en la zona de la captaci\u00f3n de agua del municipio veinticinque\u00f1o y fue arrastrado por la corriente del r\u00edo. La gente que se encontraba all\u00ed comenz\u00f3 una b\u00fasqueda y luego se sumaron bomberos y polic\u00edas, que lo buscaron hasta la medianoche para luego interrumpir el rastrillaje y retomarlo esta ma\u00f1ana.<\/p>\n\n\n\n<figure class=\"wp-block-image size-large is-resized\"><img decoding=\"async\" src=\"https:\/\/diariotextual.com\/inicio\/wp-content\/uploads\/2022\/11\/busquedanene25mayo-1024x770.jpg\" alt=\"\" class=\"wp-image-208530\" width=\"890\" height=\"669\" srcset=\"https:\/\/diariotextual.com\/inicio\/wp-content\/uploads\/2022\/11\/busquedanene25mayo-1024x770.jpg 1024w, https:\/\/diariotextual.com\/inicio\/wp-content\/uploads\/2022\/11\/busquedanene25mayo-300x226.jpg 300w, https:\/\/diariotextual.com\/inicio\/wp-content\/uploads\/2022\/11\/busquedanene25mayo-768x578.jpg 768w, https:\/\/diariotextual.com\/inicio\/wp-content\/uploads\/2022\/11\/busquedanene25mayo-1170x880.jpg 1170w, https:\/\/diariotextual.com\/inicio\/wp-content\/uploads\/2022\/11\/busquedanene25mayo-585x440.jpg 585w, https:\/\/diariotextual.com\/inicio\/wp-content\/uploads\/2022\/11\/busquedanene25mayo.jpg 1280w\" sizes=\"(max-width: 890px) 100vw, 890px\" \/><\/figure>\n","protected":false},"excerpt":{"rendered":"<p>La Polic\u00eda y bomberos retomaron este lunes la b\u00fasqueda del nene de 11 a\u00f1os de edad que desapareci\u00f3 luego de arrojarse el domingo en el r\u00edo Colorado para ba\u00f1arse junto&hellip;<\/p>\n","protected":false},"author":7,"featured_media":208528,"comment_status":"closed","ping_status":"open","sticky":false,"template":"","format":"standard","meta":{"_acf_changed":false,"footnotes":""},"categories":[11,12],"tags":[],"class_list":["post-208527","post","type-post","status-publish","format-standard","has-post-thumbnail","hentry","category-que-pasa","category-sociedad"],"acf":[],"yoast_head":"<!-- This site is optimized with the Yoast SEO plugin v27.5 - https:\/\/yoast.com\/product\/yoast-seo-wordpress\/ -->\n<title>Con botes, drones y perros, retomaron la b\u00fasqueda del nene que desapareci\u00f3 en el r\u00edo Colorado - Diario Textual<\/title>\n<meta name=\"robots\" content=\"index, follow, max-snippet:-1, max-image-preview:large, max-video-preview:-1\" \/>\n<link rel=\"canonical\" href=\"https:\/\/diariotextual.com\/inicio\/index.php\/2022\/11\/28\/con-embarcaciones-drones-y-perros-retomaron-la-busqueda-del-nene-que-desaparecio-en-el-rio-colorado\/\" \/>\n<meta property=\"og:locale\" content=\"es_ES\" \/>\n<meta property=\"og:type\" content=\"article\" \/>\n<meta property=\"og:title\" content=\"Con botes, drones y perros, retomaron la b\u00fasqueda del nene que desapareci\u00f3 en el r\u00edo Colorado - Diario Textual\" \/>\n<meta property=\"og:description\" content=\"La Polic\u00eda y bomberos retomaron este lunes la b\u00fasqueda del nene de 11 a\u00f1os de edad que desapareci\u00f3 luego de arrojarse el domingo en el r\u00edo Colorado para ba\u00f1arse junto&hellip;\" \/>\n<meta property=\"og:url\" content=\"https:\/\/diariotextual.com\/inicio\/index.php\/2022\/11\/28\/con-embarcaciones-drones-y-perros-retomaron-la-busqueda-del-nene-que-desaparecio-en-el-rio-colorado\/\" \/>\n<meta property=\"og:site_name\" content=\"Diario Textual\" \/>\n<meta property=\"article:publisher\" content=\"https:\/\/www.facebook.com\/eltextual\" \/>\n<meta property=\"article:published_time\" content=\"2022-11-28T11:54:44+00:00\" \/>\n<meta property=\"article:modified_time\" content=\"2022-11-29T10:24:48+00:00\" \/>\n<meta property=\"og:image\" content=\"https:\/\/diariotextual.com\/inicio\/wp-content\/uploads\/2022\/11\/busquedanene25mayo111.jpg\" \/>\n\t<meta property=\"og:image:width\" content=\"1280\" \/>\n\t<meta property=\"og:image:height\" content=\"963\" \/>\n\t<meta property=\"og:image:type\" content=\"image\/jpeg\" \/>\n<meta name=\"author\" content=\"diario5\" \/>\n<meta name=\"twitter:card\" content=\"summary_large_image\" \/>\n<meta name=\"twitter:creator\" content=\"@eltextual\" \/>\n<meta name=\"twitter:site\" content=\"@eltextual\" \/>\n<meta name=\"twitter:label1\" content=\"Escrito por\" \/>\n\t<meta name=\"twitter:data1\" content=\"diario5\" \/>\n\t<meta name=\"twitter:label2\" content=\"Tiempo de lectura\" \/>\n\t<meta name=\"twitter:data2\" content=\"2 minutos\" \/>\n<script type=\"application\/ld+json\" class=\"yoast-schema-graph\">{\"@context\":\"https:\\\/\\\/schema.org\",\"@graph\":[{\"@type\":\"Article\",\"@id\":\"https:\\\/\\\/diariotextual.com\\\/inicio\\\/index.php\\\/2022\\\/11\\\/28\\\/con-embarcaciones-drones-y-perros-retomaron-la-busqueda-del-nene-que-desaparecio-en-el-rio-colorado\\\/#article\",\"isPartOf\":{\"@id\":\"https:\\\/\\\/diariotextual.com\\\/inicio\\\/index.php\\\/2022\\\/11\\\/28\\\/con-embarcaciones-drones-y-perros-retomaron-la-busqueda-del-nene-que-desaparecio-en-el-rio-colorado\\\/\"},\"author\":{\"name\":\"diario5\",\"@id\":\"https:\\\/\\\/diariotextual.com\\\/inicio\\\/#\\\/schema\\\/person\\\/c7834961ad8b29b1d9cdbf4571299067\"},\"headline\":\"Con botes, drones y perros, retomaron la b\u00fasqueda del nene que desapareci\u00f3 en el r\u00edo Colorado\",\"datePublished\":\"2022-11-28T11:54:44+00:00\",\"dateModified\":\"2022-11-29T10:24:48+00:00\",\"mainEntityOfPage\":{\"@id\":\"https:\\\/\\\/diariotextual.com\\\/inicio\\\/index.php\\\/2022\\\/11\\\/28\\\/con-embarcaciones-drones-y-perros-retomaron-la-busqueda-del-nene-que-desaparecio-en-el-rio-colorado\\\/\"},\"wordCount\":194,\"publisher\":{\"@id\":\"https:\\\/\\\/diariotextual.com\\\/inicio\\\/#organization\"},\"image\":{\"@id\":\"https:\\\/\\\/diariotextual.com\\\/inicio\\\/index.php\\\/2022\\\/11\\\/28\\\/con-embarcaciones-drones-y-perros-retomaron-la-busqueda-del-nene-que-desaparecio-en-el-rio-colorado\\\/#primaryimage\"},\"thumbnailUrl\":\"https:\\\/\\\/diariotextual.com\\\/inicio\\\/wp-content\\\/uploads\\\/2022\\\/11\\\/busquedanene25mayo111.jpg\",\"articleSection\":[\"A - QUE PASA (al costado)\",\"SOCIEDAD\"],\"inLanguage\":\"es\"},{\"@type\":\"WebPage\",\"@id\":\"https:\\\/\\\/diariotextual.com\\\/inicio\\\/index.php\\\/2022\\\/11\\\/28\\\/con-embarcaciones-drones-y-perros-retomaron-la-busqueda-del-nene-que-desaparecio-en-el-rio-colorado\\\/\",\"url\":\"https:\\\/\\\/diariotextual.com\\\/inicio\\\/index.php\\\/2022\\\/11\\\/28\\\/con-embarcaciones-drones-y-perros-retomaron-la-busqueda-del-nene-que-desaparecio-en-el-rio-colorado\\\/\",\"name\":\"Con botes, drones y perros, retomaron la b\u00fasqueda del nene que desapareci\u00f3 en el r\u00edo Colorado - Diario Textual\",\"isPartOf\":{\"@id\":\"https:\\\/\\\/diariotextual.com\\\/inicio\\\/#website\"},\"primaryImageOfPage\":{\"@id\":\"https:\\\/\\\/diariotextual.com\\\/inicio\\\/index.php\\\/2022\\\/11\\\/28\\\/con-embarcaciones-drones-y-perros-retomaron-la-busqueda-del-nene-que-desaparecio-en-el-rio-colorado\\\/#primaryimage\"},\"image\":{\"@id\":\"https:\\\/\\\/diariotextual.com\\\/inicio\\\/index.php\\\/2022\\\/11\\\/28\\\/con-embarcaciones-drones-y-perros-retomaron-la-busqueda-del-nene-que-desaparecio-en-el-rio-colorado\\\/#primaryimage\"},\"thumbnailUrl\":\"https:\\\/\\\/diariotextual.com\\\/inicio\\\/wp-content\\\/uploads\\\/2022\\\/11\\\/busquedanene25mayo111.jpg\",\"datePublished\":\"2022-11-28T11:54:44+00:00\",\"dateModified\":\"2022-11-29T10:24:48+00:00\",\"breadcrumb\":{\"@id\":\"https:\\\/\\\/diariotextual.com\\\/inicio\\\/index.php\\\/2022\\\/11\\\/28\\\/con-embarcaciones-drones-y-perros-retomaron-la-busqueda-del-nene-que-desaparecio-en-el-rio-colorado\\\/#breadcrumb\"},\"inLanguage\":\"es\",\"potentialAction\":[{\"@type\":\"ReadAction\",\"target\":[\"https:\\\/\\\/diariotextual.com\\\/inicio\\\/index.php\\\/2022\\\/11\\\/28\\\/con-embarcaciones-drones-y-perros-retomaron-la-busqueda-del-nene-que-desaparecio-en-el-rio-colorado\\\/\"]}]},{\"@type\":\"ImageObject\",\"inLanguage\":\"es\",\"@id\":\"https:\\\/\\\/diariotextual.com\\\/inicio\\\/index.php\\\/2022\\\/11\\\/28\\\/con-embarcaciones-drones-y-perros-retomaron-la-busqueda-del-nene-que-desaparecio-en-el-rio-colorado\\\/#primaryimage\",\"url\":\"https:\\\/\\\/diariotextual.com\\\/inicio\\\/wp-content\\\/uploads\\\/2022\\\/11\\\/busquedanene25mayo111.jpg\",\"contentUrl\":\"https:\\\/\\\/diariotextual.com\\\/inicio\\\/wp-content\\\/uploads\\\/2022\\\/11\\\/busquedanene25mayo111.jpg\",\"width\":1280,\"height\":963},{\"@type\":\"BreadcrumbList\",\"@id\":\"https:\\\/\\\/diariotextual.com\\\/inicio\\\/index.php\\\/2022\\\/11\\\/28\\\/con-embarcaciones-drones-y-perros-retomaron-la-busqueda-del-nene-que-desaparecio-en-el-rio-colorado\\\/#breadcrumb\",\"itemListElement\":[{\"@type\":\"ListItem\",\"position\":1,\"name\":\"Portada\",\"item\":\"https:\\\/\\\/diariotextual.com\\\/inicio\\\/\"},{\"@type\":\"ListItem\",\"position\":2,\"name\":\"Con botes, drones y perros, retomaron la b\u00fasqueda del nene que desapareci\u00f3 en el r\u00edo Colorado\"}]},{\"@type\":\"WebSite\",\"@id\":\"https:\\\/\\\/diariotextual.com\\\/inicio\\\/#website\",\"url\":\"https:\\\/\\\/diariotextual.com\\\/inicio\\\/\",\"name\":\"Diario Textual\",\"description\":\"\",\"publisher\":{\"@id\":\"https:\\\/\\\/diariotextual.com\\\/inicio\\\/#organization\"},\"potentialAction\":[{\"@type\":\"SearchAction\",\"target\":{\"@type\":\"EntryPoint\",\"urlTemplate\":\"https:\\\/\\\/diariotextual.com\\\/inicio\\\/?s={search_term_string}\"},\"query-input\":{\"@type\":\"PropertyValueSpecification\",\"valueRequired\":true,\"valueName\":\"search_term_string\"}}],\"inLanguage\":\"es\"},{\"@type\":\"Organization\",\"@id\":\"https:\\\/\\\/diariotextual.com\\\/inicio\\\/#organization\",\"name\":\"Diario Textual\",\"url\":\"https:\\\/\\\/diariotextual.com\\\/inicio\\\/\",\"logo\":{\"@type\":\"ImageObject\",\"inLanguage\":\"es\",\"@id\":\"https:\\\/\\\/diariotextual.com\\\/inicio\\\/#\\\/schema\\\/logo\\\/image\\\/\",\"url\":\"https:\\\/\\\/diariotextual.com\\\/inicio\\\/wp-content\\\/uploads\\\/2023\\\/05\\\/logotextual1.jpg\",\"contentUrl\":\"https:\\\/\\\/diariotextual.com\\\/inicio\\\/wp-content\\\/uploads\\\/2023\\\/05\\\/logotextual1.jpg\",\"width\":516,\"height\":76,\"caption\":\"Diario Textual\"},\"image\":{\"@id\":\"https:\\\/\\\/diariotextual.com\\\/inicio\\\/#\\\/schema\\\/logo\\\/image\\\/\"},\"sameAs\":[\"https:\\\/\\\/www.facebook.com\\\/eltextual\",\"https:\\\/\\\/x.com\\\/eltextual\",\"http:\\\/\\\/www.instagram.com\\\/eltextual\"]},{\"@type\":\"Person\",\"@id\":\"https:\\\/\\\/diariotextual.com\\\/inicio\\\/#\\\/schema\\\/person\\\/c7834961ad8b29b1d9cdbf4571299067\",\"name\":\"diario5\",\"image\":{\"@type\":\"ImageObject\",\"inLanguage\":\"es\",\"@id\":\"https:\\\/\\\/secure.gravatar.com\\\/avatar\\\/948c893b847ca6df68216ead81b63f363408ec9b0f600fefc0641ce78613b111?s=96&d=mm&r=g\",\"url\":\"https:\\\/\\\/secure.gravatar.com\\\/avatar\\\/948c893b847ca6df68216ead81b63f363408ec9b0f600fefc0641ce78613b111?s=96&d=mm&r=g\",\"contentUrl\":\"https:\\\/\\\/secure.gravatar.com\\\/avatar\\\/948c893b847ca6df68216ead81b63f363408ec9b0f600fefc0641ce78613b111?s=96&d=mm&r=g\",\"caption\":\"diario5\"},\"url\":\"https:\\\/\\\/diariotextual.com\\\/inicio\\\/index.php\\\/author\\\/diario5\\\/\"}]}<\/script>\n<!-- \/ Yoast SEO plugin. -->","yoast_head_json":{"title":"Con botes, drones y perros, retomaron la b\u00fasqueda del nene que desapareci\u00f3 en el r\u00edo Colorado - Diario Textual","robots":{"index":"index","follow":"follow","max-snippet":"max-snippet:-1","max-image-preview":"max-image-preview:large","max-video-preview":"max-video-preview:-1"},"canonical":"https:\/\/diariotextual.com\/inicio\/index.php\/2022\/11\/28\/con-embarcaciones-drones-y-perros-retomaron-la-busqueda-del-nene-que-desaparecio-en-el-rio-colorado\/","og_locale":"es_ES","og_type":"article","og_title":"Con botes, drones y perros, retomaron la b\u00fasqueda del nene que desapareci\u00f3 en el r\u00edo Colorado - Diario Textual","og_description":"La Polic\u00eda y bomberos retomaron este lunes la b\u00fasqueda del nene de 11 a\u00f1os de edad que desapareci\u00f3 luego de arrojarse el domingo en el r\u00edo Colorado para ba\u00f1arse junto&hellip;","og_url":"https:\/\/diariotextual.com\/inicio\/index.php\/2022\/11\/28\/con-embarcaciones-drones-y-perros-retomaron-la-busqueda-del-nene-que-desaparecio-en-el-rio-colorado\/","og_site_name":"Diario Textual","article_publisher":"https:\/\/www.facebook.com\/eltextual","article_published_time":"2022-11-28T11:54:44+00:00","article_modified_time":"2022-11-29T10:24:48+00:00","og_image":[{"width":1280,"height":963,"url":"https:\/\/diariotextual.com\/inicio\/wp-content\/uploads\/2022\/11\/busquedanene25mayo111.jpg","type":"image\/jpeg"}],"author":"diario5","twitter_card":"summary_large_image","twitter_creator":"@eltextual","twitter_site":"@eltextual","twitter_misc":{"Escrito por":"diario5","Tiempo de lectura":"2 minutos"},"schema":{"@context":"https:\/\/schema.org","@graph":[{"@type":"Article","@id":"https:\/\/diariotextual.com\/inicio\/index.php\/2022\/11\/28\/con-embarcaciones-drones-y-perros-retomaron-la-busqueda-del-nene-que-desaparecio-en-el-rio-colorado\/#article","isPartOf":{"@id":"https:\/\/diariotextual.com\/inicio\/index.php\/2022\/11\/28\/con-embarcaciones-drones-y-perros-retomaron-la-busqueda-del-nene-que-desaparecio-en-el-rio-colorado\/"},"author":{"name":"diario5","@id":"https:\/\/diariotextual.com\/inicio\/#\/schema\/person\/c7834961ad8b29b1d9cdbf4571299067"},"headline":"Con botes, drones y perros, retomaron la b\u00fasqueda del nene que desapareci\u00f3 en el r\u00edo Colorado","datePublished":"2022-11-28T11:54:44+00:00","dateModified":"2022-11-29T10:24:48+00:00","mainEntityOfPage":{"@id":"https:\/\/diariotextual.com\/inicio\/index.php\/2022\/11\/28\/con-embarcaciones-drones-y-perros-retomaron-la-busqueda-del-nene-que-desaparecio-en-el-rio-colorado\/"},"wordCount":194,"publisher":{"@id":"https:\/\/diariotextual.com\/inicio\/#organization"},"image":{"@id":"https:\/\/diariotextual.com\/inicio\/index.php\/2022\/11\/28\/con-embarcaciones-drones-y-perros-retomaron-la-busqueda-del-nene-que-desaparecio-en-el-rio-colorado\/#primaryimage"},"thumbnailUrl":"https:\/\/diariotextual.com\/inicio\/wp-content\/uploads\/2022\/11\/busquedanene25mayo111.jpg","articleSection":["A - QUE PASA (al costado)","SOCIEDAD"],"inLanguage":"es"},{"@type":"WebPage","@id":"https:\/\/diariotextual.com\/inicio\/index.php\/2022\/11\/28\/con-embarcaciones-drones-y-perros-retomaron-la-busqueda-del-nene-que-desaparecio-en-el-rio-colorado\/","url":"https:\/\/diariotextual.com\/inicio\/index.php\/2022\/11\/28\/con-embarcaciones-drones-y-perros-retomaron-la-busqueda-del-nene-que-desaparecio-en-el-rio-colorado\/","name":"Con botes, drones y perros, retomaron la b\u00fasqueda del nene que desapareci\u00f3 en el r\u00edo Colorado - Diario Textual","isPartOf":{"@id":"https:\/\/diariotextual.com\/inicio\/#website"},"primaryImageOfPage":{"@id":"https:\/\/diariotextual.com\/inicio\/index.php\/2022\/11\/28\/con-embarcaciones-drones-y-perros-retomaron-la-busqueda-del-nene-que-desaparecio-en-el-rio-colorado\/#primaryimage"},"image":{"@id":"https:\/\/diariotextual.com\/inicio\/index.php\/2022\/11\/28\/con-embarcaciones-drones-y-perros-retomaron-la-busqueda-del-nene-que-desaparecio-en-el-rio-colorado\/#primaryimage"},"thumbnailUrl":"https:\/\/diariotextual.com\/inicio\/wp-content\/uploads\/2022\/11\/busquedanene25mayo111.jpg","datePublished":"2022-11-28T11:54:44+00:00","dateModified":"2022-11-29T10:24:48+00:00","breadcrumb":{"@id":"https:\/\/diariotextual.com\/inicio\/index.php\/2022\/11\/28\/con-embarcaciones-drones-y-perros-retomaron-la-busqueda-del-nene-que-desaparecio-en-el-rio-colorado\/#breadcrumb"},"inLanguage":"es","potentialAction":[{"@type":"ReadAction","target":["https:\/\/diariotextual.com\/inicio\/index.php\/2022\/11\/28\/con-embarcaciones-drones-y-perros-retomaron-la-busqueda-del-nene-que-desaparecio-en-el-rio-colorado\/"]}]},{"@type":"ImageObject","inLanguage":"es","@id":"https:\/\/diariotextual.com\/inicio\/index.php\/2022\/11\/28\/con-embarcaciones-drones-y-perros-retomaron-la-busqueda-del-nene-que-desaparecio-en-el-rio-colorado\/#primaryimage","url":"https:\/\/diariotextual.com\/inicio\/wp-content\/uploads\/2022\/11\/busquedanene25mayo111.jpg","contentUrl":"https:\/\/diariotextual.com\/inicio\/wp-content\/uploads\/2022\/11\/busquedanene25mayo111.jpg","width":1280,"height":963},{"@type":"BreadcrumbList","@id":"https:\/\/diariotextual.com\/inicio\/index.php\/2022\/11\/28\/con-embarcaciones-drones-y-perros-retomaron-la-busqueda-del-nene-que-desaparecio-en-el-rio-colorado\/#breadcrumb","itemListElement":[{"@type":"ListItem","position":1,"name":"Portada","item":"https:\/\/diariotextual.com\/inicio\/"},{"@type":"ListItem","position":2,"name":"Con botes, drones y perros, retomaron la b\u00fasqueda del nene que desapareci\u00f3 en el r\u00edo Colorado"}]},{"@type":"WebSite","@id":"https:\/\/diariotextual.com\/inicio\/#website","url":"https:\/\/diariotextual.com\/inicio\/","name":"Diario Textual","description":"","publisher":{"@id":"https:\/\/diariotextual.com\/inicio\/#organization"},"potentialAction":[{"@type":"SearchAction","target":{"@type":"EntryPoint","urlTemplate":"https:\/\/diariotextual.com\/inicio\/?s={search_term_string}"},"query-input":{"@type":"PropertyValueSpecification","valueRequired":true,"valueName":"search_term_string"}}],"inLanguage":"es"},{"@type":"Organization","@id":"https:\/\/diariotextual.com\/inicio\/#organization","name":"Diario Textual","url":"https:\/\/diariotextual.com\/inicio\/","logo":{"@type":"ImageObject","inLanguage":"es","@id":"https:\/\/diariotextual.com\/inicio\/#\/schema\/logo\/image\/","url":"https:\/\/diariotextual.com\/inicio\/wp-content\/uploads\/2023\/05\/logotextual1.jpg","contentUrl":"https:\/\/diariotextual.com\/inicio\/wp-content\/uploads\/2023\/05\/logotextual1.jpg","width":516,"height":76,"caption":"Diario Textual"},"image":{"@id":"https:\/\/diariotextual.com\/inicio\/#\/schema\/logo\/image\/"},"sameAs":["https:\/\/www.facebook.com\/eltextual","https:\/\/x.com\/eltextual","http:\/\/www.instagram.com\/eltextual"]},{"@type":"Person","@id":"https:\/\/diariotextual.com\/inicio\/#\/schema\/person\/c7834961ad8b29b1d9cdbf4571299067","name":"diario5","image":{"@type":"ImageObject","inLanguage":"es","@id":"https:\/\/secure.gravatar.com\/avatar\/948c893b847ca6df68216ead81b63f363408ec9b0f600fefc0641ce78613b111?s=96&d=mm&r=g","url":"https:\/\/secure.gravatar.com\/avatar\/948c893b847ca6df68216ead81b63f363408ec9b0f600fefc0641ce78613b111?s=96&d=mm&r=g","contentUrl":"https:\/\/secure.gravatar.com\/avatar\/948c893b847ca6df68216ead81b63f363408ec9b0f600fefc0641ce78613b111?s=96&d=mm&r=g","caption":"diario5"},"url":"https:\/\/diariotextual.com\/inicio\/index.php\/author\/diario5\/"}]}},"_links":{"self":[{"href":"https:\/\/diariotextual.com\/inicio\/index.php\/wp-json\/wp\/v2\/posts\/208527","targetHints":{"allow":["GET"]}}],"collection":[{"href":"https:\/\/diariotextual.com\/inicio\/index.php\/wp-json\/wp\/v2\/posts"}],"about":[{"href":"https:\/\/diariotextual.com\/inicio\/index.php\/wp-json\/wp\/v2\/types\/post"}],"author":[{"embeddable":true,"href":"https:\/\/diariotextual.com\/inicio\/index.php\/wp-json\/wp\/v2\/users\/7"}],"replies":[{"embeddable":true,"href":"https:\/\/diariotextual.com\/inicio\/index.php\/wp-json\/wp\/v2\/comments?post=208527"}],"version-history":[{"count":3,"href":"https:\/\/diariotextual.com\/inicio\/index.php\/wp-json\/wp\/v2\/posts\/208527\/revisions"}],"predecessor-version":[{"id":208544,"href":"https:\/\/diariotextual.com\/inicio\/index.php\/wp-json\/wp\/v2\/posts\/208527\/revisions\/208544"}],"wp:featuredmedia":[{"embeddable":true,"href":"https:\/\/diariotextual.com\/inicio\/index.php\/wp-json\/wp\/v2\/media\/208528"}],"wp:attachment":[{"href":"https:\/\/diariotextual.com\/inicio\/index.php\/wp-json\/wp\/v2\/media?parent=208527"}],"wp:term":[{"taxonomy":"category","embeddable":true,"href":"https:\/\/diariotextual.com\/inicio\/index.php\/wp-json\/wp\/v2\/categories?post=208527"},{"taxonomy":"post_tag","embeddable":true,"href":"https:\/\/diariotextual.com\/inicio\/index.php\/wp-json\/wp\/v2\/tags?post=208527"}],"curies":[{"name":"wp","href":"https:\/\/api.w.org\/{rel}","templated":true}]}}