{"id":208563,"date":"2022-11-28T17:18:57","date_gmt":"2022-11-28T20:18:57","guid":{"rendered":"https:\/\/diariotextual.com\/inicio\/?p=208563"},"modified":"2022-11-28T17:18:59","modified_gmt":"2022-11-28T20:18:59","slug":"tres-condenados-por-robo-y-hurto-calificado-en-villa-mirasol","status":"publish","type":"post","link":"https:\/\/diariotextual.com\/inicio\/index.php\/2022\/11\/28\/tres-condenados-por-robo-y-hurto-calificado-en-villa-mirasol\/","title":{"rendered":"Tres condenados por robo y\u00a0hurto calificado en Villa Mirasol"},"content":{"rendered":"\n<p>En el marco de un acuerdo de juicio abreviado, la jueza de control de General Pico, Nora Cristina G\u00f3mez, conden\u00f3\u00a0a\u00a0dos hombres de 26 a\u00f1os y a uno de 24 como autores material y penalmente responsables del delito de\u00a0robo agravado por el uso de arma en grado de tentativa\u00a0y\u00a0hurto calificado,\u00a0a la pena de tres a\u00f1os de prisi\u00f3n de ejecuci\u00f3n condicional.<\/p>\n\n\n\n<p>Adem\u00e1s les impuso\u00a0las siguientes reglas de conducta por el t\u00e9rmino de dos a\u00f1os: fijar domicilio y no ausentarse del mismo o modificarlo sin dar aviso previamente a la Unidad de Abordaje, Supervisi\u00f3n y Orientaci\u00f3n para personas en conflicto con la ley;\u00a0prohibici\u00f3n de acercamiento y comunicaci\u00f3n respecto de las dos v\u00edctimas y la prohibici\u00f3n de ingresar a la localidad de Colonia Bar\u00f3n.<\/p>\n\n\n\n<p>Los hechos definidos y acordados por las partes para la presentaci\u00f3n del acuerdo fueron tramitados en dos legajos diferentes. En el primero, se tramit\u00f3 el hecho ocurrido en\u00a0la madrugada del 25 de abril de este a\u00f1o, cuando los tres imputados llegaron a la localidad de Villa Mirasol, circulando en un Citroen C5, deportivo, y al llegar frente a la Municipalidad de dicha localidad, interceptaron al damnificado que llevaba de tiro una moto, dado no ten\u00eda nafta. uno de los condenados se baj\u00f3 del auto manifestando \u201cvamos a arrebatarlo\u201d acerc\u00e1ndole un cuchillo que llevaba en la mano y le sac\u00f3 la moto. Previo hacerla arrancar recorri\u00f3 veinte metros, no m\u00e1s porque no ten\u00eda nafta. Posteriormente, golpearon en el rostro al damnificado, caus\u00e1ndole un hematoma en el labio inferior e intentaron subirlo al auto sin poder lograrlo. Finalmente se retiraron en el auto llev\u00e1ndose una gorra de color gris que ten\u00eda puesta la v\u00edctima.<\/p>\n\n\n\n<p>En el segundo legajo se tramit\u00f3 otro hecho ocurrido en la misma madrugada del 25 de abril en la misma localidad cuando los tres imputados al llegar frente a un restaurant,&nbsp;sustrajeron -sin ejercer fuerza- una bicicleta rodado 29 que estaba en la vereda.<\/p>\n\n\n\n<p>El acuerdo fue presentado por la fiscal Mar\u00eda Ver\u00f3nica Campo, los defensores Fernando Guevara, Ra\u00fal Enrique Thompson, Gast\u00f3n E. G\u00f3mez y Romina Antoci y los imputados. Al momento de presentar el escrito de juicio abreviado, el progenitor del menor damnificado en el primer hecho y a la damnificada due\u00f1a de la bicicleta del segundo hecho fueron informados sobre el acuerdo y se pronunciaron conformes con la v\u00eda procesal elegida para finalizar el proceso.<\/p>\n\n\n\n<p>Respecto a la pena acordada por las partes la jueza expres\u00f3 que \u201ces la que se debe aplicar habida cuenta las pautas establecidas por los arts. 40 y 41 del C.P., la falta de antecedentes condenatorios de los imputados, conforme surge del informe de antecedentes del R.N.R. y teniendo en consideraci\u00f3n, que en cuanto a la imposici\u00f3n de penas, el acuerdo de las partes es un l\u00edmite infranqueable y ajeno a cualquier injerencia del juez\u201d.<\/p>\n","protected":false},"excerpt":{"rendered":"<p>En el marco de un acuerdo de juicio abreviado, la jueza de control de General Pico, Nora Cristina G\u00f3mez, conden\u00f3\u00a0a\u00a0dos hombres de 26 a\u00f1os y a uno de 24 como&hellip;<\/p>\n","protected":false},"author":4,"featured_media":158234,"comment_status":"closed","ping_status":"open","sticky":false,"template":"","format":"standard","meta":{"_acf_changed":false,"footnotes":""},"categories":[1,12],"tags":[],"class_list":["post-208563","post","type-post","status-publish","format-standard","has-post-thumbnail","hentry","category-es-noticia","category-sociedad"],"acf":[],"yoast_head":"<!-- This site is optimized with the Yoast SEO plugin v27.5 - https:\/\/yoast.com\/product\/yoast-seo-wordpress\/ -->\n<title>Tres condenados por robo y\u00a0hurto calificado en Villa Mirasol - Diario Textual<\/title>\n<meta name=\"robots\" content=\"index, follow, max-snippet:-1, max-image-preview:large, max-video-preview:-1\" \/>\n<link rel=\"canonical\" href=\"https:\/\/diariotextual.com\/inicio\/index.php\/2022\/11\/28\/tres-condenados-por-robo-y-hurto-calificado-en-villa-mirasol\/\" \/>\n<meta property=\"og:locale\" content=\"es_ES\" \/>\n<meta property=\"og:type\" content=\"article\" \/>\n<meta property=\"og:title\" content=\"Tres condenados por robo y\u00a0hurto calificado en Villa Mirasol - Diario Textual\" \/>\n<meta property=\"og:description\" content=\"En el marco de un acuerdo de juicio abreviado, la jueza de control de General Pico, Nora Cristina G\u00f3mez, conden\u00f3\u00a0a\u00a0dos hombres de 26 a\u00f1os y a uno de 24 como&hellip;\" \/>\n<meta property=\"og:url\" content=\"https:\/\/diariotextual.com\/inicio\/index.php\/2022\/11\/28\/tres-condenados-por-robo-y-hurto-calificado-en-villa-mirasol\/\" \/>\n<meta property=\"og:site_name\" content=\"Diario Textual\" \/>\n<meta property=\"article:publisher\" content=\"https:\/\/www.facebook.com\/eltextual\" \/>\n<meta property=\"article:published_time\" content=\"2022-11-28T20:18:57+00:00\" \/>\n<meta property=\"article:modified_time\" content=\"2022-11-28T20:18:59+00:00\" \/>\n<meta property=\"og:image\" content=\"https:\/\/diariotextual.com\/inicio\/wp-content\/uploads\/2021\/08\/tribunalespico.jpg\" \/>\n\t<meta property=\"og:image:width\" content=\"512\" \/>\n\t<meta property=\"og:image:height\" content=\"297\" \/>\n\t<meta property=\"og:image:type\" content=\"image\/jpeg\" \/>\n<meta name=\"author\" content=\"diario2\" \/>\n<meta name=\"twitter:card\" content=\"summary_large_image\" \/>\n<meta name=\"twitter:creator\" content=\"@eltextual\" \/>\n<meta name=\"twitter:site\" content=\"@eltextual\" \/>\n<meta name=\"twitter:label1\" content=\"Escrito por\" \/>\n\t<meta name=\"twitter:data1\" content=\"diario2\" \/>\n\t<meta name=\"twitter:label2\" content=\"Tiempo de lectura\" \/>\n\t<meta name=\"twitter:data2\" content=\"3 minutos\" \/>\n<script type=\"application\/ld+json\" class=\"yoast-schema-graph\">{\"@context\":\"https:\\\/\\\/schema.org\",\"@graph\":[{\"@type\":\"Article\",\"@id\":\"https:\\\/\\\/diariotextual.com\\\/inicio\\\/index.php\\\/2022\\\/11\\\/28\\\/tres-condenados-por-robo-y-hurto-calificado-en-villa-mirasol\\\/#article\",\"isPartOf\":{\"@id\":\"https:\\\/\\\/diariotextual.com\\\/inicio\\\/index.php\\\/2022\\\/11\\\/28\\\/tres-condenados-por-robo-y-hurto-calificado-en-villa-mirasol\\\/\"},\"author\":{\"name\":\"diario2\",\"@id\":\"https:\\\/\\\/diariotextual.com\\\/inicio\\\/#\\\/schema\\\/person\\\/694f60677f23c4a530867a98f22b3768\"},\"headline\":\"Tres condenados por robo y\u00a0hurto calificado en Villa Mirasol\",\"datePublished\":\"2022-11-28T20:18:57+00:00\",\"dateModified\":\"2022-11-28T20:18:59+00:00\",\"mainEntityOfPage\":{\"@id\":\"https:\\\/\\\/diariotextual.com\\\/inicio\\\/index.php\\\/2022\\\/11\\\/28\\\/tres-condenados-por-robo-y-hurto-calificado-en-villa-mirasol\\\/\"},\"wordCount\":515,\"publisher\":{\"@id\":\"https:\\\/\\\/diariotextual.com\\\/inicio\\\/#organization\"},\"image\":{\"@id\":\"https:\\\/\\\/diariotextual.com\\\/inicio\\\/index.php\\\/2022\\\/11\\\/28\\\/tres-condenados-por-robo-y-hurto-calificado-en-villa-mirasol\\\/#primaryimage\"},\"thumbnailUrl\":\"https:\\\/\\\/diariotextual.com\\\/inicio\\\/wp-content\\\/uploads\\\/2021\\\/08\\\/tribunalespico.jpg\",\"articleSection\":[\"A - ES NOTICIA (van abajo)\",\"SOCIEDAD\"],\"inLanguage\":\"es\"},{\"@type\":\"WebPage\",\"@id\":\"https:\\\/\\\/diariotextual.com\\\/inicio\\\/index.php\\\/2022\\\/11\\\/28\\\/tres-condenados-por-robo-y-hurto-calificado-en-villa-mirasol\\\/\",\"url\":\"https:\\\/\\\/diariotextual.com\\\/inicio\\\/index.php\\\/2022\\\/11\\\/28\\\/tres-condenados-por-robo-y-hurto-calificado-en-villa-mirasol\\\/\",\"name\":\"Tres condenados por robo y\u00a0hurto calificado en Villa Mirasol - Diario Textual\",\"isPartOf\":{\"@id\":\"https:\\\/\\\/diariotextual.com\\\/inicio\\\/#website\"},\"primaryImageOfPage\":{\"@id\":\"https:\\\/\\\/diariotextual.com\\\/inicio\\\/index.php\\\/2022\\\/11\\\/28\\\/tres-condenados-por-robo-y-hurto-calificado-en-villa-mirasol\\\/#primaryimage\"},\"image\":{\"@id\":\"https:\\\/\\\/diariotextual.com\\\/inicio\\\/index.php\\\/2022\\\/11\\\/28\\\/tres-condenados-por-robo-y-hurto-calificado-en-villa-mirasol\\\/#primaryimage\"},\"thumbnailUrl\":\"https:\\\/\\\/diariotextual.com\\\/inicio\\\/wp-content\\\/uploads\\\/2021\\\/08\\\/tribunalespico.jpg\",\"datePublished\":\"2022-11-28T20:18:57+00:00\",\"dateModified\":\"2022-11-28T20:18:59+00:00\",\"breadcrumb\":{\"@id\":\"https:\\\/\\\/diariotextual.com\\\/inicio\\\/index.php\\\/2022\\\/11\\\/28\\\/tres-condenados-por-robo-y-hurto-calificado-en-villa-mirasol\\\/#breadcrumb\"},\"inLanguage\":\"es\",\"potentialAction\":[{\"@type\":\"ReadAction\",\"target\":[\"https:\\\/\\\/diariotextual.com\\\/inicio\\\/index.php\\\/2022\\\/11\\\/28\\\/tres-condenados-por-robo-y-hurto-calificado-en-villa-mirasol\\\/\"]}]},{\"@type\":\"ImageObject\",\"inLanguage\":\"es\",\"@id\":\"https:\\\/\\\/diariotextual.com\\\/inicio\\\/index.php\\\/2022\\\/11\\\/28\\\/tres-condenados-por-robo-y-hurto-calificado-en-villa-mirasol\\\/#primaryimage\",\"url\":\"https:\\\/\\\/diariotextual.com\\\/inicio\\\/wp-content\\\/uploads\\\/2021\\\/08\\\/tribunalespico.jpg\",\"contentUrl\":\"https:\\\/\\\/diariotextual.com\\\/inicio\\\/wp-content\\\/uploads\\\/2021\\\/08\\\/tribunalespico.jpg\",\"width\":512,\"height\":297},{\"@type\":\"BreadcrumbList\",\"@id\":\"https:\\\/\\\/diariotextual.com\\\/inicio\\\/index.php\\\/2022\\\/11\\\/28\\\/tres-condenados-por-robo-y-hurto-calificado-en-villa-mirasol\\\/#breadcrumb\",\"itemListElement\":[{\"@type\":\"ListItem\",\"position\":1,\"name\":\"Portada\",\"item\":\"https:\\\/\\\/diariotextual.com\\\/inicio\\\/\"},{\"@type\":\"ListItem\",\"position\":2,\"name\":\"Tres condenados por robo y\u00a0hurto calificado en Villa Mirasol\"}]},{\"@type\":\"WebSite\",\"@id\":\"https:\\\/\\\/diariotextual.com\\\/inicio\\\/#website\",\"url\":\"https:\\\/\\\/diariotextual.com\\\/inicio\\\/\",\"name\":\"Diario Textual\",\"description\":\"\",\"publisher\":{\"@id\":\"https:\\\/\\\/diariotextual.com\\\/inicio\\\/#organization\"},\"potentialAction\":[{\"@type\":\"SearchAction\",\"target\":{\"@type\":\"EntryPoint\",\"urlTemplate\":\"https:\\\/\\\/diariotextual.com\\\/inicio\\\/?s={search_term_string}\"},\"query-input\":{\"@type\":\"PropertyValueSpecification\",\"valueRequired\":true,\"valueName\":\"search_term_string\"}}],\"inLanguage\":\"es\"},{\"@type\":\"Organization\",\"@id\":\"https:\\\/\\\/diariotextual.com\\\/inicio\\\/#organization\",\"name\":\"Diario Textual\",\"url\":\"https:\\\/\\\/diariotextual.com\\\/inicio\\\/\",\"logo\":{\"@type\":\"ImageObject\",\"inLanguage\":\"es\",\"@id\":\"https:\\\/\\\/diariotextual.com\\\/inicio\\\/#\\\/schema\\\/logo\\\/image\\\/\",\"url\":\"https:\\\/\\\/diariotextual.com\\\/inicio\\\/wp-content\\\/uploads\\\/2023\\\/05\\\/logotextual1.jpg\",\"contentUrl\":\"https:\\\/\\\/diariotextual.com\\\/inicio\\\/wp-content\\\/uploads\\\/2023\\\/05\\\/logotextual1.jpg\",\"width\":516,\"height\":76,\"caption\":\"Diario Textual\"},\"image\":{\"@id\":\"https:\\\/\\\/diariotextual.com\\\/inicio\\\/#\\\/schema\\\/logo\\\/image\\\/\"},\"sameAs\":[\"https:\\\/\\\/www.facebook.com\\\/eltextual\",\"https:\\\/\\\/x.com\\\/eltextual\",\"http:\\\/\\\/www.instagram.com\\\/eltextual\"]},{\"@type\":\"Person\",\"@id\":\"https:\\\/\\\/diariotextual.com\\\/inicio\\\/#\\\/schema\\\/person\\\/694f60677f23c4a530867a98f22b3768\",\"name\":\"diario2\",\"image\":{\"@type\":\"ImageObject\",\"inLanguage\":\"es\",\"@id\":\"https:\\\/\\\/secure.gravatar.com\\\/avatar\\\/5a2567495ba16b852fcd8f1ed006a2e24fcace936018ed8237e95f488ad6e0a7?s=96&d=mm&r=g\",\"url\":\"https:\\\/\\\/secure.gravatar.com\\\/avatar\\\/5a2567495ba16b852fcd8f1ed006a2e24fcace936018ed8237e95f488ad6e0a7?s=96&d=mm&r=g\",\"contentUrl\":\"https:\\\/\\\/secure.gravatar.com\\\/avatar\\\/5a2567495ba16b852fcd8f1ed006a2e24fcace936018ed8237e95f488ad6e0a7?s=96&d=mm&r=g\",\"caption\":\"diario2\"},\"url\":\"https:\\\/\\\/diariotextual.com\\\/inicio\\\/index.php\\\/author\\\/diario2\\\/\"}]}<\/script>\n<!-- \/ Yoast SEO plugin. -->","yoast_head_json":{"title":"Tres condenados por robo y\u00a0hurto calificado en Villa Mirasol - Diario Textual","robots":{"index":"index","follow":"follow","max-snippet":"max-snippet:-1","max-image-preview":"max-image-preview:large","max-video-preview":"max-video-preview:-1"},"canonical":"https:\/\/diariotextual.com\/inicio\/index.php\/2022\/11\/28\/tres-condenados-por-robo-y-hurto-calificado-en-villa-mirasol\/","og_locale":"es_ES","og_type":"article","og_title":"Tres condenados por robo y\u00a0hurto calificado en Villa Mirasol - Diario Textual","og_description":"En el marco de un acuerdo de juicio abreviado, la jueza de control de General Pico, Nora Cristina G\u00f3mez, conden\u00f3\u00a0a\u00a0dos hombres de 26 a\u00f1os y a uno de 24 como&hellip;","og_url":"https:\/\/diariotextual.com\/inicio\/index.php\/2022\/11\/28\/tres-condenados-por-robo-y-hurto-calificado-en-villa-mirasol\/","og_site_name":"Diario Textual","article_publisher":"https:\/\/www.facebook.com\/eltextual","article_published_time":"2022-11-28T20:18:57+00:00","article_modified_time":"2022-11-28T20:18:59+00:00","og_image":[{"width":512,"height":297,"url":"https:\/\/diariotextual.com\/inicio\/wp-content\/uploads\/2021\/08\/tribunalespico.jpg","type":"image\/jpeg"}],"author":"diario2","twitter_card":"summary_large_image","twitter_creator":"@eltextual","twitter_site":"@eltextual","twitter_misc":{"Escrito por":"diario2","Tiempo de lectura":"3 minutos"},"schema":{"@context":"https:\/\/schema.org","@graph":[{"@type":"Article","@id":"https:\/\/diariotextual.com\/inicio\/index.php\/2022\/11\/28\/tres-condenados-por-robo-y-hurto-calificado-en-villa-mirasol\/#article","isPartOf":{"@id":"https:\/\/diariotextual.com\/inicio\/index.php\/2022\/11\/28\/tres-condenados-por-robo-y-hurto-calificado-en-villa-mirasol\/"},"author":{"name":"diario2","@id":"https:\/\/diariotextual.com\/inicio\/#\/schema\/person\/694f60677f23c4a530867a98f22b3768"},"headline":"Tres condenados por robo y\u00a0hurto calificado en Villa Mirasol","datePublished":"2022-11-28T20:18:57+00:00","dateModified":"2022-11-28T20:18:59+00:00","mainEntityOfPage":{"@id":"https:\/\/diariotextual.com\/inicio\/index.php\/2022\/11\/28\/tres-condenados-por-robo-y-hurto-calificado-en-villa-mirasol\/"},"wordCount":515,"publisher":{"@id":"https:\/\/diariotextual.com\/inicio\/#organization"},"image":{"@id":"https:\/\/diariotextual.com\/inicio\/index.php\/2022\/11\/28\/tres-condenados-por-robo-y-hurto-calificado-en-villa-mirasol\/#primaryimage"},"thumbnailUrl":"https:\/\/diariotextual.com\/inicio\/wp-content\/uploads\/2021\/08\/tribunalespico.jpg","articleSection":["A - ES NOTICIA (van abajo)","SOCIEDAD"],"inLanguage":"es"},{"@type":"WebPage","@id":"https:\/\/diariotextual.com\/inicio\/index.php\/2022\/11\/28\/tres-condenados-por-robo-y-hurto-calificado-en-villa-mirasol\/","url":"https:\/\/diariotextual.com\/inicio\/index.php\/2022\/11\/28\/tres-condenados-por-robo-y-hurto-calificado-en-villa-mirasol\/","name":"Tres condenados por robo y\u00a0hurto calificado en Villa Mirasol - Diario Textual","isPartOf":{"@id":"https:\/\/diariotextual.com\/inicio\/#website"},"primaryImageOfPage":{"@id":"https:\/\/diariotextual.com\/inicio\/index.php\/2022\/11\/28\/tres-condenados-por-robo-y-hurto-calificado-en-villa-mirasol\/#primaryimage"},"image":{"@id":"https:\/\/diariotextual.com\/inicio\/index.php\/2022\/11\/28\/tres-condenados-por-robo-y-hurto-calificado-en-villa-mirasol\/#primaryimage"},"thumbnailUrl":"https:\/\/diariotextual.com\/inicio\/wp-content\/uploads\/2021\/08\/tribunalespico.jpg","datePublished":"2022-11-28T20:18:57+00:00","dateModified":"2022-11-28T20:18:59+00:00","breadcrumb":{"@id":"https:\/\/diariotextual.com\/inicio\/index.php\/2022\/11\/28\/tres-condenados-por-robo-y-hurto-calificado-en-villa-mirasol\/#breadcrumb"},"inLanguage":"es","potentialAction":[{"@type":"ReadAction","target":["https:\/\/diariotextual.com\/inicio\/index.php\/2022\/11\/28\/tres-condenados-por-robo-y-hurto-calificado-en-villa-mirasol\/"]}]},{"@type":"ImageObject","inLanguage":"es","@id":"https:\/\/diariotextual.com\/inicio\/index.php\/2022\/11\/28\/tres-condenados-por-robo-y-hurto-calificado-en-villa-mirasol\/#primaryimage","url":"https:\/\/diariotextual.com\/inicio\/wp-content\/uploads\/2021\/08\/tribunalespico.jpg","contentUrl":"https:\/\/diariotextual.com\/inicio\/wp-content\/uploads\/2021\/08\/tribunalespico.jpg","width":512,"height":297},{"@type":"BreadcrumbList","@id":"https:\/\/diariotextual.com\/inicio\/index.php\/2022\/11\/28\/tres-condenados-por-robo-y-hurto-calificado-en-villa-mirasol\/#breadcrumb","itemListElement":[{"@type":"ListItem","position":1,"name":"Portada","item":"https:\/\/diariotextual.com\/inicio\/"},{"@type":"ListItem","position":2,"name":"Tres condenados por robo y\u00a0hurto calificado en Villa Mirasol"}]},{"@type":"WebSite","@id":"https:\/\/diariotextual.com\/inicio\/#website","url":"https:\/\/diariotextual.com\/inicio\/","name":"Diario Textual","description":"","publisher":{"@id":"https:\/\/diariotextual.com\/inicio\/#organization"},"potentialAction":[{"@type":"SearchAction","target":{"@type":"EntryPoint","urlTemplate":"https:\/\/diariotextual.com\/inicio\/?s={search_term_string}"},"query-input":{"@type":"PropertyValueSpecification","valueRequired":true,"valueName":"search_term_string"}}],"inLanguage":"es"},{"@type":"Organization","@id":"https:\/\/diariotextual.com\/inicio\/#organization","name":"Diario Textual","url":"https:\/\/diariotextual.com\/inicio\/","logo":{"@type":"ImageObject","inLanguage":"es","@id":"https:\/\/diariotextual.com\/inicio\/#\/schema\/logo\/image\/","url":"https:\/\/diariotextual.com\/inicio\/wp-content\/uploads\/2023\/05\/logotextual1.jpg","contentUrl":"https:\/\/diariotextual.com\/inicio\/wp-content\/uploads\/2023\/05\/logotextual1.jpg","width":516,"height":76,"caption":"Diario Textual"},"image":{"@id":"https:\/\/diariotextual.com\/inicio\/#\/schema\/logo\/image\/"},"sameAs":["https:\/\/www.facebook.com\/eltextual","https:\/\/x.com\/eltextual","http:\/\/www.instagram.com\/eltextual"]},{"@type":"Person","@id":"https:\/\/diariotextual.com\/inicio\/#\/schema\/person\/694f60677f23c4a530867a98f22b3768","name":"diario2","image":{"@type":"ImageObject","inLanguage":"es","@id":"https:\/\/secure.gravatar.com\/avatar\/5a2567495ba16b852fcd8f1ed006a2e24fcace936018ed8237e95f488ad6e0a7?s=96&d=mm&r=g","url":"https:\/\/secure.gravatar.com\/avatar\/5a2567495ba16b852fcd8f1ed006a2e24fcace936018ed8237e95f488ad6e0a7?s=96&d=mm&r=g","contentUrl":"https:\/\/secure.gravatar.com\/avatar\/5a2567495ba16b852fcd8f1ed006a2e24fcace936018ed8237e95f488ad6e0a7?s=96&d=mm&r=g","caption":"diario2"},"url":"https:\/\/diariotextual.com\/inicio\/index.php\/author\/diario2\/"}]}},"_links":{"self":[{"href":"https:\/\/diariotextual.com\/inicio\/index.php\/wp-json\/wp\/v2\/posts\/208563","targetHints":{"allow":["GET"]}}],"collection":[{"href":"https:\/\/diariotextual.com\/inicio\/index.php\/wp-json\/wp\/v2\/posts"}],"about":[{"href":"https:\/\/diariotextual.com\/inicio\/index.php\/wp-json\/wp\/v2\/types\/post"}],"author":[{"embeddable":true,"href":"https:\/\/diariotextual.com\/inicio\/index.php\/wp-json\/wp\/v2\/users\/4"}],"replies":[{"embeddable":true,"href":"https:\/\/diariotextual.com\/inicio\/index.php\/wp-json\/wp\/v2\/comments?post=208563"}],"version-history":[{"count":4,"href":"https:\/\/diariotextual.com\/inicio\/index.php\/wp-json\/wp\/v2\/posts\/208563\/revisions"}],"predecessor-version":[{"id":208580,"href":"https:\/\/diariotextual.com\/inicio\/index.php\/wp-json\/wp\/v2\/posts\/208563\/revisions\/208580"}],"wp:featuredmedia":[{"embeddable":true,"href":"https:\/\/diariotextual.com\/inicio\/index.php\/wp-json\/wp\/v2\/media\/158234"}],"wp:attachment":[{"href":"https:\/\/diariotextual.com\/inicio\/index.php\/wp-json\/wp\/v2\/media?parent=208563"}],"wp:term":[{"taxonomy":"category","embeddable":true,"href":"https:\/\/diariotextual.com\/inicio\/index.php\/wp-json\/wp\/v2\/categories?post=208563"},{"taxonomy":"post_tag","embeddable":true,"href":"https:\/\/diariotextual.com\/inicio\/index.php\/wp-json\/wp\/v2\/tags?post=208563"}],"curies":[{"name":"wp","href":"https:\/\/api.w.org\/{rel}","templated":true}]}}