{"id":208588,"date":"2022-11-28T17:56:01","date_gmt":"2022-11-28T20:56:01","guid":{"rendered":"https:\/\/diariotextual.com\/inicio\/?p=208588"},"modified":"2022-11-28T20:02:17","modified_gmt":"2022-11-28T23:02:17","slug":"expectativa-por-la-declaracion-de-cristina-fernandez-en-la-causa-vialidad","status":"publish","type":"post","link":"https:\/\/diariotextual.com\/inicio\/index.php\/2022\/11\/28\/expectativa-por-la-declaracion-de-cristina-fernandez-en-la-causa-vialidad\/","title":{"rendered":"Expectativa por la declaraci\u00f3n de Cristina Fern\u00e1ndez en la causa Vialidad"},"content":{"rendered":"\n<p>La vicepresidenta <strong>Cristina Fern\u00e1ndez de Kirchner<\/strong> dar\u00e1 este martes sus \u201cpalabras finales\u201d en el juicio por el supuesto direccionamiento de la obra p\u00fablica vial entre 2003 y 2015, informaron fuentes allegadas a la exjefa de Estado.<\/p>\n\n\n\n<p>La propia exmandataria lo dej\u00f3 entrever a trav\u00e9s de una publicaci\u00f3n que subi\u00f3 a su cuenta personal de Twitter donde puso la frase <strong>\u201cMa\u00f1ana a las 9:30hs. en el juicio de Vialidad: \u2018\u00faltimas palabras\u2019. <\/strong>As\u00ed le dicen\u2026\u201d, acompa\u00f1ado del link en el que se podr\u00e1 ver la audiencia.<\/p>\n\n\n\n<p>Ser\u00e1 la tercera vez que la vicepresidenta hable en este juicio: la primera fue en su indagatoria en diciembre de 2019 y la segunda fue el mes pasado cuando intervino en el alegato de su defensa, oportunidad en la que se vali\u00f3 de su condici\u00f3n de abogada.<\/p>\n\n\n\n<p>La de este martes ser\u00e1 la segunda jornada dedicada a las palabras finales de los imputados dispuesta por el Tribunal Oral Federal (TOF) 2 en el cronograma previo a dar a conocer su veredicto, cuya fecha deber\u00eda anunciarse durante la jornada.<\/p>\n\n\n\n<p>La vicepresidenta se conectar\u00e1 a la audiencia de manera remota a trav\u00e9s de la plataforma Zoom y, en ese momento, se le preguntar\u00e1 si desea exponer sus \u00faltimas apreciaciones ante los jueces Jorge Gorini, Rodrigo Gim\u00e9nez Uriburu y Andr\u00e9s Basso.<\/p>\n\n\n\n<blockquote class=\"twitter-tweet\"><p lang=\"es\" dir=\"ltr\">Ma\u00f1ana a las 9:30hs. en el juicio de Vialidad: \u201c\u00faltimas palabras\u201d. As\u00ed le dicen\u2026<a href=\"https:\/\/t.co\/mEv5Q25FaE\">https:\/\/t.co\/mEv5Q25FaE<\/a><\/p>&mdash; Cristina Kirchner (@CFKArgentina) <a href=\"https:\/\/twitter.com\/CFKArgentina\/status\/1597304332931960834?ref_src=twsrc%5Etfw\">November 28, 2022<\/a><\/blockquote> <script async src=\"https:\/\/platform.twitter.com\/widgets.js\" charset=\"utf-8\"><\/script>\n\n\n\n<p>La primera vez que Fern\u00e1ndez de Kirchner habl\u00f3 en el juicio fue en la indagatoria que se le tom\u00f3 el 2 de diciembre de 2019, cuando el debate a\u00fan era presencial, de manera previa a la pandemia de Covid 19.<\/p>\n\n\n\n<p>\u201cEste juicio forma parte tambi\u00e9n del lawfare, esto fue un plan ideado por el Gobierno saliente\u201d, sostuvo en relaci\u00f3n al gobierno de Mauricio Macri, y luego asegur\u00f3: \u201cAs\u00ed lleg\u00f3 este Gobierno saliente al gobierno, con el auxilio invalorable del aparato judicial\u201d.<\/p>\n\n\n\n<p>El juicio \u201cest\u00e1 montado sobre la hip\u00f3tesis de que N\u00e9stor Kirchner fue presidente para armar una asociaci\u00f3n il\u00edcita con un empresario de la construcci\u00f3n que era su amigo de R\u00edo Gallegos, para venir a saquear las arcas del Estado\u201d, dijo entonces al calificar como \u201cuna verg\u00fcenza\u201d a la acusaci\u00f3n.<\/p>\n\n\n\n<p>En la segunda ocasi\u00f3n, el 23 de septiembre \u00faltimo, la vicepresidenta y titular del Senado habl\u00f3 al Tribunal de manera virtual desde su despacho en la sede parlamentaria, como parte del alegato final de su defensa, en el que intervino como abogada en causa propia.<\/p>\n\n\n\n<p>Fern\u00e1ndez de Kirchner dijo que los fiscales Diego Luciani y Sergio Mola, quienes pidieron condenarla a 12 a\u00f1os de prisi\u00f3n, cometieron \u201cun claro a caso de prevaricato\u201d.<\/p>\n","protected":false},"excerpt":{"rendered":"<p>La vicepresidenta Cristina Fern\u00e1ndez de Kirchner dar\u00e1 este martes sus \u201cpalabras finales\u201d en el juicio por el supuesto direccionamiento de la obra p\u00fablica vial entre 2003 y 2015, informaron fuentes&hellip;<\/p>\n","protected":false},"author":4,"featured_media":206104,"comment_status":"closed","ping_status":"open","sticky":false,"template":"","format":"standard","meta":{"_acf_changed":false,"footnotes":""},"categories":[1,8],"tags":[],"class_list":["post-208588","post","type-post","status-publish","format-standard","has-post-thumbnail","hentry","category-es-noticia","category-politica"],"acf":[],"yoast_head":"<!-- This site is optimized with the Yoast SEO plugin v27.5 - https:\/\/yoast.com\/product\/yoast-seo-wordpress\/ -->\n<title>Expectativa por la declaraci\u00f3n de Cristina Fern\u00e1ndez en la causa Vialidad - Diario Textual<\/title>\n<meta name=\"robots\" content=\"index, follow, max-snippet:-1, max-image-preview:large, max-video-preview:-1\" \/>\n<link rel=\"canonical\" href=\"https:\/\/diariotextual.com\/inicio\/index.php\/2022\/11\/28\/expectativa-por-la-declaracion-de-cristina-fernandez-en-la-causa-vialidad\/\" \/>\n<meta property=\"og:locale\" content=\"es_ES\" \/>\n<meta property=\"og:type\" content=\"article\" \/>\n<meta property=\"og:title\" content=\"Expectativa por la declaraci\u00f3n de Cristina Fern\u00e1ndez en la causa Vialidad - Diario Textual\" \/>\n<meta property=\"og:description\" content=\"La vicepresidenta Cristina Fern\u00e1ndez de Kirchner dar\u00e1 este martes sus \u201cpalabras finales\u201d en el juicio por el supuesto direccionamiento de la obra p\u00fablica vial entre 2003 y 2015, informaron fuentes&hellip;\" \/>\n<meta property=\"og:url\" content=\"https:\/\/diariotextual.com\/inicio\/index.php\/2022\/11\/28\/expectativa-por-la-declaracion-de-cristina-fernandez-en-la-causa-vialidad\/\" \/>\n<meta property=\"og:site_name\" content=\"Diario Textual\" \/>\n<meta property=\"article:publisher\" content=\"https:\/\/www.facebook.com\/eltextual\" \/>\n<meta property=\"article:published_time\" content=\"2022-11-28T20:56:01+00:00\" \/>\n<meta property=\"article:modified_time\" content=\"2022-11-28T23:02:17+00:00\" \/>\n<meta property=\"og:image\" content=\"https:\/\/diariotextual.com\/inicio\/wp-content\/uploads\/2022\/11\/fernandezcristinatv2022-1.png\" \/>\n\t<meta property=\"og:image:width\" content=\"762\" \/>\n\t<meta property=\"og:image:height\" content=\"423\" \/>\n\t<meta property=\"og:image:type\" content=\"image\/png\" \/>\n<meta name=\"author\" content=\"diario2\" \/>\n<meta name=\"twitter:card\" content=\"summary_large_image\" \/>\n<meta name=\"twitter:creator\" content=\"@eltextual\" \/>\n<meta name=\"twitter:site\" content=\"@eltextual\" \/>\n<meta name=\"twitter:label1\" content=\"Escrito por\" \/>\n\t<meta name=\"twitter:data1\" content=\"diario2\" \/>\n\t<meta name=\"twitter:label2\" content=\"Tiempo de lectura\" \/>\n\t<meta name=\"twitter:data2\" content=\"2 minutos\" \/>\n<script type=\"application\/ld+json\" class=\"yoast-schema-graph\">{\"@context\":\"https:\\\/\\\/schema.org\",\"@graph\":[{\"@type\":\"Article\",\"@id\":\"https:\\\/\\\/diariotextual.com\\\/inicio\\\/index.php\\\/2022\\\/11\\\/28\\\/expectativa-por-la-declaracion-de-cristina-fernandez-en-la-causa-vialidad\\\/#article\",\"isPartOf\":{\"@id\":\"https:\\\/\\\/diariotextual.com\\\/inicio\\\/index.php\\\/2022\\\/11\\\/28\\\/expectativa-por-la-declaracion-de-cristina-fernandez-en-la-causa-vialidad\\\/\"},\"author\":{\"name\":\"diario2\",\"@id\":\"https:\\\/\\\/diariotextual.com\\\/inicio\\\/#\\\/schema\\\/person\\\/694f60677f23c4a530867a98f22b3768\"},\"headline\":\"Expectativa por la declaraci\u00f3n de Cristina Fern\u00e1ndez en la causa Vialidad\",\"datePublished\":\"2022-11-28T20:56:01+00:00\",\"dateModified\":\"2022-11-28T23:02:17+00:00\",\"mainEntityOfPage\":{\"@id\":\"https:\\\/\\\/diariotextual.com\\\/inicio\\\/index.php\\\/2022\\\/11\\\/28\\\/expectativa-por-la-declaracion-de-cristina-fernandez-en-la-causa-vialidad\\\/\"},\"wordCount\":471,\"publisher\":{\"@id\":\"https:\\\/\\\/diariotextual.com\\\/inicio\\\/#organization\"},\"image\":{\"@id\":\"https:\\\/\\\/diariotextual.com\\\/inicio\\\/index.php\\\/2022\\\/11\\\/28\\\/expectativa-por-la-declaracion-de-cristina-fernandez-en-la-causa-vialidad\\\/#primaryimage\"},\"thumbnailUrl\":\"https:\\\/\\\/diariotextual.com\\\/inicio\\\/wp-content\\\/uploads\\\/2022\\\/11\\\/fernandezcristinatv2022-1.png\",\"articleSection\":[\"A - ES NOTICIA (van abajo)\",\"POLITICA\"],\"inLanguage\":\"es\"},{\"@type\":\"WebPage\",\"@id\":\"https:\\\/\\\/diariotextual.com\\\/inicio\\\/index.php\\\/2022\\\/11\\\/28\\\/expectativa-por-la-declaracion-de-cristina-fernandez-en-la-causa-vialidad\\\/\",\"url\":\"https:\\\/\\\/diariotextual.com\\\/inicio\\\/index.php\\\/2022\\\/11\\\/28\\\/expectativa-por-la-declaracion-de-cristina-fernandez-en-la-causa-vialidad\\\/\",\"name\":\"Expectativa por la declaraci\u00f3n de Cristina Fern\u00e1ndez en la causa Vialidad - Diario Textual\",\"isPartOf\":{\"@id\":\"https:\\\/\\\/diariotextual.com\\\/inicio\\\/#website\"},\"primaryImageOfPage\":{\"@id\":\"https:\\\/\\\/diariotextual.com\\\/inicio\\\/index.php\\\/2022\\\/11\\\/28\\\/expectativa-por-la-declaracion-de-cristina-fernandez-en-la-causa-vialidad\\\/#primaryimage\"},\"image\":{\"@id\":\"https:\\\/\\\/diariotextual.com\\\/inicio\\\/index.php\\\/2022\\\/11\\\/28\\\/expectativa-por-la-declaracion-de-cristina-fernandez-en-la-causa-vialidad\\\/#primaryimage\"},\"thumbnailUrl\":\"https:\\\/\\\/diariotextual.com\\\/inicio\\\/wp-content\\\/uploads\\\/2022\\\/11\\\/fernandezcristinatv2022-1.png\",\"datePublished\":\"2022-11-28T20:56:01+00:00\",\"dateModified\":\"2022-11-28T23:02:17+00:00\",\"breadcrumb\":{\"@id\":\"https:\\\/\\\/diariotextual.com\\\/inicio\\\/index.php\\\/2022\\\/11\\\/28\\\/expectativa-por-la-declaracion-de-cristina-fernandez-en-la-causa-vialidad\\\/#breadcrumb\"},\"inLanguage\":\"es\",\"potentialAction\":[{\"@type\":\"ReadAction\",\"target\":[\"https:\\\/\\\/diariotextual.com\\\/inicio\\\/index.php\\\/2022\\\/11\\\/28\\\/expectativa-por-la-declaracion-de-cristina-fernandez-en-la-causa-vialidad\\\/\"]}]},{\"@type\":\"ImageObject\",\"inLanguage\":\"es\",\"@id\":\"https:\\\/\\\/diariotextual.com\\\/inicio\\\/index.php\\\/2022\\\/11\\\/28\\\/expectativa-por-la-declaracion-de-cristina-fernandez-en-la-causa-vialidad\\\/#primaryimage\",\"url\":\"https:\\\/\\\/diariotextual.com\\\/inicio\\\/wp-content\\\/uploads\\\/2022\\\/11\\\/fernandezcristinatv2022-1.png\",\"contentUrl\":\"https:\\\/\\\/diariotextual.com\\\/inicio\\\/wp-content\\\/uploads\\\/2022\\\/11\\\/fernandezcristinatv2022-1.png\",\"width\":762,\"height\":423},{\"@type\":\"BreadcrumbList\",\"@id\":\"https:\\\/\\\/diariotextual.com\\\/inicio\\\/index.php\\\/2022\\\/11\\\/28\\\/expectativa-por-la-declaracion-de-cristina-fernandez-en-la-causa-vialidad\\\/#breadcrumb\",\"itemListElement\":[{\"@type\":\"ListItem\",\"position\":1,\"name\":\"Portada\",\"item\":\"https:\\\/\\\/diariotextual.com\\\/inicio\\\/\"},{\"@type\":\"ListItem\",\"position\":2,\"name\":\"Expectativa por la declaraci\u00f3n de Cristina Fern\u00e1ndez en la causa Vialidad\"}]},{\"@type\":\"WebSite\",\"@id\":\"https:\\\/\\\/diariotextual.com\\\/inicio\\\/#website\",\"url\":\"https:\\\/\\\/diariotextual.com\\\/inicio\\\/\",\"name\":\"Diario Textual\",\"description\":\"\",\"publisher\":{\"@id\":\"https:\\\/\\\/diariotextual.com\\\/inicio\\\/#organization\"},\"potentialAction\":[{\"@type\":\"SearchAction\",\"target\":{\"@type\":\"EntryPoint\",\"urlTemplate\":\"https:\\\/\\\/diariotextual.com\\\/inicio\\\/?s={search_term_string}\"},\"query-input\":{\"@type\":\"PropertyValueSpecification\",\"valueRequired\":true,\"valueName\":\"search_term_string\"}}],\"inLanguage\":\"es\"},{\"@type\":\"Organization\",\"@id\":\"https:\\\/\\\/diariotextual.com\\\/inicio\\\/#organization\",\"name\":\"Diario Textual\",\"url\":\"https:\\\/\\\/diariotextual.com\\\/inicio\\\/\",\"logo\":{\"@type\":\"ImageObject\",\"inLanguage\":\"es\",\"@id\":\"https:\\\/\\\/diariotextual.com\\\/inicio\\\/#\\\/schema\\\/logo\\\/image\\\/\",\"url\":\"https:\\\/\\\/diariotextual.com\\\/inicio\\\/wp-content\\\/uploads\\\/2023\\\/05\\\/logotextual1.jpg\",\"contentUrl\":\"https:\\\/\\\/diariotextual.com\\\/inicio\\\/wp-content\\\/uploads\\\/2023\\\/05\\\/logotextual1.jpg\",\"width\":516,\"height\":76,\"caption\":\"Diario Textual\"},\"image\":{\"@id\":\"https:\\\/\\\/diariotextual.com\\\/inicio\\\/#\\\/schema\\\/logo\\\/image\\\/\"},\"sameAs\":[\"https:\\\/\\\/www.facebook.com\\\/eltextual\",\"https:\\\/\\\/x.com\\\/eltextual\",\"http:\\\/\\\/www.instagram.com\\\/eltextual\"]},{\"@type\":\"Person\",\"@id\":\"https:\\\/\\\/diariotextual.com\\\/inicio\\\/#\\\/schema\\\/person\\\/694f60677f23c4a530867a98f22b3768\",\"name\":\"diario2\",\"image\":{\"@type\":\"ImageObject\",\"inLanguage\":\"es\",\"@id\":\"https:\\\/\\\/secure.gravatar.com\\\/avatar\\\/5a2567495ba16b852fcd8f1ed006a2e24fcace936018ed8237e95f488ad6e0a7?s=96&d=mm&r=g\",\"url\":\"https:\\\/\\\/secure.gravatar.com\\\/avatar\\\/5a2567495ba16b852fcd8f1ed006a2e24fcace936018ed8237e95f488ad6e0a7?s=96&d=mm&r=g\",\"contentUrl\":\"https:\\\/\\\/secure.gravatar.com\\\/avatar\\\/5a2567495ba16b852fcd8f1ed006a2e24fcace936018ed8237e95f488ad6e0a7?s=96&d=mm&r=g\",\"caption\":\"diario2\"},\"url\":\"https:\\\/\\\/diariotextual.com\\\/inicio\\\/index.php\\\/author\\\/diario2\\\/\"}]}<\/script>\n<!-- \/ Yoast SEO plugin. -->","yoast_head_json":{"title":"Expectativa por la declaraci\u00f3n de Cristina Fern\u00e1ndez en la causa Vialidad - Diario Textual","robots":{"index":"index","follow":"follow","max-snippet":"max-snippet:-1","max-image-preview":"max-image-preview:large","max-video-preview":"max-video-preview:-1"},"canonical":"https:\/\/diariotextual.com\/inicio\/index.php\/2022\/11\/28\/expectativa-por-la-declaracion-de-cristina-fernandez-en-la-causa-vialidad\/","og_locale":"es_ES","og_type":"article","og_title":"Expectativa por la declaraci\u00f3n de Cristina Fern\u00e1ndez en la causa Vialidad - Diario Textual","og_description":"La vicepresidenta Cristina Fern\u00e1ndez de Kirchner dar\u00e1 este martes sus \u201cpalabras finales\u201d en el juicio por el supuesto direccionamiento de la obra p\u00fablica vial entre 2003 y 2015, informaron fuentes&hellip;","og_url":"https:\/\/diariotextual.com\/inicio\/index.php\/2022\/11\/28\/expectativa-por-la-declaracion-de-cristina-fernandez-en-la-causa-vialidad\/","og_site_name":"Diario Textual","article_publisher":"https:\/\/www.facebook.com\/eltextual","article_published_time":"2022-11-28T20:56:01+00:00","article_modified_time":"2022-11-28T23:02:17+00:00","og_image":[{"width":762,"height":423,"url":"https:\/\/diariotextual.com\/inicio\/wp-content\/uploads\/2022\/11\/fernandezcristinatv2022-1.png","type":"image\/png"}],"author":"diario2","twitter_card":"summary_large_image","twitter_creator":"@eltextual","twitter_site":"@eltextual","twitter_misc":{"Escrito por":"diario2","Tiempo de lectura":"2 minutos"},"schema":{"@context":"https:\/\/schema.org","@graph":[{"@type":"Article","@id":"https:\/\/diariotextual.com\/inicio\/index.php\/2022\/11\/28\/expectativa-por-la-declaracion-de-cristina-fernandez-en-la-causa-vialidad\/#article","isPartOf":{"@id":"https:\/\/diariotextual.com\/inicio\/index.php\/2022\/11\/28\/expectativa-por-la-declaracion-de-cristina-fernandez-en-la-causa-vialidad\/"},"author":{"name":"diario2","@id":"https:\/\/diariotextual.com\/inicio\/#\/schema\/person\/694f60677f23c4a530867a98f22b3768"},"headline":"Expectativa por la declaraci\u00f3n de Cristina Fern\u00e1ndez en la causa Vialidad","datePublished":"2022-11-28T20:56:01+00:00","dateModified":"2022-11-28T23:02:17+00:00","mainEntityOfPage":{"@id":"https:\/\/diariotextual.com\/inicio\/index.php\/2022\/11\/28\/expectativa-por-la-declaracion-de-cristina-fernandez-en-la-causa-vialidad\/"},"wordCount":471,"publisher":{"@id":"https:\/\/diariotextual.com\/inicio\/#organization"},"image":{"@id":"https:\/\/diariotextual.com\/inicio\/index.php\/2022\/11\/28\/expectativa-por-la-declaracion-de-cristina-fernandez-en-la-causa-vialidad\/#primaryimage"},"thumbnailUrl":"https:\/\/diariotextual.com\/inicio\/wp-content\/uploads\/2022\/11\/fernandezcristinatv2022-1.png","articleSection":["A - ES NOTICIA (van abajo)","POLITICA"],"inLanguage":"es"},{"@type":"WebPage","@id":"https:\/\/diariotextual.com\/inicio\/index.php\/2022\/11\/28\/expectativa-por-la-declaracion-de-cristina-fernandez-en-la-causa-vialidad\/","url":"https:\/\/diariotextual.com\/inicio\/index.php\/2022\/11\/28\/expectativa-por-la-declaracion-de-cristina-fernandez-en-la-causa-vialidad\/","name":"Expectativa por la declaraci\u00f3n de Cristina Fern\u00e1ndez en la causa Vialidad - Diario Textual","isPartOf":{"@id":"https:\/\/diariotextual.com\/inicio\/#website"},"primaryImageOfPage":{"@id":"https:\/\/diariotextual.com\/inicio\/index.php\/2022\/11\/28\/expectativa-por-la-declaracion-de-cristina-fernandez-en-la-causa-vialidad\/#primaryimage"},"image":{"@id":"https:\/\/diariotextual.com\/inicio\/index.php\/2022\/11\/28\/expectativa-por-la-declaracion-de-cristina-fernandez-en-la-causa-vialidad\/#primaryimage"},"thumbnailUrl":"https:\/\/diariotextual.com\/inicio\/wp-content\/uploads\/2022\/11\/fernandezcristinatv2022-1.png","datePublished":"2022-11-28T20:56:01+00:00","dateModified":"2022-11-28T23:02:17+00:00","breadcrumb":{"@id":"https:\/\/diariotextual.com\/inicio\/index.php\/2022\/11\/28\/expectativa-por-la-declaracion-de-cristina-fernandez-en-la-causa-vialidad\/#breadcrumb"},"inLanguage":"es","potentialAction":[{"@type":"ReadAction","target":["https:\/\/diariotextual.com\/inicio\/index.php\/2022\/11\/28\/expectativa-por-la-declaracion-de-cristina-fernandez-en-la-causa-vialidad\/"]}]},{"@type":"ImageObject","inLanguage":"es","@id":"https:\/\/diariotextual.com\/inicio\/index.php\/2022\/11\/28\/expectativa-por-la-declaracion-de-cristina-fernandez-en-la-causa-vialidad\/#primaryimage","url":"https:\/\/diariotextual.com\/inicio\/wp-content\/uploads\/2022\/11\/fernandezcristinatv2022-1.png","contentUrl":"https:\/\/diariotextual.com\/inicio\/wp-content\/uploads\/2022\/11\/fernandezcristinatv2022-1.png","width":762,"height":423},{"@type":"BreadcrumbList","@id":"https:\/\/diariotextual.com\/inicio\/index.php\/2022\/11\/28\/expectativa-por-la-declaracion-de-cristina-fernandez-en-la-causa-vialidad\/#breadcrumb","itemListElement":[{"@type":"ListItem","position":1,"name":"Portada","item":"https:\/\/diariotextual.com\/inicio\/"},{"@type":"ListItem","position":2,"name":"Expectativa por la declaraci\u00f3n de Cristina Fern\u00e1ndez en la causa Vialidad"}]},{"@type":"WebSite","@id":"https:\/\/diariotextual.com\/inicio\/#website","url":"https:\/\/diariotextual.com\/inicio\/","name":"Diario Textual","description":"","publisher":{"@id":"https:\/\/diariotextual.com\/inicio\/#organization"},"potentialAction":[{"@type":"SearchAction","target":{"@type":"EntryPoint","urlTemplate":"https:\/\/diariotextual.com\/inicio\/?s={search_term_string}"},"query-input":{"@type":"PropertyValueSpecification","valueRequired":true,"valueName":"search_term_string"}}],"inLanguage":"es"},{"@type":"Organization","@id":"https:\/\/diariotextual.com\/inicio\/#organization","name":"Diario Textual","url":"https:\/\/diariotextual.com\/inicio\/","logo":{"@type":"ImageObject","inLanguage":"es","@id":"https:\/\/diariotextual.com\/inicio\/#\/schema\/logo\/image\/","url":"https:\/\/diariotextual.com\/inicio\/wp-content\/uploads\/2023\/05\/logotextual1.jpg","contentUrl":"https:\/\/diariotextual.com\/inicio\/wp-content\/uploads\/2023\/05\/logotextual1.jpg","width":516,"height":76,"caption":"Diario Textual"},"image":{"@id":"https:\/\/diariotextual.com\/inicio\/#\/schema\/logo\/image\/"},"sameAs":["https:\/\/www.facebook.com\/eltextual","https:\/\/x.com\/eltextual","http:\/\/www.instagram.com\/eltextual"]},{"@type":"Person","@id":"https:\/\/diariotextual.com\/inicio\/#\/schema\/person\/694f60677f23c4a530867a98f22b3768","name":"diario2","image":{"@type":"ImageObject","inLanguage":"es","@id":"https:\/\/secure.gravatar.com\/avatar\/5a2567495ba16b852fcd8f1ed006a2e24fcace936018ed8237e95f488ad6e0a7?s=96&d=mm&r=g","url":"https:\/\/secure.gravatar.com\/avatar\/5a2567495ba16b852fcd8f1ed006a2e24fcace936018ed8237e95f488ad6e0a7?s=96&d=mm&r=g","contentUrl":"https:\/\/secure.gravatar.com\/avatar\/5a2567495ba16b852fcd8f1ed006a2e24fcace936018ed8237e95f488ad6e0a7?s=96&d=mm&r=g","caption":"diario2"},"url":"https:\/\/diariotextual.com\/inicio\/index.php\/author\/diario2\/"}]}},"_links":{"self":[{"href":"https:\/\/diariotextual.com\/inicio\/index.php\/wp-json\/wp\/v2\/posts\/208588","targetHints":{"allow":["GET"]}}],"collection":[{"href":"https:\/\/diariotextual.com\/inicio\/index.php\/wp-json\/wp\/v2\/posts"}],"about":[{"href":"https:\/\/diariotextual.com\/inicio\/index.php\/wp-json\/wp\/v2\/types\/post"}],"author":[{"embeddable":true,"href":"https:\/\/diariotextual.com\/inicio\/index.php\/wp-json\/wp\/v2\/users\/4"}],"replies":[{"embeddable":true,"href":"https:\/\/diariotextual.com\/inicio\/index.php\/wp-json\/wp\/v2\/comments?post=208588"}],"version-history":[{"count":2,"href":"https:\/\/diariotextual.com\/inicio\/index.php\/wp-json\/wp\/v2\/posts\/208588\/revisions"}],"predecessor-version":[{"id":208590,"href":"https:\/\/diariotextual.com\/inicio\/index.php\/wp-json\/wp\/v2\/posts\/208588\/revisions\/208590"}],"wp:featuredmedia":[{"embeddable":true,"href":"https:\/\/diariotextual.com\/inicio\/index.php\/wp-json\/wp\/v2\/media\/206104"}],"wp:attachment":[{"href":"https:\/\/diariotextual.com\/inicio\/index.php\/wp-json\/wp\/v2\/media?parent=208588"}],"wp:term":[{"taxonomy":"category","embeddable":true,"href":"https:\/\/diariotextual.com\/inicio\/index.php\/wp-json\/wp\/v2\/categories?post=208588"},{"taxonomy":"post_tag","embeddable":true,"href":"https:\/\/diariotextual.com\/inicio\/index.php\/wp-json\/wp\/v2\/tags?post=208588"}],"curies":[{"name":"wp","href":"https:\/\/api.w.org\/{rel}","templated":true}]}}