{"id":20918,"date":"2018-09-20T10:33:44","date_gmt":"2018-09-20T13:33:44","guid":{"rendered":"http:\/\/diariotextual.com\/inicio\/?p=20918"},"modified":"2018-09-20T14:46:09","modified_gmt":"2018-09-20T17:46:09","slug":"moralejo-norte-donde-se-ha-detectado-agua-contaminada-agroquimicos","status":"publish","type":"post","link":"https:\/\/diariotextual.com\/inicio\/index.php\/2018\/09\/20\/moralejo-norte-donde-se-ha-detectado-agua-contaminada-agroquimicos\/","title":{"rendered":"Moralejo: \u00abEn el norte es donde se ha detectado agua contaminada con agroqu\u00edmicos\u00bb"},"content":{"rendered":"<p><strong>Ricardo Moralejo<\/strong>, ministro de la Producci\u00f3n de La Pampa, insisti\u00f3 este jueves que<strong> se han detectado \u201ctrazas de contaminaci\u00f3n\u201d de agroqu\u00edmicos en aguas subt\u00e9rraneas del norte<\/strong> de la provincia.<\/p>\n<p>\u201cHay problemas por mal uso o exceso de uso de agroqu\u00edmicos\u201d, dijo. El fin de semana, en Realic\u00f3, ya hab\u00eda informado que hab\u00edan detectado esa contaminaci\u00f3n. Ahora ampli\u00f3 sus declaraciones. \u00abEn el norte provincial es donde se ha detectado agua contaminada.\u00a0No es para sembrar p\u00e1nico. Se ha detectado en muy baja escala y muy por debajo de lo aceptado por las normas internacionales\u201d, dijo.<\/p>\n<p>A su vez, desliz\u00f3 que se deber\u00eda modificar la legislaci\u00f3n para la aplicaci\u00f3n de esos agroqu\u00edmicos y expres\u00f3 que se deber\u00eda ir a una alimentaci\u00f3n m\u00e1s saludable.<\/p>\n<p>\u00abNosotros estamos estudiando estos temas de manera permanente junto con el Colegio de Ingenieros Agr\u00f3nomos. Si bien existe una legislaci\u00f3n, queremos instrumentar medidas que permitan un uso adecuado e irracional de los mismos. Que esto implique una rotaci\u00f3n adecuada, para evitar una saturaci\u00f3n en la capacidad de depuraci\u00f3n del suelo\u201d, dijo.<\/p>\n<p>\u00abLo que nos preocupa es que ante an\u00e1lisis que hemos estado realizando en diferentes muestras, si bien son muy pocas, empezamos a encontrar residuos de estos agroqu\u00edmicos. Esto est\u00e1 muy por debajo de los standares aceptados, no tiene que preocuparnos pero s\u00ed tiene que abrirnos una luz amarilla que indica que algo est\u00e1 pasando. Sobre todo en la zona norte de La Pampa. No es para alarmar, pero es un indicio. Nosotros lo hacemos p\u00fablico para crear mayor conciencia en la poblaci\u00f3n, en los productores y en los aplicadores de agroqu\u00edmicos\u201d, finaliz\u00f3.<\/p>\n<p>&nbsp;<\/p>\n<p>&nbsp;<\/p>\n<p>&nbsp;<\/p>\n<p>&nbsp;<\/p>\n<p>&nbsp;<\/p>\n","protected":false},"excerpt":{"rendered":"<p>Ricardo Moralejo, ministro de la Producci\u00f3n de La Pampa, insisti\u00f3 este jueves que se han detectado \u201ctrazas de contaminaci\u00f3n\u201d de agroqu\u00edmicos en aguas subt\u00e9rraneas del norte de la provincia. \u201cHay&hellip;<\/p>\n","protected":false},"author":3,"featured_media":14482,"comment_status":"closed","ping_status":"open","sticky":false,"template":"","format":"standard","meta":{"_acf_changed":false,"footnotes":""},"categories":[11,319,20],"tags":[],"class_list":["post-20918","post","type-post","status-publish","format-standard","has-post-thumbnail","hentry","category-que-pasa","category-a-temporales","category-campo"],"acf":[],"yoast_head":"<!-- This site is optimized with the Yoast SEO plugin v27.5 - https:\/\/yoast.com\/product\/yoast-seo-wordpress\/ -->\n<title>Moralejo: &quot;En el norte es donde se ha detectado agua contaminada con agroqu\u00edmicos&quot; - Diario Textual<\/title>\n<meta name=\"robots\" content=\"index, follow, max-snippet:-1, max-image-preview:large, max-video-preview:-1\" \/>\n<link rel=\"canonical\" href=\"https:\/\/diariotextual.com\/inicio\/index.php\/2018\/09\/20\/moralejo-norte-donde-se-ha-detectado-agua-contaminada-agroquimicos\/\" \/>\n<meta property=\"og:locale\" content=\"es_ES\" \/>\n<meta property=\"og:type\" content=\"article\" \/>\n<meta property=\"og:title\" content=\"Moralejo: &quot;En el norte es donde se ha detectado agua contaminada con agroqu\u00edmicos&quot; - Diario Textual\" \/>\n<meta property=\"og:description\" content=\"Ricardo Moralejo, ministro de la Producci\u00f3n de La Pampa, insisti\u00f3 este jueves que se han detectado \u201ctrazas de contaminaci\u00f3n\u201d de agroqu\u00edmicos en aguas subt\u00e9rraneas del norte de la provincia. \u201cHay&hellip;\" \/>\n<meta property=\"og:url\" content=\"https:\/\/diariotextual.com\/inicio\/index.php\/2018\/09\/20\/moralejo-norte-donde-se-ha-detectado-agua-contaminada-agroquimicos\/\" \/>\n<meta property=\"og:site_name\" content=\"Diario Textual\" \/>\n<meta property=\"article:publisher\" content=\"https:\/\/www.facebook.com\/eltextual\" \/>\n<meta property=\"article:published_time\" content=\"2018-09-20T13:33:44+00:00\" \/>\n<meta property=\"article:modified_time\" content=\"2018-09-20T17:46:09+00:00\" \/>\n<meta property=\"og:image\" content=\"https:\/\/diariotextual.com\/inicio\/wp-content\/uploads\/2018\/07\/moralejoricardo999.jpg\" \/>\n\t<meta property=\"og:image:width\" content=\"1000\" \/>\n\t<meta property=\"og:image:height\" content=\"662\" \/>\n\t<meta property=\"og:image:type\" content=\"image\/jpeg\" \/>\n<meta name=\"author\" content=\"Diario1 Diario1\" \/>\n<meta name=\"twitter:card\" content=\"summary_large_image\" \/>\n<meta name=\"twitter:creator\" content=\"@eltextual\" \/>\n<meta name=\"twitter:site\" content=\"@eltextual\" \/>\n<meta name=\"twitter:label1\" content=\"Escrito por\" \/>\n\t<meta name=\"twitter:data1\" content=\"Diario1 Diario1\" \/>\n\t<meta name=\"twitter:label2\" content=\"Tiempo de lectura\" \/>\n\t<meta name=\"twitter:data2\" content=\"1 minuto\" \/>\n<script type=\"application\/ld+json\" class=\"yoast-schema-graph\">{\"@context\":\"https:\\\/\\\/schema.org\",\"@graph\":[{\"@type\":\"Article\",\"@id\":\"https:\\\/\\\/diariotextual.com\\\/inicio\\\/index.php\\\/2018\\\/09\\\/20\\\/moralejo-norte-donde-se-ha-detectado-agua-contaminada-agroquimicos\\\/#article\",\"isPartOf\":{\"@id\":\"https:\\\/\\\/diariotextual.com\\\/inicio\\\/index.php\\\/2018\\\/09\\\/20\\\/moralejo-norte-donde-se-ha-detectado-agua-contaminada-agroquimicos\\\/\"},\"author\":{\"name\":\"Diario1 Diario1\",\"@id\":\"https:\\\/\\\/diariotextual.com\\\/inicio\\\/#\\\/schema\\\/person\\\/418fc4093c33e86ed41562db3508f958\"},\"headline\":\"Moralejo: \u00abEn el norte es donde se ha detectado agua contaminada con agroqu\u00edmicos\u00bb\",\"datePublished\":\"2018-09-20T13:33:44+00:00\",\"dateModified\":\"2018-09-20T17:46:09+00:00\",\"mainEntityOfPage\":{\"@id\":\"https:\\\/\\\/diariotextual.com\\\/inicio\\\/index.php\\\/2018\\\/09\\\/20\\\/moralejo-norte-donde-se-ha-detectado-agua-contaminada-agroquimicos\\\/\"},\"wordCount\":309,\"publisher\":{\"@id\":\"https:\\\/\\\/diariotextual.com\\\/inicio\\\/#organization\"},\"image\":{\"@id\":\"https:\\\/\\\/diariotextual.com\\\/inicio\\\/index.php\\\/2018\\\/09\\\/20\\\/moralejo-norte-donde-se-ha-detectado-agua-contaminada-agroquimicos\\\/#primaryimage\"},\"thumbnailUrl\":\"https:\\\/\\\/diariotextual.com\\\/inicio\\\/wp-content\\\/uploads\\\/2018\\\/07\\\/moralejoricardo999.jpg\",\"articleSection\":[\"A - QUE PASA (al costado)\",\"A - TEMPORALES\",\"CAMPO\"],\"inLanguage\":\"es\"},{\"@type\":\"WebPage\",\"@id\":\"https:\\\/\\\/diariotextual.com\\\/inicio\\\/index.php\\\/2018\\\/09\\\/20\\\/moralejo-norte-donde-se-ha-detectado-agua-contaminada-agroquimicos\\\/\",\"url\":\"https:\\\/\\\/diariotextual.com\\\/inicio\\\/index.php\\\/2018\\\/09\\\/20\\\/moralejo-norte-donde-se-ha-detectado-agua-contaminada-agroquimicos\\\/\",\"name\":\"Moralejo: \\\"En el norte es donde se ha detectado agua contaminada con agroqu\u00edmicos\\\" - Diario Textual\",\"isPartOf\":{\"@id\":\"https:\\\/\\\/diariotextual.com\\\/inicio\\\/#website\"},\"primaryImageOfPage\":{\"@id\":\"https:\\\/\\\/diariotextual.com\\\/inicio\\\/index.php\\\/2018\\\/09\\\/20\\\/moralejo-norte-donde-se-ha-detectado-agua-contaminada-agroquimicos\\\/#primaryimage\"},\"image\":{\"@id\":\"https:\\\/\\\/diariotextual.com\\\/inicio\\\/index.php\\\/2018\\\/09\\\/20\\\/moralejo-norte-donde-se-ha-detectado-agua-contaminada-agroquimicos\\\/#primaryimage\"},\"thumbnailUrl\":\"https:\\\/\\\/diariotextual.com\\\/inicio\\\/wp-content\\\/uploads\\\/2018\\\/07\\\/moralejoricardo999.jpg\",\"datePublished\":\"2018-09-20T13:33:44+00:00\",\"dateModified\":\"2018-09-20T17:46:09+00:00\",\"breadcrumb\":{\"@id\":\"https:\\\/\\\/diariotextual.com\\\/inicio\\\/index.php\\\/2018\\\/09\\\/20\\\/moralejo-norte-donde-se-ha-detectado-agua-contaminada-agroquimicos\\\/#breadcrumb\"},\"inLanguage\":\"es\",\"potentialAction\":[{\"@type\":\"ReadAction\",\"target\":[\"https:\\\/\\\/diariotextual.com\\\/inicio\\\/index.php\\\/2018\\\/09\\\/20\\\/moralejo-norte-donde-se-ha-detectado-agua-contaminada-agroquimicos\\\/\"]}]},{\"@type\":\"ImageObject\",\"inLanguage\":\"es\",\"@id\":\"https:\\\/\\\/diariotextual.com\\\/inicio\\\/index.php\\\/2018\\\/09\\\/20\\\/moralejo-norte-donde-se-ha-detectado-agua-contaminada-agroquimicos\\\/#primaryimage\",\"url\":\"https:\\\/\\\/diariotextual.com\\\/inicio\\\/wp-content\\\/uploads\\\/2018\\\/07\\\/moralejoricardo999.jpg\",\"contentUrl\":\"https:\\\/\\\/diariotextual.com\\\/inicio\\\/wp-content\\\/uploads\\\/2018\\\/07\\\/moralejoricardo999.jpg\",\"width\":1000,\"height\":662},{\"@type\":\"BreadcrumbList\",\"@id\":\"https:\\\/\\\/diariotextual.com\\\/inicio\\\/index.php\\\/2018\\\/09\\\/20\\\/moralejo-norte-donde-se-ha-detectado-agua-contaminada-agroquimicos\\\/#breadcrumb\",\"itemListElement\":[{\"@type\":\"ListItem\",\"position\":1,\"name\":\"Portada\",\"item\":\"https:\\\/\\\/diariotextual.com\\\/inicio\\\/\"},{\"@type\":\"ListItem\",\"position\":2,\"name\":\"Moralejo: \u00abEn el norte es donde se ha detectado agua contaminada con agroqu\u00edmicos\u00bb\"}]},{\"@type\":\"WebSite\",\"@id\":\"https:\\\/\\\/diariotextual.com\\\/inicio\\\/#website\",\"url\":\"https:\\\/\\\/diariotextual.com\\\/inicio\\\/\",\"name\":\"Diario Textual\",\"description\":\"\",\"publisher\":{\"@id\":\"https:\\\/\\\/diariotextual.com\\\/inicio\\\/#organization\"},\"potentialAction\":[{\"@type\":\"SearchAction\",\"target\":{\"@type\":\"EntryPoint\",\"urlTemplate\":\"https:\\\/\\\/diariotextual.com\\\/inicio\\\/?s={search_term_string}\"},\"query-input\":{\"@type\":\"PropertyValueSpecification\",\"valueRequired\":true,\"valueName\":\"search_term_string\"}}],\"inLanguage\":\"es\"},{\"@type\":\"Organization\",\"@id\":\"https:\\\/\\\/diariotextual.com\\\/inicio\\\/#organization\",\"name\":\"Diario Textual\",\"url\":\"https:\\\/\\\/diariotextual.com\\\/inicio\\\/\",\"logo\":{\"@type\":\"ImageObject\",\"inLanguage\":\"es\",\"@id\":\"https:\\\/\\\/diariotextual.com\\\/inicio\\\/#\\\/schema\\\/logo\\\/image\\\/\",\"url\":\"https:\\\/\\\/diariotextual.com\\\/inicio\\\/wp-content\\\/uploads\\\/2023\\\/05\\\/logotextual1.jpg\",\"contentUrl\":\"https:\\\/\\\/diariotextual.com\\\/inicio\\\/wp-content\\\/uploads\\\/2023\\\/05\\\/logotextual1.jpg\",\"width\":516,\"height\":76,\"caption\":\"Diario Textual\"},\"image\":{\"@id\":\"https:\\\/\\\/diariotextual.com\\\/inicio\\\/#\\\/schema\\\/logo\\\/image\\\/\"},\"sameAs\":[\"https:\\\/\\\/www.facebook.com\\\/eltextual\",\"https:\\\/\\\/x.com\\\/eltextual\",\"http:\\\/\\\/www.instagram.com\\\/eltextual\"]},{\"@type\":\"Person\",\"@id\":\"https:\\\/\\\/diariotextual.com\\\/inicio\\\/#\\\/schema\\\/person\\\/418fc4093c33e86ed41562db3508f958\",\"name\":\"Diario1 Diario1\",\"image\":{\"@type\":\"ImageObject\",\"inLanguage\":\"es\",\"@id\":\"https:\\\/\\\/secure.gravatar.com\\\/avatar\\\/9167d280179c85bc18be67aa7eda765854300033af4896dd779b608640f2ef7a?s=96&d=mm&r=g\",\"url\":\"https:\\\/\\\/secure.gravatar.com\\\/avatar\\\/9167d280179c85bc18be67aa7eda765854300033af4896dd779b608640f2ef7a?s=96&d=mm&r=g\",\"contentUrl\":\"https:\\\/\\\/secure.gravatar.com\\\/avatar\\\/9167d280179c85bc18be67aa7eda765854300033af4896dd779b608640f2ef7a?s=96&d=mm&r=g\",\"caption\":\"Diario1 Diario1\"},\"url\":\"https:\\\/\\\/diariotextual.com\\\/inicio\\\/index.php\\\/author\\\/diario1\\\/\"}]}<\/script>\n<!-- \/ Yoast SEO plugin. -->","yoast_head_json":{"title":"Moralejo: \"En el norte es donde se ha detectado agua contaminada con agroqu\u00edmicos\" - Diario Textual","robots":{"index":"index","follow":"follow","max-snippet":"max-snippet:-1","max-image-preview":"max-image-preview:large","max-video-preview":"max-video-preview:-1"},"canonical":"https:\/\/diariotextual.com\/inicio\/index.php\/2018\/09\/20\/moralejo-norte-donde-se-ha-detectado-agua-contaminada-agroquimicos\/","og_locale":"es_ES","og_type":"article","og_title":"Moralejo: \"En el norte es donde se ha detectado agua contaminada con agroqu\u00edmicos\" - Diario Textual","og_description":"Ricardo Moralejo, ministro de la Producci\u00f3n de La Pampa, insisti\u00f3 este jueves que se han detectado \u201ctrazas de contaminaci\u00f3n\u201d de agroqu\u00edmicos en aguas subt\u00e9rraneas del norte de la provincia. \u201cHay&hellip;","og_url":"https:\/\/diariotextual.com\/inicio\/index.php\/2018\/09\/20\/moralejo-norte-donde-se-ha-detectado-agua-contaminada-agroquimicos\/","og_site_name":"Diario Textual","article_publisher":"https:\/\/www.facebook.com\/eltextual","article_published_time":"2018-09-20T13:33:44+00:00","article_modified_time":"2018-09-20T17:46:09+00:00","og_image":[{"width":1000,"height":662,"url":"https:\/\/diariotextual.com\/inicio\/wp-content\/uploads\/2018\/07\/moralejoricardo999.jpg","type":"image\/jpeg"}],"author":"Diario1 Diario1","twitter_card":"summary_large_image","twitter_creator":"@eltextual","twitter_site":"@eltextual","twitter_misc":{"Escrito por":"Diario1 Diario1","Tiempo de lectura":"1 minuto"},"schema":{"@context":"https:\/\/schema.org","@graph":[{"@type":"Article","@id":"https:\/\/diariotextual.com\/inicio\/index.php\/2018\/09\/20\/moralejo-norte-donde-se-ha-detectado-agua-contaminada-agroquimicos\/#article","isPartOf":{"@id":"https:\/\/diariotextual.com\/inicio\/index.php\/2018\/09\/20\/moralejo-norte-donde-se-ha-detectado-agua-contaminada-agroquimicos\/"},"author":{"name":"Diario1 Diario1","@id":"https:\/\/diariotextual.com\/inicio\/#\/schema\/person\/418fc4093c33e86ed41562db3508f958"},"headline":"Moralejo: \u00abEn el norte es donde se ha detectado agua contaminada con agroqu\u00edmicos\u00bb","datePublished":"2018-09-20T13:33:44+00:00","dateModified":"2018-09-20T17:46:09+00:00","mainEntityOfPage":{"@id":"https:\/\/diariotextual.com\/inicio\/index.php\/2018\/09\/20\/moralejo-norte-donde-se-ha-detectado-agua-contaminada-agroquimicos\/"},"wordCount":309,"publisher":{"@id":"https:\/\/diariotextual.com\/inicio\/#organization"},"image":{"@id":"https:\/\/diariotextual.com\/inicio\/index.php\/2018\/09\/20\/moralejo-norte-donde-se-ha-detectado-agua-contaminada-agroquimicos\/#primaryimage"},"thumbnailUrl":"https:\/\/diariotextual.com\/inicio\/wp-content\/uploads\/2018\/07\/moralejoricardo999.jpg","articleSection":["A - QUE PASA (al costado)","A - TEMPORALES","CAMPO"],"inLanguage":"es"},{"@type":"WebPage","@id":"https:\/\/diariotextual.com\/inicio\/index.php\/2018\/09\/20\/moralejo-norte-donde-se-ha-detectado-agua-contaminada-agroquimicos\/","url":"https:\/\/diariotextual.com\/inicio\/index.php\/2018\/09\/20\/moralejo-norte-donde-se-ha-detectado-agua-contaminada-agroquimicos\/","name":"Moralejo: \"En el norte es donde se ha detectado agua contaminada con agroqu\u00edmicos\" - Diario Textual","isPartOf":{"@id":"https:\/\/diariotextual.com\/inicio\/#website"},"primaryImageOfPage":{"@id":"https:\/\/diariotextual.com\/inicio\/index.php\/2018\/09\/20\/moralejo-norte-donde-se-ha-detectado-agua-contaminada-agroquimicos\/#primaryimage"},"image":{"@id":"https:\/\/diariotextual.com\/inicio\/index.php\/2018\/09\/20\/moralejo-norte-donde-se-ha-detectado-agua-contaminada-agroquimicos\/#primaryimage"},"thumbnailUrl":"https:\/\/diariotextual.com\/inicio\/wp-content\/uploads\/2018\/07\/moralejoricardo999.jpg","datePublished":"2018-09-20T13:33:44+00:00","dateModified":"2018-09-20T17:46:09+00:00","breadcrumb":{"@id":"https:\/\/diariotextual.com\/inicio\/index.php\/2018\/09\/20\/moralejo-norte-donde-se-ha-detectado-agua-contaminada-agroquimicos\/#breadcrumb"},"inLanguage":"es","potentialAction":[{"@type":"ReadAction","target":["https:\/\/diariotextual.com\/inicio\/index.php\/2018\/09\/20\/moralejo-norte-donde-se-ha-detectado-agua-contaminada-agroquimicos\/"]}]},{"@type":"ImageObject","inLanguage":"es","@id":"https:\/\/diariotextual.com\/inicio\/index.php\/2018\/09\/20\/moralejo-norte-donde-se-ha-detectado-agua-contaminada-agroquimicos\/#primaryimage","url":"https:\/\/diariotextual.com\/inicio\/wp-content\/uploads\/2018\/07\/moralejoricardo999.jpg","contentUrl":"https:\/\/diariotextual.com\/inicio\/wp-content\/uploads\/2018\/07\/moralejoricardo999.jpg","width":1000,"height":662},{"@type":"BreadcrumbList","@id":"https:\/\/diariotextual.com\/inicio\/index.php\/2018\/09\/20\/moralejo-norte-donde-se-ha-detectado-agua-contaminada-agroquimicos\/#breadcrumb","itemListElement":[{"@type":"ListItem","position":1,"name":"Portada","item":"https:\/\/diariotextual.com\/inicio\/"},{"@type":"ListItem","position":2,"name":"Moralejo: \u00abEn el norte es donde se ha detectado agua contaminada con agroqu\u00edmicos\u00bb"}]},{"@type":"WebSite","@id":"https:\/\/diariotextual.com\/inicio\/#website","url":"https:\/\/diariotextual.com\/inicio\/","name":"Diario Textual","description":"","publisher":{"@id":"https:\/\/diariotextual.com\/inicio\/#organization"},"potentialAction":[{"@type":"SearchAction","target":{"@type":"EntryPoint","urlTemplate":"https:\/\/diariotextual.com\/inicio\/?s={search_term_string}"},"query-input":{"@type":"PropertyValueSpecification","valueRequired":true,"valueName":"search_term_string"}}],"inLanguage":"es"},{"@type":"Organization","@id":"https:\/\/diariotextual.com\/inicio\/#organization","name":"Diario Textual","url":"https:\/\/diariotextual.com\/inicio\/","logo":{"@type":"ImageObject","inLanguage":"es","@id":"https:\/\/diariotextual.com\/inicio\/#\/schema\/logo\/image\/","url":"https:\/\/diariotextual.com\/inicio\/wp-content\/uploads\/2023\/05\/logotextual1.jpg","contentUrl":"https:\/\/diariotextual.com\/inicio\/wp-content\/uploads\/2023\/05\/logotextual1.jpg","width":516,"height":76,"caption":"Diario Textual"},"image":{"@id":"https:\/\/diariotextual.com\/inicio\/#\/schema\/logo\/image\/"},"sameAs":["https:\/\/www.facebook.com\/eltextual","https:\/\/x.com\/eltextual","http:\/\/www.instagram.com\/eltextual"]},{"@type":"Person","@id":"https:\/\/diariotextual.com\/inicio\/#\/schema\/person\/418fc4093c33e86ed41562db3508f958","name":"Diario1 Diario1","image":{"@type":"ImageObject","inLanguage":"es","@id":"https:\/\/secure.gravatar.com\/avatar\/9167d280179c85bc18be67aa7eda765854300033af4896dd779b608640f2ef7a?s=96&d=mm&r=g","url":"https:\/\/secure.gravatar.com\/avatar\/9167d280179c85bc18be67aa7eda765854300033af4896dd779b608640f2ef7a?s=96&d=mm&r=g","contentUrl":"https:\/\/secure.gravatar.com\/avatar\/9167d280179c85bc18be67aa7eda765854300033af4896dd779b608640f2ef7a?s=96&d=mm&r=g","caption":"Diario1 Diario1"},"url":"https:\/\/diariotextual.com\/inicio\/index.php\/author\/diario1\/"}]}},"_links":{"self":[{"href":"https:\/\/diariotextual.com\/inicio\/index.php\/wp-json\/wp\/v2\/posts\/20918","targetHints":{"allow":["GET"]}}],"collection":[{"href":"https:\/\/diariotextual.com\/inicio\/index.php\/wp-json\/wp\/v2\/posts"}],"about":[{"href":"https:\/\/diariotextual.com\/inicio\/index.php\/wp-json\/wp\/v2\/types\/post"}],"author":[{"embeddable":true,"href":"https:\/\/diariotextual.com\/inicio\/index.php\/wp-json\/wp\/v2\/users\/3"}],"replies":[{"embeddable":true,"href":"https:\/\/diariotextual.com\/inicio\/index.php\/wp-json\/wp\/v2\/comments?post=20918"}],"version-history":[{"count":4,"href":"https:\/\/diariotextual.com\/inicio\/index.php\/wp-json\/wp\/v2\/posts\/20918\/revisions"}],"predecessor-version":[{"id":20996,"href":"https:\/\/diariotextual.com\/inicio\/index.php\/wp-json\/wp\/v2\/posts\/20918\/revisions\/20996"}],"wp:featuredmedia":[{"embeddable":true,"href":"https:\/\/diariotextual.com\/inicio\/index.php\/wp-json\/wp\/v2\/media\/14482"}],"wp:attachment":[{"href":"https:\/\/diariotextual.com\/inicio\/index.php\/wp-json\/wp\/v2\/media?parent=20918"}],"wp:term":[{"taxonomy":"category","embeddable":true,"href":"https:\/\/diariotextual.com\/inicio\/index.php\/wp-json\/wp\/v2\/categories?post=20918"},{"taxonomy":"post_tag","embeddable":true,"href":"https:\/\/diariotextual.com\/inicio\/index.php\/wp-json\/wp\/v2\/tags?post=20918"}],"curies":[{"name":"wp","href":"https:\/\/api.w.org\/{rel}","templated":true}]}}