{"id":210194,"date":"2022-12-13T14:00:13","date_gmt":"2022-12-13T17:00:13","guid":{"rendered":"https:\/\/diariotextual.com\/inicio\/?p=210194"},"modified":"2022-12-13T18:36:58","modified_gmt":"2022-12-13T21:36:58","slug":"cabandie-acompanamos-a-la-pampa-en-su-justo-reclamo-por-el-rio-atuel","status":"publish","type":"post","link":"https:\/\/diariotextual.com\/inicio\/index.php\/2022\/12\/13\/cabandie-acompanamos-a-la-pampa-en-su-justo-reclamo-por-el-rio-atuel\/","title":{"rendered":"Cabandi\u00e9: \u201cAcompa\u00f1amos a La Pampa en su justo reclamo por el r\u00edo Atuel\u201d"},"content":{"rendered":"\n<p>El ministro de Ambiente y Desarrollo Sostenible <strong>Juan Cabandi\u00e9 <\/strong>comprometi\u00f3 el apoyo t\u00e9cnico para restituir el r\u00edo Atuel en territorio pampeano. <strong>\u201cAcompa\u00f1amos a La Pampa en su justo reclamo para restituir el curso del rio Atuel, un recurso que la provincia de Mendoza le impide hace a\u00f1os\u201d,<\/strong> expres\u00f3 a trav\u00e9s de las redes sociales oficiales.<\/p>\n\n\n\n<p>Este lunes el funcionario nacional se reuni\u00f3 con el secretario general de la Gobernaci\u00f3n, Jos\u00e9 Vanini y el subsecretario de Ambiente de La Pampa, Fabi\u00e1n Titarelli.<\/p>\n\n\n\n<p>Luego del encuentro el funcionario nacional confirm\u00f3 la entrevista con los pampeanos, donde conversaron \u201c<strong>sobre la agenda ambiental e inversiones que llevamos adelante en La Pampa, donde ya realizamos una inversi\u00f3n de m\u00e1s de $ 250 millones en maquinaria como parte de la Gesti\u00f3n Integral de Residuos S\u00f3lidos Urbanos (GIRSU)\u201d.<\/strong><\/p>\n\n\n\n<p>Tanto Vanini como Titarelli no dejaron pasar la oportunidad de retomar e insistir con los reclamos por el incumplimiento, por parte de Mendoza, del fallo de la Corte Suprema de Justicia de la Naci\u00f3n (causa CSJ 243\/2014, La Pampa c\/Mendoza s\/uso de aguas) que fij\u00f3 como meta interina un caudal m\u00ednimo permanente del r\u00edo Atuel de 3,2 m3\/s en el l\u00edmite entre La Pampa y Mendoza, tal como lo sostiene\u00a0la sentencia firmada hace dos a\u00f1os por los jueces Elena Highton de Nolasco, Juan Carlos Maqueda, Ricardo Lorenzetti y Horacio Rosatti.<\/p>\n\n\n\n<p>En esos t\u00e9rminos el ministro defini\u00f3 p\u00fablicamente: <strong>\u201cAcompa\u00f1amos a La Pampa en su justo reclamo sobre el derecho del curso del r\u00edo Atuel, y vamos a brindar apoyo con capacidades t\u00e9cnicas para restituir este recurso que la provincia de Mendoza, le impide hace a\u00f1os\u201d.<\/strong><\/p>\n\n\n\n<p>Sobre el particular, Titarelli, confirm\u00f3 a la Agencia Provincial de Noticias el contenido de la charla a nivel nacional. \u201cReconocemos la actitud del ministro en acompa\u00f1arnos en este reclamo hist\u00f3rico para La Pampa, darnos una mano con la cuesti\u00f3n del Atuel y pensamos en estrategias comunes para llevarlas a cabo. La manifestaci\u00f3n (de Cabandi\u00e9) a favor nuestro en este conflicto, nos pareci\u00f3 importante resaltar\u201d, sostuvo.<\/p>\n\n\n\n<p>Finalmente, el subsecretario\u00a0explic\u00f3 que las razones del viaje tuvieron que ver con <strong>analizar y compartir con Naci\u00f3n los trabajos que en la Provincia se vienen realizando y proyectando en materia ambienta<\/strong>l, entre ellos la gesti\u00f3n y manejo de residuos s\u00f3lidos urbanos basada en el desarrollo sostenible. El programa, tiene como objetivo primordial la reducci\u00f3n de los residuos enviados a disposici\u00f3n final, lo cual deriva en la preservaci\u00f3n de la salud humana y la mejora de la calidad de vida de la poblaci\u00f3n, como as\u00ed tambi\u00e9n el cuidado del ambiente y la conservaci\u00f3n de los recursos naturales.<\/p>\n\n\n\n<figure class=\"wp-block-image size-full\"><img fetchpriority=\"high\" decoding=\"async\" width=\"900\" height=\"521\" src=\"https:\/\/diariotextual.com\/inicio\/wp-content\/uploads\/2022\/12\/cabandievaninititarelli4637254356.jpg\" alt=\"\" class=\"wp-image-210198\" srcset=\"https:\/\/diariotextual.com\/inicio\/wp-content\/uploads\/2022\/12\/cabandievaninititarelli4637254356.jpg 900w, https:\/\/diariotextual.com\/inicio\/wp-content\/uploads\/2022\/12\/cabandievaninititarelli4637254356-300x174.jpg 300w, https:\/\/diariotextual.com\/inicio\/wp-content\/uploads\/2022\/12\/cabandievaninititarelli4637254356-768x445.jpg 768w, https:\/\/diariotextual.com\/inicio\/wp-content\/uploads\/2022\/12\/cabandievaninititarelli4637254356-585x339.jpg 585w\" sizes=\"(max-width: 900px) 100vw, 900px\" \/><\/figure>\n","protected":false},"excerpt":{"rendered":"<p>El ministro de Ambiente y Desarrollo Sostenible Juan Cabandi\u00e9 comprometi\u00f3 el apoyo t\u00e9cnico para restituir el r\u00edo Atuel en territorio pampeano. \u201cAcompa\u00f1amos a La Pampa en su justo reclamo para&hellip;<\/p>\n","protected":false},"author":4,"featured_media":210195,"comment_status":"closed","ping_status":"open","sticky":false,"template":"","format":"standard","meta":{"_acf_changed":false,"footnotes":""},"categories":[1,8],"tags":[],"class_list":["post-210194","post","type-post","status-publish","format-standard","has-post-thumbnail","hentry","category-es-noticia","category-politica"],"acf":[],"yoast_head":"<!-- This site is optimized with the Yoast SEO plugin v27.5 - https:\/\/yoast.com\/product\/yoast-seo-wordpress\/ -->\n<title>Cabandi\u00e9: \u201cAcompa\u00f1amos a La Pampa en su justo reclamo por el r\u00edo Atuel\u201d - Diario Textual<\/title>\n<meta name=\"robots\" content=\"index, follow, max-snippet:-1, max-image-preview:large, max-video-preview:-1\" \/>\n<link rel=\"canonical\" href=\"https:\/\/diariotextual.com\/inicio\/index.php\/2022\/12\/13\/cabandie-acompanamos-a-la-pampa-en-su-justo-reclamo-por-el-rio-atuel\/\" \/>\n<meta property=\"og:locale\" content=\"es_ES\" \/>\n<meta property=\"og:type\" content=\"article\" \/>\n<meta property=\"og:title\" content=\"Cabandi\u00e9: \u201cAcompa\u00f1amos a La Pampa en su justo reclamo por el r\u00edo Atuel\u201d - Diario Textual\" \/>\n<meta property=\"og:description\" content=\"El ministro de Ambiente y Desarrollo Sostenible Juan Cabandi\u00e9 comprometi\u00f3 el apoyo t\u00e9cnico para restituir el r\u00edo Atuel en territorio pampeano. \u201cAcompa\u00f1amos a La Pampa en su justo reclamo para&hellip;\" \/>\n<meta property=\"og:url\" content=\"https:\/\/diariotextual.com\/inicio\/index.php\/2022\/12\/13\/cabandie-acompanamos-a-la-pampa-en-su-justo-reclamo-por-el-rio-atuel\/\" \/>\n<meta property=\"og:site_name\" content=\"Diario Textual\" \/>\n<meta property=\"article:publisher\" content=\"https:\/\/www.facebook.com\/eltextual\" \/>\n<meta property=\"article:published_time\" content=\"2022-12-13T17:00:13+00:00\" \/>\n<meta property=\"article:modified_time\" content=\"2022-12-13T21:36:58+00:00\" \/>\n<meta property=\"og:image\" content=\"https:\/\/diariotextual.com\/inicio\/wp-content\/uploads\/2022\/12\/cabandievanini4378254.jpg\" \/>\n\t<meta property=\"og:image:width\" content=\"847\" \/>\n\t<meta property=\"og:image:height\" content=\"485\" \/>\n\t<meta property=\"og:image:type\" content=\"image\/jpeg\" \/>\n<meta name=\"author\" content=\"diario2\" \/>\n<meta name=\"twitter:card\" content=\"summary_large_image\" \/>\n<meta name=\"twitter:creator\" content=\"@eltextual\" \/>\n<meta name=\"twitter:site\" content=\"@eltextual\" \/>\n<meta name=\"twitter:label1\" content=\"Escrito por\" \/>\n\t<meta name=\"twitter:data1\" content=\"diario2\" \/>\n\t<meta name=\"twitter:label2\" content=\"Tiempo de lectura\" \/>\n\t<meta name=\"twitter:data2\" content=\"3 minutos\" \/>\n<script type=\"application\/ld+json\" class=\"yoast-schema-graph\">{\"@context\":\"https:\\\/\\\/schema.org\",\"@graph\":[{\"@type\":\"Article\",\"@id\":\"https:\\\/\\\/diariotextual.com\\\/inicio\\\/index.php\\\/2022\\\/12\\\/13\\\/cabandie-acompanamos-a-la-pampa-en-su-justo-reclamo-por-el-rio-atuel\\\/#article\",\"isPartOf\":{\"@id\":\"https:\\\/\\\/diariotextual.com\\\/inicio\\\/index.php\\\/2022\\\/12\\\/13\\\/cabandie-acompanamos-a-la-pampa-en-su-justo-reclamo-por-el-rio-atuel\\\/\"},\"author\":{\"name\":\"diario2\",\"@id\":\"https:\\\/\\\/diariotextual.com\\\/inicio\\\/#\\\/schema\\\/person\\\/694f60677f23c4a530867a98f22b3768\"},\"headline\":\"Cabandi\u00e9: \u201cAcompa\u00f1amos a La Pampa en su justo reclamo por el r\u00edo Atuel\u201d\",\"datePublished\":\"2022-12-13T17:00:13+00:00\",\"dateModified\":\"2022-12-13T21:36:58+00:00\",\"mainEntityOfPage\":{\"@id\":\"https:\\\/\\\/diariotextual.com\\\/inicio\\\/index.php\\\/2022\\\/12\\\/13\\\/cabandie-acompanamos-a-la-pampa-en-su-justo-reclamo-por-el-rio-atuel\\\/\"},\"wordCount\":477,\"publisher\":{\"@id\":\"https:\\\/\\\/diariotextual.com\\\/inicio\\\/#organization\"},\"image\":{\"@id\":\"https:\\\/\\\/diariotextual.com\\\/inicio\\\/index.php\\\/2022\\\/12\\\/13\\\/cabandie-acompanamos-a-la-pampa-en-su-justo-reclamo-por-el-rio-atuel\\\/#primaryimage\"},\"thumbnailUrl\":\"https:\\\/\\\/diariotextual.com\\\/inicio\\\/wp-content\\\/uploads\\\/2022\\\/12\\\/cabandievanini4378254.jpg\",\"articleSection\":[\"A - ES NOTICIA (van abajo)\",\"POLITICA\"],\"inLanguage\":\"es\"},{\"@type\":\"WebPage\",\"@id\":\"https:\\\/\\\/diariotextual.com\\\/inicio\\\/index.php\\\/2022\\\/12\\\/13\\\/cabandie-acompanamos-a-la-pampa-en-su-justo-reclamo-por-el-rio-atuel\\\/\",\"url\":\"https:\\\/\\\/diariotextual.com\\\/inicio\\\/index.php\\\/2022\\\/12\\\/13\\\/cabandie-acompanamos-a-la-pampa-en-su-justo-reclamo-por-el-rio-atuel\\\/\",\"name\":\"Cabandi\u00e9: \u201cAcompa\u00f1amos a La Pampa en su justo reclamo por el r\u00edo Atuel\u201d - Diario Textual\",\"isPartOf\":{\"@id\":\"https:\\\/\\\/diariotextual.com\\\/inicio\\\/#website\"},\"primaryImageOfPage\":{\"@id\":\"https:\\\/\\\/diariotextual.com\\\/inicio\\\/index.php\\\/2022\\\/12\\\/13\\\/cabandie-acompanamos-a-la-pampa-en-su-justo-reclamo-por-el-rio-atuel\\\/#primaryimage\"},\"image\":{\"@id\":\"https:\\\/\\\/diariotextual.com\\\/inicio\\\/index.php\\\/2022\\\/12\\\/13\\\/cabandie-acompanamos-a-la-pampa-en-su-justo-reclamo-por-el-rio-atuel\\\/#primaryimage\"},\"thumbnailUrl\":\"https:\\\/\\\/diariotextual.com\\\/inicio\\\/wp-content\\\/uploads\\\/2022\\\/12\\\/cabandievanini4378254.jpg\",\"datePublished\":\"2022-12-13T17:00:13+00:00\",\"dateModified\":\"2022-12-13T21:36:58+00:00\",\"breadcrumb\":{\"@id\":\"https:\\\/\\\/diariotextual.com\\\/inicio\\\/index.php\\\/2022\\\/12\\\/13\\\/cabandie-acompanamos-a-la-pampa-en-su-justo-reclamo-por-el-rio-atuel\\\/#breadcrumb\"},\"inLanguage\":\"es\",\"potentialAction\":[{\"@type\":\"ReadAction\",\"target\":[\"https:\\\/\\\/diariotextual.com\\\/inicio\\\/index.php\\\/2022\\\/12\\\/13\\\/cabandie-acompanamos-a-la-pampa-en-su-justo-reclamo-por-el-rio-atuel\\\/\"]}]},{\"@type\":\"ImageObject\",\"inLanguage\":\"es\",\"@id\":\"https:\\\/\\\/diariotextual.com\\\/inicio\\\/index.php\\\/2022\\\/12\\\/13\\\/cabandie-acompanamos-a-la-pampa-en-su-justo-reclamo-por-el-rio-atuel\\\/#primaryimage\",\"url\":\"https:\\\/\\\/diariotextual.com\\\/inicio\\\/wp-content\\\/uploads\\\/2022\\\/12\\\/cabandievanini4378254.jpg\",\"contentUrl\":\"https:\\\/\\\/diariotextual.com\\\/inicio\\\/wp-content\\\/uploads\\\/2022\\\/12\\\/cabandievanini4378254.jpg\",\"width\":847,\"height\":485},{\"@type\":\"BreadcrumbList\",\"@id\":\"https:\\\/\\\/diariotextual.com\\\/inicio\\\/index.php\\\/2022\\\/12\\\/13\\\/cabandie-acompanamos-a-la-pampa-en-su-justo-reclamo-por-el-rio-atuel\\\/#breadcrumb\",\"itemListElement\":[{\"@type\":\"ListItem\",\"position\":1,\"name\":\"Portada\",\"item\":\"https:\\\/\\\/diariotextual.com\\\/inicio\\\/\"},{\"@type\":\"ListItem\",\"position\":2,\"name\":\"Cabandi\u00e9: \u201cAcompa\u00f1amos a La Pampa en su justo reclamo por el r\u00edo Atuel\u201d\"}]},{\"@type\":\"WebSite\",\"@id\":\"https:\\\/\\\/diariotextual.com\\\/inicio\\\/#website\",\"url\":\"https:\\\/\\\/diariotextual.com\\\/inicio\\\/\",\"name\":\"Diario Textual\",\"description\":\"\",\"publisher\":{\"@id\":\"https:\\\/\\\/diariotextual.com\\\/inicio\\\/#organization\"},\"potentialAction\":[{\"@type\":\"SearchAction\",\"target\":{\"@type\":\"EntryPoint\",\"urlTemplate\":\"https:\\\/\\\/diariotextual.com\\\/inicio\\\/?s={search_term_string}\"},\"query-input\":{\"@type\":\"PropertyValueSpecification\",\"valueRequired\":true,\"valueName\":\"search_term_string\"}}],\"inLanguage\":\"es\"},{\"@type\":\"Organization\",\"@id\":\"https:\\\/\\\/diariotextual.com\\\/inicio\\\/#organization\",\"name\":\"Diario Textual\",\"url\":\"https:\\\/\\\/diariotextual.com\\\/inicio\\\/\",\"logo\":{\"@type\":\"ImageObject\",\"inLanguage\":\"es\",\"@id\":\"https:\\\/\\\/diariotextual.com\\\/inicio\\\/#\\\/schema\\\/logo\\\/image\\\/\",\"url\":\"https:\\\/\\\/diariotextual.com\\\/inicio\\\/wp-content\\\/uploads\\\/2023\\\/05\\\/logotextual1.jpg\",\"contentUrl\":\"https:\\\/\\\/diariotextual.com\\\/inicio\\\/wp-content\\\/uploads\\\/2023\\\/05\\\/logotextual1.jpg\",\"width\":516,\"height\":76,\"caption\":\"Diario Textual\"},\"image\":{\"@id\":\"https:\\\/\\\/diariotextual.com\\\/inicio\\\/#\\\/schema\\\/logo\\\/image\\\/\"},\"sameAs\":[\"https:\\\/\\\/www.facebook.com\\\/eltextual\",\"https:\\\/\\\/x.com\\\/eltextual\",\"http:\\\/\\\/www.instagram.com\\\/eltextual\"]},{\"@type\":\"Person\",\"@id\":\"https:\\\/\\\/diariotextual.com\\\/inicio\\\/#\\\/schema\\\/person\\\/694f60677f23c4a530867a98f22b3768\",\"name\":\"diario2\",\"image\":{\"@type\":\"ImageObject\",\"inLanguage\":\"es\",\"@id\":\"https:\\\/\\\/secure.gravatar.com\\\/avatar\\\/5a2567495ba16b852fcd8f1ed006a2e24fcace936018ed8237e95f488ad6e0a7?s=96&d=mm&r=g\",\"url\":\"https:\\\/\\\/secure.gravatar.com\\\/avatar\\\/5a2567495ba16b852fcd8f1ed006a2e24fcace936018ed8237e95f488ad6e0a7?s=96&d=mm&r=g\",\"contentUrl\":\"https:\\\/\\\/secure.gravatar.com\\\/avatar\\\/5a2567495ba16b852fcd8f1ed006a2e24fcace936018ed8237e95f488ad6e0a7?s=96&d=mm&r=g\",\"caption\":\"diario2\"},\"url\":\"https:\\\/\\\/diariotextual.com\\\/inicio\\\/index.php\\\/author\\\/diario2\\\/\"}]}<\/script>\n<!-- \/ Yoast SEO plugin. -->","yoast_head_json":{"title":"Cabandi\u00e9: \u201cAcompa\u00f1amos a La Pampa en su justo reclamo por el r\u00edo Atuel\u201d - Diario Textual","robots":{"index":"index","follow":"follow","max-snippet":"max-snippet:-1","max-image-preview":"max-image-preview:large","max-video-preview":"max-video-preview:-1"},"canonical":"https:\/\/diariotextual.com\/inicio\/index.php\/2022\/12\/13\/cabandie-acompanamos-a-la-pampa-en-su-justo-reclamo-por-el-rio-atuel\/","og_locale":"es_ES","og_type":"article","og_title":"Cabandi\u00e9: \u201cAcompa\u00f1amos a La Pampa en su justo reclamo por el r\u00edo Atuel\u201d - Diario Textual","og_description":"El ministro de Ambiente y Desarrollo Sostenible Juan Cabandi\u00e9 comprometi\u00f3 el apoyo t\u00e9cnico para restituir el r\u00edo Atuel en territorio pampeano. \u201cAcompa\u00f1amos a La Pampa en su justo reclamo para&hellip;","og_url":"https:\/\/diariotextual.com\/inicio\/index.php\/2022\/12\/13\/cabandie-acompanamos-a-la-pampa-en-su-justo-reclamo-por-el-rio-atuel\/","og_site_name":"Diario Textual","article_publisher":"https:\/\/www.facebook.com\/eltextual","article_published_time":"2022-12-13T17:00:13+00:00","article_modified_time":"2022-12-13T21:36:58+00:00","og_image":[{"width":847,"height":485,"url":"https:\/\/diariotextual.com\/inicio\/wp-content\/uploads\/2022\/12\/cabandievanini4378254.jpg","type":"image\/jpeg"}],"author":"diario2","twitter_card":"summary_large_image","twitter_creator":"@eltextual","twitter_site":"@eltextual","twitter_misc":{"Escrito por":"diario2","Tiempo de lectura":"3 minutos"},"schema":{"@context":"https:\/\/schema.org","@graph":[{"@type":"Article","@id":"https:\/\/diariotextual.com\/inicio\/index.php\/2022\/12\/13\/cabandie-acompanamos-a-la-pampa-en-su-justo-reclamo-por-el-rio-atuel\/#article","isPartOf":{"@id":"https:\/\/diariotextual.com\/inicio\/index.php\/2022\/12\/13\/cabandie-acompanamos-a-la-pampa-en-su-justo-reclamo-por-el-rio-atuel\/"},"author":{"name":"diario2","@id":"https:\/\/diariotextual.com\/inicio\/#\/schema\/person\/694f60677f23c4a530867a98f22b3768"},"headline":"Cabandi\u00e9: \u201cAcompa\u00f1amos a La Pampa en su justo reclamo por el r\u00edo Atuel\u201d","datePublished":"2022-12-13T17:00:13+00:00","dateModified":"2022-12-13T21:36:58+00:00","mainEntityOfPage":{"@id":"https:\/\/diariotextual.com\/inicio\/index.php\/2022\/12\/13\/cabandie-acompanamos-a-la-pampa-en-su-justo-reclamo-por-el-rio-atuel\/"},"wordCount":477,"publisher":{"@id":"https:\/\/diariotextual.com\/inicio\/#organization"},"image":{"@id":"https:\/\/diariotextual.com\/inicio\/index.php\/2022\/12\/13\/cabandie-acompanamos-a-la-pampa-en-su-justo-reclamo-por-el-rio-atuel\/#primaryimage"},"thumbnailUrl":"https:\/\/diariotextual.com\/inicio\/wp-content\/uploads\/2022\/12\/cabandievanini4378254.jpg","articleSection":["A - ES NOTICIA (van abajo)","POLITICA"],"inLanguage":"es"},{"@type":"WebPage","@id":"https:\/\/diariotextual.com\/inicio\/index.php\/2022\/12\/13\/cabandie-acompanamos-a-la-pampa-en-su-justo-reclamo-por-el-rio-atuel\/","url":"https:\/\/diariotextual.com\/inicio\/index.php\/2022\/12\/13\/cabandie-acompanamos-a-la-pampa-en-su-justo-reclamo-por-el-rio-atuel\/","name":"Cabandi\u00e9: \u201cAcompa\u00f1amos a La Pampa en su justo reclamo por el r\u00edo Atuel\u201d - Diario Textual","isPartOf":{"@id":"https:\/\/diariotextual.com\/inicio\/#website"},"primaryImageOfPage":{"@id":"https:\/\/diariotextual.com\/inicio\/index.php\/2022\/12\/13\/cabandie-acompanamos-a-la-pampa-en-su-justo-reclamo-por-el-rio-atuel\/#primaryimage"},"image":{"@id":"https:\/\/diariotextual.com\/inicio\/index.php\/2022\/12\/13\/cabandie-acompanamos-a-la-pampa-en-su-justo-reclamo-por-el-rio-atuel\/#primaryimage"},"thumbnailUrl":"https:\/\/diariotextual.com\/inicio\/wp-content\/uploads\/2022\/12\/cabandievanini4378254.jpg","datePublished":"2022-12-13T17:00:13+00:00","dateModified":"2022-12-13T21:36:58+00:00","breadcrumb":{"@id":"https:\/\/diariotextual.com\/inicio\/index.php\/2022\/12\/13\/cabandie-acompanamos-a-la-pampa-en-su-justo-reclamo-por-el-rio-atuel\/#breadcrumb"},"inLanguage":"es","potentialAction":[{"@type":"ReadAction","target":["https:\/\/diariotextual.com\/inicio\/index.php\/2022\/12\/13\/cabandie-acompanamos-a-la-pampa-en-su-justo-reclamo-por-el-rio-atuel\/"]}]},{"@type":"ImageObject","inLanguage":"es","@id":"https:\/\/diariotextual.com\/inicio\/index.php\/2022\/12\/13\/cabandie-acompanamos-a-la-pampa-en-su-justo-reclamo-por-el-rio-atuel\/#primaryimage","url":"https:\/\/diariotextual.com\/inicio\/wp-content\/uploads\/2022\/12\/cabandievanini4378254.jpg","contentUrl":"https:\/\/diariotextual.com\/inicio\/wp-content\/uploads\/2022\/12\/cabandievanini4378254.jpg","width":847,"height":485},{"@type":"BreadcrumbList","@id":"https:\/\/diariotextual.com\/inicio\/index.php\/2022\/12\/13\/cabandie-acompanamos-a-la-pampa-en-su-justo-reclamo-por-el-rio-atuel\/#breadcrumb","itemListElement":[{"@type":"ListItem","position":1,"name":"Portada","item":"https:\/\/diariotextual.com\/inicio\/"},{"@type":"ListItem","position":2,"name":"Cabandi\u00e9: \u201cAcompa\u00f1amos a La Pampa en su justo reclamo por el r\u00edo Atuel\u201d"}]},{"@type":"WebSite","@id":"https:\/\/diariotextual.com\/inicio\/#website","url":"https:\/\/diariotextual.com\/inicio\/","name":"Diario Textual","description":"","publisher":{"@id":"https:\/\/diariotextual.com\/inicio\/#organization"},"potentialAction":[{"@type":"SearchAction","target":{"@type":"EntryPoint","urlTemplate":"https:\/\/diariotextual.com\/inicio\/?s={search_term_string}"},"query-input":{"@type":"PropertyValueSpecification","valueRequired":true,"valueName":"search_term_string"}}],"inLanguage":"es"},{"@type":"Organization","@id":"https:\/\/diariotextual.com\/inicio\/#organization","name":"Diario Textual","url":"https:\/\/diariotextual.com\/inicio\/","logo":{"@type":"ImageObject","inLanguage":"es","@id":"https:\/\/diariotextual.com\/inicio\/#\/schema\/logo\/image\/","url":"https:\/\/diariotextual.com\/inicio\/wp-content\/uploads\/2023\/05\/logotextual1.jpg","contentUrl":"https:\/\/diariotextual.com\/inicio\/wp-content\/uploads\/2023\/05\/logotextual1.jpg","width":516,"height":76,"caption":"Diario Textual"},"image":{"@id":"https:\/\/diariotextual.com\/inicio\/#\/schema\/logo\/image\/"},"sameAs":["https:\/\/www.facebook.com\/eltextual","https:\/\/x.com\/eltextual","http:\/\/www.instagram.com\/eltextual"]},{"@type":"Person","@id":"https:\/\/diariotextual.com\/inicio\/#\/schema\/person\/694f60677f23c4a530867a98f22b3768","name":"diario2","image":{"@type":"ImageObject","inLanguage":"es","@id":"https:\/\/secure.gravatar.com\/avatar\/5a2567495ba16b852fcd8f1ed006a2e24fcace936018ed8237e95f488ad6e0a7?s=96&d=mm&r=g","url":"https:\/\/secure.gravatar.com\/avatar\/5a2567495ba16b852fcd8f1ed006a2e24fcace936018ed8237e95f488ad6e0a7?s=96&d=mm&r=g","contentUrl":"https:\/\/secure.gravatar.com\/avatar\/5a2567495ba16b852fcd8f1ed006a2e24fcace936018ed8237e95f488ad6e0a7?s=96&d=mm&r=g","caption":"diario2"},"url":"https:\/\/diariotextual.com\/inicio\/index.php\/author\/diario2\/"}]}},"_links":{"self":[{"href":"https:\/\/diariotextual.com\/inicio\/index.php\/wp-json\/wp\/v2\/posts\/210194","targetHints":{"allow":["GET"]}}],"collection":[{"href":"https:\/\/diariotextual.com\/inicio\/index.php\/wp-json\/wp\/v2\/posts"}],"about":[{"href":"https:\/\/diariotextual.com\/inicio\/index.php\/wp-json\/wp\/v2\/types\/post"}],"author":[{"embeddable":true,"href":"https:\/\/diariotextual.com\/inicio\/index.php\/wp-json\/wp\/v2\/users\/4"}],"replies":[{"embeddable":true,"href":"https:\/\/diariotextual.com\/inicio\/index.php\/wp-json\/wp\/v2\/comments?post=210194"}],"version-history":[{"count":2,"href":"https:\/\/diariotextual.com\/inicio\/index.php\/wp-json\/wp\/v2\/posts\/210194\/revisions"}],"predecessor-version":[{"id":210199,"href":"https:\/\/diariotextual.com\/inicio\/index.php\/wp-json\/wp\/v2\/posts\/210194\/revisions\/210199"}],"wp:featuredmedia":[{"embeddable":true,"href":"https:\/\/diariotextual.com\/inicio\/index.php\/wp-json\/wp\/v2\/media\/210195"}],"wp:attachment":[{"href":"https:\/\/diariotextual.com\/inicio\/index.php\/wp-json\/wp\/v2\/media?parent=210194"}],"wp:term":[{"taxonomy":"category","embeddable":true,"href":"https:\/\/diariotextual.com\/inicio\/index.php\/wp-json\/wp\/v2\/categories?post=210194"},{"taxonomy":"post_tag","embeddable":true,"href":"https:\/\/diariotextual.com\/inicio\/index.php\/wp-json\/wp\/v2\/tags?post=210194"}],"curies":[{"name":"wp","href":"https:\/\/api.w.org\/{rel}","templated":true}]}}