{"id":210238,"date":"2022-12-13T18:36:48","date_gmt":"2022-12-13T21:36:48","guid":{"rendered":"https:\/\/diariotextual.com\/inicio\/?p=210238"},"modified":"2022-12-13T20:13:38","modified_gmt":"2022-12-13T23:13:38","slug":"messi-y-la-final-del-mundial-que-la-gente-confie","status":"publish","type":"post","link":"https:\/\/diariotextual.com\/inicio\/index.php\/2022\/12\/13\/messi-y-la-final-del-mundial-que-la-gente-confie\/","title":{"rendered":"Messi y la final del Mundial: \u201cQue la gente conf\u00ede\u201d"},"content":{"rendered":"\n<p>Despu\u00e9s de que la selecci\u00f3n argentina consiguiera una victoria sobre Croacia en la instancia de semifinales del Mundial de Qatar, <strong>Lionel Messi <\/strong>celebr\u00f3 el triunfo.<strong> \u201cEst\u00e1bamos confiados en este grupo, que lo \u00edbamos a sacar adelante\u201d<\/strong>, sostuvo.<strong> \u201cLe pedimos a la gente que conf\u00ede porque sab\u00edamos lo que somos. Este grupo es una locura, vamos a jugar una final m\u00e1s y vamos a disfrutar de todo esto\u201d.<\/strong><\/p>\n\n\n\n<p>\u201cMe acuerdo de mi familia, y como siempre digo: es lo m\u00e1ximo para m\u00ed, la que me acompa\u00f1o siempre\u201d, evalu\u00f3, y subray\u00f3: \u201cLa hemos pasado dura, muy buena y hoy nos tica vivir una espectacular\u201d.<\/p>\n\n\n\n<p>\u201cDisfrutemos que Argentina vuelve a jugar una final del mundo. Vamos a dar el m\u00e1ximo, vamos a dejar todo\u201d, dijo, en un mensaje a los argentinos.<\/p>\n\n\n\n<iframe src=\"https:\/\/www.facebook.com\/plugins\/video.php?height=314&#038;href=https%3A%2F%2Fwww.facebook.com%2Feltextual%2Fvideos%2F1503450460177569%2F&#038;show_text=true&#038;width=560&#038;t=0\" width=\"560\" height=\"429\" style=\"border:none;overflow:hidden\" scrolling=\"no\" frameborder=\"0\" allowfullscreen=\"true\" allow=\"autoplay; clipboard-write; encrypted-media; picture-in-picture; web-share\" allowFullScreen=\"true\"><\/iframe>\n\n\n\n<p>Messi, que fue elegido como mejor jugador del partido, encabez\u00f3 tambi\u00e9n una conferencia de prensa despu\u00e9s del partido. Al ser consultado por si es su mejor Mundial, el capit\u00e1n dijo no saberlo a\u00fan. \u201cNo s\u00e9, lo estoy disfrutando much\u00edsimo\u201d, sostuvo.<\/p>\n\n\n\n<p>\u201cEl grupo volvi\u00f3 a sacar fuerzas para ganar un plus m\u00e1s. Hicimos un partido muy serio, que sab\u00edamos que iba a ser as\u00ed. Lo preparamos mucho\u201d, precis\u00f3. \u201cMe siento feliz y lo estoy disfrutando much\u00edsimo. Que la gente conf\u00ede\u201d.<\/p>\n\n\n\n<figure class=\"wp-block-embed is-type-wp-embed is-provider-diario-textual wp-block-embed-diario-textual\"><div class=\"wp-block-embed__wrapper\">\n<blockquote class=\"wp-embedded-content\" data-secret=\"KvGwfxpvtZ\"><a href=\"https:\/\/diariotextual.com\/inicio\/index.php\/2022\/12\/13\/argentina-golea-y-pasa-a-la-final-del-mundial\/\">Argentina gole\u00f3 y pas\u00f3 a la final del Mundial<\/a><\/blockquote><iframe class=\"wp-embedded-content\" sandbox=\"allow-scripts\" security=\"restricted\" style=\"position: absolute; clip: rect(1px, 1px, 1px, 1px);\" title=\"\u00abArgentina gole\u00f3 y pas\u00f3 a la final del Mundial\u00bb \u2014 Diario Textual\" src=\"https:\/\/diariotextual.com\/inicio\/index.php\/2022\/12\/13\/argentina-golea-y-pasa-a-la-final-del-mundial\/embed\/#?secret=fOkBGev8WN#?secret=KvGwfxpvtZ\" data-secret=\"KvGwfxpvtZ\" width=\"600\" height=\"338\" frameborder=\"0\" marginwidth=\"0\" marginheight=\"0\" scrolling=\"no\"><\/iframe>\n<\/div><figcaption><strong>La Selecci\u00f3n Argentina se meti\u00f3 en la final del Mundial de Qatar 2022.<\/strong>&nbsp;De la mano de un&nbsp;<strong>Lionel Messi<\/strong>&nbsp;brillante y un&nbsp;<strong>Juli\u00e1n \u00c1lvarez&nbsp;<\/strong>intratable, este martes&nbsp;<strong>gole\u00f3 por 3 a 0&nbsp;<\/strong>a&nbsp;<strong>Croacia<\/strong>&nbsp;y el domingo pr\u00f3ximo ir\u00e1 por&nbsp;<strong>la copa<\/strong>.<\/figcaption><\/figure>\n\n\n\n<p>Messi de penal, a los 33 minutos del primer tiempo, y Juli\u00e1n \u00c1lvarez con un doblete, a los 39 de la primera etapa y 24 del complemento, le dieron el triunfo al conjunto albiceleste.<\/p>\n\n\n\n<p><\/p>\n","protected":false},"excerpt":{"rendered":"<p>Despu\u00e9s de que la selecci\u00f3n argentina consiguiera una victoria sobre Croacia en la instancia de semifinales del Mundial de Qatar, Lionel Messi celebr\u00f3 el triunfo. \u201cEst\u00e1bamos confiados en este grupo,&hellip;<\/p>\n","protected":false},"author":3,"featured_media":210235,"comment_status":"closed","ping_status":"open","sticky":false,"template":"","format":"standard","meta":{"_acf_changed":false,"footnotes":""},"categories":[1,3],"tags":[],"class_list":["post-210238","post","type-post","status-publish","format-standard","has-post-thumbnail","hentry","category-es-noticia","category-deportes"],"acf":[],"yoast_head":"<!-- This site is optimized with the Yoast SEO plugin v27.4 - https:\/\/yoast.com\/product\/yoast-seo-wordpress\/ -->\n<title>Messi y la final del Mundial: \u201cQue la gente conf\u00ede\u201d - Diario Textual<\/title>\n<meta name=\"robots\" content=\"index, follow, max-snippet:-1, max-image-preview:large, max-video-preview:-1\" \/>\n<link rel=\"canonical\" href=\"https:\/\/diariotextual.com\/inicio\/index.php\/2022\/12\/13\/messi-y-la-final-del-mundial-que-la-gente-confie\/\" \/>\n<meta property=\"og:locale\" content=\"es_ES\" \/>\n<meta property=\"og:type\" content=\"article\" \/>\n<meta property=\"og:title\" content=\"Messi y la final del Mundial: \u201cQue la gente conf\u00ede\u201d - Diario Textual\" \/>\n<meta property=\"og:description\" content=\"Despu\u00e9s de que la selecci\u00f3n argentina consiguiera una victoria sobre Croacia en la instancia de semifinales del Mundial de Qatar, Lionel Messi celebr\u00f3 el triunfo. \u201cEst\u00e1bamos confiados en este grupo,&hellip;\" \/>\n<meta property=\"og:url\" content=\"https:\/\/diariotextual.com\/inicio\/index.php\/2022\/12\/13\/messi-y-la-final-del-mundial-que-la-gente-confie\/\" \/>\n<meta property=\"og:site_name\" content=\"Diario Textual\" \/>\n<meta property=\"article:publisher\" content=\"https:\/\/www.facebook.com\/eltextual\" \/>\n<meta property=\"article:published_time\" content=\"2022-12-13T21:36:48+00:00\" \/>\n<meta property=\"article:modified_time\" content=\"2022-12-13T23:13:38+00:00\" \/>\n<meta property=\"og:image\" content=\"https:\/\/diariotextual.com\/inicio\/wp-content\/uploads\/2022\/12\/messilionelmundialdeqatar2022-19909.jpeg\" \/>\n\t<meta property=\"og:image:width\" content=\"1280\" \/>\n\t<meta property=\"og:image:height\" content=\"853\" \/>\n\t<meta property=\"og:image:type\" content=\"image\/jpeg\" \/>\n<meta name=\"author\" content=\"Diario1 Diario1\" \/>\n<meta name=\"twitter:card\" content=\"summary_large_image\" \/>\n<meta name=\"twitter:creator\" content=\"@eltextual\" \/>\n<meta name=\"twitter:site\" content=\"@eltextual\" \/>\n<meta name=\"twitter:label1\" content=\"Escrito por\" \/>\n\t<meta name=\"twitter:data1\" content=\"Diario1 Diario1\" \/>\n\t<meta name=\"twitter:label2\" content=\"Tiempo de lectura\" \/>\n\t<meta name=\"twitter:data2\" content=\"2 minutos\" \/>\n<script type=\"application\/ld+json\" class=\"yoast-schema-graph\">{\"@context\":\"https:\\\/\\\/schema.org\",\"@graph\":[{\"@type\":\"Article\",\"@id\":\"https:\\\/\\\/diariotextual.com\\\/inicio\\\/index.php\\\/2022\\\/12\\\/13\\\/messi-y-la-final-del-mundial-que-la-gente-confie\\\/#article\",\"isPartOf\":{\"@id\":\"https:\\\/\\\/diariotextual.com\\\/inicio\\\/index.php\\\/2022\\\/12\\\/13\\\/messi-y-la-final-del-mundial-que-la-gente-confie\\\/\"},\"author\":{\"name\":\"Diario1 Diario1\",\"@id\":\"https:\\\/\\\/diariotextual.com\\\/inicio\\\/#\\\/schema\\\/person\\\/418fc4093c33e86ed41562db3508f958\"},\"headline\":\"Messi y la final del Mundial: \u201cQue la gente conf\u00ede\u201d\",\"datePublished\":\"2022-12-13T21:36:48+00:00\",\"dateModified\":\"2022-12-13T23:13:38+00:00\",\"mainEntityOfPage\":{\"@id\":\"https:\\\/\\\/diariotextual.com\\\/inicio\\\/index.php\\\/2022\\\/12\\\/13\\\/messi-y-la-final-del-mundial-que-la-gente-confie\\\/\"},\"wordCount\":328,\"publisher\":{\"@id\":\"https:\\\/\\\/diariotextual.com\\\/inicio\\\/#organization\"},\"image\":{\"@id\":\"https:\\\/\\\/diariotextual.com\\\/inicio\\\/index.php\\\/2022\\\/12\\\/13\\\/messi-y-la-final-del-mundial-que-la-gente-confie\\\/#primaryimage\"},\"thumbnailUrl\":\"https:\\\/\\\/diariotextual.com\\\/inicio\\\/wp-content\\\/uploads\\\/2022\\\/12\\\/messilionelmundialdeqatar2022-19909.jpeg\",\"articleSection\":[\"A - ES NOTICIA (van abajo)\",\"DEPORTES\"],\"inLanguage\":\"es\"},{\"@type\":\"WebPage\",\"@id\":\"https:\\\/\\\/diariotextual.com\\\/inicio\\\/index.php\\\/2022\\\/12\\\/13\\\/messi-y-la-final-del-mundial-que-la-gente-confie\\\/\",\"url\":\"https:\\\/\\\/diariotextual.com\\\/inicio\\\/index.php\\\/2022\\\/12\\\/13\\\/messi-y-la-final-del-mundial-que-la-gente-confie\\\/\",\"name\":\"Messi y la final del Mundial: \u201cQue la gente conf\u00ede\u201d - Diario Textual\",\"isPartOf\":{\"@id\":\"https:\\\/\\\/diariotextual.com\\\/inicio\\\/#website\"},\"primaryImageOfPage\":{\"@id\":\"https:\\\/\\\/diariotextual.com\\\/inicio\\\/index.php\\\/2022\\\/12\\\/13\\\/messi-y-la-final-del-mundial-que-la-gente-confie\\\/#primaryimage\"},\"image\":{\"@id\":\"https:\\\/\\\/diariotextual.com\\\/inicio\\\/index.php\\\/2022\\\/12\\\/13\\\/messi-y-la-final-del-mundial-que-la-gente-confie\\\/#primaryimage\"},\"thumbnailUrl\":\"https:\\\/\\\/diariotextual.com\\\/inicio\\\/wp-content\\\/uploads\\\/2022\\\/12\\\/messilionelmundialdeqatar2022-19909.jpeg\",\"datePublished\":\"2022-12-13T21:36:48+00:00\",\"dateModified\":\"2022-12-13T23:13:38+00:00\",\"breadcrumb\":{\"@id\":\"https:\\\/\\\/diariotextual.com\\\/inicio\\\/index.php\\\/2022\\\/12\\\/13\\\/messi-y-la-final-del-mundial-que-la-gente-confie\\\/#breadcrumb\"},\"inLanguage\":\"es\",\"potentialAction\":[{\"@type\":\"ReadAction\",\"target\":[\"https:\\\/\\\/diariotextual.com\\\/inicio\\\/index.php\\\/2022\\\/12\\\/13\\\/messi-y-la-final-del-mundial-que-la-gente-confie\\\/\"]}]},{\"@type\":\"ImageObject\",\"inLanguage\":\"es\",\"@id\":\"https:\\\/\\\/diariotextual.com\\\/inicio\\\/index.php\\\/2022\\\/12\\\/13\\\/messi-y-la-final-del-mundial-que-la-gente-confie\\\/#primaryimage\",\"url\":\"https:\\\/\\\/diariotextual.com\\\/inicio\\\/wp-content\\\/uploads\\\/2022\\\/12\\\/messilionelmundialdeqatar2022-19909.jpeg\",\"contentUrl\":\"https:\\\/\\\/diariotextual.com\\\/inicio\\\/wp-content\\\/uploads\\\/2022\\\/12\\\/messilionelmundialdeqatar2022-19909.jpeg\",\"width\":1280,\"height\":853},{\"@type\":\"BreadcrumbList\",\"@id\":\"https:\\\/\\\/diariotextual.com\\\/inicio\\\/index.php\\\/2022\\\/12\\\/13\\\/messi-y-la-final-del-mundial-que-la-gente-confie\\\/#breadcrumb\",\"itemListElement\":[{\"@type\":\"ListItem\",\"position\":1,\"name\":\"Portada\",\"item\":\"https:\\\/\\\/diariotextual.com\\\/inicio\\\/\"},{\"@type\":\"ListItem\",\"position\":2,\"name\":\"Messi y la final del Mundial: \u201cQue la gente conf\u00ede\u201d\"}]},{\"@type\":\"WebSite\",\"@id\":\"https:\\\/\\\/diariotextual.com\\\/inicio\\\/#website\",\"url\":\"https:\\\/\\\/diariotextual.com\\\/inicio\\\/\",\"name\":\"Diario Textual\",\"description\":\"\",\"publisher\":{\"@id\":\"https:\\\/\\\/diariotextual.com\\\/inicio\\\/#organization\"},\"potentialAction\":[{\"@type\":\"SearchAction\",\"target\":{\"@type\":\"EntryPoint\",\"urlTemplate\":\"https:\\\/\\\/diariotextual.com\\\/inicio\\\/?s={search_term_string}\"},\"query-input\":{\"@type\":\"PropertyValueSpecification\",\"valueRequired\":true,\"valueName\":\"search_term_string\"}}],\"inLanguage\":\"es\"},{\"@type\":\"Organization\",\"@id\":\"https:\\\/\\\/diariotextual.com\\\/inicio\\\/#organization\",\"name\":\"Diario Textual\",\"url\":\"https:\\\/\\\/diariotextual.com\\\/inicio\\\/\",\"logo\":{\"@type\":\"ImageObject\",\"inLanguage\":\"es\",\"@id\":\"https:\\\/\\\/diariotextual.com\\\/inicio\\\/#\\\/schema\\\/logo\\\/image\\\/\",\"url\":\"https:\\\/\\\/diariotextual.com\\\/inicio\\\/wp-content\\\/uploads\\\/2023\\\/05\\\/logotextual1.jpg\",\"contentUrl\":\"https:\\\/\\\/diariotextual.com\\\/inicio\\\/wp-content\\\/uploads\\\/2023\\\/05\\\/logotextual1.jpg\",\"width\":516,\"height\":76,\"caption\":\"Diario Textual\"},\"image\":{\"@id\":\"https:\\\/\\\/diariotextual.com\\\/inicio\\\/#\\\/schema\\\/logo\\\/image\\\/\"},\"sameAs\":[\"https:\\\/\\\/www.facebook.com\\\/eltextual\",\"https:\\\/\\\/x.com\\\/eltextual\",\"http:\\\/\\\/www.instagram.com\\\/eltextual\"]},{\"@type\":\"Person\",\"@id\":\"https:\\\/\\\/diariotextual.com\\\/inicio\\\/#\\\/schema\\\/person\\\/418fc4093c33e86ed41562db3508f958\",\"name\":\"Diario1 Diario1\",\"image\":{\"@type\":\"ImageObject\",\"inLanguage\":\"es\",\"@id\":\"https:\\\/\\\/secure.gravatar.com\\\/avatar\\\/9167d280179c85bc18be67aa7eda765854300033af4896dd779b608640f2ef7a?s=96&d=mm&r=g\",\"url\":\"https:\\\/\\\/secure.gravatar.com\\\/avatar\\\/9167d280179c85bc18be67aa7eda765854300033af4896dd779b608640f2ef7a?s=96&d=mm&r=g\",\"contentUrl\":\"https:\\\/\\\/secure.gravatar.com\\\/avatar\\\/9167d280179c85bc18be67aa7eda765854300033af4896dd779b608640f2ef7a?s=96&d=mm&r=g\",\"caption\":\"Diario1 Diario1\"},\"url\":\"https:\\\/\\\/diariotextual.com\\\/inicio\\\/index.php\\\/author\\\/diario1\\\/\"}]}<\/script>\n<!-- \/ Yoast SEO plugin. -->","yoast_head_json":{"title":"Messi y la final del Mundial: \u201cQue la gente conf\u00ede\u201d - Diario Textual","robots":{"index":"index","follow":"follow","max-snippet":"max-snippet:-1","max-image-preview":"max-image-preview:large","max-video-preview":"max-video-preview:-1"},"canonical":"https:\/\/diariotextual.com\/inicio\/index.php\/2022\/12\/13\/messi-y-la-final-del-mundial-que-la-gente-confie\/","og_locale":"es_ES","og_type":"article","og_title":"Messi y la final del Mundial: \u201cQue la gente conf\u00ede\u201d - Diario Textual","og_description":"Despu\u00e9s de que la selecci\u00f3n argentina consiguiera una victoria sobre Croacia en la instancia de semifinales del Mundial de Qatar, Lionel Messi celebr\u00f3 el triunfo. \u201cEst\u00e1bamos confiados en este grupo,&hellip;","og_url":"https:\/\/diariotextual.com\/inicio\/index.php\/2022\/12\/13\/messi-y-la-final-del-mundial-que-la-gente-confie\/","og_site_name":"Diario Textual","article_publisher":"https:\/\/www.facebook.com\/eltextual","article_published_time":"2022-12-13T21:36:48+00:00","article_modified_time":"2022-12-13T23:13:38+00:00","og_image":[{"width":1280,"height":853,"url":"https:\/\/diariotextual.com\/inicio\/wp-content\/uploads\/2022\/12\/messilionelmundialdeqatar2022-19909.jpeg","type":"image\/jpeg"}],"author":"Diario1 Diario1","twitter_card":"summary_large_image","twitter_creator":"@eltextual","twitter_site":"@eltextual","twitter_misc":{"Escrito por":"Diario1 Diario1","Tiempo de lectura":"2 minutos"},"schema":{"@context":"https:\/\/schema.org","@graph":[{"@type":"Article","@id":"https:\/\/diariotextual.com\/inicio\/index.php\/2022\/12\/13\/messi-y-la-final-del-mundial-que-la-gente-confie\/#article","isPartOf":{"@id":"https:\/\/diariotextual.com\/inicio\/index.php\/2022\/12\/13\/messi-y-la-final-del-mundial-que-la-gente-confie\/"},"author":{"name":"Diario1 Diario1","@id":"https:\/\/diariotextual.com\/inicio\/#\/schema\/person\/418fc4093c33e86ed41562db3508f958"},"headline":"Messi y la final del Mundial: \u201cQue la gente conf\u00ede\u201d","datePublished":"2022-12-13T21:36:48+00:00","dateModified":"2022-12-13T23:13:38+00:00","mainEntityOfPage":{"@id":"https:\/\/diariotextual.com\/inicio\/index.php\/2022\/12\/13\/messi-y-la-final-del-mundial-que-la-gente-confie\/"},"wordCount":328,"publisher":{"@id":"https:\/\/diariotextual.com\/inicio\/#organization"},"image":{"@id":"https:\/\/diariotextual.com\/inicio\/index.php\/2022\/12\/13\/messi-y-la-final-del-mundial-que-la-gente-confie\/#primaryimage"},"thumbnailUrl":"https:\/\/diariotextual.com\/inicio\/wp-content\/uploads\/2022\/12\/messilionelmundialdeqatar2022-19909.jpeg","articleSection":["A - ES NOTICIA (van abajo)","DEPORTES"],"inLanguage":"es"},{"@type":"WebPage","@id":"https:\/\/diariotextual.com\/inicio\/index.php\/2022\/12\/13\/messi-y-la-final-del-mundial-que-la-gente-confie\/","url":"https:\/\/diariotextual.com\/inicio\/index.php\/2022\/12\/13\/messi-y-la-final-del-mundial-que-la-gente-confie\/","name":"Messi y la final del Mundial: \u201cQue la gente conf\u00ede\u201d - Diario Textual","isPartOf":{"@id":"https:\/\/diariotextual.com\/inicio\/#website"},"primaryImageOfPage":{"@id":"https:\/\/diariotextual.com\/inicio\/index.php\/2022\/12\/13\/messi-y-la-final-del-mundial-que-la-gente-confie\/#primaryimage"},"image":{"@id":"https:\/\/diariotextual.com\/inicio\/index.php\/2022\/12\/13\/messi-y-la-final-del-mundial-que-la-gente-confie\/#primaryimage"},"thumbnailUrl":"https:\/\/diariotextual.com\/inicio\/wp-content\/uploads\/2022\/12\/messilionelmundialdeqatar2022-19909.jpeg","datePublished":"2022-12-13T21:36:48+00:00","dateModified":"2022-12-13T23:13:38+00:00","breadcrumb":{"@id":"https:\/\/diariotextual.com\/inicio\/index.php\/2022\/12\/13\/messi-y-la-final-del-mundial-que-la-gente-confie\/#breadcrumb"},"inLanguage":"es","potentialAction":[{"@type":"ReadAction","target":["https:\/\/diariotextual.com\/inicio\/index.php\/2022\/12\/13\/messi-y-la-final-del-mundial-que-la-gente-confie\/"]}]},{"@type":"ImageObject","inLanguage":"es","@id":"https:\/\/diariotextual.com\/inicio\/index.php\/2022\/12\/13\/messi-y-la-final-del-mundial-que-la-gente-confie\/#primaryimage","url":"https:\/\/diariotextual.com\/inicio\/wp-content\/uploads\/2022\/12\/messilionelmundialdeqatar2022-19909.jpeg","contentUrl":"https:\/\/diariotextual.com\/inicio\/wp-content\/uploads\/2022\/12\/messilionelmundialdeqatar2022-19909.jpeg","width":1280,"height":853},{"@type":"BreadcrumbList","@id":"https:\/\/diariotextual.com\/inicio\/index.php\/2022\/12\/13\/messi-y-la-final-del-mundial-que-la-gente-confie\/#breadcrumb","itemListElement":[{"@type":"ListItem","position":1,"name":"Portada","item":"https:\/\/diariotextual.com\/inicio\/"},{"@type":"ListItem","position":2,"name":"Messi y la final del Mundial: \u201cQue la gente conf\u00ede\u201d"}]},{"@type":"WebSite","@id":"https:\/\/diariotextual.com\/inicio\/#website","url":"https:\/\/diariotextual.com\/inicio\/","name":"Diario Textual","description":"","publisher":{"@id":"https:\/\/diariotextual.com\/inicio\/#organization"},"potentialAction":[{"@type":"SearchAction","target":{"@type":"EntryPoint","urlTemplate":"https:\/\/diariotextual.com\/inicio\/?s={search_term_string}"},"query-input":{"@type":"PropertyValueSpecification","valueRequired":true,"valueName":"search_term_string"}}],"inLanguage":"es"},{"@type":"Organization","@id":"https:\/\/diariotextual.com\/inicio\/#organization","name":"Diario Textual","url":"https:\/\/diariotextual.com\/inicio\/","logo":{"@type":"ImageObject","inLanguage":"es","@id":"https:\/\/diariotextual.com\/inicio\/#\/schema\/logo\/image\/","url":"https:\/\/diariotextual.com\/inicio\/wp-content\/uploads\/2023\/05\/logotextual1.jpg","contentUrl":"https:\/\/diariotextual.com\/inicio\/wp-content\/uploads\/2023\/05\/logotextual1.jpg","width":516,"height":76,"caption":"Diario Textual"},"image":{"@id":"https:\/\/diariotextual.com\/inicio\/#\/schema\/logo\/image\/"},"sameAs":["https:\/\/www.facebook.com\/eltextual","https:\/\/x.com\/eltextual","http:\/\/www.instagram.com\/eltextual"]},{"@type":"Person","@id":"https:\/\/diariotextual.com\/inicio\/#\/schema\/person\/418fc4093c33e86ed41562db3508f958","name":"Diario1 Diario1","image":{"@type":"ImageObject","inLanguage":"es","@id":"https:\/\/secure.gravatar.com\/avatar\/9167d280179c85bc18be67aa7eda765854300033af4896dd779b608640f2ef7a?s=96&d=mm&r=g","url":"https:\/\/secure.gravatar.com\/avatar\/9167d280179c85bc18be67aa7eda765854300033af4896dd779b608640f2ef7a?s=96&d=mm&r=g","contentUrl":"https:\/\/secure.gravatar.com\/avatar\/9167d280179c85bc18be67aa7eda765854300033af4896dd779b608640f2ef7a?s=96&d=mm&r=g","caption":"Diario1 Diario1"},"url":"https:\/\/diariotextual.com\/inicio\/index.php\/author\/diario1\/"}]}},"_links":{"self":[{"href":"https:\/\/diariotextual.com\/inicio\/index.php\/wp-json\/wp\/v2\/posts\/210238","targetHints":{"allow":["GET"]}}],"collection":[{"href":"https:\/\/diariotextual.com\/inicio\/index.php\/wp-json\/wp\/v2\/posts"}],"about":[{"href":"https:\/\/diariotextual.com\/inicio\/index.php\/wp-json\/wp\/v2\/types\/post"}],"author":[{"embeddable":true,"href":"https:\/\/diariotextual.com\/inicio\/index.php\/wp-json\/wp\/v2\/users\/3"}],"replies":[{"embeddable":true,"href":"https:\/\/diariotextual.com\/inicio\/index.php\/wp-json\/wp\/v2\/comments?post=210238"}],"version-history":[{"count":3,"href":"https:\/\/diariotextual.com\/inicio\/index.php\/wp-json\/wp\/v2\/posts\/210238\/revisions"}],"predecessor-version":[{"id":210241,"href":"https:\/\/diariotextual.com\/inicio\/index.php\/wp-json\/wp\/v2\/posts\/210238\/revisions\/210241"}],"wp:featuredmedia":[{"embeddable":true,"href":"https:\/\/diariotextual.com\/inicio\/index.php\/wp-json\/wp\/v2\/media\/210235"}],"wp:attachment":[{"href":"https:\/\/diariotextual.com\/inicio\/index.php\/wp-json\/wp\/v2\/media?parent=210238"}],"wp:term":[{"taxonomy":"category","embeddable":true,"href":"https:\/\/diariotextual.com\/inicio\/index.php\/wp-json\/wp\/v2\/categories?post=210238"},{"taxonomy":"post_tag","embeddable":true,"href":"https:\/\/diariotextual.com\/inicio\/index.php\/wp-json\/wp\/v2\/tags?post=210238"}],"curies":[{"name":"wp","href":"https:\/\/api.w.org\/{rel}","templated":true}]}}