{"id":210421,"date":"2022-12-15T07:37:59","date_gmt":"2022-12-15T10:37:59","guid":{"rendered":"https:\/\/diariotextual.com\/inicio\/?p=210421"},"modified":"2022-12-15T07:38:02","modified_gmt":"2022-12-15T10:38:02","slug":"el-senasa-declaro-el-estado-de-alerta-preventiva-ante-el-avance-de-la-gripe-aviar","status":"publish","type":"post","link":"https:\/\/diariotextual.com\/inicio\/index.php\/2022\/12\/15\/el-senasa-declaro-el-estado-de-alerta-preventiva-ante-el-avance-de-la-gripe-aviar\/","title":{"rendered":"El Senasa declar\u00f3 el estado de alerta preventiva ante el avance de la gripe aviar"},"content":{"rendered":"\n<p>El Servicio Nacional de Sanidad y Calidad Agroalimentaria (Senasa) declar\u00f3 este mi\u00e9rcoles el estado de alerta preventiva sanitaria en todo el territorio nacional, debido a la presencia de brotes de Influenza Aviar Altamente Pat\u00f3gena en el continente americano.<\/p>\n\n\n\n<p>La medida, ordenada a trav\u00e9s de la Resoluci\u00f3n 803\/2022 publicada este mi\u00e9rcoles en el Bolet\u00edn Oficial, implementa la adopci\u00f3n de nuevas medidas de prevenci\u00f3n, detecci\u00f3n precoz y atenci\u00f3n temprana, y el fortalecimiento de las ya existentes con el objetivo de disminuir el riesgo del ingreso, exposici\u00f3n y diseminaci\u00f3n de la enfermedad en aves de corral comerciales, y en las aves de traspatio y silvestres en el territorio nacional.<\/p>\n\n\n\n<p>El alerta responde a recomendaciones del Consejo Agropecuario del Sur frente a los brotes detectados originalmente en Am\u00e9rica del Norte y su \u201cactual dispersi\u00f3n hacia Am\u00e9rica del Sur a trav\u00e9s de las rutas migratorias que las aves silvestres inician en \u00e9poca primaveral\u201d, al dirigirse de las zonas de invernada ubicadas en el hemisferio norte a las de reproducci\u00f3n en las latitudes septentrionales.<\/p>\n\n\n\n<p>Esta situaci\u00f3n implica una \u201cpotencial propagaci\u00f3n al resto del continente americano\u201d, seg\u00fan se indic\u00f3.<\/p>\n\n\n\n<p>La resoluci\u00f3n de este mi\u00e9rcoles tambi\u00e9n faculta a la Direcci\u00f3n Nacional de Sanidad Animal del Senasa a ordenar normas complementarias con medidas extraordinarias para evitar el ingreso y eventual diseminaci\u00f3n de la influenza en el pa\u00eds; y a la Direcci\u00f3n General T\u00e9cnica y Administrativa a adoptar gestiones administrativas urgentes para \u201cacelerar o facilitar la provisi\u00f3n de recursos\u201d a las \u00e1reas competentes.<\/p>\n\n\n\n<p>La mayor\u00eda de los virus de la influenza afectan s\u00f3lo a las aves y no son zoon\u00f3ticos aunque, con menor frecuencia, tambi\u00e9n algunas cepas tienen la capacidad de infectar a especies de mam\u00edferos, incluyendo seres humanos.<\/p>\n\n\n\n<p>En las aves, el virus tiene una alta mortalidad \u2013no existe vacuna al momento- y provoca s\u00edntomas como s\u00edndromes respiratorios, nerviosos o digestivos; alteraciones de los par\u00e1metros productivos, temblores, incoordinaci\u00f3n, diarrea, edema facial, y baja de consumo de agua o alimentos.<\/p>\n\n\n\n<p>Las aves pueden portar normalmente virus de influenza en sus sistemas respiratorio o intestinal y pese a que, en general, no se enferman, transmiten la enfermedad a otras aves funcionado as\u00ed como vectores, explic\u00f3 el Senasa en la normativa.<\/p>\n\n\n\n<p>Si bien la Argentina ostenta la condici\u00f3n de libre de esa enfermedad dado que no hubo casos ni sospechas del virus localmente, desde principios de este a\u00f1o se detectaron \u201cbrotes recurrentes\u201d en Estados Unidos y Canad\u00e1, y su dispersi\u00f3n avanz\u00f3 recientemente a Sudam\u00e9rica con casos en Colombia, Per\u00fa y Ecuador.<\/p>\n\n\n\n<p>En ese sentido, desde que comenz\u00f3 el brote a mediados de noviembre, se registr\u00f3 la muerte de m\u00e1s de 22.000 aves marinas y costeras \u2013en su mayor\u00eda, pel\u00edcanos- en Per\u00fa.<\/p>\n\n\n\n<p>La enfermedad puede provocar, de ingresar al pa\u00eds, \u201cun alto impacto en la producci\u00f3n y el comercio\u201d de la producci\u00f3n av\u00edcola industrial con \u201cgraves p\u00e9rdidas econ\u00f3micas\u201d por la alta mortalidad en las aves, y las consecuentes restricciones al comercio internacional.<\/p>\n\n\n\n<p>En ese marco, el alerta del Senasa busca reforzar las medidas de preparaci\u00f3n y prevenci\u00f3n as\u00ed como las dirigidas a la detecci\u00f3n precoz y atenci\u00f3n temprana ante un eventual ingreso\u201d, se\u00f1ala el decreto.<\/p>\n\n\n\n<p>En ocasi\u00f3n de sospecha de s\u00edntomas compatibles en aves, los casos deben ser inmediatamente comunicados al Senasa a trav\u00e9s de sus oficinas, por contacto telef\u00f3nico, la web \u201cAvisa al Senasa\u201d, o a trav\u00e9s del mail notificaciones@senasa.gob.ar.<\/p>\n\n\n\n<p>Entre otros consejos, el Senasa recomienda evitar visitar granjas de aves luego de estar en contacto con aves silvestres, desinfectar los elementos utilizados a campo como balanzas y bolsas, utilizar elementos de protecci\u00f3n personal para manipular las aves silvestres, y mantener encerradas las aves dom\u00e9sticas en los gallineros para evitar el contacto con las silvestres.<\/p>\n","protected":false},"excerpt":{"rendered":"<p>El Servicio Nacional de Sanidad y Calidad Agroalimentaria (Senasa) declar\u00f3 este mi\u00e9rcoles el estado de alerta preventiva sanitaria en todo el territorio nacional, debido a la presencia de brotes de&hellip;<\/p>\n","protected":false},"author":3,"featured_media":210422,"comment_status":"closed","ping_status":"open","sticky":false,"template":"","format":"standard","meta":{"_acf_changed":false,"footnotes":""},"categories":[4,20],"tags":[],"class_list":["post-210421","post","type-post","status-publish","format-standard","has-post-thumbnail","hentry","category-destacadas","category-campo"],"acf":[],"yoast_head":"<!-- This site is optimized with the Yoast SEO plugin v27.5 - https:\/\/yoast.com\/product\/yoast-seo-wordpress\/ -->\n<title>El Senasa declar\u00f3 el estado de alerta preventiva ante el avance de la gripe aviar - Diario Textual<\/title>\n<meta name=\"robots\" content=\"index, follow, max-snippet:-1, max-image-preview:large, max-video-preview:-1\" \/>\n<link rel=\"canonical\" href=\"https:\/\/diariotextual.com\/inicio\/index.php\/2022\/12\/15\/el-senasa-declaro-el-estado-de-alerta-preventiva-ante-el-avance-de-la-gripe-aviar\/\" \/>\n<meta property=\"og:locale\" content=\"es_ES\" \/>\n<meta property=\"og:type\" content=\"article\" \/>\n<meta property=\"og:title\" content=\"El Senasa declar\u00f3 el estado de alerta preventiva ante el avance de la gripe aviar - Diario Textual\" \/>\n<meta property=\"og:description\" content=\"El Servicio Nacional de Sanidad y Calidad Agroalimentaria (Senasa) declar\u00f3 este mi\u00e9rcoles el estado de alerta preventiva sanitaria en todo el territorio nacional, debido a la presencia de brotes de&hellip;\" \/>\n<meta property=\"og:url\" content=\"https:\/\/diariotextual.com\/inicio\/index.php\/2022\/12\/15\/el-senasa-declaro-el-estado-de-alerta-preventiva-ante-el-avance-de-la-gripe-aviar\/\" \/>\n<meta property=\"og:site_name\" content=\"Diario Textual\" \/>\n<meta property=\"article:publisher\" content=\"https:\/\/www.facebook.com\/eltextual\" \/>\n<meta property=\"article:published_time\" content=\"2022-12-15T10:37:59+00:00\" \/>\n<meta property=\"article:modified_time\" content=\"2022-12-15T10:38:02+00:00\" \/>\n<meta property=\"og:image\" content=\"https:\/\/diariotextual.com\/inicio\/wp-content\/uploads\/2022\/12\/senasalaboratoriotelam2022-1.jpg\" \/>\n\t<meta property=\"og:image:width\" content=\"996\" \/>\n\t<meta property=\"og:image:height\" content=\"560\" \/>\n\t<meta property=\"og:image:type\" content=\"image\/jpeg\" \/>\n<meta name=\"author\" content=\"Diario1 Diario1\" \/>\n<meta name=\"twitter:card\" content=\"summary_large_image\" \/>\n<meta name=\"twitter:creator\" content=\"@eltextual\" \/>\n<meta name=\"twitter:site\" content=\"@eltextual\" \/>\n<meta name=\"twitter:label1\" content=\"Escrito por\" \/>\n\t<meta name=\"twitter:data1\" content=\"Diario1 Diario1\" \/>\n\t<meta name=\"twitter:label2\" content=\"Tiempo de lectura\" \/>\n\t<meta name=\"twitter:data2\" content=\"3 minutos\" \/>\n<script type=\"application\/ld+json\" class=\"yoast-schema-graph\">{\"@context\":\"https:\\\/\\\/schema.org\",\"@graph\":[{\"@type\":\"Article\",\"@id\":\"https:\\\/\\\/diariotextual.com\\\/inicio\\\/index.php\\\/2022\\\/12\\\/15\\\/el-senasa-declaro-el-estado-de-alerta-preventiva-ante-el-avance-de-la-gripe-aviar\\\/#article\",\"isPartOf\":{\"@id\":\"https:\\\/\\\/diariotextual.com\\\/inicio\\\/index.php\\\/2022\\\/12\\\/15\\\/el-senasa-declaro-el-estado-de-alerta-preventiva-ante-el-avance-de-la-gripe-aviar\\\/\"},\"author\":{\"name\":\"Diario1 Diario1\",\"@id\":\"https:\\\/\\\/diariotextual.com\\\/inicio\\\/#\\\/schema\\\/person\\\/418fc4093c33e86ed41562db3508f958\"},\"headline\":\"El Senasa declar\u00f3 el estado de alerta preventiva ante el avance de la gripe aviar\",\"datePublished\":\"2022-12-15T10:37:59+00:00\",\"dateModified\":\"2022-12-15T10:38:02+00:00\",\"mainEntityOfPage\":{\"@id\":\"https:\\\/\\\/diariotextual.com\\\/inicio\\\/index.php\\\/2022\\\/12\\\/15\\\/el-senasa-declaro-el-estado-de-alerta-preventiva-ante-el-avance-de-la-gripe-aviar\\\/\"},\"wordCount\":682,\"publisher\":{\"@id\":\"https:\\\/\\\/diariotextual.com\\\/inicio\\\/#organization\"},\"image\":{\"@id\":\"https:\\\/\\\/diariotextual.com\\\/inicio\\\/index.php\\\/2022\\\/12\\\/15\\\/el-senasa-declaro-el-estado-de-alerta-preventiva-ante-el-avance-de-la-gripe-aviar\\\/#primaryimage\"},\"thumbnailUrl\":\"https:\\\/\\\/diariotextual.com\\\/inicio\\\/wp-content\\\/uploads\\\/2022\\\/12\\\/senasalaboratoriotelam2022-1.jpg\",\"articleSection\":[\"A - DESTACADAS (mod 16)\",\"CAMPO\"],\"inLanguage\":\"es\"},{\"@type\":\"WebPage\",\"@id\":\"https:\\\/\\\/diariotextual.com\\\/inicio\\\/index.php\\\/2022\\\/12\\\/15\\\/el-senasa-declaro-el-estado-de-alerta-preventiva-ante-el-avance-de-la-gripe-aviar\\\/\",\"url\":\"https:\\\/\\\/diariotextual.com\\\/inicio\\\/index.php\\\/2022\\\/12\\\/15\\\/el-senasa-declaro-el-estado-de-alerta-preventiva-ante-el-avance-de-la-gripe-aviar\\\/\",\"name\":\"El Senasa declar\u00f3 el estado de alerta preventiva ante el avance de la gripe aviar - Diario Textual\",\"isPartOf\":{\"@id\":\"https:\\\/\\\/diariotextual.com\\\/inicio\\\/#website\"},\"primaryImageOfPage\":{\"@id\":\"https:\\\/\\\/diariotextual.com\\\/inicio\\\/index.php\\\/2022\\\/12\\\/15\\\/el-senasa-declaro-el-estado-de-alerta-preventiva-ante-el-avance-de-la-gripe-aviar\\\/#primaryimage\"},\"image\":{\"@id\":\"https:\\\/\\\/diariotextual.com\\\/inicio\\\/index.php\\\/2022\\\/12\\\/15\\\/el-senasa-declaro-el-estado-de-alerta-preventiva-ante-el-avance-de-la-gripe-aviar\\\/#primaryimage\"},\"thumbnailUrl\":\"https:\\\/\\\/diariotextual.com\\\/inicio\\\/wp-content\\\/uploads\\\/2022\\\/12\\\/senasalaboratoriotelam2022-1.jpg\",\"datePublished\":\"2022-12-15T10:37:59+00:00\",\"dateModified\":\"2022-12-15T10:38:02+00:00\",\"breadcrumb\":{\"@id\":\"https:\\\/\\\/diariotextual.com\\\/inicio\\\/index.php\\\/2022\\\/12\\\/15\\\/el-senasa-declaro-el-estado-de-alerta-preventiva-ante-el-avance-de-la-gripe-aviar\\\/#breadcrumb\"},\"inLanguage\":\"es\",\"potentialAction\":[{\"@type\":\"ReadAction\",\"target\":[\"https:\\\/\\\/diariotextual.com\\\/inicio\\\/index.php\\\/2022\\\/12\\\/15\\\/el-senasa-declaro-el-estado-de-alerta-preventiva-ante-el-avance-de-la-gripe-aviar\\\/\"]}]},{\"@type\":\"ImageObject\",\"inLanguage\":\"es\",\"@id\":\"https:\\\/\\\/diariotextual.com\\\/inicio\\\/index.php\\\/2022\\\/12\\\/15\\\/el-senasa-declaro-el-estado-de-alerta-preventiva-ante-el-avance-de-la-gripe-aviar\\\/#primaryimage\",\"url\":\"https:\\\/\\\/diariotextual.com\\\/inicio\\\/wp-content\\\/uploads\\\/2022\\\/12\\\/senasalaboratoriotelam2022-1.jpg\",\"contentUrl\":\"https:\\\/\\\/diariotextual.com\\\/inicio\\\/wp-content\\\/uploads\\\/2022\\\/12\\\/senasalaboratoriotelam2022-1.jpg\",\"width\":996,\"height\":560},{\"@type\":\"BreadcrumbList\",\"@id\":\"https:\\\/\\\/diariotextual.com\\\/inicio\\\/index.php\\\/2022\\\/12\\\/15\\\/el-senasa-declaro-el-estado-de-alerta-preventiva-ante-el-avance-de-la-gripe-aviar\\\/#breadcrumb\",\"itemListElement\":[{\"@type\":\"ListItem\",\"position\":1,\"name\":\"Portada\",\"item\":\"https:\\\/\\\/diariotextual.com\\\/inicio\\\/\"},{\"@type\":\"ListItem\",\"position\":2,\"name\":\"El Senasa declar\u00f3 el estado de alerta preventiva ante el avance de la gripe aviar\"}]},{\"@type\":\"WebSite\",\"@id\":\"https:\\\/\\\/diariotextual.com\\\/inicio\\\/#website\",\"url\":\"https:\\\/\\\/diariotextual.com\\\/inicio\\\/\",\"name\":\"Diario Textual\",\"description\":\"\",\"publisher\":{\"@id\":\"https:\\\/\\\/diariotextual.com\\\/inicio\\\/#organization\"},\"potentialAction\":[{\"@type\":\"SearchAction\",\"target\":{\"@type\":\"EntryPoint\",\"urlTemplate\":\"https:\\\/\\\/diariotextual.com\\\/inicio\\\/?s={search_term_string}\"},\"query-input\":{\"@type\":\"PropertyValueSpecification\",\"valueRequired\":true,\"valueName\":\"search_term_string\"}}],\"inLanguage\":\"es\"},{\"@type\":\"Organization\",\"@id\":\"https:\\\/\\\/diariotextual.com\\\/inicio\\\/#organization\",\"name\":\"Diario Textual\",\"url\":\"https:\\\/\\\/diariotextual.com\\\/inicio\\\/\",\"logo\":{\"@type\":\"ImageObject\",\"inLanguage\":\"es\",\"@id\":\"https:\\\/\\\/diariotextual.com\\\/inicio\\\/#\\\/schema\\\/logo\\\/image\\\/\",\"url\":\"https:\\\/\\\/diariotextual.com\\\/inicio\\\/wp-content\\\/uploads\\\/2023\\\/05\\\/logotextual1.jpg\",\"contentUrl\":\"https:\\\/\\\/diariotextual.com\\\/inicio\\\/wp-content\\\/uploads\\\/2023\\\/05\\\/logotextual1.jpg\",\"width\":516,\"height\":76,\"caption\":\"Diario Textual\"},\"image\":{\"@id\":\"https:\\\/\\\/diariotextual.com\\\/inicio\\\/#\\\/schema\\\/logo\\\/image\\\/\"},\"sameAs\":[\"https:\\\/\\\/www.facebook.com\\\/eltextual\",\"https:\\\/\\\/x.com\\\/eltextual\",\"http:\\\/\\\/www.instagram.com\\\/eltextual\"]},{\"@type\":\"Person\",\"@id\":\"https:\\\/\\\/diariotextual.com\\\/inicio\\\/#\\\/schema\\\/person\\\/418fc4093c33e86ed41562db3508f958\",\"name\":\"Diario1 Diario1\",\"image\":{\"@type\":\"ImageObject\",\"inLanguage\":\"es\",\"@id\":\"https:\\\/\\\/secure.gravatar.com\\\/avatar\\\/9167d280179c85bc18be67aa7eda765854300033af4896dd779b608640f2ef7a?s=96&d=mm&r=g\",\"url\":\"https:\\\/\\\/secure.gravatar.com\\\/avatar\\\/9167d280179c85bc18be67aa7eda765854300033af4896dd779b608640f2ef7a?s=96&d=mm&r=g\",\"contentUrl\":\"https:\\\/\\\/secure.gravatar.com\\\/avatar\\\/9167d280179c85bc18be67aa7eda765854300033af4896dd779b608640f2ef7a?s=96&d=mm&r=g\",\"caption\":\"Diario1 Diario1\"},\"url\":\"https:\\\/\\\/diariotextual.com\\\/inicio\\\/index.php\\\/author\\\/diario1\\\/\"}]}<\/script>\n<!-- \/ Yoast SEO plugin. -->","yoast_head_json":{"title":"El Senasa declar\u00f3 el estado de alerta preventiva ante el avance de la gripe aviar - Diario Textual","robots":{"index":"index","follow":"follow","max-snippet":"max-snippet:-1","max-image-preview":"max-image-preview:large","max-video-preview":"max-video-preview:-1"},"canonical":"https:\/\/diariotextual.com\/inicio\/index.php\/2022\/12\/15\/el-senasa-declaro-el-estado-de-alerta-preventiva-ante-el-avance-de-la-gripe-aviar\/","og_locale":"es_ES","og_type":"article","og_title":"El Senasa declar\u00f3 el estado de alerta preventiva ante el avance de la gripe aviar - Diario Textual","og_description":"El Servicio Nacional de Sanidad y Calidad Agroalimentaria (Senasa) declar\u00f3 este mi\u00e9rcoles el estado de alerta preventiva sanitaria en todo el territorio nacional, debido a la presencia de brotes de&hellip;","og_url":"https:\/\/diariotextual.com\/inicio\/index.php\/2022\/12\/15\/el-senasa-declaro-el-estado-de-alerta-preventiva-ante-el-avance-de-la-gripe-aviar\/","og_site_name":"Diario Textual","article_publisher":"https:\/\/www.facebook.com\/eltextual","article_published_time":"2022-12-15T10:37:59+00:00","article_modified_time":"2022-12-15T10:38:02+00:00","og_image":[{"width":996,"height":560,"url":"https:\/\/diariotextual.com\/inicio\/wp-content\/uploads\/2022\/12\/senasalaboratoriotelam2022-1.jpg","type":"image\/jpeg"}],"author":"Diario1 Diario1","twitter_card":"summary_large_image","twitter_creator":"@eltextual","twitter_site":"@eltextual","twitter_misc":{"Escrito por":"Diario1 Diario1","Tiempo de lectura":"3 minutos"},"schema":{"@context":"https:\/\/schema.org","@graph":[{"@type":"Article","@id":"https:\/\/diariotextual.com\/inicio\/index.php\/2022\/12\/15\/el-senasa-declaro-el-estado-de-alerta-preventiva-ante-el-avance-de-la-gripe-aviar\/#article","isPartOf":{"@id":"https:\/\/diariotextual.com\/inicio\/index.php\/2022\/12\/15\/el-senasa-declaro-el-estado-de-alerta-preventiva-ante-el-avance-de-la-gripe-aviar\/"},"author":{"name":"Diario1 Diario1","@id":"https:\/\/diariotextual.com\/inicio\/#\/schema\/person\/418fc4093c33e86ed41562db3508f958"},"headline":"El Senasa declar\u00f3 el estado de alerta preventiva ante el avance de la gripe aviar","datePublished":"2022-12-15T10:37:59+00:00","dateModified":"2022-12-15T10:38:02+00:00","mainEntityOfPage":{"@id":"https:\/\/diariotextual.com\/inicio\/index.php\/2022\/12\/15\/el-senasa-declaro-el-estado-de-alerta-preventiva-ante-el-avance-de-la-gripe-aviar\/"},"wordCount":682,"publisher":{"@id":"https:\/\/diariotextual.com\/inicio\/#organization"},"image":{"@id":"https:\/\/diariotextual.com\/inicio\/index.php\/2022\/12\/15\/el-senasa-declaro-el-estado-de-alerta-preventiva-ante-el-avance-de-la-gripe-aviar\/#primaryimage"},"thumbnailUrl":"https:\/\/diariotextual.com\/inicio\/wp-content\/uploads\/2022\/12\/senasalaboratoriotelam2022-1.jpg","articleSection":["A - DESTACADAS (mod 16)","CAMPO"],"inLanguage":"es"},{"@type":"WebPage","@id":"https:\/\/diariotextual.com\/inicio\/index.php\/2022\/12\/15\/el-senasa-declaro-el-estado-de-alerta-preventiva-ante-el-avance-de-la-gripe-aviar\/","url":"https:\/\/diariotextual.com\/inicio\/index.php\/2022\/12\/15\/el-senasa-declaro-el-estado-de-alerta-preventiva-ante-el-avance-de-la-gripe-aviar\/","name":"El Senasa declar\u00f3 el estado de alerta preventiva ante el avance de la gripe aviar - Diario Textual","isPartOf":{"@id":"https:\/\/diariotextual.com\/inicio\/#website"},"primaryImageOfPage":{"@id":"https:\/\/diariotextual.com\/inicio\/index.php\/2022\/12\/15\/el-senasa-declaro-el-estado-de-alerta-preventiva-ante-el-avance-de-la-gripe-aviar\/#primaryimage"},"image":{"@id":"https:\/\/diariotextual.com\/inicio\/index.php\/2022\/12\/15\/el-senasa-declaro-el-estado-de-alerta-preventiva-ante-el-avance-de-la-gripe-aviar\/#primaryimage"},"thumbnailUrl":"https:\/\/diariotextual.com\/inicio\/wp-content\/uploads\/2022\/12\/senasalaboratoriotelam2022-1.jpg","datePublished":"2022-12-15T10:37:59+00:00","dateModified":"2022-12-15T10:38:02+00:00","breadcrumb":{"@id":"https:\/\/diariotextual.com\/inicio\/index.php\/2022\/12\/15\/el-senasa-declaro-el-estado-de-alerta-preventiva-ante-el-avance-de-la-gripe-aviar\/#breadcrumb"},"inLanguage":"es","potentialAction":[{"@type":"ReadAction","target":["https:\/\/diariotextual.com\/inicio\/index.php\/2022\/12\/15\/el-senasa-declaro-el-estado-de-alerta-preventiva-ante-el-avance-de-la-gripe-aviar\/"]}]},{"@type":"ImageObject","inLanguage":"es","@id":"https:\/\/diariotextual.com\/inicio\/index.php\/2022\/12\/15\/el-senasa-declaro-el-estado-de-alerta-preventiva-ante-el-avance-de-la-gripe-aviar\/#primaryimage","url":"https:\/\/diariotextual.com\/inicio\/wp-content\/uploads\/2022\/12\/senasalaboratoriotelam2022-1.jpg","contentUrl":"https:\/\/diariotextual.com\/inicio\/wp-content\/uploads\/2022\/12\/senasalaboratoriotelam2022-1.jpg","width":996,"height":560},{"@type":"BreadcrumbList","@id":"https:\/\/diariotextual.com\/inicio\/index.php\/2022\/12\/15\/el-senasa-declaro-el-estado-de-alerta-preventiva-ante-el-avance-de-la-gripe-aviar\/#breadcrumb","itemListElement":[{"@type":"ListItem","position":1,"name":"Portada","item":"https:\/\/diariotextual.com\/inicio\/"},{"@type":"ListItem","position":2,"name":"El Senasa declar\u00f3 el estado de alerta preventiva ante el avance de la gripe aviar"}]},{"@type":"WebSite","@id":"https:\/\/diariotextual.com\/inicio\/#website","url":"https:\/\/diariotextual.com\/inicio\/","name":"Diario Textual","description":"","publisher":{"@id":"https:\/\/diariotextual.com\/inicio\/#organization"},"potentialAction":[{"@type":"SearchAction","target":{"@type":"EntryPoint","urlTemplate":"https:\/\/diariotextual.com\/inicio\/?s={search_term_string}"},"query-input":{"@type":"PropertyValueSpecification","valueRequired":true,"valueName":"search_term_string"}}],"inLanguage":"es"},{"@type":"Organization","@id":"https:\/\/diariotextual.com\/inicio\/#organization","name":"Diario Textual","url":"https:\/\/diariotextual.com\/inicio\/","logo":{"@type":"ImageObject","inLanguage":"es","@id":"https:\/\/diariotextual.com\/inicio\/#\/schema\/logo\/image\/","url":"https:\/\/diariotextual.com\/inicio\/wp-content\/uploads\/2023\/05\/logotextual1.jpg","contentUrl":"https:\/\/diariotextual.com\/inicio\/wp-content\/uploads\/2023\/05\/logotextual1.jpg","width":516,"height":76,"caption":"Diario Textual"},"image":{"@id":"https:\/\/diariotextual.com\/inicio\/#\/schema\/logo\/image\/"},"sameAs":["https:\/\/www.facebook.com\/eltextual","https:\/\/x.com\/eltextual","http:\/\/www.instagram.com\/eltextual"]},{"@type":"Person","@id":"https:\/\/diariotextual.com\/inicio\/#\/schema\/person\/418fc4093c33e86ed41562db3508f958","name":"Diario1 Diario1","image":{"@type":"ImageObject","inLanguage":"es","@id":"https:\/\/secure.gravatar.com\/avatar\/9167d280179c85bc18be67aa7eda765854300033af4896dd779b608640f2ef7a?s=96&d=mm&r=g","url":"https:\/\/secure.gravatar.com\/avatar\/9167d280179c85bc18be67aa7eda765854300033af4896dd779b608640f2ef7a?s=96&d=mm&r=g","contentUrl":"https:\/\/secure.gravatar.com\/avatar\/9167d280179c85bc18be67aa7eda765854300033af4896dd779b608640f2ef7a?s=96&d=mm&r=g","caption":"Diario1 Diario1"},"url":"https:\/\/diariotextual.com\/inicio\/index.php\/author\/diario1\/"}]}},"_links":{"self":[{"href":"https:\/\/diariotextual.com\/inicio\/index.php\/wp-json\/wp\/v2\/posts\/210421","targetHints":{"allow":["GET"]}}],"collection":[{"href":"https:\/\/diariotextual.com\/inicio\/index.php\/wp-json\/wp\/v2\/posts"}],"about":[{"href":"https:\/\/diariotextual.com\/inicio\/index.php\/wp-json\/wp\/v2\/types\/post"}],"author":[{"embeddable":true,"href":"https:\/\/diariotextual.com\/inicio\/index.php\/wp-json\/wp\/v2\/users\/3"}],"replies":[{"embeddable":true,"href":"https:\/\/diariotextual.com\/inicio\/index.php\/wp-json\/wp\/v2\/comments?post=210421"}],"version-history":[{"count":1,"href":"https:\/\/diariotextual.com\/inicio\/index.php\/wp-json\/wp\/v2\/posts\/210421\/revisions"}],"predecessor-version":[{"id":210423,"href":"https:\/\/diariotextual.com\/inicio\/index.php\/wp-json\/wp\/v2\/posts\/210421\/revisions\/210423"}],"wp:featuredmedia":[{"embeddable":true,"href":"https:\/\/diariotextual.com\/inicio\/index.php\/wp-json\/wp\/v2\/media\/210422"}],"wp:attachment":[{"href":"https:\/\/diariotextual.com\/inicio\/index.php\/wp-json\/wp\/v2\/media?parent=210421"}],"wp:term":[{"taxonomy":"category","embeddable":true,"href":"https:\/\/diariotextual.com\/inicio\/index.php\/wp-json\/wp\/v2\/categories?post=210421"},{"taxonomy":"post_tag","embeddable":true,"href":"https:\/\/diariotextual.com\/inicio\/index.php\/wp-json\/wp\/v2\/tags?post=210421"}],"curies":[{"name":"wp","href":"https:\/\/api.w.org\/{rel}","templated":true}]}}