{"id":210524,"date":"2022-12-15T19:24:48","date_gmt":"2022-12-15T22:24:48","guid":{"rendered":"https:\/\/diariotextual.com\/inicio\/?p=210524"},"modified":"2022-12-16T08:23:08","modified_gmt":"2022-12-16T11:23:08","slug":"la-antropologa-y-escritora-feminista-rita-segato-presenta-su-obra-en-uriburu","status":"publish","type":"post","link":"https:\/\/diariotextual.com\/inicio\/index.php\/2022\/12\/15\/la-antropologa-y-escritora-feminista-rita-segato-presenta-su-obra-en-uriburu\/","title":{"rendered":"La antrop\u00f3loga y escritora feminista Rita Segato presenta su obra en Uriburu"},"content":{"rendered":"\n<p>Desde las <strong>19.30 horas, en Ojo de Agua (Uriburu), se presentar\u00e1 este lunes<\/strong> <strong>19<\/strong> la escritora y antrop\u00f3loga Rita Segato. As\u00ed lo confirm\u00f3 el intendente de esa localidad Pascual Fern\u00e1ndez a Diario Textual.<\/p>\n\n\n\n<p>La actividad formar\u00e1 parte de la <strong>celebraci\u00f3n de los 128 a\u00f1os de Uriburu<\/strong> y es acompa\u00f1ada por la Secretar\u00eda de Cultura y la Secretar\u00eda de la Mujer, Diversidad y G\u00e9neros. El jefe comunal record\u00f3 que la familia de Segato vivi\u00f3 en la localidad, sobre la calle Bartolom\u00e9 Mitre y asegur\u00f3 que desde el Ejecutivo municipal se propondr\u00e1 que esa calle lleve el nombre de militante feminista.<\/p>\n\n\n\n<p>Pascual Fern\u00e1ndez dijo que el abuelo de Rita Segato, Salvatore Cardone, fue el primer panadero del pueblo. Su local fue inaugurado en 1904 y se llam\u00f3 La flor de La Pampa, denominaci\u00f3n elegida porque eran anarquistas.<\/p>\n\n\n\n<p>En 2017, Rita Segato lleg\u00f3 a La Pampa invitada especialmente para brindar una conferencia en la C\u00e1mara de Diputados bajo el lema \u201cPensar la violencia en el contexto contempor\u00e1neo\u201d. En esa oportunidad aprovech\u00f3 para visitar Uriburu donde fue declarada \u201cCiudadana Ilustre\u201d.<\/p>\n\n\n\n<p>Algunas de sus obras son: \u201cLa Naci\u00f3n y sus otros\u201d; \u201cLa guerra contra las mujeres\u201d; \u201cLas estructuras elementales de la violencia\u201d; \u201cContrapedagog\u00edas de la crueldad\u201d; \u201cLa cr\u00edtica de la colonialidad en ocho ensayos\u201d; entre otros t\u00edtulos.<\/p>\n","protected":false},"excerpt":{"rendered":"<p>Desde las 19.30 horas, en Ojo de Agua (Uriburu), se presentar\u00e1 este lunes 19 la escritora y antrop\u00f3loga Rita Segato. As\u00ed lo confirm\u00f3 el intendente de esa localidad Pascual Fern\u00e1ndez&hellip;<\/p>\n","protected":false},"author":5,"featured_media":210525,"comment_status":"closed","ping_status":"open","sticky":false,"template":"","format":"standard","meta":{"_acf_changed":false,"footnotes":""},"categories":[1,2],"tags":[7384,2483],"class_list":["post-210524","post","type-post","status-publish","format-standard","has-post-thumbnail","hentry","category-es-noticia","category-cultura","tag-segato","tag-uriburu"],"acf":[],"yoast_head":"<!-- This site is optimized with the Yoast SEO plugin v27.5 - https:\/\/yoast.com\/product\/yoast-seo-wordpress\/ -->\n<title>La antrop\u00f3loga y escritora feminista Rita Segato presenta su obra en Uriburu - Diario Textual<\/title>\n<meta name=\"robots\" content=\"index, follow, max-snippet:-1, max-image-preview:large, max-video-preview:-1\" \/>\n<link rel=\"canonical\" href=\"https:\/\/diariotextual.com\/inicio\/index.php\/2022\/12\/15\/la-antropologa-y-escritora-feminista-rita-segato-presenta-su-obra-en-uriburu\/\" \/>\n<meta property=\"og:locale\" content=\"es_ES\" \/>\n<meta property=\"og:type\" content=\"article\" \/>\n<meta property=\"og:title\" content=\"La antrop\u00f3loga y escritora feminista Rita Segato presenta su obra en Uriburu - Diario Textual\" \/>\n<meta property=\"og:description\" content=\"Desde las 19.30 horas, en Ojo de Agua (Uriburu), se presentar\u00e1 este lunes 19 la escritora y antrop\u00f3loga Rita Segato. As\u00ed lo confirm\u00f3 el intendente de esa localidad Pascual Fern\u00e1ndez&hellip;\" \/>\n<meta property=\"og:url\" content=\"https:\/\/diariotextual.com\/inicio\/index.php\/2022\/12\/15\/la-antropologa-y-escritora-feminista-rita-segato-presenta-su-obra-en-uriburu\/\" \/>\n<meta property=\"og:site_name\" content=\"Diario Textual\" \/>\n<meta property=\"article:publisher\" content=\"https:\/\/www.facebook.com\/eltextual\" \/>\n<meta property=\"article:published_time\" content=\"2022-12-15T22:24:48+00:00\" \/>\n<meta property=\"article:modified_time\" content=\"2022-12-16T11:23:08+00:00\" \/>\n<meta property=\"og:image\" content=\"https:\/\/diariotextual.com\/inicio\/wp-content\/uploads\/2022\/12\/segatorita.jpg\" \/>\n\t<meta property=\"og:image:width\" content=\"900\" \/>\n\t<meta property=\"og:image:height\" content=\"503\" \/>\n\t<meta property=\"og:image:type\" content=\"image\/jpeg\" \/>\n<meta name=\"author\" content=\"diario3\" \/>\n<meta name=\"twitter:card\" content=\"summary_large_image\" \/>\n<meta name=\"twitter:creator\" content=\"@eltextual\" \/>\n<meta name=\"twitter:site\" content=\"@eltextual\" \/>\n<meta name=\"twitter:label1\" content=\"Escrito por\" \/>\n\t<meta name=\"twitter:data1\" content=\"diario3\" \/>\n\t<meta name=\"twitter:label2\" content=\"Tiempo de lectura\" \/>\n\t<meta name=\"twitter:data2\" content=\"1 minuto\" \/>\n<script type=\"application\/ld+json\" class=\"yoast-schema-graph\">{\"@context\":\"https:\\\/\\\/schema.org\",\"@graph\":[{\"@type\":\"Article\",\"@id\":\"https:\\\/\\\/diariotextual.com\\\/inicio\\\/index.php\\\/2022\\\/12\\\/15\\\/la-antropologa-y-escritora-feminista-rita-segato-presenta-su-obra-en-uriburu\\\/#article\",\"isPartOf\":{\"@id\":\"https:\\\/\\\/diariotextual.com\\\/inicio\\\/index.php\\\/2022\\\/12\\\/15\\\/la-antropologa-y-escritora-feminista-rita-segato-presenta-su-obra-en-uriburu\\\/\"},\"author\":{\"name\":\"diario3\",\"@id\":\"https:\\\/\\\/diariotextual.com\\\/inicio\\\/#\\\/schema\\\/person\\\/a1b6f563e0ee944c60f98119389a4d9f\"},\"headline\":\"La antrop\u00f3loga y escritora feminista Rita Segato presenta su obra en Uriburu\",\"datePublished\":\"2022-12-15T22:24:48+00:00\",\"dateModified\":\"2022-12-16T11:23:08+00:00\",\"mainEntityOfPage\":{\"@id\":\"https:\\\/\\\/diariotextual.com\\\/inicio\\\/index.php\\\/2022\\\/12\\\/15\\\/la-antropologa-y-escritora-feminista-rita-segato-presenta-su-obra-en-uriburu\\\/\"},\"wordCount\":236,\"publisher\":{\"@id\":\"https:\\\/\\\/diariotextual.com\\\/inicio\\\/#organization\"},\"image\":{\"@id\":\"https:\\\/\\\/diariotextual.com\\\/inicio\\\/index.php\\\/2022\\\/12\\\/15\\\/la-antropologa-y-escritora-feminista-rita-segato-presenta-su-obra-en-uriburu\\\/#primaryimage\"},\"thumbnailUrl\":\"https:\\\/\\\/diariotextual.com\\\/inicio\\\/wp-content\\\/uploads\\\/2022\\\/12\\\/segatorita.jpg\",\"keywords\":[\"segato\",\"uriburu\"],\"articleSection\":[\"A - ES NOTICIA (van abajo)\",\"CULTURA\"],\"inLanguage\":\"es\"},{\"@type\":\"WebPage\",\"@id\":\"https:\\\/\\\/diariotextual.com\\\/inicio\\\/index.php\\\/2022\\\/12\\\/15\\\/la-antropologa-y-escritora-feminista-rita-segato-presenta-su-obra-en-uriburu\\\/\",\"url\":\"https:\\\/\\\/diariotextual.com\\\/inicio\\\/index.php\\\/2022\\\/12\\\/15\\\/la-antropologa-y-escritora-feminista-rita-segato-presenta-su-obra-en-uriburu\\\/\",\"name\":\"La antrop\u00f3loga y escritora feminista Rita Segato presenta su obra en Uriburu - Diario Textual\",\"isPartOf\":{\"@id\":\"https:\\\/\\\/diariotextual.com\\\/inicio\\\/#website\"},\"primaryImageOfPage\":{\"@id\":\"https:\\\/\\\/diariotextual.com\\\/inicio\\\/index.php\\\/2022\\\/12\\\/15\\\/la-antropologa-y-escritora-feminista-rita-segato-presenta-su-obra-en-uriburu\\\/#primaryimage\"},\"image\":{\"@id\":\"https:\\\/\\\/diariotextual.com\\\/inicio\\\/index.php\\\/2022\\\/12\\\/15\\\/la-antropologa-y-escritora-feminista-rita-segato-presenta-su-obra-en-uriburu\\\/#primaryimage\"},\"thumbnailUrl\":\"https:\\\/\\\/diariotextual.com\\\/inicio\\\/wp-content\\\/uploads\\\/2022\\\/12\\\/segatorita.jpg\",\"datePublished\":\"2022-12-15T22:24:48+00:00\",\"dateModified\":\"2022-12-16T11:23:08+00:00\",\"breadcrumb\":{\"@id\":\"https:\\\/\\\/diariotextual.com\\\/inicio\\\/index.php\\\/2022\\\/12\\\/15\\\/la-antropologa-y-escritora-feminista-rita-segato-presenta-su-obra-en-uriburu\\\/#breadcrumb\"},\"inLanguage\":\"es\",\"potentialAction\":[{\"@type\":\"ReadAction\",\"target\":[\"https:\\\/\\\/diariotextual.com\\\/inicio\\\/index.php\\\/2022\\\/12\\\/15\\\/la-antropologa-y-escritora-feminista-rita-segato-presenta-su-obra-en-uriburu\\\/\"]}]},{\"@type\":\"ImageObject\",\"inLanguage\":\"es\",\"@id\":\"https:\\\/\\\/diariotextual.com\\\/inicio\\\/index.php\\\/2022\\\/12\\\/15\\\/la-antropologa-y-escritora-feminista-rita-segato-presenta-su-obra-en-uriburu\\\/#primaryimage\",\"url\":\"https:\\\/\\\/diariotextual.com\\\/inicio\\\/wp-content\\\/uploads\\\/2022\\\/12\\\/segatorita.jpg\",\"contentUrl\":\"https:\\\/\\\/diariotextual.com\\\/inicio\\\/wp-content\\\/uploads\\\/2022\\\/12\\\/segatorita.jpg\",\"width\":900,\"height\":503},{\"@type\":\"BreadcrumbList\",\"@id\":\"https:\\\/\\\/diariotextual.com\\\/inicio\\\/index.php\\\/2022\\\/12\\\/15\\\/la-antropologa-y-escritora-feminista-rita-segato-presenta-su-obra-en-uriburu\\\/#breadcrumb\",\"itemListElement\":[{\"@type\":\"ListItem\",\"position\":1,\"name\":\"Portada\",\"item\":\"https:\\\/\\\/diariotextual.com\\\/inicio\\\/\"},{\"@type\":\"ListItem\",\"position\":2,\"name\":\"La antrop\u00f3loga y escritora feminista Rita Segato presenta su obra en Uriburu\"}]},{\"@type\":\"WebSite\",\"@id\":\"https:\\\/\\\/diariotextual.com\\\/inicio\\\/#website\",\"url\":\"https:\\\/\\\/diariotextual.com\\\/inicio\\\/\",\"name\":\"Diario Textual\",\"description\":\"\",\"publisher\":{\"@id\":\"https:\\\/\\\/diariotextual.com\\\/inicio\\\/#organization\"},\"potentialAction\":[{\"@type\":\"SearchAction\",\"target\":{\"@type\":\"EntryPoint\",\"urlTemplate\":\"https:\\\/\\\/diariotextual.com\\\/inicio\\\/?s={search_term_string}\"},\"query-input\":{\"@type\":\"PropertyValueSpecification\",\"valueRequired\":true,\"valueName\":\"search_term_string\"}}],\"inLanguage\":\"es\"},{\"@type\":\"Organization\",\"@id\":\"https:\\\/\\\/diariotextual.com\\\/inicio\\\/#organization\",\"name\":\"Diario Textual\",\"url\":\"https:\\\/\\\/diariotextual.com\\\/inicio\\\/\",\"logo\":{\"@type\":\"ImageObject\",\"inLanguage\":\"es\",\"@id\":\"https:\\\/\\\/diariotextual.com\\\/inicio\\\/#\\\/schema\\\/logo\\\/image\\\/\",\"url\":\"https:\\\/\\\/diariotextual.com\\\/inicio\\\/wp-content\\\/uploads\\\/2023\\\/05\\\/logotextual1.jpg\",\"contentUrl\":\"https:\\\/\\\/diariotextual.com\\\/inicio\\\/wp-content\\\/uploads\\\/2023\\\/05\\\/logotextual1.jpg\",\"width\":516,\"height\":76,\"caption\":\"Diario Textual\"},\"image\":{\"@id\":\"https:\\\/\\\/diariotextual.com\\\/inicio\\\/#\\\/schema\\\/logo\\\/image\\\/\"},\"sameAs\":[\"https:\\\/\\\/www.facebook.com\\\/eltextual\",\"https:\\\/\\\/x.com\\\/eltextual\",\"http:\\\/\\\/www.instagram.com\\\/eltextual\"]},{\"@type\":\"Person\",\"@id\":\"https:\\\/\\\/diariotextual.com\\\/inicio\\\/#\\\/schema\\\/person\\\/a1b6f563e0ee944c60f98119389a4d9f\",\"name\":\"diario3\",\"image\":{\"@type\":\"ImageObject\",\"inLanguage\":\"es\",\"@id\":\"https:\\\/\\\/secure.gravatar.com\\\/avatar\\\/5e7ee62c82fc04d9dd79d746a390d93c69c43223e5faeeb3ea9461ef752bfc5d?s=96&d=mm&r=g\",\"url\":\"https:\\\/\\\/secure.gravatar.com\\\/avatar\\\/5e7ee62c82fc04d9dd79d746a390d93c69c43223e5faeeb3ea9461ef752bfc5d?s=96&d=mm&r=g\",\"contentUrl\":\"https:\\\/\\\/secure.gravatar.com\\\/avatar\\\/5e7ee62c82fc04d9dd79d746a390d93c69c43223e5faeeb3ea9461ef752bfc5d?s=96&d=mm&r=g\",\"caption\":\"diario3\"},\"url\":\"https:\\\/\\\/diariotextual.com\\\/inicio\\\/index.php\\\/author\\\/diario3\\\/\"}]}<\/script>\n<!-- \/ Yoast SEO plugin. -->","yoast_head_json":{"title":"La antrop\u00f3loga y escritora feminista Rita Segato presenta su obra en Uriburu - Diario Textual","robots":{"index":"index","follow":"follow","max-snippet":"max-snippet:-1","max-image-preview":"max-image-preview:large","max-video-preview":"max-video-preview:-1"},"canonical":"https:\/\/diariotextual.com\/inicio\/index.php\/2022\/12\/15\/la-antropologa-y-escritora-feminista-rita-segato-presenta-su-obra-en-uriburu\/","og_locale":"es_ES","og_type":"article","og_title":"La antrop\u00f3loga y escritora feminista Rita Segato presenta su obra en Uriburu - Diario Textual","og_description":"Desde las 19.30 horas, en Ojo de Agua (Uriburu), se presentar\u00e1 este lunes 19 la escritora y antrop\u00f3loga Rita Segato. As\u00ed lo confirm\u00f3 el intendente de esa localidad Pascual Fern\u00e1ndez&hellip;","og_url":"https:\/\/diariotextual.com\/inicio\/index.php\/2022\/12\/15\/la-antropologa-y-escritora-feminista-rita-segato-presenta-su-obra-en-uriburu\/","og_site_name":"Diario Textual","article_publisher":"https:\/\/www.facebook.com\/eltextual","article_published_time":"2022-12-15T22:24:48+00:00","article_modified_time":"2022-12-16T11:23:08+00:00","og_image":[{"width":900,"height":503,"url":"https:\/\/diariotextual.com\/inicio\/wp-content\/uploads\/2022\/12\/segatorita.jpg","type":"image\/jpeg"}],"author":"diario3","twitter_card":"summary_large_image","twitter_creator":"@eltextual","twitter_site":"@eltextual","twitter_misc":{"Escrito por":"diario3","Tiempo de lectura":"1 minuto"},"schema":{"@context":"https:\/\/schema.org","@graph":[{"@type":"Article","@id":"https:\/\/diariotextual.com\/inicio\/index.php\/2022\/12\/15\/la-antropologa-y-escritora-feminista-rita-segato-presenta-su-obra-en-uriburu\/#article","isPartOf":{"@id":"https:\/\/diariotextual.com\/inicio\/index.php\/2022\/12\/15\/la-antropologa-y-escritora-feminista-rita-segato-presenta-su-obra-en-uriburu\/"},"author":{"name":"diario3","@id":"https:\/\/diariotextual.com\/inicio\/#\/schema\/person\/a1b6f563e0ee944c60f98119389a4d9f"},"headline":"La antrop\u00f3loga y escritora feminista Rita Segato presenta su obra en Uriburu","datePublished":"2022-12-15T22:24:48+00:00","dateModified":"2022-12-16T11:23:08+00:00","mainEntityOfPage":{"@id":"https:\/\/diariotextual.com\/inicio\/index.php\/2022\/12\/15\/la-antropologa-y-escritora-feminista-rita-segato-presenta-su-obra-en-uriburu\/"},"wordCount":236,"publisher":{"@id":"https:\/\/diariotextual.com\/inicio\/#organization"},"image":{"@id":"https:\/\/diariotextual.com\/inicio\/index.php\/2022\/12\/15\/la-antropologa-y-escritora-feminista-rita-segato-presenta-su-obra-en-uriburu\/#primaryimage"},"thumbnailUrl":"https:\/\/diariotextual.com\/inicio\/wp-content\/uploads\/2022\/12\/segatorita.jpg","keywords":["segato","uriburu"],"articleSection":["A - ES NOTICIA (van abajo)","CULTURA"],"inLanguage":"es"},{"@type":"WebPage","@id":"https:\/\/diariotextual.com\/inicio\/index.php\/2022\/12\/15\/la-antropologa-y-escritora-feminista-rita-segato-presenta-su-obra-en-uriburu\/","url":"https:\/\/diariotextual.com\/inicio\/index.php\/2022\/12\/15\/la-antropologa-y-escritora-feminista-rita-segato-presenta-su-obra-en-uriburu\/","name":"La antrop\u00f3loga y escritora feminista Rita Segato presenta su obra en Uriburu - Diario Textual","isPartOf":{"@id":"https:\/\/diariotextual.com\/inicio\/#website"},"primaryImageOfPage":{"@id":"https:\/\/diariotextual.com\/inicio\/index.php\/2022\/12\/15\/la-antropologa-y-escritora-feminista-rita-segato-presenta-su-obra-en-uriburu\/#primaryimage"},"image":{"@id":"https:\/\/diariotextual.com\/inicio\/index.php\/2022\/12\/15\/la-antropologa-y-escritora-feminista-rita-segato-presenta-su-obra-en-uriburu\/#primaryimage"},"thumbnailUrl":"https:\/\/diariotextual.com\/inicio\/wp-content\/uploads\/2022\/12\/segatorita.jpg","datePublished":"2022-12-15T22:24:48+00:00","dateModified":"2022-12-16T11:23:08+00:00","breadcrumb":{"@id":"https:\/\/diariotextual.com\/inicio\/index.php\/2022\/12\/15\/la-antropologa-y-escritora-feminista-rita-segato-presenta-su-obra-en-uriburu\/#breadcrumb"},"inLanguage":"es","potentialAction":[{"@type":"ReadAction","target":["https:\/\/diariotextual.com\/inicio\/index.php\/2022\/12\/15\/la-antropologa-y-escritora-feminista-rita-segato-presenta-su-obra-en-uriburu\/"]}]},{"@type":"ImageObject","inLanguage":"es","@id":"https:\/\/diariotextual.com\/inicio\/index.php\/2022\/12\/15\/la-antropologa-y-escritora-feminista-rita-segato-presenta-su-obra-en-uriburu\/#primaryimage","url":"https:\/\/diariotextual.com\/inicio\/wp-content\/uploads\/2022\/12\/segatorita.jpg","contentUrl":"https:\/\/diariotextual.com\/inicio\/wp-content\/uploads\/2022\/12\/segatorita.jpg","width":900,"height":503},{"@type":"BreadcrumbList","@id":"https:\/\/diariotextual.com\/inicio\/index.php\/2022\/12\/15\/la-antropologa-y-escritora-feminista-rita-segato-presenta-su-obra-en-uriburu\/#breadcrumb","itemListElement":[{"@type":"ListItem","position":1,"name":"Portada","item":"https:\/\/diariotextual.com\/inicio\/"},{"@type":"ListItem","position":2,"name":"La antrop\u00f3loga y escritora feminista Rita Segato presenta su obra en Uriburu"}]},{"@type":"WebSite","@id":"https:\/\/diariotextual.com\/inicio\/#website","url":"https:\/\/diariotextual.com\/inicio\/","name":"Diario Textual","description":"","publisher":{"@id":"https:\/\/diariotextual.com\/inicio\/#organization"},"potentialAction":[{"@type":"SearchAction","target":{"@type":"EntryPoint","urlTemplate":"https:\/\/diariotextual.com\/inicio\/?s={search_term_string}"},"query-input":{"@type":"PropertyValueSpecification","valueRequired":true,"valueName":"search_term_string"}}],"inLanguage":"es"},{"@type":"Organization","@id":"https:\/\/diariotextual.com\/inicio\/#organization","name":"Diario Textual","url":"https:\/\/diariotextual.com\/inicio\/","logo":{"@type":"ImageObject","inLanguage":"es","@id":"https:\/\/diariotextual.com\/inicio\/#\/schema\/logo\/image\/","url":"https:\/\/diariotextual.com\/inicio\/wp-content\/uploads\/2023\/05\/logotextual1.jpg","contentUrl":"https:\/\/diariotextual.com\/inicio\/wp-content\/uploads\/2023\/05\/logotextual1.jpg","width":516,"height":76,"caption":"Diario Textual"},"image":{"@id":"https:\/\/diariotextual.com\/inicio\/#\/schema\/logo\/image\/"},"sameAs":["https:\/\/www.facebook.com\/eltextual","https:\/\/x.com\/eltextual","http:\/\/www.instagram.com\/eltextual"]},{"@type":"Person","@id":"https:\/\/diariotextual.com\/inicio\/#\/schema\/person\/a1b6f563e0ee944c60f98119389a4d9f","name":"diario3","image":{"@type":"ImageObject","inLanguage":"es","@id":"https:\/\/secure.gravatar.com\/avatar\/5e7ee62c82fc04d9dd79d746a390d93c69c43223e5faeeb3ea9461ef752bfc5d?s=96&d=mm&r=g","url":"https:\/\/secure.gravatar.com\/avatar\/5e7ee62c82fc04d9dd79d746a390d93c69c43223e5faeeb3ea9461ef752bfc5d?s=96&d=mm&r=g","contentUrl":"https:\/\/secure.gravatar.com\/avatar\/5e7ee62c82fc04d9dd79d746a390d93c69c43223e5faeeb3ea9461ef752bfc5d?s=96&d=mm&r=g","caption":"diario3"},"url":"https:\/\/diariotextual.com\/inicio\/index.php\/author\/diario3\/"}]}},"_links":{"self":[{"href":"https:\/\/diariotextual.com\/inicio\/index.php\/wp-json\/wp\/v2\/posts\/210524","targetHints":{"allow":["GET"]}}],"collection":[{"href":"https:\/\/diariotextual.com\/inicio\/index.php\/wp-json\/wp\/v2\/posts"}],"about":[{"href":"https:\/\/diariotextual.com\/inicio\/index.php\/wp-json\/wp\/v2\/types\/post"}],"author":[{"embeddable":true,"href":"https:\/\/diariotextual.com\/inicio\/index.php\/wp-json\/wp\/v2\/users\/5"}],"replies":[{"embeddable":true,"href":"https:\/\/diariotextual.com\/inicio\/index.php\/wp-json\/wp\/v2\/comments?post=210524"}],"version-history":[{"count":1,"href":"https:\/\/diariotextual.com\/inicio\/index.php\/wp-json\/wp\/v2\/posts\/210524\/revisions"}],"predecessor-version":[{"id":210526,"href":"https:\/\/diariotextual.com\/inicio\/index.php\/wp-json\/wp\/v2\/posts\/210524\/revisions\/210526"}],"wp:featuredmedia":[{"embeddable":true,"href":"https:\/\/diariotextual.com\/inicio\/index.php\/wp-json\/wp\/v2\/media\/210525"}],"wp:attachment":[{"href":"https:\/\/diariotextual.com\/inicio\/index.php\/wp-json\/wp\/v2\/media?parent=210524"}],"wp:term":[{"taxonomy":"category","embeddable":true,"href":"https:\/\/diariotextual.com\/inicio\/index.php\/wp-json\/wp\/v2\/categories?post=210524"},{"taxonomy":"post_tag","embeddable":true,"href":"https:\/\/diariotextual.com\/inicio\/index.php\/wp-json\/wp\/v2\/tags?post=210524"}],"curies":[{"name":"wp","href":"https:\/\/api.w.org\/{rel}","templated":true}]}}