{"id":211106,"date":"2022-12-21T19:09:19","date_gmt":"2022-12-21T22:09:19","guid":{"rendered":"https:\/\/diariotextual.com\/inicio\/?p=211106"},"modified":"2022-12-24T10:11:16","modified_gmt":"2022-12-24T13:11:16","slug":"acha-reclaman-celeridad-a-la-justicia-por-una-demanda-de-filiacion","status":"publish","type":"post","link":"https:\/\/diariotextual.com\/inicio\/index.php\/2022\/12\/21\/acha-reclaman-celeridad-a-la-justicia-por-una-demanda-de-filiacion\/","title":{"rendered":"Acha: reclaman celeridad a la Justicia por una demanda de filiaci\u00f3n"},"content":{"rendered":"\n<p><strong>Nilda Lucero (52), abuela de un ni\u00f1o de ocho a\u00f1os, denunci\u00f3 que la Justicia de General Acha \u201cdilata\u201d<\/strong> una resoluci\u00f3n indispensable para obligar a someterse a un<strong> estudio de ADN al supuesto padre biol\u00f3gico de la criatura.<\/strong><\/p>\n\n\n\n<p>La mujer dijo que despu\u00e9s de largos meses de lucha, la demanda judicial no prospera. Mientras tanto, el peque\u00f1o contin\u00faa sin establecer qui\u00e9n es su pap\u00e1. <strong>La madre no tiene dudas: el progenitor ser\u00eda un gendarme nacional, que incluso ya no cumplir\u00eda funciones en el destacamento achense.<\/strong><\/p>\n\n\n\n<p>Los constantes ruegos del peque\u00f1o para conocer de \u201cd\u00f3nde viene\u201d terminaron haciendo eco en su mam\u00e1, <strong>Yamila (30), quien en febrero comenz\u00f3 un peregrinaje judicial para tratar de satisfacer la demanda. <\/strong>Lo cierto es que acudi\u00f3 a la Defensor\u00eda Civil de la Tercera Jurisdicci\u00f3n, a cuyo cargo se encuentra Kevin Christensen. \u201cDesde un principio le dio vueltas\u201d, comenz\u00f3 la abuela, sobre la atenci\u00f3n judicial que recibi\u00f3 su hija.<\/p>\n\n\n\n<p>Fueron pasando los d\u00edas y, como el tr\u00e1mite \u2013expediente 29028- no avanzaba, la familia contact\u00f3 un abogado particular con el objeto de agilizar la causa. As\u00ed fue que dieron con Carlos \u00c1lvarez, aunque la situaci\u00f3n tampoco se modific\u00f3. E incluso enterado el propio Christensen, siempre de acuerdo a Lucero, les recomend\u00f3 que \u201cno se metieran en gastos\u201d en vano, que era lo mismo, y que la causa la \u201ciba a trabajar \u00e9l\u201d.<\/p>\n\n\n\n<p>Las visitas a la Justicia se fueron sucediendo como la falta de respuestas. \u201cLo \u00fanico que queremos es saber la verdad, no nos mueve ning\u00fan otro inter\u00e9s, para que mi nieto se quede tranquilo\u201d, resumi\u00f3. \u201cPresentamos todos los requerimientos y exigimos celeridad judicial, nada m\u00e1s\u201d.<\/p>\n\n\n\n<p>A todo esto, la abuela revel\u00f3 que el posible padre se someti\u00f3 oportunamente a un estudio de ADN a trav\u00e9s de su saliva que \u201cdio mal\u201d porque \u201cno estuvo bien realizado\u201d. \u201cQueremos un simple estudio de sangre para que se quede tranquilo mi nietito, que quiere saber de d\u00f3nde vino\u201d, concluy\u00f3. En tanto, el reclamo de la familia materna hizo que Yamila -madre de otra ni\u00f1a- recibiera una serie de llamadas telef\u00f3nicas, todas ellas con voz femenina, en tono desafiante. \u201c\u00bfQu\u00e9 quer\u00e9s? \u00bfQuer\u00e9s plata?\u201d, son algunas de las frases que se pueden escuchar.<\/p>\n\n\n\n<p><\/p>\n","protected":false},"excerpt":{"rendered":"<p>Nilda Lucero (52), abuela de un ni\u00f1o de ocho a\u00f1os, denunci\u00f3 que la Justicia de General Acha \u201cdilata\u201d una resoluci\u00f3n indispensable para obligar a someterse a un estudio de ADN&hellip;<\/p>\n","protected":false},"author":5,"featured_media":211107,"comment_status":"closed","ping_status":"open","sticky":false,"template":"","format":"standard","meta":{"_acf_changed":false,"footnotes":""},"categories":[12],"tags":[7396,882],"class_list":["post-211106","post","type-post","status-publish","format-standard","has-post-thumbnail","hentry","category-sociedad","tag-filiacion","tag-general-acha"],"acf":[],"yoast_head":"<!-- This site is optimized with the Yoast SEO plugin v27.5 - https:\/\/yoast.com\/product\/yoast-seo-wordpress\/ -->\n<title>Acha: reclaman celeridad a la Justicia por una demanda de filiaci\u00f3n - Diario Textual<\/title>\n<meta name=\"robots\" content=\"index, follow, max-snippet:-1, max-image-preview:large, max-video-preview:-1\" \/>\n<link rel=\"canonical\" href=\"https:\/\/diariotextual.com\/inicio\/index.php\/2022\/12\/21\/acha-reclaman-celeridad-a-la-justicia-por-una-demanda-de-filiacion\/\" \/>\n<meta property=\"og:locale\" content=\"es_ES\" \/>\n<meta property=\"og:type\" content=\"article\" \/>\n<meta property=\"og:title\" content=\"Acha: reclaman celeridad a la Justicia por una demanda de filiaci\u00f3n - Diario Textual\" \/>\n<meta property=\"og:description\" content=\"Nilda Lucero (52), abuela de un ni\u00f1o de ocho a\u00f1os, denunci\u00f3 que la Justicia de General Acha \u201cdilata\u201d una resoluci\u00f3n indispensable para obligar a someterse a un estudio de ADN&hellip;\" \/>\n<meta property=\"og:url\" content=\"https:\/\/diariotextual.com\/inicio\/index.php\/2022\/12\/21\/acha-reclaman-celeridad-a-la-justicia-por-una-demanda-de-filiacion\/\" \/>\n<meta property=\"og:site_name\" content=\"Diario Textual\" \/>\n<meta property=\"article:publisher\" content=\"https:\/\/www.facebook.com\/eltextual\" \/>\n<meta property=\"article:published_time\" content=\"2022-12-21T22:09:19+00:00\" \/>\n<meta property=\"article:modified_time\" content=\"2022-12-24T13:11:16+00:00\" \/>\n<meta property=\"og:image\" content=\"https:\/\/diariotextual.com\/inicio\/wp-content\/uploads\/2022\/12\/generalachaentrada.jpg\" \/>\n\t<meta property=\"og:image:width\" content=\"900\" \/>\n\t<meta property=\"og:image:height\" content=\"522\" \/>\n\t<meta property=\"og:image:type\" content=\"image\/jpeg\" \/>\n<meta name=\"author\" content=\"diario3\" \/>\n<meta name=\"twitter:card\" content=\"summary_large_image\" \/>\n<meta name=\"twitter:creator\" content=\"@eltextual\" \/>\n<meta name=\"twitter:site\" content=\"@eltextual\" \/>\n<meta name=\"twitter:label1\" content=\"Escrito por\" \/>\n\t<meta name=\"twitter:data1\" content=\"diario3\" \/>\n\t<meta name=\"twitter:label2\" content=\"Tiempo de lectura\" \/>\n\t<meta name=\"twitter:data2\" content=\"2 minutos\" \/>\n<script type=\"application\/ld+json\" class=\"yoast-schema-graph\">{\"@context\":\"https:\\\/\\\/schema.org\",\"@graph\":[{\"@type\":\"Article\",\"@id\":\"https:\\\/\\\/diariotextual.com\\\/inicio\\\/index.php\\\/2022\\\/12\\\/21\\\/acha-reclaman-celeridad-a-la-justicia-por-una-demanda-de-filiacion\\\/#article\",\"isPartOf\":{\"@id\":\"https:\\\/\\\/diariotextual.com\\\/inicio\\\/index.php\\\/2022\\\/12\\\/21\\\/acha-reclaman-celeridad-a-la-justicia-por-una-demanda-de-filiacion\\\/\"},\"author\":{\"name\":\"diario3\",\"@id\":\"https:\\\/\\\/diariotextual.com\\\/inicio\\\/#\\\/schema\\\/person\\\/a1b6f563e0ee944c60f98119389a4d9f\"},\"headline\":\"Acha: reclaman celeridad a la Justicia por una demanda de filiaci\u00f3n\",\"datePublished\":\"2022-12-21T22:09:19+00:00\",\"dateModified\":\"2022-12-24T13:11:16+00:00\",\"mainEntityOfPage\":{\"@id\":\"https:\\\/\\\/diariotextual.com\\\/inicio\\\/index.php\\\/2022\\\/12\\\/21\\\/acha-reclaman-celeridad-a-la-justicia-por-una-demanda-de-filiacion\\\/\"},\"wordCount\":399,\"publisher\":{\"@id\":\"https:\\\/\\\/diariotextual.com\\\/inicio\\\/#organization\"},\"image\":{\"@id\":\"https:\\\/\\\/diariotextual.com\\\/inicio\\\/index.php\\\/2022\\\/12\\\/21\\\/acha-reclaman-celeridad-a-la-justicia-por-una-demanda-de-filiacion\\\/#primaryimage\"},\"thumbnailUrl\":\"https:\\\/\\\/diariotextual.com\\\/inicio\\\/wp-content\\\/uploads\\\/2022\\\/12\\\/generalachaentrada.jpg\",\"keywords\":[\"filiaci\u00f3n\",\"General Acha\"],\"articleSection\":[\"SOCIEDAD\"],\"inLanguage\":\"es\"},{\"@type\":\"WebPage\",\"@id\":\"https:\\\/\\\/diariotextual.com\\\/inicio\\\/index.php\\\/2022\\\/12\\\/21\\\/acha-reclaman-celeridad-a-la-justicia-por-una-demanda-de-filiacion\\\/\",\"url\":\"https:\\\/\\\/diariotextual.com\\\/inicio\\\/index.php\\\/2022\\\/12\\\/21\\\/acha-reclaman-celeridad-a-la-justicia-por-una-demanda-de-filiacion\\\/\",\"name\":\"Acha: reclaman celeridad a la Justicia por una demanda de filiaci\u00f3n - Diario Textual\",\"isPartOf\":{\"@id\":\"https:\\\/\\\/diariotextual.com\\\/inicio\\\/#website\"},\"primaryImageOfPage\":{\"@id\":\"https:\\\/\\\/diariotextual.com\\\/inicio\\\/index.php\\\/2022\\\/12\\\/21\\\/acha-reclaman-celeridad-a-la-justicia-por-una-demanda-de-filiacion\\\/#primaryimage\"},\"image\":{\"@id\":\"https:\\\/\\\/diariotextual.com\\\/inicio\\\/index.php\\\/2022\\\/12\\\/21\\\/acha-reclaman-celeridad-a-la-justicia-por-una-demanda-de-filiacion\\\/#primaryimage\"},\"thumbnailUrl\":\"https:\\\/\\\/diariotextual.com\\\/inicio\\\/wp-content\\\/uploads\\\/2022\\\/12\\\/generalachaentrada.jpg\",\"datePublished\":\"2022-12-21T22:09:19+00:00\",\"dateModified\":\"2022-12-24T13:11:16+00:00\",\"breadcrumb\":{\"@id\":\"https:\\\/\\\/diariotextual.com\\\/inicio\\\/index.php\\\/2022\\\/12\\\/21\\\/acha-reclaman-celeridad-a-la-justicia-por-una-demanda-de-filiacion\\\/#breadcrumb\"},\"inLanguage\":\"es\",\"potentialAction\":[{\"@type\":\"ReadAction\",\"target\":[\"https:\\\/\\\/diariotextual.com\\\/inicio\\\/index.php\\\/2022\\\/12\\\/21\\\/acha-reclaman-celeridad-a-la-justicia-por-una-demanda-de-filiacion\\\/\"]}]},{\"@type\":\"ImageObject\",\"inLanguage\":\"es\",\"@id\":\"https:\\\/\\\/diariotextual.com\\\/inicio\\\/index.php\\\/2022\\\/12\\\/21\\\/acha-reclaman-celeridad-a-la-justicia-por-una-demanda-de-filiacion\\\/#primaryimage\",\"url\":\"https:\\\/\\\/diariotextual.com\\\/inicio\\\/wp-content\\\/uploads\\\/2022\\\/12\\\/generalachaentrada.jpg\",\"contentUrl\":\"https:\\\/\\\/diariotextual.com\\\/inicio\\\/wp-content\\\/uploads\\\/2022\\\/12\\\/generalachaentrada.jpg\",\"width\":900,\"height\":522},{\"@type\":\"BreadcrumbList\",\"@id\":\"https:\\\/\\\/diariotextual.com\\\/inicio\\\/index.php\\\/2022\\\/12\\\/21\\\/acha-reclaman-celeridad-a-la-justicia-por-una-demanda-de-filiacion\\\/#breadcrumb\",\"itemListElement\":[{\"@type\":\"ListItem\",\"position\":1,\"name\":\"Portada\",\"item\":\"https:\\\/\\\/diariotextual.com\\\/inicio\\\/\"},{\"@type\":\"ListItem\",\"position\":2,\"name\":\"Acha: reclaman celeridad a la Justicia por una demanda de filiaci\u00f3n\"}]},{\"@type\":\"WebSite\",\"@id\":\"https:\\\/\\\/diariotextual.com\\\/inicio\\\/#website\",\"url\":\"https:\\\/\\\/diariotextual.com\\\/inicio\\\/\",\"name\":\"Diario Textual\",\"description\":\"\",\"publisher\":{\"@id\":\"https:\\\/\\\/diariotextual.com\\\/inicio\\\/#organization\"},\"potentialAction\":[{\"@type\":\"SearchAction\",\"target\":{\"@type\":\"EntryPoint\",\"urlTemplate\":\"https:\\\/\\\/diariotextual.com\\\/inicio\\\/?s={search_term_string}\"},\"query-input\":{\"@type\":\"PropertyValueSpecification\",\"valueRequired\":true,\"valueName\":\"search_term_string\"}}],\"inLanguage\":\"es\"},{\"@type\":\"Organization\",\"@id\":\"https:\\\/\\\/diariotextual.com\\\/inicio\\\/#organization\",\"name\":\"Diario Textual\",\"url\":\"https:\\\/\\\/diariotextual.com\\\/inicio\\\/\",\"logo\":{\"@type\":\"ImageObject\",\"inLanguage\":\"es\",\"@id\":\"https:\\\/\\\/diariotextual.com\\\/inicio\\\/#\\\/schema\\\/logo\\\/image\\\/\",\"url\":\"https:\\\/\\\/diariotextual.com\\\/inicio\\\/wp-content\\\/uploads\\\/2023\\\/05\\\/logotextual1.jpg\",\"contentUrl\":\"https:\\\/\\\/diariotextual.com\\\/inicio\\\/wp-content\\\/uploads\\\/2023\\\/05\\\/logotextual1.jpg\",\"width\":516,\"height\":76,\"caption\":\"Diario Textual\"},\"image\":{\"@id\":\"https:\\\/\\\/diariotextual.com\\\/inicio\\\/#\\\/schema\\\/logo\\\/image\\\/\"},\"sameAs\":[\"https:\\\/\\\/www.facebook.com\\\/eltextual\",\"https:\\\/\\\/x.com\\\/eltextual\",\"http:\\\/\\\/www.instagram.com\\\/eltextual\"]},{\"@type\":\"Person\",\"@id\":\"https:\\\/\\\/diariotextual.com\\\/inicio\\\/#\\\/schema\\\/person\\\/a1b6f563e0ee944c60f98119389a4d9f\",\"name\":\"diario3\",\"image\":{\"@type\":\"ImageObject\",\"inLanguage\":\"es\",\"@id\":\"https:\\\/\\\/secure.gravatar.com\\\/avatar\\\/5e7ee62c82fc04d9dd79d746a390d93c69c43223e5faeeb3ea9461ef752bfc5d?s=96&d=mm&r=g\",\"url\":\"https:\\\/\\\/secure.gravatar.com\\\/avatar\\\/5e7ee62c82fc04d9dd79d746a390d93c69c43223e5faeeb3ea9461ef752bfc5d?s=96&d=mm&r=g\",\"contentUrl\":\"https:\\\/\\\/secure.gravatar.com\\\/avatar\\\/5e7ee62c82fc04d9dd79d746a390d93c69c43223e5faeeb3ea9461ef752bfc5d?s=96&d=mm&r=g\",\"caption\":\"diario3\"},\"url\":\"https:\\\/\\\/diariotextual.com\\\/inicio\\\/index.php\\\/author\\\/diario3\\\/\"}]}<\/script>\n<!-- \/ Yoast SEO plugin. -->","yoast_head_json":{"title":"Acha: reclaman celeridad a la Justicia por una demanda de filiaci\u00f3n - Diario Textual","robots":{"index":"index","follow":"follow","max-snippet":"max-snippet:-1","max-image-preview":"max-image-preview:large","max-video-preview":"max-video-preview:-1"},"canonical":"https:\/\/diariotextual.com\/inicio\/index.php\/2022\/12\/21\/acha-reclaman-celeridad-a-la-justicia-por-una-demanda-de-filiacion\/","og_locale":"es_ES","og_type":"article","og_title":"Acha: reclaman celeridad a la Justicia por una demanda de filiaci\u00f3n - Diario Textual","og_description":"Nilda Lucero (52), abuela de un ni\u00f1o de ocho a\u00f1os, denunci\u00f3 que la Justicia de General Acha \u201cdilata\u201d una resoluci\u00f3n indispensable para obligar a someterse a un estudio de ADN&hellip;","og_url":"https:\/\/diariotextual.com\/inicio\/index.php\/2022\/12\/21\/acha-reclaman-celeridad-a-la-justicia-por-una-demanda-de-filiacion\/","og_site_name":"Diario Textual","article_publisher":"https:\/\/www.facebook.com\/eltextual","article_published_time":"2022-12-21T22:09:19+00:00","article_modified_time":"2022-12-24T13:11:16+00:00","og_image":[{"width":900,"height":522,"url":"https:\/\/diariotextual.com\/inicio\/wp-content\/uploads\/2022\/12\/generalachaentrada.jpg","type":"image\/jpeg"}],"author":"diario3","twitter_card":"summary_large_image","twitter_creator":"@eltextual","twitter_site":"@eltextual","twitter_misc":{"Escrito por":"diario3","Tiempo de lectura":"2 minutos"},"schema":{"@context":"https:\/\/schema.org","@graph":[{"@type":"Article","@id":"https:\/\/diariotextual.com\/inicio\/index.php\/2022\/12\/21\/acha-reclaman-celeridad-a-la-justicia-por-una-demanda-de-filiacion\/#article","isPartOf":{"@id":"https:\/\/diariotextual.com\/inicio\/index.php\/2022\/12\/21\/acha-reclaman-celeridad-a-la-justicia-por-una-demanda-de-filiacion\/"},"author":{"name":"diario3","@id":"https:\/\/diariotextual.com\/inicio\/#\/schema\/person\/a1b6f563e0ee944c60f98119389a4d9f"},"headline":"Acha: reclaman celeridad a la Justicia por una demanda de filiaci\u00f3n","datePublished":"2022-12-21T22:09:19+00:00","dateModified":"2022-12-24T13:11:16+00:00","mainEntityOfPage":{"@id":"https:\/\/diariotextual.com\/inicio\/index.php\/2022\/12\/21\/acha-reclaman-celeridad-a-la-justicia-por-una-demanda-de-filiacion\/"},"wordCount":399,"publisher":{"@id":"https:\/\/diariotextual.com\/inicio\/#organization"},"image":{"@id":"https:\/\/diariotextual.com\/inicio\/index.php\/2022\/12\/21\/acha-reclaman-celeridad-a-la-justicia-por-una-demanda-de-filiacion\/#primaryimage"},"thumbnailUrl":"https:\/\/diariotextual.com\/inicio\/wp-content\/uploads\/2022\/12\/generalachaentrada.jpg","keywords":["filiaci\u00f3n","General Acha"],"articleSection":["SOCIEDAD"],"inLanguage":"es"},{"@type":"WebPage","@id":"https:\/\/diariotextual.com\/inicio\/index.php\/2022\/12\/21\/acha-reclaman-celeridad-a-la-justicia-por-una-demanda-de-filiacion\/","url":"https:\/\/diariotextual.com\/inicio\/index.php\/2022\/12\/21\/acha-reclaman-celeridad-a-la-justicia-por-una-demanda-de-filiacion\/","name":"Acha: reclaman celeridad a la Justicia por una demanda de filiaci\u00f3n - Diario Textual","isPartOf":{"@id":"https:\/\/diariotextual.com\/inicio\/#website"},"primaryImageOfPage":{"@id":"https:\/\/diariotextual.com\/inicio\/index.php\/2022\/12\/21\/acha-reclaman-celeridad-a-la-justicia-por-una-demanda-de-filiacion\/#primaryimage"},"image":{"@id":"https:\/\/diariotextual.com\/inicio\/index.php\/2022\/12\/21\/acha-reclaman-celeridad-a-la-justicia-por-una-demanda-de-filiacion\/#primaryimage"},"thumbnailUrl":"https:\/\/diariotextual.com\/inicio\/wp-content\/uploads\/2022\/12\/generalachaentrada.jpg","datePublished":"2022-12-21T22:09:19+00:00","dateModified":"2022-12-24T13:11:16+00:00","breadcrumb":{"@id":"https:\/\/diariotextual.com\/inicio\/index.php\/2022\/12\/21\/acha-reclaman-celeridad-a-la-justicia-por-una-demanda-de-filiacion\/#breadcrumb"},"inLanguage":"es","potentialAction":[{"@type":"ReadAction","target":["https:\/\/diariotextual.com\/inicio\/index.php\/2022\/12\/21\/acha-reclaman-celeridad-a-la-justicia-por-una-demanda-de-filiacion\/"]}]},{"@type":"ImageObject","inLanguage":"es","@id":"https:\/\/diariotextual.com\/inicio\/index.php\/2022\/12\/21\/acha-reclaman-celeridad-a-la-justicia-por-una-demanda-de-filiacion\/#primaryimage","url":"https:\/\/diariotextual.com\/inicio\/wp-content\/uploads\/2022\/12\/generalachaentrada.jpg","contentUrl":"https:\/\/diariotextual.com\/inicio\/wp-content\/uploads\/2022\/12\/generalachaentrada.jpg","width":900,"height":522},{"@type":"BreadcrumbList","@id":"https:\/\/diariotextual.com\/inicio\/index.php\/2022\/12\/21\/acha-reclaman-celeridad-a-la-justicia-por-una-demanda-de-filiacion\/#breadcrumb","itemListElement":[{"@type":"ListItem","position":1,"name":"Portada","item":"https:\/\/diariotextual.com\/inicio\/"},{"@type":"ListItem","position":2,"name":"Acha: reclaman celeridad a la Justicia por una demanda de filiaci\u00f3n"}]},{"@type":"WebSite","@id":"https:\/\/diariotextual.com\/inicio\/#website","url":"https:\/\/diariotextual.com\/inicio\/","name":"Diario Textual","description":"","publisher":{"@id":"https:\/\/diariotextual.com\/inicio\/#organization"},"potentialAction":[{"@type":"SearchAction","target":{"@type":"EntryPoint","urlTemplate":"https:\/\/diariotextual.com\/inicio\/?s={search_term_string}"},"query-input":{"@type":"PropertyValueSpecification","valueRequired":true,"valueName":"search_term_string"}}],"inLanguage":"es"},{"@type":"Organization","@id":"https:\/\/diariotextual.com\/inicio\/#organization","name":"Diario Textual","url":"https:\/\/diariotextual.com\/inicio\/","logo":{"@type":"ImageObject","inLanguage":"es","@id":"https:\/\/diariotextual.com\/inicio\/#\/schema\/logo\/image\/","url":"https:\/\/diariotextual.com\/inicio\/wp-content\/uploads\/2023\/05\/logotextual1.jpg","contentUrl":"https:\/\/diariotextual.com\/inicio\/wp-content\/uploads\/2023\/05\/logotextual1.jpg","width":516,"height":76,"caption":"Diario Textual"},"image":{"@id":"https:\/\/diariotextual.com\/inicio\/#\/schema\/logo\/image\/"},"sameAs":["https:\/\/www.facebook.com\/eltextual","https:\/\/x.com\/eltextual","http:\/\/www.instagram.com\/eltextual"]},{"@type":"Person","@id":"https:\/\/diariotextual.com\/inicio\/#\/schema\/person\/a1b6f563e0ee944c60f98119389a4d9f","name":"diario3","image":{"@type":"ImageObject","inLanguage":"es","@id":"https:\/\/secure.gravatar.com\/avatar\/5e7ee62c82fc04d9dd79d746a390d93c69c43223e5faeeb3ea9461ef752bfc5d?s=96&d=mm&r=g","url":"https:\/\/secure.gravatar.com\/avatar\/5e7ee62c82fc04d9dd79d746a390d93c69c43223e5faeeb3ea9461ef752bfc5d?s=96&d=mm&r=g","contentUrl":"https:\/\/secure.gravatar.com\/avatar\/5e7ee62c82fc04d9dd79d746a390d93c69c43223e5faeeb3ea9461ef752bfc5d?s=96&d=mm&r=g","caption":"diario3"},"url":"https:\/\/diariotextual.com\/inicio\/index.php\/author\/diario3\/"}]}},"_links":{"self":[{"href":"https:\/\/diariotextual.com\/inicio\/index.php\/wp-json\/wp\/v2\/posts\/211106","targetHints":{"allow":["GET"]}}],"collection":[{"href":"https:\/\/diariotextual.com\/inicio\/index.php\/wp-json\/wp\/v2\/posts"}],"about":[{"href":"https:\/\/diariotextual.com\/inicio\/index.php\/wp-json\/wp\/v2\/types\/post"}],"author":[{"embeddable":true,"href":"https:\/\/diariotextual.com\/inicio\/index.php\/wp-json\/wp\/v2\/users\/5"}],"replies":[{"embeddable":true,"href":"https:\/\/diariotextual.com\/inicio\/index.php\/wp-json\/wp\/v2\/comments?post=211106"}],"version-history":[{"count":2,"href":"https:\/\/diariotextual.com\/inicio\/index.php\/wp-json\/wp\/v2\/posts\/211106\/revisions"}],"predecessor-version":[{"id":211405,"href":"https:\/\/diariotextual.com\/inicio\/index.php\/wp-json\/wp\/v2\/posts\/211106\/revisions\/211405"}],"wp:featuredmedia":[{"embeddable":true,"href":"https:\/\/diariotextual.com\/inicio\/index.php\/wp-json\/wp\/v2\/media\/211107"}],"wp:attachment":[{"href":"https:\/\/diariotextual.com\/inicio\/index.php\/wp-json\/wp\/v2\/media?parent=211106"}],"wp:term":[{"taxonomy":"category","embeddable":true,"href":"https:\/\/diariotextual.com\/inicio\/index.php\/wp-json\/wp\/v2\/categories?post=211106"},{"taxonomy":"post_tag","embeddable":true,"href":"https:\/\/diariotextual.com\/inicio\/index.php\/wp-json\/wp\/v2\/tags?post=211106"}],"curies":[{"name":"wp","href":"https:\/\/api.w.org\/{rel}","templated":true}]}}