{"id":211732,"date":"2022-12-27T20:14:08","date_gmt":"2022-12-27T23:14:08","guid":{"rendered":"https:\/\/diariotextual.com\/inicio\/?p=211732"},"modified":"2022-12-27T20:14:09","modified_gmt":"2022-12-27T23:14:09","slug":"la-ucr-piquense-fracturada-por-la-disputa-testa-coppo","status":"publish","type":"post","link":"https:\/\/diariotextual.com\/inicio\/index.php\/2022\/12\/27\/la-ucr-piquense-fracturada-por-la-disputa-testa-coppo\/","title":{"rendered":"La UCR piquense fracturada por la disputa Testa-Coppo"},"content":{"rendered":"\n<p>El radicalismo de General Pico est\u00e1 estallado por estas horas. La UCR est\u00e1 fragmentada, m\u00e1s que en otras oportunidades, y enfrentada no solo por las listas locales, sino sobre todo por lo ocurrido a nivel provincial que profundiz\u00f3 las diferencias.<br><\/p>\n\n\n\n<p>La incorporaci\u00f3n \u201cpor la ventana\u201d el lunes de la exdiputada Patricia Testa como precandidata a vicegobernadora de la lista de la UCR no fue gratuita. Testa, que estaba alejada como dirigente de la actividad partidaria, acept\u00f3 la propuesta y puso dos condiciones: que se incorpore a una persona cercana a ella, Gisela Cuadrado, en el cuarto lugar de la boleta de diputados; y que quedara afuera el actual concejal Guillermo Coppo.<br><\/p>\n\n\n\n<p>Testa y Coppo tienen diferencias pol\u00edticas y personales. En 2019, Coppo iba en la lista de la UCR a nivel local en la interna que enfrent\u00f3 a la del PRO, encabezada por Mart\u00edn Maquieyra. Testa, que era diputada del bloque radical, firm\u00f3 como candidata a viceintendente de Maquieyra en contra de la lista radical. Maquieyra gan\u00f3 la interna y Testa y Coppo, en ese orden, fueron como concejales, pero apenas electos, Testa renunci\u00f3 dejando sin un lugar a la UCR en el Concejo Deliberante.<br><\/p>\n\n\n\n<p>En las negociaciones para la \u00faltima lista de diputados provinciales que se present\u00f3 este mi\u00e9rcoles, adem\u00e1s, se hab\u00eda pensado que Ulises \u201cChito\u201d Forte, suegro de Coppo, lo reemplazara. Pero tambi\u00e9n fue \u201cbajado\u201d y se coloc\u00f3 a Juli\u00e1n Aguilar, del mismo sector.<br><\/p>\n\n\n\n<p>Ahora la divisi\u00f3n entre los radicales es notoria. No solo est\u00e1n enfrentados a nivel provincial, sino tambi\u00e9n a nivel local ya que hay tres listas de precandidatos a intendente: la de Jorge Amato (con apoyo de Coppo), la de Juan Pablo Vieta (vinculado a Patricia Testa) y la de Juan Carlos Passo; y una del PRO, con Adriana Garc\u00eda como postulante.<\/p>\n\n\n\n<p><\/p>\n\n\n\n<figure class=\"wp-block-embed is-type-wp-embed is-provider-diario-textual wp-block-embed-diario-textual\"><div class=\"wp-block-embed__wrapper\">\n<blockquote class=\"wp-embedded-content\" data-secret=\"qEY3dA0KBD\"><a href=\"https:\/\/diariotextual.com\/inicio\/index.php\/2022\/12\/27\/esta-es-la-lista-de-precandidatos-a-diputados-de-la-ucr\/\">Esta es la lista de precandidatos a diputados de la UCR<\/a><\/blockquote><iframe class=\"wp-embedded-content\" sandbox=\"allow-scripts\" security=\"restricted\" style=\"position: absolute; clip: rect(1px, 1px, 1px, 1px);\" title=\"\u00abEsta es la lista de precandidatos a diputados de la UCR\u00bb \u2014 Diario Textual\" src=\"https:\/\/diariotextual.com\/inicio\/index.php\/2022\/12\/27\/esta-es-la-lista-de-precandidatos-a-diputados-de-la-ucr\/embed\/#?secret=Cwkp4BJZIO#?secret=qEY3dA0KBD\" data-secret=\"qEY3dA0KBD\" width=\"600\" height=\"338\" frameborder=\"0\" marginwidth=\"0\" marginheight=\"0\" scrolling=\"no\"><\/iframe>\n<\/div><\/figure>\n","protected":false},"excerpt":{"rendered":"<p>El radicalismo de General Pico est\u00e1 estallado por estas horas. La UCR est\u00e1 fragmentada, m\u00e1s que en otras oportunidades, y enfrentada no solo por las listas locales, sino sobre todo&hellip;<\/p>\n","protected":false},"author":3,"featured_media":211735,"comment_status":"closed","ping_status":"open","sticky":false,"template":"","format":"standard","meta":{"_acf_changed":false,"footnotes":""},"categories":[4,8],"tags":[],"class_list":["post-211732","post","type-post","status-publish","format-standard","has-post-thumbnail","hentry","category-destacadas","category-politica"],"acf":[],"yoast_head":"<!-- This site is optimized with the Yoast SEO plugin v27.5 - https:\/\/yoast.com\/product\/yoast-seo-wordpress\/ -->\n<title>La UCR piquense fracturada por la disputa Testa-Coppo - Diario Textual<\/title>\n<meta name=\"robots\" content=\"index, follow, max-snippet:-1, max-image-preview:large, max-video-preview:-1\" \/>\n<link rel=\"canonical\" href=\"https:\/\/diariotextual.com\/inicio\/index.php\/2022\/12\/27\/la-ucr-piquense-fracturada-por-la-disputa-testa-coppo\/\" \/>\n<meta property=\"og:locale\" content=\"es_ES\" \/>\n<meta property=\"og:type\" content=\"article\" \/>\n<meta property=\"og:title\" content=\"La UCR piquense fracturada por la disputa Testa-Coppo - Diario Textual\" \/>\n<meta property=\"og:description\" content=\"El radicalismo de General Pico est\u00e1 estallado por estas horas. La UCR est\u00e1 fragmentada, m\u00e1s que en otras oportunidades, y enfrentada no solo por las listas locales, sino sobre todo&hellip;\" \/>\n<meta property=\"og:url\" content=\"https:\/\/diariotextual.com\/inicio\/index.php\/2022\/12\/27\/la-ucr-piquense-fracturada-por-la-disputa-testa-coppo\/\" \/>\n<meta property=\"og:site_name\" content=\"Diario Textual\" \/>\n<meta property=\"article:publisher\" content=\"https:\/\/www.facebook.com\/eltextual\" \/>\n<meta property=\"article:published_time\" content=\"2022-12-27T23:14:08+00:00\" \/>\n<meta property=\"article:modified_time\" content=\"2022-12-27T23:14:09+00:00\" \/>\n<meta property=\"og:image\" content=\"https:\/\/diariotextual.com\/inicio\/wp-content\/uploads\/2022\/12\/testacoppo2022-1.png\" \/>\n\t<meta property=\"og:image:width\" content=\"928\" \/>\n\t<meta property=\"og:image:height\" content=\"523\" \/>\n\t<meta property=\"og:image:type\" content=\"image\/png\" \/>\n<meta name=\"author\" content=\"Diario1 Diario1\" \/>\n<meta name=\"twitter:card\" content=\"summary_large_image\" \/>\n<meta name=\"twitter:creator\" content=\"@eltextual\" \/>\n<meta name=\"twitter:site\" content=\"@eltextual\" \/>\n<meta name=\"twitter:label1\" content=\"Escrito por\" \/>\n\t<meta name=\"twitter:data1\" content=\"Diario1 Diario1\" \/>\n\t<meta name=\"twitter:label2\" content=\"Tiempo de lectura\" \/>\n\t<meta name=\"twitter:data2\" content=\"2 minutos\" \/>\n<script type=\"application\/ld+json\" class=\"yoast-schema-graph\">{\"@context\":\"https:\\\/\\\/schema.org\",\"@graph\":[{\"@type\":\"Article\",\"@id\":\"https:\\\/\\\/diariotextual.com\\\/inicio\\\/index.php\\\/2022\\\/12\\\/27\\\/la-ucr-piquense-fracturada-por-la-disputa-testa-coppo\\\/#article\",\"isPartOf\":{\"@id\":\"https:\\\/\\\/diariotextual.com\\\/inicio\\\/index.php\\\/2022\\\/12\\\/27\\\/la-ucr-piquense-fracturada-por-la-disputa-testa-coppo\\\/\"},\"author\":{\"name\":\"Diario1 Diario1\",\"@id\":\"https:\\\/\\\/diariotextual.com\\\/inicio\\\/#\\\/schema\\\/person\\\/418fc4093c33e86ed41562db3508f958\"},\"headline\":\"La UCR piquense fracturada por la disputa Testa-Coppo\",\"datePublished\":\"2022-12-27T23:14:08+00:00\",\"dateModified\":\"2022-12-27T23:14:09+00:00\",\"mainEntityOfPage\":{\"@id\":\"https:\\\/\\\/diariotextual.com\\\/inicio\\\/index.php\\\/2022\\\/12\\\/27\\\/la-ucr-piquense-fracturada-por-la-disputa-testa-coppo\\\/\"},\"wordCount\":324,\"publisher\":{\"@id\":\"https:\\\/\\\/diariotextual.com\\\/inicio\\\/#organization\"},\"image\":{\"@id\":\"https:\\\/\\\/diariotextual.com\\\/inicio\\\/index.php\\\/2022\\\/12\\\/27\\\/la-ucr-piquense-fracturada-por-la-disputa-testa-coppo\\\/#primaryimage\"},\"thumbnailUrl\":\"https:\\\/\\\/diariotextual.com\\\/inicio\\\/wp-content\\\/uploads\\\/2022\\\/12\\\/testacoppo2022-1.png\",\"articleSection\":[\"A - DESTACADAS (mod 16)\",\"POLITICA\"],\"inLanguage\":\"es\"},{\"@type\":\"WebPage\",\"@id\":\"https:\\\/\\\/diariotextual.com\\\/inicio\\\/index.php\\\/2022\\\/12\\\/27\\\/la-ucr-piquense-fracturada-por-la-disputa-testa-coppo\\\/\",\"url\":\"https:\\\/\\\/diariotextual.com\\\/inicio\\\/index.php\\\/2022\\\/12\\\/27\\\/la-ucr-piquense-fracturada-por-la-disputa-testa-coppo\\\/\",\"name\":\"La UCR piquense fracturada por la disputa Testa-Coppo - Diario Textual\",\"isPartOf\":{\"@id\":\"https:\\\/\\\/diariotextual.com\\\/inicio\\\/#website\"},\"primaryImageOfPage\":{\"@id\":\"https:\\\/\\\/diariotextual.com\\\/inicio\\\/index.php\\\/2022\\\/12\\\/27\\\/la-ucr-piquense-fracturada-por-la-disputa-testa-coppo\\\/#primaryimage\"},\"image\":{\"@id\":\"https:\\\/\\\/diariotextual.com\\\/inicio\\\/index.php\\\/2022\\\/12\\\/27\\\/la-ucr-piquense-fracturada-por-la-disputa-testa-coppo\\\/#primaryimage\"},\"thumbnailUrl\":\"https:\\\/\\\/diariotextual.com\\\/inicio\\\/wp-content\\\/uploads\\\/2022\\\/12\\\/testacoppo2022-1.png\",\"datePublished\":\"2022-12-27T23:14:08+00:00\",\"dateModified\":\"2022-12-27T23:14:09+00:00\",\"breadcrumb\":{\"@id\":\"https:\\\/\\\/diariotextual.com\\\/inicio\\\/index.php\\\/2022\\\/12\\\/27\\\/la-ucr-piquense-fracturada-por-la-disputa-testa-coppo\\\/#breadcrumb\"},\"inLanguage\":\"es\",\"potentialAction\":[{\"@type\":\"ReadAction\",\"target\":[\"https:\\\/\\\/diariotextual.com\\\/inicio\\\/index.php\\\/2022\\\/12\\\/27\\\/la-ucr-piquense-fracturada-por-la-disputa-testa-coppo\\\/\"]}]},{\"@type\":\"ImageObject\",\"inLanguage\":\"es\",\"@id\":\"https:\\\/\\\/diariotextual.com\\\/inicio\\\/index.php\\\/2022\\\/12\\\/27\\\/la-ucr-piquense-fracturada-por-la-disputa-testa-coppo\\\/#primaryimage\",\"url\":\"https:\\\/\\\/diariotextual.com\\\/inicio\\\/wp-content\\\/uploads\\\/2022\\\/12\\\/testacoppo2022-1.png\",\"contentUrl\":\"https:\\\/\\\/diariotextual.com\\\/inicio\\\/wp-content\\\/uploads\\\/2022\\\/12\\\/testacoppo2022-1.png\",\"width\":928,\"height\":523},{\"@type\":\"BreadcrumbList\",\"@id\":\"https:\\\/\\\/diariotextual.com\\\/inicio\\\/index.php\\\/2022\\\/12\\\/27\\\/la-ucr-piquense-fracturada-por-la-disputa-testa-coppo\\\/#breadcrumb\",\"itemListElement\":[{\"@type\":\"ListItem\",\"position\":1,\"name\":\"Portada\",\"item\":\"https:\\\/\\\/diariotextual.com\\\/inicio\\\/\"},{\"@type\":\"ListItem\",\"position\":2,\"name\":\"La UCR piquense fracturada por la disputa Testa-Coppo\"}]},{\"@type\":\"WebSite\",\"@id\":\"https:\\\/\\\/diariotextual.com\\\/inicio\\\/#website\",\"url\":\"https:\\\/\\\/diariotextual.com\\\/inicio\\\/\",\"name\":\"Diario Textual\",\"description\":\"\",\"publisher\":{\"@id\":\"https:\\\/\\\/diariotextual.com\\\/inicio\\\/#organization\"},\"potentialAction\":[{\"@type\":\"SearchAction\",\"target\":{\"@type\":\"EntryPoint\",\"urlTemplate\":\"https:\\\/\\\/diariotextual.com\\\/inicio\\\/?s={search_term_string}\"},\"query-input\":{\"@type\":\"PropertyValueSpecification\",\"valueRequired\":true,\"valueName\":\"search_term_string\"}}],\"inLanguage\":\"es\"},{\"@type\":\"Organization\",\"@id\":\"https:\\\/\\\/diariotextual.com\\\/inicio\\\/#organization\",\"name\":\"Diario Textual\",\"url\":\"https:\\\/\\\/diariotextual.com\\\/inicio\\\/\",\"logo\":{\"@type\":\"ImageObject\",\"inLanguage\":\"es\",\"@id\":\"https:\\\/\\\/diariotextual.com\\\/inicio\\\/#\\\/schema\\\/logo\\\/image\\\/\",\"url\":\"https:\\\/\\\/diariotextual.com\\\/inicio\\\/wp-content\\\/uploads\\\/2023\\\/05\\\/logotextual1.jpg\",\"contentUrl\":\"https:\\\/\\\/diariotextual.com\\\/inicio\\\/wp-content\\\/uploads\\\/2023\\\/05\\\/logotextual1.jpg\",\"width\":516,\"height\":76,\"caption\":\"Diario Textual\"},\"image\":{\"@id\":\"https:\\\/\\\/diariotextual.com\\\/inicio\\\/#\\\/schema\\\/logo\\\/image\\\/\"},\"sameAs\":[\"https:\\\/\\\/www.facebook.com\\\/eltextual\",\"https:\\\/\\\/x.com\\\/eltextual\",\"http:\\\/\\\/www.instagram.com\\\/eltextual\"]},{\"@type\":\"Person\",\"@id\":\"https:\\\/\\\/diariotextual.com\\\/inicio\\\/#\\\/schema\\\/person\\\/418fc4093c33e86ed41562db3508f958\",\"name\":\"Diario1 Diario1\",\"image\":{\"@type\":\"ImageObject\",\"inLanguage\":\"es\",\"@id\":\"https:\\\/\\\/secure.gravatar.com\\\/avatar\\\/9167d280179c85bc18be67aa7eda765854300033af4896dd779b608640f2ef7a?s=96&d=mm&r=g\",\"url\":\"https:\\\/\\\/secure.gravatar.com\\\/avatar\\\/9167d280179c85bc18be67aa7eda765854300033af4896dd779b608640f2ef7a?s=96&d=mm&r=g\",\"contentUrl\":\"https:\\\/\\\/secure.gravatar.com\\\/avatar\\\/9167d280179c85bc18be67aa7eda765854300033af4896dd779b608640f2ef7a?s=96&d=mm&r=g\",\"caption\":\"Diario1 Diario1\"},\"url\":\"https:\\\/\\\/diariotextual.com\\\/inicio\\\/index.php\\\/author\\\/diario1\\\/\"}]}<\/script>\n<!-- \/ Yoast SEO plugin. -->","yoast_head_json":{"title":"La UCR piquense fracturada por la disputa Testa-Coppo - Diario Textual","robots":{"index":"index","follow":"follow","max-snippet":"max-snippet:-1","max-image-preview":"max-image-preview:large","max-video-preview":"max-video-preview:-1"},"canonical":"https:\/\/diariotextual.com\/inicio\/index.php\/2022\/12\/27\/la-ucr-piquense-fracturada-por-la-disputa-testa-coppo\/","og_locale":"es_ES","og_type":"article","og_title":"La UCR piquense fracturada por la disputa Testa-Coppo - Diario Textual","og_description":"El radicalismo de General Pico est\u00e1 estallado por estas horas. La UCR est\u00e1 fragmentada, m\u00e1s que en otras oportunidades, y enfrentada no solo por las listas locales, sino sobre todo&hellip;","og_url":"https:\/\/diariotextual.com\/inicio\/index.php\/2022\/12\/27\/la-ucr-piquense-fracturada-por-la-disputa-testa-coppo\/","og_site_name":"Diario Textual","article_publisher":"https:\/\/www.facebook.com\/eltextual","article_published_time":"2022-12-27T23:14:08+00:00","article_modified_time":"2022-12-27T23:14:09+00:00","og_image":[{"width":928,"height":523,"url":"https:\/\/diariotextual.com\/inicio\/wp-content\/uploads\/2022\/12\/testacoppo2022-1.png","type":"image\/png"}],"author":"Diario1 Diario1","twitter_card":"summary_large_image","twitter_creator":"@eltextual","twitter_site":"@eltextual","twitter_misc":{"Escrito por":"Diario1 Diario1","Tiempo de lectura":"2 minutos"},"schema":{"@context":"https:\/\/schema.org","@graph":[{"@type":"Article","@id":"https:\/\/diariotextual.com\/inicio\/index.php\/2022\/12\/27\/la-ucr-piquense-fracturada-por-la-disputa-testa-coppo\/#article","isPartOf":{"@id":"https:\/\/diariotextual.com\/inicio\/index.php\/2022\/12\/27\/la-ucr-piquense-fracturada-por-la-disputa-testa-coppo\/"},"author":{"name":"Diario1 Diario1","@id":"https:\/\/diariotextual.com\/inicio\/#\/schema\/person\/418fc4093c33e86ed41562db3508f958"},"headline":"La UCR piquense fracturada por la disputa Testa-Coppo","datePublished":"2022-12-27T23:14:08+00:00","dateModified":"2022-12-27T23:14:09+00:00","mainEntityOfPage":{"@id":"https:\/\/diariotextual.com\/inicio\/index.php\/2022\/12\/27\/la-ucr-piquense-fracturada-por-la-disputa-testa-coppo\/"},"wordCount":324,"publisher":{"@id":"https:\/\/diariotextual.com\/inicio\/#organization"},"image":{"@id":"https:\/\/diariotextual.com\/inicio\/index.php\/2022\/12\/27\/la-ucr-piquense-fracturada-por-la-disputa-testa-coppo\/#primaryimage"},"thumbnailUrl":"https:\/\/diariotextual.com\/inicio\/wp-content\/uploads\/2022\/12\/testacoppo2022-1.png","articleSection":["A - DESTACADAS (mod 16)","POLITICA"],"inLanguage":"es"},{"@type":"WebPage","@id":"https:\/\/diariotextual.com\/inicio\/index.php\/2022\/12\/27\/la-ucr-piquense-fracturada-por-la-disputa-testa-coppo\/","url":"https:\/\/diariotextual.com\/inicio\/index.php\/2022\/12\/27\/la-ucr-piquense-fracturada-por-la-disputa-testa-coppo\/","name":"La UCR piquense fracturada por la disputa Testa-Coppo - Diario Textual","isPartOf":{"@id":"https:\/\/diariotextual.com\/inicio\/#website"},"primaryImageOfPage":{"@id":"https:\/\/diariotextual.com\/inicio\/index.php\/2022\/12\/27\/la-ucr-piquense-fracturada-por-la-disputa-testa-coppo\/#primaryimage"},"image":{"@id":"https:\/\/diariotextual.com\/inicio\/index.php\/2022\/12\/27\/la-ucr-piquense-fracturada-por-la-disputa-testa-coppo\/#primaryimage"},"thumbnailUrl":"https:\/\/diariotextual.com\/inicio\/wp-content\/uploads\/2022\/12\/testacoppo2022-1.png","datePublished":"2022-12-27T23:14:08+00:00","dateModified":"2022-12-27T23:14:09+00:00","breadcrumb":{"@id":"https:\/\/diariotextual.com\/inicio\/index.php\/2022\/12\/27\/la-ucr-piquense-fracturada-por-la-disputa-testa-coppo\/#breadcrumb"},"inLanguage":"es","potentialAction":[{"@type":"ReadAction","target":["https:\/\/diariotextual.com\/inicio\/index.php\/2022\/12\/27\/la-ucr-piquense-fracturada-por-la-disputa-testa-coppo\/"]}]},{"@type":"ImageObject","inLanguage":"es","@id":"https:\/\/diariotextual.com\/inicio\/index.php\/2022\/12\/27\/la-ucr-piquense-fracturada-por-la-disputa-testa-coppo\/#primaryimage","url":"https:\/\/diariotextual.com\/inicio\/wp-content\/uploads\/2022\/12\/testacoppo2022-1.png","contentUrl":"https:\/\/diariotextual.com\/inicio\/wp-content\/uploads\/2022\/12\/testacoppo2022-1.png","width":928,"height":523},{"@type":"BreadcrumbList","@id":"https:\/\/diariotextual.com\/inicio\/index.php\/2022\/12\/27\/la-ucr-piquense-fracturada-por-la-disputa-testa-coppo\/#breadcrumb","itemListElement":[{"@type":"ListItem","position":1,"name":"Portada","item":"https:\/\/diariotextual.com\/inicio\/"},{"@type":"ListItem","position":2,"name":"La UCR piquense fracturada por la disputa Testa-Coppo"}]},{"@type":"WebSite","@id":"https:\/\/diariotextual.com\/inicio\/#website","url":"https:\/\/diariotextual.com\/inicio\/","name":"Diario Textual","description":"","publisher":{"@id":"https:\/\/diariotextual.com\/inicio\/#organization"},"potentialAction":[{"@type":"SearchAction","target":{"@type":"EntryPoint","urlTemplate":"https:\/\/diariotextual.com\/inicio\/?s={search_term_string}"},"query-input":{"@type":"PropertyValueSpecification","valueRequired":true,"valueName":"search_term_string"}}],"inLanguage":"es"},{"@type":"Organization","@id":"https:\/\/diariotextual.com\/inicio\/#organization","name":"Diario Textual","url":"https:\/\/diariotextual.com\/inicio\/","logo":{"@type":"ImageObject","inLanguage":"es","@id":"https:\/\/diariotextual.com\/inicio\/#\/schema\/logo\/image\/","url":"https:\/\/diariotextual.com\/inicio\/wp-content\/uploads\/2023\/05\/logotextual1.jpg","contentUrl":"https:\/\/diariotextual.com\/inicio\/wp-content\/uploads\/2023\/05\/logotextual1.jpg","width":516,"height":76,"caption":"Diario Textual"},"image":{"@id":"https:\/\/diariotextual.com\/inicio\/#\/schema\/logo\/image\/"},"sameAs":["https:\/\/www.facebook.com\/eltextual","https:\/\/x.com\/eltextual","http:\/\/www.instagram.com\/eltextual"]},{"@type":"Person","@id":"https:\/\/diariotextual.com\/inicio\/#\/schema\/person\/418fc4093c33e86ed41562db3508f958","name":"Diario1 Diario1","image":{"@type":"ImageObject","inLanguage":"es","@id":"https:\/\/secure.gravatar.com\/avatar\/9167d280179c85bc18be67aa7eda765854300033af4896dd779b608640f2ef7a?s=96&d=mm&r=g","url":"https:\/\/secure.gravatar.com\/avatar\/9167d280179c85bc18be67aa7eda765854300033af4896dd779b608640f2ef7a?s=96&d=mm&r=g","contentUrl":"https:\/\/secure.gravatar.com\/avatar\/9167d280179c85bc18be67aa7eda765854300033af4896dd779b608640f2ef7a?s=96&d=mm&r=g","caption":"Diario1 Diario1"},"url":"https:\/\/diariotextual.com\/inicio\/index.php\/author\/diario1\/"}]}},"_links":{"self":[{"href":"https:\/\/diariotextual.com\/inicio\/index.php\/wp-json\/wp\/v2\/posts\/211732","targetHints":{"allow":["GET"]}}],"collection":[{"href":"https:\/\/diariotextual.com\/inicio\/index.php\/wp-json\/wp\/v2\/posts"}],"about":[{"href":"https:\/\/diariotextual.com\/inicio\/index.php\/wp-json\/wp\/v2\/types\/post"}],"author":[{"embeddable":true,"href":"https:\/\/diariotextual.com\/inicio\/index.php\/wp-json\/wp\/v2\/users\/3"}],"replies":[{"embeddable":true,"href":"https:\/\/diariotextual.com\/inicio\/index.php\/wp-json\/wp\/v2\/comments?post=211732"}],"version-history":[{"count":2,"href":"https:\/\/diariotextual.com\/inicio\/index.php\/wp-json\/wp\/v2\/posts\/211732\/revisions"}],"predecessor-version":[{"id":211734,"href":"https:\/\/diariotextual.com\/inicio\/index.php\/wp-json\/wp\/v2\/posts\/211732\/revisions\/211734"}],"wp:featuredmedia":[{"embeddable":true,"href":"https:\/\/diariotextual.com\/inicio\/index.php\/wp-json\/wp\/v2\/media\/211735"}],"wp:attachment":[{"href":"https:\/\/diariotextual.com\/inicio\/index.php\/wp-json\/wp\/v2\/media?parent=211732"}],"wp:term":[{"taxonomy":"category","embeddable":true,"href":"https:\/\/diariotextual.com\/inicio\/index.php\/wp-json\/wp\/v2\/categories?post=211732"},{"taxonomy":"post_tag","embeddable":true,"href":"https:\/\/diariotextual.com\/inicio\/index.php\/wp-json\/wp\/v2\/tags?post=211732"}],"curies":[{"name":"wp","href":"https:\/\/api.w.org\/{rel}","templated":true}]}}