{"id":213470,"date":"2023-01-18T00:00:14","date_gmt":"2023-01-18T03:00:14","guid":{"rendered":"https:\/\/diariotextual.com\/inicio\/?p=213470"},"modified":"2023-01-18T13:09:16","modified_gmt":"2023-01-18T16:09:16","slug":"suarez-sigue-enojado-por-portezuelo-y-justifica-por-que-no-recibe-al-presidente","status":"publish","type":"post","link":"https:\/\/diariotextual.com\/inicio\/index.php\/2023\/01\/18\/suarez-sigue-enojado-por-portezuelo-y-justifica-por-que-no-recibe-al-presidente\/","title":{"rendered":"Su\u00e1rez sigue enojado por Portezuelo y justifica por qu\u00e9 no recibe al presidente"},"content":{"rendered":"\n<p>El gobernador de Mendoza, Rodolfo Su\u00e1rez, de la UCR, est\u00e1 enojado: Alberto Fern\u00e1ndez visitar\u00e1 este mi\u00e9rcoles la provincia dos semanas despu\u00e9s de haber dictado un laudo arbitral que la perjudica para construir la obra hidroel\u00e9ctrica Portezuelo del Viento y por eso el mandatario provincial decidi\u00f3 no recibirlo. \u201cNo puedo ser hip\u00f3crita, ponerme al lado del presidente y re\u00edrme si hace 17 d\u00edas nos peg\u00f3 un palazo -dijo a Infobae-. El problema es la torpeza de \u00e9l, que no deber\u00eda venir a Mendoza y deber\u00eda esperar un tiempo para visitarnos. Hasta es provocativo. Ac\u00e1 la gente tiene mucha bronca\u201d.<\/p>\n\n\n\n<p>El jefe del Estado llegar\u00e1 a una provincia gobernada por el radicalismo desde 2015 para recorrer una planta de tratamiento de efluentes en Lavalle y una c\u00e1rcel en Luj\u00e1n de Cuyo.<\/p>\n\n\n\n<p>Los planes para construir Portezuelo del Viento, que estuvieron parados durante d\u00e9cadas, cobraron impulso durante el gobierno de Mauricio Macri.<\/p>\n\n\n\n<p>Sin embargo, La Pampa impuls\u00f3 un estudio ambiental de toda la cuenca. El resto de las provincias que comparten el r\u00edo Colorado la acompa\u00f1aron, pero Mendoza se opuso y pidi\u00f3 un laudo presidencial. As\u00ed, Fern\u00e1ndez resolvi\u00f3 a favor del reclamo pampeano y del resto de las provincias.<\/p>\n\n\n\n<p>La decisi\u00f3n no cay\u00f3 bien en Mendoza. Decidieron dejar definitivamente la obra de lado.<\/p>\n\n\n\n<p>Seg\u00fan dijo Su\u00e1rez, el laudo que firm\u00f3 el \u00b4presidente implica una nueva evaluaci\u00f3n de ese tipo y deriva la aprobaci\u00f3n de las obras a lo que decida el consejo de gobernadores del Comit\u00e9 Interjurisdiccional del R\u00edo Colorado (COIRCO), cuyos miembros deben tomar una resoluci\u00f3n en forma un\u00e1nime. Como La Pampa se va a oponer, Su\u00e1rez advirti\u00f3 lo que suceder\u00e1. \u201cNo vamos a poder hacer nunca la obra\u201d, dijo.<\/p>\n\n\n\n<p>Seg\u00fan el gobernador mendocino, la decisi\u00f3n del primer mandatario \u201cno es s\u00f3lo un fallo contra Mendoza y en favor de La Pampa, sino que es&nbsp;<strong>en contra de toda la Argentina\u201d<\/strong>. Por eso, afirm\u00f3, \u201ces una&nbsp;<strong>locura&nbsp;<\/strong>recibirlo hip\u00f3critamente como si nada hubiera pasado\u201d, ya que en la provincia la obra de Portezuelo del Viento \u201ces un tema en el que coinciden&nbsp;<strong>todos los partidos, e incluso La C\u00e1mpora\u201d.<\/strong><\/p>\n\n\n\n<p>Adem\u00e1s, Su\u00e1rez critic\u00f3 la&nbsp;<strong>ofensiva&nbsp;<\/strong>de Alberto Fern\u00e1ndez contra la Corte Suprema es&nbsp;<strong>\u201cun ataque a las instituciones para congraciarse con Cristina Kirchner\u201d&nbsp;<\/strong>y consider\u00f3 que el pedido de juicio pol\u00edtico contra el alto tribunal por parte del Gobierno&nbsp;<strong>\u201cno le hace bien a la econom\u00eda argentina\u201d.<\/strong><\/p>\n\n\n\n<p><strong>\u2014 \u00bfPor qu\u00e9 no recibir\u00e1 al presidente?<\/strong><\/p>\n\n\n\n<p>\u2014El \u00faltimo d\u00eda de 2022, dict\u00f3 el laudo de Portezuelo del Viento, sobre lo que ven\u00edamos insistiendo desde hace mucho tiempo. Hicimos todo el proceso licitatorio y yo no adjudiqu\u00e9 las obras a partir de una declaraci\u00f3n que hizo el presidente cuando asumi\u00f3, cuando dijo que Portezuelo no se iba a hacer si no hab\u00eda acuerdo con La Pampa. Nosotros abrimos las antenas en ese momento y hemos sido muy precavidos hasta que lleg\u00f3 el momento en que tuvo que laudar a favor de nosotros. Hicimos todos los estudios de impacto ambiental, aprobados por el COIRCO desde el comit\u00e9 ejecutivo, donde est\u00e1n los t\u00e9cnicos, pero el consejo de gobernadores s\u00f3lo decide por unanimidad. Si hay una oposici\u00f3n no puede aceptar nada. Por eso cuando el presidente laud\u00f3, dijo que hay que hacer estudios nuevos y que debe someterse al consejo de gobernadores, implica que La Pampa se va a oponer y que no vamos a poder hacer nunca la obra. Fue una manera de decirnos que no con otras palabras. Eso fue hace 17 d\u00edas. Por eso no se me pasa por la cabeza c\u00f3mo se le ocurre venir a Mendoza despu\u00e9s de laudar en contra de la provincia. Este es un tema de agenda absoluta de todos los partidos y hasta de La C\u00e1mpora.<\/p>\n\n\n\n<p><strong>\u2014 \u00bfPor qu\u00e9 cree que visitar\u00e1 igual la provincia?<\/strong><\/p>\n\n\n\n<p>\u2014 No le encuentro explicaci\u00f3n. Para nuestra provincia significa 10 mil empleos y 240 mega de energ\u00eda. Pero no es s\u00f3lo un fallo contra Mendoza y en favor de La Pampa, sino contra toda la Argentina.<\/p>\n\n\n\n<p><strong>\u2014 \u00bfEl laudo es un gui\u00f1o a La Pampa?<\/strong><\/p>\n\n\n\n<p>\u2014 Es un gui\u00f1o absoluto a La Pampa.<\/p>\n\n\n\n<p><strong>\u2014 \u00bfPor motivos pol\u00edticos?<\/strong><\/p>\n\n\n\n<p>\u2014 Hay que pregunt\u00e1rselo a \u00e9l. No podemos hacer la obra en estas condiciones. Es absurdo hacer los estudios porque La Pampa va a decir que no y as\u00ed no se aprobar\u00e1. Le dije al Presidente que esta ser\u00eda la obra m\u00e1s importante que se iba a iniciar en Latinoam\u00e9rica. Me solidarizo con la bronca que hay entre la gente. Es una locura recibirlo hip\u00f3critamente como si nada hubiera pasado.<\/p>\n\n\n\n<p><strong>\u2014 \u00bfYa le avis\u00f3 al Gobierno su decisi\u00f3n?<\/strong><\/p>\n\n\n\n<p>\u2014 Por supuesto. Llam\u00e9 a Presidencia y habl\u00e9 con Julio Vitobello (secretario general de la Presidencia) y le dije que no lo iba a acompa\u00f1ar porque estamos indignados con la resoluci\u00f3n que dict\u00f3.<\/p>\n\n\n\n<p><strong>\u2014 El ministro del Interior, Eduardo \u201cWado\u201d de Pedro, atribuy\u00f3 su decisi\u00f3n a la campa\u00f1a electoral.<\/strong><\/p>\n\n\n\n<p>\u2014 \u00bfQu\u00e9 campa\u00f1a si no soy candidato a nada? Es Alberto el que va a venir de campa\u00f1a.<\/p>\n\n\n\n<p><strong>\u2014 \u00bfNo considera que su actitud es parecida a la que siempre se le critica al kirchnerismo?<\/strong><\/p>\n\n\n\n<p>\u2014 Lo pens\u00e9, pero represento al pueblo de Mendoza y hasta los propios (aliados al gobierno nacional) lo condenaron por este laudo. Es el sentimiento de toda la provincia. Si no, ahora estar\u00edamos festejando y adjudicando la obra. No puedo ser hip\u00f3crita, ponerme al lado del presidente y re\u00edrme si hace 17 d\u00edas nos peg\u00f3 un palazo. El problema es la torpeza de \u00e9l, que no deber\u00eda venir a Mendoza y deber\u00eda esperar un tiempo para visitarnos. Hasta es provocativo. Ac\u00e1 la gente tiene mucha bronca.<\/p>\n","protected":false},"excerpt":{"rendered":"<p>El gobernador de Mendoza, Rodolfo Su\u00e1rez, de la UCR, est\u00e1 enojado: Alberto Fern\u00e1ndez visitar\u00e1 este mi\u00e9rcoles la provincia dos semanas despu\u00e9s de haber dictado un laudo arbitral que la perjudica&hellip;<\/p>\n","protected":false},"author":3,"featured_media":124602,"comment_status":"closed","ping_status":"open","sticky":false,"template":"","format":"standard","meta":{"_acf_changed":false,"footnotes":""},"categories":[11,8],"tags":[],"class_list":["post-213470","post","type-post","status-publish","format-standard","has-post-thumbnail","hentry","category-que-pasa","category-politica"],"acf":[],"yoast_head":"<!-- This site is optimized with the Yoast SEO plugin v27.5 - https:\/\/yoast.com\/product\/yoast-seo-wordpress\/ -->\n<title>Su\u00e1rez sigue enojado por Portezuelo y justifica por qu\u00e9 no recibe al presidente - Diario Textual<\/title>\n<meta name=\"robots\" content=\"index, follow, max-snippet:-1, max-image-preview:large, max-video-preview:-1\" \/>\n<link rel=\"canonical\" href=\"https:\/\/diariotextual.com\/inicio\/index.php\/2023\/01\/18\/suarez-sigue-enojado-por-portezuelo-y-justifica-por-que-no-recibe-al-presidente\/\" \/>\n<meta property=\"og:locale\" content=\"es_ES\" \/>\n<meta property=\"og:type\" content=\"article\" \/>\n<meta property=\"og:title\" content=\"Su\u00e1rez sigue enojado por Portezuelo y justifica por qu\u00e9 no recibe al presidente - Diario Textual\" \/>\n<meta property=\"og:description\" content=\"El gobernador de Mendoza, Rodolfo Su\u00e1rez, de la UCR, est\u00e1 enojado: Alberto Fern\u00e1ndez visitar\u00e1 este mi\u00e9rcoles la provincia dos semanas despu\u00e9s de haber dictado un laudo arbitral que la perjudica&hellip;\" \/>\n<meta property=\"og:url\" content=\"https:\/\/diariotextual.com\/inicio\/index.php\/2023\/01\/18\/suarez-sigue-enojado-por-portezuelo-y-justifica-por-que-no-recibe-al-presidente\/\" \/>\n<meta property=\"og:site_name\" content=\"Diario Textual\" \/>\n<meta property=\"article:publisher\" content=\"https:\/\/www.facebook.com\/eltextual\" \/>\n<meta property=\"article:published_time\" content=\"2023-01-18T03:00:14+00:00\" \/>\n<meta property=\"article:modified_time\" content=\"2023-01-18T16:09:16+00:00\" \/>\n<meta property=\"og:image\" content=\"https:\/\/diariotextual.com\/inicio\/wp-content\/uploads\/2020\/12\/suarezrodolfomdzol2020-1.jpg\" \/>\n\t<meta property=\"og:image:width\" content=\"848\" \/>\n\t<meta property=\"og:image:height\" content=\"477\" \/>\n\t<meta property=\"og:image:type\" content=\"image\/jpeg\" \/>\n<meta name=\"author\" content=\"Diario1 Diario1\" \/>\n<meta name=\"twitter:card\" content=\"summary_large_image\" \/>\n<meta name=\"twitter:creator\" content=\"@eltextual\" \/>\n<meta name=\"twitter:site\" content=\"@eltextual\" \/>\n<meta name=\"twitter:label1\" content=\"Escrito por\" \/>\n\t<meta name=\"twitter:data1\" content=\"Diario1 Diario1\" \/>\n\t<meta name=\"twitter:label2\" content=\"Tiempo de lectura\" \/>\n\t<meta name=\"twitter:data2\" content=\"5 minutos\" \/>\n<script type=\"application\/ld+json\" class=\"yoast-schema-graph\">{\"@context\":\"https:\\\/\\\/schema.org\",\"@graph\":[{\"@type\":\"Article\",\"@id\":\"https:\\\/\\\/diariotextual.com\\\/inicio\\\/index.php\\\/2023\\\/01\\\/18\\\/suarez-sigue-enojado-por-portezuelo-y-justifica-por-que-no-recibe-al-presidente\\\/#article\",\"isPartOf\":{\"@id\":\"https:\\\/\\\/diariotextual.com\\\/inicio\\\/index.php\\\/2023\\\/01\\\/18\\\/suarez-sigue-enojado-por-portezuelo-y-justifica-por-que-no-recibe-al-presidente\\\/\"},\"author\":{\"name\":\"Diario1 Diario1\",\"@id\":\"https:\\\/\\\/diariotextual.com\\\/inicio\\\/#\\\/schema\\\/person\\\/418fc4093c33e86ed41562db3508f958\"},\"headline\":\"Su\u00e1rez sigue enojado por Portezuelo y justifica por qu\u00e9 no recibe al presidente\",\"datePublished\":\"2023-01-18T03:00:14+00:00\",\"dateModified\":\"2023-01-18T16:09:16+00:00\",\"mainEntityOfPage\":{\"@id\":\"https:\\\/\\\/diariotextual.com\\\/inicio\\\/index.php\\\/2023\\\/01\\\/18\\\/suarez-sigue-enojado-por-portezuelo-y-justifica-por-que-no-recibe-al-presidente\\\/\"},\"wordCount\":1004,\"publisher\":{\"@id\":\"https:\\\/\\\/diariotextual.com\\\/inicio\\\/#organization\"},\"image\":{\"@id\":\"https:\\\/\\\/diariotextual.com\\\/inicio\\\/index.php\\\/2023\\\/01\\\/18\\\/suarez-sigue-enojado-por-portezuelo-y-justifica-por-que-no-recibe-al-presidente\\\/#primaryimage\"},\"thumbnailUrl\":\"https:\\\/\\\/diariotextual.com\\\/inicio\\\/wp-content\\\/uploads\\\/2020\\\/12\\\/suarezrodolfomdzol2020-1.jpg\",\"articleSection\":[\"A - QUE PASA (al costado)\",\"POLITICA\"],\"inLanguage\":\"es\"},{\"@type\":\"WebPage\",\"@id\":\"https:\\\/\\\/diariotextual.com\\\/inicio\\\/index.php\\\/2023\\\/01\\\/18\\\/suarez-sigue-enojado-por-portezuelo-y-justifica-por-que-no-recibe-al-presidente\\\/\",\"url\":\"https:\\\/\\\/diariotextual.com\\\/inicio\\\/index.php\\\/2023\\\/01\\\/18\\\/suarez-sigue-enojado-por-portezuelo-y-justifica-por-que-no-recibe-al-presidente\\\/\",\"name\":\"Su\u00e1rez sigue enojado por Portezuelo y justifica por qu\u00e9 no recibe al presidente - Diario Textual\",\"isPartOf\":{\"@id\":\"https:\\\/\\\/diariotextual.com\\\/inicio\\\/#website\"},\"primaryImageOfPage\":{\"@id\":\"https:\\\/\\\/diariotextual.com\\\/inicio\\\/index.php\\\/2023\\\/01\\\/18\\\/suarez-sigue-enojado-por-portezuelo-y-justifica-por-que-no-recibe-al-presidente\\\/#primaryimage\"},\"image\":{\"@id\":\"https:\\\/\\\/diariotextual.com\\\/inicio\\\/index.php\\\/2023\\\/01\\\/18\\\/suarez-sigue-enojado-por-portezuelo-y-justifica-por-que-no-recibe-al-presidente\\\/#primaryimage\"},\"thumbnailUrl\":\"https:\\\/\\\/diariotextual.com\\\/inicio\\\/wp-content\\\/uploads\\\/2020\\\/12\\\/suarezrodolfomdzol2020-1.jpg\",\"datePublished\":\"2023-01-18T03:00:14+00:00\",\"dateModified\":\"2023-01-18T16:09:16+00:00\",\"breadcrumb\":{\"@id\":\"https:\\\/\\\/diariotextual.com\\\/inicio\\\/index.php\\\/2023\\\/01\\\/18\\\/suarez-sigue-enojado-por-portezuelo-y-justifica-por-que-no-recibe-al-presidente\\\/#breadcrumb\"},\"inLanguage\":\"es\",\"potentialAction\":[{\"@type\":\"ReadAction\",\"target\":[\"https:\\\/\\\/diariotextual.com\\\/inicio\\\/index.php\\\/2023\\\/01\\\/18\\\/suarez-sigue-enojado-por-portezuelo-y-justifica-por-que-no-recibe-al-presidente\\\/\"]}]},{\"@type\":\"ImageObject\",\"inLanguage\":\"es\",\"@id\":\"https:\\\/\\\/diariotextual.com\\\/inicio\\\/index.php\\\/2023\\\/01\\\/18\\\/suarez-sigue-enojado-por-portezuelo-y-justifica-por-que-no-recibe-al-presidente\\\/#primaryimage\",\"url\":\"https:\\\/\\\/diariotextual.com\\\/inicio\\\/wp-content\\\/uploads\\\/2020\\\/12\\\/suarezrodolfomdzol2020-1.jpg\",\"contentUrl\":\"https:\\\/\\\/diariotextual.com\\\/inicio\\\/wp-content\\\/uploads\\\/2020\\\/12\\\/suarezrodolfomdzol2020-1.jpg\",\"width\":848,\"height\":477},{\"@type\":\"BreadcrumbList\",\"@id\":\"https:\\\/\\\/diariotextual.com\\\/inicio\\\/index.php\\\/2023\\\/01\\\/18\\\/suarez-sigue-enojado-por-portezuelo-y-justifica-por-que-no-recibe-al-presidente\\\/#breadcrumb\",\"itemListElement\":[{\"@type\":\"ListItem\",\"position\":1,\"name\":\"Portada\",\"item\":\"https:\\\/\\\/diariotextual.com\\\/inicio\\\/\"},{\"@type\":\"ListItem\",\"position\":2,\"name\":\"Su\u00e1rez sigue enojado por Portezuelo y justifica por qu\u00e9 no recibe al presidente\"}]},{\"@type\":\"WebSite\",\"@id\":\"https:\\\/\\\/diariotextual.com\\\/inicio\\\/#website\",\"url\":\"https:\\\/\\\/diariotextual.com\\\/inicio\\\/\",\"name\":\"Diario Textual\",\"description\":\"\",\"publisher\":{\"@id\":\"https:\\\/\\\/diariotextual.com\\\/inicio\\\/#organization\"},\"potentialAction\":[{\"@type\":\"SearchAction\",\"target\":{\"@type\":\"EntryPoint\",\"urlTemplate\":\"https:\\\/\\\/diariotextual.com\\\/inicio\\\/?s={search_term_string}\"},\"query-input\":{\"@type\":\"PropertyValueSpecification\",\"valueRequired\":true,\"valueName\":\"search_term_string\"}}],\"inLanguage\":\"es\"},{\"@type\":\"Organization\",\"@id\":\"https:\\\/\\\/diariotextual.com\\\/inicio\\\/#organization\",\"name\":\"Diario Textual\",\"url\":\"https:\\\/\\\/diariotextual.com\\\/inicio\\\/\",\"logo\":{\"@type\":\"ImageObject\",\"inLanguage\":\"es\",\"@id\":\"https:\\\/\\\/diariotextual.com\\\/inicio\\\/#\\\/schema\\\/logo\\\/image\\\/\",\"url\":\"https:\\\/\\\/diariotextual.com\\\/inicio\\\/wp-content\\\/uploads\\\/2023\\\/05\\\/logotextual1.jpg\",\"contentUrl\":\"https:\\\/\\\/diariotextual.com\\\/inicio\\\/wp-content\\\/uploads\\\/2023\\\/05\\\/logotextual1.jpg\",\"width\":516,\"height\":76,\"caption\":\"Diario Textual\"},\"image\":{\"@id\":\"https:\\\/\\\/diariotextual.com\\\/inicio\\\/#\\\/schema\\\/logo\\\/image\\\/\"},\"sameAs\":[\"https:\\\/\\\/www.facebook.com\\\/eltextual\",\"https:\\\/\\\/x.com\\\/eltextual\",\"http:\\\/\\\/www.instagram.com\\\/eltextual\"]},{\"@type\":\"Person\",\"@id\":\"https:\\\/\\\/diariotextual.com\\\/inicio\\\/#\\\/schema\\\/person\\\/418fc4093c33e86ed41562db3508f958\",\"name\":\"Diario1 Diario1\",\"image\":{\"@type\":\"ImageObject\",\"inLanguage\":\"es\",\"@id\":\"https:\\\/\\\/secure.gravatar.com\\\/avatar\\\/9167d280179c85bc18be67aa7eda765854300033af4896dd779b608640f2ef7a?s=96&d=mm&r=g\",\"url\":\"https:\\\/\\\/secure.gravatar.com\\\/avatar\\\/9167d280179c85bc18be67aa7eda765854300033af4896dd779b608640f2ef7a?s=96&d=mm&r=g\",\"contentUrl\":\"https:\\\/\\\/secure.gravatar.com\\\/avatar\\\/9167d280179c85bc18be67aa7eda765854300033af4896dd779b608640f2ef7a?s=96&d=mm&r=g\",\"caption\":\"Diario1 Diario1\"},\"url\":\"https:\\\/\\\/diariotextual.com\\\/inicio\\\/index.php\\\/author\\\/diario1\\\/\"}]}<\/script>\n<!-- \/ Yoast SEO plugin. -->","yoast_head_json":{"title":"Su\u00e1rez sigue enojado por Portezuelo y justifica por qu\u00e9 no recibe al presidente - Diario Textual","robots":{"index":"index","follow":"follow","max-snippet":"max-snippet:-1","max-image-preview":"max-image-preview:large","max-video-preview":"max-video-preview:-1"},"canonical":"https:\/\/diariotextual.com\/inicio\/index.php\/2023\/01\/18\/suarez-sigue-enojado-por-portezuelo-y-justifica-por-que-no-recibe-al-presidente\/","og_locale":"es_ES","og_type":"article","og_title":"Su\u00e1rez sigue enojado por Portezuelo y justifica por qu\u00e9 no recibe al presidente - Diario Textual","og_description":"El gobernador de Mendoza, Rodolfo Su\u00e1rez, de la UCR, est\u00e1 enojado: Alberto Fern\u00e1ndez visitar\u00e1 este mi\u00e9rcoles la provincia dos semanas despu\u00e9s de haber dictado un laudo arbitral que la perjudica&hellip;","og_url":"https:\/\/diariotextual.com\/inicio\/index.php\/2023\/01\/18\/suarez-sigue-enojado-por-portezuelo-y-justifica-por-que-no-recibe-al-presidente\/","og_site_name":"Diario Textual","article_publisher":"https:\/\/www.facebook.com\/eltextual","article_published_time":"2023-01-18T03:00:14+00:00","article_modified_time":"2023-01-18T16:09:16+00:00","og_image":[{"width":848,"height":477,"url":"https:\/\/diariotextual.com\/inicio\/wp-content\/uploads\/2020\/12\/suarezrodolfomdzol2020-1.jpg","type":"image\/jpeg"}],"author":"Diario1 Diario1","twitter_card":"summary_large_image","twitter_creator":"@eltextual","twitter_site":"@eltextual","twitter_misc":{"Escrito por":"Diario1 Diario1","Tiempo de lectura":"5 minutos"},"schema":{"@context":"https:\/\/schema.org","@graph":[{"@type":"Article","@id":"https:\/\/diariotextual.com\/inicio\/index.php\/2023\/01\/18\/suarez-sigue-enojado-por-portezuelo-y-justifica-por-que-no-recibe-al-presidente\/#article","isPartOf":{"@id":"https:\/\/diariotextual.com\/inicio\/index.php\/2023\/01\/18\/suarez-sigue-enojado-por-portezuelo-y-justifica-por-que-no-recibe-al-presidente\/"},"author":{"name":"Diario1 Diario1","@id":"https:\/\/diariotextual.com\/inicio\/#\/schema\/person\/418fc4093c33e86ed41562db3508f958"},"headline":"Su\u00e1rez sigue enojado por Portezuelo y justifica por qu\u00e9 no recibe al presidente","datePublished":"2023-01-18T03:00:14+00:00","dateModified":"2023-01-18T16:09:16+00:00","mainEntityOfPage":{"@id":"https:\/\/diariotextual.com\/inicio\/index.php\/2023\/01\/18\/suarez-sigue-enojado-por-portezuelo-y-justifica-por-que-no-recibe-al-presidente\/"},"wordCount":1004,"publisher":{"@id":"https:\/\/diariotextual.com\/inicio\/#organization"},"image":{"@id":"https:\/\/diariotextual.com\/inicio\/index.php\/2023\/01\/18\/suarez-sigue-enojado-por-portezuelo-y-justifica-por-que-no-recibe-al-presidente\/#primaryimage"},"thumbnailUrl":"https:\/\/diariotextual.com\/inicio\/wp-content\/uploads\/2020\/12\/suarezrodolfomdzol2020-1.jpg","articleSection":["A - QUE PASA (al costado)","POLITICA"],"inLanguage":"es"},{"@type":"WebPage","@id":"https:\/\/diariotextual.com\/inicio\/index.php\/2023\/01\/18\/suarez-sigue-enojado-por-portezuelo-y-justifica-por-que-no-recibe-al-presidente\/","url":"https:\/\/diariotextual.com\/inicio\/index.php\/2023\/01\/18\/suarez-sigue-enojado-por-portezuelo-y-justifica-por-que-no-recibe-al-presidente\/","name":"Su\u00e1rez sigue enojado por Portezuelo y justifica por qu\u00e9 no recibe al presidente - Diario Textual","isPartOf":{"@id":"https:\/\/diariotextual.com\/inicio\/#website"},"primaryImageOfPage":{"@id":"https:\/\/diariotextual.com\/inicio\/index.php\/2023\/01\/18\/suarez-sigue-enojado-por-portezuelo-y-justifica-por-que-no-recibe-al-presidente\/#primaryimage"},"image":{"@id":"https:\/\/diariotextual.com\/inicio\/index.php\/2023\/01\/18\/suarez-sigue-enojado-por-portezuelo-y-justifica-por-que-no-recibe-al-presidente\/#primaryimage"},"thumbnailUrl":"https:\/\/diariotextual.com\/inicio\/wp-content\/uploads\/2020\/12\/suarezrodolfomdzol2020-1.jpg","datePublished":"2023-01-18T03:00:14+00:00","dateModified":"2023-01-18T16:09:16+00:00","breadcrumb":{"@id":"https:\/\/diariotextual.com\/inicio\/index.php\/2023\/01\/18\/suarez-sigue-enojado-por-portezuelo-y-justifica-por-que-no-recibe-al-presidente\/#breadcrumb"},"inLanguage":"es","potentialAction":[{"@type":"ReadAction","target":["https:\/\/diariotextual.com\/inicio\/index.php\/2023\/01\/18\/suarez-sigue-enojado-por-portezuelo-y-justifica-por-que-no-recibe-al-presidente\/"]}]},{"@type":"ImageObject","inLanguage":"es","@id":"https:\/\/diariotextual.com\/inicio\/index.php\/2023\/01\/18\/suarez-sigue-enojado-por-portezuelo-y-justifica-por-que-no-recibe-al-presidente\/#primaryimage","url":"https:\/\/diariotextual.com\/inicio\/wp-content\/uploads\/2020\/12\/suarezrodolfomdzol2020-1.jpg","contentUrl":"https:\/\/diariotextual.com\/inicio\/wp-content\/uploads\/2020\/12\/suarezrodolfomdzol2020-1.jpg","width":848,"height":477},{"@type":"BreadcrumbList","@id":"https:\/\/diariotextual.com\/inicio\/index.php\/2023\/01\/18\/suarez-sigue-enojado-por-portezuelo-y-justifica-por-que-no-recibe-al-presidente\/#breadcrumb","itemListElement":[{"@type":"ListItem","position":1,"name":"Portada","item":"https:\/\/diariotextual.com\/inicio\/"},{"@type":"ListItem","position":2,"name":"Su\u00e1rez sigue enojado por Portezuelo y justifica por qu\u00e9 no recibe al presidente"}]},{"@type":"WebSite","@id":"https:\/\/diariotextual.com\/inicio\/#website","url":"https:\/\/diariotextual.com\/inicio\/","name":"Diario Textual","description":"","publisher":{"@id":"https:\/\/diariotextual.com\/inicio\/#organization"},"potentialAction":[{"@type":"SearchAction","target":{"@type":"EntryPoint","urlTemplate":"https:\/\/diariotextual.com\/inicio\/?s={search_term_string}"},"query-input":{"@type":"PropertyValueSpecification","valueRequired":true,"valueName":"search_term_string"}}],"inLanguage":"es"},{"@type":"Organization","@id":"https:\/\/diariotextual.com\/inicio\/#organization","name":"Diario Textual","url":"https:\/\/diariotextual.com\/inicio\/","logo":{"@type":"ImageObject","inLanguage":"es","@id":"https:\/\/diariotextual.com\/inicio\/#\/schema\/logo\/image\/","url":"https:\/\/diariotextual.com\/inicio\/wp-content\/uploads\/2023\/05\/logotextual1.jpg","contentUrl":"https:\/\/diariotextual.com\/inicio\/wp-content\/uploads\/2023\/05\/logotextual1.jpg","width":516,"height":76,"caption":"Diario Textual"},"image":{"@id":"https:\/\/diariotextual.com\/inicio\/#\/schema\/logo\/image\/"},"sameAs":["https:\/\/www.facebook.com\/eltextual","https:\/\/x.com\/eltextual","http:\/\/www.instagram.com\/eltextual"]},{"@type":"Person","@id":"https:\/\/diariotextual.com\/inicio\/#\/schema\/person\/418fc4093c33e86ed41562db3508f958","name":"Diario1 Diario1","image":{"@type":"ImageObject","inLanguage":"es","@id":"https:\/\/secure.gravatar.com\/avatar\/9167d280179c85bc18be67aa7eda765854300033af4896dd779b608640f2ef7a?s=96&d=mm&r=g","url":"https:\/\/secure.gravatar.com\/avatar\/9167d280179c85bc18be67aa7eda765854300033af4896dd779b608640f2ef7a?s=96&d=mm&r=g","contentUrl":"https:\/\/secure.gravatar.com\/avatar\/9167d280179c85bc18be67aa7eda765854300033af4896dd779b608640f2ef7a?s=96&d=mm&r=g","caption":"Diario1 Diario1"},"url":"https:\/\/diariotextual.com\/inicio\/index.php\/author\/diario1\/"}]}},"_links":{"self":[{"href":"https:\/\/diariotextual.com\/inicio\/index.php\/wp-json\/wp\/v2\/posts\/213470","targetHints":{"allow":["GET"]}}],"collection":[{"href":"https:\/\/diariotextual.com\/inicio\/index.php\/wp-json\/wp\/v2\/posts"}],"about":[{"href":"https:\/\/diariotextual.com\/inicio\/index.php\/wp-json\/wp\/v2\/types\/post"}],"author":[{"embeddable":true,"href":"https:\/\/diariotextual.com\/inicio\/index.php\/wp-json\/wp\/v2\/users\/3"}],"replies":[{"embeddable":true,"href":"https:\/\/diariotextual.com\/inicio\/index.php\/wp-json\/wp\/v2\/comments?post=213470"}],"version-history":[{"count":1,"href":"https:\/\/diariotextual.com\/inicio\/index.php\/wp-json\/wp\/v2\/posts\/213470\/revisions"}],"predecessor-version":[{"id":213471,"href":"https:\/\/diariotextual.com\/inicio\/index.php\/wp-json\/wp\/v2\/posts\/213470\/revisions\/213471"}],"wp:featuredmedia":[{"embeddable":true,"href":"https:\/\/diariotextual.com\/inicio\/index.php\/wp-json\/wp\/v2\/media\/124602"}],"wp:attachment":[{"href":"https:\/\/diariotextual.com\/inicio\/index.php\/wp-json\/wp\/v2\/media?parent=213470"}],"wp:term":[{"taxonomy":"category","embeddable":true,"href":"https:\/\/diariotextual.com\/inicio\/index.php\/wp-json\/wp\/v2\/categories?post=213470"},{"taxonomy":"post_tag","embeddable":true,"href":"https:\/\/diariotextual.com\/inicio\/index.php\/wp-json\/wp\/v2\/tags?post=213470"}],"curies":[{"name":"wp","href":"https:\/\/api.w.org\/{rel}","templated":true}]}}