{"id":213473,"date":"2023-01-18T08:05:31","date_gmt":"2023-01-18T11:05:31","guid":{"rendered":"https:\/\/diariotextual.com\/inicio\/?p=213473"},"modified":"2023-01-18T08:05:33","modified_gmt":"2023-01-18T11:05:33","slug":"portezuelo-de-pedro-defendio-laudo-presidencial-y-critico-al-gobernador-de-mendoza","status":"publish","type":"post","link":"https:\/\/diariotextual.com\/inicio\/index.php\/2023\/01\/18\/portezuelo-de-pedro-defendio-laudo-presidencial-y-critico-al-gobernador-de-mendoza\/","title":{"rendered":"Portezuelo: De Pedro defendi\u00f3 laudo presidencial y critic\u00f3 al gobernador de Mendoza"},"content":{"rendered":"\n<p>El ministro del Interior,\u00a0<strong>Eduardo de Pedro<\/strong>, reivindic\u00f3 el\u00a0<strong>laudo presidencial<\/strong>\u00a0por la obra h\u00eddrica\u00a0<strong>Portezuelo del Viento<\/strong> y critic\u00f3 al gobernador mendocino Rodolfo Su\u00e1rez por no recibir al presidente. \u201cAlberto laud\u00f3 en el mismo sentido que el expresidente Macri en favor de un estudio de impacto ambiental que es tambi\u00e9n en favor de los mendocinos\u201d, dijo, y acus\u00f3 al mandatario provincial de tener una actitud \u201cpoco democr\u00e1tica y antirrepublicana\u201d.<\/p>\n\n\n\n<figure class=\"wp-block-embed is-type-wp-embed is-provider-diario-textual wp-block-embed-diario-textual\"><div class=\"wp-block-embed__wrapper\">\n<blockquote class=\"wp-embedded-content\" data-secret=\"JP5OcYqbiR\"><a href=\"https:\/\/diariotextual.com\/inicio\/index.php\/2023\/01\/18\/suarez-sigue-enojado-por-portezuelo-y-justifica-por-que-no-recibe-al-presidente\/\">Su\u00e1rez sigue enojado por Portezuelo y justifica por qu\u00e9 no recibe al presidente<\/a><\/blockquote><iframe class=\"wp-embedded-content\" sandbox=\"allow-scripts\" security=\"restricted\" style=\"position: absolute; clip: rect(1px, 1px, 1px, 1px);\" title=\"\u00abSu\u00e1rez sigue enojado por Portezuelo y justifica por qu\u00e9 no recibe al presidente\u00bb \u2014 Diario Textual\" src=\"https:\/\/diariotextual.com\/inicio\/index.php\/2023\/01\/18\/suarez-sigue-enojado-por-portezuelo-y-justifica-por-que-no-recibe-al-presidente\/embed\/#?secret=BhKlB7OFtU#?secret=JP5OcYqbiR\" data-secret=\"JP5OcYqbiR\" width=\"600\" height=\"338\" frameborder=\"0\" marginwidth=\"0\" marginheight=\"0\" scrolling=\"no\"><\/iframe>\n<\/div><\/figure>\n\n\n\n<p>El laudo presidencial dispuso que se realicen estudios de impacto ambiental antes de la construcci\u00f3n de la obra. Eso signific\u00f3 un rev\u00e9s para Mendoza, que pretend\u00eda construirla sin un estudio integral de la cuenca. Y dispar\u00f3 el enojo de su gobernador, que decidi\u00f3 no recibir al presidente en su visita a la provincia cuyana.<\/p>\n\n\n\n<p>De Pedro cuestion\u00f3 esa decisi\u00f3n de Su\u00e1rez. \u201cAlberto laud\u00f3 en el mismo sentido que el expresidente Macri en favor de un estudio de impacto ambiental que es tambi\u00e9n en favor de los mendocinos\u201d,\u00a0dijo el ministro del Interior en un comunicado, al destacar la decisi\u00f3n del presidente emitida el pasado 29 de diciembre.<\/p>\n\n\n\n<p>\u201cEl agua es un recurso estrat\u00e9gico para el desarrollo y el futuro, y cualquier obra de esta envergadura debe ser respaldada con un estudio de impacto ambiental\u201d, sostuvo.<\/p>\n\n\n\n<p>De Pedro dijo que el viaje del presidente a Mendoza es oficial y tiene por objetivo inaugurar una obra que mejorar\u00e1 la calidad de vida de 340 mil mendocinos: la planta purificadora de Paramillo, que gener\u00f3 adem\u00e1s 250 puestos de trabajo y requiri\u00f3 una inversi\u00f3n de m\u00e1s de 3 mil millones de pesos del Gobierno nacional para la provincia de Mendoza.<\/p>\n\n\n\n<p>\u201cNo recibir a un presidente para inaugurar una obra en beneficio de los habitantes es una actitud poco democr\u00e1tica y antirrepublicana. Parece que lo que Su\u00e1rez, no quiere, es mostrar esta obra porque atenta contra su relato de autovictimizaci\u00f3n permanente\u201d,\u00a0dijo De Pedro.<\/p>\n\n\n\n<p>El Ministerio del Interior record\u00f3 que el presidente instruy\u00f3 al Ministerio de Ambiente y Desarrollo Sostenible y a la Secretar\u00eda de Infraestructura y Pol\u00edtica H\u00eddrica del Ministerio de Obras P\u00fablicas, a colaborar con el Comit\u00e9 Interjurisdiccional del R\u00edo Colorado en la elaboraci\u00f3n de los procedimientos t\u00e9cnico administrativos necesarios para la realizaci\u00f3n del estudio de impacto ambiental de la obra Portezuelo del Viento.<\/p>\n\n\n\n<p>El proyecto Portezuelo del Viento es una presa destinada a brindar energ\u00eda a unos 130 mil habitantes, que se prev\u00e9 construir en el R\u00edo Grande, afluente del R\u00edo Colorado. <\/p>\n\n\n\n<p>El Colorado atraviesa las provincias de Mendoza, Neuqu\u00e9n, R\u00edo Negro, La Pampa y Buenos Aires. En 1976 se cre\u00f3 el COIRCO, cuyo objetivo es, por ejemplo, procurar una distribuci\u00f3n equitativa de las aguas en beneficio com\u00fan. <\/p>\n","protected":false},"excerpt":{"rendered":"<p>El ministro del Interior,\u00a0Eduardo de Pedro, reivindic\u00f3 el\u00a0laudo presidencial\u00a0por la obra h\u00eddrica\u00a0Portezuelo del Viento y critic\u00f3 al gobernador mendocino Rodolfo Su\u00e1rez por no recibir al presidente. \u201cAlberto laud\u00f3 en el&hellip;<\/p>\n","protected":false},"author":7,"featured_media":213474,"comment_status":"closed","ping_status":"open","sticky":false,"template":"","format":"standard","meta":{"_acf_changed":false,"footnotes":""},"categories":[4,8],"tags":[],"class_list":["post-213473","post","type-post","status-publish","format-standard","has-post-thumbnail","hentry","category-destacadas","category-politica"],"acf":[],"yoast_head":"<!-- This site is optimized with the Yoast SEO plugin v27.5 - https:\/\/yoast.com\/product\/yoast-seo-wordpress\/ -->\n<title>Portezuelo: De Pedro defendi\u00f3 laudo presidencial y critic\u00f3 al gobernador de Mendoza - Diario Textual<\/title>\n<meta name=\"robots\" content=\"index, follow, max-snippet:-1, max-image-preview:large, max-video-preview:-1\" \/>\n<link rel=\"canonical\" href=\"https:\/\/diariotextual.com\/inicio\/index.php\/2023\/01\/18\/portezuelo-de-pedro-defendio-laudo-presidencial-y-critico-al-gobernador-de-mendoza\/\" \/>\n<meta property=\"og:locale\" content=\"es_ES\" \/>\n<meta property=\"og:type\" content=\"article\" \/>\n<meta property=\"og:title\" content=\"Portezuelo: De Pedro defendi\u00f3 laudo presidencial y critic\u00f3 al gobernador de Mendoza - Diario Textual\" \/>\n<meta property=\"og:description\" content=\"El ministro del Interior,\u00a0Eduardo de Pedro, reivindic\u00f3 el\u00a0laudo presidencial\u00a0por la obra h\u00eddrica\u00a0Portezuelo del Viento y critic\u00f3 al gobernador mendocino Rodolfo Su\u00e1rez por no recibir al presidente. \u201cAlberto laud\u00f3 en el&hellip;\" \/>\n<meta property=\"og:url\" content=\"https:\/\/diariotextual.com\/inicio\/index.php\/2023\/01\/18\/portezuelo-de-pedro-defendio-laudo-presidencial-y-critico-al-gobernador-de-mendoza\/\" \/>\n<meta property=\"og:site_name\" content=\"Diario Textual\" \/>\n<meta property=\"article:publisher\" content=\"https:\/\/www.facebook.com\/eltextual\" \/>\n<meta property=\"article:published_time\" content=\"2023-01-18T11:05:31+00:00\" \/>\n<meta property=\"article:modified_time\" content=\"2023-01-18T11:05:33+00:00\" \/>\n<meta property=\"og:image\" content=\"https:\/\/diariotextual.com\/inicio\/wp-content\/uploads\/2023\/01\/depedrowado.jpg\" \/>\n\t<meta property=\"og:image:width\" content=\"1200\" \/>\n\t<meta property=\"og:image:height\" content=\"675\" \/>\n\t<meta property=\"og:image:type\" content=\"image\/jpeg\" \/>\n<meta name=\"author\" content=\"diario5\" \/>\n<meta name=\"twitter:card\" content=\"summary_large_image\" \/>\n<meta name=\"twitter:creator\" content=\"@eltextual\" \/>\n<meta name=\"twitter:site\" content=\"@eltextual\" \/>\n<meta name=\"twitter:label1\" content=\"Escrito por\" \/>\n\t<meta name=\"twitter:data1\" content=\"diario5\" \/>\n\t<meta name=\"twitter:label2\" content=\"Tiempo de lectura\" \/>\n\t<meta name=\"twitter:data2\" content=\"3 minutos\" \/>\n<script type=\"application\/ld+json\" class=\"yoast-schema-graph\">{\"@context\":\"https:\\\/\\\/schema.org\",\"@graph\":[{\"@type\":\"Article\",\"@id\":\"https:\\\/\\\/diariotextual.com\\\/inicio\\\/index.php\\\/2023\\\/01\\\/18\\\/portezuelo-de-pedro-defendio-laudo-presidencial-y-critico-al-gobernador-de-mendoza\\\/#article\",\"isPartOf\":{\"@id\":\"https:\\\/\\\/diariotextual.com\\\/inicio\\\/index.php\\\/2023\\\/01\\\/18\\\/portezuelo-de-pedro-defendio-laudo-presidencial-y-critico-al-gobernador-de-mendoza\\\/\"},\"author\":{\"name\":\"diario5\",\"@id\":\"https:\\\/\\\/diariotextual.com\\\/inicio\\\/#\\\/schema\\\/person\\\/c7834961ad8b29b1d9cdbf4571299067\"},\"headline\":\"Portezuelo: De Pedro defendi\u00f3 laudo presidencial y critic\u00f3 al gobernador de Mendoza\",\"datePublished\":\"2023-01-18T11:05:31+00:00\",\"dateModified\":\"2023-01-18T11:05:33+00:00\",\"mainEntityOfPage\":{\"@id\":\"https:\\\/\\\/diariotextual.com\\\/inicio\\\/index.php\\\/2023\\\/01\\\/18\\\/portezuelo-de-pedro-defendio-laudo-presidencial-y-critico-al-gobernador-de-mendoza\\\/\"},\"wordCount\":482,\"publisher\":{\"@id\":\"https:\\\/\\\/diariotextual.com\\\/inicio\\\/#organization\"},\"image\":{\"@id\":\"https:\\\/\\\/diariotextual.com\\\/inicio\\\/index.php\\\/2023\\\/01\\\/18\\\/portezuelo-de-pedro-defendio-laudo-presidencial-y-critico-al-gobernador-de-mendoza\\\/#primaryimage\"},\"thumbnailUrl\":\"https:\\\/\\\/diariotextual.com\\\/inicio\\\/wp-content\\\/uploads\\\/2023\\\/01\\\/depedrowado.jpg\",\"articleSection\":[\"A - DESTACADAS (mod 16)\",\"POLITICA\"],\"inLanguage\":\"es\"},{\"@type\":\"WebPage\",\"@id\":\"https:\\\/\\\/diariotextual.com\\\/inicio\\\/index.php\\\/2023\\\/01\\\/18\\\/portezuelo-de-pedro-defendio-laudo-presidencial-y-critico-al-gobernador-de-mendoza\\\/\",\"url\":\"https:\\\/\\\/diariotextual.com\\\/inicio\\\/index.php\\\/2023\\\/01\\\/18\\\/portezuelo-de-pedro-defendio-laudo-presidencial-y-critico-al-gobernador-de-mendoza\\\/\",\"name\":\"Portezuelo: De Pedro defendi\u00f3 laudo presidencial y critic\u00f3 al gobernador de Mendoza - Diario Textual\",\"isPartOf\":{\"@id\":\"https:\\\/\\\/diariotextual.com\\\/inicio\\\/#website\"},\"primaryImageOfPage\":{\"@id\":\"https:\\\/\\\/diariotextual.com\\\/inicio\\\/index.php\\\/2023\\\/01\\\/18\\\/portezuelo-de-pedro-defendio-laudo-presidencial-y-critico-al-gobernador-de-mendoza\\\/#primaryimage\"},\"image\":{\"@id\":\"https:\\\/\\\/diariotextual.com\\\/inicio\\\/index.php\\\/2023\\\/01\\\/18\\\/portezuelo-de-pedro-defendio-laudo-presidencial-y-critico-al-gobernador-de-mendoza\\\/#primaryimage\"},\"thumbnailUrl\":\"https:\\\/\\\/diariotextual.com\\\/inicio\\\/wp-content\\\/uploads\\\/2023\\\/01\\\/depedrowado.jpg\",\"datePublished\":\"2023-01-18T11:05:31+00:00\",\"dateModified\":\"2023-01-18T11:05:33+00:00\",\"breadcrumb\":{\"@id\":\"https:\\\/\\\/diariotextual.com\\\/inicio\\\/index.php\\\/2023\\\/01\\\/18\\\/portezuelo-de-pedro-defendio-laudo-presidencial-y-critico-al-gobernador-de-mendoza\\\/#breadcrumb\"},\"inLanguage\":\"es\",\"potentialAction\":[{\"@type\":\"ReadAction\",\"target\":[\"https:\\\/\\\/diariotextual.com\\\/inicio\\\/index.php\\\/2023\\\/01\\\/18\\\/portezuelo-de-pedro-defendio-laudo-presidencial-y-critico-al-gobernador-de-mendoza\\\/\"]}]},{\"@type\":\"ImageObject\",\"inLanguage\":\"es\",\"@id\":\"https:\\\/\\\/diariotextual.com\\\/inicio\\\/index.php\\\/2023\\\/01\\\/18\\\/portezuelo-de-pedro-defendio-laudo-presidencial-y-critico-al-gobernador-de-mendoza\\\/#primaryimage\",\"url\":\"https:\\\/\\\/diariotextual.com\\\/inicio\\\/wp-content\\\/uploads\\\/2023\\\/01\\\/depedrowado.jpg\",\"contentUrl\":\"https:\\\/\\\/diariotextual.com\\\/inicio\\\/wp-content\\\/uploads\\\/2023\\\/01\\\/depedrowado.jpg\",\"width\":1200,\"height\":675},{\"@type\":\"BreadcrumbList\",\"@id\":\"https:\\\/\\\/diariotextual.com\\\/inicio\\\/index.php\\\/2023\\\/01\\\/18\\\/portezuelo-de-pedro-defendio-laudo-presidencial-y-critico-al-gobernador-de-mendoza\\\/#breadcrumb\",\"itemListElement\":[{\"@type\":\"ListItem\",\"position\":1,\"name\":\"Portada\",\"item\":\"https:\\\/\\\/diariotextual.com\\\/inicio\\\/\"},{\"@type\":\"ListItem\",\"position\":2,\"name\":\"Portezuelo: De Pedro defendi\u00f3 laudo presidencial y critic\u00f3 al gobernador de Mendoza\"}]},{\"@type\":\"WebSite\",\"@id\":\"https:\\\/\\\/diariotextual.com\\\/inicio\\\/#website\",\"url\":\"https:\\\/\\\/diariotextual.com\\\/inicio\\\/\",\"name\":\"Diario Textual\",\"description\":\"\",\"publisher\":{\"@id\":\"https:\\\/\\\/diariotextual.com\\\/inicio\\\/#organization\"},\"potentialAction\":[{\"@type\":\"SearchAction\",\"target\":{\"@type\":\"EntryPoint\",\"urlTemplate\":\"https:\\\/\\\/diariotextual.com\\\/inicio\\\/?s={search_term_string}\"},\"query-input\":{\"@type\":\"PropertyValueSpecification\",\"valueRequired\":true,\"valueName\":\"search_term_string\"}}],\"inLanguage\":\"es\"},{\"@type\":\"Organization\",\"@id\":\"https:\\\/\\\/diariotextual.com\\\/inicio\\\/#organization\",\"name\":\"Diario Textual\",\"url\":\"https:\\\/\\\/diariotextual.com\\\/inicio\\\/\",\"logo\":{\"@type\":\"ImageObject\",\"inLanguage\":\"es\",\"@id\":\"https:\\\/\\\/diariotextual.com\\\/inicio\\\/#\\\/schema\\\/logo\\\/image\\\/\",\"url\":\"https:\\\/\\\/diariotextual.com\\\/inicio\\\/wp-content\\\/uploads\\\/2023\\\/05\\\/logotextual1.jpg\",\"contentUrl\":\"https:\\\/\\\/diariotextual.com\\\/inicio\\\/wp-content\\\/uploads\\\/2023\\\/05\\\/logotextual1.jpg\",\"width\":516,\"height\":76,\"caption\":\"Diario Textual\"},\"image\":{\"@id\":\"https:\\\/\\\/diariotextual.com\\\/inicio\\\/#\\\/schema\\\/logo\\\/image\\\/\"},\"sameAs\":[\"https:\\\/\\\/www.facebook.com\\\/eltextual\",\"https:\\\/\\\/x.com\\\/eltextual\",\"http:\\\/\\\/www.instagram.com\\\/eltextual\"]},{\"@type\":\"Person\",\"@id\":\"https:\\\/\\\/diariotextual.com\\\/inicio\\\/#\\\/schema\\\/person\\\/c7834961ad8b29b1d9cdbf4571299067\",\"name\":\"diario5\",\"image\":{\"@type\":\"ImageObject\",\"inLanguage\":\"es\",\"@id\":\"https:\\\/\\\/secure.gravatar.com\\\/avatar\\\/948c893b847ca6df68216ead81b63f363408ec9b0f600fefc0641ce78613b111?s=96&d=mm&r=g\",\"url\":\"https:\\\/\\\/secure.gravatar.com\\\/avatar\\\/948c893b847ca6df68216ead81b63f363408ec9b0f600fefc0641ce78613b111?s=96&d=mm&r=g\",\"contentUrl\":\"https:\\\/\\\/secure.gravatar.com\\\/avatar\\\/948c893b847ca6df68216ead81b63f363408ec9b0f600fefc0641ce78613b111?s=96&d=mm&r=g\",\"caption\":\"diario5\"},\"url\":\"https:\\\/\\\/diariotextual.com\\\/inicio\\\/index.php\\\/author\\\/diario5\\\/\"}]}<\/script>\n<!-- \/ Yoast SEO plugin. -->","yoast_head_json":{"title":"Portezuelo: De Pedro defendi\u00f3 laudo presidencial y critic\u00f3 al gobernador de Mendoza - Diario Textual","robots":{"index":"index","follow":"follow","max-snippet":"max-snippet:-1","max-image-preview":"max-image-preview:large","max-video-preview":"max-video-preview:-1"},"canonical":"https:\/\/diariotextual.com\/inicio\/index.php\/2023\/01\/18\/portezuelo-de-pedro-defendio-laudo-presidencial-y-critico-al-gobernador-de-mendoza\/","og_locale":"es_ES","og_type":"article","og_title":"Portezuelo: De Pedro defendi\u00f3 laudo presidencial y critic\u00f3 al gobernador de Mendoza - Diario Textual","og_description":"El ministro del Interior,\u00a0Eduardo de Pedro, reivindic\u00f3 el\u00a0laudo presidencial\u00a0por la obra h\u00eddrica\u00a0Portezuelo del Viento y critic\u00f3 al gobernador mendocino Rodolfo Su\u00e1rez por no recibir al presidente. \u201cAlberto laud\u00f3 en el&hellip;","og_url":"https:\/\/diariotextual.com\/inicio\/index.php\/2023\/01\/18\/portezuelo-de-pedro-defendio-laudo-presidencial-y-critico-al-gobernador-de-mendoza\/","og_site_name":"Diario Textual","article_publisher":"https:\/\/www.facebook.com\/eltextual","article_published_time":"2023-01-18T11:05:31+00:00","article_modified_time":"2023-01-18T11:05:33+00:00","og_image":[{"width":1200,"height":675,"url":"https:\/\/diariotextual.com\/inicio\/wp-content\/uploads\/2023\/01\/depedrowado.jpg","type":"image\/jpeg"}],"author":"diario5","twitter_card":"summary_large_image","twitter_creator":"@eltextual","twitter_site":"@eltextual","twitter_misc":{"Escrito por":"diario5","Tiempo de lectura":"3 minutos"},"schema":{"@context":"https:\/\/schema.org","@graph":[{"@type":"Article","@id":"https:\/\/diariotextual.com\/inicio\/index.php\/2023\/01\/18\/portezuelo-de-pedro-defendio-laudo-presidencial-y-critico-al-gobernador-de-mendoza\/#article","isPartOf":{"@id":"https:\/\/diariotextual.com\/inicio\/index.php\/2023\/01\/18\/portezuelo-de-pedro-defendio-laudo-presidencial-y-critico-al-gobernador-de-mendoza\/"},"author":{"name":"diario5","@id":"https:\/\/diariotextual.com\/inicio\/#\/schema\/person\/c7834961ad8b29b1d9cdbf4571299067"},"headline":"Portezuelo: De Pedro defendi\u00f3 laudo presidencial y critic\u00f3 al gobernador de Mendoza","datePublished":"2023-01-18T11:05:31+00:00","dateModified":"2023-01-18T11:05:33+00:00","mainEntityOfPage":{"@id":"https:\/\/diariotextual.com\/inicio\/index.php\/2023\/01\/18\/portezuelo-de-pedro-defendio-laudo-presidencial-y-critico-al-gobernador-de-mendoza\/"},"wordCount":482,"publisher":{"@id":"https:\/\/diariotextual.com\/inicio\/#organization"},"image":{"@id":"https:\/\/diariotextual.com\/inicio\/index.php\/2023\/01\/18\/portezuelo-de-pedro-defendio-laudo-presidencial-y-critico-al-gobernador-de-mendoza\/#primaryimage"},"thumbnailUrl":"https:\/\/diariotextual.com\/inicio\/wp-content\/uploads\/2023\/01\/depedrowado.jpg","articleSection":["A - DESTACADAS (mod 16)","POLITICA"],"inLanguage":"es"},{"@type":"WebPage","@id":"https:\/\/diariotextual.com\/inicio\/index.php\/2023\/01\/18\/portezuelo-de-pedro-defendio-laudo-presidencial-y-critico-al-gobernador-de-mendoza\/","url":"https:\/\/diariotextual.com\/inicio\/index.php\/2023\/01\/18\/portezuelo-de-pedro-defendio-laudo-presidencial-y-critico-al-gobernador-de-mendoza\/","name":"Portezuelo: De Pedro defendi\u00f3 laudo presidencial y critic\u00f3 al gobernador de Mendoza - Diario Textual","isPartOf":{"@id":"https:\/\/diariotextual.com\/inicio\/#website"},"primaryImageOfPage":{"@id":"https:\/\/diariotextual.com\/inicio\/index.php\/2023\/01\/18\/portezuelo-de-pedro-defendio-laudo-presidencial-y-critico-al-gobernador-de-mendoza\/#primaryimage"},"image":{"@id":"https:\/\/diariotextual.com\/inicio\/index.php\/2023\/01\/18\/portezuelo-de-pedro-defendio-laudo-presidencial-y-critico-al-gobernador-de-mendoza\/#primaryimage"},"thumbnailUrl":"https:\/\/diariotextual.com\/inicio\/wp-content\/uploads\/2023\/01\/depedrowado.jpg","datePublished":"2023-01-18T11:05:31+00:00","dateModified":"2023-01-18T11:05:33+00:00","breadcrumb":{"@id":"https:\/\/diariotextual.com\/inicio\/index.php\/2023\/01\/18\/portezuelo-de-pedro-defendio-laudo-presidencial-y-critico-al-gobernador-de-mendoza\/#breadcrumb"},"inLanguage":"es","potentialAction":[{"@type":"ReadAction","target":["https:\/\/diariotextual.com\/inicio\/index.php\/2023\/01\/18\/portezuelo-de-pedro-defendio-laudo-presidencial-y-critico-al-gobernador-de-mendoza\/"]}]},{"@type":"ImageObject","inLanguage":"es","@id":"https:\/\/diariotextual.com\/inicio\/index.php\/2023\/01\/18\/portezuelo-de-pedro-defendio-laudo-presidencial-y-critico-al-gobernador-de-mendoza\/#primaryimage","url":"https:\/\/diariotextual.com\/inicio\/wp-content\/uploads\/2023\/01\/depedrowado.jpg","contentUrl":"https:\/\/diariotextual.com\/inicio\/wp-content\/uploads\/2023\/01\/depedrowado.jpg","width":1200,"height":675},{"@type":"BreadcrumbList","@id":"https:\/\/diariotextual.com\/inicio\/index.php\/2023\/01\/18\/portezuelo-de-pedro-defendio-laudo-presidencial-y-critico-al-gobernador-de-mendoza\/#breadcrumb","itemListElement":[{"@type":"ListItem","position":1,"name":"Portada","item":"https:\/\/diariotextual.com\/inicio\/"},{"@type":"ListItem","position":2,"name":"Portezuelo: De Pedro defendi\u00f3 laudo presidencial y critic\u00f3 al gobernador de Mendoza"}]},{"@type":"WebSite","@id":"https:\/\/diariotextual.com\/inicio\/#website","url":"https:\/\/diariotextual.com\/inicio\/","name":"Diario Textual","description":"","publisher":{"@id":"https:\/\/diariotextual.com\/inicio\/#organization"},"potentialAction":[{"@type":"SearchAction","target":{"@type":"EntryPoint","urlTemplate":"https:\/\/diariotextual.com\/inicio\/?s={search_term_string}"},"query-input":{"@type":"PropertyValueSpecification","valueRequired":true,"valueName":"search_term_string"}}],"inLanguage":"es"},{"@type":"Organization","@id":"https:\/\/diariotextual.com\/inicio\/#organization","name":"Diario Textual","url":"https:\/\/diariotextual.com\/inicio\/","logo":{"@type":"ImageObject","inLanguage":"es","@id":"https:\/\/diariotextual.com\/inicio\/#\/schema\/logo\/image\/","url":"https:\/\/diariotextual.com\/inicio\/wp-content\/uploads\/2023\/05\/logotextual1.jpg","contentUrl":"https:\/\/diariotextual.com\/inicio\/wp-content\/uploads\/2023\/05\/logotextual1.jpg","width":516,"height":76,"caption":"Diario Textual"},"image":{"@id":"https:\/\/diariotextual.com\/inicio\/#\/schema\/logo\/image\/"},"sameAs":["https:\/\/www.facebook.com\/eltextual","https:\/\/x.com\/eltextual","http:\/\/www.instagram.com\/eltextual"]},{"@type":"Person","@id":"https:\/\/diariotextual.com\/inicio\/#\/schema\/person\/c7834961ad8b29b1d9cdbf4571299067","name":"diario5","image":{"@type":"ImageObject","inLanguage":"es","@id":"https:\/\/secure.gravatar.com\/avatar\/948c893b847ca6df68216ead81b63f363408ec9b0f600fefc0641ce78613b111?s=96&d=mm&r=g","url":"https:\/\/secure.gravatar.com\/avatar\/948c893b847ca6df68216ead81b63f363408ec9b0f600fefc0641ce78613b111?s=96&d=mm&r=g","contentUrl":"https:\/\/secure.gravatar.com\/avatar\/948c893b847ca6df68216ead81b63f363408ec9b0f600fefc0641ce78613b111?s=96&d=mm&r=g","caption":"diario5"},"url":"https:\/\/diariotextual.com\/inicio\/index.php\/author\/diario5\/"}]}},"_links":{"self":[{"href":"https:\/\/diariotextual.com\/inicio\/index.php\/wp-json\/wp\/v2\/posts\/213473","targetHints":{"allow":["GET"]}}],"collection":[{"href":"https:\/\/diariotextual.com\/inicio\/index.php\/wp-json\/wp\/v2\/posts"}],"about":[{"href":"https:\/\/diariotextual.com\/inicio\/index.php\/wp-json\/wp\/v2\/types\/post"}],"author":[{"embeddable":true,"href":"https:\/\/diariotextual.com\/inicio\/index.php\/wp-json\/wp\/v2\/users\/7"}],"replies":[{"embeddable":true,"href":"https:\/\/diariotextual.com\/inicio\/index.php\/wp-json\/wp\/v2\/comments?post=213473"}],"version-history":[{"count":1,"href":"https:\/\/diariotextual.com\/inicio\/index.php\/wp-json\/wp\/v2\/posts\/213473\/revisions"}],"predecessor-version":[{"id":213475,"href":"https:\/\/diariotextual.com\/inicio\/index.php\/wp-json\/wp\/v2\/posts\/213473\/revisions\/213475"}],"wp:featuredmedia":[{"embeddable":true,"href":"https:\/\/diariotextual.com\/inicio\/index.php\/wp-json\/wp\/v2\/media\/213474"}],"wp:attachment":[{"href":"https:\/\/diariotextual.com\/inicio\/index.php\/wp-json\/wp\/v2\/media?parent=213473"}],"wp:term":[{"taxonomy":"category","embeddable":true,"href":"https:\/\/diariotextual.com\/inicio\/index.php\/wp-json\/wp\/v2\/categories?post=213473"},{"taxonomy":"post_tag","embeddable":true,"href":"https:\/\/diariotextual.com\/inicio\/index.php\/wp-json\/wp\/v2\/tags?post=213473"}],"curies":[{"name":"wp","href":"https:\/\/api.w.org\/{rel}","templated":true}]}}