{"id":21499,"date":"2018-09-25T17:49:15","date_gmt":"2018-09-25T20:49:15","guid":{"rendered":"http:\/\/diariotextual.com\/inicio\/?p=21499"},"modified":"2018-09-25T17:56:52","modified_gmt":"2018-09-25T20:56:52","slug":"guido-sandleris-nuevo-presidente-del-bcra-objetivo-principal-reducir-la-inflacion","status":"publish","type":"post","link":"https:\/\/diariotextual.com\/inicio\/index.php\/2018\/09\/25\/guido-sandleris-nuevo-presidente-del-bcra-objetivo-principal-reducir-la-inflacion\/","title":{"rendered":"Guido Sandleris, el nuevo presidente del BCRA: \u00abEl objetivo principal es reducir la inflaci\u00f3n\u00bb"},"content":{"rendered":"<p>El nuevo presidente del Banco Central, <strong>Guido Sandleris<\/strong>, dijo este martes que el objetivo principal es \u00abreducir\u00bb la inflaci\u00f3n. <strong>\u00abTrabajaremos para recuperar la estabilidad y previsibilidad de precios que la econom\u00eda argentina tanto necesita\u00bb<\/strong>, expres\u00f3.<\/p>\n<p>En un breve comunicado,\u00a0Sandleris habl\u00f3 sobre su reciente designaci\u00f3n luego de la renuncia de Luis Caputo. \u00abEs un honor para m\u00ed asumir la Presidencia del Banco Central de la Rep\u00fablica Argentina y\u00a0quiero agradecer la confianza que el Presidente Macri tuvo en m\u00ed para encarar esta nueva etapa\u00bb, sostuvo.<\/p>\n<blockquote class=\"twitter-tweet\" data-lang=\"es\">\n<p dir=\"ltr\" lang=\"es\">Declaraciones de <a href=\"https:\/\/twitter.com\/gsandleris?ref_src=twsrc%5Etfw\">@gsandleris<\/a>, presidente del BCRA. <a href=\"https:\/\/t.co\/z6b2QyWFeh\">pic.twitter.com\/z6b2QyWFeh<\/a><\/p>\n<p>\u2014 BCRA (@BancoCentral_AR) <a href=\"https:\/\/twitter.com\/BancoCentral_AR\/status\/1044667701111783425?ref_src=twsrc%5Etfw\">25 de septiembre de 2018<\/a><\/p><\/blockquote>\n<p><script async src=\"https:\/\/platform.twitter.com\/widgets.js\" charset=\"utf-8\"><\/script><\/p>\n<p>&nbsp;<\/p>\n<p>Sandleris era el actual secretario de Pol\u00edtica Econ\u00f3mica y el n\u00famero dos del ministro Nicol\u00e1s Dujovne. Recibi\u00f3 su Doctorado en Econom\u00eda de Columbia University en 2005, su Maestr\u00eda en Econom\u00eda de la London School of Economics y su Licenciatura en Econom\u00eda de la Universidad de Buenos Aires.<\/p>\n<p>Entre 2007 y 2015 dirigi\u00f3 el Centro de Investigaci\u00f3n en Finanzas de la UTDT y entre 2014 y 2015 fue tambi\u00e9n Decano de la Escuela de Negocios de UTDT. En 2016 se desempe\u00f1\u00f3 como Subsecretario de Finanzas de la Provincia de Buenos Aires y en 2017 se sum\u00f3 al gobierno nacional como Jefe de Asesores del Ministerio de Hacienda. Desde mediados de este a\u00f1o es Secretario de Pol\u00edtica Econ\u00f3mica del Ministerio de Hacienda.<\/p>\n<p>Se especializa en econom\u00eda internacional, finanzas y macroeconom\u00eda. Entre otros temas, sus estudios analizan el efecto de las crisis financieras y los costos de los defaults soberanos. Sus trabajos han sido publicados en el Journal of International Economics, Journal of Monetary Economics, Journal of Money, Credit and Banking y Oxford University Press, entre otros.<\/p>\n<p>&nbsp;<\/p>\n<p><iframe style=\"border: none; overflow: hidden;\" src=\"https:\/\/www.facebook.com\/plugins\/post.php?href=https%3A%2F%2Fwww.facebook.com%2Feltextual%2Fposts%2F1896611380432789&amp;width=500\" width=\"500\" height=\"462\" frameborder=\"0\" scrolling=\"no\"><\/iframe><\/p>\n<p>&nbsp;<\/p>\n<p>&nbsp;<\/p>\n","protected":false},"excerpt":{"rendered":"<p>El nuevo presidente del Banco Central, Guido Sandleris, dijo este martes que el objetivo principal es \u00abreducir\u00bb la inflaci\u00f3n. \u00abTrabajaremos para recuperar la estabilidad y previsibilidad de precios que la&hellip;<\/p>\n","protected":false},"author":4,"featured_media":21500,"comment_status":"closed","ping_status":"open","sticky":false,"template":"","format":"standard","meta":{"_acf_changed":false,"footnotes":""},"categories":[4,5],"tags":[],"class_list":["post-21499","post","type-post","status-publish","format-standard","has-post-thumbnail","hentry","category-destacadas","category-economia"],"acf":[],"yoast_head":"<!-- This site is optimized with the Yoast SEO plugin v27.5 - https:\/\/yoast.com\/product\/yoast-seo-wordpress\/ -->\n<title>Guido Sandleris, el nuevo presidente del BCRA: &quot;El objetivo principal es reducir la inflaci\u00f3n&quot; - Diario Textual<\/title>\n<meta name=\"robots\" content=\"index, follow, max-snippet:-1, max-image-preview:large, max-video-preview:-1\" \/>\n<link rel=\"canonical\" href=\"https:\/\/diariotextual.com\/inicio\/index.php\/2018\/09\/25\/guido-sandleris-nuevo-presidente-del-bcra-objetivo-principal-reducir-la-inflacion\/\" \/>\n<meta property=\"og:locale\" content=\"es_ES\" \/>\n<meta property=\"og:type\" content=\"article\" \/>\n<meta property=\"og:title\" content=\"Guido Sandleris, el nuevo presidente del BCRA: &quot;El objetivo principal es reducir la inflaci\u00f3n&quot; - Diario Textual\" \/>\n<meta property=\"og:description\" content=\"El nuevo presidente del Banco Central, Guido Sandleris, dijo este martes que el objetivo principal es \u00abreducir\u00bb la inflaci\u00f3n. \u00abTrabajaremos para recuperar la estabilidad y previsibilidad de precios que la&hellip;\" \/>\n<meta property=\"og:url\" content=\"https:\/\/diariotextual.com\/inicio\/index.php\/2018\/09\/25\/guido-sandleris-nuevo-presidente-del-bcra-objetivo-principal-reducir-la-inflacion\/\" \/>\n<meta property=\"og:site_name\" content=\"Diario Textual\" \/>\n<meta property=\"article:publisher\" content=\"https:\/\/www.facebook.com\/eltextual\" \/>\n<meta property=\"article:published_time\" content=\"2018-09-25T20:49:15+00:00\" \/>\n<meta property=\"article:modified_time\" content=\"2018-09-25T20:56:52+00:00\" \/>\n<meta property=\"og:image\" content=\"https:\/\/diariotextual.com\/inicio\/wp-content\/uploads\/2018\/09\/sandlerisguido855.jpg\" \/>\n\t<meta property=\"og:image:width\" content=\"640\" \/>\n\t<meta property=\"og:image:height\" content=\"359\" \/>\n\t<meta property=\"og:image:type\" content=\"image\/jpeg\" \/>\n<meta name=\"author\" content=\"diario2\" \/>\n<meta name=\"twitter:card\" content=\"summary_large_image\" \/>\n<meta name=\"twitter:creator\" content=\"@eltextual\" \/>\n<meta name=\"twitter:site\" content=\"@eltextual\" \/>\n<meta name=\"twitter:label1\" content=\"Escrito por\" \/>\n\t<meta name=\"twitter:data1\" content=\"diario2\" \/>\n\t<meta name=\"twitter:label2\" content=\"Tiempo de lectura\" \/>\n\t<meta name=\"twitter:data2\" content=\"1 minuto\" \/>\n<script type=\"application\/ld+json\" class=\"yoast-schema-graph\">{\"@context\":\"https:\\\/\\\/schema.org\",\"@graph\":[{\"@type\":\"Article\",\"@id\":\"https:\\\/\\\/diariotextual.com\\\/inicio\\\/index.php\\\/2018\\\/09\\\/25\\\/guido-sandleris-nuevo-presidente-del-bcra-objetivo-principal-reducir-la-inflacion\\\/#article\",\"isPartOf\":{\"@id\":\"https:\\\/\\\/diariotextual.com\\\/inicio\\\/index.php\\\/2018\\\/09\\\/25\\\/guido-sandleris-nuevo-presidente-del-bcra-objetivo-principal-reducir-la-inflacion\\\/\"},\"author\":{\"name\":\"diario2\",\"@id\":\"https:\\\/\\\/diariotextual.com\\\/inicio\\\/#\\\/schema\\\/person\\\/694f60677f23c4a530867a98f22b3768\"},\"headline\":\"Guido Sandleris, el nuevo presidente del BCRA: \u00abEl objetivo principal es reducir la inflaci\u00f3n\u00bb\",\"datePublished\":\"2018-09-25T20:49:15+00:00\",\"dateModified\":\"2018-09-25T20:56:52+00:00\",\"mainEntityOfPage\":{\"@id\":\"https:\\\/\\\/diariotextual.com\\\/inicio\\\/index.php\\\/2018\\\/09\\\/25\\\/guido-sandleris-nuevo-presidente-del-bcra-objetivo-principal-reducir-la-inflacion\\\/\"},\"wordCount\":308,\"publisher\":{\"@id\":\"https:\\\/\\\/diariotextual.com\\\/inicio\\\/#organization\"},\"image\":{\"@id\":\"https:\\\/\\\/diariotextual.com\\\/inicio\\\/index.php\\\/2018\\\/09\\\/25\\\/guido-sandleris-nuevo-presidente-del-bcra-objetivo-principal-reducir-la-inflacion\\\/#primaryimage\"},\"thumbnailUrl\":\"https:\\\/\\\/diariotextual.com\\\/inicio\\\/wp-content\\\/uploads\\\/2018\\\/09\\\/sandlerisguido855.jpg\",\"articleSection\":[\"A - DESTACADAS (mod 16)\",\"ECONOMIA\"],\"inLanguage\":\"es\"},{\"@type\":\"WebPage\",\"@id\":\"https:\\\/\\\/diariotextual.com\\\/inicio\\\/index.php\\\/2018\\\/09\\\/25\\\/guido-sandleris-nuevo-presidente-del-bcra-objetivo-principal-reducir-la-inflacion\\\/\",\"url\":\"https:\\\/\\\/diariotextual.com\\\/inicio\\\/index.php\\\/2018\\\/09\\\/25\\\/guido-sandleris-nuevo-presidente-del-bcra-objetivo-principal-reducir-la-inflacion\\\/\",\"name\":\"Guido Sandleris, el nuevo presidente del BCRA: \\\"El objetivo principal es reducir la inflaci\u00f3n\\\" - Diario Textual\",\"isPartOf\":{\"@id\":\"https:\\\/\\\/diariotextual.com\\\/inicio\\\/#website\"},\"primaryImageOfPage\":{\"@id\":\"https:\\\/\\\/diariotextual.com\\\/inicio\\\/index.php\\\/2018\\\/09\\\/25\\\/guido-sandleris-nuevo-presidente-del-bcra-objetivo-principal-reducir-la-inflacion\\\/#primaryimage\"},\"image\":{\"@id\":\"https:\\\/\\\/diariotextual.com\\\/inicio\\\/index.php\\\/2018\\\/09\\\/25\\\/guido-sandleris-nuevo-presidente-del-bcra-objetivo-principal-reducir-la-inflacion\\\/#primaryimage\"},\"thumbnailUrl\":\"https:\\\/\\\/diariotextual.com\\\/inicio\\\/wp-content\\\/uploads\\\/2018\\\/09\\\/sandlerisguido855.jpg\",\"datePublished\":\"2018-09-25T20:49:15+00:00\",\"dateModified\":\"2018-09-25T20:56:52+00:00\",\"breadcrumb\":{\"@id\":\"https:\\\/\\\/diariotextual.com\\\/inicio\\\/index.php\\\/2018\\\/09\\\/25\\\/guido-sandleris-nuevo-presidente-del-bcra-objetivo-principal-reducir-la-inflacion\\\/#breadcrumb\"},\"inLanguage\":\"es\",\"potentialAction\":[{\"@type\":\"ReadAction\",\"target\":[\"https:\\\/\\\/diariotextual.com\\\/inicio\\\/index.php\\\/2018\\\/09\\\/25\\\/guido-sandleris-nuevo-presidente-del-bcra-objetivo-principal-reducir-la-inflacion\\\/\"]}]},{\"@type\":\"ImageObject\",\"inLanguage\":\"es\",\"@id\":\"https:\\\/\\\/diariotextual.com\\\/inicio\\\/index.php\\\/2018\\\/09\\\/25\\\/guido-sandleris-nuevo-presidente-del-bcra-objetivo-principal-reducir-la-inflacion\\\/#primaryimage\",\"url\":\"https:\\\/\\\/diariotextual.com\\\/inicio\\\/wp-content\\\/uploads\\\/2018\\\/09\\\/sandlerisguido855.jpg\",\"contentUrl\":\"https:\\\/\\\/diariotextual.com\\\/inicio\\\/wp-content\\\/uploads\\\/2018\\\/09\\\/sandlerisguido855.jpg\",\"width\":640,\"height\":359},{\"@type\":\"BreadcrumbList\",\"@id\":\"https:\\\/\\\/diariotextual.com\\\/inicio\\\/index.php\\\/2018\\\/09\\\/25\\\/guido-sandleris-nuevo-presidente-del-bcra-objetivo-principal-reducir-la-inflacion\\\/#breadcrumb\",\"itemListElement\":[{\"@type\":\"ListItem\",\"position\":1,\"name\":\"Portada\",\"item\":\"https:\\\/\\\/diariotextual.com\\\/inicio\\\/\"},{\"@type\":\"ListItem\",\"position\":2,\"name\":\"Guido Sandleris, el nuevo presidente del BCRA: \u00abEl objetivo principal es reducir la inflaci\u00f3n\u00bb\"}]},{\"@type\":\"WebSite\",\"@id\":\"https:\\\/\\\/diariotextual.com\\\/inicio\\\/#website\",\"url\":\"https:\\\/\\\/diariotextual.com\\\/inicio\\\/\",\"name\":\"Diario Textual\",\"description\":\"\",\"publisher\":{\"@id\":\"https:\\\/\\\/diariotextual.com\\\/inicio\\\/#organization\"},\"potentialAction\":[{\"@type\":\"SearchAction\",\"target\":{\"@type\":\"EntryPoint\",\"urlTemplate\":\"https:\\\/\\\/diariotextual.com\\\/inicio\\\/?s={search_term_string}\"},\"query-input\":{\"@type\":\"PropertyValueSpecification\",\"valueRequired\":true,\"valueName\":\"search_term_string\"}}],\"inLanguage\":\"es\"},{\"@type\":\"Organization\",\"@id\":\"https:\\\/\\\/diariotextual.com\\\/inicio\\\/#organization\",\"name\":\"Diario Textual\",\"url\":\"https:\\\/\\\/diariotextual.com\\\/inicio\\\/\",\"logo\":{\"@type\":\"ImageObject\",\"inLanguage\":\"es\",\"@id\":\"https:\\\/\\\/diariotextual.com\\\/inicio\\\/#\\\/schema\\\/logo\\\/image\\\/\",\"url\":\"https:\\\/\\\/diariotextual.com\\\/inicio\\\/wp-content\\\/uploads\\\/2023\\\/05\\\/logotextual1.jpg\",\"contentUrl\":\"https:\\\/\\\/diariotextual.com\\\/inicio\\\/wp-content\\\/uploads\\\/2023\\\/05\\\/logotextual1.jpg\",\"width\":516,\"height\":76,\"caption\":\"Diario Textual\"},\"image\":{\"@id\":\"https:\\\/\\\/diariotextual.com\\\/inicio\\\/#\\\/schema\\\/logo\\\/image\\\/\"},\"sameAs\":[\"https:\\\/\\\/www.facebook.com\\\/eltextual\",\"https:\\\/\\\/x.com\\\/eltextual\",\"http:\\\/\\\/www.instagram.com\\\/eltextual\"]},{\"@type\":\"Person\",\"@id\":\"https:\\\/\\\/diariotextual.com\\\/inicio\\\/#\\\/schema\\\/person\\\/694f60677f23c4a530867a98f22b3768\",\"name\":\"diario2\",\"image\":{\"@type\":\"ImageObject\",\"inLanguage\":\"es\",\"@id\":\"https:\\\/\\\/secure.gravatar.com\\\/avatar\\\/5a2567495ba16b852fcd8f1ed006a2e24fcace936018ed8237e95f488ad6e0a7?s=96&d=mm&r=g\",\"url\":\"https:\\\/\\\/secure.gravatar.com\\\/avatar\\\/5a2567495ba16b852fcd8f1ed006a2e24fcace936018ed8237e95f488ad6e0a7?s=96&d=mm&r=g\",\"contentUrl\":\"https:\\\/\\\/secure.gravatar.com\\\/avatar\\\/5a2567495ba16b852fcd8f1ed006a2e24fcace936018ed8237e95f488ad6e0a7?s=96&d=mm&r=g\",\"caption\":\"diario2\"},\"url\":\"https:\\\/\\\/diariotextual.com\\\/inicio\\\/index.php\\\/author\\\/diario2\\\/\"}]}<\/script>\n<!-- \/ Yoast SEO plugin. -->","yoast_head_json":{"title":"Guido Sandleris, el nuevo presidente del BCRA: \"El objetivo principal es reducir la inflaci\u00f3n\" - Diario Textual","robots":{"index":"index","follow":"follow","max-snippet":"max-snippet:-1","max-image-preview":"max-image-preview:large","max-video-preview":"max-video-preview:-1"},"canonical":"https:\/\/diariotextual.com\/inicio\/index.php\/2018\/09\/25\/guido-sandleris-nuevo-presidente-del-bcra-objetivo-principal-reducir-la-inflacion\/","og_locale":"es_ES","og_type":"article","og_title":"Guido Sandleris, el nuevo presidente del BCRA: \"El objetivo principal es reducir la inflaci\u00f3n\" - Diario Textual","og_description":"El nuevo presidente del Banco Central, Guido Sandleris, dijo este martes que el objetivo principal es \u00abreducir\u00bb la inflaci\u00f3n. \u00abTrabajaremos para recuperar la estabilidad y previsibilidad de precios que la&hellip;","og_url":"https:\/\/diariotextual.com\/inicio\/index.php\/2018\/09\/25\/guido-sandleris-nuevo-presidente-del-bcra-objetivo-principal-reducir-la-inflacion\/","og_site_name":"Diario Textual","article_publisher":"https:\/\/www.facebook.com\/eltextual","article_published_time":"2018-09-25T20:49:15+00:00","article_modified_time":"2018-09-25T20:56:52+00:00","og_image":[{"width":640,"height":359,"url":"https:\/\/diariotextual.com\/inicio\/wp-content\/uploads\/2018\/09\/sandlerisguido855.jpg","type":"image\/jpeg"}],"author":"diario2","twitter_card":"summary_large_image","twitter_creator":"@eltextual","twitter_site":"@eltextual","twitter_misc":{"Escrito por":"diario2","Tiempo de lectura":"1 minuto"},"schema":{"@context":"https:\/\/schema.org","@graph":[{"@type":"Article","@id":"https:\/\/diariotextual.com\/inicio\/index.php\/2018\/09\/25\/guido-sandleris-nuevo-presidente-del-bcra-objetivo-principal-reducir-la-inflacion\/#article","isPartOf":{"@id":"https:\/\/diariotextual.com\/inicio\/index.php\/2018\/09\/25\/guido-sandleris-nuevo-presidente-del-bcra-objetivo-principal-reducir-la-inflacion\/"},"author":{"name":"diario2","@id":"https:\/\/diariotextual.com\/inicio\/#\/schema\/person\/694f60677f23c4a530867a98f22b3768"},"headline":"Guido Sandleris, el nuevo presidente del BCRA: \u00abEl objetivo principal es reducir la inflaci\u00f3n\u00bb","datePublished":"2018-09-25T20:49:15+00:00","dateModified":"2018-09-25T20:56:52+00:00","mainEntityOfPage":{"@id":"https:\/\/diariotextual.com\/inicio\/index.php\/2018\/09\/25\/guido-sandleris-nuevo-presidente-del-bcra-objetivo-principal-reducir-la-inflacion\/"},"wordCount":308,"publisher":{"@id":"https:\/\/diariotextual.com\/inicio\/#organization"},"image":{"@id":"https:\/\/diariotextual.com\/inicio\/index.php\/2018\/09\/25\/guido-sandleris-nuevo-presidente-del-bcra-objetivo-principal-reducir-la-inflacion\/#primaryimage"},"thumbnailUrl":"https:\/\/diariotextual.com\/inicio\/wp-content\/uploads\/2018\/09\/sandlerisguido855.jpg","articleSection":["A - DESTACADAS (mod 16)","ECONOMIA"],"inLanguage":"es"},{"@type":"WebPage","@id":"https:\/\/diariotextual.com\/inicio\/index.php\/2018\/09\/25\/guido-sandleris-nuevo-presidente-del-bcra-objetivo-principal-reducir-la-inflacion\/","url":"https:\/\/diariotextual.com\/inicio\/index.php\/2018\/09\/25\/guido-sandleris-nuevo-presidente-del-bcra-objetivo-principal-reducir-la-inflacion\/","name":"Guido Sandleris, el nuevo presidente del BCRA: \"El objetivo principal es reducir la inflaci\u00f3n\" - Diario Textual","isPartOf":{"@id":"https:\/\/diariotextual.com\/inicio\/#website"},"primaryImageOfPage":{"@id":"https:\/\/diariotextual.com\/inicio\/index.php\/2018\/09\/25\/guido-sandleris-nuevo-presidente-del-bcra-objetivo-principal-reducir-la-inflacion\/#primaryimage"},"image":{"@id":"https:\/\/diariotextual.com\/inicio\/index.php\/2018\/09\/25\/guido-sandleris-nuevo-presidente-del-bcra-objetivo-principal-reducir-la-inflacion\/#primaryimage"},"thumbnailUrl":"https:\/\/diariotextual.com\/inicio\/wp-content\/uploads\/2018\/09\/sandlerisguido855.jpg","datePublished":"2018-09-25T20:49:15+00:00","dateModified":"2018-09-25T20:56:52+00:00","breadcrumb":{"@id":"https:\/\/diariotextual.com\/inicio\/index.php\/2018\/09\/25\/guido-sandleris-nuevo-presidente-del-bcra-objetivo-principal-reducir-la-inflacion\/#breadcrumb"},"inLanguage":"es","potentialAction":[{"@type":"ReadAction","target":["https:\/\/diariotextual.com\/inicio\/index.php\/2018\/09\/25\/guido-sandleris-nuevo-presidente-del-bcra-objetivo-principal-reducir-la-inflacion\/"]}]},{"@type":"ImageObject","inLanguage":"es","@id":"https:\/\/diariotextual.com\/inicio\/index.php\/2018\/09\/25\/guido-sandleris-nuevo-presidente-del-bcra-objetivo-principal-reducir-la-inflacion\/#primaryimage","url":"https:\/\/diariotextual.com\/inicio\/wp-content\/uploads\/2018\/09\/sandlerisguido855.jpg","contentUrl":"https:\/\/diariotextual.com\/inicio\/wp-content\/uploads\/2018\/09\/sandlerisguido855.jpg","width":640,"height":359},{"@type":"BreadcrumbList","@id":"https:\/\/diariotextual.com\/inicio\/index.php\/2018\/09\/25\/guido-sandleris-nuevo-presidente-del-bcra-objetivo-principal-reducir-la-inflacion\/#breadcrumb","itemListElement":[{"@type":"ListItem","position":1,"name":"Portada","item":"https:\/\/diariotextual.com\/inicio\/"},{"@type":"ListItem","position":2,"name":"Guido Sandleris, el nuevo presidente del BCRA: \u00abEl objetivo principal es reducir la inflaci\u00f3n\u00bb"}]},{"@type":"WebSite","@id":"https:\/\/diariotextual.com\/inicio\/#website","url":"https:\/\/diariotextual.com\/inicio\/","name":"Diario Textual","description":"","publisher":{"@id":"https:\/\/diariotextual.com\/inicio\/#organization"},"potentialAction":[{"@type":"SearchAction","target":{"@type":"EntryPoint","urlTemplate":"https:\/\/diariotextual.com\/inicio\/?s={search_term_string}"},"query-input":{"@type":"PropertyValueSpecification","valueRequired":true,"valueName":"search_term_string"}}],"inLanguage":"es"},{"@type":"Organization","@id":"https:\/\/diariotextual.com\/inicio\/#organization","name":"Diario Textual","url":"https:\/\/diariotextual.com\/inicio\/","logo":{"@type":"ImageObject","inLanguage":"es","@id":"https:\/\/diariotextual.com\/inicio\/#\/schema\/logo\/image\/","url":"https:\/\/diariotextual.com\/inicio\/wp-content\/uploads\/2023\/05\/logotextual1.jpg","contentUrl":"https:\/\/diariotextual.com\/inicio\/wp-content\/uploads\/2023\/05\/logotextual1.jpg","width":516,"height":76,"caption":"Diario Textual"},"image":{"@id":"https:\/\/diariotextual.com\/inicio\/#\/schema\/logo\/image\/"},"sameAs":["https:\/\/www.facebook.com\/eltextual","https:\/\/x.com\/eltextual","http:\/\/www.instagram.com\/eltextual"]},{"@type":"Person","@id":"https:\/\/diariotextual.com\/inicio\/#\/schema\/person\/694f60677f23c4a530867a98f22b3768","name":"diario2","image":{"@type":"ImageObject","inLanguage":"es","@id":"https:\/\/secure.gravatar.com\/avatar\/5a2567495ba16b852fcd8f1ed006a2e24fcace936018ed8237e95f488ad6e0a7?s=96&d=mm&r=g","url":"https:\/\/secure.gravatar.com\/avatar\/5a2567495ba16b852fcd8f1ed006a2e24fcace936018ed8237e95f488ad6e0a7?s=96&d=mm&r=g","contentUrl":"https:\/\/secure.gravatar.com\/avatar\/5a2567495ba16b852fcd8f1ed006a2e24fcace936018ed8237e95f488ad6e0a7?s=96&d=mm&r=g","caption":"diario2"},"url":"https:\/\/diariotextual.com\/inicio\/index.php\/author\/diario2\/"}]}},"_links":{"self":[{"href":"https:\/\/diariotextual.com\/inicio\/index.php\/wp-json\/wp\/v2\/posts\/21499","targetHints":{"allow":["GET"]}}],"collection":[{"href":"https:\/\/diariotextual.com\/inicio\/index.php\/wp-json\/wp\/v2\/posts"}],"about":[{"href":"https:\/\/diariotextual.com\/inicio\/index.php\/wp-json\/wp\/v2\/types\/post"}],"author":[{"embeddable":true,"href":"https:\/\/diariotextual.com\/inicio\/index.php\/wp-json\/wp\/v2\/users\/4"}],"replies":[{"embeddable":true,"href":"https:\/\/diariotextual.com\/inicio\/index.php\/wp-json\/wp\/v2\/comments?post=21499"}],"version-history":[{"count":7,"href":"https:\/\/diariotextual.com\/inicio\/index.php\/wp-json\/wp\/v2\/posts\/21499\/revisions"}],"predecessor-version":[{"id":21507,"href":"https:\/\/diariotextual.com\/inicio\/index.php\/wp-json\/wp\/v2\/posts\/21499\/revisions\/21507"}],"wp:featuredmedia":[{"embeddable":true,"href":"https:\/\/diariotextual.com\/inicio\/index.php\/wp-json\/wp\/v2\/media\/21500"}],"wp:attachment":[{"href":"https:\/\/diariotextual.com\/inicio\/index.php\/wp-json\/wp\/v2\/media?parent=21499"}],"wp:term":[{"taxonomy":"category","embeddable":true,"href":"https:\/\/diariotextual.com\/inicio\/index.php\/wp-json\/wp\/v2\/categories?post=21499"},{"taxonomy":"post_tag","embeddable":true,"href":"https:\/\/diariotextual.com\/inicio\/index.php\/wp-json\/wp\/v2\/tags?post=21499"}],"curies":[{"name":"wp","href":"https:\/\/api.w.org\/{rel}","templated":true}]}}