{"id":215500,"date":"2023-02-08T13:34:35","date_gmt":"2023-02-08T16:34:35","guid":{"rendered":"https:\/\/diariotextual.com\/inicio\/?p=215500"},"modified":"2023-02-09T06:34:22","modified_gmt":"2023-02-09T09:34:22","slug":"carrio-anuncio-que-sera-precandidata-a-presidenta-y-competira-en-las-paso-de-juntos-por-el-cambio","status":"publish","type":"post","link":"https:\/\/diariotextual.com\/inicio\/index.php\/2023\/02\/08\/carrio-anuncio-que-sera-precandidata-a-presidenta-y-competira-en-las-paso-de-juntos-por-el-cambio\/","title":{"rendered":"Carri\u00f3 anunci\u00f3 que ser\u00e1 precandidata a presidenta y competir\u00e1 en las PASO"},"content":{"rendered":"\n<p>La l\u00edder de la Coalici\u00f3n C\u00edvica-ARI, <strong>Elisa Carri\u00f3<\/strong>, anunci\u00f3 que competir\u00e1 en la interna de Juntos por el Cambio como precandidata a Presidenta para \u00abgarantizar la unidad\u00bb del espacio opositor.<\/p>\n\n\n\n<p>A pesar de que en reiteradas oportunidades hab\u00eda deslizado la posibilidad de postularse si no hab\u00eda alg\u00fan postulante que la representara, la ex diputada nacional oficializ\u00f3 este mi\u00e9rcoles su decisi\u00f3n de volver a pelear por la Casa Rosada.<\/p>\n\n\n\n<p>El anuncio se dio luego de que le consultaran sobre la indefinici\u00f3n del expresidente Mauricio Macri respecto a su eventual postulaci\u00f3n.<\/p>\n\n\n\n<p><strong>\u201cEs un problema del PRO, no nuestro. En la Coalici\u00f3n C\u00edvica va a haber candidatura y la candidata voy a ser yo. El radicalismo va a tener candidatos, por ahora (Gerardo) Morales. Y el PRO va a resolver. Lo importante es que tengamos unidad en legisladores nacionales y provinciales\u201d,<\/strong> manifest\u00f3.<\/p>\n\n\n\n<p>Sin embargo, aclar\u00f3 que su objetivo no es ganar las elecciones, sino \u201cgarantizar la unidad\u201d de Juntos por el Cambio.<\/p>\n\n\n\n<p>\u201cYo soy candidata para garantizar la unidad: no pretendo ganar, pretendo que no haya un debate a muerte que termine perjudicando las posibilidades de Juntos por el Cambio\u201d, explic\u00f3 la chaque\u00f1a en declaraciones radiales.<\/p>\n\n\n\n<p>Y ahond\u00f3: \u201cYo pretendo que haya una gran oferta electoral en materia presidencial y de gobernadores, y unidad para las listas de legisladores\u201d.<\/p>\n\n\n\n<p>Asimismo, Carri\u00f3 indic\u00f3 que su campa\u00f1a comenzar\u00e1 en mayo pr\u00f3ximo: \u201cSoy candidata, pero despu\u00e9s de mayo, porque yo no hago campa\u00f1a mientras estoy trabajando. El desgaste que ha tenido Juntos por el Cambio es por haber adelantado la campa\u00f1a\u201d.<\/p>\n\n\n\n<p>La l\u00edder de la Coalici\u00f3n C\u00edvica-ARI tambi\u00e9n se refiri\u00f3 a la situaci\u00f3n en la Provincia de Buenos Aires e insisti\u00f3 en que la importancia es que haya \u201cunidad en las boletas de legisladores\u201d, as\u00ed como tambi\u00e9n se mostr\u00f3 confiada en que el diputado nacional del liberalismo Jos\u00e9 Luis Espert competir\u00e1 por la Gobernaci\u00f3n bonaerense dentro de la interna de Juntos por el Cambio.<\/p>\n\n\n\n<p>Adem\u00e1s, la ex legisladora nacional reclam\u00f3 al peronismo que apoye la boleta \u00fanica en el Congreso y cuestion\u00f3 que en varias provincias regir\u00e1 la ley de lemas, al que defini\u00f3 como un sistema para \u201ctrampear la democracia\u201d.<\/p>\n\n\n\n<p>Finalmente, Carri\u00f3 afirm\u00f3 que \u201cel Gobierno tiene la ventaja de que Juntos por el Cambio es una coalici\u00f3n institucional, de defensa republicana. No tiene la intenci\u00f3n de voltear ning\u00fan Gobierno\u201d.<\/p>\n","protected":false},"excerpt":{"rendered":"<p>La l\u00edder de la Coalici\u00f3n C\u00edvica-ARI, Elisa Carri\u00f3, anunci\u00f3 que competir\u00e1 en la interna de Juntos por el Cambio como precandidata a Presidenta para \u00abgarantizar la unidad\u00bb del espacio opositor.&hellip;<\/p>\n","protected":false},"author":4,"featured_media":13471,"comment_status":"closed","ping_status":"open","sticky":false,"template":"","format":"standard","meta":{"_acf_changed":false,"footnotes":""},"categories":[1,8],"tags":[],"class_list":["post-215500","post","type-post","status-publish","format-standard","has-post-thumbnail","hentry","category-es-noticia","category-politica"],"acf":[],"yoast_head":"<!-- This site is optimized with the Yoast SEO plugin v27.5 - https:\/\/yoast.com\/product\/yoast-seo-wordpress\/ -->\n<title>Carri\u00f3 anunci\u00f3 que ser\u00e1 precandidata a presidenta y competir\u00e1 en las PASO - Diario Textual<\/title>\n<meta name=\"robots\" content=\"index, follow, max-snippet:-1, max-image-preview:large, max-video-preview:-1\" \/>\n<link rel=\"canonical\" href=\"https:\/\/diariotextual.com\/inicio\/index.php\/2023\/02\/08\/carrio-anuncio-que-sera-precandidata-a-presidenta-y-competira-en-las-paso-de-juntos-por-el-cambio\/\" \/>\n<meta property=\"og:locale\" content=\"es_ES\" \/>\n<meta property=\"og:type\" content=\"article\" \/>\n<meta property=\"og:title\" content=\"Carri\u00f3 anunci\u00f3 que ser\u00e1 precandidata a presidenta y competir\u00e1 en las PASO - Diario Textual\" \/>\n<meta property=\"og:description\" content=\"La l\u00edder de la Coalici\u00f3n C\u00edvica-ARI, Elisa Carri\u00f3, anunci\u00f3 que competir\u00e1 en la interna de Juntos por el Cambio como precandidata a Presidenta para \u00abgarantizar la unidad\u00bb del espacio opositor.&hellip;\" \/>\n<meta property=\"og:url\" content=\"https:\/\/diariotextual.com\/inicio\/index.php\/2023\/02\/08\/carrio-anuncio-que-sera-precandidata-a-presidenta-y-competira-en-las-paso-de-juntos-por-el-cambio\/\" \/>\n<meta property=\"og:site_name\" content=\"Diario Textual\" \/>\n<meta property=\"article:publisher\" content=\"https:\/\/www.facebook.com\/eltextual\" \/>\n<meta property=\"article:published_time\" content=\"2023-02-08T16:34:35+00:00\" \/>\n<meta property=\"article:modified_time\" content=\"2023-02-09T09:34:22+00:00\" \/>\n<meta property=\"og:image\" content=\"https:\/\/diariotextual.com\/inicio\/wp-content\/uploads\/2018\/07\/carriolilita12343.jpg\" \/>\n\t<meta property=\"og:image:width\" content=\"745\" \/>\n\t<meta property=\"og:image:height\" content=\"522\" \/>\n\t<meta property=\"og:image:type\" content=\"image\/jpeg\" \/>\n<meta name=\"author\" content=\"diario2\" \/>\n<meta name=\"twitter:card\" content=\"summary_large_image\" \/>\n<meta name=\"twitter:creator\" content=\"@eltextual\" \/>\n<meta name=\"twitter:site\" content=\"@eltextual\" \/>\n<meta name=\"twitter:label1\" content=\"Escrito por\" \/>\n\t<meta name=\"twitter:data1\" content=\"diario2\" \/>\n\t<meta name=\"twitter:label2\" content=\"Tiempo de lectura\" \/>\n\t<meta name=\"twitter:data2\" content=\"2 minutos\" \/>\n<script type=\"application\/ld+json\" class=\"yoast-schema-graph\">{\"@context\":\"https:\\\/\\\/schema.org\",\"@graph\":[{\"@type\":\"Article\",\"@id\":\"https:\\\/\\\/diariotextual.com\\\/inicio\\\/index.php\\\/2023\\\/02\\\/08\\\/carrio-anuncio-que-sera-precandidata-a-presidenta-y-competira-en-las-paso-de-juntos-por-el-cambio\\\/#article\",\"isPartOf\":{\"@id\":\"https:\\\/\\\/diariotextual.com\\\/inicio\\\/index.php\\\/2023\\\/02\\\/08\\\/carrio-anuncio-que-sera-precandidata-a-presidenta-y-competira-en-las-paso-de-juntos-por-el-cambio\\\/\"},\"author\":{\"name\":\"diario2\",\"@id\":\"https:\\\/\\\/diariotextual.com\\\/inicio\\\/#\\\/schema\\\/person\\\/694f60677f23c4a530867a98f22b3768\"},\"headline\":\"Carri\u00f3 anunci\u00f3 que ser\u00e1 precandidata a presidenta y competir\u00e1 en las PASO\",\"datePublished\":\"2023-02-08T16:34:35+00:00\",\"dateModified\":\"2023-02-09T09:34:22+00:00\",\"mainEntityOfPage\":{\"@id\":\"https:\\\/\\\/diariotextual.com\\\/inicio\\\/index.php\\\/2023\\\/02\\\/08\\\/carrio-anuncio-que-sera-precandidata-a-presidenta-y-competira-en-las-paso-de-juntos-por-el-cambio\\\/\"},\"wordCount\":426,\"publisher\":{\"@id\":\"https:\\\/\\\/diariotextual.com\\\/inicio\\\/#organization\"},\"image\":{\"@id\":\"https:\\\/\\\/diariotextual.com\\\/inicio\\\/index.php\\\/2023\\\/02\\\/08\\\/carrio-anuncio-que-sera-precandidata-a-presidenta-y-competira-en-las-paso-de-juntos-por-el-cambio\\\/#primaryimage\"},\"thumbnailUrl\":\"https:\\\/\\\/diariotextual.com\\\/inicio\\\/wp-content\\\/uploads\\\/2018\\\/07\\\/carriolilita12343.jpg\",\"articleSection\":[\"A - ES NOTICIA (van abajo)\",\"POLITICA\"],\"inLanguage\":\"es\"},{\"@type\":\"WebPage\",\"@id\":\"https:\\\/\\\/diariotextual.com\\\/inicio\\\/index.php\\\/2023\\\/02\\\/08\\\/carrio-anuncio-que-sera-precandidata-a-presidenta-y-competira-en-las-paso-de-juntos-por-el-cambio\\\/\",\"url\":\"https:\\\/\\\/diariotextual.com\\\/inicio\\\/index.php\\\/2023\\\/02\\\/08\\\/carrio-anuncio-que-sera-precandidata-a-presidenta-y-competira-en-las-paso-de-juntos-por-el-cambio\\\/\",\"name\":\"Carri\u00f3 anunci\u00f3 que ser\u00e1 precandidata a presidenta y competir\u00e1 en las PASO - Diario Textual\",\"isPartOf\":{\"@id\":\"https:\\\/\\\/diariotextual.com\\\/inicio\\\/#website\"},\"primaryImageOfPage\":{\"@id\":\"https:\\\/\\\/diariotextual.com\\\/inicio\\\/index.php\\\/2023\\\/02\\\/08\\\/carrio-anuncio-que-sera-precandidata-a-presidenta-y-competira-en-las-paso-de-juntos-por-el-cambio\\\/#primaryimage\"},\"image\":{\"@id\":\"https:\\\/\\\/diariotextual.com\\\/inicio\\\/index.php\\\/2023\\\/02\\\/08\\\/carrio-anuncio-que-sera-precandidata-a-presidenta-y-competira-en-las-paso-de-juntos-por-el-cambio\\\/#primaryimage\"},\"thumbnailUrl\":\"https:\\\/\\\/diariotextual.com\\\/inicio\\\/wp-content\\\/uploads\\\/2018\\\/07\\\/carriolilita12343.jpg\",\"datePublished\":\"2023-02-08T16:34:35+00:00\",\"dateModified\":\"2023-02-09T09:34:22+00:00\",\"breadcrumb\":{\"@id\":\"https:\\\/\\\/diariotextual.com\\\/inicio\\\/index.php\\\/2023\\\/02\\\/08\\\/carrio-anuncio-que-sera-precandidata-a-presidenta-y-competira-en-las-paso-de-juntos-por-el-cambio\\\/#breadcrumb\"},\"inLanguage\":\"es\",\"potentialAction\":[{\"@type\":\"ReadAction\",\"target\":[\"https:\\\/\\\/diariotextual.com\\\/inicio\\\/index.php\\\/2023\\\/02\\\/08\\\/carrio-anuncio-que-sera-precandidata-a-presidenta-y-competira-en-las-paso-de-juntos-por-el-cambio\\\/\"]}]},{\"@type\":\"ImageObject\",\"inLanguage\":\"es\",\"@id\":\"https:\\\/\\\/diariotextual.com\\\/inicio\\\/index.php\\\/2023\\\/02\\\/08\\\/carrio-anuncio-que-sera-precandidata-a-presidenta-y-competira-en-las-paso-de-juntos-por-el-cambio\\\/#primaryimage\",\"url\":\"https:\\\/\\\/diariotextual.com\\\/inicio\\\/wp-content\\\/uploads\\\/2018\\\/07\\\/carriolilita12343.jpg\",\"contentUrl\":\"https:\\\/\\\/diariotextual.com\\\/inicio\\\/wp-content\\\/uploads\\\/2018\\\/07\\\/carriolilita12343.jpg\",\"width\":745,\"height\":522},{\"@type\":\"BreadcrumbList\",\"@id\":\"https:\\\/\\\/diariotextual.com\\\/inicio\\\/index.php\\\/2023\\\/02\\\/08\\\/carrio-anuncio-que-sera-precandidata-a-presidenta-y-competira-en-las-paso-de-juntos-por-el-cambio\\\/#breadcrumb\",\"itemListElement\":[{\"@type\":\"ListItem\",\"position\":1,\"name\":\"Portada\",\"item\":\"https:\\\/\\\/diariotextual.com\\\/inicio\\\/\"},{\"@type\":\"ListItem\",\"position\":2,\"name\":\"Carri\u00f3 anunci\u00f3 que ser\u00e1 precandidata a presidenta y competir\u00e1 en las PASO\"}]},{\"@type\":\"WebSite\",\"@id\":\"https:\\\/\\\/diariotextual.com\\\/inicio\\\/#website\",\"url\":\"https:\\\/\\\/diariotextual.com\\\/inicio\\\/\",\"name\":\"Diario Textual\",\"description\":\"\",\"publisher\":{\"@id\":\"https:\\\/\\\/diariotextual.com\\\/inicio\\\/#organization\"},\"potentialAction\":[{\"@type\":\"SearchAction\",\"target\":{\"@type\":\"EntryPoint\",\"urlTemplate\":\"https:\\\/\\\/diariotextual.com\\\/inicio\\\/?s={search_term_string}\"},\"query-input\":{\"@type\":\"PropertyValueSpecification\",\"valueRequired\":true,\"valueName\":\"search_term_string\"}}],\"inLanguage\":\"es\"},{\"@type\":\"Organization\",\"@id\":\"https:\\\/\\\/diariotextual.com\\\/inicio\\\/#organization\",\"name\":\"Diario Textual\",\"url\":\"https:\\\/\\\/diariotextual.com\\\/inicio\\\/\",\"logo\":{\"@type\":\"ImageObject\",\"inLanguage\":\"es\",\"@id\":\"https:\\\/\\\/diariotextual.com\\\/inicio\\\/#\\\/schema\\\/logo\\\/image\\\/\",\"url\":\"https:\\\/\\\/diariotextual.com\\\/inicio\\\/wp-content\\\/uploads\\\/2023\\\/05\\\/logotextual1.jpg\",\"contentUrl\":\"https:\\\/\\\/diariotextual.com\\\/inicio\\\/wp-content\\\/uploads\\\/2023\\\/05\\\/logotextual1.jpg\",\"width\":516,\"height\":76,\"caption\":\"Diario Textual\"},\"image\":{\"@id\":\"https:\\\/\\\/diariotextual.com\\\/inicio\\\/#\\\/schema\\\/logo\\\/image\\\/\"},\"sameAs\":[\"https:\\\/\\\/www.facebook.com\\\/eltextual\",\"https:\\\/\\\/x.com\\\/eltextual\",\"http:\\\/\\\/www.instagram.com\\\/eltextual\"]},{\"@type\":\"Person\",\"@id\":\"https:\\\/\\\/diariotextual.com\\\/inicio\\\/#\\\/schema\\\/person\\\/694f60677f23c4a530867a98f22b3768\",\"name\":\"diario2\",\"image\":{\"@type\":\"ImageObject\",\"inLanguage\":\"es\",\"@id\":\"https:\\\/\\\/secure.gravatar.com\\\/avatar\\\/5a2567495ba16b852fcd8f1ed006a2e24fcace936018ed8237e95f488ad6e0a7?s=96&d=mm&r=g\",\"url\":\"https:\\\/\\\/secure.gravatar.com\\\/avatar\\\/5a2567495ba16b852fcd8f1ed006a2e24fcace936018ed8237e95f488ad6e0a7?s=96&d=mm&r=g\",\"contentUrl\":\"https:\\\/\\\/secure.gravatar.com\\\/avatar\\\/5a2567495ba16b852fcd8f1ed006a2e24fcace936018ed8237e95f488ad6e0a7?s=96&d=mm&r=g\",\"caption\":\"diario2\"},\"url\":\"https:\\\/\\\/diariotextual.com\\\/inicio\\\/index.php\\\/author\\\/diario2\\\/\"}]}<\/script>\n<!-- \/ Yoast SEO plugin. -->","yoast_head_json":{"title":"Carri\u00f3 anunci\u00f3 que ser\u00e1 precandidata a presidenta y competir\u00e1 en las PASO - Diario Textual","robots":{"index":"index","follow":"follow","max-snippet":"max-snippet:-1","max-image-preview":"max-image-preview:large","max-video-preview":"max-video-preview:-1"},"canonical":"https:\/\/diariotextual.com\/inicio\/index.php\/2023\/02\/08\/carrio-anuncio-que-sera-precandidata-a-presidenta-y-competira-en-las-paso-de-juntos-por-el-cambio\/","og_locale":"es_ES","og_type":"article","og_title":"Carri\u00f3 anunci\u00f3 que ser\u00e1 precandidata a presidenta y competir\u00e1 en las PASO - Diario Textual","og_description":"La l\u00edder de la Coalici\u00f3n C\u00edvica-ARI, Elisa Carri\u00f3, anunci\u00f3 que competir\u00e1 en la interna de Juntos por el Cambio como precandidata a Presidenta para \u00abgarantizar la unidad\u00bb del espacio opositor.&hellip;","og_url":"https:\/\/diariotextual.com\/inicio\/index.php\/2023\/02\/08\/carrio-anuncio-que-sera-precandidata-a-presidenta-y-competira-en-las-paso-de-juntos-por-el-cambio\/","og_site_name":"Diario Textual","article_publisher":"https:\/\/www.facebook.com\/eltextual","article_published_time":"2023-02-08T16:34:35+00:00","article_modified_time":"2023-02-09T09:34:22+00:00","og_image":[{"width":745,"height":522,"url":"https:\/\/diariotextual.com\/inicio\/wp-content\/uploads\/2018\/07\/carriolilita12343.jpg","type":"image\/jpeg"}],"author":"diario2","twitter_card":"summary_large_image","twitter_creator":"@eltextual","twitter_site":"@eltextual","twitter_misc":{"Escrito por":"diario2","Tiempo de lectura":"2 minutos"},"schema":{"@context":"https:\/\/schema.org","@graph":[{"@type":"Article","@id":"https:\/\/diariotextual.com\/inicio\/index.php\/2023\/02\/08\/carrio-anuncio-que-sera-precandidata-a-presidenta-y-competira-en-las-paso-de-juntos-por-el-cambio\/#article","isPartOf":{"@id":"https:\/\/diariotextual.com\/inicio\/index.php\/2023\/02\/08\/carrio-anuncio-que-sera-precandidata-a-presidenta-y-competira-en-las-paso-de-juntos-por-el-cambio\/"},"author":{"name":"diario2","@id":"https:\/\/diariotextual.com\/inicio\/#\/schema\/person\/694f60677f23c4a530867a98f22b3768"},"headline":"Carri\u00f3 anunci\u00f3 que ser\u00e1 precandidata a presidenta y competir\u00e1 en las PASO","datePublished":"2023-02-08T16:34:35+00:00","dateModified":"2023-02-09T09:34:22+00:00","mainEntityOfPage":{"@id":"https:\/\/diariotextual.com\/inicio\/index.php\/2023\/02\/08\/carrio-anuncio-que-sera-precandidata-a-presidenta-y-competira-en-las-paso-de-juntos-por-el-cambio\/"},"wordCount":426,"publisher":{"@id":"https:\/\/diariotextual.com\/inicio\/#organization"},"image":{"@id":"https:\/\/diariotextual.com\/inicio\/index.php\/2023\/02\/08\/carrio-anuncio-que-sera-precandidata-a-presidenta-y-competira-en-las-paso-de-juntos-por-el-cambio\/#primaryimage"},"thumbnailUrl":"https:\/\/diariotextual.com\/inicio\/wp-content\/uploads\/2018\/07\/carriolilita12343.jpg","articleSection":["A - ES NOTICIA (van abajo)","POLITICA"],"inLanguage":"es"},{"@type":"WebPage","@id":"https:\/\/diariotextual.com\/inicio\/index.php\/2023\/02\/08\/carrio-anuncio-que-sera-precandidata-a-presidenta-y-competira-en-las-paso-de-juntos-por-el-cambio\/","url":"https:\/\/diariotextual.com\/inicio\/index.php\/2023\/02\/08\/carrio-anuncio-que-sera-precandidata-a-presidenta-y-competira-en-las-paso-de-juntos-por-el-cambio\/","name":"Carri\u00f3 anunci\u00f3 que ser\u00e1 precandidata a presidenta y competir\u00e1 en las PASO - Diario Textual","isPartOf":{"@id":"https:\/\/diariotextual.com\/inicio\/#website"},"primaryImageOfPage":{"@id":"https:\/\/diariotextual.com\/inicio\/index.php\/2023\/02\/08\/carrio-anuncio-que-sera-precandidata-a-presidenta-y-competira-en-las-paso-de-juntos-por-el-cambio\/#primaryimage"},"image":{"@id":"https:\/\/diariotextual.com\/inicio\/index.php\/2023\/02\/08\/carrio-anuncio-que-sera-precandidata-a-presidenta-y-competira-en-las-paso-de-juntos-por-el-cambio\/#primaryimage"},"thumbnailUrl":"https:\/\/diariotextual.com\/inicio\/wp-content\/uploads\/2018\/07\/carriolilita12343.jpg","datePublished":"2023-02-08T16:34:35+00:00","dateModified":"2023-02-09T09:34:22+00:00","breadcrumb":{"@id":"https:\/\/diariotextual.com\/inicio\/index.php\/2023\/02\/08\/carrio-anuncio-que-sera-precandidata-a-presidenta-y-competira-en-las-paso-de-juntos-por-el-cambio\/#breadcrumb"},"inLanguage":"es","potentialAction":[{"@type":"ReadAction","target":["https:\/\/diariotextual.com\/inicio\/index.php\/2023\/02\/08\/carrio-anuncio-que-sera-precandidata-a-presidenta-y-competira-en-las-paso-de-juntos-por-el-cambio\/"]}]},{"@type":"ImageObject","inLanguage":"es","@id":"https:\/\/diariotextual.com\/inicio\/index.php\/2023\/02\/08\/carrio-anuncio-que-sera-precandidata-a-presidenta-y-competira-en-las-paso-de-juntos-por-el-cambio\/#primaryimage","url":"https:\/\/diariotextual.com\/inicio\/wp-content\/uploads\/2018\/07\/carriolilita12343.jpg","contentUrl":"https:\/\/diariotextual.com\/inicio\/wp-content\/uploads\/2018\/07\/carriolilita12343.jpg","width":745,"height":522},{"@type":"BreadcrumbList","@id":"https:\/\/diariotextual.com\/inicio\/index.php\/2023\/02\/08\/carrio-anuncio-que-sera-precandidata-a-presidenta-y-competira-en-las-paso-de-juntos-por-el-cambio\/#breadcrumb","itemListElement":[{"@type":"ListItem","position":1,"name":"Portada","item":"https:\/\/diariotextual.com\/inicio\/"},{"@type":"ListItem","position":2,"name":"Carri\u00f3 anunci\u00f3 que ser\u00e1 precandidata a presidenta y competir\u00e1 en las PASO"}]},{"@type":"WebSite","@id":"https:\/\/diariotextual.com\/inicio\/#website","url":"https:\/\/diariotextual.com\/inicio\/","name":"Diario Textual","description":"","publisher":{"@id":"https:\/\/diariotextual.com\/inicio\/#organization"},"potentialAction":[{"@type":"SearchAction","target":{"@type":"EntryPoint","urlTemplate":"https:\/\/diariotextual.com\/inicio\/?s={search_term_string}"},"query-input":{"@type":"PropertyValueSpecification","valueRequired":true,"valueName":"search_term_string"}}],"inLanguage":"es"},{"@type":"Organization","@id":"https:\/\/diariotextual.com\/inicio\/#organization","name":"Diario Textual","url":"https:\/\/diariotextual.com\/inicio\/","logo":{"@type":"ImageObject","inLanguage":"es","@id":"https:\/\/diariotextual.com\/inicio\/#\/schema\/logo\/image\/","url":"https:\/\/diariotextual.com\/inicio\/wp-content\/uploads\/2023\/05\/logotextual1.jpg","contentUrl":"https:\/\/diariotextual.com\/inicio\/wp-content\/uploads\/2023\/05\/logotextual1.jpg","width":516,"height":76,"caption":"Diario Textual"},"image":{"@id":"https:\/\/diariotextual.com\/inicio\/#\/schema\/logo\/image\/"},"sameAs":["https:\/\/www.facebook.com\/eltextual","https:\/\/x.com\/eltextual","http:\/\/www.instagram.com\/eltextual"]},{"@type":"Person","@id":"https:\/\/diariotextual.com\/inicio\/#\/schema\/person\/694f60677f23c4a530867a98f22b3768","name":"diario2","image":{"@type":"ImageObject","inLanguage":"es","@id":"https:\/\/secure.gravatar.com\/avatar\/5a2567495ba16b852fcd8f1ed006a2e24fcace936018ed8237e95f488ad6e0a7?s=96&d=mm&r=g","url":"https:\/\/secure.gravatar.com\/avatar\/5a2567495ba16b852fcd8f1ed006a2e24fcace936018ed8237e95f488ad6e0a7?s=96&d=mm&r=g","contentUrl":"https:\/\/secure.gravatar.com\/avatar\/5a2567495ba16b852fcd8f1ed006a2e24fcace936018ed8237e95f488ad6e0a7?s=96&d=mm&r=g","caption":"diario2"},"url":"https:\/\/diariotextual.com\/inicio\/index.php\/author\/diario2\/"}]}},"_links":{"self":[{"href":"https:\/\/diariotextual.com\/inicio\/index.php\/wp-json\/wp\/v2\/posts\/215500","targetHints":{"allow":["GET"]}}],"collection":[{"href":"https:\/\/diariotextual.com\/inicio\/index.php\/wp-json\/wp\/v2\/posts"}],"about":[{"href":"https:\/\/diariotextual.com\/inicio\/index.php\/wp-json\/wp\/v2\/types\/post"}],"author":[{"embeddable":true,"href":"https:\/\/diariotextual.com\/inicio\/index.php\/wp-json\/wp\/v2\/users\/4"}],"replies":[{"embeddable":true,"href":"https:\/\/diariotextual.com\/inicio\/index.php\/wp-json\/wp\/v2\/comments?post=215500"}],"version-history":[{"count":2,"href":"https:\/\/diariotextual.com\/inicio\/index.php\/wp-json\/wp\/v2\/posts\/215500\/revisions"}],"predecessor-version":[{"id":215502,"href":"https:\/\/diariotextual.com\/inicio\/index.php\/wp-json\/wp\/v2\/posts\/215500\/revisions\/215502"}],"wp:featuredmedia":[{"embeddable":true,"href":"https:\/\/diariotextual.com\/inicio\/index.php\/wp-json\/wp\/v2\/media\/13471"}],"wp:attachment":[{"href":"https:\/\/diariotextual.com\/inicio\/index.php\/wp-json\/wp\/v2\/media?parent=215500"}],"wp:term":[{"taxonomy":"category","embeddable":true,"href":"https:\/\/diariotextual.com\/inicio\/index.php\/wp-json\/wp\/v2\/categories?post=215500"},{"taxonomy":"post_tag","embeddable":true,"href":"https:\/\/diariotextual.com\/inicio\/index.php\/wp-json\/wp\/v2\/tags?post=215500"}],"curies":[{"name":"wp","href":"https:\/\/api.w.org\/{rel}","templated":true}]}}