{"id":215508,"date":"2023-02-08T17:46:48","date_gmt":"2023-02-08T20:46:48","guid":{"rendered":"https:\/\/diariotextual.com\/inicio\/?p=215508"},"modified":"2023-02-09T07:21:10","modified_gmt":"2023-02-09T10:21:10","slug":"ofrecen-becas-para-seminarios-del-festival-internacional-de-cine-documental-pampadocfest","status":"publish","type":"post","link":"https:\/\/diariotextual.com\/inicio\/index.php\/2023\/02\/08\/ofrecen-becas-para-seminarios-del-festival-internacional-de-cine-documental-pampadocfest\/","title":{"rendered":"Ofrecen becas para seminarios del Festival Internacional de Cine Documental \u201cPampaDocFest\u201d"},"content":{"rendered":"\n<p>Desde el 23 al\u00a025 de febrero se realizar\u00e1 la segunda\u00a0edici\u00f3n del <strong>Festival Internacional de Cine Documental \u201cPampaDocFest\u201d, en Colonia Santa Teresa<\/strong>,\u00a0evento\u00a0organizado por\u00a0la plataforma de periodismo narrativo Angular, el Gobierno de La Pampa a trav\u00e9s de\u00a0la Secretar\u00eda de Cultura y\u00a0la municipalidad de aquella localidad.\u00a0<br><br>Cultura y la organizaci\u00f3n del Festival\u00a0<strong>ofrecen becas para participar en dos\u00a0seminarios.<\/strong> La\u00a0convocatoria permanecer\u00e1 abierta\u00a0hasta el lunes 13 de febrero de 2023\u00a0y el\u00a0martes 14 los seleccionados se anunciar\u00e1n por los canales de comunicaci\u00f3n de la plataforma Angular y de la\u00a0Secretar\u00eda.<\/p>\n\n\n\n<p>Los seminarios est\u00e1n destinados a realizadores audiovisuales, documentalistas, periodistas y estudiantes de Comunicaci\u00f3n, Periodismo, Realizaci\u00f3n, Cine; o de Ciencias afines interesadas: Humanidades, Trabajo Social, Psicolog\u00eda, etc. Tambi\u00e9n docentes y personas interesadas en el cine y en la lectura de cr\u00edtica de cine. No es necesario que cuenten con una producci\u00f3n propia.<br><br>La organizaci\u00f3n del Festival y Secretar\u00eda de Cultura de la Provincia proponen seis becas para cada seminario\u00a0(12 participantes en total).<br><br>1- Workshop: \u201cDocumentales: rese\u00f1as y herramientas para la difusi\u00f3n\u201d. Dictado por Juan Pablo Mansilla.<br><br>Las actividades alternar\u00e1n entre la reflexi\u00f3n y la pr\u00e1ctica concreta de ver pel\u00edculas, conversarlas y escribir sobre ellas. Al finalizar el curso, los participantes tendr\u00e1n una mirada enriquecida como cin\u00e9filos y tambi\u00e9n una serie de herramientas que les permitir\u00e1n\u00a0generar sus propios textos sobre cine.\u00a0<br><br>Jueves 23 y viernes 24 de febrero de 2023 (2 horas\u00a0cada jornada).<br>Espacio: Biblioteca Popular Jos\u00e9 Barbero \u2013\u00a0\u00a0Colonia Santa Teresa, LP.<br><br><a href=\"https:\/\/espacioangular.org\/documentales-resenas-y-herramientas-para-la-difusion\/\" target=\"_blank\" rel=\"noreferrer noopener\">https:\/\/espacioangular.org\/documentales-resenas-y-herramientas-para-la-difusion\/<\/a><br><br>2- Workshop: \u201cHistorias locales en la gran pantalla\u201d. Dictado por \u00c1lvaro Sim\u00f3n Padr\u00f3s y Exequiel Svetliza.<br><br>Parte\u00a0desde la premisa de que\u00a0cualquiera sea el territorio que habitemos, siempre encontraremos algo valioso para contar y mostrar sobre nosotros. El microdocumental es un formato audiovisual que nos permite acercarnos a esos universos, cercanos y fascinantes a la vez, para retratar historias combinando las herramientas del periodismo narrativo y del cine documental. La propuesta es ir a la b\u00fasqueda de esa poes\u00eda de lo\u00a0cotidiano para llevarla a la gran pantalla con una din\u00e1mica de producci\u00f3n propia de los medios de comunicaci\u00f3n y calidad de narrativa cinematogr\u00e1fica.<br><br>Jueves 23 y viernes 24 de febrero de 2023 [2 horas\u00a0cada jornada].<br>Espacio: Biblioteca Popular Jos\u00e9 Barbero \u2013 Colonia Santa Teresa, LP.<br><br><a href=\"https:\/\/espacioangular.org\/taller1-historias-locales-en-la-gran-pantalla\/\" target=\"_blank\" rel=\"noreferrer noopener\">https:\/\/espacioangular.org\/taller1-historias-locales-en-la-gran-pantalla\/<\/a><br><br>Beneficios de la Beca<br><br>&#8211; Hospedaje (compartido, durante las tres noches del Festival).<br><br>&#8211; Traslados internos (Guatrach\u00e9 &#8211; Santa Teresa).<br><br>&#8211; Entrevistas exclusivas con realizadores e invitados especiales.<br><br>&#8211; Free-Pass a cada una de las noches del Festival (incluye la Noche de Premiaci\u00f3n, con la presentaci\u00f3n de Los Rancheros).<br><br>&#8211; Invitaci\u00f3n VIP para la Fiesta privada de Cierre en Brujas Pub.\u00a0<br><br>&#8211; Workshop I o II a elecci\u00f3n (tienen que inscribirse a uno. 6 cupos para cada\u00a0workshop).<br><br>Los becarios s\u00f3lo deben abonar su traslado hasta Guatrach\u00e9\u00a0\/\u00a0Santa Teresa.<br><br>Inscripciones:\u00a0<a href=\"https:\/\/docs.google.com\/forms\/d\/e\/1FAIpQLSdtsIZUwAz_jJQf4sJJYat2fmIIV6qbnVyNclfFPszIm4z8QA\/viewform\" target=\"_blank\" rel=\"noreferrer noopener\">\u00a0Link para acceder al formulario<\/a><br>Lunes 13 de febrero: Cierre de convocatoria.<br><br>La <strong>programaci\u00f3n oficial del festival <\/strong>incluye proyecciones especiales, conferencias, masterclass y workshops. Toda la informaci\u00f3n en\u00a0<a href=\"https:\/\/espacioangular.org\/festival-2023\/\" target=\"_blank\" rel=\"noreferrer noopener\">https:\/\/espacioangular.org\/festival-2023\/<\/a><\/p>\n","protected":false},"excerpt":{"rendered":"<p>Desde el 23 al\u00a025 de febrero se realizar\u00e1 la segunda\u00a0edici\u00f3n del Festival Internacional de Cine Documental \u201cPampaDocFest\u201d, en Colonia Santa Teresa,\u00a0evento\u00a0organizado por\u00a0la plataforma de periodismo narrativo Angular, el Gobierno de&hellip;<\/p>\n","protected":false},"author":4,"featured_media":215509,"comment_status":"closed","ping_status":"open","sticky":false,"template":"","format":"standard","meta":{"_acf_changed":false,"footnotes":""},"categories":[1,2],"tags":[],"class_list":["post-215508","post","type-post","status-publish","format-standard","has-post-thumbnail","hentry","category-es-noticia","category-cultura"],"acf":[],"yoast_head":"<!-- This site is optimized with the Yoast SEO plugin v27.5 - https:\/\/yoast.com\/product\/yoast-seo-wordpress\/ -->\n<title>Ofrecen becas para seminarios del Festival Internacional de Cine Documental \u201cPampaDocFest\u201d - Diario Textual<\/title>\n<meta name=\"robots\" content=\"index, follow, max-snippet:-1, max-image-preview:large, max-video-preview:-1\" \/>\n<link rel=\"canonical\" href=\"https:\/\/diariotextual.com\/inicio\/index.php\/2023\/02\/08\/ofrecen-becas-para-seminarios-del-festival-internacional-de-cine-documental-pampadocfest\/\" \/>\n<meta property=\"og:locale\" content=\"es_ES\" \/>\n<meta property=\"og:type\" content=\"article\" \/>\n<meta property=\"og:title\" content=\"Ofrecen becas para seminarios del Festival Internacional de Cine Documental \u201cPampaDocFest\u201d - Diario Textual\" \/>\n<meta property=\"og:description\" content=\"Desde el 23 al\u00a025 de febrero se realizar\u00e1 la segunda\u00a0edici\u00f3n del Festival Internacional de Cine Documental \u201cPampaDocFest\u201d, en Colonia Santa Teresa,\u00a0evento\u00a0organizado por\u00a0la plataforma de periodismo narrativo Angular, el Gobierno de&hellip;\" \/>\n<meta property=\"og:url\" content=\"https:\/\/diariotextual.com\/inicio\/index.php\/2023\/02\/08\/ofrecen-becas-para-seminarios-del-festival-internacional-de-cine-documental-pampadocfest\/\" \/>\n<meta property=\"og:site_name\" content=\"Diario Textual\" \/>\n<meta property=\"article:publisher\" content=\"https:\/\/www.facebook.com\/eltextual\" \/>\n<meta property=\"article:published_time\" content=\"2023-02-08T20:46:48+00:00\" \/>\n<meta property=\"article:modified_time\" content=\"2023-02-09T10:21:10+00:00\" \/>\n<meta property=\"og:image\" content=\"https:\/\/diariotextual.com\/inicio\/wp-content\/uploads\/2023\/02\/pampadocfestivalangular5.jpg\" \/>\n\t<meta property=\"og:image:width\" content=\"1080\" \/>\n\t<meta property=\"og:image:height\" content=\"729\" \/>\n\t<meta property=\"og:image:type\" content=\"image\/jpeg\" \/>\n<meta name=\"author\" content=\"diario2\" \/>\n<meta name=\"twitter:card\" content=\"summary_large_image\" \/>\n<meta name=\"twitter:creator\" content=\"@eltextual\" \/>\n<meta name=\"twitter:site\" content=\"@eltextual\" \/>\n<meta name=\"twitter:label1\" content=\"Escrito por\" \/>\n\t<meta name=\"twitter:data1\" content=\"diario2\" \/>\n\t<meta name=\"twitter:label2\" content=\"Tiempo de lectura\" \/>\n\t<meta name=\"twitter:data2\" content=\"3 minutos\" \/>\n<script type=\"application\/ld+json\" class=\"yoast-schema-graph\">{\"@context\":\"https:\\\/\\\/schema.org\",\"@graph\":[{\"@type\":\"Article\",\"@id\":\"https:\\\/\\\/diariotextual.com\\\/inicio\\\/index.php\\\/2023\\\/02\\\/08\\\/ofrecen-becas-para-seminarios-del-festival-internacional-de-cine-documental-pampadocfest\\\/#article\",\"isPartOf\":{\"@id\":\"https:\\\/\\\/diariotextual.com\\\/inicio\\\/index.php\\\/2023\\\/02\\\/08\\\/ofrecen-becas-para-seminarios-del-festival-internacional-de-cine-documental-pampadocfest\\\/\"},\"author\":{\"name\":\"diario2\",\"@id\":\"https:\\\/\\\/diariotextual.com\\\/inicio\\\/#\\\/schema\\\/person\\\/694f60677f23c4a530867a98f22b3768\"},\"headline\":\"Ofrecen becas para seminarios del Festival Internacional de Cine Documental \u201cPampaDocFest\u201d\",\"datePublished\":\"2023-02-08T20:46:48+00:00\",\"dateModified\":\"2023-02-09T10:21:10+00:00\",\"mainEntityOfPage\":{\"@id\":\"https:\\\/\\\/diariotextual.com\\\/inicio\\\/index.php\\\/2023\\\/02\\\/08\\\/ofrecen-becas-para-seminarios-del-festival-internacional-de-cine-documental-pampadocfest\\\/\"},\"wordCount\":543,\"publisher\":{\"@id\":\"https:\\\/\\\/diariotextual.com\\\/inicio\\\/#organization\"},\"image\":{\"@id\":\"https:\\\/\\\/diariotextual.com\\\/inicio\\\/index.php\\\/2023\\\/02\\\/08\\\/ofrecen-becas-para-seminarios-del-festival-internacional-de-cine-documental-pampadocfest\\\/#primaryimage\"},\"thumbnailUrl\":\"https:\\\/\\\/diariotextual.com\\\/inicio\\\/wp-content\\\/uploads\\\/2023\\\/02\\\/pampadocfestivalangular5.jpg\",\"articleSection\":[\"A - ES NOTICIA (van abajo)\",\"CULTURA\"],\"inLanguage\":\"es\"},{\"@type\":\"WebPage\",\"@id\":\"https:\\\/\\\/diariotextual.com\\\/inicio\\\/index.php\\\/2023\\\/02\\\/08\\\/ofrecen-becas-para-seminarios-del-festival-internacional-de-cine-documental-pampadocfest\\\/\",\"url\":\"https:\\\/\\\/diariotextual.com\\\/inicio\\\/index.php\\\/2023\\\/02\\\/08\\\/ofrecen-becas-para-seminarios-del-festival-internacional-de-cine-documental-pampadocfest\\\/\",\"name\":\"Ofrecen becas para seminarios del Festival Internacional de Cine Documental \u201cPampaDocFest\u201d - Diario Textual\",\"isPartOf\":{\"@id\":\"https:\\\/\\\/diariotextual.com\\\/inicio\\\/#website\"},\"primaryImageOfPage\":{\"@id\":\"https:\\\/\\\/diariotextual.com\\\/inicio\\\/index.php\\\/2023\\\/02\\\/08\\\/ofrecen-becas-para-seminarios-del-festival-internacional-de-cine-documental-pampadocfest\\\/#primaryimage\"},\"image\":{\"@id\":\"https:\\\/\\\/diariotextual.com\\\/inicio\\\/index.php\\\/2023\\\/02\\\/08\\\/ofrecen-becas-para-seminarios-del-festival-internacional-de-cine-documental-pampadocfest\\\/#primaryimage\"},\"thumbnailUrl\":\"https:\\\/\\\/diariotextual.com\\\/inicio\\\/wp-content\\\/uploads\\\/2023\\\/02\\\/pampadocfestivalangular5.jpg\",\"datePublished\":\"2023-02-08T20:46:48+00:00\",\"dateModified\":\"2023-02-09T10:21:10+00:00\",\"breadcrumb\":{\"@id\":\"https:\\\/\\\/diariotextual.com\\\/inicio\\\/index.php\\\/2023\\\/02\\\/08\\\/ofrecen-becas-para-seminarios-del-festival-internacional-de-cine-documental-pampadocfest\\\/#breadcrumb\"},\"inLanguage\":\"es\",\"potentialAction\":[{\"@type\":\"ReadAction\",\"target\":[\"https:\\\/\\\/diariotextual.com\\\/inicio\\\/index.php\\\/2023\\\/02\\\/08\\\/ofrecen-becas-para-seminarios-del-festival-internacional-de-cine-documental-pampadocfest\\\/\"]}]},{\"@type\":\"ImageObject\",\"inLanguage\":\"es\",\"@id\":\"https:\\\/\\\/diariotextual.com\\\/inicio\\\/index.php\\\/2023\\\/02\\\/08\\\/ofrecen-becas-para-seminarios-del-festival-internacional-de-cine-documental-pampadocfest\\\/#primaryimage\",\"url\":\"https:\\\/\\\/diariotextual.com\\\/inicio\\\/wp-content\\\/uploads\\\/2023\\\/02\\\/pampadocfestivalangular5.jpg\",\"contentUrl\":\"https:\\\/\\\/diariotextual.com\\\/inicio\\\/wp-content\\\/uploads\\\/2023\\\/02\\\/pampadocfestivalangular5.jpg\",\"width\":1080,\"height\":729},{\"@type\":\"BreadcrumbList\",\"@id\":\"https:\\\/\\\/diariotextual.com\\\/inicio\\\/index.php\\\/2023\\\/02\\\/08\\\/ofrecen-becas-para-seminarios-del-festival-internacional-de-cine-documental-pampadocfest\\\/#breadcrumb\",\"itemListElement\":[{\"@type\":\"ListItem\",\"position\":1,\"name\":\"Portada\",\"item\":\"https:\\\/\\\/diariotextual.com\\\/inicio\\\/\"},{\"@type\":\"ListItem\",\"position\":2,\"name\":\"Ofrecen becas para seminarios del Festival Internacional de Cine Documental \u201cPampaDocFest\u201d\"}]},{\"@type\":\"WebSite\",\"@id\":\"https:\\\/\\\/diariotextual.com\\\/inicio\\\/#website\",\"url\":\"https:\\\/\\\/diariotextual.com\\\/inicio\\\/\",\"name\":\"Diario Textual\",\"description\":\"\",\"publisher\":{\"@id\":\"https:\\\/\\\/diariotextual.com\\\/inicio\\\/#organization\"},\"potentialAction\":[{\"@type\":\"SearchAction\",\"target\":{\"@type\":\"EntryPoint\",\"urlTemplate\":\"https:\\\/\\\/diariotextual.com\\\/inicio\\\/?s={search_term_string}\"},\"query-input\":{\"@type\":\"PropertyValueSpecification\",\"valueRequired\":true,\"valueName\":\"search_term_string\"}}],\"inLanguage\":\"es\"},{\"@type\":\"Organization\",\"@id\":\"https:\\\/\\\/diariotextual.com\\\/inicio\\\/#organization\",\"name\":\"Diario Textual\",\"url\":\"https:\\\/\\\/diariotextual.com\\\/inicio\\\/\",\"logo\":{\"@type\":\"ImageObject\",\"inLanguage\":\"es\",\"@id\":\"https:\\\/\\\/diariotextual.com\\\/inicio\\\/#\\\/schema\\\/logo\\\/image\\\/\",\"url\":\"https:\\\/\\\/diariotextual.com\\\/inicio\\\/wp-content\\\/uploads\\\/2023\\\/05\\\/logotextual1.jpg\",\"contentUrl\":\"https:\\\/\\\/diariotextual.com\\\/inicio\\\/wp-content\\\/uploads\\\/2023\\\/05\\\/logotextual1.jpg\",\"width\":516,\"height\":76,\"caption\":\"Diario Textual\"},\"image\":{\"@id\":\"https:\\\/\\\/diariotextual.com\\\/inicio\\\/#\\\/schema\\\/logo\\\/image\\\/\"},\"sameAs\":[\"https:\\\/\\\/www.facebook.com\\\/eltextual\",\"https:\\\/\\\/x.com\\\/eltextual\",\"http:\\\/\\\/www.instagram.com\\\/eltextual\"]},{\"@type\":\"Person\",\"@id\":\"https:\\\/\\\/diariotextual.com\\\/inicio\\\/#\\\/schema\\\/person\\\/694f60677f23c4a530867a98f22b3768\",\"name\":\"diario2\",\"image\":{\"@type\":\"ImageObject\",\"inLanguage\":\"es\",\"@id\":\"https:\\\/\\\/secure.gravatar.com\\\/avatar\\\/5a2567495ba16b852fcd8f1ed006a2e24fcace936018ed8237e95f488ad6e0a7?s=96&d=mm&r=g\",\"url\":\"https:\\\/\\\/secure.gravatar.com\\\/avatar\\\/5a2567495ba16b852fcd8f1ed006a2e24fcace936018ed8237e95f488ad6e0a7?s=96&d=mm&r=g\",\"contentUrl\":\"https:\\\/\\\/secure.gravatar.com\\\/avatar\\\/5a2567495ba16b852fcd8f1ed006a2e24fcace936018ed8237e95f488ad6e0a7?s=96&d=mm&r=g\",\"caption\":\"diario2\"},\"url\":\"https:\\\/\\\/diariotextual.com\\\/inicio\\\/index.php\\\/author\\\/diario2\\\/\"}]}<\/script>\n<!-- \/ Yoast SEO plugin. -->","yoast_head_json":{"title":"Ofrecen becas para seminarios del Festival Internacional de Cine Documental \u201cPampaDocFest\u201d - Diario Textual","robots":{"index":"index","follow":"follow","max-snippet":"max-snippet:-1","max-image-preview":"max-image-preview:large","max-video-preview":"max-video-preview:-1"},"canonical":"https:\/\/diariotextual.com\/inicio\/index.php\/2023\/02\/08\/ofrecen-becas-para-seminarios-del-festival-internacional-de-cine-documental-pampadocfest\/","og_locale":"es_ES","og_type":"article","og_title":"Ofrecen becas para seminarios del Festival Internacional de Cine Documental \u201cPampaDocFest\u201d - Diario Textual","og_description":"Desde el 23 al\u00a025 de febrero se realizar\u00e1 la segunda\u00a0edici\u00f3n del Festival Internacional de Cine Documental \u201cPampaDocFest\u201d, en Colonia Santa Teresa,\u00a0evento\u00a0organizado por\u00a0la plataforma de periodismo narrativo Angular, el Gobierno de&hellip;","og_url":"https:\/\/diariotextual.com\/inicio\/index.php\/2023\/02\/08\/ofrecen-becas-para-seminarios-del-festival-internacional-de-cine-documental-pampadocfest\/","og_site_name":"Diario Textual","article_publisher":"https:\/\/www.facebook.com\/eltextual","article_published_time":"2023-02-08T20:46:48+00:00","article_modified_time":"2023-02-09T10:21:10+00:00","og_image":[{"width":1080,"height":729,"url":"https:\/\/diariotextual.com\/inicio\/wp-content\/uploads\/2023\/02\/pampadocfestivalangular5.jpg","type":"image\/jpeg"}],"author":"diario2","twitter_card":"summary_large_image","twitter_creator":"@eltextual","twitter_site":"@eltextual","twitter_misc":{"Escrito por":"diario2","Tiempo de lectura":"3 minutos"},"schema":{"@context":"https:\/\/schema.org","@graph":[{"@type":"Article","@id":"https:\/\/diariotextual.com\/inicio\/index.php\/2023\/02\/08\/ofrecen-becas-para-seminarios-del-festival-internacional-de-cine-documental-pampadocfest\/#article","isPartOf":{"@id":"https:\/\/diariotextual.com\/inicio\/index.php\/2023\/02\/08\/ofrecen-becas-para-seminarios-del-festival-internacional-de-cine-documental-pampadocfest\/"},"author":{"name":"diario2","@id":"https:\/\/diariotextual.com\/inicio\/#\/schema\/person\/694f60677f23c4a530867a98f22b3768"},"headline":"Ofrecen becas para seminarios del Festival Internacional de Cine Documental \u201cPampaDocFest\u201d","datePublished":"2023-02-08T20:46:48+00:00","dateModified":"2023-02-09T10:21:10+00:00","mainEntityOfPage":{"@id":"https:\/\/diariotextual.com\/inicio\/index.php\/2023\/02\/08\/ofrecen-becas-para-seminarios-del-festival-internacional-de-cine-documental-pampadocfest\/"},"wordCount":543,"publisher":{"@id":"https:\/\/diariotextual.com\/inicio\/#organization"},"image":{"@id":"https:\/\/diariotextual.com\/inicio\/index.php\/2023\/02\/08\/ofrecen-becas-para-seminarios-del-festival-internacional-de-cine-documental-pampadocfest\/#primaryimage"},"thumbnailUrl":"https:\/\/diariotextual.com\/inicio\/wp-content\/uploads\/2023\/02\/pampadocfestivalangular5.jpg","articleSection":["A - ES NOTICIA (van abajo)","CULTURA"],"inLanguage":"es"},{"@type":"WebPage","@id":"https:\/\/diariotextual.com\/inicio\/index.php\/2023\/02\/08\/ofrecen-becas-para-seminarios-del-festival-internacional-de-cine-documental-pampadocfest\/","url":"https:\/\/diariotextual.com\/inicio\/index.php\/2023\/02\/08\/ofrecen-becas-para-seminarios-del-festival-internacional-de-cine-documental-pampadocfest\/","name":"Ofrecen becas para seminarios del Festival Internacional de Cine Documental \u201cPampaDocFest\u201d - Diario Textual","isPartOf":{"@id":"https:\/\/diariotextual.com\/inicio\/#website"},"primaryImageOfPage":{"@id":"https:\/\/diariotextual.com\/inicio\/index.php\/2023\/02\/08\/ofrecen-becas-para-seminarios-del-festival-internacional-de-cine-documental-pampadocfest\/#primaryimage"},"image":{"@id":"https:\/\/diariotextual.com\/inicio\/index.php\/2023\/02\/08\/ofrecen-becas-para-seminarios-del-festival-internacional-de-cine-documental-pampadocfest\/#primaryimage"},"thumbnailUrl":"https:\/\/diariotextual.com\/inicio\/wp-content\/uploads\/2023\/02\/pampadocfestivalangular5.jpg","datePublished":"2023-02-08T20:46:48+00:00","dateModified":"2023-02-09T10:21:10+00:00","breadcrumb":{"@id":"https:\/\/diariotextual.com\/inicio\/index.php\/2023\/02\/08\/ofrecen-becas-para-seminarios-del-festival-internacional-de-cine-documental-pampadocfest\/#breadcrumb"},"inLanguage":"es","potentialAction":[{"@type":"ReadAction","target":["https:\/\/diariotextual.com\/inicio\/index.php\/2023\/02\/08\/ofrecen-becas-para-seminarios-del-festival-internacional-de-cine-documental-pampadocfest\/"]}]},{"@type":"ImageObject","inLanguage":"es","@id":"https:\/\/diariotextual.com\/inicio\/index.php\/2023\/02\/08\/ofrecen-becas-para-seminarios-del-festival-internacional-de-cine-documental-pampadocfest\/#primaryimage","url":"https:\/\/diariotextual.com\/inicio\/wp-content\/uploads\/2023\/02\/pampadocfestivalangular5.jpg","contentUrl":"https:\/\/diariotextual.com\/inicio\/wp-content\/uploads\/2023\/02\/pampadocfestivalangular5.jpg","width":1080,"height":729},{"@type":"BreadcrumbList","@id":"https:\/\/diariotextual.com\/inicio\/index.php\/2023\/02\/08\/ofrecen-becas-para-seminarios-del-festival-internacional-de-cine-documental-pampadocfest\/#breadcrumb","itemListElement":[{"@type":"ListItem","position":1,"name":"Portada","item":"https:\/\/diariotextual.com\/inicio\/"},{"@type":"ListItem","position":2,"name":"Ofrecen becas para seminarios del Festival Internacional de Cine Documental \u201cPampaDocFest\u201d"}]},{"@type":"WebSite","@id":"https:\/\/diariotextual.com\/inicio\/#website","url":"https:\/\/diariotextual.com\/inicio\/","name":"Diario Textual","description":"","publisher":{"@id":"https:\/\/diariotextual.com\/inicio\/#organization"},"potentialAction":[{"@type":"SearchAction","target":{"@type":"EntryPoint","urlTemplate":"https:\/\/diariotextual.com\/inicio\/?s={search_term_string}"},"query-input":{"@type":"PropertyValueSpecification","valueRequired":true,"valueName":"search_term_string"}}],"inLanguage":"es"},{"@type":"Organization","@id":"https:\/\/diariotextual.com\/inicio\/#organization","name":"Diario Textual","url":"https:\/\/diariotextual.com\/inicio\/","logo":{"@type":"ImageObject","inLanguage":"es","@id":"https:\/\/diariotextual.com\/inicio\/#\/schema\/logo\/image\/","url":"https:\/\/diariotextual.com\/inicio\/wp-content\/uploads\/2023\/05\/logotextual1.jpg","contentUrl":"https:\/\/diariotextual.com\/inicio\/wp-content\/uploads\/2023\/05\/logotextual1.jpg","width":516,"height":76,"caption":"Diario Textual"},"image":{"@id":"https:\/\/diariotextual.com\/inicio\/#\/schema\/logo\/image\/"},"sameAs":["https:\/\/www.facebook.com\/eltextual","https:\/\/x.com\/eltextual","http:\/\/www.instagram.com\/eltextual"]},{"@type":"Person","@id":"https:\/\/diariotextual.com\/inicio\/#\/schema\/person\/694f60677f23c4a530867a98f22b3768","name":"diario2","image":{"@type":"ImageObject","inLanguage":"es","@id":"https:\/\/secure.gravatar.com\/avatar\/5a2567495ba16b852fcd8f1ed006a2e24fcace936018ed8237e95f488ad6e0a7?s=96&d=mm&r=g","url":"https:\/\/secure.gravatar.com\/avatar\/5a2567495ba16b852fcd8f1ed006a2e24fcace936018ed8237e95f488ad6e0a7?s=96&d=mm&r=g","contentUrl":"https:\/\/secure.gravatar.com\/avatar\/5a2567495ba16b852fcd8f1ed006a2e24fcace936018ed8237e95f488ad6e0a7?s=96&d=mm&r=g","caption":"diario2"},"url":"https:\/\/diariotextual.com\/inicio\/index.php\/author\/diario2\/"}]}},"_links":{"self":[{"href":"https:\/\/diariotextual.com\/inicio\/index.php\/wp-json\/wp\/v2\/posts\/215508","targetHints":{"allow":["GET"]}}],"collection":[{"href":"https:\/\/diariotextual.com\/inicio\/index.php\/wp-json\/wp\/v2\/posts"}],"about":[{"href":"https:\/\/diariotextual.com\/inicio\/index.php\/wp-json\/wp\/v2\/types\/post"}],"author":[{"embeddable":true,"href":"https:\/\/diariotextual.com\/inicio\/index.php\/wp-json\/wp\/v2\/users\/4"}],"replies":[{"embeddable":true,"href":"https:\/\/diariotextual.com\/inicio\/index.php\/wp-json\/wp\/v2\/comments?post=215508"}],"version-history":[{"count":1,"href":"https:\/\/diariotextual.com\/inicio\/index.php\/wp-json\/wp\/v2\/posts\/215508\/revisions"}],"predecessor-version":[{"id":215510,"href":"https:\/\/diariotextual.com\/inicio\/index.php\/wp-json\/wp\/v2\/posts\/215508\/revisions\/215510"}],"wp:featuredmedia":[{"embeddable":true,"href":"https:\/\/diariotextual.com\/inicio\/index.php\/wp-json\/wp\/v2\/media\/215509"}],"wp:attachment":[{"href":"https:\/\/diariotextual.com\/inicio\/index.php\/wp-json\/wp\/v2\/media?parent=215508"}],"wp:term":[{"taxonomy":"category","embeddable":true,"href":"https:\/\/diariotextual.com\/inicio\/index.php\/wp-json\/wp\/v2\/categories?post=215508"},{"taxonomy":"post_tag","embeddable":true,"href":"https:\/\/diariotextual.com\/inicio\/index.php\/wp-json\/wp\/v2\/tags?post=215508"}],"curies":[{"name":"wp","href":"https:\/\/api.w.org\/{rel}","templated":true}]}}