{"id":215536,"date":"2023-02-09T07:52:12","date_gmt":"2023-02-09T10:52:12","guid":{"rendered":"https:\/\/diariotextual.com\/inicio\/?p=215536"},"modified":"2023-02-09T07:52:15","modified_gmt":"2023-02-09T10:52:15","slug":"el-peque-schwartzman-debuta-en-el-cordoba-open","status":"publish","type":"post","link":"https:\/\/diariotextual.com\/inicio\/index.php\/2023\/02\/09\/el-peque-schwartzman-debuta-en-el-cordoba-open\/","title":{"rendered":"El \u201cPeque\u201d Schwartzman debuta en el C\u00f3rdoba Open"},"content":{"rendered":"\n<p>Diego Schwartzman, m\u00e1ximo favorito al t\u00edtulo, debutar\u00e1 hoy directamente en los octavos de final del C\u00f3rdoba Open ante su compatriota Juan Manuel Cer\u00fandolo.<\/p>\n\n\n\n<p>El \u201cPeque\u201d, ubicado en el puesto 28 del ranking mundial de la ATP, se presentar\u00e1 en \u201cLa Docta\u201d no antes de las 20 en el partido que cerrar\u00e1 la jornada frente al menor de los hermanos Cer\u00fandolo (114), ganador el mes pasado de dos Challengers, ambos jugados en Tigre, en las instalaciones del Club N\u00e1utico Hacoaj.<\/p>\n\n\n\n<p>El programa de juego para la cuarta jornada del torneo que se juega sobre las canchas de polvo de ladrillo del Polo Deportivo Kempes y repartir\u00e1 premios por 642.735 d\u00f3lares es el siguiente:<\/p>\n\n\n\n<p>. Cancha Central:<\/p>\n\n\n\n<p>. A las 14.30: Federico Coria (Argentina) vs Marco Cecchinato (Italia)<\/p>\n\n\n\n<p>. A continuaci\u00f3n: Guido Pella (Argentina) vs Hugo Dellien (Bolivia)<\/p>\n\n\n\n<p>. A las 18.30: Federico Delbonis (Argentina) vs. Francisco Cer\u00fandolo (Argentina)<\/p>\n\n\n\n<p>. No antes de las 20: Diego Schwartzman (Argentina) vs. Juan Manuel Cer\u00fandolo (Argentina)<\/p>\n\n\n\n<p>. Cancha n\u00famero 1:<\/p>\n\n\n\n<p>. A las 14: Cristian Gar\u00edn (Chile) vs Joao Sousa (Portugal)<\/p>\n\n\n\n<p>. A continuaci\u00f3n: Dusan Lajovic (Serbia) vs. Albert Ramos (Espa\u00f1a).<\/p>\n\n\n\n<p>. A continuaci\u00f3n: Marcelo Melo (Brasil) y Joao Sousa (Portugal) vs. Andrey Golubev (Kazajist\u00e1n) y Aleksandr Nedovyesov (Kazajist\u00e1n).<\/p>\n\n\n\n<p>. A continuaci\u00f3n: Nicol\u00e1s Barrientos (Colombia) y Ariel Behar (Uruguay) vs Hugo Dellien (Bolivia) y Guido Pella (Argentina).<\/p>\n\n\n\n<p>. A continuaci\u00f3n: Sadio Doumbia (Francia) y Fabien Reboul (Francia) vs Roberto Carballes Baena (Espa\u00f1a) y Pedro Mart\u00ednez (Espa\u00f1a).<\/p>\n","protected":false},"excerpt":{"rendered":"<p>Diego Schwartzman, m\u00e1ximo favorito al t\u00edtulo, debutar\u00e1 hoy directamente en los octavos de final del C\u00f3rdoba Open ante su compatriota Juan Manuel Cer\u00fandolo. El \u201cPeque\u201d, ubicado en el puesto 28&hellip;<\/p>\n","protected":false},"author":4,"featured_media":136306,"comment_status":"closed","ping_status":"open","sticky":false,"template":"","format":"standard","meta":{"_acf_changed":false,"footnotes":""},"categories":[1,3],"tags":[],"class_list":["post-215536","post","type-post","status-publish","format-standard","has-post-thumbnail","hentry","category-es-noticia","category-deportes"],"acf":[],"yoast_head":"<!-- This site is optimized with the Yoast SEO plugin v27.5 - https:\/\/yoast.com\/product\/yoast-seo-wordpress\/ -->\n<title>El \u201cPeque\u201d Schwartzman debuta en el C\u00f3rdoba Open - Diario Textual<\/title>\n<meta name=\"robots\" content=\"index, follow, max-snippet:-1, max-image-preview:large, max-video-preview:-1\" \/>\n<link rel=\"canonical\" href=\"https:\/\/diariotextual.com\/inicio\/index.php\/2023\/02\/09\/el-peque-schwartzman-debuta-en-el-cordoba-open\/\" \/>\n<meta property=\"og:locale\" content=\"es_ES\" \/>\n<meta property=\"og:type\" content=\"article\" \/>\n<meta property=\"og:title\" content=\"El \u201cPeque\u201d Schwartzman debuta en el C\u00f3rdoba Open - Diario Textual\" \/>\n<meta property=\"og:description\" content=\"Diego Schwartzman, m\u00e1ximo favorito al t\u00edtulo, debutar\u00e1 hoy directamente en los octavos de final del C\u00f3rdoba Open ante su compatriota Juan Manuel Cer\u00fandolo. El \u201cPeque\u201d, ubicado en el puesto 28&hellip;\" \/>\n<meta property=\"og:url\" content=\"https:\/\/diariotextual.com\/inicio\/index.php\/2023\/02\/09\/el-peque-schwartzman-debuta-en-el-cordoba-open\/\" \/>\n<meta property=\"og:site_name\" content=\"Diario Textual\" \/>\n<meta property=\"article:publisher\" content=\"https:\/\/www.facebook.com\/eltextual\" \/>\n<meta property=\"article:published_time\" content=\"2023-02-09T10:52:12+00:00\" \/>\n<meta property=\"article:modified_time\" content=\"2023-02-09T10:52:15+00:00\" \/>\n<meta property=\"og:image\" content=\"https:\/\/diariotextual.com\/inicio\/wp-content\/uploads\/2021\/03\/schuartzmanrgentinaopen.jpg\" \/>\n\t<meta property=\"og:image:width\" content=\"2352\" \/>\n\t<meta property=\"og:image:height\" content=\"1637\" \/>\n\t<meta property=\"og:image:type\" content=\"image\/jpeg\" \/>\n<meta name=\"author\" content=\"diario2\" \/>\n<meta name=\"twitter:card\" content=\"summary_large_image\" \/>\n<meta name=\"twitter:creator\" content=\"@eltextual\" \/>\n<meta name=\"twitter:site\" content=\"@eltextual\" \/>\n<meta name=\"twitter:label1\" content=\"Escrito por\" \/>\n\t<meta name=\"twitter:data1\" content=\"diario2\" \/>\n\t<meta name=\"twitter:label2\" content=\"Tiempo de lectura\" \/>\n\t<meta name=\"twitter:data2\" content=\"2 minutos\" \/>\n<script type=\"application\/ld+json\" class=\"yoast-schema-graph\">{\"@context\":\"https:\\\/\\\/schema.org\",\"@graph\":[{\"@type\":\"Article\",\"@id\":\"https:\\\/\\\/diariotextual.com\\\/inicio\\\/index.php\\\/2023\\\/02\\\/09\\\/el-peque-schwartzman-debuta-en-el-cordoba-open\\\/#article\",\"isPartOf\":{\"@id\":\"https:\\\/\\\/diariotextual.com\\\/inicio\\\/index.php\\\/2023\\\/02\\\/09\\\/el-peque-schwartzman-debuta-en-el-cordoba-open\\\/\"},\"author\":{\"name\":\"diario2\",\"@id\":\"https:\\\/\\\/diariotextual.com\\\/inicio\\\/#\\\/schema\\\/person\\\/694f60677f23c4a530867a98f22b3768\"},\"headline\":\"El \u201cPeque\u201d Schwartzman debuta en el C\u00f3rdoba Open\",\"datePublished\":\"2023-02-09T10:52:12+00:00\",\"dateModified\":\"2023-02-09T10:52:15+00:00\",\"mainEntityOfPage\":{\"@id\":\"https:\\\/\\\/diariotextual.com\\\/inicio\\\/index.php\\\/2023\\\/02\\\/09\\\/el-peque-schwartzman-debuta-en-el-cordoba-open\\\/\"},\"wordCount\":253,\"publisher\":{\"@id\":\"https:\\\/\\\/diariotextual.com\\\/inicio\\\/#organization\"},\"image\":{\"@id\":\"https:\\\/\\\/diariotextual.com\\\/inicio\\\/index.php\\\/2023\\\/02\\\/09\\\/el-peque-schwartzman-debuta-en-el-cordoba-open\\\/#primaryimage\"},\"thumbnailUrl\":\"https:\\\/\\\/diariotextual.com\\\/inicio\\\/wp-content\\\/uploads\\\/2021\\\/03\\\/schuartzmanrgentinaopen.jpg\",\"articleSection\":[\"A - ES NOTICIA (van abajo)\",\"DEPORTES\"],\"inLanguage\":\"es\"},{\"@type\":\"WebPage\",\"@id\":\"https:\\\/\\\/diariotextual.com\\\/inicio\\\/index.php\\\/2023\\\/02\\\/09\\\/el-peque-schwartzman-debuta-en-el-cordoba-open\\\/\",\"url\":\"https:\\\/\\\/diariotextual.com\\\/inicio\\\/index.php\\\/2023\\\/02\\\/09\\\/el-peque-schwartzman-debuta-en-el-cordoba-open\\\/\",\"name\":\"El \u201cPeque\u201d Schwartzman debuta en el C\u00f3rdoba Open - Diario Textual\",\"isPartOf\":{\"@id\":\"https:\\\/\\\/diariotextual.com\\\/inicio\\\/#website\"},\"primaryImageOfPage\":{\"@id\":\"https:\\\/\\\/diariotextual.com\\\/inicio\\\/index.php\\\/2023\\\/02\\\/09\\\/el-peque-schwartzman-debuta-en-el-cordoba-open\\\/#primaryimage\"},\"image\":{\"@id\":\"https:\\\/\\\/diariotextual.com\\\/inicio\\\/index.php\\\/2023\\\/02\\\/09\\\/el-peque-schwartzman-debuta-en-el-cordoba-open\\\/#primaryimage\"},\"thumbnailUrl\":\"https:\\\/\\\/diariotextual.com\\\/inicio\\\/wp-content\\\/uploads\\\/2021\\\/03\\\/schuartzmanrgentinaopen.jpg\",\"datePublished\":\"2023-02-09T10:52:12+00:00\",\"dateModified\":\"2023-02-09T10:52:15+00:00\",\"breadcrumb\":{\"@id\":\"https:\\\/\\\/diariotextual.com\\\/inicio\\\/index.php\\\/2023\\\/02\\\/09\\\/el-peque-schwartzman-debuta-en-el-cordoba-open\\\/#breadcrumb\"},\"inLanguage\":\"es\",\"potentialAction\":[{\"@type\":\"ReadAction\",\"target\":[\"https:\\\/\\\/diariotextual.com\\\/inicio\\\/index.php\\\/2023\\\/02\\\/09\\\/el-peque-schwartzman-debuta-en-el-cordoba-open\\\/\"]}]},{\"@type\":\"ImageObject\",\"inLanguage\":\"es\",\"@id\":\"https:\\\/\\\/diariotextual.com\\\/inicio\\\/index.php\\\/2023\\\/02\\\/09\\\/el-peque-schwartzman-debuta-en-el-cordoba-open\\\/#primaryimage\",\"url\":\"https:\\\/\\\/diariotextual.com\\\/inicio\\\/wp-content\\\/uploads\\\/2021\\\/03\\\/schuartzmanrgentinaopen.jpg\",\"contentUrl\":\"https:\\\/\\\/diariotextual.com\\\/inicio\\\/wp-content\\\/uploads\\\/2021\\\/03\\\/schuartzmanrgentinaopen.jpg\",\"width\":2352,\"height\":1637,\"caption\":\"ARGENTINA OPEN 2021. DIEGO SCHWARTZMAN vs. M. KECMANOVIC\"},{\"@type\":\"BreadcrumbList\",\"@id\":\"https:\\\/\\\/diariotextual.com\\\/inicio\\\/index.php\\\/2023\\\/02\\\/09\\\/el-peque-schwartzman-debuta-en-el-cordoba-open\\\/#breadcrumb\",\"itemListElement\":[{\"@type\":\"ListItem\",\"position\":1,\"name\":\"Portada\",\"item\":\"https:\\\/\\\/diariotextual.com\\\/inicio\\\/\"},{\"@type\":\"ListItem\",\"position\":2,\"name\":\"El \u201cPeque\u201d Schwartzman debuta en el C\u00f3rdoba Open\"}]},{\"@type\":\"WebSite\",\"@id\":\"https:\\\/\\\/diariotextual.com\\\/inicio\\\/#website\",\"url\":\"https:\\\/\\\/diariotextual.com\\\/inicio\\\/\",\"name\":\"Diario Textual\",\"description\":\"\",\"publisher\":{\"@id\":\"https:\\\/\\\/diariotextual.com\\\/inicio\\\/#organization\"},\"potentialAction\":[{\"@type\":\"SearchAction\",\"target\":{\"@type\":\"EntryPoint\",\"urlTemplate\":\"https:\\\/\\\/diariotextual.com\\\/inicio\\\/?s={search_term_string}\"},\"query-input\":{\"@type\":\"PropertyValueSpecification\",\"valueRequired\":true,\"valueName\":\"search_term_string\"}}],\"inLanguage\":\"es\"},{\"@type\":\"Organization\",\"@id\":\"https:\\\/\\\/diariotextual.com\\\/inicio\\\/#organization\",\"name\":\"Diario Textual\",\"url\":\"https:\\\/\\\/diariotextual.com\\\/inicio\\\/\",\"logo\":{\"@type\":\"ImageObject\",\"inLanguage\":\"es\",\"@id\":\"https:\\\/\\\/diariotextual.com\\\/inicio\\\/#\\\/schema\\\/logo\\\/image\\\/\",\"url\":\"https:\\\/\\\/diariotextual.com\\\/inicio\\\/wp-content\\\/uploads\\\/2023\\\/05\\\/logotextual1.jpg\",\"contentUrl\":\"https:\\\/\\\/diariotextual.com\\\/inicio\\\/wp-content\\\/uploads\\\/2023\\\/05\\\/logotextual1.jpg\",\"width\":516,\"height\":76,\"caption\":\"Diario Textual\"},\"image\":{\"@id\":\"https:\\\/\\\/diariotextual.com\\\/inicio\\\/#\\\/schema\\\/logo\\\/image\\\/\"},\"sameAs\":[\"https:\\\/\\\/www.facebook.com\\\/eltextual\",\"https:\\\/\\\/x.com\\\/eltextual\",\"http:\\\/\\\/www.instagram.com\\\/eltextual\"]},{\"@type\":\"Person\",\"@id\":\"https:\\\/\\\/diariotextual.com\\\/inicio\\\/#\\\/schema\\\/person\\\/694f60677f23c4a530867a98f22b3768\",\"name\":\"diario2\",\"image\":{\"@type\":\"ImageObject\",\"inLanguage\":\"es\",\"@id\":\"https:\\\/\\\/secure.gravatar.com\\\/avatar\\\/5a2567495ba16b852fcd8f1ed006a2e24fcace936018ed8237e95f488ad6e0a7?s=96&d=mm&r=g\",\"url\":\"https:\\\/\\\/secure.gravatar.com\\\/avatar\\\/5a2567495ba16b852fcd8f1ed006a2e24fcace936018ed8237e95f488ad6e0a7?s=96&d=mm&r=g\",\"contentUrl\":\"https:\\\/\\\/secure.gravatar.com\\\/avatar\\\/5a2567495ba16b852fcd8f1ed006a2e24fcace936018ed8237e95f488ad6e0a7?s=96&d=mm&r=g\",\"caption\":\"diario2\"},\"url\":\"https:\\\/\\\/diariotextual.com\\\/inicio\\\/index.php\\\/author\\\/diario2\\\/\"}]}<\/script>\n<!-- \/ Yoast SEO plugin. -->","yoast_head_json":{"title":"El \u201cPeque\u201d Schwartzman debuta en el C\u00f3rdoba Open - Diario Textual","robots":{"index":"index","follow":"follow","max-snippet":"max-snippet:-1","max-image-preview":"max-image-preview:large","max-video-preview":"max-video-preview:-1"},"canonical":"https:\/\/diariotextual.com\/inicio\/index.php\/2023\/02\/09\/el-peque-schwartzman-debuta-en-el-cordoba-open\/","og_locale":"es_ES","og_type":"article","og_title":"El \u201cPeque\u201d Schwartzman debuta en el C\u00f3rdoba Open - Diario Textual","og_description":"Diego Schwartzman, m\u00e1ximo favorito al t\u00edtulo, debutar\u00e1 hoy directamente en los octavos de final del C\u00f3rdoba Open ante su compatriota Juan Manuel Cer\u00fandolo. El \u201cPeque\u201d, ubicado en el puesto 28&hellip;","og_url":"https:\/\/diariotextual.com\/inicio\/index.php\/2023\/02\/09\/el-peque-schwartzman-debuta-en-el-cordoba-open\/","og_site_name":"Diario Textual","article_publisher":"https:\/\/www.facebook.com\/eltextual","article_published_time":"2023-02-09T10:52:12+00:00","article_modified_time":"2023-02-09T10:52:15+00:00","og_image":[{"width":2352,"height":1637,"url":"https:\/\/diariotextual.com\/inicio\/wp-content\/uploads\/2021\/03\/schuartzmanrgentinaopen.jpg","type":"image\/jpeg"}],"author":"diario2","twitter_card":"summary_large_image","twitter_creator":"@eltextual","twitter_site":"@eltextual","twitter_misc":{"Escrito por":"diario2","Tiempo de lectura":"2 minutos"},"schema":{"@context":"https:\/\/schema.org","@graph":[{"@type":"Article","@id":"https:\/\/diariotextual.com\/inicio\/index.php\/2023\/02\/09\/el-peque-schwartzman-debuta-en-el-cordoba-open\/#article","isPartOf":{"@id":"https:\/\/diariotextual.com\/inicio\/index.php\/2023\/02\/09\/el-peque-schwartzman-debuta-en-el-cordoba-open\/"},"author":{"name":"diario2","@id":"https:\/\/diariotextual.com\/inicio\/#\/schema\/person\/694f60677f23c4a530867a98f22b3768"},"headline":"El \u201cPeque\u201d Schwartzman debuta en el C\u00f3rdoba Open","datePublished":"2023-02-09T10:52:12+00:00","dateModified":"2023-02-09T10:52:15+00:00","mainEntityOfPage":{"@id":"https:\/\/diariotextual.com\/inicio\/index.php\/2023\/02\/09\/el-peque-schwartzman-debuta-en-el-cordoba-open\/"},"wordCount":253,"publisher":{"@id":"https:\/\/diariotextual.com\/inicio\/#organization"},"image":{"@id":"https:\/\/diariotextual.com\/inicio\/index.php\/2023\/02\/09\/el-peque-schwartzman-debuta-en-el-cordoba-open\/#primaryimage"},"thumbnailUrl":"https:\/\/diariotextual.com\/inicio\/wp-content\/uploads\/2021\/03\/schuartzmanrgentinaopen.jpg","articleSection":["A - ES NOTICIA (van abajo)","DEPORTES"],"inLanguage":"es"},{"@type":"WebPage","@id":"https:\/\/diariotextual.com\/inicio\/index.php\/2023\/02\/09\/el-peque-schwartzman-debuta-en-el-cordoba-open\/","url":"https:\/\/diariotextual.com\/inicio\/index.php\/2023\/02\/09\/el-peque-schwartzman-debuta-en-el-cordoba-open\/","name":"El \u201cPeque\u201d Schwartzman debuta en el C\u00f3rdoba Open - Diario Textual","isPartOf":{"@id":"https:\/\/diariotextual.com\/inicio\/#website"},"primaryImageOfPage":{"@id":"https:\/\/diariotextual.com\/inicio\/index.php\/2023\/02\/09\/el-peque-schwartzman-debuta-en-el-cordoba-open\/#primaryimage"},"image":{"@id":"https:\/\/diariotextual.com\/inicio\/index.php\/2023\/02\/09\/el-peque-schwartzman-debuta-en-el-cordoba-open\/#primaryimage"},"thumbnailUrl":"https:\/\/diariotextual.com\/inicio\/wp-content\/uploads\/2021\/03\/schuartzmanrgentinaopen.jpg","datePublished":"2023-02-09T10:52:12+00:00","dateModified":"2023-02-09T10:52:15+00:00","breadcrumb":{"@id":"https:\/\/diariotextual.com\/inicio\/index.php\/2023\/02\/09\/el-peque-schwartzman-debuta-en-el-cordoba-open\/#breadcrumb"},"inLanguage":"es","potentialAction":[{"@type":"ReadAction","target":["https:\/\/diariotextual.com\/inicio\/index.php\/2023\/02\/09\/el-peque-schwartzman-debuta-en-el-cordoba-open\/"]}]},{"@type":"ImageObject","inLanguage":"es","@id":"https:\/\/diariotextual.com\/inicio\/index.php\/2023\/02\/09\/el-peque-schwartzman-debuta-en-el-cordoba-open\/#primaryimage","url":"https:\/\/diariotextual.com\/inicio\/wp-content\/uploads\/2021\/03\/schuartzmanrgentinaopen.jpg","contentUrl":"https:\/\/diariotextual.com\/inicio\/wp-content\/uploads\/2021\/03\/schuartzmanrgentinaopen.jpg","width":2352,"height":1637,"caption":"ARGENTINA OPEN 2021. DIEGO SCHWARTZMAN vs. M. KECMANOVIC"},{"@type":"BreadcrumbList","@id":"https:\/\/diariotextual.com\/inicio\/index.php\/2023\/02\/09\/el-peque-schwartzman-debuta-en-el-cordoba-open\/#breadcrumb","itemListElement":[{"@type":"ListItem","position":1,"name":"Portada","item":"https:\/\/diariotextual.com\/inicio\/"},{"@type":"ListItem","position":2,"name":"El \u201cPeque\u201d Schwartzman debuta en el C\u00f3rdoba Open"}]},{"@type":"WebSite","@id":"https:\/\/diariotextual.com\/inicio\/#website","url":"https:\/\/diariotextual.com\/inicio\/","name":"Diario Textual","description":"","publisher":{"@id":"https:\/\/diariotextual.com\/inicio\/#organization"},"potentialAction":[{"@type":"SearchAction","target":{"@type":"EntryPoint","urlTemplate":"https:\/\/diariotextual.com\/inicio\/?s={search_term_string}"},"query-input":{"@type":"PropertyValueSpecification","valueRequired":true,"valueName":"search_term_string"}}],"inLanguage":"es"},{"@type":"Organization","@id":"https:\/\/diariotextual.com\/inicio\/#organization","name":"Diario Textual","url":"https:\/\/diariotextual.com\/inicio\/","logo":{"@type":"ImageObject","inLanguage":"es","@id":"https:\/\/diariotextual.com\/inicio\/#\/schema\/logo\/image\/","url":"https:\/\/diariotextual.com\/inicio\/wp-content\/uploads\/2023\/05\/logotextual1.jpg","contentUrl":"https:\/\/diariotextual.com\/inicio\/wp-content\/uploads\/2023\/05\/logotextual1.jpg","width":516,"height":76,"caption":"Diario Textual"},"image":{"@id":"https:\/\/diariotextual.com\/inicio\/#\/schema\/logo\/image\/"},"sameAs":["https:\/\/www.facebook.com\/eltextual","https:\/\/x.com\/eltextual","http:\/\/www.instagram.com\/eltextual"]},{"@type":"Person","@id":"https:\/\/diariotextual.com\/inicio\/#\/schema\/person\/694f60677f23c4a530867a98f22b3768","name":"diario2","image":{"@type":"ImageObject","inLanguage":"es","@id":"https:\/\/secure.gravatar.com\/avatar\/5a2567495ba16b852fcd8f1ed006a2e24fcace936018ed8237e95f488ad6e0a7?s=96&d=mm&r=g","url":"https:\/\/secure.gravatar.com\/avatar\/5a2567495ba16b852fcd8f1ed006a2e24fcace936018ed8237e95f488ad6e0a7?s=96&d=mm&r=g","contentUrl":"https:\/\/secure.gravatar.com\/avatar\/5a2567495ba16b852fcd8f1ed006a2e24fcace936018ed8237e95f488ad6e0a7?s=96&d=mm&r=g","caption":"diario2"},"url":"https:\/\/diariotextual.com\/inicio\/index.php\/author\/diario2\/"}]}},"_links":{"self":[{"href":"https:\/\/diariotextual.com\/inicio\/index.php\/wp-json\/wp\/v2\/posts\/215536","targetHints":{"allow":["GET"]}}],"collection":[{"href":"https:\/\/diariotextual.com\/inicio\/index.php\/wp-json\/wp\/v2\/posts"}],"about":[{"href":"https:\/\/diariotextual.com\/inicio\/index.php\/wp-json\/wp\/v2\/types\/post"}],"author":[{"embeddable":true,"href":"https:\/\/diariotextual.com\/inicio\/index.php\/wp-json\/wp\/v2\/users\/4"}],"replies":[{"embeddable":true,"href":"https:\/\/diariotextual.com\/inicio\/index.php\/wp-json\/wp\/v2\/comments?post=215536"}],"version-history":[{"count":1,"href":"https:\/\/diariotextual.com\/inicio\/index.php\/wp-json\/wp\/v2\/posts\/215536\/revisions"}],"predecessor-version":[{"id":215537,"href":"https:\/\/diariotextual.com\/inicio\/index.php\/wp-json\/wp\/v2\/posts\/215536\/revisions\/215537"}],"wp:featuredmedia":[{"embeddable":true,"href":"https:\/\/diariotextual.com\/inicio\/index.php\/wp-json\/wp\/v2\/media\/136306"}],"wp:attachment":[{"href":"https:\/\/diariotextual.com\/inicio\/index.php\/wp-json\/wp\/v2\/media?parent=215536"}],"wp:term":[{"taxonomy":"category","embeddable":true,"href":"https:\/\/diariotextual.com\/inicio\/index.php\/wp-json\/wp\/v2\/categories?post=215536"},{"taxonomy":"post_tag","embeddable":true,"href":"https:\/\/diariotextual.com\/inicio\/index.php\/wp-json\/wp\/v2\/tags?post=215536"}],"curies":[{"name":"wp","href":"https:\/\/api.w.org\/{rel}","templated":true}]}}