{"id":215539,"date":"2023-02-09T08:15:23","date_gmt":"2023-02-09T11:15:23","guid":{"rendered":"https:\/\/diariotextual.com\/inicio\/?p=215539"},"modified":"2023-02-09T08:15:25","modified_gmt":"2023-02-09T11:15:25","slug":"fiestas-populares-carnaval-y-festejos-por-aniversarios-en-la-agenda-cultural-de-febrero","status":"publish","type":"post","link":"https:\/\/diariotextual.com\/inicio\/index.php\/2023\/02\/09\/fiestas-populares-carnaval-y-festejos-por-aniversarios-en-la-agenda-cultural-de-febrero\/","title":{"rendered":"Fiestas populares, carnaval y festejos por aniversarios en la agenda cultural de febrero"},"content":{"rendered":"\n<p>Fiestas provinciales, carnavales, aniversarios, capacitaciones, ferias y algunos adelantos ocupan el calendario cultural con propuestas que llegan desde los municipios y la Secretar\u00eda de Cultura.&nbsp;<\/p>\n\n\n\n<p><strong>Victorica<\/strong><\/p>\n\n\n\n<p>Jueves 9 al domingo 12<\/p>\n\n\n\n<p>50\u00b0 Fiesta Nacional de la Ganader\u00eda del Oeste Pampeano<\/p>\n\n\n\n<p>Jueves 9<\/p>\n\n\n\n<p>21:00hs.: Act\u00faan Ballet \u00abAlma criolla\u00bb, Los Caldenes, Yamila Cafrune, Los Tekis, Dj Koko. Lugar: Predio Miguel \u00c1ngel Godoy.<\/p>\n\n\n\n<p>Viernes 10<\/p>\n\n\n\n<p>21:00hs.: Act\u00faan Ballet Pe\u00f1a el Calden, El Entrevero, Roxana Carabajal, Lucas Sugo, Dj Kairuz. Lugar: Predio Miguel \u00c1ngel Godoy.<\/p>\n\n\n\n<p>S\u00e1bado 11<\/p>\n\n\n\n<p>21:00hs.: Act\u00faan Ballet taller de folclore de Victorica, M\u00fasicos locales unidos, Paquito Oca\u00f1o, Ulises Bueno y Dj Kairuz. Lugar: Predio Miguel \u00c1ngel Godoy.<\/p>\n\n\n\n<p>Domingo 12<\/p>\n\n\n\n<p>9:00hs.: Gran jineteada con las mejores tropillas y jinetes del pa\u00eds. Adem\u00e1s, se llevar\u00e1 a cabo el Desfile Tradicional de carrozas, tropillas y emprendados, muestra comercial, feria artesanal y patio de comidas. Lugar: Predio Miguel \u00c1ngel Godoy.<\/p>\n\n\n\n<p>Organiza: Municipalidad de Victorica. Acompa\u00f1a: Secretar\u00eda de Cultura del Gobierno de La Pampa.<\/p>\n\n\n\n<p><strong>General San Mart\u00edn<\/strong><\/p>\n\n\n\n<p>Viernes 10 y s\u00e1bado 11<\/p>\n\n\n\n<p>2\u00b0 Fiesta Nacional de la Sal \u2013 19\u00b0 Fiesta Provincial de la Sal<\/p>\n\n\n\n<p>Desde las 20:00 | Predio Polideportivo Municipal.<\/p>\n\n\n\n<p>Viernes 10: Act\u00faan Los Quijanos, Candu Dom\u00ednguez, Ocaso y Efra\u00edn Colombo. Patio de comidas y cervecero. Paseo de artesanos y revendedores. Entretenimientos para ni\u00f1os.<\/p>\n\n\n\n<p>S\u00e1bado 11: Act\u00faan Los Palmae, Ceibo, Lu Irigoyen, Viento Pampa, Pampa Compa\u00f1\u00eda, La Peque\u00f1a Huella, Nerina Tobio \u2013 Caly Suarez. Homenaje a salineros. Patio de comidas y cervecero. Paseo de artesanos y revendedores. Entretenimientos para ni\u00f1os.<\/p>\n\n\n\n<p>Organiza: Municipalidad de General San Mart\u00edn. Acompa\u00f1a: Secretar\u00eda de Cultura del Gobierno de La Pampa.<\/p>\n\n\n\n<p><strong>Alta Italia<\/strong><\/p>\n\n\n\n<p>S\u00e1bado 18 | 20:30 | Estadio de F\u00fatbol Jorge Toselli<\/p>\n\n\n\n<p>AltaFest. Participaci\u00f3n de Ballets de danzas locales y la actuaci\u00f3n de Rom\u00e1n Ramonda, Banda Mix y Thomas Vazquez. Puestos de comida. Paseo de artesanos.<\/p>\n\n\n\n<p><strong>Arata<\/strong><\/p>\n\n\n\n<p>S\u00e1bado 18 | 19:00 | Campo de Doma<\/p>\n\n\n\n<p>Arata en Celeste y Blanco 2023: Shows exclusivos de Ahyre, Ocaso, Valentina Rodr\u00edguez, Mamalokura. Cierre con DJ. Feria de artesanos y emprendedores. Patio de comidas. Conducci\u00f3n: Claudia Guti\u00e9rrez y Beto Ayala.<\/p>\n\n\n\n<p>Organiza: Municipalidad de Arata. Acompa\u00f1a: Secretar\u00eda de Cultura del Gobierno de La Pampa.<\/p>\n\n\n\n<p>Aniversarios<\/p>\n\n\n\n<p><strong>Coronel H. Lagos<\/strong><\/p>\n\n\n\n<p>S\u00e1bado 18 | 112\u00b0aniversario de la localidad. Fundaci\u00f3n: 19 de febrero de 1911<\/p>\n\n\n\n<p>3\u00b0 Edici\u00f3n Festival \u00abLagos Cumple\u00bb | Entrada libre y gratuita<\/p>\n\n\n\n<p>19:30hs.: Desfile de emprendados por calles de la localidad.<\/p>\n\n\n\n<p>22:00hs.: Actuaci\u00f3n de artistas locales, zonales y la participaci\u00f3n de Santiago Costas, Tr\u00edo Sachero, Tamara Tamagnini, Gato Peters. Feria de artesanos y emprendedores.<\/p>\n\n\n\n<figure class=\"wp-block-image size-full\"><img fetchpriority=\"high\" decoding=\"async\" width=\"789\" height=\"456\" src=\"https:\/\/diariotextual.com\/inicio\/wp-content\/uploads\/2019\/01\/lostekis2018.jpg\" alt=\"\" class=\"wp-image-33195\" srcset=\"https:\/\/diariotextual.com\/inicio\/wp-content\/uploads\/2019\/01\/lostekis2018.jpg 789w, https:\/\/diariotextual.com\/inicio\/wp-content\/uploads\/2019\/01\/lostekis2018-300x173.jpg 300w, https:\/\/diariotextual.com\/inicio\/wp-content\/uploads\/2019\/01\/lostekis2018-768x444.jpg 768w, https:\/\/diariotextual.com\/inicio\/wp-content\/uploads\/2019\/01\/lostekis2018-585x338.jpg 585w\" sizes=\"(max-width: 789px) 100vw, 789px\" \/><\/figure>\n\n\n\n<p><strong>Carnavales 2023<\/strong><\/p>\n\n\n\n<p>Relmo<\/p>\n\n\n\n<p>Viernes 10 | 21:00 | Entrada libre y gratuita.<\/p>\n\n\n\n<p>Carnaval 2023: Participan carrozas, comparsas, disfraces individuales. Gran baile con \u00abLa Kuky Band\u00bb. Patio de comidas.<\/p>\n\n\n\n<p>General Acha<\/p>\n\n\n\n<p>S\u00e1bado 18, domingo 19 y lunes 20 | Parque Manuel J. Campos. | Entrada libre y gratuita.<\/p>\n\n\n\n<p>Carnaval 2023: Desfile de carrozas, disfraces, comparsas. Actuaci\u00f3n de artistas locales y zonales. Patio de comidas.<\/p>\n\n\n\n<p>Speluzzi<\/p>\n\n\n\n<p>Lunes 20 | 21:00 | Entrada libre y gratuita.<\/p>\n\n\n\n<p>Carnaval 2023: Participaci\u00f3n de comparsas, murgas, carrozas, \u00abla Mec\u00e1nica Loca\u201d, bastoneras, fuegos artificiales, Rey Momo. Cierre a cargo con El Tanito. Patio de comidas.<\/p>\n\n\n\n<p>Alpachiri<\/p>\n\n\n\n<p>Lunes 20 | 21:00 | Entrada libre y gratuita.<\/p>\n\n\n\n<p>Carnaval 2023: Participan carrozas, comparsas, disfraces individuales, batucada Nueva Luna, Murga El Rejunte, disfraces infantiles. Actuaci\u00f3n de German Gaitan y Tecla DJ. Patio de comidas.<\/p>\n\n\n\n<p>Falucho<\/p>\n\n\n\n<p>Viernes 24 | 21:00 | Plaza San Mart\u00edn | Entrada Libre y gratuita.<\/p>\n\n\n\n<p>Carnaval 2023: Participan carrozas, comparsas, disfraces individuales. Gran baile con Jos\u00e9 Luis Doroni.<\/p>\n\n\n\n<p>Miguel Riglos<\/p>\n\n\n\n<p>S\u00e1bado 25 | 20:30 | Predio V\u00edas del Ferrocarril | Entrada libre y gratuita.<\/p>\n\n\n\n<p>Carnaval 2023: Participan carrozas, comparsas, disfraces individuales. Actuaci\u00f3n de La Kupp\u00e9 y Banda XXI.<\/p>\n\n\n\n<p>Artesan\u00edas y m\u00fasica<\/p>\n\n\n\n<p>Feria Santa Isabelina. 2da. Edici\u00f3n.<\/p>\n\n\n\n<p>Domingo 12 | Predio de la Terminal | 20:00 a 00:00.<\/p>\n\n\n\n<p>Espacio que re\u00fane a emprendedores y artesanos con exhibici\u00f3n y venta de de sus productos. Adem\u00e1s, integrantes del Ballet Municipal brindar\u00e1n una clase gratuita y abierta a todo el p\u00fablico de Ritmos Latinos que incluye bachata, merengue, salsa y cumbia colombiana, entre otros.<\/p>\n\n\n\n<p>Bibliom\u00f3vil en Santa Rosa<\/p>\n\n\n\n<p>Presencia de Bibliom\u00f3vil en la Biblioteca Popular Teresa P\u00e9rez de Santa Rosa. La comunidad puede visitar las instalaciones de la biblioteca y conocer las propuestas del bibliom\u00f3vil, as\u00ed como tambi\u00e9n realizar diferentes talleres.<\/p>\n\n\n\n<p>Actividades<\/p>\n\n\n\n<p>Mi\u00e9rcoles 8 y viernes 10 de febrero, 18:30. \u00abTaller de m\u00fasica: canto y percusi\u00f3n corporal para ni\u00f1es\u00bb a cargo de Augusto Sanabria.<\/p>\n\n\n\n<p>Martes 14 de febrero, 18:30. Segundo encuentro del taller \u00abArte y poes\u00eda para ni\u00f1es\u00bb a cargo de Lorena Esp\u00edndola.<\/p>\n\n\n\n<p>Mi\u00e9rcoles 15 de febrero, 18. Cierre con narraci\u00f3n y juegos a cargo de Fernanda \u00c1lvarez.<\/p>\n\n\n\n<p><strong>Capacitaciones<\/strong><\/p>\n\n\n\n<p>Centro de Artes. Leguizam\u00f3n 1125. Santa Rosa.<\/p>\n\n\n\n<p>Lunes 13 y mi\u00e9rcoles 15 de febrero |10:30 a 12:30.<\/p>\n\n\n\n<p>Contin\u00faa Seminario de Danza Contempor\u00e1nea facilitado por Luciana G\u00f3mez Arzani de Santa Rosa, quien se dedica a la ense\u00f1anza de la danza contempor\u00e1nea para la creaci\u00f3n de obras desde 2011. La capacitaci\u00f3n est\u00e1 destinada a personas bailarinas, estudiantes o aficionadas a la danza de cualquier estilo que pretendan transitar de forma general la t\u00e9cnica contempor\u00e1nea.<\/p>\n\n\n\n<p>Se proponen tres ejes de la danza contempor\u00e1nea: Piso, Centro y Equilibrio con un cuarto m\u00f3dulo para encontrar el gesto y el ritmo a trav\u00e9s de una coreograf\u00eda.<\/p>\n\n\n\n<p>El seminario es arancelado y en el formulario de inscripci\u00f3n pueden anotarse para completar los m\u00f3dulos que quedan:<\/p>\n\n\n\n<p>Lunes 13 y mi\u00e9rcoles 15: Equilibrio.<\/p>\n\n\n\n<p>Mi\u00e9rcoles 22 y jueves 23: Coreograf\u00eda.<\/p>\n\n\n\n<p>Horarios de clases: De 10:30 a 12:30 en el Centro de Artes de Santa Rosa, Leguizam\u00f3n 1125.<\/p>\n\n\n\n<p>Link de inscripci\u00f3n: <a href=\"https:\/\/docs.google.com\/forms\/d\/1Ff94Vbj2CzL7_bR0CKADE_RqhhBgjyddNG1Qa2svvWc\/edit?usp=drivesdk\" target=\"_blank\" rel=\"noreferrer noopener\">https:\/\/docs.google.com\/forms\/d\/1Ff94Vbj2CzL7_bR0CKADE_RqhhBgjyddNG1Qa2svvWc\/edit?usp=drivesdk<\/a><\/p>\n\n\n\n<p>Adelantos<\/p>\n\n\n\n<p>Cine<\/p>\n\n\n\n<p>II Festival Internacional de Cine Documental \u00abPampa DocFest\u00bb<\/p>\n\n\n\n<p>Colonia Santa Teresa | 23 al 25 de febrero.<\/p>\n\n\n\n<p>La programaci\u00f3n incluye proyecciones especiales, conferencias, masterclass y workshops. Toda la informaci\u00f3n en <a href=\"https:\/\/espacioangular.org\/festival-2023\/\" target=\"_blank\" rel=\"noreferrer noopener\">https:\/\/espacioangular.org\/festival-2023\/<\/a><\/p>\n","protected":false},"excerpt":{"rendered":"<p>Fiestas provinciales, carnavales, aniversarios, capacitaciones, ferias y algunos adelantos ocupan el calendario cultural con propuestas que llegan desde los municipios y la Secretar\u00eda de Cultura.&nbsp; Victorica Jueves 9 al domingo&hellip;<\/p>\n","protected":false},"author":4,"featured_media":80758,"comment_status":"closed","ping_status":"open","sticky":false,"template":"","format":"standard","meta":{"_acf_changed":false,"footnotes":""},"categories":[1,2],"tags":[],"class_list":["post-215539","post","type-post","status-publish","format-standard","has-post-thumbnail","hentry","category-es-noticia","category-cultura"],"acf":[],"yoast_head":"<!-- This site is optimized with the Yoast SEO plugin v27.5 - https:\/\/yoast.com\/product\/yoast-seo-wordpress\/ -->\n<title>Fiestas populares, carnaval y festejos por aniversarios en la agenda cultural de febrero - Diario Textual<\/title>\n<meta name=\"robots\" content=\"index, follow, max-snippet:-1, max-image-preview:large, max-video-preview:-1\" \/>\n<link rel=\"canonical\" href=\"https:\/\/diariotextual.com\/inicio\/index.php\/2023\/02\/09\/fiestas-populares-carnaval-y-festejos-por-aniversarios-en-la-agenda-cultural-de-febrero\/\" \/>\n<meta property=\"og:locale\" content=\"es_ES\" \/>\n<meta property=\"og:type\" content=\"article\" \/>\n<meta property=\"og:title\" content=\"Fiestas populares, carnaval y festejos por aniversarios en la agenda cultural de febrero - Diario Textual\" \/>\n<meta property=\"og:description\" content=\"Fiestas provinciales, carnavales, aniversarios, capacitaciones, ferias y algunos adelantos ocupan el calendario cultural con propuestas que llegan desde los municipios y la Secretar\u00eda de Cultura.&nbsp; Victorica Jueves 9 al domingo&hellip;\" \/>\n<meta property=\"og:url\" content=\"https:\/\/diariotextual.com\/inicio\/index.php\/2023\/02\/09\/fiestas-populares-carnaval-y-festejos-por-aniversarios-en-la-agenda-cultural-de-febrero\/\" \/>\n<meta property=\"og:site_name\" content=\"Diario Textual\" \/>\n<meta property=\"article:publisher\" content=\"https:\/\/www.facebook.com\/eltextual\" \/>\n<meta property=\"article:published_time\" content=\"2023-02-09T11:15:23+00:00\" \/>\n<meta property=\"article:modified_time\" content=\"2023-02-09T11:15:25+00:00\" \/>\n<meta property=\"og:image\" content=\"https:\/\/diariotextual.com\/inicio\/wp-content\/uploads\/2020\/02\/carnavalsantarosabelkismartin2020-1.jpg\" \/>\n\t<meta property=\"og:image:width\" content=\"1500\" \/>\n\t<meta property=\"og:image:height\" content=\"1000\" \/>\n\t<meta property=\"og:image:type\" content=\"image\/jpeg\" \/>\n<meta name=\"author\" content=\"diario2\" \/>\n<meta name=\"twitter:card\" content=\"summary_large_image\" \/>\n<meta name=\"twitter:creator\" content=\"@eltextual\" \/>\n<meta name=\"twitter:site\" content=\"@eltextual\" \/>\n<meta name=\"twitter:label1\" content=\"Escrito por\" \/>\n\t<meta name=\"twitter:data1\" content=\"diario2\" \/>\n\t<meta name=\"twitter:label2\" content=\"Tiempo de lectura\" \/>\n\t<meta name=\"twitter:data2\" content=\"5 minutos\" \/>\n<script type=\"application\/ld+json\" class=\"yoast-schema-graph\">{\"@context\":\"https:\\\/\\\/schema.org\",\"@graph\":[{\"@type\":\"Article\",\"@id\":\"https:\\\/\\\/diariotextual.com\\\/inicio\\\/index.php\\\/2023\\\/02\\\/09\\\/fiestas-populares-carnaval-y-festejos-por-aniversarios-en-la-agenda-cultural-de-febrero\\\/#article\",\"isPartOf\":{\"@id\":\"https:\\\/\\\/diariotextual.com\\\/inicio\\\/index.php\\\/2023\\\/02\\\/09\\\/fiestas-populares-carnaval-y-festejos-por-aniversarios-en-la-agenda-cultural-de-febrero\\\/\"},\"author\":{\"name\":\"diario2\",\"@id\":\"https:\\\/\\\/diariotextual.com\\\/inicio\\\/#\\\/schema\\\/person\\\/694f60677f23c4a530867a98f22b3768\"},\"headline\":\"Fiestas populares, carnaval y festejos por aniversarios en la agenda cultural de febrero\",\"datePublished\":\"2023-02-09T11:15:23+00:00\",\"dateModified\":\"2023-02-09T11:15:25+00:00\",\"mainEntityOfPage\":{\"@id\":\"https:\\\/\\\/diariotextual.com\\\/inicio\\\/index.php\\\/2023\\\/02\\\/09\\\/fiestas-populares-carnaval-y-festejos-por-aniversarios-en-la-agenda-cultural-de-febrero\\\/\"},\"wordCount\":977,\"publisher\":{\"@id\":\"https:\\\/\\\/diariotextual.com\\\/inicio\\\/#organization\"},\"image\":{\"@id\":\"https:\\\/\\\/diariotextual.com\\\/inicio\\\/index.php\\\/2023\\\/02\\\/09\\\/fiestas-populares-carnaval-y-festejos-por-aniversarios-en-la-agenda-cultural-de-febrero\\\/#primaryimage\"},\"thumbnailUrl\":\"https:\\\/\\\/diariotextual.com\\\/inicio\\\/wp-content\\\/uploads\\\/2020\\\/02\\\/carnavalsantarosabelkismartin2020-1.jpg\",\"articleSection\":[\"A - ES NOTICIA (van abajo)\",\"CULTURA\"],\"inLanguage\":\"es\"},{\"@type\":\"WebPage\",\"@id\":\"https:\\\/\\\/diariotextual.com\\\/inicio\\\/index.php\\\/2023\\\/02\\\/09\\\/fiestas-populares-carnaval-y-festejos-por-aniversarios-en-la-agenda-cultural-de-febrero\\\/\",\"url\":\"https:\\\/\\\/diariotextual.com\\\/inicio\\\/index.php\\\/2023\\\/02\\\/09\\\/fiestas-populares-carnaval-y-festejos-por-aniversarios-en-la-agenda-cultural-de-febrero\\\/\",\"name\":\"Fiestas populares, carnaval y festejos por aniversarios en la agenda cultural de febrero - Diario Textual\",\"isPartOf\":{\"@id\":\"https:\\\/\\\/diariotextual.com\\\/inicio\\\/#website\"},\"primaryImageOfPage\":{\"@id\":\"https:\\\/\\\/diariotextual.com\\\/inicio\\\/index.php\\\/2023\\\/02\\\/09\\\/fiestas-populares-carnaval-y-festejos-por-aniversarios-en-la-agenda-cultural-de-febrero\\\/#primaryimage\"},\"image\":{\"@id\":\"https:\\\/\\\/diariotextual.com\\\/inicio\\\/index.php\\\/2023\\\/02\\\/09\\\/fiestas-populares-carnaval-y-festejos-por-aniversarios-en-la-agenda-cultural-de-febrero\\\/#primaryimage\"},\"thumbnailUrl\":\"https:\\\/\\\/diariotextual.com\\\/inicio\\\/wp-content\\\/uploads\\\/2020\\\/02\\\/carnavalsantarosabelkismartin2020-1.jpg\",\"datePublished\":\"2023-02-09T11:15:23+00:00\",\"dateModified\":\"2023-02-09T11:15:25+00:00\",\"breadcrumb\":{\"@id\":\"https:\\\/\\\/diariotextual.com\\\/inicio\\\/index.php\\\/2023\\\/02\\\/09\\\/fiestas-populares-carnaval-y-festejos-por-aniversarios-en-la-agenda-cultural-de-febrero\\\/#breadcrumb\"},\"inLanguage\":\"es\",\"potentialAction\":[{\"@type\":\"ReadAction\",\"target\":[\"https:\\\/\\\/diariotextual.com\\\/inicio\\\/index.php\\\/2023\\\/02\\\/09\\\/fiestas-populares-carnaval-y-festejos-por-aniversarios-en-la-agenda-cultural-de-febrero\\\/\"]}]},{\"@type\":\"ImageObject\",\"inLanguage\":\"es\",\"@id\":\"https:\\\/\\\/diariotextual.com\\\/inicio\\\/index.php\\\/2023\\\/02\\\/09\\\/fiestas-populares-carnaval-y-festejos-por-aniversarios-en-la-agenda-cultural-de-febrero\\\/#primaryimage\",\"url\":\"https:\\\/\\\/diariotextual.com\\\/inicio\\\/wp-content\\\/uploads\\\/2020\\\/02\\\/carnavalsantarosabelkismartin2020-1.jpg\",\"contentUrl\":\"https:\\\/\\\/diariotextual.com\\\/inicio\\\/wp-content\\\/uploads\\\/2020\\\/02\\\/carnavalsantarosabelkismartin2020-1.jpg\",\"width\":1500,\"height\":1000},{\"@type\":\"BreadcrumbList\",\"@id\":\"https:\\\/\\\/diariotextual.com\\\/inicio\\\/index.php\\\/2023\\\/02\\\/09\\\/fiestas-populares-carnaval-y-festejos-por-aniversarios-en-la-agenda-cultural-de-febrero\\\/#breadcrumb\",\"itemListElement\":[{\"@type\":\"ListItem\",\"position\":1,\"name\":\"Portada\",\"item\":\"https:\\\/\\\/diariotextual.com\\\/inicio\\\/\"},{\"@type\":\"ListItem\",\"position\":2,\"name\":\"Fiestas populares, carnaval y festejos por aniversarios en la agenda cultural de febrero\"}]},{\"@type\":\"WebSite\",\"@id\":\"https:\\\/\\\/diariotextual.com\\\/inicio\\\/#website\",\"url\":\"https:\\\/\\\/diariotextual.com\\\/inicio\\\/\",\"name\":\"Diario Textual\",\"description\":\"\",\"publisher\":{\"@id\":\"https:\\\/\\\/diariotextual.com\\\/inicio\\\/#organization\"},\"potentialAction\":[{\"@type\":\"SearchAction\",\"target\":{\"@type\":\"EntryPoint\",\"urlTemplate\":\"https:\\\/\\\/diariotextual.com\\\/inicio\\\/?s={search_term_string}\"},\"query-input\":{\"@type\":\"PropertyValueSpecification\",\"valueRequired\":true,\"valueName\":\"search_term_string\"}}],\"inLanguage\":\"es\"},{\"@type\":\"Organization\",\"@id\":\"https:\\\/\\\/diariotextual.com\\\/inicio\\\/#organization\",\"name\":\"Diario Textual\",\"url\":\"https:\\\/\\\/diariotextual.com\\\/inicio\\\/\",\"logo\":{\"@type\":\"ImageObject\",\"inLanguage\":\"es\",\"@id\":\"https:\\\/\\\/diariotextual.com\\\/inicio\\\/#\\\/schema\\\/logo\\\/image\\\/\",\"url\":\"https:\\\/\\\/diariotextual.com\\\/inicio\\\/wp-content\\\/uploads\\\/2023\\\/05\\\/logotextual1.jpg\",\"contentUrl\":\"https:\\\/\\\/diariotextual.com\\\/inicio\\\/wp-content\\\/uploads\\\/2023\\\/05\\\/logotextual1.jpg\",\"width\":516,\"height\":76,\"caption\":\"Diario Textual\"},\"image\":{\"@id\":\"https:\\\/\\\/diariotextual.com\\\/inicio\\\/#\\\/schema\\\/logo\\\/image\\\/\"},\"sameAs\":[\"https:\\\/\\\/www.facebook.com\\\/eltextual\",\"https:\\\/\\\/x.com\\\/eltextual\",\"http:\\\/\\\/www.instagram.com\\\/eltextual\"]},{\"@type\":\"Person\",\"@id\":\"https:\\\/\\\/diariotextual.com\\\/inicio\\\/#\\\/schema\\\/person\\\/694f60677f23c4a530867a98f22b3768\",\"name\":\"diario2\",\"image\":{\"@type\":\"ImageObject\",\"inLanguage\":\"es\",\"@id\":\"https:\\\/\\\/secure.gravatar.com\\\/avatar\\\/5a2567495ba16b852fcd8f1ed006a2e24fcace936018ed8237e95f488ad6e0a7?s=96&d=mm&r=g\",\"url\":\"https:\\\/\\\/secure.gravatar.com\\\/avatar\\\/5a2567495ba16b852fcd8f1ed006a2e24fcace936018ed8237e95f488ad6e0a7?s=96&d=mm&r=g\",\"contentUrl\":\"https:\\\/\\\/secure.gravatar.com\\\/avatar\\\/5a2567495ba16b852fcd8f1ed006a2e24fcace936018ed8237e95f488ad6e0a7?s=96&d=mm&r=g\",\"caption\":\"diario2\"},\"url\":\"https:\\\/\\\/diariotextual.com\\\/inicio\\\/index.php\\\/author\\\/diario2\\\/\"}]}<\/script>\n<!-- \/ Yoast SEO plugin. -->","yoast_head_json":{"title":"Fiestas populares, carnaval y festejos por aniversarios en la agenda cultural de febrero - Diario Textual","robots":{"index":"index","follow":"follow","max-snippet":"max-snippet:-1","max-image-preview":"max-image-preview:large","max-video-preview":"max-video-preview:-1"},"canonical":"https:\/\/diariotextual.com\/inicio\/index.php\/2023\/02\/09\/fiestas-populares-carnaval-y-festejos-por-aniversarios-en-la-agenda-cultural-de-febrero\/","og_locale":"es_ES","og_type":"article","og_title":"Fiestas populares, carnaval y festejos por aniversarios en la agenda cultural de febrero - Diario Textual","og_description":"Fiestas provinciales, carnavales, aniversarios, capacitaciones, ferias y algunos adelantos ocupan el calendario cultural con propuestas que llegan desde los municipios y la Secretar\u00eda de Cultura.&nbsp; Victorica Jueves 9 al domingo&hellip;","og_url":"https:\/\/diariotextual.com\/inicio\/index.php\/2023\/02\/09\/fiestas-populares-carnaval-y-festejos-por-aniversarios-en-la-agenda-cultural-de-febrero\/","og_site_name":"Diario Textual","article_publisher":"https:\/\/www.facebook.com\/eltextual","article_published_time":"2023-02-09T11:15:23+00:00","article_modified_time":"2023-02-09T11:15:25+00:00","og_image":[{"width":1500,"height":1000,"url":"https:\/\/diariotextual.com\/inicio\/wp-content\/uploads\/2020\/02\/carnavalsantarosabelkismartin2020-1.jpg","type":"image\/jpeg"}],"author":"diario2","twitter_card":"summary_large_image","twitter_creator":"@eltextual","twitter_site":"@eltextual","twitter_misc":{"Escrito por":"diario2","Tiempo de lectura":"5 minutos"},"schema":{"@context":"https:\/\/schema.org","@graph":[{"@type":"Article","@id":"https:\/\/diariotextual.com\/inicio\/index.php\/2023\/02\/09\/fiestas-populares-carnaval-y-festejos-por-aniversarios-en-la-agenda-cultural-de-febrero\/#article","isPartOf":{"@id":"https:\/\/diariotextual.com\/inicio\/index.php\/2023\/02\/09\/fiestas-populares-carnaval-y-festejos-por-aniversarios-en-la-agenda-cultural-de-febrero\/"},"author":{"name":"diario2","@id":"https:\/\/diariotextual.com\/inicio\/#\/schema\/person\/694f60677f23c4a530867a98f22b3768"},"headline":"Fiestas populares, carnaval y festejos por aniversarios en la agenda cultural de febrero","datePublished":"2023-02-09T11:15:23+00:00","dateModified":"2023-02-09T11:15:25+00:00","mainEntityOfPage":{"@id":"https:\/\/diariotextual.com\/inicio\/index.php\/2023\/02\/09\/fiestas-populares-carnaval-y-festejos-por-aniversarios-en-la-agenda-cultural-de-febrero\/"},"wordCount":977,"publisher":{"@id":"https:\/\/diariotextual.com\/inicio\/#organization"},"image":{"@id":"https:\/\/diariotextual.com\/inicio\/index.php\/2023\/02\/09\/fiestas-populares-carnaval-y-festejos-por-aniversarios-en-la-agenda-cultural-de-febrero\/#primaryimage"},"thumbnailUrl":"https:\/\/diariotextual.com\/inicio\/wp-content\/uploads\/2020\/02\/carnavalsantarosabelkismartin2020-1.jpg","articleSection":["A - ES NOTICIA (van abajo)","CULTURA"],"inLanguage":"es"},{"@type":"WebPage","@id":"https:\/\/diariotextual.com\/inicio\/index.php\/2023\/02\/09\/fiestas-populares-carnaval-y-festejos-por-aniversarios-en-la-agenda-cultural-de-febrero\/","url":"https:\/\/diariotextual.com\/inicio\/index.php\/2023\/02\/09\/fiestas-populares-carnaval-y-festejos-por-aniversarios-en-la-agenda-cultural-de-febrero\/","name":"Fiestas populares, carnaval y festejos por aniversarios en la agenda cultural de febrero - Diario Textual","isPartOf":{"@id":"https:\/\/diariotextual.com\/inicio\/#website"},"primaryImageOfPage":{"@id":"https:\/\/diariotextual.com\/inicio\/index.php\/2023\/02\/09\/fiestas-populares-carnaval-y-festejos-por-aniversarios-en-la-agenda-cultural-de-febrero\/#primaryimage"},"image":{"@id":"https:\/\/diariotextual.com\/inicio\/index.php\/2023\/02\/09\/fiestas-populares-carnaval-y-festejos-por-aniversarios-en-la-agenda-cultural-de-febrero\/#primaryimage"},"thumbnailUrl":"https:\/\/diariotextual.com\/inicio\/wp-content\/uploads\/2020\/02\/carnavalsantarosabelkismartin2020-1.jpg","datePublished":"2023-02-09T11:15:23+00:00","dateModified":"2023-02-09T11:15:25+00:00","breadcrumb":{"@id":"https:\/\/diariotextual.com\/inicio\/index.php\/2023\/02\/09\/fiestas-populares-carnaval-y-festejos-por-aniversarios-en-la-agenda-cultural-de-febrero\/#breadcrumb"},"inLanguage":"es","potentialAction":[{"@type":"ReadAction","target":["https:\/\/diariotextual.com\/inicio\/index.php\/2023\/02\/09\/fiestas-populares-carnaval-y-festejos-por-aniversarios-en-la-agenda-cultural-de-febrero\/"]}]},{"@type":"ImageObject","inLanguage":"es","@id":"https:\/\/diariotextual.com\/inicio\/index.php\/2023\/02\/09\/fiestas-populares-carnaval-y-festejos-por-aniversarios-en-la-agenda-cultural-de-febrero\/#primaryimage","url":"https:\/\/diariotextual.com\/inicio\/wp-content\/uploads\/2020\/02\/carnavalsantarosabelkismartin2020-1.jpg","contentUrl":"https:\/\/diariotextual.com\/inicio\/wp-content\/uploads\/2020\/02\/carnavalsantarosabelkismartin2020-1.jpg","width":1500,"height":1000},{"@type":"BreadcrumbList","@id":"https:\/\/diariotextual.com\/inicio\/index.php\/2023\/02\/09\/fiestas-populares-carnaval-y-festejos-por-aniversarios-en-la-agenda-cultural-de-febrero\/#breadcrumb","itemListElement":[{"@type":"ListItem","position":1,"name":"Portada","item":"https:\/\/diariotextual.com\/inicio\/"},{"@type":"ListItem","position":2,"name":"Fiestas populares, carnaval y festejos por aniversarios en la agenda cultural de febrero"}]},{"@type":"WebSite","@id":"https:\/\/diariotextual.com\/inicio\/#website","url":"https:\/\/diariotextual.com\/inicio\/","name":"Diario Textual","description":"","publisher":{"@id":"https:\/\/diariotextual.com\/inicio\/#organization"},"potentialAction":[{"@type":"SearchAction","target":{"@type":"EntryPoint","urlTemplate":"https:\/\/diariotextual.com\/inicio\/?s={search_term_string}"},"query-input":{"@type":"PropertyValueSpecification","valueRequired":true,"valueName":"search_term_string"}}],"inLanguage":"es"},{"@type":"Organization","@id":"https:\/\/diariotextual.com\/inicio\/#organization","name":"Diario Textual","url":"https:\/\/diariotextual.com\/inicio\/","logo":{"@type":"ImageObject","inLanguage":"es","@id":"https:\/\/diariotextual.com\/inicio\/#\/schema\/logo\/image\/","url":"https:\/\/diariotextual.com\/inicio\/wp-content\/uploads\/2023\/05\/logotextual1.jpg","contentUrl":"https:\/\/diariotextual.com\/inicio\/wp-content\/uploads\/2023\/05\/logotextual1.jpg","width":516,"height":76,"caption":"Diario Textual"},"image":{"@id":"https:\/\/diariotextual.com\/inicio\/#\/schema\/logo\/image\/"},"sameAs":["https:\/\/www.facebook.com\/eltextual","https:\/\/x.com\/eltextual","http:\/\/www.instagram.com\/eltextual"]},{"@type":"Person","@id":"https:\/\/diariotextual.com\/inicio\/#\/schema\/person\/694f60677f23c4a530867a98f22b3768","name":"diario2","image":{"@type":"ImageObject","inLanguage":"es","@id":"https:\/\/secure.gravatar.com\/avatar\/5a2567495ba16b852fcd8f1ed006a2e24fcace936018ed8237e95f488ad6e0a7?s=96&d=mm&r=g","url":"https:\/\/secure.gravatar.com\/avatar\/5a2567495ba16b852fcd8f1ed006a2e24fcace936018ed8237e95f488ad6e0a7?s=96&d=mm&r=g","contentUrl":"https:\/\/secure.gravatar.com\/avatar\/5a2567495ba16b852fcd8f1ed006a2e24fcace936018ed8237e95f488ad6e0a7?s=96&d=mm&r=g","caption":"diario2"},"url":"https:\/\/diariotextual.com\/inicio\/index.php\/author\/diario2\/"}]}},"_links":{"self":[{"href":"https:\/\/diariotextual.com\/inicio\/index.php\/wp-json\/wp\/v2\/posts\/215539","targetHints":{"allow":["GET"]}}],"collection":[{"href":"https:\/\/diariotextual.com\/inicio\/index.php\/wp-json\/wp\/v2\/posts"}],"about":[{"href":"https:\/\/diariotextual.com\/inicio\/index.php\/wp-json\/wp\/v2\/types\/post"}],"author":[{"embeddable":true,"href":"https:\/\/diariotextual.com\/inicio\/index.php\/wp-json\/wp\/v2\/users\/4"}],"replies":[{"embeddable":true,"href":"https:\/\/diariotextual.com\/inicio\/index.php\/wp-json\/wp\/v2\/comments?post=215539"}],"version-history":[{"count":2,"href":"https:\/\/diariotextual.com\/inicio\/index.php\/wp-json\/wp\/v2\/posts\/215539\/revisions"}],"predecessor-version":[{"id":215543,"href":"https:\/\/diariotextual.com\/inicio\/index.php\/wp-json\/wp\/v2\/posts\/215539\/revisions\/215543"}],"wp:featuredmedia":[{"embeddable":true,"href":"https:\/\/diariotextual.com\/inicio\/index.php\/wp-json\/wp\/v2\/media\/80758"}],"wp:attachment":[{"href":"https:\/\/diariotextual.com\/inicio\/index.php\/wp-json\/wp\/v2\/media?parent=215539"}],"wp:term":[{"taxonomy":"category","embeddable":true,"href":"https:\/\/diariotextual.com\/inicio\/index.php\/wp-json\/wp\/v2\/categories?post=215539"},{"taxonomy":"post_tag","embeddable":true,"href":"https:\/\/diariotextual.com\/inicio\/index.php\/wp-json\/wp\/v2\/tags?post=215539"}],"curies":[{"name":"wp","href":"https:\/\/api.w.org\/{rel}","templated":true}]}}