{"id":215584,"date":"2023-02-09T17:31:45","date_gmt":"2023-02-09T20:31:45","guid":{"rendered":"https:\/\/diariotextual.com\/inicio\/?p=215584"},"modified":"2023-02-10T07:33:21","modified_gmt":"2023-02-10T10:33:21","slug":"scaloni-nominado-a-mejor-tecnico-del-ano-por-la-fifa","status":"publish","type":"post","link":"https:\/\/diariotextual.com\/inicio\/index.php\/2023\/02\/09\/scaloni-nominado-a-mejor-tecnico-del-ano-por-la-fifa\/","title":{"rendered":"Scaloni, nominado a mejor t\u00e9cnico del a\u00f1o por la FIFA"},"content":{"rendered":"\n<p>Lionel Scaloni qued\u00f3 hoy entre los tres nominados al The Best al Entrenador de f\u00fatbol masculino tras ser campe\u00f3n del mundo en Qatar y es uno de los grandes candidatos para alzarse con el premio de la FIFA.<br><br>El ganador se dar\u00e1 a conocer en la ceremonia de Par\u00eds, el 27 de febrero de 2023.<br><br>Los otros competidores ser\u00e1n el espa\u00f1ol Josep Guardiola, campe\u00f3n con Manchester City de la Premier League de Inglaterra, y el italiano Carlo Ancelotti, de Real Madrid y ganador de la \u00faltima Champions League y Liga de Espa\u00f1a.<br><br>\u201cEl galard\u00f3n reconoce las actuaciones excepcionales de los entrenadores en el f\u00fatbol masculino durante el per\u00edodo comprendido entre el 8 de agosto de 2021 y el 18 de diciembre de 2022\u201d, explic\u00f3 el comunicado de la FIFA.<br><br>Luego del reconocimiento de la IFFHS, Scaloni intentar\u00e1 ser el primer argentino en ganar el premio que ya tuvo como nominados a Mauricio Pochettino (2019) y Marcelo Bielsa (2020).<\/p>\n","protected":false},"excerpt":{"rendered":"<p>Lionel Scaloni qued\u00f3 hoy entre los tres nominados al The Best al Entrenador de f\u00fatbol masculino tras ser campe\u00f3n del mundo en Qatar y es uno de los grandes candidatos&hellip;<\/p>\n","protected":false},"author":4,"featured_media":153652,"comment_status":"closed","ping_status":"open","sticky":false,"template":"","format":"standard","meta":{"_acf_changed":false,"footnotes":""},"categories":[1,3],"tags":[],"class_list":["post-215584","post","type-post","status-publish","format-standard","has-post-thumbnail","hentry","category-es-noticia","category-deportes"],"acf":[],"yoast_head":"<!-- This site is optimized with the Yoast SEO plugin v27.5 - https:\/\/yoast.com\/product\/yoast-seo-wordpress\/ -->\n<title>Scaloni, nominado a mejor t\u00e9cnico del a\u00f1o por la FIFA - Diario Textual<\/title>\n<meta name=\"robots\" content=\"index, follow, max-snippet:-1, max-image-preview:large, max-video-preview:-1\" \/>\n<link rel=\"canonical\" href=\"https:\/\/diariotextual.com\/inicio\/index.php\/2023\/02\/09\/scaloni-nominado-a-mejor-tecnico-del-ano-por-la-fifa\/\" \/>\n<meta property=\"og:locale\" content=\"es_ES\" \/>\n<meta property=\"og:type\" content=\"article\" \/>\n<meta property=\"og:title\" content=\"Scaloni, nominado a mejor t\u00e9cnico del a\u00f1o por la FIFA - Diario Textual\" \/>\n<meta property=\"og:description\" content=\"Lionel Scaloni qued\u00f3 hoy entre los tres nominados al The Best al Entrenador de f\u00fatbol masculino tras ser campe\u00f3n del mundo en Qatar y es uno de los grandes candidatos&hellip;\" \/>\n<meta property=\"og:url\" content=\"https:\/\/diariotextual.com\/inicio\/index.php\/2023\/02\/09\/scaloni-nominado-a-mejor-tecnico-del-ano-por-la-fifa\/\" \/>\n<meta property=\"og:site_name\" content=\"Diario Textual\" \/>\n<meta property=\"article:publisher\" content=\"https:\/\/www.facebook.com\/eltextual\" \/>\n<meta property=\"article:published_time\" content=\"2023-02-09T20:31:45+00:00\" \/>\n<meta property=\"article:modified_time\" content=\"2023-02-10T10:33:21+00:00\" \/>\n<meta property=\"og:image\" content=\"https:\/\/diariotextual.com\/inicio\/wp-content\/uploads\/2021\/07\/scalonilionel2021-1.jpg\" \/>\n\t<meta property=\"og:image:width\" content=\"1004\" \/>\n\t<meta property=\"og:image:height\" content=\"565\" \/>\n\t<meta property=\"og:image:type\" content=\"image\/jpeg\" \/>\n<meta name=\"author\" content=\"diario2\" \/>\n<meta name=\"twitter:card\" content=\"summary_large_image\" \/>\n<meta name=\"twitter:creator\" content=\"@eltextual\" \/>\n<meta name=\"twitter:site\" content=\"@eltextual\" \/>\n<meta name=\"twitter:label1\" content=\"Escrito por\" \/>\n\t<meta name=\"twitter:data1\" content=\"diario2\" \/>\n\t<meta name=\"twitter:label2\" content=\"Tiempo de lectura\" \/>\n\t<meta name=\"twitter:data2\" content=\"1 minuto\" \/>\n<script type=\"application\/ld+json\" class=\"yoast-schema-graph\">{\"@context\":\"https:\\\/\\\/schema.org\",\"@graph\":[{\"@type\":\"Article\",\"@id\":\"https:\\\/\\\/diariotextual.com\\\/inicio\\\/index.php\\\/2023\\\/02\\\/09\\\/scaloni-nominado-a-mejor-tecnico-del-ano-por-la-fifa\\\/#article\",\"isPartOf\":{\"@id\":\"https:\\\/\\\/diariotextual.com\\\/inicio\\\/index.php\\\/2023\\\/02\\\/09\\\/scaloni-nominado-a-mejor-tecnico-del-ano-por-la-fifa\\\/\"},\"author\":{\"name\":\"diario2\",\"@id\":\"https:\\\/\\\/diariotextual.com\\\/inicio\\\/#\\\/schema\\\/person\\\/694f60677f23c4a530867a98f22b3768\"},\"headline\":\"Scaloni, nominado a mejor t\u00e9cnico del a\u00f1o por la FIFA\",\"datePublished\":\"2023-02-09T20:31:45+00:00\",\"dateModified\":\"2023-02-10T10:33:21+00:00\",\"mainEntityOfPage\":{\"@id\":\"https:\\\/\\\/diariotextual.com\\\/inicio\\\/index.php\\\/2023\\\/02\\\/09\\\/scaloni-nominado-a-mejor-tecnico-del-ano-por-la-fifa\\\/\"},\"wordCount\":172,\"publisher\":{\"@id\":\"https:\\\/\\\/diariotextual.com\\\/inicio\\\/#organization\"},\"image\":{\"@id\":\"https:\\\/\\\/diariotextual.com\\\/inicio\\\/index.php\\\/2023\\\/02\\\/09\\\/scaloni-nominado-a-mejor-tecnico-del-ano-por-la-fifa\\\/#primaryimage\"},\"thumbnailUrl\":\"https:\\\/\\\/diariotextual.com\\\/inicio\\\/wp-content\\\/uploads\\\/2021\\\/07\\\/scalonilionel2021-1.jpg\",\"articleSection\":[\"A - ES NOTICIA (van abajo)\",\"DEPORTES\"],\"inLanguage\":\"es\"},{\"@type\":\"WebPage\",\"@id\":\"https:\\\/\\\/diariotextual.com\\\/inicio\\\/index.php\\\/2023\\\/02\\\/09\\\/scaloni-nominado-a-mejor-tecnico-del-ano-por-la-fifa\\\/\",\"url\":\"https:\\\/\\\/diariotextual.com\\\/inicio\\\/index.php\\\/2023\\\/02\\\/09\\\/scaloni-nominado-a-mejor-tecnico-del-ano-por-la-fifa\\\/\",\"name\":\"Scaloni, nominado a mejor t\u00e9cnico del a\u00f1o por la FIFA - Diario Textual\",\"isPartOf\":{\"@id\":\"https:\\\/\\\/diariotextual.com\\\/inicio\\\/#website\"},\"primaryImageOfPage\":{\"@id\":\"https:\\\/\\\/diariotextual.com\\\/inicio\\\/index.php\\\/2023\\\/02\\\/09\\\/scaloni-nominado-a-mejor-tecnico-del-ano-por-la-fifa\\\/#primaryimage\"},\"image\":{\"@id\":\"https:\\\/\\\/diariotextual.com\\\/inicio\\\/index.php\\\/2023\\\/02\\\/09\\\/scaloni-nominado-a-mejor-tecnico-del-ano-por-la-fifa\\\/#primaryimage\"},\"thumbnailUrl\":\"https:\\\/\\\/diariotextual.com\\\/inicio\\\/wp-content\\\/uploads\\\/2021\\\/07\\\/scalonilionel2021-1.jpg\",\"datePublished\":\"2023-02-09T20:31:45+00:00\",\"dateModified\":\"2023-02-10T10:33:21+00:00\",\"breadcrumb\":{\"@id\":\"https:\\\/\\\/diariotextual.com\\\/inicio\\\/index.php\\\/2023\\\/02\\\/09\\\/scaloni-nominado-a-mejor-tecnico-del-ano-por-la-fifa\\\/#breadcrumb\"},\"inLanguage\":\"es\",\"potentialAction\":[{\"@type\":\"ReadAction\",\"target\":[\"https:\\\/\\\/diariotextual.com\\\/inicio\\\/index.php\\\/2023\\\/02\\\/09\\\/scaloni-nominado-a-mejor-tecnico-del-ano-por-la-fifa\\\/\"]}]},{\"@type\":\"ImageObject\",\"inLanguage\":\"es\",\"@id\":\"https:\\\/\\\/diariotextual.com\\\/inicio\\\/index.php\\\/2023\\\/02\\\/09\\\/scaloni-nominado-a-mejor-tecnico-del-ano-por-la-fifa\\\/#primaryimage\",\"url\":\"https:\\\/\\\/diariotextual.com\\\/inicio\\\/wp-content\\\/uploads\\\/2021\\\/07\\\/scalonilionel2021-1.jpg\",\"contentUrl\":\"https:\\\/\\\/diariotextual.com\\\/inicio\\\/wp-content\\\/uploads\\\/2021\\\/07\\\/scalonilionel2021-1.jpg\",\"width\":1004,\"height\":565},{\"@type\":\"BreadcrumbList\",\"@id\":\"https:\\\/\\\/diariotextual.com\\\/inicio\\\/index.php\\\/2023\\\/02\\\/09\\\/scaloni-nominado-a-mejor-tecnico-del-ano-por-la-fifa\\\/#breadcrumb\",\"itemListElement\":[{\"@type\":\"ListItem\",\"position\":1,\"name\":\"Portada\",\"item\":\"https:\\\/\\\/diariotextual.com\\\/inicio\\\/\"},{\"@type\":\"ListItem\",\"position\":2,\"name\":\"Scaloni, nominado a mejor t\u00e9cnico del a\u00f1o por la FIFA\"}]},{\"@type\":\"WebSite\",\"@id\":\"https:\\\/\\\/diariotextual.com\\\/inicio\\\/#website\",\"url\":\"https:\\\/\\\/diariotextual.com\\\/inicio\\\/\",\"name\":\"Diario Textual\",\"description\":\"\",\"publisher\":{\"@id\":\"https:\\\/\\\/diariotextual.com\\\/inicio\\\/#organization\"},\"potentialAction\":[{\"@type\":\"SearchAction\",\"target\":{\"@type\":\"EntryPoint\",\"urlTemplate\":\"https:\\\/\\\/diariotextual.com\\\/inicio\\\/?s={search_term_string}\"},\"query-input\":{\"@type\":\"PropertyValueSpecification\",\"valueRequired\":true,\"valueName\":\"search_term_string\"}}],\"inLanguage\":\"es\"},{\"@type\":\"Organization\",\"@id\":\"https:\\\/\\\/diariotextual.com\\\/inicio\\\/#organization\",\"name\":\"Diario Textual\",\"url\":\"https:\\\/\\\/diariotextual.com\\\/inicio\\\/\",\"logo\":{\"@type\":\"ImageObject\",\"inLanguage\":\"es\",\"@id\":\"https:\\\/\\\/diariotextual.com\\\/inicio\\\/#\\\/schema\\\/logo\\\/image\\\/\",\"url\":\"https:\\\/\\\/diariotextual.com\\\/inicio\\\/wp-content\\\/uploads\\\/2023\\\/05\\\/logotextual1.jpg\",\"contentUrl\":\"https:\\\/\\\/diariotextual.com\\\/inicio\\\/wp-content\\\/uploads\\\/2023\\\/05\\\/logotextual1.jpg\",\"width\":516,\"height\":76,\"caption\":\"Diario Textual\"},\"image\":{\"@id\":\"https:\\\/\\\/diariotextual.com\\\/inicio\\\/#\\\/schema\\\/logo\\\/image\\\/\"},\"sameAs\":[\"https:\\\/\\\/www.facebook.com\\\/eltextual\",\"https:\\\/\\\/x.com\\\/eltextual\",\"http:\\\/\\\/www.instagram.com\\\/eltextual\"]},{\"@type\":\"Person\",\"@id\":\"https:\\\/\\\/diariotextual.com\\\/inicio\\\/#\\\/schema\\\/person\\\/694f60677f23c4a530867a98f22b3768\",\"name\":\"diario2\",\"image\":{\"@type\":\"ImageObject\",\"inLanguage\":\"es\",\"@id\":\"https:\\\/\\\/secure.gravatar.com\\\/avatar\\\/5a2567495ba16b852fcd8f1ed006a2e24fcace936018ed8237e95f488ad6e0a7?s=96&d=mm&r=g\",\"url\":\"https:\\\/\\\/secure.gravatar.com\\\/avatar\\\/5a2567495ba16b852fcd8f1ed006a2e24fcace936018ed8237e95f488ad6e0a7?s=96&d=mm&r=g\",\"contentUrl\":\"https:\\\/\\\/secure.gravatar.com\\\/avatar\\\/5a2567495ba16b852fcd8f1ed006a2e24fcace936018ed8237e95f488ad6e0a7?s=96&d=mm&r=g\",\"caption\":\"diario2\"},\"url\":\"https:\\\/\\\/diariotextual.com\\\/inicio\\\/index.php\\\/author\\\/diario2\\\/\"}]}<\/script>\n<!-- \/ Yoast SEO plugin. -->","yoast_head_json":{"title":"Scaloni, nominado a mejor t\u00e9cnico del a\u00f1o por la FIFA - Diario Textual","robots":{"index":"index","follow":"follow","max-snippet":"max-snippet:-1","max-image-preview":"max-image-preview:large","max-video-preview":"max-video-preview:-1"},"canonical":"https:\/\/diariotextual.com\/inicio\/index.php\/2023\/02\/09\/scaloni-nominado-a-mejor-tecnico-del-ano-por-la-fifa\/","og_locale":"es_ES","og_type":"article","og_title":"Scaloni, nominado a mejor t\u00e9cnico del a\u00f1o por la FIFA - Diario Textual","og_description":"Lionel Scaloni qued\u00f3 hoy entre los tres nominados al The Best al Entrenador de f\u00fatbol masculino tras ser campe\u00f3n del mundo en Qatar y es uno de los grandes candidatos&hellip;","og_url":"https:\/\/diariotextual.com\/inicio\/index.php\/2023\/02\/09\/scaloni-nominado-a-mejor-tecnico-del-ano-por-la-fifa\/","og_site_name":"Diario Textual","article_publisher":"https:\/\/www.facebook.com\/eltextual","article_published_time":"2023-02-09T20:31:45+00:00","article_modified_time":"2023-02-10T10:33:21+00:00","og_image":[{"width":1004,"height":565,"url":"https:\/\/diariotextual.com\/inicio\/wp-content\/uploads\/2021\/07\/scalonilionel2021-1.jpg","type":"image\/jpeg"}],"author":"diario2","twitter_card":"summary_large_image","twitter_creator":"@eltextual","twitter_site":"@eltextual","twitter_misc":{"Escrito por":"diario2","Tiempo de lectura":"1 minuto"},"schema":{"@context":"https:\/\/schema.org","@graph":[{"@type":"Article","@id":"https:\/\/diariotextual.com\/inicio\/index.php\/2023\/02\/09\/scaloni-nominado-a-mejor-tecnico-del-ano-por-la-fifa\/#article","isPartOf":{"@id":"https:\/\/diariotextual.com\/inicio\/index.php\/2023\/02\/09\/scaloni-nominado-a-mejor-tecnico-del-ano-por-la-fifa\/"},"author":{"name":"diario2","@id":"https:\/\/diariotextual.com\/inicio\/#\/schema\/person\/694f60677f23c4a530867a98f22b3768"},"headline":"Scaloni, nominado a mejor t\u00e9cnico del a\u00f1o por la FIFA","datePublished":"2023-02-09T20:31:45+00:00","dateModified":"2023-02-10T10:33:21+00:00","mainEntityOfPage":{"@id":"https:\/\/diariotextual.com\/inicio\/index.php\/2023\/02\/09\/scaloni-nominado-a-mejor-tecnico-del-ano-por-la-fifa\/"},"wordCount":172,"publisher":{"@id":"https:\/\/diariotextual.com\/inicio\/#organization"},"image":{"@id":"https:\/\/diariotextual.com\/inicio\/index.php\/2023\/02\/09\/scaloni-nominado-a-mejor-tecnico-del-ano-por-la-fifa\/#primaryimage"},"thumbnailUrl":"https:\/\/diariotextual.com\/inicio\/wp-content\/uploads\/2021\/07\/scalonilionel2021-1.jpg","articleSection":["A - ES NOTICIA (van abajo)","DEPORTES"],"inLanguage":"es"},{"@type":"WebPage","@id":"https:\/\/diariotextual.com\/inicio\/index.php\/2023\/02\/09\/scaloni-nominado-a-mejor-tecnico-del-ano-por-la-fifa\/","url":"https:\/\/diariotextual.com\/inicio\/index.php\/2023\/02\/09\/scaloni-nominado-a-mejor-tecnico-del-ano-por-la-fifa\/","name":"Scaloni, nominado a mejor t\u00e9cnico del a\u00f1o por la FIFA - Diario Textual","isPartOf":{"@id":"https:\/\/diariotextual.com\/inicio\/#website"},"primaryImageOfPage":{"@id":"https:\/\/diariotextual.com\/inicio\/index.php\/2023\/02\/09\/scaloni-nominado-a-mejor-tecnico-del-ano-por-la-fifa\/#primaryimage"},"image":{"@id":"https:\/\/diariotextual.com\/inicio\/index.php\/2023\/02\/09\/scaloni-nominado-a-mejor-tecnico-del-ano-por-la-fifa\/#primaryimage"},"thumbnailUrl":"https:\/\/diariotextual.com\/inicio\/wp-content\/uploads\/2021\/07\/scalonilionel2021-1.jpg","datePublished":"2023-02-09T20:31:45+00:00","dateModified":"2023-02-10T10:33:21+00:00","breadcrumb":{"@id":"https:\/\/diariotextual.com\/inicio\/index.php\/2023\/02\/09\/scaloni-nominado-a-mejor-tecnico-del-ano-por-la-fifa\/#breadcrumb"},"inLanguage":"es","potentialAction":[{"@type":"ReadAction","target":["https:\/\/diariotextual.com\/inicio\/index.php\/2023\/02\/09\/scaloni-nominado-a-mejor-tecnico-del-ano-por-la-fifa\/"]}]},{"@type":"ImageObject","inLanguage":"es","@id":"https:\/\/diariotextual.com\/inicio\/index.php\/2023\/02\/09\/scaloni-nominado-a-mejor-tecnico-del-ano-por-la-fifa\/#primaryimage","url":"https:\/\/diariotextual.com\/inicio\/wp-content\/uploads\/2021\/07\/scalonilionel2021-1.jpg","contentUrl":"https:\/\/diariotextual.com\/inicio\/wp-content\/uploads\/2021\/07\/scalonilionel2021-1.jpg","width":1004,"height":565},{"@type":"BreadcrumbList","@id":"https:\/\/diariotextual.com\/inicio\/index.php\/2023\/02\/09\/scaloni-nominado-a-mejor-tecnico-del-ano-por-la-fifa\/#breadcrumb","itemListElement":[{"@type":"ListItem","position":1,"name":"Portada","item":"https:\/\/diariotextual.com\/inicio\/"},{"@type":"ListItem","position":2,"name":"Scaloni, nominado a mejor t\u00e9cnico del a\u00f1o por la FIFA"}]},{"@type":"WebSite","@id":"https:\/\/diariotextual.com\/inicio\/#website","url":"https:\/\/diariotextual.com\/inicio\/","name":"Diario Textual","description":"","publisher":{"@id":"https:\/\/diariotextual.com\/inicio\/#organization"},"potentialAction":[{"@type":"SearchAction","target":{"@type":"EntryPoint","urlTemplate":"https:\/\/diariotextual.com\/inicio\/?s={search_term_string}"},"query-input":{"@type":"PropertyValueSpecification","valueRequired":true,"valueName":"search_term_string"}}],"inLanguage":"es"},{"@type":"Organization","@id":"https:\/\/diariotextual.com\/inicio\/#organization","name":"Diario Textual","url":"https:\/\/diariotextual.com\/inicio\/","logo":{"@type":"ImageObject","inLanguage":"es","@id":"https:\/\/diariotextual.com\/inicio\/#\/schema\/logo\/image\/","url":"https:\/\/diariotextual.com\/inicio\/wp-content\/uploads\/2023\/05\/logotextual1.jpg","contentUrl":"https:\/\/diariotextual.com\/inicio\/wp-content\/uploads\/2023\/05\/logotextual1.jpg","width":516,"height":76,"caption":"Diario Textual"},"image":{"@id":"https:\/\/diariotextual.com\/inicio\/#\/schema\/logo\/image\/"},"sameAs":["https:\/\/www.facebook.com\/eltextual","https:\/\/x.com\/eltextual","http:\/\/www.instagram.com\/eltextual"]},{"@type":"Person","@id":"https:\/\/diariotextual.com\/inicio\/#\/schema\/person\/694f60677f23c4a530867a98f22b3768","name":"diario2","image":{"@type":"ImageObject","inLanguage":"es","@id":"https:\/\/secure.gravatar.com\/avatar\/5a2567495ba16b852fcd8f1ed006a2e24fcace936018ed8237e95f488ad6e0a7?s=96&d=mm&r=g","url":"https:\/\/secure.gravatar.com\/avatar\/5a2567495ba16b852fcd8f1ed006a2e24fcace936018ed8237e95f488ad6e0a7?s=96&d=mm&r=g","contentUrl":"https:\/\/secure.gravatar.com\/avatar\/5a2567495ba16b852fcd8f1ed006a2e24fcace936018ed8237e95f488ad6e0a7?s=96&d=mm&r=g","caption":"diario2"},"url":"https:\/\/diariotextual.com\/inicio\/index.php\/author\/diario2\/"}]}},"_links":{"self":[{"href":"https:\/\/diariotextual.com\/inicio\/index.php\/wp-json\/wp\/v2\/posts\/215584","targetHints":{"allow":["GET"]}}],"collection":[{"href":"https:\/\/diariotextual.com\/inicio\/index.php\/wp-json\/wp\/v2\/posts"}],"about":[{"href":"https:\/\/diariotextual.com\/inicio\/index.php\/wp-json\/wp\/v2\/types\/post"}],"author":[{"embeddable":true,"href":"https:\/\/diariotextual.com\/inicio\/index.php\/wp-json\/wp\/v2\/users\/4"}],"replies":[{"embeddable":true,"href":"https:\/\/diariotextual.com\/inicio\/index.php\/wp-json\/wp\/v2\/comments?post=215584"}],"version-history":[{"count":1,"href":"https:\/\/diariotextual.com\/inicio\/index.php\/wp-json\/wp\/v2\/posts\/215584\/revisions"}],"predecessor-version":[{"id":215585,"href":"https:\/\/diariotextual.com\/inicio\/index.php\/wp-json\/wp\/v2\/posts\/215584\/revisions\/215585"}],"wp:featuredmedia":[{"embeddable":true,"href":"https:\/\/diariotextual.com\/inicio\/index.php\/wp-json\/wp\/v2\/media\/153652"}],"wp:attachment":[{"href":"https:\/\/diariotextual.com\/inicio\/index.php\/wp-json\/wp\/v2\/media?parent=215584"}],"wp:term":[{"taxonomy":"category","embeddable":true,"href":"https:\/\/diariotextual.com\/inicio\/index.php\/wp-json\/wp\/v2\/categories?post=215584"},{"taxonomy":"post_tag","embeddable":true,"href":"https:\/\/diariotextual.com\/inicio\/index.php\/wp-json\/wp\/v2\/tags?post=215584"}],"curies":[{"name":"wp","href":"https:\/\/api.w.org\/{rel}","templated":true}]}}