{"id":215593,"date":"2023-02-10T07:09:13","date_gmt":"2023-02-10T10:09:13","guid":{"rendered":"https:\/\/diariotextual.com\/inicio\/?p=215593"},"modified":"2023-02-10T07:09:15","modified_gmt":"2023-02-10T10:09:15","slug":"becaran-a-mujeres-y-disidencias-en-curso-camara-video-accion","status":"publish","type":"post","link":"https:\/\/diariotextual.com\/inicio\/index.php\/2023\/02\/10\/becaran-a-mujeres-y-disidencias-en-curso-camara-video-accion\/","title":{"rendered":"Becar\u00e1n a mujeres y disidencias en curso \u201cC\u00e1mara, video, acci\u00f3n\u201d"},"content":{"rendered":"\n<p>La Secretar\u00eda de la Mujer, G\u00e9neros y Diversidad invit\u00f3&nbsp;a participar del curso \u201cC\u00e1mara, video, acci\u00f3n\u201d destinado a personas que quieran desempe\u00f1arse como camar\u00f3grafas o camar\u00f3grafos. Desde el organismo provincial se becar\u00e1 a 10 mujeres y\/o disidencias que se inscriban.&nbsp;<\/p>\n\n\n\n<p>Este curso surgi\u00f3 como iniciativa de Lula Bassa de la productora Megaf\u00f3n quien, adem\u00e1s, ser\u00e1 una de las capacitadoras.<\/p>\n\n\n\n<p>Se busca dar respuesta a una necesidad creciente de las productoras de contar con personal que tenga conocimiento sobre la realizaci\u00f3n audiovisual. En ese sentido, en el curso se aprender\u00e1 sobre el funcionamiento de la luz y la \u00f3ptica aplicado a una c\u00e1mara; los planos, tomas y decisiones est\u00e9ticas; los detalles t\u00e9cnicos y formatos; entre otras tareas.<br><br>La secretaria, Liliana Robledo, sostuvo a la Agencia Provincial de Noticias\u00a0 que desde el\u00a0organismo a su cargo acompa\u00f1an este tipo de propuesta de capacitaci\u00f3n. \u00abSumar estos conocimientos tiene la potencialidad de brindar una salida laboral en un \u00e1mbito a explotar. Adem\u00e1s, nos resulta importante acompa\u00f1ar a mujeres y diversidades que tengan la intenci\u00f3n y las ganas de aprender y desempe\u00f1arse en la realizaci\u00f3n audiovisual\u201d, dijo.<br><br>El curso ser\u00e1 brindado los d\u00edas 23, 24 y 25 de febrero en Avellaneda 256 y estar\u00e1 a cargo de Lula Bassa y Santiago Tueros.<\/p>\n\n\n\n<p>Para inscribirse enviar un mail a:\u00a0<a href=\"mailto:holamegafon@gmail.com\">holamegafon@gmail.com<\/a>. Diez mujeres y\/o disidencias que se inscriban ser\u00e1n becadas por la Secretar\u00eda de la Mujer, G\u00e9neros y Diversidad.<\/p>\n","protected":false},"excerpt":{"rendered":"<p>La Secretar\u00eda de la Mujer, G\u00e9neros y Diversidad invit\u00f3&nbsp;a participar del curso \u201cC\u00e1mara, video, acci\u00f3n\u201d destinado a personas que quieran desempe\u00f1arse como camar\u00f3grafas o camar\u00f3grafos. Desde el organismo provincial se&hellip;<\/p>\n","protected":false},"author":4,"featured_media":113799,"comment_status":"closed","ping_status":"open","sticky":false,"template":"","format":"standard","meta":{"_acf_changed":false,"footnotes":""},"categories":[1,12],"tags":[],"class_list":["post-215593","post","type-post","status-publish","format-standard","has-post-thumbnail","hentry","category-es-noticia","category-sociedad"],"acf":[],"yoast_head":"<!-- This site is optimized with the Yoast SEO plugin v27.5 - https:\/\/yoast.com\/product\/yoast-seo-wordpress\/ -->\n<title>Becar\u00e1n a mujeres y disidencias en curso \u201cC\u00e1mara, video, acci\u00f3n\u201d - Diario Textual<\/title>\n<meta name=\"robots\" content=\"index, follow, max-snippet:-1, max-image-preview:large, max-video-preview:-1\" \/>\n<link rel=\"canonical\" href=\"https:\/\/diariotextual.com\/inicio\/index.php\/2023\/02\/10\/becaran-a-mujeres-y-disidencias-en-curso-camara-video-accion\/\" \/>\n<meta property=\"og:locale\" content=\"es_ES\" \/>\n<meta property=\"og:type\" content=\"article\" \/>\n<meta property=\"og:title\" content=\"Becar\u00e1n a mujeres y disidencias en curso \u201cC\u00e1mara, video, acci\u00f3n\u201d - Diario Textual\" \/>\n<meta property=\"og:description\" content=\"La Secretar\u00eda de la Mujer, G\u00e9neros y Diversidad invit\u00f3&nbsp;a participar del curso \u201cC\u00e1mara, video, acci\u00f3n\u201d destinado a personas que quieran desempe\u00f1arse como camar\u00f3grafas o camar\u00f3grafos. Desde el organismo provincial se&hellip;\" \/>\n<meta property=\"og:url\" content=\"https:\/\/diariotextual.com\/inicio\/index.php\/2023\/02\/10\/becaran-a-mujeres-y-disidencias-en-curso-camara-video-accion\/\" \/>\n<meta property=\"og:site_name\" content=\"Diario Textual\" \/>\n<meta property=\"article:publisher\" content=\"https:\/\/www.facebook.com\/eltextual\" \/>\n<meta property=\"article:published_time\" content=\"2023-02-10T10:09:13+00:00\" \/>\n<meta property=\"article:modified_time\" content=\"2023-02-10T10:09:15+00:00\" \/>\n<meta property=\"og:image\" content=\"https:\/\/diariotextual.com\/inicio\/wp-content\/uploads\/2020\/09\/camaratv637810.jpg\" \/>\n\t<meta property=\"og:image:width\" content=\"650\" \/>\n\t<meta property=\"og:image:height\" content=\"340\" \/>\n\t<meta property=\"og:image:type\" content=\"image\/jpeg\" \/>\n<meta name=\"author\" content=\"diario2\" \/>\n<meta name=\"twitter:card\" content=\"summary_large_image\" \/>\n<meta name=\"twitter:creator\" content=\"@eltextual\" \/>\n<meta name=\"twitter:site\" content=\"@eltextual\" \/>\n<meta name=\"twitter:label1\" content=\"Escrito por\" \/>\n\t<meta name=\"twitter:data1\" content=\"diario2\" \/>\n\t<meta name=\"twitter:label2\" content=\"Tiempo de lectura\" \/>\n\t<meta name=\"twitter:data2\" content=\"2 minutos\" \/>\n<script type=\"application\/ld+json\" class=\"yoast-schema-graph\">{\"@context\":\"https:\\\/\\\/schema.org\",\"@graph\":[{\"@type\":\"Article\",\"@id\":\"https:\\\/\\\/diariotextual.com\\\/inicio\\\/index.php\\\/2023\\\/02\\\/10\\\/becaran-a-mujeres-y-disidencias-en-curso-camara-video-accion\\\/#article\",\"isPartOf\":{\"@id\":\"https:\\\/\\\/diariotextual.com\\\/inicio\\\/index.php\\\/2023\\\/02\\\/10\\\/becaran-a-mujeres-y-disidencias-en-curso-camara-video-accion\\\/\"},\"author\":{\"name\":\"diario2\",\"@id\":\"https:\\\/\\\/diariotextual.com\\\/inicio\\\/#\\\/schema\\\/person\\\/694f60677f23c4a530867a98f22b3768\"},\"headline\":\"Becar\u00e1n a mujeres y disidencias en curso \u201cC\u00e1mara, video, acci\u00f3n\u201d\",\"datePublished\":\"2023-02-10T10:09:13+00:00\",\"dateModified\":\"2023-02-10T10:09:15+00:00\",\"mainEntityOfPage\":{\"@id\":\"https:\\\/\\\/diariotextual.com\\\/inicio\\\/index.php\\\/2023\\\/02\\\/10\\\/becaran-a-mujeres-y-disidencias-en-curso-camara-video-accion\\\/\"},\"wordCount\":270,\"publisher\":{\"@id\":\"https:\\\/\\\/diariotextual.com\\\/inicio\\\/#organization\"},\"image\":{\"@id\":\"https:\\\/\\\/diariotextual.com\\\/inicio\\\/index.php\\\/2023\\\/02\\\/10\\\/becaran-a-mujeres-y-disidencias-en-curso-camara-video-accion\\\/#primaryimage\"},\"thumbnailUrl\":\"https:\\\/\\\/diariotextual.com\\\/inicio\\\/wp-content\\\/uploads\\\/2020\\\/09\\\/camaratv637810.jpg\",\"articleSection\":[\"A - ES NOTICIA (van abajo)\",\"SOCIEDAD\"],\"inLanguage\":\"es\"},{\"@type\":\"WebPage\",\"@id\":\"https:\\\/\\\/diariotextual.com\\\/inicio\\\/index.php\\\/2023\\\/02\\\/10\\\/becaran-a-mujeres-y-disidencias-en-curso-camara-video-accion\\\/\",\"url\":\"https:\\\/\\\/diariotextual.com\\\/inicio\\\/index.php\\\/2023\\\/02\\\/10\\\/becaran-a-mujeres-y-disidencias-en-curso-camara-video-accion\\\/\",\"name\":\"Becar\u00e1n a mujeres y disidencias en curso \u201cC\u00e1mara, video, acci\u00f3n\u201d - Diario Textual\",\"isPartOf\":{\"@id\":\"https:\\\/\\\/diariotextual.com\\\/inicio\\\/#website\"},\"primaryImageOfPage\":{\"@id\":\"https:\\\/\\\/diariotextual.com\\\/inicio\\\/index.php\\\/2023\\\/02\\\/10\\\/becaran-a-mujeres-y-disidencias-en-curso-camara-video-accion\\\/#primaryimage\"},\"image\":{\"@id\":\"https:\\\/\\\/diariotextual.com\\\/inicio\\\/index.php\\\/2023\\\/02\\\/10\\\/becaran-a-mujeres-y-disidencias-en-curso-camara-video-accion\\\/#primaryimage\"},\"thumbnailUrl\":\"https:\\\/\\\/diariotextual.com\\\/inicio\\\/wp-content\\\/uploads\\\/2020\\\/09\\\/camaratv637810.jpg\",\"datePublished\":\"2023-02-10T10:09:13+00:00\",\"dateModified\":\"2023-02-10T10:09:15+00:00\",\"breadcrumb\":{\"@id\":\"https:\\\/\\\/diariotextual.com\\\/inicio\\\/index.php\\\/2023\\\/02\\\/10\\\/becaran-a-mujeres-y-disidencias-en-curso-camara-video-accion\\\/#breadcrumb\"},\"inLanguage\":\"es\",\"potentialAction\":[{\"@type\":\"ReadAction\",\"target\":[\"https:\\\/\\\/diariotextual.com\\\/inicio\\\/index.php\\\/2023\\\/02\\\/10\\\/becaran-a-mujeres-y-disidencias-en-curso-camara-video-accion\\\/\"]}]},{\"@type\":\"ImageObject\",\"inLanguage\":\"es\",\"@id\":\"https:\\\/\\\/diariotextual.com\\\/inicio\\\/index.php\\\/2023\\\/02\\\/10\\\/becaran-a-mujeres-y-disidencias-en-curso-camara-video-accion\\\/#primaryimage\",\"url\":\"https:\\\/\\\/diariotextual.com\\\/inicio\\\/wp-content\\\/uploads\\\/2020\\\/09\\\/camaratv637810.jpg\",\"contentUrl\":\"https:\\\/\\\/diariotextual.com\\\/inicio\\\/wp-content\\\/uploads\\\/2020\\\/09\\\/camaratv637810.jpg\",\"width\":650,\"height\":340},{\"@type\":\"BreadcrumbList\",\"@id\":\"https:\\\/\\\/diariotextual.com\\\/inicio\\\/index.php\\\/2023\\\/02\\\/10\\\/becaran-a-mujeres-y-disidencias-en-curso-camara-video-accion\\\/#breadcrumb\",\"itemListElement\":[{\"@type\":\"ListItem\",\"position\":1,\"name\":\"Portada\",\"item\":\"https:\\\/\\\/diariotextual.com\\\/inicio\\\/\"},{\"@type\":\"ListItem\",\"position\":2,\"name\":\"Becar\u00e1n a mujeres y disidencias en curso \u201cC\u00e1mara, video, acci\u00f3n\u201d\"}]},{\"@type\":\"WebSite\",\"@id\":\"https:\\\/\\\/diariotextual.com\\\/inicio\\\/#website\",\"url\":\"https:\\\/\\\/diariotextual.com\\\/inicio\\\/\",\"name\":\"Diario Textual\",\"description\":\"\",\"publisher\":{\"@id\":\"https:\\\/\\\/diariotextual.com\\\/inicio\\\/#organization\"},\"potentialAction\":[{\"@type\":\"SearchAction\",\"target\":{\"@type\":\"EntryPoint\",\"urlTemplate\":\"https:\\\/\\\/diariotextual.com\\\/inicio\\\/?s={search_term_string}\"},\"query-input\":{\"@type\":\"PropertyValueSpecification\",\"valueRequired\":true,\"valueName\":\"search_term_string\"}}],\"inLanguage\":\"es\"},{\"@type\":\"Organization\",\"@id\":\"https:\\\/\\\/diariotextual.com\\\/inicio\\\/#organization\",\"name\":\"Diario Textual\",\"url\":\"https:\\\/\\\/diariotextual.com\\\/inicio\\\/\",\"logo\":{\"@type\":\"ImageObject\",\"inLanguage\":\"es\",\"@id\":\"https:\\\/\\\/diariotextual.com\\\/inicio\\\/#\\\/schema\\\/logo\\\/image\\\/\",\"url\":\"https:\\\/\\\/diariotextual.com\\\/inicio\\\/wp-content\\\/uploads\\\/2023\\\/05\\\/logotextual1.jpg\",\"contentUrl\":\"https:\\\/\\\/diariotextual.com\\\/inicio\\\/wp-content\\\/uploads\\\/2023\\\/05\\\/logotextual1.jpg\",\"width\":516,\"height\":76,\"caption\":\"Diario Textual\"},\"image\":{\"@id\":\"https:\\\/\\\/diariotextual.com\\\/inicio\\\/#\\\/schema\\\/logo\\\/image\\\/\"},\"sameAs\":[\"https:\\\/\\\/www.facebook.com\\\/eltextual\",\"https:\\\/\\\/x.com\\\/eltextual\",\"http:\\\/\\\/www.instagram.com\\\/eltextual\"]},{\"@type\":\"Person\",\"@id\":\"https:\\\/\\\/diariotextual.com\\\/inicio\\\/#\\\/schema\\\/person\\\/694f60677f23c4a530867a98f22b3768\",\"name\":\"diario2\",\"image\":{\"@type\":\"ImageObject\",\"inLanguage\":\"es\",\"@id\":\"https:\\\/\\\/secure.gravatar.com\\\/avatar\\\/5a2567495ba16b852fcd8f1ed006a2e24fcace936018ed8237e95f488ad6e0a7?s=96&d=mm&r=g\",\"url\":\"https:\\\/\\\/secure.gravatar.com\\\/avatar\\\/5a2567495ba16b852fcd8f1ed006a2e24fcace936018ed8237e95f488ad6e0a7?s=96&d=mm&r=g\",\"contentUrl\":\"https:\\\/\\\/secure.gravatar.com\\\/avatar\\\/5a2567495ba16b852fcd8f1ed006a2e24fcace936018ed8237e95f488ad6e0a7?s=96&d=mm&r=g\",\"caption\":\"diario2\"},\"url\":\"https:\\\/\\\/diariotextual.com\\\/inicio\\\/index.php\\\/author\\\/diario2\\\/\"}]}<\/script>\n<!-- \/ Yoast SEO plugin. -->","yoast_head_json":{"title":"Becar\u00e1n a mujeres y disidencias en curso \u201cC\u00e1mara, video, acci\u00f3n\u201d - Diario Textual","robots":{"index":"index","follow":"follow","max-snippet":"max-snippet:-1","max-image-preview":"max-image-preview:large","max-video-preview":"max-video-preview:-1"},"canonical":"https:\/\/diariotextual.com\/inicio\/index.php\/2023\/02\/10\/becaran-a-mujeres-y-disidencias-en-curso-camara-video-accion\/","og_locale":"es_ES","og_type":"article","og_title":"Becar\u00e1n a mujeres y disidencias en curso \u201cC\u00e1mara, video, acci\u00f3n\u201d - Diario Textual","og_description":"La Secretar\u00eda de la Mujer, G\u00e9neros y Diversidad invit\u00f3&nbsp;a participar del curso \u201cC\u00e1mara, video, acci\u00f3n\u201d destinado a personas que quieran desempe\u00f1arse como camar\u00f3grafas o camar\u00f3grafos. Desde el organismo provincial se&hellip;","og_url":"https:\/\/diariotextual.com\/inicio\/index.php\/2023\/02\/10\/becaran-a-mujeres-y-disidencias-en-curso-camara-video-accion\/","og_site_name":"Diario Textual","article_publisher":"https:\/\/www.facebook.com\/eltextual","article_published_time":"2023-02-10T10:09:13+00:00","article_modified_time":"2023-02-10T10:09:15+00:00","og_image":[{"width":650,"height":340,"url":"https:\/\/diariotextual.com\/inicio\/wp-content\/uploads\/2020\/09\/camaratv637810.jpg","type":"image\/jpeg"}],"author":"diario2","twitter_card":"summary_large_image","twitter_creator":"@eltextual","twitter_site":"@eltextual","twitter_misc":{"Escrito por":"diario2","Tiempo de lectura":"2 minutos"},"schema":{"@context":"https:\/\/schema.org","@graph":[{"@type":"Article","@id":"https:\/\/diariotextual.com\/inicio\/index.php\/2023\/02\/10\/becaran-a-mujeres-y-disidencias-en-curso-camara-video-accion\/#article","isPartOf":{"@id":"https:\/\/diariotextual.com\/inicio\/index.php\/2023\/02\/10\/becaran-a-mujeres-y-disidencias-en-curso-camara-video-accion\/"},"author":{"name":"diario2","@id":"https:\/\/diariotextual.com\/inicio\/#\/schema\/person\/694f60677f23c4a530867a98f22b3768"},"headline":"Becar\u00e1n a mujeres y disidencias en curso \u201cC\u00e1mara, video, acci\u00f3n\u201d","datePublished":"2023-02-10T10:09:13+00:00","dateModified":"2023-02-10T10:09:15+00:00","mainEntityOfPage":{"@id":"https:\/\/diariotextual.com\/inicio\/index.php\/2023\/02\/10\/becaran-a-mujeres-y-disidencias-en-curso-camara-video-accion\/"},"wordCount":270,"publisher":{"@id":"https:\/\/diariotextual.com\/inicio\/#organization"},"image":{"@id":"https:\/\/diariotextual.com\/inicio\/index.php\/2023\/02\/10\/becaran-a-mujeres-y-disidencias-en-curso-camara-video-accion\/#primaryimage"},"thumbnailUrl":"https:\/\/diariotextual.com\/inicio\/wp-content\/uploads\/2020\/09\/camaratv637810.jpg","articleSection":["A - ES NOTICIA (van abajo)","SOCIEDAD"],"inLanguage":"es"},{"@type":"WebPage","@id":"https:\/\/diariotextual.com\/inicio\/index.php\/2023\/02\/10\/becaran-a-mujeres-y-disidencias-en-curso-camara-video-accion\/","url":"https:\/\/diariotextual.com\/inicio\/index.php\/2023\/02\/10\/becaran-a-mujeres-y-disidencias-en-curso-camara-video-accion\/","name":"Becar\u00e1n a mujeres y disidencias en curso \u201cC\u00e1mara, video, acci\u00f3n\u201d - Diario Textual","isPartOf":{"@id":"https:\/\/diariotextual.com\/inicio\/#website"},"primaryImageOfPage":{"@id":"https:\/\/diariotextual.com\/inicio\/index.php\/2023\/02\/10\/becaran-a-mujeres-y-disidencias-en-curso-camara-video-accion\/#primaryimage"},"image":{"@id":"https:\/\/diariotextual.com\/inicio\/index.php\/2023\/02\/10\/becaran-a-mujeres-y-disidencias-en-curso-camara-video-accion\/#primaryimage"},"thumbnailUrl":"https:\/\/diariotextual.com\/inicio\/wp-content\/uploads\/2020\/09\/camaratv637810.jpg","datePublished":"2023-02-10T10:09:13+00:00","dateModified":"2023-02-10T10:09:15+00:00","breadcrumb":{"@id":"https:\/\/diariotextual.com\/inicio\/index.php\/2023\/02\/10\/becaran-a-mujeres-y-disidencias-en-curso-camara-video-accion\/#breadcrumb"},"inLanguage":"es","potentialAction":[{"@type":"ReadAction","target":["https:\/\/diariotextual.com\/inicio\/index.php\/2023\/02\/10\/becaran-a-mujeres-y-disidencias-en-curso-camara-video-accion\/"]}]},{"@type":"ImageObject","inLanguage":"es","@id":"https:\/\/diariotextual.com\/inicio\/index.php\/2023\/02\/10\/becaran-a-mujeres-y-disidencias-en-curso-camara-video-accion\/#primaryimage","url":"https:\/\/diariotextual.com\/inicio\/wp-content\/uploads\/2020\/09\/camaratv637810.jpg","contentUrl":"https:\/\/diariotextual.com\/inicio\/wp-content\/uploads\/2020\/09\/camaratv637810.jpg","width":650,"height":340},{"@type":"BreadcrumbList","@id":"https:\/\/diariotextual.com\/inicio\/index.php\/2023\/02\/10\/becaran-a-mujeres-y-disidencias-en-curso-camara-video-accion\/#breadcrumb","itemListElement":[{"@type":"ListItem","position":1,"name":"Portada","item":"https:\/\/diariotextual.com\/inicio\/"},{"@type":"ListItem","position":2,"name":"Becar\u00e1n a mujeres y disidencias en curso \u201cC\u00e1mara, video, acci\u00f3n\u201d"}]},{"@type":"WebSite","@id":"https:\/\/diariotextual.com\/inicio\/#website","url":"https:\/\/diariotextual.com\/inicio\/","name":"Diario Textual","description":"","publisher":{"@id":"https:\/\/diariotextual.com\/inicio\/#organization"},"potentialAction":[{"@type":"SearchAction","target":{"@type":"EntryPoint","urlTemplate":"https:\/\/diariotextual.com\/inicio\/?s={search_term_string}"},"query-input":{"@type":"PropertyValueSpecification","valueRequired":true,"valueName":"search_term_string"}}],"inLanguage":"es"},{"@type":"Organization","@id":"https:\/\/diariotextual.com\/inicio\/#organization","name":"Diario Textual","url":"https:\/\/diariotextual.com\/inicio\/","logo":{"@type":"ImageObject","inLanguage":"es","@id":"https:\/\/diariotextual.com\/inicio\/#\/schema\/logo\/image\/","url":"https:\/\/diariotextual.com\/inicio\/wp-content\/uploads\/2023\/05\/logotextual1.jpg","contentUrl":"https:\/\/diariotextual.com\/inicio\/wp-content\/uploads\/2023\/05\/logotextual1.jpg","width":516,"height":76,"caption":"Diario Textual"},"image":{"@id":"https:\/\/diariotextual.com\/inicio\/#\/schema\/logo\/image\/"},"sameAs":["https:\/\/www.facebook.com\/eltextual","https:\/\/x.com\/eltextual","http:\/\/www.instagram.com\/eltextual"]},{"@type":"Person","@id":"https:\/\/diariotextual.com\/inicio\/#\/schema\/person\/694f60677f23c4a530867a98f22b3768","name":"diario2","image":{"@type":"ImageObject","inLanguage":"es","@id":"https:\/\/secure.gravatar.com\/avatar\/5a2567495ba16b852fcd8f1ed006a2e24fcace936018ed8237e95f488ad6e0a7?s=96&d=mm&r=g","url":"https:\/\/secure.gravatar.com\/avatar\/5a2567495ba16b852fcd8f1ed006a2e24fcace936018ed8237e95f488ad6e0a7?s=96&d=mm&r=g","contentUrl":"https:\/\/secure.gravatar.com\/avatar\/5a2567495ba16b852fcd8f1ed006a2e24fcace936018ed8237e95f488ad6e0a7?s=96&d=mm&r=g","caption":"diario2"},"url":"https:\/\/diariotextual.com\/inicio\/index.php\/author\/diario2\/"}]}},"_links":{"self":[{"href":"https:\/\/diariotextual.com\/inicio\/index.php\/wp-json\/wp\/v2\/posts\/215593","targetHints":{"allow":["GET"]}}],"collection":[{"href":"https:\/\/diariotextual.com\/inicio\/index.php\/wp-json\/wp\/v2\/posts"}],"about":[{"href":"https:\/\/diariotextual.com\/inicio\/index.php\/wp-json\/wp\/v2\/types\/post"}],"author":[{"embeddable":true,"href":"https:\/\/diariotextual.com\/inicio\/index.php\/wp-json\/wp\/v2\/users\/4"}],"replies":[{"embeddable":true,"href":"https:\/\/diariotextual.com\/inicio\/index.php\/wp-json\/wp\/v2\/comments?post=215593"}],"version-history":[{"count":1,"href":"https:\/\/diariotextual.com\/inicio\/index.php\/wp-json\/wp\/v2\/posts\/215593\/revisions"}],"predecessor-version":[{"id":215594,"href":"https:\/\/diariotextual.com\/inicio\/index.php\/wp-json\/wp\/v2\/posts\/215593\/revisions\/215594"}],"wp:featuredmedia":[{"embeddable":true,"href":"https:\/\/diariotextual.com\/inicio\/index.php\/wp-json\/wp\/v2\/media\/113799"}],"wp:attachment":[{"href":"https:\/\/diariotextual.com\/inicio\/index.php\/wp-json\/wp\/v2\/media?parent=215593"}],"wp:term":[{"taxonomy":"category","embeddable":true,"href":"https:\/\/diariotextual.com\/inicio\/index.php\/wp-json\/wp\/v2\/categories?post=215593"},{"taxonomy":"post_tag","embeddable":true,"href":"https:\/\/diariotextual.com\/inicio\/index.php\/wp-json\/wp\/v2\/tags?post=215593"}],"curies":[{"name":"wp","href":"https:\/\/api.w.org\/{rel}","templated":true}]}}