{"id":215752,"date":"2023-02-12T11:01:47","date_gmt":"2023-02-12T14:01:47","guid":{"rendered":"https:\/\/diariotextual.com\/inicio\/?p=215752"},"modified":"2023-02-12T19:38:05","modified_gmt":"2023-02-12T22:38:05","slug":"martin-ardohain-estamos-convencidos-que-vamos-a-gobernar-la-ciudad-y-la-pampa","status":"publish","type":"post","link":"https:\/\/diariotextual.com\/inicio\/index.php\/2023\/02\/12\/martin-ardohain-estamos-convencidos-que-vamos-a-gobernar-la-ciudad-y-la-pampa\/","title":{"rendered":"Ardohain: \u201cEstamos convencidos de que vamos a gobernar la ciudad y La Pampa\u201d"},"content":{"rendered":"\n<p><strong>Mart\u00edn Miguel Ardohain<\/strong> (Lista L Juntos por Santa Rosa), precandidato a intendente de Santa Rosa por el PRO, vot\u00f3 a las 10.35 horas y dijo que \u201cla gente se dio cuenta de la importancia que tiene esta elecci\u00f3n para que el 12 de febrero empecemos a hacer historia\u201d.<\/p>\n\n\n\n<p>Hoy en la capital provincial Juntos por el Cambio dirime la candidatura a intendente entre dos radicales, Federico Iv\u00e1n Roitman (Lista K Podemos +) y Francisco Javier Torroba (Lista M Cambiemos Santa Rosa) y uno del PRO, Mart\u00edn Miguel Ardohain (Lista L Juntos por Santa Rosa). El vencedor enfrentar\u00e1 al actual jefe comunal, Luciano di N\u00e1poli (PJ-La C\u00e1mpora).<\/p>\n\n\n\n<p>\u201cLa gente est\u00e1 pidiendo que JxC est\u00e9 junto y sea una opci\u00f3n de gobierno. No pudimos lograr la lista de unidad, pero los tres candidatos estamos en el mismo proyecto, con variables. Lo importante es que JxC va a ser una opci\u00f3n en mayo y <strong>estamos convencidos que vamos a gobernar la ciudad y La Pampa\u201d,<\/strong> dijo a la prensa.<\/p>\n\n\n\n<p>Coincidi\u00f3 con Torroba que cualquier candidato de Juntos le puede ganar a Di N\u00e1poli. <strong>\u201cLa ciudad est\u00e1 muy mal en muchos sentidos, nos duele y no nos conforma. Luciano es un buen candidato para el partido que gobierna, pero no para la gente. Creo que tenemos muchas posibilidades si seguimos y trabajamos juntos de cambiar el signo pol\u00edtico en mayo\u201d<\/strong>, sostuvo.<\/p>\n\n\n\n<figure class=\"wp-block-embed is-type-wp-embed is-provider-diario-textual wp-block-embed-diario-textual\"><div class=\"wp-block-embed__wrapper\">\n<blockquote class=\"wp-embedded-content\" data-secret=\"YtQRmtEEMT\"><a href=\"https:\/\/diariotextual.com\/inicio\/index.php\/2023\/02\/12\/voto-federico-roitman-ojala-triunfe-la-renovacion\/\">Vot\u00f3 Federico Roitman: \u201cOjal\u00e1 triunfe la renovaci\u00f3n\u201d<\/a><\/blockquote><iframe class=\"wp-embedded-content\" sandbox=\"allow-scripts\" security=\"restricted\" style=\"position: absolute; clip: rect(1px, 1px, 1px, 1px);\" title=\"\u00abVot\u00f3 Federico Roitman: \u201cOjal\u00e1 triunfe la renovaci\u00f3n\u201d\u00bb \u2014 Diario Textual\" src=\"https:\/\/diariotextual.com\/inicio\/index.php\/2023\/02\/12\/voto-federico-roitman-ojala-triunfe-la-renovacion\/embed\/#?secret=xACEp7dM9v#?secret=YtQRmtEEMT\" data-secret=\"YtQRmtEEMT\" width=\"600\" height=\"338\" frameborder=\"0\" marginwidth=\"0\" marginheight=\"0\" scrolling=\"no\"><\/iframe>\n<\/div><\/figure>\n\n\n\n<figure class=\"wp-block-embed is-type-wp-embed is-provider-diario-textual wp-block-embed-diario-textual\"><div class=\"wp-block-embed__wrapper\">\n<blockquote class=\"wp-embedded-content\" data-secret=\"b0YOvYhLmz\"><a href=\"https:\/\/diariotextual.com\/inicio\/index.php\/2023\/02\/12\/torroba-cualquiera-de-los-precandidatos-de-jxc-puede-ganarle-a-di-napoli\/\">Torroba: \u201ccualquiera de los precandidatos de JxC puede ganarle a Di N\u00e1poli\u201d<\/a><\/blockquote><iframe class=\"wp-embedded-content\" sandbox=\"allow-scripts\" security=\"restricted\" style=\"position: absolute; clip: rect(1px, 1px, 1px, 1px);\" title=\"\u00abTorroba: \u201ccualquiera de los precandidatos de JxC puede ganarle a Di N\u00e1poli\u201d\u00bb \u2014 Diario Textual\" src=\"https:\/\/diariotextual.com\/inicio\/index.php\/2023\/02\/12\/torroba-cualquiera-de-los-precandidatos-de-jxc-puede-ganarle-a-di-napoli\/embed\/#?secret=5YDrVl2g72#?secret=b0YOvYhLmz\" data-secret=\"b0YOvYhLmz\" width=\"600\" height=\"338\" frameborder=\"0\" marginwidth=\"0\" marginheight=\"0\" scrolling=\"no\"><\/iframe>\n<\/div><\/figure>\n","protected":false},"excerpt":{"rendered":"<p>Mart\u00edn Miguel Ardohain (Lista L Juntos por Santa Rosa), precandidato a intendente de Santa Rosa por el PRO, vot\u00f3 a las 10.35 horas y dijo que \u201cla gente se dio&hellip;<\/p>\n","protected":false},"author":4,"featured_media":215774,"comment_status":"closed","ping_status":"open","sticky":false,"template":"","format":"standard","meta":{"_acf_changed":false,"footnotes":""},"categories":[1,8],"tags":[],"class_list":["post-215752","post","type-post","status-publish","format-standard","has-post-thumbnail","hentry","category-es-noticia","category-politica"],"acf":[],"yoast_head":"<!-- This site is optimized with the Yoast SEO plugin v27.5 - https:\/\/yoast.com\/product\/yoast-seo-wordpress\/ -->\n<title>Ardohain: \u201cEstamos convencidos de que vamos a gobernar la ciudad y La Pampa\u201d - Diario Textual<\/title>\n<meta name=\"robots\" content=\"index, follow, max-snippet:-1, max-image-preview:large, max-video-preview:-1\" \/>\n<link rel=\"canonical\" href=\"https:\/\/diariotextual.com\/inicio\/index.php\/2023\/02\/12\/martin-ardohain-estamos-convencidos-que-vamos-a-gobernar-la-ciudad-y-la-pampa\/\" \/>\n<meta property=\"og:locale\" content=\"es_ES\" \/>\n<meta property=\"og:type\" content=\"article\" \/>\n<meta property=\"og:title\" content=\"Ardohain: \u201cEstamos convencidos de que vamos a gobernar la ciudad y La Pampa\u201d - Diario Textual\" \/>\n<meta property=\"og:description\" content=\"Mart\u00edn Miguel Ardohain (Lista L Juntos por Santa Rosa), precandidato a intendente de Santa Rosa por el PRO, vot\u00f3 a las 10.35 horas y dijo que \u201cla gente se dio&hellip;\" \/>\n<meta property=\"og:url\" content=\"https:\/\/diariotextual.com\/inicio\/index.php\/2023\/02\/12\/martin-ardohain-estamos-convencidos-que-vamos-a-gobernar-la-ciudad-y-la-pampa\/\" \/>\n<meta property=\"og:site_name\" content=\"Diario Textual\" \/>\n<meta property=\"article:publisher\" content=\"https:\/\/www.facebook.com\/eltextual\" \/>\n<meta property=\"article:published_time\" content=\"2023-02-12T14:01:47+00:00\" \/>\n<meta property=\"article:modified_time\" content=\"2023-02-12T22:38:05+00:00\" \/>\n<meta property=\"og:image\" content=\"https:\/\/diariotextual.com\/inicio\/wp-content\/uploads\/2023\/02\/ardohainmartin2023-2.jpeg\" \/>\n\t<meta property=\"og:image:width\" content=\"1023\" \/>\n\t<meta property=\"og:image:height\" content=\"666\" \/>\n\t<meta property=\"og:image:type\" content=\"image\/jpeg\" \/>\n<meta name=\"author\" content=\"diario2\" \/>\n<meta name=\"twitter:card\" content=\"summary_large_image\" \/>\n<meta name=\"twitter:creator\" content=\"@eltextual\" \/>\n<meta name=\"twitter:site\" content=\"@eltextual\" \/>\n<meta name=\"twitter:label1\" content=\"Escrito por\" \/>\n\t<meta name=\"twitter:data1\" content=\"diario2\" \/>\n\t<meta name=\"twitter:label2\" content=\"Tiempo de lectura\" \/>\n\t<meta name=\"twitter:data2\" content=\"2 minutos\" \/>\n<script type=\"application\/ld+json\" class=\"yoast-schema-graph\">{\"@context\":\"https:\\\/\\\/schema.org\",\"@graph\":[{\"@type\":\"Article\",\"@id\":\"https:\\\/\\\/diariotextual.com\\\/inicio\\\/index.php\\\/2023\\\/02\\\/12\\\/martin-ardohain-estamos-convencidos-que-vamos-a-gobernar-la-ciudad-y-la-pampa\\\/#article\",\"isPartOf\":{\"@id\":\"https:\\\/\\\/diariotextual.com\\\/inicio\\\/index.php\\\/2023\\\/02\\\/12\\\/martin-ardohain-estamos-convencidos-que-vamos-a-gobernar-la-ciudad-y-la-pampa\\\/\"},\"author\":{\"name\":\"diario2\",\"@id\":\"https:\\\/\\\/diariotextual.com\\\/inicio\\\/#\\\/schema\\\/person\\\/694f60677f23c4a530867a98f22b3768\"},\"headline\":\"Ardohain: \u201cEstamos convencidos de que vamos a gobernar la ciudad y La Pampa\u201d\",\"datePublished\":\"2023-02-12T14:01:47+00:00\",\"dateModified\":\"2023-02-12T22:38:05+00:00\",\"mainEntityOfPage\":{\"@id\":\"https:\\\/\\\/diariotextual.com\\\/inicio\\\/index.php\\\/2023\\\/02\\\/12\\\/martin-ardohain-estamos-convencidos-que-vamos-a-gobernar-la-ciudad-y-la-pampa\\\/\"},\"wordCount\":261,\"publisher\":{\"@id\":\"https:\\\/\\\/diariotextual.com\\\/inicio\\\/#organization\"},\"image\":{\"@id\":\"https:\\\/\\\/diariotextual.com\\\/inicio\\\/index.php\\\/2023\\\/02\\\/12\\\/martin-ardohain-estamos-convencidos-que-vamos-a-gobernar-la-ciudad-y-la-pampa\\\/#primaryimage\"},\"thumbnailUrl\":\"https:\\\/\\\/diariotextual.com\\\/inicio\\\/wp-content\\\/uploads\\\/2023\\\/02\\\/ardohainmartin2023-2.jpeg\",\"articleSection\":[\"A - ES NOTICIA (van abajo)\",\"POLITICA\"],\"inLanguage\":\"es\"},{\"@type\":\"WebPage\",\"@id\":\"https:\\\/\\\/diariotextual.com\\\/inicio\\\/index.php\\\/2023\\\/02\\\/12\\\/martin-ardohain-estamos-convencidos-que-vamos-a-gobernar-la-ciudad-y-la-pampa\\\/\",\"url\":\"https:\\\/\\\/diariotextual.com\\\/inicio\\\/index.php\\\/2023\\\/02\\\/12\\\/martin-ardohain-estamos-convencidos-que-vamos-a-gobernar-la-ciudad-y-la-pampa\\\/\",\"name\":\"Ardohain: \u201cEstamos convencidos de que vamos a gobernar la ciudad y La Pampa\u201d - Diario Textual\",\"isPartOf\":{\"@id\":\"https:\\\/\\\/diariotextual.com\\\/inicio\\\/#website\"},\"primaryImageOfPage\":{\"@id\":\"https:\\\/\\\/diariotextual.com\\\/inicio\\\/index.php\\\/2023\\\/02\\\/12\\\/martin-ardohain-estamos-convencidos-que-vamos-a-gobernar-la-ciudad-y-la-pampa\\\/#primaryimage\"},\"image\":{\"@id\":\"https:\\\/\\\/diariotextual.com\\\/inicio\\\/index.php\\\/2023\\\/02\\\/12\\\/martin-ardohain-estamos-convencidos-que-vamos-a-gobernar-la-ciudad-y-la-pampa\\\/#primaryimage\"},\"thumbnailUrl\":\"https:\\\/\\\/diariotextual.com\\\/inicio\\\/wp-content\\\/uploads\\\/2023\\\/02\\\/ardohainmartin2023-2.jpeg\",\"datePublished\":\"2023-02-12T14:01:47+00:00\",\"dateModified\":\"2023-02-12T22:38:05+00:00\",\"breadcrumb\":{\"@id\":\"https:\\\/\\\/diariotextual.com\\\/inicio\\\/index.php\\\/2023\\\/02\\\/12\\\/martin-ardohain-estamos-convencidos-que-vamos-a-gobernar-la-ciudad-y-la-pampa\\\/#breadcrumb\"},\"inLanguage\":\"es\",\"potentialAction\":[{\"@type\":\"ReadAction\",\"target\":[\"https:\\\/\\\/diariotextual.com\\\/inicio\\\/index.php\\\/2023\\\/02\\\/12\\\/martin-ardohain-estamos-convencidos-que-vamos-a-gobernar-la-ciudad-y-la-pampa\\\/\"]}]},{\"@type\":\"ImageObject\",\"inLanguage\":\"es\",\"@id\":\"https:\\\/\\\/diariotextual.com\\\/inicio\\\/index.php\\\/2023\\\/02\\\/12\\\/martin-ardohain-estamos-convencidos-que-vamos-a-gobernar-la-ciudad-y-la-pampa\\\/#primaryimage\",\"url\":\"https:\\\/\\\/diariotextual.com\\\/inicio\\\/wp-content\\\/uploads\\\/2023\\\/02\\\/ardohainmartin2023-2.jpeg\",\"contentUrl\":\"https:\\\/\\\/diariotextual.com\\\/inicio\\\/wp-content\\\/uploads\\\/2023\\\/02\\\/ardohainmartin2023-2.jpeg\",\"width\":1023,\"height\":666},{\"@type\":\"BreadcrumbList\",\"@id\":\"https:\\\/\\\/diariotextual.com\\\/inicio\\\/index.php\\\/2023\\\/02\\\/12\\\/martin-ardohain-estamos-convencidos-que-vamos-a-gobernar-la-ciudad-y-la-pampa\\\/#breadcrumb\",\"itemListElement\":[{\"@type\":\"ListItem\",\"position\":1,\"name\":\"Portada\",\"item\":\"https:\\\/\\\/diariotextual.com\\\/inicio\\\/\"},{\"@type\":\"ListItem\",\"position\":2,\"name\":\"Ardohain: \u201cEstamos convencidos de que vamos a gobernar la ciudad y La Pampa\u201d\"}]},{\"@type\":\"WebSite\",\"@id\":\"https:\\\/\\\/diariotextual.com\\\/inicio\\\/#website\",\"url\":\"https:\\\/\\\/diariotextual.com\\\/inicio\\\/\",\"name\":\"Diario Textual\",\"description\":\"\",\"publisher\":{\"@id\":\"https:\\\/\\\/diariotextual.com\\\/inicio\\\/#organization\"},\"potentialAction\":[{\"@type\":\"SearchAction\",\"target\":{\"@type\":\"EntryPoint\",\"urlTemplate\":\"https:\\\/\\\/diariotextual.com\\\/inicio\\\/?s={search_term_string}\"},\"query-input\":{\"@type\":\"PropertyValueSpecification\",\"valueRequired\":true,\"valueName\":\"search_term_string\"}}],\"inLanguage\":\"es\"},{\"@type\":\"Organization\",\"@id\":\"https:\\\/\\\/diariotextual.com\\\/inicio\\\/#organization\",\"name\":\"Diario Textual\",\"url\":\"https:\\\/\\\/diariotextual.com\\\/inicio\\\/\",\"logo\":{\"@type\":\"ImageObject\",\"inLanguage\":\"es\",\"@id\":\"https:\\\/\\\/diariotextual.com\\\/inicio\\\/#\\\/schema\\\/logo\\\/image\\\/\",\"url\":\"https:\\\/\\\/diariotextual.com\\\/inicio\\\/wp-content\\\/uploads\\\/2023\\\/05\\\/logotextual1.jpg\",\"contentUrl\":\"https:\\\/\\\/diariotextual.com\\\/inicio\\\/wp-content\\\/uploads\\\/2023\\\/05\\\/logotextual1.jpg\",\"width\":516,\"height\":76,\"caption\":\"Diario Textual\"},\"image\":{\"@id\":\"https:\\\/\\\/diariotextual.com\\\/inicio\\\/#\\\/schema\\\/logo\\\/image\\\/\"},\"sameAs\":[\"https:\\\/\\\/www.facebook.com\\\/eltextual\",\"https:\\\/\\\/x.com\\\/eltextual\",\"http:\\\/\\\/www.instagram.com\\\/eltextual\"]},{\"@type\":\"Person\",\"@id\":\"https:\\\/\\\/diariotextual.com\\\/inicio\\\/#\\\/schema\\\/person\\\/694f60677f23c4a530867a98f22b3768\",\"name\":\"diario2\",\"image\":{\"@type\":\"ImageObject\",\"inLanguage\":\"es\",\"@id\":\"https:\\\/\\\/secure.gravatar.com\\\/avatar\\\/5a2567495ba16b852fcd8f1ed006a2e24fcace936018ed8237e95f488ad6e0a7?s=96&d=mm&r=g\",\"url\":\"https:\\\/\\\/secure.gravatar.com\\\/avatar\\\/5a2567495ba16b852fcd8f1ed006a2e24fcace936018ed8237e95f488ad6e0a7?s=96&d=mm&r=g\",\"contentUrl\":\"https:\\\/\\\/secure.gravatar.com\\\/avatar\\\/5a2567495ba16b852fcd8f1ed006a2e24fcace936018ed8237e95f488ad6e0a7?s=96&d=mm&r=g\",\"caption\":\"diario2\"},\"url\":\"https:\\\/\\\/diariotextual.com\\\/inicio\\\/index.php\\\/author\\\/diario2\\\/\"}]}<\/script>\n<!-- \/ Yoast SEO plugin. -->","yoast_head_json":{"title":"Ardohain: \u201cEstamos convencidos de que vamos a gobernar la ciudad y La Pampa\u201d - Diario Textual","robots":{"index":"index","follow":"follow","max-snippet":"max-snippet:-1","max-image-preview":"max-image-preview:large","max-video-preview":"max-video-preview:-1"},"canonical":"https:\/\/diariotextual.com\/inicio\/index.php\/2023\/02\/12\/martin-ardohain-estamos-convencidos-que-vamos-a-gobernar-la-ciudad-y-la-pampa\/","og_locale":"es_ES","og_type":"article","og_title":"Ardohain: \u201cEstamos convencidos de que vamos a gobernar la ciudad y La Pampa\u201d - Diario Textual","og_description":"Mart\u00edn Miguel Ardohain (Lista L Juntos por Santa Rosa), precandidato a intendente de Santa Rosa por el PRO, vot\u00f3 a las 10.35 horas y dijo que \u201cla gente se dio&hellip;","og_url":"https:\/\/diariotextual.com\/inicio\/index.php\/2023\/02\/12\/martin-ardohain-estamos-convencidos-que-vamos-a-gobernar-la-ciudad-y-la-pampa\/","og_site_name":"Diario Textual","article_publisher":"https:\/\/www.facebook.com\/eltextual","article_published_time":"2023-02-12T14:01:47+00:00","article_modified_time":"2023-02-12T22:38:05+00:00","og_image":[{"width":1023,"height":666,"url":"https:\/\/diariotextual.com\/inicio\/wp-content\/uploads\/2023\/02\/ardohainmartin2023-2.jpeg","type":"image\/jpeg"}],"author":"diario2","twitter_card":"summary_large_image","twitter_creator":"@eltextual","twitter_site":"@eltextual","twitter_misc":{"Escrito por":"diario2","Tiempo de lectura":"2 minutos"},"schema":{"@context":"https:\/\/schema.org","@graph":[{"@type":"Article","@id":"https:\/\/diariotextual.com\/inicio\/index.php\/2023\/02\/12\/martin-ardohain-estamos-convencidos-que-vamos-a-gobernar-la-ciudad-y-la-pampa\/#article","isPartOf":{"@id":"https:\/\/diariotextual.com\/inicio\/index.php\/2023\/02\/12\/martin-ardohain-estamos-convencidos-que-vamos-a-gobernar-la-ciudad-y-la-pampa\/"},"author":{"name":"diario2","@id":"https:\/\/diariotextual.com\/inicio\/#\/schema\/person\/694f60677f23c4a530867a98f22b3768"},"headline":"Ardohain: \u201cEstamos convencidos de que vamos a gobernar la ciudad y La Pampa\u201d","datePublished":"2023-02-12T14:01:47+00:00","dateModified":"2023-02-12T22:38:05+00:00","mainEntityOfPage":{"@id":"https:\/\/diariotextual.com\/inicio\/index.php\/2023\/02\/12\/martin-ardohain-estamos-convencidos-que-vamos-a-gobernar-la-ciudad-y-la-pampa\/"},"wordCount":261,"publisher":{"@id":"https:\/\/diariotextual.com\/inicio\/#organization"},"image":{"@id":"https:\/\/diariotextual.com\/inicio\/index.php\/2023\/02\/12\/martin-ardohain-estamos-convencidos-que-vamos-a-gobernar-la-ciudad-y-la-pampa\/#primaryimage"},"thumbnailUrl":"https:\/\/diariotextual.com\/inicio\/wp-content\/uploads\/2023\/02\/ardohainmartin2023-2.jpeg","articleSection":["A - ES NOTICIA (van abajo)","POLITICA"],"inLanguage":"es"},{"@type":"WebPage","@id":"https:\/\/diariotextual.com\/inicio\/index.php\/2023\/02\/12\/martin-ardohain-estamos-convencidos-que-vamos-a-gobernar-la-ciudad-y-la-pampa\/","url":"https:\/\/diariotextual.com\/inicio\/index.php\/2023\/02\/12\/martin-ardohain-estamos-convencidos-que-vamos-a-gobernar-la-ciudad-y-la-pampa\/","name":"Ardohain: \u201cEstamos convencidos de que vamos a gobernar la ciudad y La Pampa\u201d - Diario Textual","isPartOf":{"@id":"https:\/\/diariotextual.com\/inicio\/#website"},"primaryImageOfPage":{"@id":"https:\/\/diariotextual.com\/inicio\/index.php\/2023\/02\/12\/martin-ardohain-estamos-convencidos-que-vamos-a-gobernar-la-ciudad-y-la-pampa\/#primaryimage"},"image":{"@id":"https:\/\/diariotextual.com\/inicio\/index.php\/2023\/02\/12\/martin-ardohain-estamos-convencidos-que-vamos-a-gobernar-la-ciudad-y-la-pampa\/#primaryimage"},"thumbnailUrl":"https:\/\/diariotextual.com\/inicio\/wp-content\/uploads\/2023\/02\/ardohainmartin2023-2.jpeg","datePublished":"2023-02-12T14:01:47+00:00","dateModified":"2023-02-12T22:38:05+00:00","breadcrumb":{"@id":"https:\/\/diariotextual.com\/inicio\/index.php\/2023\/02\/12\/martin-ardohain-estamos-convencidos-que-vamos-a-gobernar-la-ciudad-y-la-pampa\/#breadcrumb"},"inLanguage":"es","potentialAction":[{"@type":"ReadAction","target":["https:\/\/diariotextual.com\/inicio\/index.php\/2023\/02\/12\/martin-ardohain-estamos-convencidos-que-vamos-a-gobernar-la-ciudad-y-la-pampa\/"]}]},{"@type":"ImageObject","inLanguage":"es","@id":"https:\/\/diariotextual.com\/inicio\/index.php\/2023\/02\/12\/martin-ardohain-estamos-convencidos-que-vamos-a-gobernar-la-ciudad-y-la-pampa\/#primaryimage","url":"https:\/\/diariotextual.com\/inicio\/wp-content\/uploads\/2023\/02\/ardohainmartin2023-2.jpeg","contentUrl":"https:\/\/diariotextual.com\/inicio\/wp-content\/uploads\/2023\/02\/ardohainmartin2023-2.jpeg","width":1023,"height":666},{"@type":"BreadcrumbList","@id":"https:\/\/diariotextual.com\/inicio\/index.php\/2023\/02\/12\/martin-ardohain-estamos-convencidos-que-vamos-a-gobernar-la-ciudad-y-la-pampa\/#breadcrumb","itemListElement":[{"@type":"ListItem","position":1,"name":"Portada","item":"https:\/\/diariotextual.com\/inicio\/"},{"@type":"ListItem","position":2,"name":"Ardohain: \u201cEstamos convencidos de que vamos a gobernar la ciudad y La Pampa\u201d"}]},{"@type":"WebSite","@id":"https:\/\/diariotextual.com\/inicio\/#website","url":"https:\/\/diariotextual.com\/inicio\/","name":"Diario Textual","description":"","publisher":{"@id":"https:\/\/diariotextual.com\/inicio\/#organization"},"potentialAction":[{"@type":"SearchAction","target":{"@type":"EntryPoint","urlTemplate":"https:\/\/diariotextual.com\/inicio\/?s={search_term_string}"},"query-input":{"@type":"PropertyValueSpecification","valueRequired":true,"valueName":"search_term_string"}}],"inLanguage":"es"},{"@type":"Organization","@id":"https:\/\/diariotextual.com\/inicio\/#organization","name":"Diario Textual","url":"https:\/\/diariotextual.com\/inicio\/","logo":{"@type":"ImageObject","inLanguage":"es","@id":"https:\/\/diariotextual.com\/inicio\/#\/schema\/logo\/image\/","url":"https:\/\/diariotextual.com\/inicio\/wp-content\/uploads\/2023\/05\/logotextual1.jpg","contentUrl":"https:\/\/diariotextual.com\/inicio\/wp-content\/uploads\/2023\/05\/logotextual1.jpg","width":516,"height":76,"caption":"Diario Textual"},"image":{"@id":"https:\/\/diariotextual.com\/inicio\/#\/schema\/logo\/image\/"},"sameAs":["https:\/\/www.facebook.com\/eltextual","https:\/\/x.com\/eltextual","http:\/\/www.instagram.com\/eltextual"]},{"@type":"Person","@id":"https:\/\/diariotextual.com\/inicio\/#\/schema\/person\/694f60677f23c4a530867a98f22b3768","name":"diario2","image":{"@type":"ImageObject","inLanguage":"es","@id":"https:\/\/secure.gravatar.com\/avatar\/5a2567495ba16b852fcd8f1ed006a2e24fcace936018ed8237e95f488ad6e0a7?s=96&d=mm&r=g","url":"https:\/\/secure.gravatar.com\/avatar\/5a2567495ba16b852fcd8f1ed006a2e24fcace936018ed8237e95f488ad6e0a7?s=96&d=mm&r=g","contentUrl":"https:\/\/secure.gravatar.com\/avatar\/5a2567495ba16b852fcd8f1ed006a2e24fcace936018ed8237e95f488ad6e0a7?s=96&d=mm&r=g","caption":"diario2"},"url":"https:\/\/diariotextual.com\/inicio\/index.php\/author\/diario2\/"}]}},"_links":{"self":[{"href":"https:\/\/diariotextual.com\/inicio\/index.php\/wp-json\/wp\/v2\/posts\/215752","targetHints":{"allow":["GET"]}}],"collection":[{"href":"https:\/\/diariotextual.com\/inicio\/index.php\/wp-json\/wp\/v2\/posts"}],"about":[{"href":"https:\/\/diariotextual.com\/inicio\/index.php\/wp-json\/wp\/v2\/types\/post"}],"author":[{"embeddable":true,"href":"https:\/\/diariotextual.com\/inicio\/index.php\/wp-json\/wp\/v2\/users\/4"}],"replies":[{"embeddable":true,"href":"https:\/\/diariotextual.com\/inicio\/index.php\/wp-json\/wp\/v2\/comments?post=215752"}],"version-history":[{"count":4,"href":"https:\/\/diariotextual.com\/inicio\/index.php\/wp-json\/wp\/v2\/posts\/215752\/revisions"}],"predecessor-version":[{"id":215773,"href":"https:\/\/diariotextual.com\/inicio\/index.php\/wp-json\/wp\/v2\/posts\/215752\/revisions\/215773"}],"wp:featuredmedia":[{"embeddable":true,"href":"https:\/\/diariotextual.com\/inicio\/index.php\/wp-json\/wp\/v2\/media\/215774"}],"wp:attachment":[{"href":"https:\/\/diariotextual.com\/inicio\/index.php\/wp-json\/wp\/v2\/media?parent=215752"}],"wp:term":[{"taxonomy":"category","embeddable":true,"href":"https:\/\/diariotextual.com\/inicio\/index.php\/wp-json\/wp\/v2\/categories?post=215752"},{"taxonomy":"post_tag","embeddable":true,"href":"https:\/\/diariotextual.com\/inicio\/index.php\/wp-json\/wp\/v2\/tags?post=215752"}],"curies":[{"name":"wp","href":"https:\/\/api.w.org\/{rel}","templated":true}]}}