{"id":215827,"date":"2023-02-12T19:31:03","date_gmt":"2023-02-12T22:31:03","guid":{"rendered":"https:\/\/diariotextual.com\/inicio\/?p=215827"},"modified":"2023-02-12T19:31:05","modified_gmt":"2023-02-12T22:31:05","slug":"calor-extremo-mortandad-de-peces-en-la-laguna-don-tomas-de-santa-rosa","status":"publish","type":"post","link":"https:\/\/diariotextual.com\/inicio\/index.php\/2023\/02\/12\/calor-extremo-mortandad-de-peces-en-la-laguna-don-tomas-de-santa-rosa\/","title":{"rendered":"Calor extremo: mortandad de peces en la laguna Don Tom\u00e1s de Santa Rosa"},"content":{"rendered":"\n<p>Ante la <strong>aparici\u00f3n de pejerreyes muertos en la laguna Don Tom\u00e1s de Santa Rosa<\/strong>, la Secretar\u00eda de Recursos H\u00eddricos junto a la municipalidad de Santa Rosa, la municipalidad de Toay, la Subsecretar\u00eda de Ambiente, e interconsultas con especialistas de la UNLPam., Omar David Del Ponti, abord\u00f3 la situaci\u00f3n, con el objetivo de <strong>determinar la causa de la mortandad de los ejemplares. \u00a0<\/strong><\/p>\n\n\n\n<p>Las partes tomaron intervenci\u00f3n r\u00e1pidamente y en el lugar se hicieron presentes personal del municipio de Santa Rosa quienes se encargan de diagnosticar la situaci\u00f3n, adem\u00e1s de recolectar y retirar los ejemplares muertos.<\/p>\n\n\n\n<p>Una situaci\u00f3n similar se registr\u00f3 en la laguna del Bajo Giuliani durante esta semana producto de las elevadas temperaturas. Esta situaci\u00f3n particular sucede en cuerpos de agua lagunares pamp\u00e1sicos con frecuencia en el verano y ante el <strong>estr\u00e9s generado por las elevadas temperaturas constantes y la disminuci\u00f3n de ox\u00edgeno disuelto en el agua por las noches, que conduce a mortandades como las registradas. <\/strong>Situaci\u00f3n esperable y que se manifiesta en algunos otros cuerpos superficiales del pa\u00eds simult\u00e1neamente debido a estas condiciones extremas de temperatura.<\/p>\n\n\n\n<p>Este trabajo se lleva a cabo en conjunto dentro del marco del convenio de Monitoreo de la Cuenca H\u00eddrica Don Tom\u00e1s, Bajo Giuliani y \u00c1reas de Conexiones H\u00eddricas. &nbsp;<\/p>\n","protected":false},"excerpt":{"rendered":"<p>Ante la aparici\u00f3n de pejerreyes muertos en la laguna Don Tom\u00e1s de Santa Rosa, la Secretar\u00eda de Recursos H\u00eddricos junto a la municipalidad de Santa Rosa, la municipalidad de Toay,&hellip;<\/p>\n","protected":false},"author":4,"featured_media":215829,"comment_status":"closed","ping_status":"open","sticky":false,"template":"","format":"standard","meta":{"_acf_changed":false,"footnotes":""},"categories":[1,12],"tags":[],"class_list":["post-215827","post","type-post","status-publish","format-standard","has-post-thumbnail","hentry","category-es-noticia","category-sociedad"],"acf":[],"yoast_head":"<!-- This site is optimized with the Yoast SEO plugin v27.5 - https:\/\/yoast.com\/product\/yoast-seo-wordpress\/ -->\n<title>Calor extremo: mortandad de peces en la laguna Don Tom\u00e1s de Santa Rosa - Diario Textual<\/title>\n<meta name=\"robots\" content=\"index, follow, max-snippet:-1, max-image-preview:large, max-video-preview:-1\" \/>\n<link rel=\"canonical\" href=\"https:\/\/diariotextual.com\/inicio\/index.php\/2023\/02\/12\/calor-extremo-mortandad-de-peces-en-la-laguna-don-tomas-de-santa-rosa\/\" \/>\n<meta property=\"og:locale\" content=\"es_ES\" \/>\n<meta property=\"og:type\" content=\"article\" \/>\n<meta property=\"og:title\" content=\"Calor extremo: mortandad de peces en la laguna Don Tom\u00e1s de Santa Rosa - Diario Textual\" \/>\n<meta property=\"og:description\" content=\"Ante la aparici\u00f3n de pejerreyes muertos en la laguna Don Tom\u00e1s de Santa Rosa, la Secretar\u00eda de Recursos H\u00eddricos junto a la municipalidad de Santa Rosa, la municipalidad de Toay,&hellip;\" \/>\n<meta property=\"og:url\" content=\"https:\/\/diariotextual.com\/inicio\/index.php\/2023\/02\/12\/calor-extremo-mortandad-de-peces-en-la-laguna-don-tomas-de-santa-rosa\/\" \/>\n<meta property=\"og:site_name\" content=\"Diario Textual\" \/>\n<meta property=\"article:publisher\" content=\"https:\/\/www.facebook.com\/eltextual\" \/>\n<meta property=\"article:published_time\" content=\"2023-02-12T22:31:03+00:00\" \/>\n<meta property=\"article:modified_time\" content=\"2023-02-12T22:31:05+00:00\" \/>\n<meta property=\"og:image\" content=\"https:\/\/diariotextual.com\/inicio\/wp-content\/uploads\/2023\/02\/PECESMUERTOSLAGUNADONTOMAS22.jpg\" \/>\n\t<meta property=\"og:image:width\" content=\"900\" \/>\n\t<meta property=\"og:image:height\" content=\"507\" \/>\n\t<meta property=\"og:image:type\" content=\"image\/jpeg\" \/>\n<meta name=\"author\" content=\"diario2\" \/>\n<meta name=\"twitter:card\" content=\"summary_large_image\" \/>\n<meta name=\"twitter:creator\" content=\"@eltextual\" \/>\n<meta name=\"twitter:site\" content=\"@eltextual\" \/>\n<meta name=\"twitter:label1\" content=\"Escrito por\" \/>\n\t<meta name=\"twitter:data1\" content=\"diario2\" \/>\n\t<meta name=\"twitter:label2\" content=\"Tiempo de lectura\" \/>\n\t<meta name=\"twitter:data2\" content=\"1 minuto\" \/>\n<script type=\"application\/ld+json\" class=\"yoast-schema-graph\">{\"@context\":\"https:\\\/\\\/schema.org\",\"@graph\":[{\"@type\":\"Article\",\"@id\":\"https:\\\/\\\/diariotextual.com\\\/inicio\\\/index.php\\\/2023\\\/02\\\/12\\\/calor-extremo-mortandad-de-peces-en-la-laguna-don-tomas-de-santa-rosa\\\/#article\",\"isPartOf\":{\"@id\":\"https:\\\/\\\/diariotextual.com\\\/inicio\\\/index.php\\\/2023\\\/02\\\/12\\\/calor-extremo-mortandad-de-peces-en-la-laguna-don-tomas-de-santa-rosa\\\/\"},\"author\":{\"name\":\"diario2\",\"@id\":\"https:\\\/\\\/diariotextual.com\\\/inicio\\\/#\\\/schema\\\/person\\\/694f60677f23c4a530867a98f22b3768\"},\"headline\":\"Calor extremo: mortandad de peces en la laguna Don Tom\u00e1s de Santa Rosa\",\"datePublished\":\"2023-02-12T22:31:03+00:00\",\"dateModified\":\"2023-02-12T22:31:05+00:00\",\"mainEntityOfPage\":{\"@id\":\"https:\\\/\\\/diariotextual.com\\\/inicio\\\/index.php\\\/2023\\\/02\\\/12\\\/calor-extremo-mortandad-de-peces-en-la-laguna-don-tomas-de-santa-rosa\\\/\"},\"wordCount\":243,\"publisher\":{\"@id\":\"https:\\\/\\\/diariotextual.com\\\/inicio\\\/#organization\"},\"image\":{\"@id\":\"https:\\\/\\\/diariotextual.com\\\/inicio\\\/index.php\\\/2023\\\/02\\\/12\\\/calor-extremo-mortandad-de-peces-en-la-laguna-don-tomas-de-santa-rosa\\\/#primaryimage\"},\"thumbnailUrl\":\"https:\\\/\\\/diariotextual.com\\\/inicio\\\/wp-content\\\/uploads\\\/2023\\\/02\\\/PECESMUERTOSLAGUNADONTOMAS22.jpg\",\"articleSection\":[\"A - ES NOTICIA (van abajo)\",\"SOCIEDAD\"],\"inLanguage\":\"es\"},{\"@type\":\"WebPage\",\"@id\":\"https:\\\/\\\/diariotextual.com\\\/inicio\\\/index.php\\\/2023\\\/02\\\/12\\\/calor-extremo-mortandad-de-peces-en-la-laguna-don-tomas-de-santa-rosa\\\/\",\"url\":\"https:\\\/\\\/diariotextual.com\\\/inicio\\\/index.php\\\/2023\\\/02\\\/12\\\/calor-extremo-mortandad-de-peces-en-la-laguna-don-tomas-de-santa-rosa\\\/\",\"name\":\"Calor extremo: mortandad de peces en la laguna Don Tom\u00e1s de Santa Rosa - Diario Textual\",\"isPartOf\":{\"@id\":\"https:\\\/\\\/diariotextual.com\\\/inicio\\\/#website\"},\"primaryImageOfPage\":{\"@id\":\"https:\\\/\\\/diariotextual.com\\\/inicio\\\/index.php\\\/2023\\\/02\\\/12\\\/calor-extremo-mortandad-de-peces-en-la-laguna-don-tomas-de-santa-rosa\\\/#primaryimage\"},\"image\":{\"@id\":\"https:\\\/\\\/diariotextual.com\\\/inicio\\\/index.php\\\/2023\\\/02\\\/12\\\/calor-extremo-mortandad-de-peces-en-la-laguna-don-tomas-de-santa-rosa\\\/#primaryimage\"},\"thumbnailUrl\":\"https:\\\/\\\/diariotextual.com\\\/inicio\\\/wp-content\\\/uploads\\\/2023\\\/02\\\/PECESMUERTOSLAGUNADONTOMAS22.jpg\",\"datePublished\":\"2023-02-12T22:31:03+00:00\",\"dateModified\":\"2023-02-12T22:31:05+00:00\",\"breadcrumb\":{\"@id\":\"https:\\\/\\\/diariotextual.com\\\/inicio\\\/index.php\\\/2023\\\/02\\\/12\\\/calor-extremo-mortandad-de-peces-en-la-laguna-don-tomas-de-santa-rosa\\\/#breadcrumb\"},\"inLanguage\":\"es\",\"potentialAction\":[{\"@type\":\"ReadAction\",\"target\":[\"https:\\\/\\\/diariotextual.com\\\/inicio\\\/index.php\\\/2023\\\/02\\\/12\\\/calor-extremo-mortandad-de-peces-en-la-laguna-don-tomas-de-santa-rosa\\\/\"]}]},{\"@type\":\"ImageObject\",\"inLanguage\":\"es\",\"@id\":\"https:\\\/\\\/diariotextual.com\\\/inicio\\\/index.php\\\/2023\\\/02\\\/12\\\/calor-extremo-mortandad-de-peces-en-la-laguna-don-tomas-de-santa-rosa\\\/#primaryimage\",\"url\":\"https:\\\/\\\/diariotextual.com\\\/inicio\\\/wp-content\\\/uploads\\\/2023\\\/02\\\/PECESMUERTOSLAGUNADONTOMAS22.jpg\",\"contentUrl\":\"https:\\\/\\\/diariotextual.com\\\/inicio\\\/wp-content\\\/uploads\\\/2023\\\/02\\\/PECESMUERTOSLAGUNADONTOMAS22.jpg\",\"width\":900,\"height\":507},{\"@type\":\"BreadcrumbList\",\"@id\":\"https:\\\/\\\/diariotextual.com\\\/inicio\\\/index.php\\\/2023\\\/02\\\/12\\\/calor-extremo-mortandad-de-peces-en-la-laguna-don-tomas-de-santa-rosa\\\/#breadcrumb\",\"itemListElement\":[{\"@type\":\"ListItem\",\"position\":1,\"name\":\"Portada\",\"item\":\"https:\\\/\\\/diariotextual.com\\\/inicio\\\/\"},{\"@type\":\"ListItem\",\"position\":2,\"name\":\"Calor extremo: mortandad de peces en la laguna Don Tom\u00e1s de Santa Rosa\"}]},{\"@type\":\"WebSite\",\"@id\":\"https:\\\/\\\/diariotextual.com\\\/inicio\\\/#website\",\"url\":\"https:\\\/\\\/diariotextual.com\\\/inicio\\\/\",\"name\":\"Diario Textual\",\"description\":\"\",\"publisher\":{\"@id\":\"https:\\\/\\\/diariotextual.com\\\/inicio\\\/#organization\"},\"potentialAction\":[{\"@type\":\"SearchAction\",\"target\":{\"@type\":\"EntryPoint\",\"urlTemplate\":\"https:\\\/\\\/diariotextual.com\\\/inicio\\\/?s={search_term_string}\"},\"query-input\":{\"@type\":\"PropertyValueSpecification\",\"valueRequired\":true,\"valueName\":\"search_term_string\"}}],\"inLanguage\":\"es\"},{\"@type\":\"Organization\",\"@id\":\"https:\\\/\\\/diariotextual.com\\\/inicio\\\/#organization\",\"name\":\"Diario Textual\",\"url\":\"https:\\\/\\\/diariotextual.com\\\/inicio\\\/\",\"logo\":{\"@type\":\"ImageObject\",\"inLanguage\":\"es\",\"@id\":\"https:\\\/\\\/diariotextual.com\\\/inicio\\\/#\\\/schema\\\/logo\\\/image\\\/\",\"url\":\"https:\\\/\\\/diariotextual.com\\\/inicio\\\/wp-content\\\/uploads\\\/2023\\\/05\\\/logotextual1.jpg\",\"contentUrl\":\"https:\\\/\\\/diariotextual.com\\\/inicio\\\/wp-content\\\/uploads\\\/2023\\\/05\\\/logotextual1.jpg\",\"width\":516,\"height\":76,\"caption\":\"Diario Textual\"},\"image\":{\"@id\":\"https:\\\/\\\/diariotextual.com\\\/inicio\\\/#\\\/schema\\\/logo\\\/image\\\/\"},\"sameAs\":[\"https:\\\/\\\/www.facebook.com\\\/eltextual\",\"https:\\\/\\\/x.com\\\/eltextual\",\"http:\\\/\\\/www.instagram.com\\\/eltextual\"]},{\"@type\":\"Person\",\"@id\":\"https:\\\/\\\/diariotextual.com\\\/inicio\\\/#\\\/schema\\\/person\\\/694f60677f23c4a530867a98f22b3768\",\"name\":\"diario2\",\"image\":{\"@type\":\"ImageObject\",\"inLanguage\":\"es\",\"@id\":\"https:\\\/\\\/secure.gravatar.com\\\/avatar\\\/5a2567495ba16b852fcd8f1ed006a2e24fcace936018ed8237e95f488ad6e0a7?s=96&d=mm&r=g\",\"url\":\"https:\\\/\\\/secure.gravatar.com\\\/avatar\\\/5a2567495ba16b852fcd8f1ed006a2e24fcace936018ed8237e95f488ad6e0a7?s=96&d=mm&r=g\",\"contentUrl\":\"https:\\\/\\\/secure.gravatar.com\\\/avatar\\\/5a2567495ba16b852fcd8f1ed006a2e24fcace936018ed8237e95f488ad6e0a7?s=96&d=mm&r=g\",\"caption\":\"diario2\"},\"url\":\"https:\\\/\\\/diariotextual.com\\\/inicio\\\/index.php\\\/author\\\/diario2\\\/\"}]}<\/script>\n<!-- \/ Yoast SEO plugin. -->","yoast_head_json":{"title":"Calor extremo: mortandad de peces en la laguna Don Tom\u00e1s de Santa Rosa - Diario Textual","robots":{"index":"index","follow":"follow","max-snippet":"max-snippet:-1","max-image-preview":"max-image-preview:large","max-video-preview":"max-video-preview:-1"},"canonical":"https:\/\/diariotextual.com\/inicio\/index.php\/2023\/02\/12\/calor-extremo-mortandad-de-peces-en-la-laguna-don-tomas-de-santa-rosa\/","og_locale":"es_ES","og_type":"article","og_title":"Calor extremo: mortandad de peces en la laguna Don Tom\u00e1s de Santa Rosa - Diario Textual","og_description":"Ante la aparici\u00f3n de pejerreyes muertos en la laguna Don Tom\u00e1s de Santa Rosa, la Secretar\u00eda de Recursos H\u00eddricos junto a la municipalidad de Santa Rosa, la municipalidad de Toay,&hellip;","og_url":"https:\/\/diariotextual.com\/inicio\/index.php\/2023\/02\/12\/calor-extremo-mortandad-de-peces-en-la-laguna-don-tomas-de-santa-rosa\/","og_site_name":"Diario Textual","article_publisher":"https:\/\/www.facebook.com\/eltextual","article_published_time":"2023-02-12T22:31:03+00:00","article_modified_time":"2023-02-12T22:31:05+00:00","og_image":[{"width":900,"height":507,"url":"https:\/\/diariotextual.com\/inicio\/wp-content\/uploads\/2023\/02\/PECESMUERTOSLAGUNADONTOMAS22.jpg","type":"image\/jpeg"}],"author":"diario2","twitter_card":"summary_large_image","twitter_creator":"@eltextual","twitter_site":"@eltextual","twitter_misc":{"Escrito por":"diario2","Tiempo de lectura":"1 minuto"},"schema":{"@context":"https:\/\/schema.org","@graph":[{"@type":"Article","@id":"https:\/\/diariotextual.com\/inicio\/index.php\/2023\/02\/12\/calor-extremo-mortandad-de-peces-en-la-laguna-don-tomas-de-santa-rosa\/#article","isPartOf":{"@id":"https:\/\/diariotextual.com\/inicio\/index.php\/2023\/02\/12\/calor-extremo-mortandad-de-peces-en-la-laguna-don-tomas-de-santa-rosa\/"},"author":{"name":"diario2","@id":"https:\/\/diariotextual.com\/inicio\/#\/schema\/person\/694f60677f23c4a530867a98f22b3768"},"headline":"Calor extremo: mortandad de peces en la laguna Don Tom\u00e1s de Santa Rosa","datePublished":"2023-02-12T22:31:03+00:00","dateModified":"2023-02-12T22:31:05+00:00","mainEntityOfPage":{"@id":"https:\/\/diariotextual.com\/inicio\/index.php\/2023\/02\/12\/calor-extremo-mortandad-de-peces-en-la-laguna-don-tomas-de-santa-rosa\/"},"wordCount":243,"publisher":{"@id":"https:\/\/diariotextual.com\/inicio\/#organization"},"image":{"@id":"https:\/\/diariotextual.com\/inicio\/index.php\/2023\/02\/12\/calor-extremo-mortandad-de-peces-en-la-laguna-don-tomas-de-santa-rosa\/#primaryimage"},"thumbnailUrl":"https:\/\/diariotextual.com\/inicio\/wp-content\/uploads\/2023\/02\/PECESMUERTOSLAGUNADONTOMAS22.jpg","articleSection":["A - ES NOTICIA (van abajo)","SOCIEDAD"],"inLanguage":"es"},{"@type":"WebPage","@id":"https:\/\/diariotextual.com\/inicio\/index.php\/2023\/02\/12\/calor-extremo-mortandad-de-peces-en-la-laguna-don-tomas-de-santa-rosa\/","url":"https:\/\/diariotextual.com\/inicio\/index.php\/2023\/02\/12\/calor-extremo-mortandad-de-peces-en-la-laguna-don-tomas-de-santa-rosa\/","name":"Calor extremo: mortandad de peces en la laguna Don Tom\u00e1s de Santa Rosa - Diario Textual","isPartOf":{"@id":"https:\/\/diariotextual.com\/inicio\/#website"},"primaryImageOfPage":{"@id":"https:\/\/diariotextual.com\/inicio\/index.php\/2023\/02\/12\/calor-extremo-mortandad-de-peces-en-la-laguna-don-tomas-de-santa-rosa\/#primaryimage"},"image":{"@id":"https:\/\/diariotextual.com\/inicio\/index.php\/2023\/02\/12\/calor-extremo-mortandad-de-peces-en-la-laguna-don-tomas-de-santa-rosa\/#primaryimage"},"thumbnailUrl":"https:\/\/diariotextual.com\/inicio\/wp-content\/uploads\/2023\/02\/PECESMUERTOSLAGUNADONTOMAS22.jpg","datePublished":"2023-02-12T22:31:03+00:00","dateModified":"2023-02-12T22:31:05+00:00","breadcrumb":{"@id":"https:\/\/diariotextual.com\/inicio\/index.php\/2023\/02\/12\/calor-extremo-mortandad-de-peces-en-la-laguna-don-tomas-de-santa-rosa\/#breadcrumb"},"inLanguage":"es","potentialAction":[{"@type":"ReadAction","target":["https:\/\/diariotextual.com\/inicio\/index.php\/2023\/02\/12\/calor-extremo-mortandad-de-peces-en-la-laguna-don-tomas-de-santa-rosa\/"]}]},{"@type":"ImageObject","inLanguage":"es","@id":"https:\/\/diariotextual.com\/inicio\/index.php\/2023\/02\/12\/calor-extremo-mortandad-de-peces-en-la-laguna-don-tomas-de-santa-rosa\/#primaryimage","url":"https:\/\/diariotextual.com\/inicio\/wp-content\/uploads\/2023\/02\/PECESMUERTOSLAGUNADONTOMAS22.jpg","contentUrl":"https:\/\/diariotextual.com\/inicio\/wp-content\/uploads\/2023\/02\/PECESMUERTOSLAGUNADONTOMAS22.jpg","width":900,"height":507},{"@type":"BreadcrumbList","@id":"https:\/\/diariotextual.com\/inicio\/index.php\/2023\/02\/12\/calor-extremo-mortandad-de-peces-en-la-laguna-don-tomas-de-santa-rosa\/#breadcrumb","itemListElement":[{"@type":"ListItem","position":1,"name":"Portada","item":"https:\/\/diariotextual.com\/inicio\/"},{"@type":"ListItem","position":2,"name":"Calor extremo: mortandad de peces en la laguna Don Tom\u00e1s de Santa Rosa"}]},{"@type":"WebSite","@id":"https:\/\/diariotextual.com\/inicio\/#website","url":"https:\/\/diariotextual.com\/inicio\/","name":"Diario Textual","description":"","publisher":{"@id":"https:\/\/diariotextual.com\/inicio\/#organization"},"potentialAction":[{"@type":"SearchAction","target":{"@type":"EntryPoint","urlTemplate":"https:\/\/diariotextual.com\/inicio\/?s={search_term_string}"},"query-input":{"@type":"PropertyValueSpecification","valueRequired":true,"valueName":"search_term_string"}}],"inLanguage":"es"},{"@type":"Organization","@id":"https:\/\/diariotextual.com\/inicio\/#organization","name":"Diario Textual","url":"https:\/\/diariotextual.com\/inicio\/","logo":{"@type":"ImageObject","inLanguage":"es","@id":"https:\/\/diariotextual.com\/inicio\/#\/schema\/logo\/image\/","url":"https:\/\/diariotextual.com\/inicio\/wp-content\/uploads\/2023\/05\/logotextual1.jpg","contentUrl":"https:\/\/diariotextual.com\/inicio\/wp-content\/uploads\/2023\/05\/logotextual1.jpg","width":516,"height":76,"caption":"Diario Textual"},"image":{"@id":"https:\/\/diariotextual.com\/inicio\/#\/schema\/logo\/image\/"},"sameAs":["https:\/\/www.facebook.com\/eltextual","https:\/\/x.com\/eltextual","http:\/\/www.instagram.com\/eltextual"]},{"@type":"Person","@id":"https:\/\/diariotextual.com\/inicio\/#\/schema\/person\/694f60677f23c4a530867a98f22b3768","name":"diario2","image":{"@type":"ImageObject","inLanguage":"es","@id":"https:\/\/secure.gravatar.com\/avatar\/5a2567495ba16b852fcd8f1ed006a2e24fcace936018ed8237e95f488ad6e0a7?s=96&d=mm&r=g","url":"https:\/\/secure.gravatar.com\/avatar\/5a2567495ba16b852fcd8f1ed006a2e24fcace936018ed8237e95f488ad6e0a7?s=96&d=mm&r=g","contentUrl":"https:\/\/secure.gravatar.com\/avatar\/5a2567495ba16b852fcd8f1ed006a2e24fcace936018ed8237e95f488ad6e0a7?s=96&d=mm&r=g","caption":"diario2"},"url":"https:\/\/diariotextual.com\/inicio\/index.php\/author\/diario2\/"}]}},"_links":{"self":[{"href":"https:\/\/diariotextual.com\/inicio\/index.php\/wp-json\/wp\/v2\/posts\/215827","targetHints":{"allow":["GET"]}}],"collection":[{"href":"https:\/\/diariotextual.com\/inicio\/index.php\/wp-json\/wp\/v2\/posts"}],"about":[{"href":"https:\/\/diariotextual.com\/inicio\/index.php\/wp-json\/wp\/v2\/types\/post"}],"author":[{"embeddable":true,"href":"https:\/\/diariotextual.com\/inicio\/index.php\/wp-json\/wp\/v2\/users\/4"}],"replies":[{"embeddable":true,"href":"https:\/\/diariotextual.com\/inicio\/index.php\/wp-json\/wp\/v2\/comments?post=215827"}],"version-history":[{"count":2,"href":"https:\/\/diariotextual.com\/inicio\/index.php\/wp-json\/wp\/v2\/posts\/215827\/revisions"}],"predecessor-version":[{"id":215830,"href":"https:\/\/diariotextual.com\/inicio\/index.php\/wp-json\/wp\/v2\/posts\/215827\/revisions\/215830"}],"wp:featuredmedia":[{"embeddable":true,"href":"https:\/\/diariotextual.com\/inicio\/index.php\/wp-json\/wp\/v2\/media\/215829"}],"wp:attachment":[{"href":"https:\/\/diariotextual.com\/inicio\/index.php\/wp-json\/wp\/v2\/media?parent=215827"}],"wp:term":[{"taxonomy":"category","embeddable":true,"href":"https:\/\/diariotextual.com\/inicio\/index.php\/wp-json\/wp\/v2\/categories?post=215827"},{"taxonomy":"post_tag","embeddable":true,"href":"https:\/\/diariotextual.com\/inicio\/index.php\/wp-json\/wp\/v2\/tags?post=215827"}],"curies":[{"name":"wp","href":"https:\/\/api.w.org\/{rel}","templated":true}]}}