{"id":215969,"date":"2023-02-13T16:28:41","date_gmt":"2023-02-13T19:28:41","guid":{"rendered":"https:\/\/diariotextual.com\/inicio\/?p=215969"},"modified":"2023-02-13T16:29:36","modified_gmt":"2023-02-13T19:29:36","slug":"unlpam-continua-abierta-la-inscripcion-para-carreras-en-la-facultad-de-exactas","status":"publish","type":"post","link":"https:\/\/diariotextual.com\/inicio\/index.php\/2023\/02\/13\/unlpam-continua-abierta-la-inscripcion-para-carreras-en-la-facultad-de-exactas\/","title":{"rendered":"UNLPam: contin\u00faa abierta la inscripci\u00f3n para carreras en la Facultad de Exactas"},"content":{"rendered":"\n<p>Hasta el 28 de febrero continuar\u00e1 abierto en la Facultad de Ciencias Exactas y Naturales el plazo de inscripci\u00f3n de aspirantes a cursar las carreras de pregrado y grado que se dictan en sus sedes.<\/p>\n\n\n\n<p>Estas carreras son los Profesorados en Matem\u00e1tica, en Qu\u00edmica, en F\u00edsica, en Computaci\u00f3n y en Ciencias Biol\u00f3gicas; las Licenciaturas en Geolog\u00eda, en F\u00edsica, en Matem\u00e1tica, en Qu\u00edmica y en Ciencias Biol\u00f3gicas; la Ingenier\u00eda en Recursos Naturales y Medio Ambiente y Enfermer\u00eda Universitaria.<\/p>\n\n\n\n<p>Toda la informaci\u00f3n se encuentra disponible en <a href=\"http:\/\/www.exactas.unlpam.edu.ar\/alumnos\/ingresantes-2023.\" target=\"_blank\" rel=\"noreferrer noopener\">http:\/\/www.exactas.unlpam.edu.ar\/alumnos\/ingresantes-2023.<\/a><\/p>\n\n\n\n<p>La sede central de la Facultad se encuentra en avenida Uruguay 151 de la ciudad de Santa Rosa. El tr\u00e1mite de inscripci\u00f3n debe realizarse cualquier d\u00eda h\u00e1bil en el plazo especificado, en el horario de 8.30 a 12.30.<\/p>\n\n\n\n<p>La p\u00e1gina web de la Facultad se puede consultar en <a href=\"http:\/\/www.exactas.unlpam.edu.ar.\" target=\"_blank\" rel=\"noreferrer noopener\">www.exactas.unlpam.edu.ar.<\/a><\/p>\n","protected":false},"excerpt":{"rendered":"<p>Hasta el 28 de febrero continuar\u00e1 abierto en la Facultad de Ciencias Exactas y Naturales el plazo de inscripci\u00f3n de aspirantes a cursar las carreras de pregrado y grado que&hellip;<\/p>\n","protected":false},"author":4,"featured_media":21063,"comment_status":"closed","ping_status":"open","sticky":false,"template":"","format":"standard","meta":{"_acf_changed":false,"footnotes":""},"categories":[1,12],"tags":[],"class_list":["post-215969","post","type-post","status-publish","format-standard","has-post-thumbnail","hentry","category-es-noticia","category-sociedad"],"acf":[],"yoast_head":"<!-- This site is optimized with the Yoast SEO plugin v27.5 - https:\/\/yoast.com\/product\/yoast-seo-wordpress\/ -->\n<title>UNLPam: contin\u00faa abierta la inscripci\u00f3n para carreras en la Facultad de Exactas - Diario Textual<\/title>\n<meta name=\"robots\" content=\"index, follow, max-snippet:-1, max-image-preview:large, max-video-preview:-1\" \/>\n<link rel=\"canonical\" href=\"https:\/\/diariotextual.com\/inicio\/index.php\/2023\/02\/13\/unlpam-continua-abierta-la-inscripcion-para-carreras-en-la-facultad-de-exactas\/\" \/>\n<meta property=\"og:locale\" content=\"es_ES\" \/>\n<meta property=\"og:type\" content=\"article\" \/>\n<meta property=\"og:title\" content=\"UNLPam: contin\u00faa abierta la inscripci\u00f3n para carreras en la Facultad de Exactas - Diario Textual\" \/>\n<meta property=\"og:description\" content=\"Hasta el 28 de febrero continuar\u00e1 abierto en la Facultad de Ciencias Exactas y Naturales el plazo de inscripci\u00f3n de aspirantes a cursar las carreras de pregrado y grado que&hellip;\" \/>\n<meta property=\"og:url\" content=\"https:\/\/diariotextual.com\/inicio\/index.php\/2023\/02\/13\/unlpam-continua-abierta-la-inscripcion-para-carreras-en-la-facultad-de-exactas\/\" \/>\n<meta property=\"og:site_name\" content=\"Diario Textual\" \/>\n<meta property=\"article:publisher\" content=\"https:\/\/www.facebook.com\/eltextual\" \/>\n<meta property=\"article:published_time\" content=\"2023-02-13T19:28:41+00:00\" \/>\n<meta property=\"article:modified_time\" content=\"2023-02-13T19:29:36+00:00\" \/>\n<meta property=\"og:image\" content=\"https:\/\/diariotextual.com\/inicio\/wp-content\/uploads\/2018\/09\/computadorateclado1.jpg\" \/>\n\t<meta property=\"og:image:width\" content=\"2028\" \/>\n\t<meta property=\"og:image:height\" content=\"1230\" \/>\n\t<meta property=\"og:image:type\" content=\"image\/jpeg\" \/>\n<meta name=\"author\" content=\"diario2\" \/>\n<meta name=\"twitter:card\" content=\"summary_large_image\" \/>\n<meta name=\"twitter:creator\" content=\"@eltextual\" \/>\n<meta name=\"twitter:site\" content=\"@eltextual\" \/>\n<meta name=\"twitter:label1\" content=\"Escrito por\" \/>\n\t<meta name=\"twitter:data1\" content=\"diario2\" \/>\n\t<meta name=\"twitter:label2\" content=\"Tiempo de lectura\" \/>\n\t<meta name=\"twitter:data2\" content=\"1 minuto\" \/>\n<script type=\"application\/ld+json\" class=\"yoast-schema-graph\">{\"@context\":\"https:\\\/\\\/schema.org\",\"@graph\":[{\"@type\":\"Article\",\"@id\":\"https:\\\/\\\/diariotextual.com\\\/inicio\\\/index.php\\\/2023\\\/02\\\/13\\\/unlpam-continua-abierta-la-inscripcion-para-carreras-en-la-facultad-de-exactas\\\/#article\",\"isPartOf\":{\"@id\":\"https:\\\/\\\/diariotextual.com\\\/inicio\\\/index.php\\\/2023\\\/02\\\/13\\\/unlpam-continua-abierta-la-inscripcion-para-carreras-en-la-facultad-de-exactas\\\/\"},\"author\":{\"name\":\"diario2\",\"@id\":\"https:\\\/\\\/diariotextual.com\\\/inicio\\\/#\\\/schema\\\/person\\\/694f60677f23c4a530867a98f22b3768\"},\"headline\":\"UNLPam: contin\u00faa abierta la inscripci\u00f3n para carreras en la Facultad de Exactas\",\"datePublished\":\"2023-02-13T19:28:41+00:00\",\"dateModified\":\"2023-02-13T19:29:36+00:00\",\"mainEntityOfPage\":{\"@id\":\"https:\\\/\\\/diariotextual.com\\\/inicio\\\/index.php\\\/2023\\\/02\\\/13\\\/unlpam-continua-abierta-la-inscripcion-para-carreras-en-la-facultad-de-exactas\\\/\"},\"wordCount\":174,\"publisher\":{\"@id\":\"https:\\\/\\\/diariotextual.com\\\/inicio\\\/#organization\"},\"image\":{\"@id\":\"https:\\\/\\\/diariotextual.com\\\/inicio\\\/index.php\\\/2023\\\/02\\\/13\\\/unlpam-continua-abierta-la-inscripcion-para-carreras-en-la-facultad-de-exactas\\\/#primaryimage\"},\"thumbnailUrl\":\"https:\\\/\\\/diariotextual.com\\\/inicio\\\/wp-content\\\/uploads\\\/2018\\\/09\\\/computadorateclado1.jpg\",\"articleSection\":[\"A - ES NOTICIA (van abajo)\",\"SOCIEDAD\"],\"inLanguage\":\"es\"},{\"@type\":\"WebPage\",\"@id\":\"https:\\\/\\\/diariotextual.com\\\/inicio\\\/index.php\\\/2023\\\/02\\\/13\\\/unlpam-continua-abierta-la-inscripcion-para-carreras-en-la-facultad-de-exactas\\\/\",\"url\":\"https:\\\/\\\/diariotextual.com\\\/inicio\\\/index.php\\\/2023\\\/02\\\/13\\\/unlpam-continua-abierta-la-inscripcion-para-carreras-en-la-facultad-de-exactas\\\/\",\"name\":\"UNLPam: contin\u00faa abierta la inscripci\u00f3n para carreras en la Facultad de Exactas - Diario Textual\",\"isPartOf\":{\"@id\":\"https:\\\/\\\/diariotextual.com\\\/inicio\\\/#website\"},\"primaryImageOfPage\":{\"@id\":\"https:\\\/\\\/diariotextual.com\\\/inicio\\\/index.php\\\/2023\\\/02\\\/13\\\/unlpam-continua-abierta-la-inscripcion-para-carreras-en-la-facultad-de-exactas\\\/#primaryimage\"},\"image\":{\"@id\":\"https:\\\/\\\/diariotextual.com\\\/inicio\\\/index.php\\\/2023\\\/02\\\/13\\\/unlpam-continua-abierta-la-inscripcion-para-carreras-en-la-facultad-de-exactas\\\/#primaryimage\"},\"thumbnailUrl\":\"https:\\\/\\\/diariotextual.com\\\/inicio\\\/wp-content\\\/uploads\\\/2018\\\/09\\\/computadorateclado1.jpg\",\"datePublished\":\"2023-02-13T19:28:41+00:00\",\"dateModified\":\"2023-02-13T19:29:36+00:00\",\"breadcrumb\":{\"@id\":\"https:\\\/\\\/diariotextual.com\\\/inicio\\\/index.php\\\/2023\\\/02\\\/13\\\/unlpam-continua-abierta-la-inscripcion-para-carreras-en-la-facultad-de-exactas\\\/#breadcrumb\"},\"inLanguage\":\"es\",\"potentialAction\":[{\"@type\":\"ReadAction\",\"target\":[\"https:\\\/\\\/diariotextual.com\\\/inicio\\\/index.php\\\/2023\\\/02\\\/13\\\/unlpam-continua-abierta-la-inscripcion-para-carreras-en-la-facultad-de-exactas\\\/\"]}]},{\"@type\":\"ImageObject\",\"inLanguage\":\"es\",\"@id\":\"https:\\\/\\\/diariotextual.com\\\/inicio\\\/index.php\\\/2023\\\/02\\\/13\\\/unlpam-continua-abierta-la-inscripcion-para-carreras-en-la-facultad-de-exactas\\\/#primaryimage\",\"url\":\"https:\\\/\\\/diariotextual.com\\\/inicio\\\/wp-content\\\/uploads\\\/2018\\\/09\\\/computadorateclado1.jpg\",\"contentUrl\":\"https:\\\/\\\/diariotextual.com\\\/inicio\\\/wp-content\\\/uploads\\\/2018\\\/09\\\/computadorateclado1.jpg\",\"width\":2028,\"height\":1230},{\"@type\":\"BreadcrumbList\",\"@id\":\"https:\\\/\\\/diariotextual.com\\\/inicio\\\/index.php\\\/2023\\\/02\\\/13\\\/unlpam-continua-abierta-la-inscripcion-para-carreras-en-la-facultad-de-exactas\\\/#breadcrumb\",\"itemListElement\":[{\"@type\":\"ListItem\",\"position\":1,\"name\":\"Portada\",\"item\":\"https:\\\/\\\/diariotextual.com\\\/inicio\\\/\"},{\"@type\":\"ListItem\",\"position\":2,\"name\":\"UNLPam: contin\u00faa abierta la inscripci\u00f3n para carreras en la Facultad de Exactas\"}]},{\"@type\":\"WebSite\",\"@id\":\"https:\\\/\\\/diariotextual.com\\\/inicio\\\/#website\",\"url\":\"https:\\\/\\\/diariotextual.com\\\/inicio\\\/\",\"name\":\"Diario Textual\",\"description\":\"\",\"publisher\":{\"@id\":\"https:\\\/\\\/diariotextual.com\\\/inicio\\\/#organization\"},\"potentialAction\":[{\"@type\":\"SearchAction\",\"target\":{\"@type\":\"EntryPoint\",\"urlTemplate\":\"https:\\\/\\\/diariotextual.com\\\/inicio\\\/?s={search_term_string}\"},\"query-input\":{\"@type\":\"PropertyValueSpecification\",\"valueRequired\":true,\"valueName\":\"search_term_string\"}}],\"inLanguage\":\"es\"},{\"@type\":\"Organization\",\"@id\":\"https:\\\/\\\/diariotextual.com\\\/inicio\\\/#organization\",\"name\":\"Diario Textual\",\"url\":\"https:\\\/\\\/diariotextual.com\\\/inicio\\\/\",\"logo\":{\"@type\":\"ImageObject\",\"inLanguage\":\"es\",\"@id\":\"https:\\\/\\\/diariotextual.com\\\/inicio\\\/#\\\/schema\\\/logo\\\/image\\\/\",\"url\":\"https:\\\/\\\/diariotextual.com\\\/inicio\\\/wp-content\\\/uploads\\\/2023\\\/05\\\/logotextual1.jpg\",\"contentUrl\":\"https:\\\/\\\/diariotextual.com\\\/inicio\\\/wp-content\\\/uploads\\\/2023\\\/05\\\/logotextual1.jpg\",\"width\":516,\"height\":76,\"caption\":\"Diario Textual\"},\"image\":{\"@id\":\"https:\\\/\\\/diariotextual.com\\\/inicio\\\/#\\\/schema\\\/logo\\\/image\\\/\"},\"sameAs\":[\"https:\\\/\\\/www.facebook.com\\\/eltextual\",\"https:\\\/\\\/x.com\\\/eltextual\",\"http:\\\/\\\/www.instagram.com\\\/eltextual\"]},{\"@type\":\"Person\",\"@id\":\"https:\\\/\\\/diariotextual.com\\\/inicio\\\/#\\\/schema\\\/person\\\/694f60677f23c4a530867a98f22b3768\",\"name\":\"diario2\",\"image\":{\"@type\":\"ImageObject\",\"inLanguage\":\"es\",\"@id\":\"https:\\\/\\\/secure.gravatar.com\\\/avatar\\\/5a2567495ba16b852fcd8f1ed006a2e24fcace936018ed8237e95f488ad6e0a7?s=96&d=mm&r=g\",\"url\":\"https:\\\/\\\/secure.gravatar.com\\\/avatar\\\/5a2567495ba16b852fcd8f1ed006a2e24fcace936018ed8237e95f488ad6e0a7?s=96&d=mm&r=g\",\"contentUrl\":\"https:\\\/\\\/secure.gravatar.com\\\/avatar\\\/5a2567495ba16b852fcd8f1ed006a2e24fcace936018ed8237e95f488ad6e0a7?s=96&d=mm&r=g\",\"caption\":\"diario2\"},\"url\":\"https:\\\/\\\/diariotextual.com\\\/inicio\\\/index.php\\\/author\\\/diario2\\\/\"}]}<\/script>\n<!-- \/ Yoast SEO plugin. -->","yoast_head_json":{"title":"UNLPam: contin\u00faa abierta la inscripci\u00f3n para carreras en la Facultad de Exactas - Diario Textual","robots":{"index":"index","follow":"follow","max-snippet":"max-snippet:-1","max-image-preview":"max-image-preview:large","max-video-preview":"max-video-preview:-1"},"canonical":"https:\/\/diariotextual.com\/inicio\/index.php\/2023\/02\/13\/unlpam-continua-abierta-la-inscripcion-para-carreras-en-la-facultad-de-exactas\/","og_locale":"es_ES","og_type":"article","og_title":"UNLPam: contin\u00faa abierta la inscripci\u00f3n para carreras en la Facultad de Exactas - Diario Textual","og_description":"Hasta el 28 de febrero continuar\u00e1 abierto en la Facultad de Ciencias Exactas y Naturales el plazo de inscripci\u00f3n de aspirantes a cursar las carreras de pregrado y grado que&hellip;","og_url":"https:\/\/diariotextual.com\/inicio\/index.php\/2023\/02\/13\/unlpam-continua-abierta-la-inscripcion-para-carreras-en-la-facultad-de-exactas\/","og_site_name":"Diario Textual","article_publisher":"https:\/\/www.facebook.com\/eltextual","article_published_time":"2023-02-13T19:28:41+00:00","article_modified_time":"2023-02-13T19:29:36+00:00","og_image":[{"width":2028,"height":1230,"url":"https:\/\/diariotextual.com\/inicio\/wp-content\/uploads\/2018\/09\/computadorateclado1.jpg","type":"image\/jpeg"}],"author":"diario2","twitter_card":"summary_large_image","twitter_creator":"@eltextual","twitter_site":"@eltextual","twitter_misc":{"Escrito por":"diario2","Tiempo de lectura":"1 minuto"},"schema":{"@context":"https:\/\/schema.org","@graph":[{"@type":"Article","@id":"https:\/\/diariotextual.com\/inicio\/index.php\/2023\/02\/13\/unlpam-continua-abierta-la-inscripcion-para-carreras-en-la-facultad-de-exactas\/#article","isPartOf":{"@id":"https:\/\/diariotextual.com\/inicio\/index.php\/2023\/02\/13\/unlpam-continua-abierta-la-inscripcion-para-carreras-en-la-facultad-de-exactas\/"},"author":{"name":"diario2","@id":"https:\/\/diariotextual.com\/inicio\/#\/schema\/person\/694f60677f23c4a530867a98f22b3768"},"headline":"UNLPam: contin\u00faa abierta la inscripci\u00f3n para carreras en la Facultad de Exactas","datePublished":"2023-02-13T19:28:41+00:00","dateModified":"2023-02-13T19:29:36+00:00","mainEntityOfPage":{"@id":"https:\/\/diariotextual.com\/inicio\/index.php\/2023\/02\/13\/unlpam-continua-abierta-la-inscripcion-para-carreras-en-la-facultad-de-exactas\/"},"wordCount":174,"publisher":{"@id":"https:\/\/diariotextual.com\/inicio\/#organization"},"image":{"@id":"https:\/\/diariotextual.com\/inicio\/index.php\/2023\/02\/13\/unlpam-continua-abierta-la-inscripcion-para-carreras-en-la-facultad-de-exactas\/#primaryimage"},"thumbnailUrl":"https:\/\/diariotextual.com\/inicio\/wp-content\/uploads\/2018\/09\/computadorateclado1.jpg","articleSection":["A - ES NOTICIA (van abajo)","SOCIEDAD"],"inLanguage":"es"},{"@type":"WebPage","@id":"https:\/\/diariotextual.com\/inicio\/index.php\/2023\/02\/13\/unlpam-continua-abierta-la-inscripcion-para-carreras-en-la-facultad-de-exactas\/","url":"https:\/\/diariotextual.com\/inicio\/index.php\/2023\/02\/13\/unlpam-continua-abierta-la-inscripcion-para-carreras-en-la-facultad-de-exactas\/","name":"UNLPam: contin\u00faa abierta la inscripci\u00f3n para carreras en la Facultad de Exactas - Diario Textual","isPartOf":{"@id":"https:\/\/diariotextual.com\/inicio\/#website"},"primaryImageOfPage":{"@id":"https:\/\/diariotextual.com\/inicio\/index.php\/2023\/02\/13\/unlpam-continua-abierta-la-inscripcion-para-carreras-en-la-facultad-de-exactas\/#primaryimage"},"image":{"@id":"https:\/\/diariotextual.com\/inicio\/index.php\/2023\/02\/13\/unlpam-continua-abierta-la-inscripcion-para-carreras-en-la-facultad-de-exactas\/#primaryimage"},"thumbnailUrl":"https:\/\/diariotextual.com\/inicio\/wp-content\/uploads\/2018\/09\/computadorateclado1.jpg","datePublished":"2023-02-13T19:28:41+00:00","dateModified":"2023-02-13T19:29:36+00:00","breadcrumb":{"@id":"https:\/\/diariotextual.com\/inicio\/index.php\/2023\/02\/13\/unlpam-continua-abierta-la-inscripcion-para-carreras-en-la-facultad-de-exactas\/#breadcrumb"},"inLanguage":"es","potentialAction":[{"@type":"ReadAction","target":["https:\/\/diariotextual.com\/inicio\/index.php\/2023\/02\/13\/unlpam-continua-abierta-la-inscripcion-para-carreras-en-la-facultad-de-exactas\/"]}]},{"@type":"ImageObject","inLanguage":"es","@id":"https:\/\/diariotextual.com\/inicio\/index.php\/2023\/02\/13\/unlpam-continua-abierta-la-inscripcion-para-carreras-en-la-facultad-de-exactas\/#primaryimage","url":"https:\/\/diariotextual.com\/inicio\/wp-content\/uploads\/2018\/09\/computadorateclado1.jpg","contentUrl":"https:\/\/diariotextual.com\/inicio\/wp-content\/uploads\/2018\/09\/computadorateclado1.jpg","width":2028,"height":1230},{"@type":"BreadcrumbList","@id":"https:\/\/diariotextual.com\/inicio\/index.php\/2023\/02\/13\/unlpam-continua-abierta-la-inscripcion-para-carreras-en-la-facultad-de-exactas\/#breadcrumb","itemListElement":[{"@type":"ListItem","position":1,"name":"Portada","item":"https:\/\/diariotextual.com\/inicio\/"},{"@type":"ListItem","position":2,"name":"UNLPam: contin\u00faa abierta la inscripci\u00f3n para carreras en la Facultad de Exactas"}]},{"@type":"WebSite","@id":"https:\/\/diariotextual.com\/inicio\/#website","url":"https:\/\/diariotextual.com\/inicio\/","name":"Diario Textual","description":"","publisher":{"@id":"https:\/\/diariotextual.com\/inicio\/#organization"},"potentialAction":[{"@type":"SearchAction","target":{"@type":"EntryPoint","urlTemplate":"https:\/\/diariotextual.com\/inicio\/?s={search_term_string}"},"query-input":{"@type":"PropertyValueSpecification","valueRequired":true,"valueName":"search_term_string"}}],"inLanguage":"es"},{"@type":"Organization","@id":"https:\/\/diariotextual.com\/inicio\/#organization","name":"Diario Textual","url":"https:\/\/diariotextual.com\/inicio\/","logo":{"@type":"ImageObject","inLanguage":"es","@id":"https:\/\/diariotextual.com\/inicio\/#\/schema\/logo\/image\/","url":"https:\/\/diariotextual.com\/inicio\/wp-content\/uploads\/2023\/05\/logotextual1.jpg","contentUrl":"https:\/\/diariotextual.com\/inicio\/wp-content\/uploads\/2023\/05\/logotextual1.jpg","width":516,"height":76,"caption":"Diario Textual"},"image":{"@id":"https:\/\/diariotextual.com\/inicio\/#\/schema\/logo\/image\/"},"sameAs":["https:\/\/www.facebook.com\/eltextual","https:\/\/x.com\/eltextual","http:\/\/www.instagram.com\/eltextual"]},{"@type":"Person","@id":"https:\/\/diariotextual.com\/inicio\/#\/schema\/person\/694f60677f23c4a530867a98f22b3768","name":"diario2","image":{"@type":"ImageObject","inLanguage":"es","@id":"https:\/\/secure.gravatar.com\/avatar\/5a2567495ba16b852fcd8f1ed006a2e24fcace936018ed8237e95f488ad6e0a7?s=96&d=mm&r=g","url":"https:\/\/secure.gravatar.com\/avatar\/5a2567495ba16b852fcd8f1ed006a2e24fcace936018ed8237e95f488ad6e0a7?s=96&d=mm&r=g","contentUrl":"https:\/\/secure.gravatar.com\/avatar\/5a2567495ba16b852fcd8f1ed006a2e24fcace936018ed8237e95f488ad6e0a7?s=96&d=mm&r=g","caption":"diario2"},"url":"https:\/\/diariotextual.com\/inicio\/index.php\/author\/diario2\/"}]}},"_links":{"self":[{"href":"https:\/\/diariotextual.com\/inicio\/index.php\/wp-json\/wp\/v2\/posts\/215969","targetHints":{"allow":["GET"]}}],"collection":[{"href":"https:\/\/diariotextual.com\/inicio\/index.php\/wp-json\/wp\/v2\/posts"}],"about":[{"href":"https:\/\/diariotextual.com\/inicio\/index.php\/wp-json\/wp\/v2\/types\/post"}],"author":[{"embeddable":true,"href":"https:\/\/diariotextual.com\/inicio\/index.php\/wp-json\/wp\/v2\/users\/4"}],"replies":[{"embeddable":true,"href":"https:\/\/diariotextual.com\/inicio\/index.php\/wp-json\/wp\/v2\/comments?post=215969"}],"version-history":[{"count":1,"href":"https:\/\/diariotextual.com\/inicio\/index.php\/wp-json\/wp\/v2\/posts\/215969\/revisions"}],"predecessor-version":[{"id":215970,"href":"https:\/\/diariotextual.com\/inicio\/index.php\/wp-json\/wp\/v2\/posts\/215969\/revisions\/215970"}],"wp:featuredmedia":[{"embeddable":true,"href":"https:\/\/diariotextual.com\/inicio\/index.php\/wp-json\/wp\/v2\/media\/21063"}],"wp:attachment":[{"href":"https:\/\/diariotextual.com\/inicio\/index.php\/wp-json\/wp\/v2\/media?parent=215969"}],"wp:term":[{"taxonomy":"category","embeddable":true,"href":"https:\/\/diariotextual.com\/inicio\/index.php\/wp-json\/wp\/v2\/categories?post=215969"},{"taxonomy":"post_tag","embeddable":true,"href":"https:\/\/diariotextual.com\/inicio\/index.php\/wp-json\/wp\/v2\/tags?post=215969"}],"curies":[{"name":"wp","href":"https:\/\/api.w.org\/{rel}","templated":true}]}}