{"id":216147,"date":"2023-02-15T08:25:53","date_gmt":"2023-02-15T11:25:53","guid":{"rendered":"https:\/\/diariotextual.com\/inicio\/?p=216147"},"modified":"2023-02-15T13:02:50","modified_gmt":"2023-02-15T16:02:50","slug":"los-carnavales-cobran-protagonismo-en-distintos-puntos-de-la-provincia","status":"publish","type":"post","link":"https:\/\/diariotextual.com\/inicio\/index.php\/2023\/02\/15\/los-carnavales-cobran-protagonismo-en-distintos-puntos-de-la-provincia\/","title":{"rendered":"Los carnavales cobran protagonismo en distintos puntos de la provincia"},"content":{"rendered":"\n<p>Carrozas, disfraces, murgas, comparsas y bailes populares ser\u00e1n los protagonistas en estos d\u00edas de \u201cfiesta callejera\u201d de car\u00e1cter libre y gratuito en distintos puntos de la provincia. <\/p>\n\n\n\n<p>Las calles principales de las localidades se transforman en escenarios privilegiados por donde desfilan las comparsas ante la mirada atenta de familias enteras y la espuma siempre protagonista de la diversi\u00f3n, al igual que las coloridas y bullangueras murgas que marchan al son de los tambores.<\/p>\n\n\n\n<p>Banderas, estandartes, mu\u00f1ecos, papelitos y pancartas inundan de alegr\u00eda cada lugar en esta fiesta popular recuperada que trae alegr\u00eda y diversi\u00f3n, en una clara demostraci\u00f3n de belleza y de ingenio popular.<\/p>\n\n\n\n<p>En La Pampa los carnavales han cobrado <strong>notoria relevancia<\/strong> en estos \u00faltimos a\u00f1os despertando el inter\u00e9s y participaci\u00f3n de las familias que van sum\u00e1ndose en cada edici\u00f3n copando con m\u00fasica, color y alegr\u00eda las calles de sus pueblos, para finalizar con la tradicional quema del Rey Momo.<\/p>\n\n\n\n<p>En esta edici\u00f3n la Secretar\u00eda de Cultura colabora a trav\u00e9s de distintos aportes con varias localidades como Tel\u00e9n, Villa Mirasol, Relmo, Speluzzi, Alpachiri, Miguel Can\u00e9, Uriburu y Rancul (lo organiza en marzo) entre otras, a los que tambi\u00e9n se suma -en algunos casos-, el Ministerio de Cultura de la Naci\u00f3n.<\/p>\n\n\n\n<p>\u201cSeguimos acompa\u00f1ando y pensando propuestas para realizar junto a cada municipio, con la felicidad plena de retomar encuentros y viajes cumpliendo nuestro rol de estado presente en territorio y uni\u00e9ndonos a pr\u00e1cticas y acciones solidarias que se evidencian fuertemente en estas fiestas populares\u00bb, se\u00f1al\u00f3 la secretaria Adriana Maggio al frente del organismo provincial.<\/p>\n\n\n\n<p><strong>Speluzzi. Capital del Carnaval<\/strong><\/p>\n\n\n\n<p>Esta localidad, declarada Capital Provincial del Carnaval por Decreto Provincial N\u00b015\/18 del Poder Ejecutivo, celebrar\u00e1 al Rey Momo el pr\u00f3ximo lunes 20 desde las 21:00, con entrada libre y gratuita.<\/p>\n\n\n\n<p>La celebraci\u00f3n es organizada por la Asociaci\u00f3n de Corsos y Eventos Populares desde el 2008 y surge por iniciativa de algunos habitantes de la localidad para promover actividades culturales y recreativas con el fin de integrar a las familias y colaborar con problem\u00e1ticas sociales a trav\u00e9s de donaciones a distintas instituciones. En esta edici\u00f3n participar\u00e1n las comparsas \u201cVera Samba\u201d, \u201cEmperatriz Majestuosa\u201d, murgas, carrozas, \u201dla Mec\u00e1nica Loca\u201d, \u201cRobotop\u201d, bastoneras, fuegos artificiales, quema del Rey Momo y un cierre a todo ritmo con \u201cEl Tanito\u201d. Habr\u00e1 patio de comidas.<\/p>\n\n\n\n<figure class=\"wp-block-image size-large\"><img fetchpriority=\"high\" decoding=\"async\" width=\"1024\" height=\"683\" src=\"https:\/\/diariotextual.com\/inicio\/wp-content\/uploads\/2020\/02\/carnavalsantarosabelkismartin2020-13-1024x683.jpg\" alt=\"\" class=\"wp-image-80774\" srcset=\"https:\/\/diariotextual.com\/inicio\/wp-content\/uploads\/2020\/02\/carnavalsantarosabelkismartin2020-13-1024x683.jpg 1024w, https:\/\/diariotextual.com\/inicio\/wp-content\/uploads\/2020\/02\/carnavalsantarosabelkismartin2020-13-300x200.jpg 300w, https:\/\/diariotextual.com\/inicio\/wp-content\/uploads\/2020\/02\/carnavalsantarosabelkismartin2020-13-768x512.jpg 768w, https:\/\/diariotextual.com\/inicio\/wp-content\/uploads\/2020\/02\/carnavalsantarosabelkismartin2020-13-1170x780.jpg 1170w, https:\/\/diariotextual.com\/inicio\/wp-content\/uploads\/2020\/02\/carnavalsantarosabelkismartin2020-13-585x390.jpg 585w, https:\/\/diariotextual.com\/inicio\/wp-content\/uploads\/2020\/02\/carnavalsantarosabelkismartin2020-13-263x175.jpg 263w, https:\/\/diariotextual.com\/inicio\/wp-content\/uploads\/2020\/02\/carnavalsantarosabelkismartin2020-13.jpg 1500w\" sizes=\"(max-width: 1024px) 100vw, 1024px\" \/><\/figure>\n\n\n\n<p><strong>Santa Rosa<\/strong><\/p>\n\n\n\n<p>La edici\u00f3n 2023 del carnaval se llevar\u00e1 a cabo el domingo 19 y lunes 20 en el Parque Recreativo Don Tom\u00e1s, contando con desfile de comparsas, espect\u00e1culos circenses, murgas, comparsas y shows musicales entre otros.<\/p>\n\n\n\n<p>Programa completo<\/p>\n\n\n\n<p>Domingo 19: 18:00: Presentaci\u00f3n de espect\u00e1culos circenses.<\/p>\n\n\n\n<p>20:00: Presentaci\u00f3n del DJ Solana Rivero.<\/p>\n\n\n\n<p>21:00: Desfile de las comparsas locales Nueva Luna, Triana, Dale que sale y Los reyes del movimiento.<\/p>\n\n\n\n<p>23:00: Participaci\u00f3n de la comparsa Mar\u00ed Mar\u00ed.<\/p>\n\n\n\n<p>00:00: Actuaci\u00f3n de Thomas V\u00e1zquez, Mart\u00edn Fornero, la Banda Fina y cierre a cargo del DJ Leo Llanson.<\/p>\n\n\n\n<p>Lunes 20<\/p>\n\n\n\n<p>18:00: Espect\u00e1culos circenses.<\/p>\n\n\n\n<p>20:00: Presentaci\u00f3n del DJ Leo Moises.<\/p>\n\n\n\n<p>21:00: Desfile de las murgas y comparsas locales, participaci\u00f3n de Los Legendarios, La Morenada, Murga Bien de Barrio, La Bicha Verde y Aires de Samba.<\/p>\n\n\n\n<p>23:00: Desfile de la comparsa Mar\u00ed Mar\u00ed.<\/p>\n\n\n\n<p>00:00: Show de Luz Paisio, Ulises Bueno y cierre a cargo de la DJ Irup\u00e9 Cano.<\/p>\n\n\n\n<p>Tambi\u00e9n habr\u00e1 festejos de carnaval en las siguientes localidades:<\/p>\n\n\n\n<p><\/p>\n\n\n\n<p><strong>General Acha<\/strong><\/p>\n\n\n\n<p>S\u00e1bado 18, domingo 19 y lunes 20 | Parque Manuel J. Campos. Entrada libre y gratuita.<\/p>\n\n\n\n<p>Carnaval 2023: Desfile de carrozas, disfraces, comparsas. Actuaci\u00f3n de artistas locales y zonales. Patio de comidas.<\/p>\n\n\n\n<p><\/p>\n\n\n\n<p><strong>Alpachiri<\/strong><\/p>\n\n\n\n<p>Lunes 20 | 21:00 | Entrada libre y gratuita.<\/p>\n\n\n\n<p>Carnaval 2023: Participan carrozas, comparsas, disfraces individuales, batucada Nueva Luna, Murga El Rejunte, disfraces infantiles. Actuaci\u00f3n de Germ\u00e1n Gait\u00e1n y Tecla DJ. Patio de comidas.<\/p>\n\n\n\n<p><\/p>\n\n\n\n<p><strong>Falucho<\/strong><\/p>\n\n\n\n<p>Viernes 24 | 21:00 | Plaza San Mart\u00edn | Entrada Libre y gratuita.<\/p>\n\n\n\n<p>Carnaval 2023: Participan carrozas, comparsas, disfraces individuales. Gran baile con Jos\u00e9 Luis Doroni.<\/p>\n\n\n\n<p><\/p>\n\n\n\n<p><strong>Miguel Riglos<\/strong><\/p>\n\n\n\n<p>S\u00e1bado 25 | 20:30 | Predio V\u00edas del Ferrocarril | Entrada libre y gratuita.<\/p>\n\n\n\n<p>Carnaval 2023: Participan carrozas, comparsas, disfraces individuales. Actuaci\u00f3n de La Kupp\u00e9 y Banda XXI.<\/p>\n\n\n\n<p><\/p>\n\n\n\n<p><strong>Uriburu<\/strong><\/p>\n\n\n\n<p>S\u00e1bado 25 | 20:30 | Boulevard Diego Armando Maradona<\/p>\n\n\n\n<p>Carnaval 2023: Participan Murga Los Rayaditos (Uriburu), Murga Bien de Barrio (Santa Rosa), Murga La Bicha Verde (Catril\u00f3), Legendarios (Batucada de Santa Rosa), Comparsa Triana (Santa Rosa), Comparsa Dale que sale (Santa Rosa), La Morenada (Santa Rosa) y Comparsa Daimar\u00e1. Intervenci\u00f3n de maquillaje para todo el p\u00fablico. Cierre a puro baile con el grupo La Ronda.<\/p>\n","protected":false},"excerpt":{"rendered":"<p>Carrozas, disfraces, murgas, comparsas y bailes populares ser\u00e1n los protagonistas en estos d\u00edas de \u201cfiesta callejera\u201d de car\u00e1cter libre y gratuito en distintos puntos de la provincia. Las calles principales&hellip;<\/p>\n","protected":false},"author":4,"featured_media":80853,"comment_status":"closed","ping_status":"open","sticky":false,"template":"","format":"standard","meta":{"_acf_changed":false,"footnotes":""},"categories":[11,12],"tags":[],"class_list":["post-216147","post","type-post","status-publish","format-standard","has-post-thumbnail","hentry","category-que-pasa","category-sociedad"],"acf":[],"yoast_head":"<!-- This site is optimized with the Yoast SEO plugin v27.5 - https:\/\/yoast.com\/product\/yoast-seo-wordpress\/ -->\n<title>Los carnavales cobran protagonismo en distintos puntos de la provincia - Diario Textual<\/title>\n<meta name=\"robots\" content=\"index, follow, max-snippet:-1, max-image-preview:large, max-video-preview:-1\" \/>\n<link rel=\"canonical\" href=\"https:\/\/diariotextual.com\/inicio\/index.php\/2023\/02\/15\/los-carnavales-cobran-protagonismo-en-distintos-puntos-de-la-provincia\/\" \/>\n<meta property=\"og:locale\" content=\"es_ES\" \/>\n<meta property=\"og:type\" content=\"article\" \/>\n<meta property=\"og:title\" content=\"Los carnavales cobran protagonismo en distintos puntos de la provincia - Diario Textual\" \/>\n<meta property=\"og:description\" content=\"Carrozas, disfraces, murgas, comparsas y bailes populares ser\u00e1n los protagonistas en estos d\u00edas de \u201cfiesta callejera\u201d de car\u00e1cter libre y gratuito en distintos puntos de la provincia. Las calles principales&hellip;\" \/>\n<meta property=\"og:url\" content=\"https:\/\/diariotextual.com\/inicio\/index.php\/2023\/02\/15\/los-carnavales-cobran-protagonismo-en-distintos-puntos-de-la-provincia\/\" \/>\n<meta property=\"og:site_name\" content=\"Diario Textual\" \/>\n<meta property=\"article:publisher\" content=\"https:\/\/www.facebook.com\/eltextual\" \/>\n<meta property=\"article:published_time\" content=\"2023-02-15T11:25:53+00:00\" \/>\n<meta property=\"article:modified_time\" content=\"2023-02-15T16:02:50+00:00\" \/>\n<meta property=\"og:image\" content=\"https:\/\/diariotextual.com\/inicio\/wp-content\/uploads\/2020\/02\/carnavalessantarosa2020-100.jpg\" \/>\n\t<meta property=\"og:image:width\" content=\"1500\" \/>\n\t<meta property=\"og:image:height\" content=\"979\" \/>\n\t<meta property=\"og:image:type\" content=\"image\/jpeg\" \/>\n<meta name=\"author\" content=\"diario2\" \/>\n<meta name=\"twitter:card\" content=\"summary_large_image\" \/>\n<meta name=\"twitter:creator\" content=\"@eltextual\" \/>\n<meta name=\"twitter:site\" content=\"@eltextual\" \/>\n<meta name=\"twitter:label1\" content=\"Escrito por\" \/>\n\t<meta name=\"twitter:data1\" content=\"diario2\" \/>\n\t<meta name=\"twitter:label2\" content=\"Tiempo de lectura\" \/>\n\t<meta name=\"twitter:data2\" content=\"4 minutos\" \/>\n<script type=\"application\/ld+json\" class=\"yoast-schema-graph\">{\"@context\":\"https:\\\/\\\/schema.org\",\"@graph\":[{\"@type\":\"Article\",\"@id\":\"https:\\\/\\\/diariotextual.com\\\/inicio\\\/index.php\\\/2023\\\/02\\\/15\\\/los-carnavales-cobran-protagonismo-en-distintos-puntos-de-la-provincia\\\/#article\",\"isPartOf\":{\"@id\":\"https:\\\/\\\/diariotextual.com\\\/inicio\\\/index.php\\\/2023\\\/02\\\/15\\\/los-carnavales-cobran-protagonismo-en-distintos-puntos-de-la-provincia\\\/\"},\"author\":{\"name\":\"diario2\",\"@id\":\"https:\\\/\\\/diariotextual.com\\\/inicio\\\/#\\\/schema\\\/person\\\/694f60677f23c4a530867a98f22b3768\"},\"headline\":\"Los carnavales cobran protagonismo en distintos puntos de la provincia\",\"datePublished\":\"2023-02-15T11:25:53+00:00\",\"dateModified\":\"2023-02-15T16:02:50+00:00\",\"mainEntityOfPage\":{\"@id\":\"https:\\\/\\\/diariotextual.com\\\/inicio\\\/index.php\\\/2023\\\/02\\\/15\\\/los-carnavales-cobran-protagonismo-en-distintos-puntos-de-la-provincia\\\/\"},\"wordCount\":754,\"publisher\":{\"@id\":\"https:\\\/\\\/diariotextual.com\\\/inicio\\\/#organization\"},\"image\":{\"@id\":\"https:\\\/\\\/diariotextual.com\\\/inicio\\\/index.php\\\/2023\\\/02\\\/15\\\/los-carnavales-cobran-protagonismo-en-distintos-puntos-de-la-provincia\\\/#primaryimage\"},\"thumbnailUrl\":\"https:\\\/\\\/diariotextual.com\\\/inicio\\\/wp-content\\\/uploads\\\/2020\\\/02\\\/carnavalessantarosa2020-100.jpg\",\"articleSection\":[\"A - QUE PASA (al costado)\",\"SOCIEDAD\"],\"inLanguage\":\"es\"},{\"@type\":\"WebPage\",\"@id\":\"https:\\\/\\\/diariotextual.com\\\/inicio\\\/index.php\\\/2023\\\/02\\\/15\\\/los-carnavales-cobran-protagonismo-en-distintos-puntos-de-la-provincia\\\/\",\"url\":\"https:\\\/\\\/diariotextual.com\\\/inicio\\\/index.php\\\/2023\\\/02\\\/15\\\/los-carnavales-cobran-protagonismo-en-distintos-puntos-de-la-provincia\\\/\",\"name\":\"Los carnavales cobran protagonismo en distintos puntos de la provincia - Diario Textual\",\"isPartOf\":{\"@id\":\"https:\\\/\\\/diariotextual.com\\\/inicio\\\/#website\"},\"primaryImageOfPage\":{\"@id\":\"https:\\\/\\\/diariotextual.com\\\/inicio\\\/index.php\\\/2023\\\/02\\\/15\\\/los-carnavales-cobran-protagonismo-en-distintos-puntos-de-la-provincia\\\/#primaryimage\"},\"image\":{\"@id\":\"https:\\\/\\\/diariotextual.com\\\/inicio\\\/index.php\\\/2023\\\/02\\\/15\\\/los-carnavales-cobran-protagonismo-en-distintos-puntos-de-la-provincia\\\/#primaryimage\"},\"thumbnailUrl\":\"https:\\\/\\\/diariotextual.com\\\/inicio\\\/wp-content\\\/uploads\\\/2020\\\/02\\\/carnavalessantarosa2020-100.jpg\",\"datePublished\":\"2023-02-15T11:25:53+00:00\",\"dateModified\":\"2023-02-15T16:02:50+00:00\",\"breadcrumb\":{\"@id\":\"https:\\\/\\\/diariotextual.com\\\/inicio\\\/index.php\\\/2023\\\/02\\\/15\\\/los-carnavales-cobran-protagonismo-en-distintos-puntos-de-la-provincia\\\/#breadcrumb\"},\"inLanguage\":\"es\",\"potentialAction\":[{\"@type\":\"ReadAction\",\"target\":[\"https:\\\/\\\/diariotextual.com\\\/inicio\\\/index.php\\\/2023\\\/02\\\/15\\\/los-carnavales-cobran-protagonismo-en-distintos-puntos-de-la-provincia\\\/\"]}]},{\"@type\":\"ImageObject\",\"inLanguage\":\"es\",\"@id\":\"https:\\\/\\\/diariotextual.com\\\/inicio\\\/index.php\\\/2023\\\/02\\\/15\\\/los-carnavales-cobran-protagonismo-en-distintos-puntos-de-la-provincia\\\/#primaryimage\",\"url\":\"https:\\\/\\\/diariotextual.com\\\/inicio\\\/wp-content\\\/uploads\\\/2020\\\/02\\\/carnavalessantarosa2020-100.jpg\",\"contentUrl\":\"https:\\\/\\\/diariotextual.com\\\/inicio\\\/wp-content\\\/uploads\\\/2020\\\/02\\\/carnavalessantarosa2020-100.jpg\",\"width\":1500,\"height\":979},{\"@type\":\"BreadcrumbList\",\"@id\":\"https:\\\/\\\/diariotextual.com\\\/inicio\\\/index.php\\\/2023\\\/02\\\/15\\\/los-carnavales-cobran-protagonismo-en-distintos-puntos-de-la-provincia\\\/#breadcrumb\",\"itemListElement\":[{\"@type\":\"ListItem\",\"position\":1,\"name\":\"Portada\",\"item\":\"https:\\\/\\\/diariotextual.com\\\/inicio\\\/\"},{\"@type\":\"ListItem\",\"position\":2,\"name\":\"Los carnavales cobran protagonismo en distintos puntos de la provincia\"}]},{\"@type\":\"WebSite\",\"@id\":\"https:\\\/\\\/diariotextual.com\\\/inicio\\\/#website\",\"url\":\"https:\\\/\\\/diariotextual.com\\\/inicio\\\/\",\"name\":\"Diario Textual\",\"description\":\"\",\"publisher\":{\"@id\":\"https:\\\/\\\/diariotextual.com\\\/inicio\\\/#organization\"},\"potentialAction\":[{\"@type\":\"SearchAction\",\"target\":{\"@type\":\"EntryPoint\",\"urlTemplate\":\"https:\\\/\\\/diariotextual.com\\\/inicio\\\/?s={search_term_string}\"},\"query-input\":{\"@type\":\"PropertyValueSpecification\",\"valueRequired\":true,\"valueName\":\"search_term_string\"}}],\"inLanguage\":\"es\"},{\"@type\":\"Organization\",\"@id\":\"https:\\\/\\\/diariotextual.com\\\/inicio\\\/#organization\",\"name\":\"Diario Textual\",\"url\":\"https:\\\/\\\/diariotextual.com\\\/inicio\\\/\",\"logo\":{\"@type\":\"ImageObject\",\"inLanguage\":\"es\",\"@id\":\"https:\\\/\\\/diariotextual.com\\\/inicio\\\/#\\\/schema\\\/logo\\\/image\\\/\",\"url\":\"https:\\\/\\\/diariotextual.com\\\/inicio\\\/wp-content\\\/uploads\\\/2023\\\/05\\\/logotextual1.jpg\",\"contentUrl\":\"https:\\\/\\\/diariotextual.com\\\/inicio\\\/wp-content\\\/uploads\\\/2023\\\/05\\\/logotextual1.jpg\",\"width\":516,\"height\":76,\"caption\":\"Diario Textual\"},\"image\":{\"@id\":\"https:\\\/\\\/diariotextual.com\\\/inicio\\\/#\\\/schema\\\/logo\\\/image\\\/\"},\"sameAs\":[\"https:\\\/\\\/www.facebook.com\\\/eltextual\",\"https:\\\/\\\/x.com\\\/eltextual\",\"http:\\\/\\\/www.instagram.com\\\/eltextual\"]},{\"@type\":\"Person\",\"@id\":\"https:\\\/\\\/diariotextual.com\\\/inicio\\\/#\\\/schema\\\/person\\\/694f60677f23c4a530867a98f22b3768\",\"name\":\"diario2\",\"image\":{\"@type\":\"ImageObject\",\"inLanguage\":\"es\",\"@id\":\"https:\\\/\\\/secure.gravatar.com\\\/avatar\\\/5a2567495ba16b852fcd8f1ed006a2e24fcace936018ed8237e95f488ad6e0a7?s=96&d=mm&r=g\",\"url\":\"https:\\\/\\\/secure.gravatar.com\\\/avatar\\\/5a2567495ba16b852fcd8f1ed006a2e24fcace936018ed8237e95f488ad6e0a7?s=96&d=mm&r=g\",\"contentUrl\":\"https:\\\/\\\/secure.gravatar.com\\\/avatar\\\/5a2567495ba16b852fcd8f1ed006a2e24fcace936018ed8237e95f488ad6e0a7?s=96&d=mm&r=g\",\"caption\":\"diario2\"},\"url\":\"https:\\\/\\\/diariotextual.com\\\/inicio\\\/index.php\\\/author\\\/diario2\\\/\"}]}<\/script>\n<!-- \/ Yoast SEO plugin. -->","yoast_head_json":{"title":"Los carnavales cobran protagonismo en distintos puntos de la provincia - Diario Textual","robots":{"index":"index","follow":"follow","max-snippet":"max-snippet:-1","max-image-preview":"max-image-preview:large","max-video-preview":"max-video-preview:-1"},"canonical":"https:\/\/diariotextual.com\/inicio\/index.php\/2023\/02\/15\/los-carnavales-cobran-protagonismo-en-distintos-puntos-de-la-provincia\/","og_locale":"es_ES","og_type":"article","og_title":"Los carnavales cobran protagonismo en distintos puntos de la provincia - Diario Textual","og_description":"Carrozas, disfraces, murgas, comparsas y bailes populares ser\u00e1n los protagonistas en estos d\u00edas de \u201cfiesta callejera\u201d de car\u00e1cter libre y gratuito en distintos puntos de la provincia. Las calles principales&hellip;","og_url":"https:\/\/diariotextual.com\/inicio\/index.php\/2023\/02\/15\/los-carnavales-cobran-protagonismo-en-distintos-puntos-de-la-provincia\/","og_site_name":"Diario Textual","article_publisher":"https:\/\/www.facebook.com\/eltextual","article_published_time":"2023-02-15T11:25:53+00:00","article_modified_time":"2023-02-15T16:02:50+00:00","og_image":[{"width":1500,"height":979,"url":"https:\/\/diariotextual.com\/inicio\/wp-content\/uploads\/2020\/02\/carnavalessantarosa2020-100.jpg","type":"image\/jpeg"}],"author":"diario2","twitter_card":"summary_large_image","twitter_creator":"@eltextual","twitter_site":"@eltextual","twitter_misc":{"Escrito por":"diario2","Tiempo de lectura":"4 minutos"},"schema":{"@context":"https:\/\/schema.org","@graph":[{"@type":"Article","@id":"https:\/\/diariotextual.com\/inicio\/index.php\/2023\/02\/15\/los-carnavales-cobran-protagonismo-en-distintos-puntos-de-la-provincia\/#article","isPartOf":{"@id":"https:\/\/diariotextual.com\/inicio\/index.php\/2023\/02\/15\/los-carnavales-cobran-protagonismo-en-distintos-puntos-de-la-provincia\/"},"author":{"name":"diario2","@id":"https:\/\/diariotextual.com\/inicio\/#\/schema\/person\/694f60677f23c4a530867a98f22b3768"},"headline":"Los carnavales cobran protagonismo en distintos puntos de la provincia","datePublished":"2023-02-15T11:25:53+00:00","dateModified":"2023-02-15T16:02:50+00:00","mainEntityOfPage":{"@id":"https:\/\/diariotextual.com\/inicio\/index.php\/2023\/02\/15\/los-carnavales-cobran-protagonismo-en-distintos-puntos-de-la-provincia\/"},"wordCount":754,"publisher":{"@id":"https:\/\/diariotextual.com\/inicio\/#organization"},"image":{"@id":"https:\/\/diariotextual.com\/inicio\/index.php\/2023\/02\/15\/los-carnavales-cobran-protagonismo-en-distintos-puntos-de-la-provincia\/#primaryimage"},"thumbnailUrl":"https:\/\/diariotextual.com\/inicio\/wp-content\/uploads\/2020\/02\/carnavalessantarosa2020-100.jpg","articleSection":["A - QUE PASA (al costado)","SOCIEDAD"],"inLanguage":"es"},{"@type":"WebPage","@id":"https:\/\/diariotextual.com\/inicio\/index.php\/2023\/02\/15\/los-carnavales-cobran-protagonismo-en-distintos-puntos-de-la-provincia\/","url":"https:\/\/diariotextual.com\/inicio\/index.php\/2023\/02\/15\/los-carnavales-cobran-protagonismo-en-distintos-puntos-de-la-provincia\/","name":"Los carnavales cobran protagonismo en distintos puntos de la provincia - Diario Textual","isPartOf":{"@id":"https:\/\/diariotextual.com\/inicio\/#website"},"primaryImageOfPage":{"@id":"https:\/\/diariotextual.com\/inicio\/index.php\/2023\/02\/15\/los-carnavales-cobran-protagonismo-en-distintos-puntos-de-la-provincia\/#primaryimage"},"image":{"@id":"https:\/\/diariotextual.com\/inicio\/index.php\/2023\/02\/15\/los-carnavales-cobran-protagonismo-en-distintos-puntos-de-la-provincia\/#primaryimage"},"thumbnailUrl":"https:\/\/diariotextual.com\/inicio\/wp-content\/uploads\/2020\/02\/carnavalessantarosa2020-100.jpg","datePublished":"2023-02-15T11:25:53+00:00","dateModified":"2023-02-15T16:02:50+00:00","breadcrumb":{"@id":"https:\/\/diariotextual.com\/inicio\/index.php\/2023\/02\/15\/los-carnavales-cobran-protagonismo-en-distintos-puntos-de-la-provincia\/#breadcrumb"},"inLanguage":"es","potentialAction":[{"@type":"ReadAction","target":["https:\/\/diariotextual.com\/inicio\/index.php\/2023\/02\/15\/los-carnavales-cobran-protagonismo-en-distintos-puntos-de-la-provincia\/"]}]},{"@type":"ImageObject","inLanguage":"es","@id":"https:\/\/diariotextual.com\/inicio\/index.php\/2023\/02\/15\/los-carnavales-cobran-protagonismo-en-distintos-puntos-de-la-provincia\/#primaryimage","url":"https:\/\/diariotextual.com\/inicio\/wp-content\/uploads\/2020\/02\/carnavalessantarosa2020-100.jpg","contentUrl":"https:\/\/diariotextual.com\/inicio\/wp-content\/uploads\/2020\/02\/carnavalessantarosa2020-100.jpg","width":1500,"height":979},{"@type":"BreadcrumbList","@id":"https:\/\/diariotextual.com\/inicio\/index.php\/2023\/02\/15\/los-carnavales-cobran-protagonismo-en-distintos-puntos-de-la-provincia\/#breadcrumb","itemListElement":[{"@type":"ListItem","position":1,"name":"Portada","item":"https:\/\/diariotextual.com\/inicio\/"},{"@type":"ListItem","position":2,"name":"Los carnavales cobran protagonismo en distintos puntos de la provincia"}]},{"@type":"WebSite","@id":"https:\/\/diariotextual.com\/inicio\/#website","url":"https:\/\/diariotextual.com\/inicio\/","name":"Diario Textual","description":"","publisher":{"@id":"https:\/\/diariotextual.com\/inicio\/#organization"},"potentialAction":[{"@type":"SearchAction","target":{"@type":"EntryPoint","urlTemplate":"https:\/\/diariotextual.com\/inicio\/?s={search_term_string}"},"query-input":{"@type":"PropertyValueSpecification","valueRequired":true,"valueName":"search_term_string"}}],"inLanguage":"es"},{"@type":"Organization","@id":"https:\/\/diariotextual.com\/inicio\/#organization","name":"Diario Textual","url":"https:\/\/diariotextual.com\/inicio\/","logo":{"@type":"ImageObject","inLanguage":"es","@id":"https:\/\/diariotextual.com\/inicio\/#\/schema\/logo\/image\/","url":"https:\/\/diariotextual.com\/inicio\/wp-content\/uploads\/2023\/05\/logotextual1.jpg","contentUrl":"https:\/\/diariotextual.com\/inicio\/wp-content\/uploads\/2023\/05\/logotextual1.jpg","width":516,"height":76,"caption":"Diario Textual"},"image":{"@id":"https:\/\/diariotextual.com\/inicio\/#\/schema\/logo\/image\/"},"sameAs":["https:\/\/www.facebook.com\/eltextual","https:\/\/x.com\/eltextual","http:\/\/www.instagram.com\/eltextual"]},{"@type":"Person","@id":"https:\/\/diariotextual.com\/inicio\/#\/schema\/person\/694f60677f23c4a530867a98f22b3768","name":"diario2","image":{"@type":"ImageObject","inLanguage":"es","@id":"https:\/\/secure.gravatar.com\/avatar\/5a2567495ba16b852fcd8f1ed006a2e24fcace936018ed8237e95f488ad6e0a7?s=96&d=mm&r=g","url":"https:\/\/secure.gravatar.com\/avatar\/5a2567495ba16b852fcd8f1ed006a2e24fcace936018ed8237e95f488ad6e0a7?s=96&d=mm&r=g","contentUrl":"https:\/\/secure.gravatar.com\/avatar\/5a2567495ba16b852fcd8f1ed006a2e24fcace936018ed8237e95f488ad6e0a7?s=96&d=mm&r=g","caption":"diario2"},"url":"https:\/\/diariotextual.com\/inicio\/index.php\/author\/diario2\/"}]}},"_links":{"self":[{"href":"https:\/\/diariotextual.com\/inicio\/index.php\/wp-json\/wp\/v2\/posts\/216147","targetHints":{"allow":["GET"]}}],"collection":[{"href":"https:\/\/diariotextual.com\/inicio\/index.php\/wp-json\/wp\/v2\/posts"}],"about":[{"href":"https:\/\/diariotextual.com\/inicio\/index.php\/wp-json\/wp\/v2\/types\/post"}],"author":[{"embeddable":true,"href":"https:\/\/diariotextual.com\/inicio\/index.php\/wp-json\/wp\/v2\/users\/4"}],"replies":[{"embeddable":true,"href":"https:\/\/diariotextual.com\/inicio\/index.php\/wp-json\/wp\/v2\/comments?post=216147"}],"version-history":[{"count":1,"href":"https:\/\/diariotextual.com\/inicio\/index.php\/wp-json\/wp\/v2\/posts\/216147\/revisions"}],"predecessor-version":[{"id":216153,"href":"https:\/\/diariotextual.com\/inicio\/index.php\/wp-json\/wp\/v2\/posts\/216147\/revisions\/216153"}],"wp:featuredmedia":[{"embeddable":true,"href":"https:\/\/diariotextual.com\/inicio\/index.php\/wp-json\/wp\/v2\/media\/80853"}],"wp:attachment":[{"href":"https:\/\/diariotextual.com\/inicio\/index.php\/wp-json\/wp\/v2\/media?parent=216147"}],"wp:term":[{"taxonomy":"category","embeddable":true,"href":"https:\/\/diariotextual.com\/inicio\/index.php\/wp-json\/wp\/v2\/categories?post=216147"},{"taxonomy":"post_tag","embeddable":true,"href":"https:\/\/diariotextual.com\/inicio\/index.php\/wp-json\/wp\/v2\/tags?post=216147"}],"curies":[{"name":"wp","href":"https:\/\/api.w.org\/{rel}","templated":true}]}}