{"id":216359,"date":"2023-02-17T07:49:30","date_gmt":"2023-02-17T10:49:30","guid":{"rendered":"https:\/\/diariotextual.com\/inicio\/?p=216359"},"modified":"2023-02-17T18:55:11","modified_gmt":"2023-02-17T21:55:11","slug":"caso-lucio-dictan-la-pena-para-las-acusadas","status":"publish","type":"post","link":"https:\/\/diariotextual.com\/inicio\/index.php\/2023\/02\/17\/caso-lucio-dictan-la-pena-para-las-acusadas\/","title":{"rendered":"Caso Lucio: dictan la pena para las condenadas del crimen"},"content":{"rendered":"\n<p>Los jueces Alejandra Ongaro, Daniel S\u00e1ez Zamora y Andr\u00e9s Oli\u00e9\u00a0dar\u00e1n a conocer este viernes a las 12 las <strong>penas que recibir\u00e1n las dos condenadas por el asesinato del peque\u00f1o Lucio Dupuy.<\/strong> \u00a0El Tribunal de Audiencias de Santa Rosa declar\u00f3 culpables el pasado 2 de febrero a\u00a0<strong>Magdalena Esp\u00f3sito Valenti<\/strong>, madre de\u00a0Lucio, y a\u00a0<strong>Abigail P\u00e1ez<\/strong>, su pareja, del homicidio agravado del ni\u00f1o de 5 a\u00f1os, ocurrido en noviembre de 2021.<\/p>\n\n\n\n<p>Durante la&nbsp;audiencia&nbsp;que se realiz\u00f3 este lunes 13 de febrero, la fiscal&nbsp;Ver\u00f3nica Ferrero&nbsp;pidi\u00f3 que las dos acusadas fueran condenadas a prisi\u00f3n perpetua porque, frente a los delitos cometidos, el C\u00f3digo Penal prev\u00e9 solamente esa pena.<\/p>\n\n\n\n<p>La expectativa se centra&nbsp;en saber si los magistrados aplicar\u00e1n el&nbsp;\u201ctiempo indeterminado\u201d&nbsp;a la condena a prisi\u00f3n perpetua que ya les cabe por la gravedad del delito que les endilgaron.<\/p>\n\n\n\n<iframe width=\"560\" height=\"315\" src=\"https:\/\/www.youtube.com\/embed\/rJq8R0ocHj8\" title=\"YouTube video player\" frameborder=\"0\" allow=\"accelerometer; autoplay; clipboard-write; encrypted-media; gyroscope; picture-in-picture; web-share\" allowfullscreen=\"\"><\/iframe>\n\n\n\n<p>El&nbsp;<strong>Tribunal de Audiencia de Santa Rosa<\/strong>&nbsp;consider\u00f3 culpables de los delitos de&nbsp;<strong>homicidio<\/strong>&nbsp;<strong>triplemente<\/strong>&nbsp;<strong>agravado por el v\u00ednculo, el ensa\u00f1amiento y alevos\u00eda&nbsp;<\/strong>a&nbsp;<strong>Magdalena Esp\u00f3sito Valenti&nbsp;<\/strong>y por&nbsp;<strong>homicidio doblemente agravado por ensa\u00f1amiento y alevos\u00eda y por abuso sexual<\/strong>&nbsp;a su novia&nbsp;<strong>Abigail P\u00e1ez<\/strong>&nbsp;por el asesinato del nene de 5 a\u00f1os el 26 de noviembre de 2021. Esp\u00f3sito Valenti, en tanto, fue absuelta de la acusaci\u00f3n del abuso sexual.<\/p>\n\n\n\n<p>El nene de 5 a\u00f1os fue asesinado en la tarde del 26 de noviembre de 2021, en el departamento de la calle Allan Kardec al 2300, de Santa Rosa, donde viv\u00eda con su madre y la novia de su progenitora.<\/p>\n\n\n\n<p>Los movimientos de las imputadas y Lucio del 26 de noviembre de 2021 quedaron registrados por una c\u00e1mara ubicada frente al departamento.<\/p>\n\n\n\n<p>Seg\u00fan se puede observar, a las 17.32 horas se lo vio a Lucio vivo por \u00faltima vez. Se tiene acreditado que entre ese momento y las 19.40 horas, cuando ambas imputadas salieron solas del departamento, Lucio fue golpeado brutalmente. Abigail llev\u00f3 en moto a su novia al trabajo de moza en un hotel. Volvi\u00f3 sola a las 20.49 y, en ese momento, intent\u00f3 reanimar al nene y lo meti\u00f3 baj\u00f3 la ducha. Ya a las 21.30 sali\u00f3 con Lucio en brazos para una posta sanitaria, pero la encontr\u00f3 cerrada y el nene fue asistido por vecinos. Finalmente fue trasladado al Hospital Evita, donde a las 21.45 horas se constat\u00f3 que ya estaba muerto.<\/p>\n\n\n\n<p>La Justicia estableci\u00f3, en base a pericias, que las dos participaron de la golpiza mortal, entre las 18 y las 19 horas de ese d\u00eda. El nene recibi\u00f3 golpes de pu\u00f1o y patadas y golpes con un palo. Tambi\u00e9n recibi\u00f3 un pisot\u00f3n en la espalda por parte de Abigail P\u00e1ez (se pudo determinar por la marca que dej\u00f3 su zapatilla), que le provoc\u00f3 lesiones internas como el desgarro del h\u00edgado. Adem\u00e1s, fue mordido en sus zonas \u00edntimas y en su brazo izquierdo.<\/p>\n\n\n\n<p>La causa de la muerte fue el edema cerebral como consecuencia de politraumatismos. El m\u00e9dico forense Juan Carlos Toulouse explic\u00f3 que ese edema, al no poder hincharse el cr\u00e1neo, como pasar\u00eda con cualquier otra parte del cuerpo, provoca el enclavamiento de las am\u00edgdalas cerebelosas que producen un paro card\u00edaco. Pero tambi\u00e9n explic\u00f3 que otras lesiones internas indicadas en la autopsia habr\u00edan provocado la muerte por hipovolemia, si no se hubiera producido el paro card\u00edaco que detuvo -naturalmente- el flujo sangu\u00edneo.<\/p>\n\n\n\n<p>El fallecimiento del ni\u00f1o fue declarado a las 21.45 horas, en el Hospital Evita. De todas maneras, se estableci\u00f3 que ya lleg\u00f3 muerto al Hospital Evita, aproximadamente a las 21.30 horas, conforme las declaraciones de m\u00e9dicos y enfermeras. Todos ellos refirieron que el ni\u00f1o estaba inconsciente, no ten\u00eda pulso ni respiraba.<\/p>\n\n\n\n<p>Pero incluso ya antes, al momento que Abigail P\u00e1ez sale del domicilio con Lucio Dupuy en brazos, el ni\u00f1o ya estaba muerto: una enfermera jubilada, que lo asisti\u00f3, dijo que no ten\u00eda pulso. El v\u00f3mito expelido en circunstancias que estaba siendo atendido por esta \u00faltima testigo, fue explicado por el m\u00e9dico forense como un reflejo vagal de la persona cuando ya est\u00e1 muerta.<\/p>\n\n\n\n<p>Pericialmente, qued\u00f3 definido el horario de la muerte de Lucio Dupuy entre las 19 y 21 horas del d\u00eda 26 de noviembre.<\/p>\n\n\n\n<p>Pero la data que m\u00e1s interesa es aquella relativa a la producci\u00f3n de las lesiones que luego acarrearon la muerte de Lucio Dupuy: fue determinado entre las 18 y 19 horas y, con mayor precisi\u00f3n, sostuvo el m\u00e9dico forense, que las m\u00e1s graves se pudieron ubicar 15 o 20 minutos antes de las 19 horas, lapso temporal en el cual las acusadas se encontraban solas con el ni\u00f1o en su domicilio.<\/p>\n\n\n\n<p>Lucio vivi\u00f3 un infierno de violencia psicol\u00f3gica, sexual y f\u00edsica. Seg\u00fan estableci\u00f3 la Justicia en su sentencia, en este devenir violento es posible advertir un \u201ccrescendo de violencia\u201d, a la luz de los chats mantenidos entre ambas imputadas, a partir de mediados del mes de octubre de 2021, momento desde el cual se exacerba la irritaci\u00f3n que evidentemente el ni\u00f1o provocaba en ambas y en el riesgo de que ello quebrara su relaci\u00f3n sentimental, algo que ninguna de las dos parec\u00eda estar dispuesta a soportar.<\/p>\n","protected":false},"excerpt":{"rendered":"<p>Los jueces Alejandra Ongaro, Daniel S\u00e1ez Zamora y Andr\u00e9s Oli\u00e9\u00a0dar\u00e1n a conocer este viernes a las 12 las penas que recibir\u00e1n las dos condenadas por el asesinato del peque\u00f1o Lucio&hellip;<\/p>\n","protected":false},"author":4,"featured_media":214968,"comment_status":"closed","ping_status":"open","sticky":false,"template":"","format":"standard","meta":{"_acf_changed":false,"footnotes":""},"categories":[12],"tags":[],"class_list":["post-216359","post","type-post","status-publish","format-standard","has-post-thumbnail","hentry","category-sociedad"],"acf":[],"yoast_head":"<!-- This site is optimized with the Yoast SEO plugin v27.5 - https:\/\/yoast.com\/product\/yoast-seo-wordpress\/ -->\n<title>Caso Lucio: dictan la pena para las condenadas del crimen - Diario Textual<\/title>\n<meta name=\"robots\" content=\"index, follow, max-snippet:-1, max-image-preview:large, max-video-preview:-1\" \/>\n<link rel=\"canonical\" href=\"https:\/\/diariotextual.com\/inicio\/index.php\/2023\/02\/17\/caso-lucio-dictan-la-pena-para-las-acusadas\/\" \/>\n<meta property=\"og:locale\" content=\"es_ES\" \/>\n<meta property=\"og:type\" content=\"article\" \/>\n<meta property=\"og:title\" content=\"Caso Lucio: dictan la pena para las condenadas del crimen - Diario Textual\" \/>\n<meta property=\"og:description\" content=\"Los jueces Alejandra Ongaro, Daniel S\u00e1ez Zamora y Andr\u00e9s Oli\u00e9\u00a0dar\u00e1n a conocer este viernes a las 12 las penas que recibir\u00e1n las dos condenadas por el asesinato del peque\u00f1o Lucio&hellip;\" \/>\n<meta property=\"og:url\" content=\"https:\/\/diariotextual.com\/inicio\/index.php\/2023\/02\/17\/caso-lucio-dictan-la-pena-para-las-acusadas\/\" \/>\n<meta property=\"og:site_name\" content=\"Diario Textual\" \/>\n<meta property=\"article:publisher\" content=\"https:\/\/www.facebook.com\/eltextual\" \/>\n<meta property=\"article:published_time\" content=\"2023-02-17T10:49:30+00:00\" \/>\n<meta property=\"article:modified_time\" content=\"2023-02-17T21:55:11+00:00\" \/>\n<meta property=\"og:image\" content=\"https:\/\/diariotextual.com\/inicio\/wp-content\/uploads\/2023\/02\/luciodupuyjuiciomanifestacion2023-2.jpeg\" \/>\n\t<meta property=\"og:image:width\" content=\"1280\" \/>\n\t<meta property=\"og:image:height\" content=\"720\" \/>\n\t<meta property=\"og:image:type\" content=\"image\/jpeg\" \/>\n<meta name=\"author\" content=\"diario2\" \/>\n<meta name=\"twitter:card\" content=\"summary_large_image\" \/>\n<meta name=\"twitter:creator\" content=\"@eltextual\" \/>\n<meta name=\"twitter:site\" content=\"@eltextual\" \/>\n<meta name=\"twitter:label1\" content=\"Escrito por\" \/>\n\t<meta name=\"twitter:data1\" content=\"diario2\" \/>\n\t<meta name=\"twitter:label2\" content=\"Tiempo de lectura\" \/>\n\t<meta name=\"twitter:data2\" content=\"4 minutos\" \/>\n<script type=\"application\/ld+json\" class=\"yoast-schema-graph\">{\"@context\":\"https:\\\/\\\/schema.org\",\"@graph\":[{\"@type\":\"Article\",\"@id\":\"https:\\\/\\\/diariotextual.com\\\/inicio\\\/index.php\\\/2023\\\/02\\\/17\\\/caso-lucio-dictan-la-pena-para-las-acusadas\\\/#article\",\"isPartOf\":{\"@id\":\"https:\\\/\\\/diariotextual.com\\\/inicio\\\/index.php\\\/2023\\\/02\\\/17\\\/caso-lucio-dictan-la-pena-para-las-acusadas\\\/\"},\"author\":{\"name\":\"diario2\",\"@id\":\"https:\\\/\\\/diariotextual.com\\\/inicio\\\/#\\\/schema\\\/person\\\/694f60677f23c4a530867a98f22b3768\"},\"headline\":\"Caso Lucio: dictan la pena para las condenadas del crimen\",\"datePublished\":\"2023-02-17T10:49:30+00:00\",\"dateModified\":\"2023-02-17T21:55:11+00:00\",\"mainEntityOfPage\":{\"@id\":\"https:\\\/\\\/diariotextual.com\\\/inicio\\\/index.php\\\/2023\\\/02\\\/17\\\/caso-lucio-dictan-la-pena-para-las-acusadas\\\/\"},\"wordCount\":905,\"publisher\":{\"@id\":\"https:\\\/\\\/diariotextual.com\\\/inicio\\\/#organization\"},\"image\":{\"@id\":\"https:\\\/\\\/diariotextual.com\\\/inicio\\\/index.php\\\/2023\\\/02\\\/17\\\/caso-lucio-dictan-la-pena-para-las-acusadas\\\/#primaryimage\"},\"thumbnailUrl\":\"https:\\\/\\\/diariotextual.com\\\/inicio\\\/wp-content\\\/uploads\\\/2023\\\/02\\\/luciodupuyjuiciomanifestacion2023-2.jpeg\",\"articleSection\":[\"SOCIEDAD\"],\"inLanguage\":\"es\"},{\"@type\":\"WebPage\",\"@id\":\"https:\\\/\\\/diariotextual.com\\\/inicio\\\/index.php\\\/2023\\\/02\\\/17\\\/caso-lucio-dictan-la-pena-para-las-acusadas\\\/\",\"url\":\"https:\\\/\\\/diariotextual.com\\\/inicio\\\/index.php\\\/2023\\\/02\\\/17\\\/caso-lucio-dictan-la-pena-para-las-acusadas\\\/\",\"name\":\"Caso Lucio: dictan la pena para las condenadas del crimen - Diario Textual\",\"isPartOf\":{\"@id\":\"https:\\\/\\\/diariotextual.com\\\/inicio\\\/#website\"},\"primaryImageOfPage\":{\"@id\":\"https:\\\/\\\/diariotextual.com\\\/inicio\\\/index.php\\\/2023\\\/02\\\/17\\\/caso-lucio-dictan-la-pena-para-las-acusadas\\\/#primaryimage\"},\"image\":{\"@id\":\"https:\\\/\\\/diariotextual.com\\\/inicio\\\/index.php\\\/2023\\\/02\\\/17\\\/caso-lucio-dictan-la-pena-para-las-acusadas\\\/#primaryimage\"},\"thumbnailUrl\":\"https:\\\/\\\/diariotextual.com\\\/inicio\\\/wp-content\\\/uploads\\\/2023\\\/02\\\/luciodupuyjuiciomanifestacion2023-2.jpeg\",\"datePublished\":\"2023-02-17T10:49:30+00:00\",\"dateModified\":\"2023-02-17T21:55:11+00:00\",\"breadcrumb\":{\"@id\":\"https:\\\/\\\/diariotextual.com\\\/inicio\\\/index.php\\\/2023\\\/02\\\/17\\\/caso-lucio-dictan-la-pena-para-las-acusadas\\\/#breadcrumb\"},\"inLanguage\":\"es\",\"potentialAction\":[{\"@type\":\"ReadAction\",\"target\":[\"https:\\\/\\\/diariotextual.com\\\/inicio\\\/index.php\\\/2023\\\/02\\\/17\\\/caso-lucio-dictan-la-pena-para-las-acusadas\\\/\"]}]},{\"@type\":\"ImageObject\",\"inLanguage\":\"es\",\"@id\":\"https:\\\/\\\/diariotextual.com\\\/inicio\\\/index.php\\\/2023\\\/02\\\/17\\\/caso-lucio-dictan-la-pena-para-las-acusadas\\\/#primaryimage\",\"url\":\"https:\\\/\\\/diariotextual.com\\\/inicio\\\/wp-content\\\/uploads\\\/2023\\\/02\\\/luciodupuyjuiciomanifestacion2023-2.jpeg\",\"contentUrl\":\"https:\\\/\\\/diariotextual.com\\\/inicio\\\/wp-content\\\/uploads\\\/2023\\\/02\\\/luciodupuyjuiciomanifestacion2023-2.jpeg\",\"width\":1280,\"height\":720},{\"@type\":\"BreadcrumbList\",\"@id\":\"https:\\\/\\\/diariotextual.com\\\/inicio\\\/index.php\\\/2023\\\/02\\\/17\\\/caso-lucio-dictan-la-pena-para-las-acusadas\\\/#breadcrumb\",\"itemListElement\":[{\"@type\":\"ListItem\",\"position\":1,\"name\":\"Portada\",\"item\":\"https:\\\/\\\/diariotextual.com\\\/inicio\\\/\"},{\"@type\":\"ListItem\",\"position\":2,\"name\":\"Caso Lucio: dictan la pena para las condenadas del crimen\"}]},{\"@type\":\"WebSite\",\"@id\":\"https:\\\/\\\/diariotextual.com\\\/inicio\\\/#website\",\"url\":\"https:\\\/\\\/diariotextual.com\\\/inicio\\\/\",\"name\":\"Diario Textual\",\"description\":\"\",\"publisher\":{\"@id\":\"https:\\\/\\\/diariotextual.com\\\/inicio\\\/#organization\"},\"potentialAction\":[{\"@type\":\"SearchAction\",\"target\":{\"@type\":\"EntryPoint\",\"urlTemplate\":\"https:\\\/\\\/diariotextual.com\\\/inicio\\\/?s={search_term_string}\"},\"query-input\":{\"@type\":\"PropertyValueSpecification\",\"valueRequired\":true,\"valueName\":\"search_term_string\"}}],\"inLanguage\":\"es\"},{\"@type\":\"Organization\",\"@id\":\"https:\\\/\\\/diariotextual.com\\\/inicio\\\/#organization\",\"name\":\"Diario Textual\",\"url\":\"https:\\\/\\\/diariotextual.com\\\/inicio\\\/\",\"logo\":{\"@type\":\"ImageObject\",\"inLanguage\":\"es\",\"@id\":\"https:\\\/\\\/diariotextual.com\\\/inicio\\\/#\\\/schema\\\/logo\\\/image\\\/\",\"url\":\"https:\\\/\\\/diariotextual.com\\\/inicio\\\/wp-content\\\/uploads\\\/2023\\\/05\\\/logotextual1.jpg\",\"contentUrl\":\"https:\\\/\\\/diariotextual.com\\\/inicio\\\/wp-content\\\/uploads\\\/2023\\\/05\\\/logotextual1.jpg\",\"width\":516,\"height\":76,\"caption\":\"Diario Textual\"},\"image\":{\"@id\":\"https:\\\/\\\/diariotextual.com\\\/inicio\\\/#\\\/schema\\\/logo\\\/image\\\/\"},\"sameAs\":[\"https:\\\/\\\/www.facebook.com\\\/eltextual\",\"https:\\\/\\\/x.com\\\/eltextual\",\"http:\\\/\\\/www.instagram.com\\\/eltextual\"]},{\"@type\":\"Person\",\"@id\":\"https:\\\/\\\/diariotextual.com\\\/inicio\\\/#\\\/schema\\\/person\\\/694f60677f23c4a530867a98f22b3768\",\"name\":\"diario2\",\"image\":{\"@type\":\"ImageObject\",\"inLanguage\":\"es\",\"@id\":\"https:\\\/\\\/secure.gravatar.com\\\/avatar\\\/5a2567495ba16b852fcd8f1ed006a2e24fcace936018ed8237e95f488ad6e0a7?s=96&d=mm&r=g\",\"url\":\"https:\\\/\\\/secure.gravatar.com\\\/avatar\\\/5a2567495ba16b852fcd8f1ed006a2e24fcace936018ed8237e95f488ad6e0a7?s=96&d=mm&r=g\",\"contentUrl\":\"https:\\\/\\\/secure.gravatar.com\\\/avatar\\\/5a2567495ba16b852fcd8f1ed006a2e24fcace936018ed8237e95f488ad6e0a7?s=96&d=mm&r=g\",\"caption\":\"diario2\"},\"url\":\"https:\\\/\\\/diariotextual.com\\\/inicio\\\/index.php\\\/author\\\/diario2\\\/\"}]}<\/script>\n<!-- \/ Yoast SEO plugin. -->","yoast_head_json":{"title":"Caso Lucio: dictan la pena para las condenadas del crimen - Diario Textual","robots":{"index":"index","follow":"follow","max-snippet":"max-snippet:-1","max-image-preview":"max-image-preview:large","max-video-preview":"max-video-preview:-1"},"canonical":"https:\/\/diariotextual.com\/inicio\/index.php\/2023\/02\/17\/caso-lucio-dictan-la-pena-para-las-acusadas\/","og_locale":"es_ES","og_type":"article","og_title":"Caso Lucio: dictan la pena para las condenadas del crimen - Diario Textual","og_description":"Los jueces Alejandra Ongaro, Daniel S\u00e1ez Zamora y Andr\u00e9s Oli\u00e9\u00a0dar\u00e1n a conocer este viernes a las 12 las penas que recibir\u00e1n las dos condenadas por el asesinato del peque\u00f1o Lucio&hellip;","og_url":"https:\/\/diariotextual.com\/inicio\/index.php\/2023\/02\/17\/caso-lucio-dictan-la-pena-para-las-acusadas\/","og_site_name":"Diario Textual","article_publisher":"https:\/\/www.facebook.com\/eltextual","article_published_time":"2023-02-17T10:49:30+00:00","article_modified_time":"2023-02-17T21:55:11+00:00","og_image":[{"width":1280,"height":720,"url":"https:\/\/diariotextual.com\/inicio\/wp-content\/uploads\/2023\/02\/luciodupuyjuiciomanifestacion2023-2.jpeg","type":"image\/jpeg"}],"author":"diario2","twitter_card":"summary_large_image","twitter_creator":"@eltextual","twitter_site":"@eltextual","twitter_misc":{"Escrito por":"diario2","Tiempo de lectura":"4 minutos"},"schema":{"@context":"https:\/\/schema.org","@graph":[{"@type":"Article","@id":"https:\/\/diariotextual.com\/inicio\/index.php\/2023\/02\/17\/caso-lucio-dictan-la-pena-para-las-acusadas\/#article","isPartOf":{"@id":"https:\/\/diariotextual.com\/inicio\/index.php\/2023\/02\/17\/caso-lucio-dictan-la-pena-para-las-acusadas\/"},"author":{"name":"diario2","@id":"https:\/\/diariotextual.com\/inicio\/#\/schema\/person\/694f60677f23c4a530867a98f22b3768"},"headline":"Caso Lucio: dictan la pena para las condenadas del crimen","datePublished":"2023-02-17T10:49:30+00:00","dateModified":"2023-02-17T21:55:11+00:00","mainEntityOfPage":{"@id":"https:\/\/diariotextual.com\/inicio\/index.php\/2023\/02\/17\/caso-lucio-dictan-la-pena-para-las-acusadas\/"},"wordCount":905,"publisher":{"@id":"https:\/\/diariotextual.com\/inicio\/#organization"},"image":{"@id":"https:\/\/diariotextual.com\/inicio\/index.php\/2023\/02\/17\/caso-lucio-dictan-la-pena-para-las-acusadas\/#primaryimage"},"thumbnailUrl":"https:\/\/diariotextual.com\/inicio\/wp-content\/uploads\/2023\/02\/luciodupuyjuiciomanifestacion2023-2.jpeg","articleSection":["SOCIEDAD"],"inLanguage":"es"},{"@type":"WebPage","@id":"https:\/\/diariotextual.com\/inicio\/index.php\/2023\/02\/17\/caso-lucio-dictan-la-pena-para-las-acusadas\/","url":"https:\/\/diariotextual.com\/inicio\/index.php\/2023\/02\/17\/caso-lucio-dictan-la-pena-para-las-acusadas\/","name":"Caso Lucio: dictan la pena para las condenadas del crimen - Diario Textual","isPartOf":{"@id":"https:\/\/diariotextual.com\/inicio\/#website"},"primaryImageOfPage":{"@id":"https:\/\/diariotextual.com\/inicio\/index.php\/2023\/02\/17\/caso-lucio-dictan-la-pena-para-las-acusadas\/#primaryimage"},"image":{"@id":"https:\/\/diariotextual.com\/inicio\/index.php\/2023\/02\/17\/caso-lucio-dictan-la-pena-para-las-acusadas\/#primaryimage"},"thumbnailUrl":"https:\/\/diariotextual.com\/inicio\/wp-content\/uploads\/2023\/02\/luciodupuyjuiciomanifestacion2023-2.jpeg","datePublished":"2023-02-17T10:49:30+00:00","dateModified":"2023-02-17T21:55:11+00:00","breadcrumb":{"@id":"https:\/\/diariotextual.com\/inicio\/index.php\/2023\/02\/17\/caso-lucio-dictan-la-pena-para-las-acusadas\/#breadcrumb"},"inLanguage":"es","potentialAction":[{"@type":"ReadAction","target":["https:\/\/diariotextual.com\/inicio\/index.php\/2023\/02\/17\/caso-lucio-dictan-la-pena-para-las-acusadas\/"]}]},{"@type":"ImageObject","inLanguage":"es","@id":"https:\/\/diariotextual.com\/inicio\/index.php\/2023\/02\/17\/caso-lucio-dictan-la-pena-para-las-acusadas\/#primaryimage","url":"https:\/\/diariotextual.com\/inicio\/wp-content\/uploads\/2023\/02\/luciodupuyjuiciomanifestacion2023-2.jpeg","contentUrl":"https:\/\/diariotextual.com\/inicio\/wp-content\/uploads\/2023\/02\/luciodupuyjuiciomanifestacion2023-2.jpeg","width":1280,"height":720},{"@type":"BreadcrumbList","@id":"https:\/\/diariotextual.com\/inicio\/index.php\/2023\/02\/17\/caso-lucio-dictan-la-pena-para-las-acusadas\/#breadcrumb","itemListElement":[{"@type":"ListItem","position":1,"name":"Portada","item":"https:\/\/diariotextual.com\/inicio\/"},{"@type":"ListItem","position":2,"name":"Caso Lucio: dictan la pena para las condenadas del crimen"}]},{"@type":"WebSite","@id":"https:\/\/diariotextual.com\/inicio\/#website","url":"https:\/\/diariotextual.com\/inicio\/","name":"Diario Textual","description":"","publisher":{"@id":"https:\/\/diariotextual.com\/inicio\/#organization"},"potentialAction":[{"@type":"SearchAction","target":{"@type":"EntryPoint","urlTemplate":"https:\/\/diariotextual.com\/inicio\/?s={search_term_string}"},"query-input":{"@type":"PropertyValueSpecification","valueRequired":true,"valueName":"search_term_string"}}],"inLanguage":"es"},{"@type":"Organization","@id":"https:\/\/diariotextual.com\/inicio\/#organization","name":"Diario Textual","url":"https:\/\/diariotextual.com\/inicio\/","logo":{"@type":"ImageObject","inLanguage":"es","@id":"https:\/\/diariotextual.com\/inicio\/#\/schema\/logo\/image\/","url":"https:\/\/diariotextual.com\/inicio\/wp-content\/uploads\/2023\/05\/logotextual1.jpg","contentUrl":"https:\/\/diariotextual.com\/inicio\/wp-content\/uploads\/2023\/05\/logotextual1.jpg","width":516,"height":76,"caption":"Diario Textual"},"image":{"@id":"https:\/\/diariotextual.com\/inicio\/#\/schema\/logo\/image\/"},"sameAs":["https:\/\/www.facebook.com\/eltextual","https:\/\/x.com\/eltextual","http:\/\/www.instagram.com\/eltextual"]},{"@type":"Person","@id":"https:\/\/diariotextual.com\/inicio\/#\/schema\/person\/694f60677f23c4a530867a98f22b3768","name":"diario2","image":{"@type":"ImageObject","inLanguage":"es","@id":"https:\/\/secure.gravatar.com\/avatar\/5a2567495ba16b852fcd8f1ed006a2e24fcace936018ed8237e95f488ad6e0a7?s=96&d=mm&r=g","url":"https:\/\/secure.gravatar.com\/avatar\/5a2567495ba16b852fcd8f1ed006a2e24fcace936018ed8237e95f488ad6e0a7?s=96&d=mm&r=g","contentUrl":"https:\/\/secure.gravatar.com\/avatar\/5a2567495ba16b852fcd8f1ed006a2e24fcace936018ed8237e95f488ad6e0a7?s=96&d=mm&r=g","caption":"diario2"},"url":"https:\/\/diariotextual.com\/inicio\/index.php\/author\/diario2\/"}]}},"_links":{"self":[{"href":"https:\/\/diariotextual.com\/inicio\/index.php\/wp-json\/wp\/v2\/posts\/216359","targetHints":{"allow":["GET"]}}],"collection":[{"href":"https:\/\/diariotextual.com\/inicio\/index.php\/wp-json\/wp\/v2\/posts"}],"about":[{"href":"https:\/\/diariotextual.com\/inicio\/index.php\/wp-json\/wp\/v2\/types\/post"}],"author":[{"embeddable":true,"href":"https:\/\/diariotextual.com\/inicio\/index.php\/wp-json\/wp\/v2\/users\/4"}],"replies":[{"embeddable":true,"href":"https:\/\/diariotextual.com\/inicio\/index.php\/wp-json\/wp\/v2\/comments?post=216359"}],"version-history":[{"count":6,"href":"https:\/\/diariotextual.com\/inicio\/index.php\/wp-json\/wp\/v2\/posts\/216359\/revisions"}],"predecessor-version":[{"id":216400,"href":"https:\/\/diariotextual.com\/inicio\/index.php\/wp-json\/wp\/v2\/posts\/216359\/revisions\/216400"}],"wp:featuredmedia":[{"embeddable":true,"href":"https:\/\/diariotextual.com\/inicio\/index.php\/wp-json\/wp\/v2\/media\/214968"}],"wp:attachment":[{"href":"https:\/\/diariotextual.com\/inicio\/index.php\/wp-json\/wp\/v2\/media?parent=216359"}],"wp:term":[{"taxonomy":"category","embeddable":true,"href":"https:\/\/diariotextual.com\/inicio\/index.php\/wp-json\/wp\/v2\/categories?post=216359"},{"taxonomy":"post_tag","embeddable":true,"href":"https:\/\/diariotextual.com\/inicio\/index.php\/wp-json\/wp\/v2\/tags?post=216359"}],"curies":[{"name":"wp","href":"https:\/\/api.w.org\/{rel}","templated":true}]}}