{"id":216366,"date":"2023-02-17T08:04:19","date_gmt":"2023-02-17T11:04:19","guid":{"rendered":"https:\/\/diariotextual.com\/inicio\/?p=216366"},"modified":"2023-02-17T12:10:11","modified_gmt":"2023-02-17T15:10:11","slug":"el-frente-de-todos-llamo-a-impedir-la-proscripcion-de-cfk","status":"publish","type":"post","link":"https:\/\/diariotextual.com\/inicio\/index.php\/2023\/02\/17\/el-frente-de-todos-llamo-a-impedir-la-proscripcion-de-cfk\/","title":{"rendered":"El Frente de Todos llam\u00f3 a \u201cimpedir la proscripci\u00f3n\u201d de CFK"},"content":{"rendered":"\n<p>El Frente de Todos realiz\u00f3 el primer encuentro de su <strong>mesa pol\u00edtica <\/strong>en una reuni\u00f3n que se extendi\u00f3 por m\u00e1s de cinco horas y termin\u00f3 pasadas la 1.30 de la madrugada del viernes en la sede partidaria del PJ, que concluy\u00f3 con un discurso del presidente Alberto Fern\u00e1ndez y la difusi\u00f3n de un documento titulado <strong>\u201cDemocracia sin proscripciones. Unidad para transformar\u201d.<\/strong><br><br>El texto fue debatido al detalle por todos los espacios pol\u00edticos, sociales y sindicales que componen la coalici\u00f3n oficialista y en uno de sus puntos claves, en el p\u00e1rrafo quinto, hace expl\u00edcito el compromiso de quienes integran la mesa de <strong>\u201cdisponer las acciones necesarias para impedir la proscripci\u00f3n de la compa\u00f1era vicepresidenta Cristina Fern\u00e1ndez de Kirchner\u201d.<\/strong><br><br>Ese planteo subraya que el \u201cliderazgo y potencia electoral\u201d de la Vicepresidenta \u201cno puede ser arrebatado\u201d a los votantes del FdT, y apunta sobre el Poder Judicial al se\u00f1alar que \u201cno hay, o no deber\u00eda haber, ning\u00fan poder econ\u00f3mico, medi\u00e1tico o judicial capaz de decidir por encima de la voluntad popular\u201d.<br><br>Otro punto sustancial del documento advierte que una \u201cparte fundamental de la estrategia\u201d del oficialismo ser\u00e1 \u201creforzar la unidad en la diversidad\u201d, para lo cual se propone \u201carticular las diferentes miradas del FdT y tambi\u00e9n a quienes se quieran sumar a este proyecto por una Argentina que crezca con paz, igualdad y libertad\u201d.<br><br>En ese sentido, los dirigentes del FdT que estuvieron en el local de Matheu 130 coincidieron que el recurso para encontrar una s\u00edntesis entre esa diversidad ser\u00e1n las Primarias Abiertas, Simult\u00e1neas y Obligatorias (PASO).<\/p>\n\n\n\n<p>En el p\u00e1rrafo 9\u00ba de la declaraci\u00f3n, el oficialismo define a las PASO como \u201cla herramienta institucional creada por nuestro Gobierno durante el a\u00f1o 2010 (en el primer mandato de Cristina Fern\u00e1ndez de Kirchner) para abrir la participaci\u00f3n de los partidos y sintetizar las diferentes visiones en un proyecto com\u00fan\u201d.<\/p>\n\n\n\n<p>De ese modo, los 33 participantes del encuentro coincidieron en que esa instancia de participaci\u00f3n creada por ley ser\u00e1 la mejor alternativa para definir las principales candidaturas de la coalici\u00f3n gobernante, un espacio plural y heterog\u00e9neo que incluye fuertes debates en su interior y no oculta sus diferencias.<\/p>\n\n\n\n<p>La mesa pol\u00edtica del FdT hab\u00eda sido convocada por el jefe de Estado, en su car\u00e1cter de presidente del PJ, para debatir los temas \u201celectorales\u201d del FdT rumbo a las primarias que ser\u00e1n convocadas para el mes de agosto y las elecciones generales de octubre.<\/p>\n\n\n\n<p>Los 33 asistentes a la sede del PJ nacional reflejaron las distintas vertientes y posturas de la actualidad del oficialista, con la presencia de alrededor de cinco miembros por cada uno de los sectores que componen el FdT; entre los principales dirigentes estuvieron el ministro de Econom\u00eda, Sergio Massa; el referente de La C\u00e1mpora y presidente del PJ bonaerense, M\u00e1ximo Kirchner; el ministro del Interior, Eduardo &#8216;Wado&#8217; De Pedro; y los gobernadores Axel Kicillof y Jorge Capitanich, entre otros.<\/p>\n\n\n\n<p>El presidente Fern\u00e1ndez ingres\u00f3 a las 19.45 acompa\u00f1ado por el jefe de Gabinete, Agust\u00edn Rossi; el canciller Santiago Cafiero; y la ministra de Desarrollo Social, Victoria Tolosa Paz.<\/p>\n\n\n\n<p>Sorprendi\u00f3 la asistencia de M\u00e1ximo Kirchner porque su participaci\u00f3n no estaba prevista y adem\u00e1s coincid\u00eda con su cumplea\u00f1os n\u00famero 46.<\/p>\n\n\n\n<p>Adem\u00e1s de los mencionados, completaron la lista de 33 asistentes funcionarios del Ejecutivo que son de confianza del jefe de Estado, como el flamante jefe de Gabinete Agust\u00edn Rossi, el canciller Santiago Cafiero, el vicejefe de Gabinete Juan Manuel Olmos y el secretario general de la Presidencia, Julio Vitobello.<\/p>\n\n\n\n<p>Por el kirchnerismo participaron el ministro de Desarrollo de la Comunidad bonaerense Andr\u00e9s Larroque y la senadora Anabel Fern\u00e1ndez Sagasti, mientras que por el Frente Renovador de Massa se sentaron a la mesa la titular de Aysa, Malena Galmarini; la presidente de la C\u00e1mara de Diputados, Cecilia Moreau; el ministro de Transporte, Diego Giuliano; y los dirigentes Rub\u00e9n Eslaiman y Juan Andreotti.<\/p>\n\n\n\n<p>La representaci\u00f3n de los gobernadores se complet\u00f3, a su vez, con Gerardo Zamora (Santiago del Estero), Gustavo Bordet (Entre R\u00edos) y Mariano Arcioni (Chubut).<\/p>\n\n\n\n<p>En representaci\u00f3n de los intendentes asistieron Mario Secco, Fernando Espinoza y Mayra Mendoza, por la Tercera Secci\u00f3n electoral del conurbano bonaerense, y Alberto Descalzo, Mariel Fern\u00e1ndez y Lucas Ghi por la Primera Secci\u00f3n.<\/p>\n\n\n\n<p>Durante el encuentro se escucharon discursos de casi todos los participantes, con un cierre a cargo del jefe de Estado y presidente del PJ a nacional nacional.<\/p>\n\n\n\n<p>Otro de los puntos debatidos y finalmente acordados del documento fue la alusi\u00f3n a la situaci\u00f3n econ\u00f3mica y social, incorporado en el p\u00e1rrafo octavo, donde se se\u00f1al\u00f3 que los integrantes del FdT consideran \u201ctarea primordial\u201d del proyecto pol\u00edtico \u201ccontinuar los esfuerzos para reducir la inflaci\u00f3n, aumentar el poder adquisitivo de los salarios y trabajar en cada una de las pol\u00edticas p\u00fablicas para que nuestra gente viva mejor\u201d.<\/p>\n\n\n\n<p>\u201cEse fue el contrato electoral que acordamos de cara a la sociedad en 2019 y por el cual debemos seguir trabajando\u201d, se\u00f1ala el texto.<\/p>\n\n\n\n<p>El tr\u00e1nsito estuvo cortado en las inmediaciones de la sede del PJ, en la zona de Once, y con pancartas a favor de la vicepresidenta.<\/p>\n\n\n\n<p>Las calles de Matheu, Hip\u00f3lito Yrigoyen y Adolfo Alsina, alrededor de la sede partidaria ubicada al 130 de Matheu, fueron valladas y el personal de seguridad controlaba la circulaci\u00f3n de los vecinos.<\/p>\n\n\n\n<p>Por su parte, un grupo de manifestantes se ubic\u00f3 sobre Yrigoyen con pancartas con las consignas \u201cEs ella 2023\u201d, \u201cNo a la proscripci\u00f3n de Cristina\u201d y \u201cCristina 2023\u201d, entre otras.<\/p>\n\n\n\n<p>Mientras que la organizaci\u00f3n La Patria es el Otro, que se referencia en el secretario general de La C\u00e1mpora, Andr\u00e9s Larroque, peg\u00f3 afiches con la imagen de la vicepresidenta y la leyenda \u201cProscripci\u00f3n un carajo, Cristina 2023\u201d.<\/p>\n\n\n\n<p>El \u00faltimo en llegar a la reuni\u00f3n fue el gobernador de Chubut, Mariano Arcioni, que ingres\u00f3 a las 20.10, y cinco minutos despu\u00e9s comenz\u00f3 la reuni\u00f3n con la palabra del presidente Alberto Fern\u00e1ndez, que estuvo flanqueado a ambos lados por el ministro de Econom\u00eda, Sergio Massa, y el ministro del Interior, Eduardo \u201cWado\u201d De Pedro.<\/p>\n\n\n\n<p>Tambi\u00e9n se acord\u00f3 entre los referentes del FdT que ingresaran al recinto s\u00f3lo los camar\u00f3grafos y fot\u00f3grafos oficiales de cada uno de los espacios. Adem\u00e1s, desde temprano los perros entrenados por las fuerzas de seguridad revisaron las instalaciones de la sede del PJ.<\/p>\n","protected":false},"excerpt":{"rendered":"<p>El Frente de Todos realiz\u00f3 el primer encuentro de su mesa pol\u00edtica en una reuni\u00f3n que se extendi\u00f3 por m\u00e1s de cinco horas y termin\u00f3 pasadas la 1.30 de la&hellip;<\/p>\n","protected":false},"author":4,"featured_media":216370,"comment_status":"closed","ping_status":"open","sticky":false,"template":"","format":"standard","meta":{"_acf_changed":false,"footnotes":""},"categories":[1,8],"tags":[],"class_list":["post-216366","post","type-post","status-publish","format-standard","has-post-thumbnail","hentry","category-es-noticia","category-politica"],"acf":[],"yoast_head":"<!-- This site is optimized with the Yoast SEO plugin v27.5 - https:\/\/yoast.com\/product\/yoast-seo-wordpress\/ -->\n<title>El Frente de Todos llam\u00f3 a \u201cimpedir la proscripci\u00f3n\u201d de CFK - Diario Textual<\/title>\n<meta name=\"robots\" content=\"index, follow, max-snippet:-1, max-image-preview:large, max-video-preview:-1\" \/>\n<link rel=\"canonical\" href=\"https:\/\/diariotextual.com\/inicio\/index.php\/2023\/02\/17\/el-frente-de-todos-llamo-a-impedir-la-proscripcion-de-cfk\/\" \/>\n<meta property=\"og:locale\" content=\"es_ES\" \/>\n<meta property=\"og:type\" content=\"article\" \/>\n<meta property=\"og:title\" content=\"El Frente de Todos llam\u00f3 a \u201cimpedir la proscripci\u00f3n\u201d de CFK - Diario Textual\" \/>\n<meta property=\"og:description\" content=\"El Frente de Todos realiz\u00f3 el primer encuentro de su mesa pol\u00edtica en una reuni\u00f3n que se extendi\u00f3 por m\u00e1s de cinco horas y termin\u00f3 pasadas la 1.30 de la&hellip;\" \/>\n<meta property=\"og:url\" content=\"https:\/\/diariotextual.com\/inicio\/index.php\/2023\/02\/17\/el-frente-de-todos-llamo-a-impedir-la-proscripcion-de-cfk\/\" \/>\n<meta property=\"og:site_name\" content=\"Diario Textual\" \/>\n<meta property=\"article:publisher\" content=\"https:\/\/www.facebook.com\/eltextual\" \/>\n<meta property=\"article:published_time\" content=\"2023-02-17T11:04:19+00:00\" \/>\n<meta property=\"article:modified_time\" content=\"2023-02-17T15:10:11+00:00\" \/>\n<meta property=\"og:image\" content=\"https:\/\/diariotextual.com\/inicio\/wp-content\/uploads\/2023\/02\/mesafrentedetodosfernandezrossi4235.jpg\" \/>\n\t<meta property=\"og:image:width\" content=\"1200\" \/>\n\t<meta property=\"og:image:height\" content=\"675\" \/>\n\t<meta property=\"og:image:type\" content=\"image\/jpeg\" \/>\n<meta name=\"author\" content=\"diario2\" \/>\n<meta name=\"twitter:card\" content=\"summary_large_image\" \/>\n<meta name=\"twitter:creator\" content=\"@eltextual\" \/>\n<meta name=\"twitter:site\" content=\"@eltextual\" \/>\n<meta name=\"twitter:label1\" content=\"Escrito por\" \/>\n\t<meta name=\"twitter:data1\" content=\"diario2\" \/>\n\t<meta name=\"twitter:label2\" content=\"Tiempo de lectura\" \/>\n\t<meta name=\"twitter:data2\" content=\"5 minutos\" \/>\n<script type=\"application\/ld+json\" class=\"yoast-schema-graph\">{\"@context\":\"https:\\\/\\\/schema.org\",\"@graph\":[{\"@type\":\"Article\",\"@id\":\"https:\\\/\\\/diariotextual.com\\\/inicio\\\/index.php\\\/2023\\\/02\\\/17\\\/el-frente-de-todos-llamo-a-impedir-la-proscripcion-de-cfk\\\/#article\",\"isPartOf\":{\"@id\":\"https:\\\/\\\/diariotextual.com\\\/inicio\\\/index.php\\\/2023\\\/02\\\/17\\\/el-frente-de-todos-llamo-a-impedir-la-proscripcion-de-cfk\\\/\"},\"author\":{\"name\":\"diario2\",\"@id\":\"https:\\\/\\\/diariotextual.com\\\/inicio\\\/#\\\/schema\\\/person\\\/694f60677f23c4a530867a98f22b3768\"},\"headline\":\"El Frente de Todos llam\u00f3 a \u201cimpedir la proscripci\u00f3n\u201d de CFK\",\"datePublished\":\"2023-02-17T11:04:19+00:00\",\"dateModified\":\"2023-02-17T15:10:11+00:00\",\"mainEntityOfPage\":{\"@id\":\"https:\\\/\\\/diariotextual.com\\\/inicio\\\/index.php\\\/2023\\\/02\\\/17\\\/el-frente-de-todos-llamo-a-impedir-la-proscripcion-de-cfk\\\/\"},\"wordCount\":1116,\"publisher\":{\"@id\":\"https:\\\/\\\/diariotextual.com\\\/inicio\\\/#organization\"},\"image\":{\"@id\":\"https:\\\/\\\/diariotextual.com\\\/inicio\\\/index.php\\\/2023\\\/02\\\/17\\\/el-frente-de-todos-llamo-a-impedir-la-proscripcion-de-cfk\\\/#primaryimage\"},\"thumbnailUrl\":\"https:\\\/\\\/diariotextual.com\\\/inicio\\\/wp-content\\\/uploads\\\/2023\\\/02\\\/mesafrentedetodosfernandezrossi4235.jpg\",\"articleSection\":[\"A - ES NOTICIA (van abajo)\",\"POLITICA\"],\"inLanguage\":\"es\"},{\"@type\":\"WebPage\",\"@id\":\"https:\\\/\\\/diariotextual.com\\\/inicio\\\/index.php\\\/2023\\\/02\\\/17\\\/el-frente-de-todos-llamo-a-impedir-la-proscripcion-de-cfk\\\/\",\"url\":\"https:\\\/\\\/diariotextual.com\\\/inicio\\\/index.php\\\/2023\\\/02\\\/17\\\/el-frente-de-todos-llamo-a-impedir-la-proscripcion-de-cfk\\\/\",\"name\":\"El Frente de Todos llam\u00f3 a \u201cimpedir la proscripci\u00f3n\u201d de CFK - Diario Textual\",\"isPartOf\":{\"@id\":\"https:\\\/\\\/diariotextual.com\\\/inicio\\\/#website\"},\"primaryImageOfPage\":{\"@id\":\"https:\\\/\\\/diariotextual.com\\\/inicio\\\/index.php\\\/2023\\\/02\\\/17\\\/el-frente-de-todos-llamo-a-impedir-la-proscripcion-de-cfk\\\/#primaryimage\"},\"image\":{\"@id\":\"https:\\\/\\\/diariotextual.com\\\/inicio\\\/index.php\\\/2023\\\/02\\\/17\\\/el-frente-de-todos-llamo-a-impedir-la-proscripcion-de-cfk\\\/#primaryimage\"},\"thumbnailUrl\":\"https:\\\/\\\/diariotextual.com\\\/inicio\\\/wp-content\\\/uploads\\\/2023\\\/02\\\/mesafrentedetodosfernandezrossi4235.jpg\",\"datePublished\":\"2023-02-17T11:04:19+00:00\",\"dateModified\":\"2023-02-17T15:10:11+00:00\",\"breadcrumb\":{\"@id\":\"https:\\\/\\\/diariotextual.com\\\/inicio\\\/index.php\\\/2023\\\/02\\\/17\\\/el-frente-de-todos-llamo-a-impedir-la-proscripcion-de-cfk\\\/#breadcrumb\"},\"inLanguage\":\"es\",\"potentialAction\":[{\"@type\":\"ReadAction\",\"target\":[\"https:\\\/\\\/diariotextual.com\\\/inicio\\\/index.php\\\/2023\\\/02\\\/17\\\/el-frente-de-todos-llamo-a-impedir-la-proscripcion-de-cfk\\\/\"]}]},{\"@type\":\"ImageObject\",\"inLanguage\":\"es\",\"@id\":\"https:\\\/\\\/diariotextual.com\\\/inicio\\\/index.php\\\/2023\\\/02\\\/17\\\/el-frente-de-todos-llamo-a-impedir-la-proscripcion-de-cfk\\\/#primaryimage\",\"url\":\"https:\\\/\\\/diariotextual.com\\\/inicio\\\/wp-content\\\/uploads\\\/2023\\\/02\\\/mesafrentedetodosfernandezrossi4235.jpg\",\"contentUrl\":\"https:\\\/\\\/diariotextual.com\\\/inicio\\\/wp-content\\\/uploads\\\/2023\\\/02\\\/mesafrentedetodosfernandezrossi4235.jpg\",\"width\":1200,\"height\":675},{\"@type\":\"BreadcrumbList\",\"@id\":\"https:\\\/\\\/diariotextual.com\\\/inicio\\\/index.php\\\/2023\\\/02\\\/17\\\/el-frente-de-todos-llamo-a-impedir-la-proscripcion-de-cfk\\\/#breadcrumb\",\"itemListElement\":[{\"@type\":\"ListItem\",\"position\":1,\"name\":\"Portada\",\"item\":\"https:\\\/\\\/diariotextual.com\\\/inicio\\\/\"},{\"@type\":\"ListItem\",\"position\":2,\"name\":\"El Frente de Todos llam\u00f3 a \u201cimpedir la proscripci\u00f3n\u201d de CFK\"}]},{\"@type\":\"WebSite\",\"@id\":\"https:\\\/\\\/diariotextual.com\\\/inicio\\\/#website\",\"url\":\"https:\\\/\\\/diariotextual.com\\\/inicio\\\/\",\"name\":\"Diario Textual\",\"description\":\"\",\"publisher\":{\"@id\":\"https:\\\/\\\/diariotextual.com\\\/inicio\\\/#organization\"},\"potentialAction\":[{\"@type\":\"SearchAction\",\"target\":{\"@type\":\"EntryPoint\",\"urlTemplate\":\"https:\\\/\\\/diariotextual.com\\\/inicio\\\/?s={search_term_string}\"},\"query-input\":{\"@type\":\"PropertyValueSpecification\",\"valueRequired\":true,\"valueName\":\"search_term_string\"}}],\"inLanguage\":\"es\"},{\"@type\":\"Organization\",\"@id\":\"https:\\\/\\\/diariotextual.com\\\/inicio\\\/#organization\",\"name\":\"Diario Textual\",\"url\":\"https:\\\/\\\/diariotextual.com\\\/inicio\\\/\",\"logo\":{\"@type\":\"ImageObject\",\"inLanguage\":\"es\",\"@id\":\"https:\\\/\\\/diariotextual.com\\\/inicio\\\/#\\\/schema\\\/logo\\\/image\\\/\",\"url\":\"https:\\\/\\\/diariotextual.com\\\/inicio\\\/wp-content\\\/uploads\\\/2023\\\/05\\\/logotextual1.jpg\",\"contentUrl\":\"https:\\\/\\\/diariotextual.com\\\/inicio\\\/wp-content\\\/uploads\\\/2023\\\/05\\\/logotextual1.jpg\",\"width\":516,\"height\":76,\"caption\":\"Diario Textual\"},\"image\":{\"@id\":\"https:\\\/\\\/diariotextual.com\\\/inicio\\\/#\\\/schema\\\/logo\\\/image\\\/\"},\"sameAs\":[\"https:\\\/\\\/www.facebook.com\\\/eltextual\",\"https:\\\/\\\/x.com\\\/eltextual\",\"http:\\\/\\\/www.instagram.com\\\/eltextual\"]},{\"@type\":\"Person\",\"@id\":\"https:\\\/\\\/diariotextual.com\\\/inicio\\\/#\\\/schema\\\/person\\\/694f60677f23c4a530867a98f22b3768\",\"name\":\"diario2\",\"image\":{\"@type\":\"ImageObject\",\"inLanguage\":\"es\",\"@id\":\"https:\\\/\\\/secure.gravatar.com\\\/avatar\\\/5a2567495ba16b852fcd8f1ed006a2e24fcace936018ed8237e95f488ad6e0a7?s=96&d=mm&r=g\",\"url\":\"https:\\\/\\\/secure.gravatar.com\\\/avatar\\\/5a2567495ba16b852fcd8f1ed006a2e24fcace936018ed8237e95f488ad6e0a7?s=96&d=mm&r=g\",\"contentUrl\":\"https:\\\/\\\/secure.gravatar.com\\\/avatar\\\/5a2567495ba16b852fcd8f1ed006a2e24fcace936018ed8237e95f488ad6e0a7?s=96&d=mm&r=g\",\"caption\":\"diario2\"},\"url\":\"https:\\\/\\\/diariotextual.com\\\/inicio\\\/index.php\\\/author\\\/diario2\\\/\"}]}<\/script>\n<!-- \/ Yoast SEO plugin. -->","yoast_head_json":{"title":"El Frente de Todos llam\u00f3 a \u201cimpedir la proscripci\u00f3n\u201d de CFK - Diario Textual","robots":{"index":"index","follow":"follow","max-snippet":"max-snippet:-1","max-image-preview":"max-image-preview:large","max-video-preview":"max-video-preview:-1"},"canonical":"https:\/\/diariotextual.com\/inicio\/index.php\/2023\/02\/17\/el-frente-de-todos-llamo-a-impedir-la-proscripcion-de-cfk\/","og_locale":"es_ES","og_type":"article","og_title":"El Frente de Todos llam\u00f3 a \u201cimpedir la proscripci\u00f3n\u201d de CFK - Diario Textual","og_description":"El Frente de Todos realiz\u00f3 el primer encuentro de su mesa pol\u00edtica en una reuni\u00f3n que se extendi\u00f3 por m\u00e1s de cinco horas y termin\u00f3 pasadas la 1.30 de la&hellip;","og_url":"https:\/\/diariotextual.com\/inicio\/index.php\/2023\/02\/17\/el-frente-de-todos-llamo-a-impedir-la-proscripcion-de-cfk\/","og_site_name":"Diario Textual","article_publisher":"https:\/\/www.facebook.com\/eltextual","article_published_time":"2023-02-17T11:04:19+00:00","article_modified_time":"2023-02-17T15:10:11+00:00","og_image":[{"width":1200,"height":675,"url":"https:\/\/diariotextual.com\/inicio\/wp-content\/uploads\/2023\/02\/mesafrentedetodosfernandezrossi4235.jpg","type":"image\/jpeg"}],"author":"diario2","twitter_card":"summary_large_image","twitter_creator":"@eltextual","twitter_site":"@eltextual","twitter_misc":{"Escrito por":"diario2","Tiempo de lectura":"5 minutos"},"schema":{"@context":"https:\/\/schema.org","@graph":[{"@type":"Article","@id":"https:\/\/diariotextual.com\/inicio\/index.php\/2023\/02\/17\/el-frente-de-todos-llamo-a-impedir-la-proscripcion-de-cfk\/#article","isPartOf":{"@id":"https:\/\/diariotextual.com\/inicio\/index.php\/2023\/02\/17\/el-frente-de-todos-llamo-a-impedir-la-proscripcion-de-cfk\/"},"author":{"name":"diario2","@id":"https:\/\/diariotextual.com\/inicio\/#\/schema\/person\/694f60677f23c4a530867a98f22b3768"},"headline":"El Frente de Todos llam\u00f3 a \u201cimpedir la proscripci\u00f3n\u201d de CFK","datePublished":"2023-02-17T11:04:19+00:00","dateModified":"2023-02-17T15:10:11+00:00","mainEntityOfPage":{"@id":"https:\/\/diariotextual.com\/inicio\/index.php\/2023\/02\/17\/el-frente-de-todos-llamo-a-impedir-la-proscripcion-de-cfk\/"},"wordCount":1116,"publisher":{"@id":"https:\/\/diariotextual.com\/inicio\/#organization"},"image":{"@id":"https:\/\/diariotextual.com\/inicio\/index.php\/2023\/02\/17\/el-frente-de-todos-llamo-a-impedir-la-proscripcion-de-cfk\/#primaryimage"},"thumbnailUrl":"https:\/\/diariotextual.com\/inicio\/wp-content\/uploads\/2023\/02\/mesafrentedetodosfernandezrossi4235.jpg","articleSection":["A - ES NOTICIA (van abajo)","POLITICA"],"inLanguage":"es"},{"@type":"WebPage","@id":"https:\/\/diariotextual.com\/inicio\/index.php\/2023\/02\/17\/el-frente-de-todos-llamo-a-impedir-la-proscripcion-de-cfk\/","url":"https:\/\/diariotextual.com\/inicio\/index.php\/2023\/02\/17\/el-frente-de-todos-llamo-a-impedir-la-proscripcion-de-cfk\/","name":"El Frente de Todos llam\u00f3 a \u201cimpedir la proscripci\u00f3n\u201d de CFK - Diario Textual","isPartOf":{"@id":"https:\/\/diariotextual.com\/inicio\/#website"},"primaryImageOfPage":{"@id":"https:\/\/diariotextual.com\/inicio\/index.php\/2023\/02\/17\/el-frente-de-todos-llamo-a-impedir-la-proscripcion-de-cfk\/#primaryimage"},"image":{"@id":"https:\/\/diariotextual.com\/inicio\/index.php\/2023\/02\/17\/el-frente-de-todos-llamo-a-impedir-la-proscripcion-de-cfk\/#primaryimage"},"thumbnailUrl":"https:\/\/diariotextual.com\/inicio\/wp-content\/uploads\/2023\/02\/mesafrentedetodosfernandezrossi4235.jpg","datePublished":"2023-02-17T11:04:19+00:00","dateModified":"2023-02-17T15:10:11+00:00","breadcrumb":{"@id":"https:\/\/diariotextual.com\/inicio\/index.php\/2023\/02\/17\/el-frente-de-todos-llamo-a-impedir-la-proscripcion-de-cfk\/#breadcrumb"},"inLanguage":"es","potentialAction":[{"@type":"ReadAction","target":["https:\/\/diariotextual.com\/inicio\/index.php\/2023\/02\/17\/el-frente-de-todos-llamo-a-impedir-la-proscripcion-de-cfk\/"]}]},{"@type":"ImageObject","inLanguage":"es","@id":"https:\/\/diariotextual.com\/inicio\/index.php\/2023\/02\/17\/el-frente-de-todos-llamo-a-impedir-la-proscripcion-de-cfk\/#primaryimage","url":"https:\/\/diariotextual.com\/inicio\/wp-content\/uploads\/2023\/02\/mesafrentedetodosfernandezrossi4235.jpg","contentUrl":"https:\/\/diariotextual.com\/inicio\/wp-content\/uploads\/2023\/02\/mesafrentedetodosfernandezrossi4235.jpg","width":1200,"height":675},{"@type":"BreadcrumbList","@id":"https:\/\/diariotextual.com\/inicio\/index.php\/2023\/02\/17\/el-frente-de-todos-llamo-a-impedir-la-proscripcion-de-cfk\/#breadcrumb","itemListElement":[{"@type":"ListItem","position":1,"name":"Portada","item":"https:\/\/diariotextual.com\/inicio\/"},{"@type":"ListItem","position":2,"name":"El Frente de Todos llam\u00f3 a \u201cimpedir la proscripci\u00f3n\u201d de CFK"}]},{"@type":"WebSite","@id":"https:\/\/diariotextual.com\/inicio\/#website","url":"https:\/\/diariotextual.com\/inicio\/","name":"Diario Textual","description":"","publisher":{"@id":"https:\/\/diariotextual.com\/inicio\/#organization"},"potentialAction":[{"@type":"SearchAction","target":{"@type":"EntryPoint","urlTemplate":"https:\/\/diariotextual.com\/inicio\/?s={search_term_string}"},"query-input":{"@type":"PropertyValueSpecification","valueRequired":true,"valueName":"search_term_string"}}],"inLanguage":"es"},{"@type":"Organization","@id":"https:\/\/diariotextual.com\/inicio\/#organization","name":"Diario Textual","url":"https:\/\/diariotextual.com\/inicio\/","logo":{"@type":"ImageObject","inLanguage":"es","@id":"https:\/\/diariotextual.com\/inicio\/#\/schema\/logo\/image\/","url":"https:\/\/diariotextual.com\/inicio\/wp-content\/uploads\/2023\/05\/logotextual1.jpg","contentUrl":"https:\/\/diariotextual.com\/inicio\/wp-content\/uploads\/2023\/05\/logotextual1.jpg","width":516,"height":76,"caption":"Diario Textual"},"image":{"@id":"https:\/\/diariotextual.com\/inicio\/#\/schema\/logo\/image\/"},"sameAs":["https:\/\/www.facebook.com\/eltextual","https:\/\/x.com\/eltextual","http:\/\/www.instagram.com\/eltextual"]},{"@type":"Person","@id":"https:\/\/diariotextual.com\/inicio\/#\/schema\/person\/694f60677f23c4a530867a98f22b3768","name":"diario2","image":{"@type":"ImageObject","inLanguage":"es","@id":"https:\/\/secure.gravatar.com\/avatar\/5a2567495ba16b852fcd8f1ed006a2e24fcace936018ed8237e95f488ad6e0a7?s=96&d=mm&r=g","url":"https:\/\/secure.gravatar.com\/avatar\/5a2567495ba16b852fcd8f1ed006a2e24fcace936018ed8237e95f488ad6e0a7?s=96&d=mm&r=g","contentUrl":"https:\/\/secure.gravatar.com\/avatar\/5a2567495ba16b852fcd8f1ed006a2e24fcace936018ed8237e95f488ad6e0a7?s=96&d=mm&r=g","caption":"diario2"},"url":"https:\/\/diariotextual.com\/inicio\/index.php\/author\/diario2\/"}]}},"_links":{"self":[{"href":"https:\/\/diariotextual.com\/inicio\/index.php\/wp-json\/wp\/v2\/posts\/216366","targetHints":{"allow":["GET"]}}],"collection":[{"href":"https:\/\/diariotextual.com\/inicio\/index.php\/wp-json\/wp\/v2\/posts"}],"about":[{"href":"https:\/\/diariotextual.com\/inicio\/index.php\/wp-json\/wp\/v2\/types\/post"}],"author":[{"embeddable":true,"href":"https:\/\/diariotextual.com\/inicio\/index.php\/wp-json\/wp\/v2\/users\/4"}],"replies":[{"embeddable":true,"href":"https:\/\/diariotextual.com\/inicio\/index.php\/wp-json\/wp\/v2\/comments?post=216366"}],"version-history":[{"count":4,"href":"https:\/\/diariotextual.com\/inicio\/index.php\/wp-json\/wp\/v2\/posts\/216366\/revisions"}],"predecessor-version":[{"id":216372,"href":"https:\/\/diariotextual.com\/inicio\/index.php\/wp-json\/wp\/v2\/posts\/216366\/revisions\/216372"}],"wp:featuredmedia":[{"embeddable":true,"href":"https:\/\/diariotextual.com\/inicio\/index.php\/wp-json\/wp\/v2\/media\/216370"}],"wp:attachment":[{"href":"https:\/\/diariotextual.com\/inicio\/index.php\/wp-json\/wp\/v2\/media?parent=216366"}],"wp:term":[{"taxonomy":"category","embeddable":true,"href":"https:\/\/diariotextual.com\/inicio\/index.php\/wp-json\/wp\/v2\/categories?post=216366"},{"taxonomy":"post_tag","embeddable":true,"href":"https:\/\/diariotextual.com\/inicio\/index.php\/wp-json\/wp\/v2\/tags?post=216366"}],"curies":[{"name":"wp","href":"https:\/\/api.w.org\/{rel}","templated":true}]}}