{"id":216368,"date":"2023-02-17T12:00:11","date_gmt":"2023-02-17T15:00:11","guid":{"rendered":"https:\/\/diariotextual.com\/inicio\/?p=216368"},"modified":"2023-02-18T08:49:49","modified_gmt":"2023-02-18T11:49:49","slug":"caso-lucio-condenaron-a-perpetua-a-las-dos-mujeres","status":"publish","type":"post","link":"https:\/\/diariotextual.com\/inicio\/index.php\/2023\/02\/17\/caso-lucio-condenaron-a-perpetua-a-las-dos-mujeres\/","title":{"rendered":"Caso Lucio: condenaron a perpetua a las dos mujeres"},"content":{"rendered":"\n<p>Las dos condenadas por el asesinato d<strong>e Lucio Abel Dupuy (5 a\u00f1os) <\/strong>pueden pasar el resto de sus vidas en la c\u00e1rcel. El <strong>Tribunal de Audiencia de Santa Rosa <\/strong>les impuso este viernes al mediod\u00eda la pena de <strong>prisi\u00f3n perpetua <\/strong>a <strong>Magdalena Esp\u00f3sito Valenti<\/strong> y a <strong>Abigail P\u00e1ez<\/strong> por el aberrante crimen cometido el 26 de noviembre de 2021. L<strong>os magistrados rechazaron los planteos de inconstitucionalidad de las defensas con respecto a la prisi\u00f3n perpetua y, adem\u00e1s, no avalaron el reclamo de la querella de reclusi\u00f3n por tiempo indeterminado.<\/strong><\/p>\n\n\n\n<p>La pena fue le\u00edda a las 12 horas en el Centro Judicial de Santa Rosa, en una concurrida audiencia de periodistas. Estuvieron los jueces <strong>Alejandra Ongaro, Andr\u00e9s Oli\u00e9 <\/strong>y<strong> Daniel S\u00e1ez Zamora.<\/strong><\/p>\n\n\n\n<iframe src=\"https:\/\/www.facebook.com\/plugins\/video.php?height=314&amp;href=https%3A%2F%2Fwww.facebook.com%2Feltextual%2Fvideos%2F998783654430649%2F&amp;show_text=false&amp;width=560&amp;t=0\" width=\"560\" height=\"314\" style=\"border:none;overflow:hidden\" scrolling=\"no\" frameborder=\"0\" allowfullscreen=\"true\" allow=\"autoplay; clipboard-write; encrypted-media; picture-in-picture; web-share\"><\/iframe>\n\n\n\n<p>Tambi\u00e9n estuvieron, entre otros, el fiscal general&nbsp;<strong>M\u00e1ximo Paulucci<\/strong>; la fiscala&nbsp;<strong>Ver\u00f3nica Ferrero<\/strong>; y el querellante particular&nbsp;<strong>Jos\u00e9 Mario Aguerrido<\/strong>&nbsp;\u2013en representaci\u00f3n del padre de Lucio,&nbsp;<strong>Christian Dupuy<\/strong>, quien tambi\u00e9n asisti\u00f3\u2013.<\/p>\n\n\n\n<p>En tanto, la defensora oficial&nbsp;<strong>Mar\u00eda Silvina Blanco G\u00f3mez<\/strong> y el defensor oficial&nbsp;<strong>Pablo De Biasi&nbsp;no estuvieron presentes<\/strong>. Tampoco las imputadas participaron: permanecieron en la c\u00e1rcel de San Luis, donde se encuentran detenidas.<\/p>\n\n\n\n<figure class=\"wp-block-embed is-type-wp-embed is-provider-diario-textual wp-block-embed-diario-textual\"><div class=\"wp-block-embed__wrapper\">\n<blockquote class=\"wp-embedded-content\" data-secret=\"ZtRvQOzaEA\"><a href=\"https:\/\/diariotextual.com\/inicio\/index.php\/2023\/02\/17\/cuales-fueron-los-argumentos-de-la-sentencia-a-prision-perpetua-para-las-asesinas-de-lucio-dupuy\/\">Cu\u00e1les fueron los argumentos de la perpetua para las asesinas de Lucio Dupuy<\/a><\/blockquote><iframe class=\"wp-embedded-content\" sandbox=\"allow-scripts\" security=\"restricted\" style=\"position: absolute; clip: rect(1px, 1px, 1px, 1px);\" title=\"\u00abCu\u00e1les fueron los argumentos de la perpetua para las asesinas de Lucio Dupuy\u00bb \u2014 Diario Textual\" src=\"https:\/\/diariotextual.com\/inicio\/index.php\/2023\/02\/17\/cuales-fueron-los-argumentos-de-la-sentencia-a-prision-perpetua-para-las-asesinas-de-lucio-dupuy\/embed\/#?secret=RNqcSO3gIt#?secret=ZtRvQOzaEA\" data-secret=\"ZtRvQOzaEA\" width=\"600\" height=\"338\" frameborder=\"0\" marginwidth=\"0\" marginheight=\"0\" scrolling=\"no\"><\/iframe>\n<\/div><\/figure>\n\n\n\n<p><strong>Esp\u00f3sito Valenti<\/strong>, la madre del peque\u00f1o, fue declarada el pasado 2 de febrero, por la Audiencia de Juicio que conforman la jueza Alejandra Ongaro y los jueces Andr\u00e9s Oli\u00e9 y Daniel S\u00e1ez Zamora,&nbsp;<strong>autora material y penalmente responsable del delito de homicidio triplemente calificado por el v\u00ednculo, alevos\u00eda y ensa\u00f1amiento<\/strong>.<\/p>\n\n\n\n<p>A su vez,&nbsp;<strong>P\u00e1ez fue declarada autora material y penalmente responsable del delito de homicidio doblemente calificado por alevos\u00eda y ensa\u00f1amiento; en concurso real con el delito de abuso sexual con acceso carnal por v\u00eda anal, ejecutado con un objeto f\u00e1lico, agravado por tratarse de la guardadora y por haberse cometido contra un menor de 18 a\u00f1os de edad, aprovechando la situaci\u00f3n de convivencia preexistente, como delito continuado.<\/strong><\/p>\n\n\n\n<p>Como en La Pampa rige el llamado<strong>&nbsp;\u201cjuicio de cesura\u201d<\/strong>, el debate&nbsp;<strong>se dividi\u00f3 en dos partes<\/strong>. La primera&nbsp;<strong>concluy\u00f3 con las declaraciones de autor\u00eda<\/strong>. Y hoy finaliz\u00f3 la segunda, <strong>cuando el tribunal dict\u00f3 la sentencia de la imposici\u00f3n de pena.<\/strong><\/p>\n\n\n\n<div style=\"height:100px\" aria-hidden=\"true\" class=\"wp-block-spacer\"><\/div>\n\n\n\n<p><strong>Inconstitucionalidad<\/strong><\/p>\n\n\n\n<p>El Tribunal de Audiencia de Santa Rosa rechaz\u00f3 en la sentencia del caso<strong>&nbsp;Lucio Dupuy<\/strong>&nbsp;el planteo de&nbsp;<strong>inconstitucionalidad<\/strong>&nbsp;de las defensas con respecto a la&nbsp;<strong>prisi\u00f3n perpetua<\/strong>. \u201cSi a un homicidio agravado como el que aqu\u00ed se juzga, pudiera corresponderle pena conforme la escala del homicidio simple, es evidente que la magnitud de la pena no representar\u00eda la del injusto cometido\u201d, dijeron los jueces.<\/p>\n\n\n\n<p>Las defensas hab\u00edan solicitado la inconstitucionalidad de la prisi\u00f3n perpetua al se\u00f1alar que viola el principio de resocializaci\u00f3n y progresividad de la pena, en tanto no admite la libertad condicional, lo cual constituye una pena \u201ccruel, inhumana y degradante\u201d. Adem\u00e1s, viola la divisi\u00f3n de poderes, en tanto impide a los jueces la individualizaci\u00f3n de la pena y viola el principio de proporcionalidad, ya que no permite a los jueces ajustar la pena a la gravedad del injusto.<\/p>\n\n\n\n<p>\u00bfQu\u00e9 dijo el Tribunal de Audiencia en la sentencia? \u201cEs oportuno resaltar la recurrente e inveterada posici\u00f3n de nuestra Corte Suprema de Justicia de la Naci\u00f3n, en cuanto que la declaraci\u00f3n de inconstitucionalidad de las leyes es un acto de suma gravedad institucional, ya que las normas debidamente sancionadas y promulgadas, gozan de una presunci\u00f3n de legitimidad\u201d.<\/p>\n\n\n\n<p>\u201cLa pretensi\u00f3n de trocar la pena de prisi\u00f3n perpetua en una temporal deviene improcedente, en tanto convertir\u00eda la actividad jurisdiccional en una pura creaci\u00f3n de derecho, lo cual se encuentra constitucionalmente prohibido a los jueces, por cuanto es el Congreso de la Naci\u00f3n quien exclusivamente posee competencia para dictar el c\u00f3digo penal, correspondiendo a los tribunales s\u00f3lo la aplicaci\u00f3n de tales normas\u201d, aclar\u00f3 el Tribunal.<\/p>\n\n\n\n<p>\u201cSi consideramos que ambas defensas han solicitado la individualizaci\u00f3n de una pena en la escala del homicidio simple, f\u00e1cil es advertir que proceder de esta forma violar\u00eda palmariamente el principio de culpabilidad penal, en tanto el mismo exige proporcionalidad entre pena y gravedad del injusto; de modo que si a un homicidio agravado como el que aqu\u00ed se juzga, pudiera corresponderle pena conforme la escala del homicidio simple, es evidente que la magnitud de la pena no representar\u00eda la del injusto cometido\u201d, agreg\u00f3.<\/p>\n\n\n\n<p><\/p>\n\n\n\n<figure class=\"wp-block-embed is-type-wp-embed is-provider-diario-textual wp-block-embed-diario-textual\"><div class=\"wp-block-embed__wrapper\">\n<blockquote class=\"wp-embedded-content\" data-secret=\"ycnCaIRAmF\"><a href=\"https:\/\/diariotextual.com\/inicio\/index.php\/2023\/02\/17\/fiscal-ferrero-estamos-satisfechos-con-la-pena-es-una-condena-de-por-vida\/\">La fiscala y la perpetua por el Caso Lucio: \u201cEs una condena de por vida\u201d<\/a><\/blockquote><iframe class=\"wp-embedded-content\" sandbox=\"allow-scripts\" security=\"restricted\" style=\"position: absolute; clip: rect(1px, 1px, 1px, 1px);\" title=\"\u00abLa fiscala y la perpetua por el Caso Lucio: \u201cEs una condena de por vida\u201d\u00bb \u2014 Diario Textual\" src=\"https:\/\/diariotextual.com\/inicio\/index.php\/2023\/02\/17\/fiscal-ferrero-estamos-satisfechos-con-la-pena-es-una-condena-de-por-vida\/embed\/#?secret=wzz0IcKfJ3#?secret=ycnCaIRAmF\" data-secret=\"ycnCaIRAmF\" width=\"600\" height=\"338\" frameborder=\"0\" marginwidth=\"0\" marginheight=\"0\" scrolling=\"no\"><\/iframe>\n<\/div><\/figure>\n\n\n\n<div style=\"height:100px\" aria-hidden=\"true\" class=\"wp-block-spacer\"><\/div>\n\n\n\n<p><strong>Reclusi\u00f3n por tiempo indeterminado<\/strong><\/p>\n\n\n\n<p>La querella en el caso Lucio Dupuy pidi\u00f3 para las condenadas la pena de reclusi\u00f3n perpetua, pero el Tribunal de Audiencia rechaz\u00f3 la solicitud. \u201cEl delito, por m\u00e1s grave que sea, no puede ser castigado con una pena de encierro perpetuo, un precio demasiado alto, que ni siquiera deben pagar quienes han cometido los delitos m\u00e1s graves\u201d, fundamentaron los jueces en la sentencia.<\/p>\n\n\n\n<p>En los argumentos, los magistrados plantearon que&nbsp;<strong>\u201csi el fundamento de la imposici\u00f3n de la accesoria de reclusi\u00f3n por tiempo indeterminado pretende ser hallada en la peligrosidad del condenado, choca evidentemente con el principio liberal que describe nuestro derecho penal como un derecho penal de acto, lo que naturalmente descarta la imposici\u00f3n de penas como manifestaci\u00f3n del derecho penal de autor\u201d.<\/strong><\/p>\n\n\n\n<p>\u201cPero aun considerando -tal como lo ha fundado el querellante en su alegato-, que se trata de un plus de pena, a imponer precisamente por la gravedad del delito (y entonces el fundamento es la culpabilidad), no es posible soslayar que posee un car\u00e1cter eliminatorio o de defensa social que, en cualquier caso, pretende la extirpaci\u00f3n del condenado de la sociedad; un ejemplo paradigm\u00e1tico de prevenci\u00f3n especial negativa, como \u00fanica finalidad\u201d, sostuvo.<\/p>\n\n\n\n<p>\u201cEllo, huelga decirlo, confronta con la finalidad de resocializaci\u00f3n del condenado\u201d, agreg\u00f3 el Tribunal de Audiencia.<\/p>\n\n\n\n<div style=\"height:100px\" aria-hidden=\"true\" class=\"wp-block-spacer\"><\/div>\n\n\n\n<p><strong>Los alegatos&nbsp;&nbsp;&nbsp;&nbsp;&nbsp;&nbsp;&nbsp;&nbsp;&nbsp;&nbsp;&nbsp;&nbsp;&nbsp;&nbsp;&nbsp;&nbsp;&nbsp;&nbsp;&nbsp;&nbsp;&nbsp;&nbsp;&nbsp;&nbsp;&nbsp;&nbsp;&nbsp;&nbsp;&nbsp;&nbsp;&nbsp;&nbsp;&nbsp;&nbsp;<\/strong><\/p>\n\n\n\n<p><strong>Ferrero, en los alegatos de imposici\u00f3n de pena, pidi\u00f3 que ambas acusadas sean condenadas a prisi\u00f3n perpetua porque, frente a los delitos cometidos, el C\u00f3digo Penal prev\u00e9 solamente esa pena.<\/strong><\/p>\n\n\n\n<p><strong>Aguerrido adhiri\u00f3 al planteo del Ministerio P\u00fablico Fiscal, pero le a\u00f1adi\u00f3 el requerimiento de que la pena sea de reclusi\u00f3n por tiempo indeterminado, una alternativa que prev\u00e9 el art\u00edculo 52 del C.P., en relaci\u00f3n con el 80.<\/strong>&nbsp;Lo fund\u00f3, entre otras razones, en la extensi\u00f3n del da\u00f1o provocado a \u201cun chico absolutamente vulnerable\u201d, al agregar que la muerte de Lucio fue el final de un proceso de maltrato infantil.<\/p>\n\n\n\n<p>Por su parte,&nbsp;<strong>Blanco G\u00f3mez le pidi\u00f3 al Tribunal que cuantifique la pena que le corresponder\u00eda a P\u00e1ez, por entender que si se aplicase la prisi\u00f3n perpetua \u2013con las normas vigentes hoy en el pa\u00eds\u2013 \u201csolo saldr\u00e1 de la c\u00e1rcel con su muerte, ya que actualmente la pena perpetua es material y literalmente perpetua\u201d.<\/strong>&nbsp;Adem\u00e1s, solicit\u00f3 que esa cuantificaci\u00f3n sea la m\u00ednima por la carencia de antecedentes penales y la edad de la imputada (28 a\u00f1os), y<strong>&nbsp;afirm\u00f3 que la Corte Suprema ya fij\u00f3 la inconstitucionalidad de la reclusi\u00f3n por tiempo indeterminado.<\/strong><\/p>\n\n\n\n<p>Finalmente,&nbsp;<strong>De Biasi, al hablar por Esp\u00f3sito Valenti, brind\u00f3 argumentos similares. Requiri\u00f3 que se le cuantifique la sanci\u00f3n: habl\u00f3 de \u201cuna pena en a\u00f1os\u201d.<\/strong>&nbsp;Sostuvo que<strong>&nbsp;la prisi\u00f3n perpetua que establece el C\u00f3digo Penal es inconstitucional, que los tratados internacionales impiden la aplicaci\u00f3n de penas \u201ccrueles, inhumanas y degradantes\u201d, y que con la perpetua ni siquiera la acusada tendr\u00eda acceso \u2013en alg\u00fan momento\u2013 al beneficio de la libertad condicional para su \u201creadaptaci\u00f3n social\u201d.&nbsp;<\/strong><\/p>\n\n\n\n<div style=\"height:100px\" aria-hidden=\"true\" class=\"wp-block-spacer\"><\/div>\n\n\n\n<p><strong>Un caso estremecedor<\/strong><\/p>\n\n\n\n<p>El nene de 5 a\u00f1os fue asesinado en la tarde del 26 de noviembre de 2021, en el departamento de la calle Allan Kardec al 2300, de Santa Rosa, donde viv\u00eda con su madre y la novia de su progenitora.<\/p>\n\n\n\n<p>Los movimientos de las imputadas y Lucio del 26 de noviembre de 2021 quedaron registrados por una c\u00e1mara ubicada frente al departamento.<\/p>\n\n\n\n<p>Seg\u00fan se puede observar, a las 17.32 horas se lo vio a Lucio vivo por \u00faltima vez. Se tiene acreditado que entre ese momento y las 19.40 horas, cuando ambas imputadas salieron solas del departamento, Lucio fue golpeado brutalmente. Abigail llev\u00f3 en moto a su novia al trabajo de moza en un hotel. Volvi\u00f3 sola a las 20.49 y, en ese momento, intent\u00f3 reanimar al nene y lo meti\u00f3 baj\u00f3 la ducha. Ya a las 21.30 sali\u00f3 con Lucio en brazos para una posta sanitaria, pero la encontr\u00f3 cerrada y el nene fue asistido por vecinos. Finalmente fue trasladado al Hospital Evita, donde a las 21.45 horas se constat\u00f3 que ya estaba muerto.<\/p>\n\n\n\n<p>La Justicia estableci\u00f3, en base a pericias, que las dos participaron de la golpiza mortal, entre las 18 y las 19 horas de ese d\u00eda. El nene recibi\u00f3 golpes de pu\u00f1o y patadas y golpes con un palo. Tambi\u00e9n recibi\u00f3 un pisot\u00f3n en la espalda por parte de Abigail P\u00e1ez (se pudo determinar por la marca que dej\u00f3 su zapatilla), que le provoc\u00f3 lesiones internas como el desgarro del h\u00edgado. Adem\u00e1s, fue mordido en sus zonas \u00edntimas y en su brazo izquierdo.<\/p>\n\n\n\n<p>La causa de la muerte fue el edema cerebral como consecuencia de politraumatismos. El m\u00e9dico forense Juan Carlos Toulouse explic\u00f3 que ese edema, al no poder hincharse el cr\u00e1neo, como pasar\u00eda con cualquier otra parte del cuerpo, provoca el enclavamiento de las am\u00edgdalas cerebelosas que producen un paro card\u00edaco. Pero tambi\u00e9n explic\u00f3 que otras lesiones internas indicadas en la autopsia habr\u00edan provocado la muerte por hipovolemia, si no se hubiera producido el paro card\u00edaco que detuvo -naturalmente- el flujo sangu\u00edneo.<\/p>\n\n\n\n<p>El fallecimiento del ni\u00f1o fue declarado a las 21.45 horas, en el Hospital Evita. De todas maneras, se estableci\u00f3 que ya lleg\u00f3 muerto al Hospital Evita, aproximadamente a las 21.30 horas, conforme las declaraciones de m\u00e9dicos y enfermeras. Todos ellos refirieron que el ni\u00f1o estaba inconsciente, no ten\u00eda pulso ni respiraba.<\/p>\n\n\n\n<p>Pero incluso ya antes, al momento que Abigail P\u00e1ez sale del domicilio con Lucio Dupuy en brazos, el ni\u00f1o ya estaba muerto: una enfermera jubilada, que lo asisti\u00f3, dijo que no ten\u00eda pulso. El v\u00f3mito expelido en circunstancias que estaba siendo atendido por esta \u00faltima testigo, fue explicado por el m\u00e9dico forense como un reflejo vagal de la persona cuando ya est\u00e1 muerta.<\/p>\n\n\n\n<p>Pericialmente, qued\u00f3 definido el horario de la muerte de Lucio Dupuy entre las 19 y 21 horas del d\u00eda 26 de noviembre.<\/p>\n\n\n\n<p>Pero la data que m\u00e1s interesa es aquella relativa a la producci\u00f3n de las lesiones que luego acarrearon la muerte de Lucio Dupuy: fue determinado entre las 18 y 19 horas y, con mayor precisi\u00f3n, sostuvo el m\u00e9dico forense, que las m\u00e1s graves se pudieron ubicar 15 o 20 minutos antes de las 19 horas, lapso temporal en el cual las acusadas se encontraban solas con el ni\u00f1o en su domicilio.<\/p>\n\n\n\n<p>Lucio vivi\u00f3 un infierno de violencia psicol\u00f3gica, sexual y f\u00edsica. Seg\u00fan estableci\u00f3 la Justicia en su sentencia, en este devenir violento es posible advertir un \u201ccrescendo de violencia\u201d, a la luz de los chats mantenidos entre ambas imputadas, a partir de mediados del mes de octubre de 2021, momento desde el cual se exacerba la irritaci\u00f3n que evidentemente el ni\u00f1o provocaba en ambas y en el riesgo de que ello quebrara su relaci\u00f3n sentimental, algo que ninguna de las dos parec\u00eda estar dispuesta a soportar.<\/p>\n","protected":false},"excerpt":{"rendered":"<p>Las dos condenadas por el asesinato de Lucio Abel Dupuy (5 a\u00f1os) pueden pasar el resto de sus vidas en la c\u00e1rcel. El Tribunal de Audiencia de Santa Rosa les&hellip;<\/p>\n","protected":false},"author":3,"featured_media":216490,"comment_status":"closed","ping_status":"open","sticky":false,"template":"","format":"standard","meta":{"_acf_changed":false,"footnotes":""},"categories":[1,11,12],"tags":[],"class_list":["post-216368","post","type-post","status-publish","format-standard","has-post-thumbnail","hentry","category-es-noticia","category-que-pasa","category-sociedad"],"acf":[],"yoast_head":"<!-- This site is optimized with the Yoast SEO plugin v27.5 - https:\/\/yoast.com\/product\/yoast-seo-wordpress\/ -->\n<title>Caso Lucio: condenaron a perpetua a las dos mujeres - Diario Textual<\/title>\n<meta name=\"robots\" content=\"index, follow, max-snippet:-1, max-image-preview:large, max-video-preview:-1\" \/>\n<link rel=\"canonical\" href=\"https:\/\/diariotextual.com\/inicio\/index.php\/2023\/02\/17\/caso-lucio-condenaron-a-perpetua-a-las-dos-mujeres\/\" \/>\n<meta property=\"og:locale\" content=\"es_ES\" \/>\n<meta property=\"og:type\" content=\"article\" \/>\n<meta property=\"og:title\" content=\"Caso Lucio: condenaron a perpetua a las dos mujeres - Diario Textual\" \/>\n<meta property=\"og:description\" content=\"Las dos condenadas por el asesinato de Lucio Abel Dupuy (5 a\u00f1os) pueden pasar el resto de sus vidas en la c\u00e1rcel. El Tribunal de Audiencia de Santa Rosa les&hellip;\" \/>\n<meta property=\"og:url\" content=\"https:\/\/diariotextual.com\/inicio\/index.php\/2023\/02\/17\/caso-lucio-condenaron-a-perpetua-a-las-dos-mujeres\/\" \/>\n<meta property=\"og:site_name\" content=\"Diario Textual\" \/>\n<meta property=\"article:publisher\" content=\"https:\/\/www.facebook.com\/eltextual\" \/>\n<meta property=\"article:published_time\" content=\"2023-02-17T15:00:11+00:00\" \/>\n<meta property=\"article:modified_time\" content=\"2023-02-18T11:49:49+00:00\" \/>\n<meta property=\"og:image\" content=\"https:\/\/diariotextual.com\/inicio\/wp-content\/uploads\/2023\/02\/luciodupuyjuiciomanifestacion2023-50.jpeg\" \/>\n\t<meta property=\"og:image:width\" content=\"1543\" \/>\n\t<meta property=\"og:image:height\" content=\"897\" \/>\n\t<meta property=\"og:image:type\" content=\"image\/jpeg\" \/>\n<meta name=\"author\" content=\"Diario1 Diario1\" \/>\n<meta name=\"twitter:card\" content=\"summary_large_image\" \/>\n<meta name=\"twitter:creator\" content=\"@eltextual\" \/>\n<meta name=\"twitter:site\" content=\"@eltextual\" \/>\n<meta name=\"twitter:label1\" content=\"Escrito por\" \/>\n\t<meta name=\"twitter:data1\" content=\"Diario1 Diario1\" \/>\n\t<meta name=\"twitter:label2\" content=\"Tiempo de lectura\" \/>\n\t<meta name=\"twitter:data2\" content=\"9 minutos\" \/>\n<script type=\"application\/ld+json\" class=\"yoast-schema-graph\">{\"@context\":\"https:\\\/\\\/schema.org\",\"@graph\":[{\"@type\":\"Article\",\"@id\":\"https:\\\/\\\/diariotextual.com\\\/inicio\\\/index.php\\\/2023\\\/02\\\/17\\\/caso-lucio-condenaron-a-perpetua-a-las-dos-mujeres\\\/#article\",\"isPartOf\":{\"@id\":\"https:\\\/\\\/diariotextual.com\\\/inicio\\\/index.php\\\/2023\\\/02\\\/17\\\/caso-lucio-condenaron-a-perpetua-a-las-dos-mujeres\\\/\"},\"author\":{\"name\":\"Diario1 Diario1\",\"@id\":\"https:\\\/\\\/diariotextual.com\\\/inicio\\\/#\\\/schema\\\/person\\\/418fc4093c33e86ed41562db3508f958\"},\"headline\":\"Caso Lucio: condenaron a perpetua a las dos mujeres\",\"datePublished\":\"2023-02-17T15:00:11+00:00\",\"dateModified\":\"2023-02-18T11:49:49+00:00\",\"mainEntityOfPage\":{\"@id\":\"https:\\\/\\\/diariotextual.com\\\/inicio\\\/index.php\\\/2023\\\/02\\\/17\\\/caso-lucio-condenaron-a-perpetua-a-las-dos-mujeres\\\/\"},\"wordCount\":2006,\"publisher\":{\"@id\":\"https:\\\/\\\/diariotextual.com\\\/inicio\\\/#organization\"},\"image\":{\"@id\":\"https:\\\/\\\/diariotextual.com\\\/inicio\\\/index.php\\\/2023\\\/02\\\/17\\\/caso-lucio-condenaron-a-perpetua-a-las-dos-mujeres\\\/#primaryimage\"},\"thumbnailUrl\":\"https:\\\/\\\/diariotextual.com\\\/inicio\\\/wp-content\\\/uploads\\\/2023\\\/02\\\/luciodupuyjuiciomanifestacion2023-50.jpeg\",\"articleSection\":[\"A - ES NOTICIA (van abajo)\",\"A - QUE PASA (al costado)\",\"SOCIEDAD\"],\"inLanguage\":\"es\"},{\"@type\":\"WebPage\",\"@id\":\"https:\\\/\\\/diariotextual.com\\\/inicio\\\/index.php\\\/2023\\\/02\\\/17\\\/caso-lucio-condenaron-a-perpetua-a-las-dos-mujeres\\\/\",\"url\":\"https:\\\/\\\/diariotextual.com\\\/inicio\\\/index.php\\\/2023\\\/02\\\/17\\\/caso-lucio-condenaron-a-perpetua-a-las-dos-mujeres\\\/\",\"name\":\"Caso Lucio: condenaron a perpetua a las dos mujeres - Diario Textual\",\"isPartOf\":{\"@id\":\"https:\\\/\\\/diariotextual.com\\\/inicio\\\/#website\"},\"primaryImageOfPage\":{\"@id\":\"https:\\\/\\\/diariotextual.com\\\/inicio\\\/index.php\\\/2023\\\/02\\\/17\\\/caso-lucio-condenaron-a-perpetua-a-las-dos-mujeres\\\/#primaryimage\"},\"image\":{\"@id\":\"https:\\\/\\\/diariotextual.com\\\/inicio\\\/index.php\\\/2023\\\/02\\\/17\\\/caso-lucio-condenaron-a-perpetua-a-las-dos-mujeres\\\/#primaryimage\"},\"thumbnailUrl\":\"https:\\\/\\\/diariotextual.com\\\/inicio\\\/wp-content\\\/uploads\\\/2023\\\/02\\\/luciodupuyjuiciomanifestacion2023-50.jpeg\",\"datePublished\":\"2023-02-17T15:00:11+00:00\",\"dateModified\":\"2023-02-18T11:49:49+00:00\",\"breadcrumb\":{\"@id\":\"https:\\\/\\\/diariotextual.com\\\/inicio\\\/index.php\\\/2023\\\/02\\\/17\\\/caso-lucio-condenaron-a-perpetua-a-las-dos-mujeres\\\/#breadcrumb\"},\"inLanguage\":\"es\",\"potentialAction\":[{\"@type\":\"ReadAction\",\"target\":[\"https:\\\/\\\/diariotextual.com\\\/inicio\\\/index.php\\\/2023\\\/02\\\/17\\\/caso-lucio-condenaron-a-perpetua-a-las-dos-mujeres\\\/\"]}]},{\"@type\":\"ImageObject\",\"inLanguage\":\"es\",\"@id\":\"https:\\\/\\\/diariotextual.com\\\/inicio\\\/index.php\\\/2023\\\/02\\\/17\\\/caso-lucio-condenaron-a-perpetua-a-las-dos-mujeres\\\/#primaryimage\",\"url\":\"https:\\\/\\\/diariotextual.com\\\/inicio\\\/wp-content\\\/uploads\\\/2023\\\/02\\\/luciodupuyjuiciomanifestacion2023-50.jpeg\",\"contentUrl\":\"https:\\\/\\\/diariotextual.com\\\/inicio\\\/wp-content\\\/uploads\\\/2023\\\/02\\\/luciodupuyjuiciomanifestacion2023-50.jpeg\",\"width\":1543,\"height\":897},{\"@type\":\"BreadcrumbList\",\"@id\":\"https:\\\/\\\/diariotextual.com\\\/inicio\\\/index.php\\\/2023\\\/02\\\/17\\\/caso-lucio-condenaron-a-perpetua-a-las-dos-mujeres\\\/#breadcrumb\",\"itemListElement\":[{\"@type\":\"ListItem\",\"position\":1,\"name\":\"Portada\",\"item\":\"https:\\\/\\\/diariotextual.com\\\/inicio\\\/\"},{\"@type\":\"ListItem\",\"position\":2,\"name\":\"Caso Lucio: condenaron a perpetua a las dos mujeres\"}]},{\"@type\":\"WebSite\",\"@id\":\"https:\\\/\\\/diariotextual.com\\\/inicio\\\/#website\",\"url\":\"https:\\\/\\\/diariotextual.com\\\/inicio\\\/\",\"name\":\"Diario Textual\",\"description\":\"\",\"publisher\":{\"@id\":\"https:\\\/\\\/diariotextual.com\\\/inicio\\\/#organization\"},\"potentialAction\":[{\"@type\":\"SearchAction\",\"target\":{\"@type\":\"EntryPoint\",\"urlTemplate\":\"https:\\\/\\\/diariotextual.com\\\/inicio\\\/?s={search_term_string}\"},\"query-input\":{\"@type\":\"PropertyValueSpecification\",\"valueRequired\":true,\"valueName\":\"search_term_string\"}}],\"inLanguage\":\"es\"},{\"@type\":\"Organization\",\"@id\":\"https:\\\/\\\/diariotextual.com\\\/inicio\\\/#organization\",\"name\":\"Diario Textual\",\"url\":\"https:\\\/\\\/diariotextual.com\\\/inicio\\\/\",\"logo\":{\"@type\":\"ImageObject\",\"inLanguage\":\"es\",\"@id\":\"https:\\\/\\\/diariotextual.com\\\/inicio\\\/#\\\/schema\\\/logo\\\/image\\\/\",\"url\":\"https:\\\/\\\/diariotextual.com\\\/inicio\\\/wp-content\\\/uploads\\\/2023\\\/05\\\/logotextual1.jpg\",\"contentUrl\":\"https:\\\/\\\/diariotextual.com\\\/inicio\\\/wp-content\\\/uploads\\\/2023\\\/05\\\/logotextual1.jpg\",\"width\":516,\"height\":76,\"caption\":\"Diario Textual\"},\"image\":{\"@id\":\"https:\\\/\\\/diariotextual.com\\\/inicio\\\/#\\\/schema\\\/logo\\\/image\\\/\"},\"sameAs\":[\"https:\\\/\\\/www.facebook.com\\\/eltextual\",\"https:\\\/\\\/x.com\\\/eltextual\",\"http:\\\/\\\/www.instagram.com\\\/eltextual\"]},{\"@type\":\"Person\",\"@id\":\"https:\\\/\\\/diariotextual.com\\\/inicio\\\/#\\\/schema\\\/person\\\/418fc4093c33e86ed41562db3508f958\",\"name\":\"Diario1 Diario1\",\"image\":{\"@type\":\"ImageObject\",\"inLanguage\":\"es\",\"@id\":\"https:\\\/\\\/secure.gravatar.com\\\/avatar\\\/9167d280179c85bc18be67aa7eda765854300033af4896dd779b608640f2ef7a?s=96&d=mm&r=g\",\"url\":\"https:\\\/\\\/secure.gravatar.com\\\/avatar\\\/9167d280179c85bc18be67aa7eda765854300033af4896dd779b608640f2ef7a?s=96&d=mm&r=g\",\"contentUrl\":\"https:\\\/\\\/secure.gravatar.com\\\/avatar\\\/9167d280179c85bc18be67aa7eda765854300033af4896dd779b608640f2ef7a?s=96&d=mm&r=g\",\"caption\":\"Diario1 Diario1\"},\"url\":\"https:\\\/\\\/diariotextual.com\\\/inicio\\\/index.php\\\/author\\\/diario1\\\/\"}]}<\/script>\n<!-- \/ Yoast SEO plugin. -->","yoast_head_json":{"title":"Caso Lucio: condenaron a perpetua a las dos mujeres - Diario Textual","robots":{"index":"index","follow":"follow","max-snippet":"max-snippet:-1","max-image-preview":"max-image-preview:large","max-video-preview":"max-video-preview:-1"},"canonical":"https:\/\/diariotextual.com\/inicio\/index.php\/2023\/02\/17\/caso-lucio-condenaron-a-perpetua-a-las-dos-mujeres\/","og_locale":"es_ES","og_type":"article","og_title":"Caso Lucio: condenaron a perpetua a las dos mujeres - Diario Textual","og_description":"Las dos condenadas por el asesinato de Lucio Abel Dupuy (5 a\u00f1os) pueden pasar el resto de sus vidas en la c\u00e1rcel. El Tribunal de Audiencia de Santa Rosa les&hellip;","og_url":"https:\/\/diariotextual.com\/inicio\/index.php\/2023\/02\/17\/caso-lucio-condenaron-a-perpetua-a-las-dos-mujeres\/","og_site_name":"Diario Textual","article_publisher":"https:\/\/www.facebook.com\/eltextual","article_published_time":"2023-02-17T15:00:11+00:00","article_modified_time":"2023-02-18T11:49:49+00:00","og_image":[{"width":1543,"height":897,"url":"https:\/\/diariotextual.com\/inicio\/wp-content\/uploads\/2023\/02\/luciodupuyjuiciomanifestacion2023-50.jpeg","type":"image\/jpeg"}],"author":"Diario1 Diario1","twitter_card":"summary_large_image","twitter_creator":"@eltextual","twitter_site":"@eltextual","twitter_misc":{"Escrito por":"Diario1 Diario1","Tiempo de lectura":"9 minutos"},"schema":{"@context":"https:\/\/schema.org","@graph":[{"@type":"Article","@id":"https:\/\/diariotextual.com\/inicio\/index.php\/2023\/02\/17\/caso-lucio-condenaron-a-perpetua-a-las-dos-mujeres\/#article","isPartOf":{"@id":"https:\/\/diariotextual.com\/inicio\/index.php\/2023\/02\/17\/caso-lucio-condenaron-a-perpetua-a-las-dos-mujeres\/"},"author":{"name":"Diario1 Diario1","@id":"https:\/\/diariotextual.com\/inicio\/#\/schema\/person\/418fc4093c33e86ed41562db3508f958"},"headline":"Caso Lucio: condenaron a perpetua a las dos mujeres","datePublished":"2023-02-17T15:00:11+00:00","dateModified":"2023-02-18T11:49:49+00:00","mainEntityOfPage":{"@id":"https:\/\/diariotextual.com\/inicio\/index.php\/2023\/02\/17\/caso-lucio-condenaron-a-perpetua-a-las-dos-mujeres\/"},"wordCount":2006,"publisher":{"@id":"https:\/\/diariotextual.com\/inicio\/#organization"},"image":{"@id":"https:\/\/diariotextual.com\/inicio\/index.php\/2023\/02\/17\/caso-lucio-condenaron-a-perpetua-a-las-dos-mujeres\/#primaryimage"},"thumbnailUrl":"https:\/\/diariotextual.com\/inicio\/wp-content\/uploads\/2023\/02\/luciodupuyjuiciomanifestacion2023-50.jpeg","articleSection":["A - ES NOTICIA (van abajo)","A - QUE PASA (al costado)","SOCIEDAD"],"inLanguage":"es"},{"@type":"WebPage","@id":"https:\/\/diariotextual.com\/inicio\/index.php\/2023\/02\/17\/caso-lucio-condenaron-a-perpetua-a-las-dos-mujeres\/","url":"https:\/\/diariotextual.com\/inicio\/index.php\/2023\/02\/17\/caso-lucio-condenaron-a-perpetua-a-las-dos-mujeres\/","name":"Caso Lucio: condenaron a perpetua a las dos mujeres - Diario Textual","isPartOf":{"@id":"https:\/\/diariotextual.com\/inicio\/#website"},"primaryImageOfPage":{"@id":"https:\/\/diariotextual.com\/inicio\/index.php\/2023\/02\/17\/caso-lucio-condenaron-a-perpetua-a-las-dos-mujeres\/#primaryimage"},"image":{"@id":"https:\/\/diariotextual.com\/inicio\/index.php\/2023\/02\/17\/caso-lucio-condenaron-a-perpetua-a-las-dos-mujeres\/#primaryimage"},"thumbnailUrl":"https:\/\/diariotextual.com\/inicio\/wp-content\/uploads\/2023\/02\/luciodupuyjuiciomanifestacion2023-50.jpeg","datePublished":"2023-02-17T15:00:11+00:00","dateModified":"2023-02-18T11:49:49+00:00","breadcrumb":{"@id":"https:\/\/diariotextual.com\/inicio\/index.php\/2023\/02\/17\/caso-lucio-condenaron-a-perpetua-a-las-dos-mujeres\/#breadcrumb"},"inLanguage":"es","potentialAction":[{"@type":"ReadAction","target":["https:\/\/diariotextual.com\/inicio\/index.php\/2023\/02\/17\/caso-lucio-condenaron-a-perpetua-a-las-dos-mujeres\/"]}]},{"@type":"ImageObject","inLanguage":"es","@id":"https:\/\/diariotextual.com\/inicio\/index.php\/2023\/02\/17\/caso-lucio-condenaron-a-perpetua-a-las-dos-mujeres\/#primaryimage","url":"https:\/\/diariotextual.com\/inicio\/wp-content\/uploads\/2023\/02\/luciodupuyjuiciomanifestacion2023-50.jpeg","contentUrl":"https:\/\/diariotextual.com\/inicio\/wp-content\/uploads\/2023\/02\/luciodupuyjuiciomanifestacion2023-50.jpeg","width":1543,"height":897},{"@type":"BreadcrumbList","@id":"https:\/\/diariotextual.com\/inicio\/index.php\/2023\/02\/17\/caso-lucio-condenaron-a-perpetua-a-las-dos-mujeres\/#breadcrumb","itemListElement":[{"@type":"ListItem","position":1,"name":"Portada","item":"https:\/\/diariotextual.com\/inicio\/"},{"@type":"ListItem","position":2,"name":"Caso Lucio: condenaron a perpetua a las dos mujeres"}]},{"@type":"WebSite","@id":"https:\/\/diariotextual.com\/inicio\/#website","url":"https:\/\/diariotextual.com\/inicio\/","name":"Diario Textual","description":"","publisher":{"@id":"https:\/\/diariotextual.com\/inicio\/#organization"},"potentialAction":[{"@type":"SearchAction","target":{"@type":"EntryPoint","urlTemplate":"https:\/\/diariotextual.com\/inicio\/?s={search_term_string}"},"query-input":{"@type":"PropertyValueSpecification","valueRequired":true,"valueName":"search_term_string"}}],"inLanguage":"es"},{"@type":"Organization","@id":"https:\/\/diariotextual.com\/inicio\/#organization","name":"Diario Textual","url":"https:\/\/diariotextual.com\/inicio\/","logo":{"@type":"ImageObject","inLanguage":"es","@id":"https:\/\/diariotextual.com\/inicio\/#\/schema\/logo\/image\/","url":"https:\/\/diariotextual.com\/inicio\/wp-content\/uploads\/2023\/05\/logotextual1.jpg","contentUrl":"https:\/\/diariotextual.com\/inicio\/wp-content\/uploads\/2023\/05\/logotextual1.jpg","width":516,"height":76,"caption":"Diario Textual"},"image":{"@id":"https:\/\/diariotextual.com\/inicio\/#\/schema\/logo\/image\/"},"sameAs":["https:\/\/www.facebook.com\/eltextual","https:\/\/x.com\/eltextual","http:\/\/www.instagram.com\/eltextual"]},{"@type":"Person","@id":"https:\/\/diariotextual.com\/inicio\/#\/schema\/person\/418fc4093c33e86ed41562db3508f958","name":"Diario1 Diario1","image":{"@type":"ImageObject","inLanguage":"es","@id":"https:\/\/secure.gravatar.com\/avatar\/9167d280179c85bc18be67aa7eda765854300033af4896dd779b608640f2ef7a?s=96&d=mm&r=g","url":"https:\/\/secure.gravatar.com\/avatar\/9167d280179c85bc18be67aa7eda765854300033af4896dd779b608640f2ef7a?s=96&d=mm&r=g","contentUrl":"https:\/\/secure.gravatar.com\/avatar\/9167d280179c85bc18be67aa7eda765854300033af4896dd779b608640f2ef7a?s=96&d=mm&r=g","caption":"Diario1 Diario1"},"url":"https:\/\/diariotextual.com\/inicio\/index.php\/author\/diario1\/"}]}},"_links":{"self":[{"href":"https:\/\/diariotextual.com\/inicio\/index.php\/wp-json\/wp\/v2\/posts\/216368","targetHints":{"allow":["GET"]}}],"collection":[{"href":"https:\/\/diariotextual.com\/inicio\/index.php\/wp-json\/wp\/v2\/posts"}],"about":[{"href":"https:\/\/diariotextual.com\/inicio\/index.php\/wp-json\/wp\/v2\/types\/post"}],"author":[{"embeddable":true,"href":"https:\/\/diariotextual.com\/inicio\/index.php\/wp-json\/wp\/v2\/users\/3"}],"replies":[{"embeddable":true,"href":"https:\/\/diariotextual.com\/inicio\/index.php\/wp-json\/wp\/v2\/comments?post=216368"}],"version-history":[{"count":13,"href":"https:\/\/diariotextual.com\/inicio\/index.php\/wp-json\/wp\/v2\/posts\/216368\/revisions"}],"predecessor-version":[{"id":216491,"href":"https:\/\/diariotextual.com\/inicio\/index.php\/wp-json\/wp\/v2\/posts\/216368\/revisions\/216491"}],"wp:featuredmedia":[{"embeddable":true,"href":"https:\/\/diariotextual.com\/inicio\/index.php\/wp-json\/wp\/v2\/media\/216490"}],"wp:attachment":[{"href":"https:\/\/diariotextual.com\/inicio\/index.php\/wp-json\/wp\/v2\/media?parent=216368"}],"wp:term":[{"taxonomy":"category","embeddable":true,"href":"https:\/\/diariotextual.com\/inicio\/index.php\/wp-json\/wp\/v2\/categories?post=216368"},{"taxonomy":"post_tag","embeddable":true,"href":"https:\/\/diariotextual.com\/inicio\/index.php\/wp-json\/wp\/v2\/tags?post=216368"}],"curies":[{"name":"wp","href":"https:\/\/api.w.org\/{rel}","templated":true}]}}