{"id":216414,"date":"2023-02-17T12:09:45","date_gmt":"2023-02-17T15:09:45","guid":{"rendered":"https:\/\/diariotextual.com\/inicio\/?p=216414"},"modified":"2023-02-17T14:01:39","modified_gmt":"2023-02-17T17:01:39","slug":"fiscal-ferrero-estamos-satisfechos-con-la-pena-es-una-condena-de-por-vida","status":"publish","type":"post","link":"https:\/\/diariotextual.com\/inicio\/index.php\/2023\/02\/17\/fiscal-ferrero-estamos-satisfechos-con-la-pena-es-una-condena-de-por-vida\/","title":{"rendered":"La fiscala y la perpetua por el Caso Lucio: \u201cEs una condena de por vida\u201d"},"content":{"rendered":"\n<p>La fiscala <strong>Ver\u00f3nica Ferrero<\/strong> expres\u00f3 su<strong> \u201csatisfacci\u00f3n\u201d <\/strong>por la pena de perpetua a las asesinas de <strong>Lucio Dupuy<\/strong>, <strong>Magdalena Esp\u00f3sito Valenti <\/strong>y<strong> Abigail P\u00e1ez<\/strong>.<strong> \u201cEs una condena de por vida\u201d<\/strong>, dijo.<\/p>\n\n\n\n<p>Este viernes los jueces<strong>&nbsp;Alejandra Ongaro, Andr\u00e9s Oli\u00e9&nbsp;y&nbsp;Daniel S\u00e1ez Zamora<\/strong> condenaron a la pena de&nbsp;prisi\u00f3n perpetua&nbsp;a&nbsp;<strong>Magdalena Esp\u00f3sito Valenti<\/strong>&nbsp;y a&nbsp;<strong>Abigail P\u00e1ez<\/strong>&nbsp;por el aberrante crimen cometido el 26 de noviembre de 2021.<\/p>\n\n\n\n<p>Los magistrados rechazaron los planteos de inconstitucionalidad de las defensas con respecto a la prisi\u00f3n perpetua y, adem\u00e1s, no avalaron el reclamo de la querella de reclusi\u00f3n por tiempo indeterminado.<\/p>\n\n\n\n<p><strong>\u201cEs una pena de por vida, no tienen posibilidad de salir en libertad porque el art\u00edculo 14 del C\u00f3digo Penal establece que no pueden pedir la libertad condicional bajo ning\u00fan t\u00e9rmino. Transcurridos los 50 a\u00f1os, tampoco<\/strong>\u201d, dijo Ferrero. \u201cHay delitos que son muy graves, como el que cometieron las imputadas, por el cual no se otorga la libertad condicional\u201d, agreg\u00f3.<\/p>\n\n\n\n<p>\u201cHoy por hoy, nuestro C\u00f3digo Penal hace una distinci\u00f3n. Hay&nbsp;<strong>delitos que son muy graves, por ejemplo el que cometieron las imputadas, por los cuales no se otorga la libertad condicional.<\/strong>&nbsp;En los dem\u00e1s casos son 35 a\u00f1os que deben cumplir con todos los reglamentos carcelarios, tener buena conducta, y s\u00ed pueden solicitar la libertad condicional\u201d, puntualiz\u00f3.<\/p>\n\n\n\n<p>La fiscala tambi\u00e9n explic\u00f3 lo que implica el hecho de que&nbsp;Esp\u00f3sito Valenti haya sido condenada a prisi\u00f3n perpetua con m\u00e1s accesorias del art\u00edculo 12 del C\u00f3digo Penal. \u201cEs una inhabilitaci\u00f3n especial respecto de la administraci\u00f3n bienes. Toda persona condenada a m\u00e1s de tres a\u00f1os de prisi\u00f3n la pierde\u201d, dijo.<\/p>\n\n\n\n<figure class=\"wp-block-embed is-type-wp-embed is-provider-diario-textual wp-block-embed-diario-textual\"><div class=\"wp-block-embed__wrapper\">\n<blockquote class=\"wp-embedded-content\" data-secret=\"0Qdlqk1rVj\"><a href=\"https:\/\/diariotextual.com\/inicio\/index.php\/2023\/02\/17\/caso-lucio-condenaron-a-perpetua-a-las-dos-mujeres\/\">Caso Lucio: condenaron a perpetua a las dos mujeres<\/a><\/blockquote><iframe class=\"wp-embedded-content\" sandbox=\"allow-scripts\" security=\"restricted\" style=\"position: absolute; clip: rect(1px, 1px, 1px, 1px);\" title=\"\u00abCaso Lucio: condenaron a perpetua a las dos mujeres\u00bb \u2014 Diario Textual\" src=\"https:\/\/diariotextual.com\/inicio\/index.php\/2023\/02\/17\/caso-lucio-condenaron-a-perpetua-a-las-dos-mujeres\/embed\/#?secret=K7GqDu6aYY#?secret=0Qdlqk1rVj\" data-secret=\"0Qdlqk1rVj\" width=\"600\" height=\"338\" frameborder=\"0\" marginwidth=\"0\" marginheight=\"0\" scrolling=\"no\"><\/iframe>\n<\/div><\/figure>\n\n\n\n<p>La pena fue le\u00edda a las 12 horas en el Centro Judicial de Santa Rosa. Estuvieron, entre otros, el fiscal general&nbsp;<strong>M\u00e1ximo Paulucci<\/strong>; la fiscala&nbsp;<strong>Ver\u00f3nica Ferrero<\/strong>; y el querellante particular&nbsp;<strong>Jos\u00e9 Mario Aguerrido<\/strong>&nbsp;\u2013en representaci\u00f3n del padre de Lucio,&nbsp;<strong>Christian Dupuy<\/strong>, quien tambi\u00e9n asisti\u00f3\u2013.<\/p>\n\n\n\n<p>Esp\u00f3sito Valenti, la madre del peque\u00f1o, fue declarada el pasado 2 de febrero, por la Audiencia de Juicio autora material y penalmente responsable del delito de homicidio triplemente calificado por el v\u00ednculo, alevos\u00eda y ensa\u00f1amiento.<\/p>\n\n\n\n<p>A su vez,&nbsp;P\u00e1ez fue declarada autora material y penalmente responsable del delito de homicidio doblemente calificado por alevos\u00eda y ensa\u00f1amiento; en concurso real con el delito de abuso sexual con acceso carnal por v\u00eda anal, ejecutado con un objeto f\u00e1lico, agravado por tratarse de la guardadora y por haberse cometido contra un menor de 18 a\u00f1os de edad, aprovechando la situaci\u00f3n de convivencia preexistente, como delito continuado.<\/p>\n\n\n\n<p><\/p>\n","protected":false},"excerpt":{"rendered":"<p>La fiscala Ver\u00f3nica Ferrero expres\u00f3 su \u201csatisfacci\u00f3n\u201d por la pena de perpetua a las asesinas de Lucio Dupuy, Magdalena Esp\u00f3sito Valenti y Abigail P\u00e1ez. \u201cEs una condena de por vida\u201d,&hellip;<\/p>\n","protected":false},"author":7,"featured_media":216415,"comment_status":"closed","ping_status":"open","sticky":false,"template":"","format":"standard","meta":{"_acf_changed":false,"footnotes":""},"categories":[10,12],"tags":[],"class_list":["post-216414","post","type-post","status-publish","format-standard","has-post-thumbnail","hentry","category-portada-2","category-sociedad"],"acf":[],"yoast_head":"<!-- This site is optimized with the Yoast SEO plugin v27.5 - https:\/\/yoast.com\/product\/yoast-seo-wordpress\/ -->\n<title>La fiscala y la perpetua por el Caso Lucio: \u201cEs una condena de por vida\u201d - Diario Textual<\/title>\n<meta name=\"robots\" content=\"index, follow, max-snippet:-1, max-image-preview:large, max-video-preview:-1\" \/>\n<link rel=\"canonical\" href=\"https:\/\/diariotextual.com\/inicio\/index.php\/2023\/02\/17\/fiscal-ferrero-estamos-satisfechos-con-la-pena-es-una-condena-de-por-vida\/\" \/>\n<meta property=\"og:locale\" content=\"es_ES\" \/>\n<meta property=\"og:type\" content=\"article\" \/>\n<meta property=\"og:title\" content=\"La fiscala y la perpetua por el Caso Lucio: \u201cEs una condena de por vida\u201d - Diario Textual\" \/>\n<meta property=\"og:description\" content=\"La fiscala Ver\u00f3nica Ferrero expres\u00f3 su \u201csatisfacci\u00f3n\u201d por la pena de perpetua a las asesinas de Lucio Dupuy, Magdalena Esp\u00f3sito Valenti y Abigail P\u00e1ez. \u201cEs una condena de por vida\u201d,&hellip;\" \/>\n<meta property=\"og:url\" content=\"https:\/\/diariotextual.com\/inicio\/index.php\/2023\/02\/17\/fiscal-ferrero-estamos-satisfechos-con-la-pena-es-una-condena-de-por-vida\/\" \/>\n<meta property=\"og:site_name\" content=\"Diario Textual\" \/>\n<meta property=\"article:publisher\" content=\"https:\/\/www.facebook.com\/eltextual\" \/>\n<meta property=\"article:published_time\" content=\"2023-02-17T15:09:45+00:00\" \/>\n<meta property=\"article:modified_time\" content=\"2023-02-17T17:01:39+00:00\" \/>\n<meta property=\"og:image\" content=\"https:\/\/diariotextual.com\/inicio\/wp-content\/uploads\/2023\/02\/ferreroeronicafiscal.jpg\" \/>\n\t<meta property=\"og:image:width\" content=\"1600\" \/>\n\t<meta property=\"og:image:height\" content=\"900\" \/>\n\t<meta property=\"og:image:type\" content=\"image\/jpeg\" \/>\n<meta name=\"author\" content=\"diario5\" \/>\n<meta name=\"twitter:card\" content=\"summary_large_image\" \/>\n<meta name=\"twitter:creator\" content=\"@eltextual\" \/>\n<meta name=\"twitter:site\" content=\"@eltextual\" \/>\n<meta name=\"twitter:label1\" content=\"Escrito por\" \/>\n\t<meta name=\"twitter:data1\" content=\"diario5\" \/>\n\t<meta name=\"twitter:label2\" content=\"Tiempo de lectura\" \/>\n\t<meta name=\"twitter:data2\" content=\"2 minutos\" \/>\n<script type=\"application\/ld+json\" class=\"yoast-schema-graph\">{\"@context\":\"https:\\\/\\\/schema.org\",\"@graph\":[{\"@type\":\"Article\",\"@id\":\"https:\\\/\\\/diariotextual.com\\\/inicio\\\/index.php\\\/2023\\\/02\\\/17\\\/fiscal-ferrero-estamos-satisfechos-con-la-pena-es-una-condena-de-por-vida\\\/#article\",\"isPartOf\":{\"@id\":\"https:\\\/\\\/diariotextual.com\\\/inicio\\\/index.php\\\/2023\\\/02\\\/17\\\/fiscal-ferrero-estamos-satisfechos-con-la-pena-es-una-condena-de-por-vida\\\/\"},\"author\":{\"name\":\"diario5\",\"@id\":\"https:\\\/\\\/diariotextual.com\\\/inicio\\\/#\\\/schema\\\/person\\\/c7834961ad8b29b1d9cdbf4571299067\"},\"headline\":\"La fiscala y la perpetua por el Caso Lucio: \u201cEs una condena de por vida\u201d\",\"datePublished\":\"2023-02-17T15:09:45+00:00\",\"dateModified\":\"2023-02-17T17:01:39+00:00\",\"mainEntityOfPage\":{\"@id\":\"https:\\\/\\\/diariotextual.com\\\/inicio\\\/index.php\\\/2023\\\/02\\\/17\\\/fiscal-ferrero-estamos-satisfechos-con-la-pena-es-una-condena-de-por-vida\\\/\"},\"wordCount\":494,\"publisher\":{\"@id\":\"https:\\\/\\\/diariotextual.com\\\/inicio\\\/#organization\"},\"image\":{\"@id\":\"https:\\\/\\\/diariotextual.com\\\/inicio\\\/index.php\\\/2023\\\/02\\\/17\\\/fiscal-ferrero-estamos-satisfechos-con-la-pena-es-una-condena-de-por-vida\\\/#primaryimage\"},\"thumbnailUrl\":\"https:\\\/\\\/diariotextual.com\\\/inicio\\\/wp-content\\\/uploads\\\/2023\\\/02\\\/ferreroeronicafiscal.jpg\",\"articleSection\":[\"A - PORTADA2\",\"SOCIEDAD\"],\"inLanguage\":\"es\"},{\"@type\":\"WebPage\",\"@id\":\"https:\\\/\\\/diariotextual.com\\\/inicio\\\/index.php\\\/2023\\\/02\\\/17\\\/fiscal-ferrero-estamos-satisfechos-con-la-pena-es-una-condena-de-por-vida\\\/\",\"url\":\"https:\\\/\\\/diariotextual.com\\\/inicio\\\/index.php\\\/2023\\\/02\\\/17\\\/fiscal-ferrero-estamos-satisfechos-con-la-pena-es-una-condena-de-por-vida\\\/\",\"name\":\"La fiscala y la perpetua por el Caso Lucio: \u201cEs una condena de por vida\u201d - Diario Textual\",\"isPartOf\":{\"@id\":\"https:\\\/\\\/diariotextual.com\\\/inicio\\\/#website\"},\"primaryImageOfPage\":{\"@id\":\"https:\\\/\\\/diariotextual.com\\\/inicio\\\/index.php\\\/2023\\\/02\\\/17\\\/fiscal-ferrero-estamos-satisfechos-con-la-pena-es-una-condena-de-por-vida\\\/#primaryimage\"},\"image\":{\"@id\":\"https:\\\/\\\/diariotextual.com\\\/inicio\\\/index.php\\\/2023\\\/02\\\/17\\\/fiscal-ferrero-estamos-satisfechos-con-la-pena-es-una-condena-de-por-vida\\\/#primaryimage\"},\"thumbnailUrl\":\"https:\\\/\\\/diariotextual.com\\\/inicio\\\/wp-content\\\/uploads\\\/2023\\\/02\\\/ferreroeronicafiscal.jpg\",\"datePublished\":\"2023-02-17T15:09:45+00:00\",\"dateModified\":\"2023-02-17T17:01:39+00:00\",\"breadcrumb\":{\"@id\":\"https:\\\/\\\/diariotextual.com\\\/inicio\\\/index.php\\\/2023\\\/02\\\/17\\\/fiscal-ferrero-estamos-satisfechos-con-la-pena-es-una-condena-de-por-vida\\\/#breadcrumb\"},\"inLanguage\":\"es\",\"potentialAction\":[{\"@type\":\"ReadAction\",\"target\":[\"https:\\\/\\\/diariotextual.com\\\/inicio\\\/index.php\\\/2023\\\/02\\\/17\\\/fiscal-ferrero-estamos-satisfechos-con-la-pena-es-una-condena-de-por-vida\\\/\"]}]},{\"@type\":\"ImageObject\",\"inLanguage\":\"es\",\"@id\":\"https:\\\/\\\/diariotextual.com\\\/inicio\\\/index.php\\\/2023\\\/02\\\/17\\\/fiscal-ferrero-estamos-satisfechos-con-la-pena-es-una-condena-de-por-vida\\\/#primaryimage\",\"url\":\"https:\\\/\\\/diariotextual.com\\\/inicio\\\/wp-content\\\/uploads\\\/2023\\\/02\\\/ferreroeronicafiscal.jpg\",\"contentUrl\":\"https:\\\/\\\/diariotextual.com\\\/inicio\\\/wp-content\\\/uploads\\\/2023\\\/02\\\/ferreroeronicafiscal.jpg\",\"width\":1600,\"height\":900},{\"@type\":\"BreadcrumbList\",\"@id\":\"https:\\\/\\\/diariotextual.com\\\/inicio\\\/index.php\\\/2023\\\/02\\\/17\\\/fiscal-ferrero-estamos-satisfechos-con-la-pena-es-una-condena-de-por-vida\\\/#breadcrumb\",\"itemListElement\":[{\"@type\":\"ListItem\",\"position\":1,\"name\":\"Portada\",\"item\":\"https:\\\/\\\/diariotextual.com\\\/inicio\\\/\"},{\"@type\":\"ListItem\",\"position\":2,\"name\":\"La fiscala y la perpetua por el Caso Lucio: \u201cEs una condena de por vida\u201d\"}]},{\"@type\":\"WebSite\",\"@id\":\"https:\\\/\\\/diariotextual.com\\\/inicio\\\/#website\",\"url\":\"https:\\\/\\\/diariotextual.com\\\/inicio\\\/\",\"name\":\"Diario Textual\",\"description\":\"\",\"publisher\":{\"@id\":\"https:\\\/\\\/diariotextual.com\\\/inicio\\\/#organization\"},\"potentialAction\":[{\"@type\":\"SearchAction\",\"target\":{\"@type\":\"EntryPoint\",\"urlTemplate\":\"https:\\\/\\\/diariotextual.com\\\/inicio\\\/?s={search_term_string}\"},\"query-input\":{\"@type\":\"PropertyValueSpecification\",\"valueRequired\":true,\"valueName\":\"search_term_string\"}}],\"inLanguage\":\"es\"},{\"@type\":\"Organization\",\"@id\":\"https:\\\/\\\/diariotextual.com\\\/inicio\\\/#organization\",\"name\":\"Diario Textual\",\"url\":\"https:\\\/\\\/diariotextual.com\\\/inicio\\\/\",\"logo\":{\"@type\":\"ImageObject\",\"inLanguage\":\"es\",\"@id\":\"https:\\\/\\\/diariotextual.com\\\/inicio\\\/#\\\/schema\\\/logo\\\/image\\\/\",\"url\":\"https:\\\/\\\/diariotextual.com\\\/inicio\\\/wp-content\\\/uploads\\\/2023\\\/05\\\/logotextual1.jpg\",\"contentUrl\":\"https:\\\/\\\/diariotextual.com\\\/inicio\\\/wp-content\\\/uploads\\\/2023\\\/05\\\/logotextual1.jpg\",\"width\":516,\"height\":76,\"caption\":\"Diario Textual\"},\"image\":{\"@id\":\"https:\\\/\\\/diariotextual.com\\\/inicio\\\/#\\\/schema\\\/logo\\\/image\\\/\"},\"sameAs\":[\"https:\\\/\\\/www.facebook.com\\\/eltextual\",\"https:\\\/\\\/x.com\\\/eltextual\",\"http:\\\/\\\/www.instagram.com\\\/eltextual\"]},{\"@type\":\"Person\",\"@id\":\"https:\\\/\\\/diariotextual.com\\\/inicio\\\/#\\\/schema\\\/person\\\/c7834961ad8b29b1d9cdbf4571299067\",\"name\":\"diario5\",\"image\":{\"@type\":\"ImageObject\",\"inLanguage\":\"es\",\"@id\":\"https:\\\/\\\/secure.gravatar.com\\\/avatar\\\/948c893b847ca6df68216ead81b63f363408ec9b0f600fefc0641ce78613b111?s=96&d=mm&r=g\",\"url\":\"https:\\\/\\\/secure.gravatar.com\\\/avatar\\\/948c893b847ca6df68216ead81b63f363408ec9b0f600fefc0641ce78613b111?s=96&d=mm&r=g\",\"contentUrl\":\"https:\\\/\\\/secure.gravatar.com\\\/avatar\\\/948c893b847ca6df68216ead81b63f363408ec9b0f600fefc0641ce78613b111?s=96&d=mm&r=g\",\"caption\":\"diario5\"},\"url\":\"https:\\\/\\\/diariotextual.com\\\/inicio\\\/index.php\\\/author\\\/diario5\\\/\"}]}<\/script>\n<!-- \/ Yoast SEO plugin. -->","yoast_head_json":{"title":"La fiscala y la perpetua por el Caso Lucio: \u201cEs una condena de por vida\u201d - Diario Textual","robots":{"index":"index","follow":"follow","max-snippet":"max-snippet:-1","max-image-preview":"max-image-preview:large","max-video-preview":"max-video-preview:-1"},"canonical":"https:\/\/diariotextual.com\/inicio\/index.php\/2023\/02\/17\/fiscal-ferrero-estamos-satisfechos-con-la-pena-es-una-condena-de-por-vida\/","og_locale":"es_ES","og_type":"article","og_title":"La fiscala y la perpetua por el Caso Lucio: \u201cEs una condena de por vida\u201d - Diario Textual","og_description":"La fiscala Ver\u00f3nica Ferrero expres\u00f3 su \u201csatisfacci\u00f3n\u201d por la pena de perpetua a las asesinas de Lucio Dupuy, Magdalena Esp\u00f3sito Valenti y Abigail P\u00e1ez. \u201cEs una condena de por vida\u201d,&hellip;","og_url":"https:\/\/diariotextual.com\/inicio\/index.php\/2023\/02\/17\/fiscal-ferrero-estamos-satisfechos-con-la-pena-es-una-condena-de-por-vida\/","og_site_name":"Diario Textual","article_publisher":"https:\/\/www.facebook.com\/eltextual","article_published_time":"2023-02-17T15:09:45+00:00","article_modified_time":"2023-02-17T17:01:39+00:00","og_image":[{"width":1600,"height":900,"url":"https:\/\/diariotextual.com\/inicio\/wp-content\/uploads\/2023\/02\/ferreroeronicafiscal.jpg","type":"image\/jpeg"}],"author":"diario5","twitter_card":"summary_large_image","twitter_creator":"@eltextual","twitter_site":"@eltextual","twitter_misc":{"Escrito por":"diario5","Tiempo de lectura":"2 minutos"},"schema":{"@context":"https:\/\/schema.org","@graph":[{"@type":"Article","@id":"https:\/\/diariotextual.com\/inicio\/index.php\/2023\/02\/17\/fiscal-ferrero-estamos-satisfechos-con-la-pena-es-una-condena-de-por-vida\/#article","isPartOf":{"@id":"https:\/\/diariotextual.com\/inicio\/index.php\/2023\/02\/17\/fiscal-ferrero-estamos-satisfechos-con-la-pena-es-una-condena-de-por-vida\/"},"author":{"name":"diario5","@id":"https:\/\/diariotextual.com\/inicio\/#\/schema\/person\/c7834961ad8b29b1d9cdbf4571299067"},"headline":"La fiscala y la perpetua por el Caso Lucio: \u201cEs una condena de por vida\u201d","datePublished":"2023-02-17T15:09:45+00:00","dateModified":"2023-02-17T17:01:39+00:00","mainEntityOfPage":{"@id":"https:\/\/diariotextual.com\/inicio\/index.php\/2023\/02\/17\/fiscal-ferrero-estamos-satisfechos-con-la-pena-es-una-condena-de-por-vida\/"},"wordCount":494,"publisher":{"@id":"https:\/\/diariotextual.com\/inicio\/#organization"},"image":{"@id":"https:\/\/diariotextual.com\/inicio\/index.php\/2023\/02\/17\/fiscal-ferrero-estamos-satisfechos-con-la-pena-es-una-condena-de-por-vida\/#primaryimage"},"thumbnailUrl":"https:\/\/diariotextual.com\/inicio\/wp-content\/uploads\/2023\/02\/ferreroeronicafiscal.jpg","articleSection":["A - PORTADA2","SOCIEDAD"],"inLanguage":"es"},{"@type":"WebPage","@id":"https:\/\/diariotextual.com\/inicio\/index.php\/2023\/02\/17\/fiscal-ferrero-estamos-satisfechos-con-la-pena-es-una-condena-de-por-vida\/","url":"https:\/\/diariotextual.com\/inicio\/index.php\/2023\/02\/17\/fiscal-ferrero-estamos-satisfechos-con-la-pena-es-una-condena-de-por-vida\/","name":"La fiscala y la perpetua por el Caso Lucio: \u201cEs una condena de por vida\u201d - Diario Textual","isPartOf":{"@id":"https:\/\/diariotextual.com\/inicio\/#website"},"primaryImageOfPage":{"@id":"https:\/\/diariotextual.com\/inicio\/index.php\/2023\/02\/17\/fiscal-ferrero-estamos-satisfechos-con-la-pena-es-una-condena-de-por-vida\/#primaryimage"},"image":{"@id":"https:\/\/diariotextual.com\/inicio\/index.php\/2023\/02\/17\/fiscal-ferrero-estamos-satisfechos-con-la-pena-es-una-condena-de-por-vida\/#primaryimage"},"thumbnailUrl":"https:\/\/diariotextual.com\/inicio\/wp-content\/uploads\/2023\/02\/ferreroeronicafiscal.jpg","datePublished":"2023-02-17T15:09:45+00:00","dateModified":"2023-02-17T17:01:39+00:00","breadcrumb":{"@id":"https:\/\/diariotextual.com\/inicio\/index.php\/2023\/02\/17\/fiscal-ferrero-estamos-satisfechos-con-la-pena-es-una-condena-de-por-vida\/#breadcrumb"},"inLanguage":"es","potentialAction":[{"@type":"ReadAction","target":["https:\/\/diariotextual.com\/inicio\/index.php\/2023\/02\/17\/fiscal-ferrero-estamos-satisfechos-con-la-pena-es-una-condena-de-por-vida\/"]}]},{"@type":"ImageObject","inLanguage":"es","@id":"https:\/\/diariotextual.com\/inicio\/index.php\/2023\/02\/17\/fiscal-ferrero-estamos-satisfechos-con-la-pena-es-una-condena-de-por-vida\/#primaryimage","url":"https:\/\/diariotextual.com\/inicio\/wp-content\/uploads\/2023\/02\/ferreroeronicafiscal.jpg","contentUrl":"https:\/\/diariotextual.com\/inicio\/wp-content\/uploads\/2023\/02\/ferreroeronicafiscal.jpg","width":1600,"height":900},{"@type":"BreadcrumbList","@id":"https:\/\/diariotextual.com\/inicio\/index.php\/2023\/02\/17\/fiscal-ferrero-estamos-satisfechos-con-la-pena-es-una-condena-de-por-vida\/#breadcrumb","itemListElement":[{"@type":"ListItem","position":1,"name":"Portada","item":"https:\/\/diariotextual.com\/inicio\/"},{"@type":"ListItem","position":2,"name":"La fiscala y la perpetua por el Caso Lucio: \u201cEs una condena de por vida\u201d"}]},{"@type":"WebSite","@id":"https:\/\/diariotextual.com\/inicio\/#website","url":"https:\/\/diariotextual.com\/inicio\/","name":"Diario Textual","description":"","publisher":{"@id":"https:\/\/diariotextual.com\/inicio\/#organization"},"potentialAction":[{"@type":"SearchAction","target":{"@type":"EntryPoint","urlTemplate":"https:\/\/diariotextual.com\/inicio\/?s={search_term_string}"},"query-input":{"@type":"PropertyValueSpecification","valueRequired":true,"valueName":"search_term_string"}}],"inLanguage":"es"},{"@type":"Organization","@id":"https:\/\/diariotextual.com\/inicio\/#organization","name":"Diario Textual","url":"https:\/\/diariotextual.com\/inicio\/","logo":{"@type":"ImageObject","inLanguage":"es","@id":"https:\/\/diariotextual.com\/inicio\/#\/schema\/logo\/image\/","url":"https:\/\/diariotextual.com\/inicio\/wp-content\/uploads\/2023\/05\/logotextual1.jpg","contentUrl":"https:\/\/diariotextual.com\/inicio\/wp-content\/uploads\/2023\/05\/logotextual1.jpg","width":516,"height":76,"caption":"Diario Textual"},"image":{"@id":"https:\/\/diariotextual.com\/inicio\/#\/schema\/logo\/image\/"},"sameAs":["https:\/\/www.facebook.com\/eltextual","https:\/\/x.com\/eltextual","http:\/\/www.instagram.com\/eltextual"]},{"@type":"Person","@id":"https:\/\/diariotextual.com\/inicio\/#\/schema\/person\/c7834961ad8b29b1d9cdbf4571299067","name":"diario5","image":{"@type":"ImageObject","inLanguage":"es","@id":"https:\/\/secure.gravatar.com\/avatar\/948c893b847ca6df68216ead81b63f363408ec9b0f600fefc0641ce78613b111?s=96&d=mm&r=g","url":"https:\/\/secure.gravatar.com\/avatar\/948c893b847ca6df68216ead81b63f363408ec9b0f600fefc0641ce78613b111?s=96&d=mm&r=g","contentUrl":"https:\/\/secure.gravatar.com\/avatar\/948c893b847ca6df68216ead81b63f363408ec9b0f600fefc0641ce78613b111?s=96&d=mm&r=g","caption":"diario5"},"url":"https:\/\/diariotextual.com\/inicio\/index.php\/author\/diario5\/"}]}},"_links":{"self":[{"href":"https:\/\/diariotextual.com\/inicio\/index.php\/wp-json\/wp\/v2\/posts\/216414","targetHints":{"allow":["GET"]}}],"collection":[{"href":"https:\/\/diariotextual.com\/inicio\/index.php\/wp-json\/wp\/v2\/posts"}],"about":[{"href":"https:\/\/diariotextual.com\/inicio\/index.php\/wp-json\/wp\/v2\/types\/post"}],"author":[{"embeddable":true,"href":"https:\/\/diariotextual.com\/inicio\/index.php\/wp-json\/wp\/v2\/users\/7"}],"replies":[{"embeddable":true,"href":"https:\/\/diariotextual.com\/inicio\/index.php\/wp-json\/wp\/v2\/comments?post=216414"}],"version-history":[{"count":11,"href":"https:\/\/diariotextual.com\/inicio\/index.php\/wp-json\/wp\/v2\/posts\/216414\/revisions"}],"predecessor-version":[{"id":216467,"href":"https:\/\/diariotextual.com\/inicio\/index.php\/wp-json\/wp\/v2\/posts\/216414\/revisions\/216467"}],"wp:featuredmedia":[{"embeddable":true,"href":"https:\/\/diariotextual.com\/inicio\/index.php\/wp-json\/wp\/v2\/media\/216415"}],"wp:attachment":[{"href":"https:\/\/diariotextual.com\/inicio\/index.php\/wp-json\/wp\/v2\/media?parent=216414"}],"wp:term":[{"taxonomy":"category","embeddable":true,"href":"https:\/\/diariotextual.com\/inicio\/index.php\/wp-json\/wp\/v2\/categories?post=216414"},{"taxonomy":"post_tag","embeddable":true,"href":"https:\/\/diariotextual.com\/inicio\/index.php\/wp-json\/wp\/v2\/tags?post=216414"}],"curies":[{"name":"wp","href":"https:\/\/api.w.org\/{rel}","templated":true}]}}