{"id":216766,"date":"2023-02-22T17:46:32","date_gmt":"2023-02-22T20:46:32","guid":{"rendered":"https:\/\/diariotextual.com\/inicio\/?p=216766"},"modified":"2023-02-22T17:46:35","modified_gmt":"2023-02-22T20:46:35","slug":"senasa-detecto-un-caso-de-gripe-aviar-en-neuquen","status":"publish","type":"post","link":"https:\/\/diariotextual.com\/inicio\/index.php\/2023\/02\/22\/senasa-detecto-un-caso-de-gripe-aviar-en-neuquen\/","title":{"rendered":"Senasa detect\u00f3 un caso de gripe aviar en Neuqu\u00e9n"},"content":{"rendered":"\n<p>El Servicio Nacional de Sanidad y Calidad Agroalimentaria (Senasa) detect\u00f3 este mi\u00e9rcoles un nuevo caso de influenza aviar H5 en <strong>un ave silvestre hallada muerta en la localidad de Zapala<\/strong>, en la provincia de Neuqu\u00e9n.<\/p>\n\n\n\n<p>En muestras tomadas a <strong>dos gallaretas encontradas muertas en Laguna Blanca, a 38 kil\u00f3metros de la ciudad de Zapala, una de ellas dio positivo a la presencia de la enfermedad<\/strong>, confirm\u00f3 hoy el organismo sanitario.<\/p>\n\n\n\n<p>Las muestras fueron tomadas por los agentes del Centro Regional Patagonia Norte del Senasa, Mart\u00edn Cavallari y Luciano Mammoni, quienes acudieron a la zona tras una notificaci\u00f3n efectuada por guardaparques del Parque Nacional Laguna Blanca.<\/p>\n\n\n\n<p>De esta forma, de las <strong>m\u00e1s de 100 notificaciones recibidas por el Senasa hasta el momento, son nueve los casos confirmados en aves silvestres y de traspatio (cinco en C\u00f3rdoba, uno en Salta, uno en Santa Fe, uno en Jujuy y uno en Neuqu\u00e9n).<\/strong><\/p>\n\n\n\n<p>El Senasa trabaja en acciones sanitarias y de rastrillaje en la regi\u00f3n donde se realizaron los hallazgos, al igual que en C\u00f3rdoba, Jujuy, Salta, y Santa Fe, al tiempo que en Entre R\u00edos fortaleci\u00f3 los controles en frontera, debido a la ocurrencia de un caso de enfermedad en Uruguay.<\/p>\n\n\n\n<p>El organismo sanitario insta al sector productivo a reforzar las medidas de manejo, higiene y bioseguridad de sus granjas av\u00edcolas y que le notifiquen inmediatamente toda detecci\u00f3n de signos cl\u00ednicos nerviosos, digestivos o respiratorios, disminuci\u00f3n en la producci\u00f3n de huevos, en el consumo de agua o alimento y alta mortandad en aves dom\u00e9sticas o silvestres.<\/p>\n\n\n\n<p>Tambi\u00e9n recuerda tomar todas las medidas de prevenci\u00f3n y no manipular las aves cuando se detectan estos cuadros cl\u00ednicos.<\/p>\n\n\n\n<p>En caso de observarse la presencia o sospecha de signos cl\u00ednicos compatibles con la enfermedad en aves o el hallazgo de aves dom\u00e9sticas y\/o silvestres muertas, notificar al Senasa concurriendo a cualquiera de sus oficinas; por medio de la aplicaci\u00f3n \u201cNotificaciones Senasa\u201d, enviando un correo electr\u00f3nico a notificaciones@senasa.gob.ar; ingresando al apartado \u201cAvisa al Senasa\u201d de la p\u00e1gina web del organismo o enviando un whatsapp al 11-5700-5704.<\/p>\n","protected":false},"excerpt":{"rendered":"<p>El Servicio Nacional de Sanidad y Calidad Agroalimentaria (Senasa) detect\u00f3 este mi\u00e9rcoles un nuevo caso de influenza aviar H5 en un ave silvestre hallada muerta en la localidad de Zapala,&hellip;<\/p>\n","protected":false},"author":5,"featured_media":216767,"comment_status":"closed","ping_status":"open","sticky":false,"template":"","format":"standard","meta":{"_acf_changed":false,"footnotes":""},"categories":[1,20],"tags":[7433,5565,3569],"class_list":["post-216766","post","type-post","status-publish","format-standard","has-post-thumbnail","hentry","category-es-noticia","category-campo","tag-gallareta","tag-gripe-aviar","tag-neuquen"],"acf":[],"yoast_head":"<!-- This site is optimized with the Yoast SEO plugin v27.5 - https:\/\/yoast.com\/product\/yoast-seo-wordpress\/ -->\n<title>Senasa detect\u00f3 un caso de gripe aviar en Neuqu\u00e9n - Diario Textual<\/title>\n<meta name=\"robots\" content=\"index, follow, max-snippet:-1, max-image-preview:large, max-video-preview:-1\" \/>\n<link rel=\"canonical\" href=\"https:\/\/diariotextual.com\/inicio\/index.php\/2023\/02\/22\/senasa-detecto-un-caso-de-gripe-aviar-en-neuquen\/\" \/>\n<meta property=\"og:locale\" content=\"es_ES\" \/>\n<meta property=\"og:type\" content=\"article\" \/>\n<meta property=\"og:title\" content=\"Senasa detect\u00f3 un caso de gripe aviar en Neuqu\u00e9n - Diario Textual\" \/>\n<meta property=\"og:description\" content=\"El Servicio Nacional de Sanidad y Calidad Agroalimentaria (Senasa) detect\u00f3 este mi\u00e9rcoles un nuevo caso de influenza aviar H5 en un ave silvestre hallada muerta en la localidad de Zapala,&hellip;\" \/>\n<meta property=\"og:url\" content=\"https:\/\/diariotextual.com\/inicio\/index.php\/2023\/02\/22\/senasa-detecto-un-caso-de-gripe-aviar-en-neuquen\/\" \/>\n<meta property=\"og:site_name\" content=\"Diario Textual\" \/>\n<meta property=\"article:publisher\" content=\"https:\/\/www.facebook.com\/eltextual\" \/>\n<meta property=\"article:published_time\" content=\"2023-02-22T20:46:32+00:00\" \/>\n<meta property=\"article:modified_time\" content=\"2023-02-22T20:46:35+00:00\" \/>\n<meta property=\"og:image\" content=\"https:\/\/diariotextual.com\/inicio\/wp-content\/uploads\/2023\/02\/gallareta-senasa.jpg\" \/>\n\t<meta property=\"og:image:width\" content=\"900\" \/>\n\t<meta property=\"og:image:height\" content=\"614\" \/>\n\t<meta property=\"og:image:type\" content=\"image\/jpeg\" \/>\n<meta name=\"author\" content=\"diario3\" \/>\n<meta name=\"twitter:card\" content=\"summary_large_image\" \/>\n<meta name=\"twitter:creator\" content=\"@eltextual\" \/>\n<meta name=\"twitter:site\" content=\"@eltextual\" \/>\n<meta name=\"twitter:label1\" content=\"Escrito por\" \/>\n\t<meta name=\"twitter:data1\" content=\"diario3\" \/>\n\t<meta name=\"twitter:label2\" content=\"Tiempo de lectura\" \/>\n\t<meta name=\"twitter:data2\" content=\"2 minutos\" \/>\n<script type=\"application\/ld+json\" class=\"yoast-schema-graph\">{\"@context\":\"https:\\\/\\\/schema.org\",\"@graph\":[{\"@type\":\"Article\",\"@id\":\"https:\\\/\\\/diariotextual.com\\\/inicio\\\/index.php\\\/2023\\\/02\\\/22\\\/senasa-detecto-un-caso-de-gripe-aviar-en-neuquen\\\/#article\",\"isPartOf\":{\"@id\":\"https:\\\/\\\/diariotextual.com\\\/inicio\\\/index.php\\\/2023\\\/02\\\/22\\\/senasa-detecto-un-caso-de-gripe-aviar-en-neuquen\\\/\"},\"author\":{\"name\":\"diario3\",\"@id\":\"https:\\\/\\\/diariotextual.com\\\/inicio\\\/#\\\/schema\\\/person\\\/a1b6f563e0ee944c60f98119389a4d9f\"},\"headline\":\"Senasa detect\u00f3 un caso de gripe aviar en Neuqu\u00e9n\",\"datePublished\":\"2023-02-22T20:46:32+00:00\",\"dateModified\":\"2023-02-22T20:46:35+00:00\",\"mainEntityOfPage\":{\"@id\":\"https:\\\/\\\/diariotextual.com\\\/inicio\\\/index.php\\\/2023\\\/02\\\/22\\\/senasa-detecto-un-caso-de-gripe-aviar-en-neuquen\\\/\"},\"wordCount\":376,\"publisher\":{\"@id\":\"https:\\\/\\\/diariotextual.com\\\/inicio\\\/#organization\"},\"image\":{\"@id\":\"https:\\\/\\\/diariotextual.com\\\/inicio\\\/index.php\\\/2023\\\/02\\\/22\\\/senasa-detecto-un-caso-de-gripe-aviar-en-neuquen\\\/#primaryimage\"},\"thumbnailUrl\":\"https:\\\/\\\/diariotextual.com\\\/inicio\\\/wp-content\\\/uploads\\\/2023\\\/02\\\/gallareta-senasa.jpg\",\"keywords\":[\"gallareta\",\"gripe aviar\",\"neuquen\"],\"articleSection\":[\"A - ES NOTICIA (van abajo)\",\"CAMPO\"],\"inLanguage\":\"es\"},{\"@type\":\"WebPage\",\"@id\":\"https:\\\/\\\/diariotextual.com\\\/inicio\\\/index.php\\\/2023\\\/02\\\/22\\\/senasa-detecto-un-caso-de-gripe-aviar-en-neuquen\\\/\",\"url\":\"https:\\\/\\\/diariotextual.com\\\/inicio\\\/index.php\\\/2023\\\/02\\\/22\\\/senasa-detecto-un-caso-de-gripe-aviar-en-neuquen\\\/\",\"name\":\"Senasa detect\u00f3 un caso de gripe aviar en Neuqu\u00e9n - Diario Textual\",\"isPartOf\":{\"@id\":\"https:\\\/\\\/diariotextual.com\\\/inicio\\\/#website\"},\"primaryImageOfPage\":{\"@id\":\"https:\\\/\\\/diariotextual.com\\\/inicio\\\/index.php\\\/2023\\\/02\\\/22\\\/senasa-detecto-un-caso-de-gripe-aviar-en-neuquen\\\/#primaryimage\"},\"image\":{\"@id\":\"https:\\\/\\\/diariotextual.com\\\/inicio\\\/index.php\\\/2023\\\/02\\\/22\\\/senasa-detecto-un-caso-de-gripe-aviar-en-neuquen\\\/#primaryimage\"},\"thumbnailUrl\":\"https:\\\/\\\/diariotextual.com\\\/inicio\\\/wp-content\\\/uploads\\\/2023\\\/02\\\/gallareta-senasa.jpg\",\"datePublished\":\"2023-02-22T20:46:32+00:00\",\"dateModified\":\"2023-02-22T20:46:35+00:00\",\"breadcrumb\":{\"@id\":\"https:\\\/\\\/diariotextual.com\\\/inicio\\\/index.php\\\/2023\\\/02\\\/22\\\/senasa-detecto-un-caso-de-gripe-aviar-en-neuquen\\\/#breadcrumb\"},\"inLanguage\":\"es\",\"potentialAction\":[{\"@type\":\"ReadAction\",\"target\":[\"https:\\\/\\\/diariotextual.com\\\/inicio\\\/index.php\\\/2023\\\/02\\\/22\\\/senasa-detecto-un-caso-de-gripe-aviar-en-neuquen\\\/\"]}]},{\"@type\":\"ImageObject\",\"inLanguage\":\"es\",\"@id\":\"https:\\\/\\\/diariotextual.com\\\/inicio\\\/index.php\\\/2023\\\/02\\\/22\\\/senasa-detecto-un-caso-de-gripe-aviar-en-neuquen\\\/#primaryimage\",\"url\":\"https:\\\/\\\/diariotextual.com\\\/inicio\\\/wp-content\\\/uploads\\\/2023\\\/02\\\/gallareta-senasa.jpg\",\"contentUrl\":\"https:\\\/\\\/diariotextual.com\\\/inicio\\\/wp-content\\\/uploads\\\/2023\\\/02\\\/gallareta-senasa.jpg\",\"width\":900,\"height\":614},{\"@type\":\"BreadcrumbList\",\"@id\":\"https:\\\/\\\/diariotextual.com\\\/inicio\\\/index.php\\\/2023\\\/02\\\/22\\\/senasa-detecto-un-caso-de-gripe-aviar-en-neuquen\\\/#breadcrumb\",\"itemListElement\":[{\"@type\":\"ListItem\",\"position\":1,\"name\":\"Portada\",\"item\":\"https:\\\/\\\/diariotextual.com\\\/inicio\\\/\"},{\"@type\":\"ListItem\",\"position\":2,\"name\":\"Senasa detect\u00f3 un caso de gripe aviar en Neuqu\u00e9n\"}]},{\"@type\":\"WebSite\",\"@id\":\"https:\\\/\\\/diariotextual.com\\\/inicio\\\/#website\",\"url\":\"https:\\\/\\\/diariotextual.com\\\/inicio\\\/\",\"name\":\"Diario Textual\",\"description\":\"\",\"publisher\":{\"@id\":\"https:\\\/\\\/diariotextual.com\\\/inicio\\\/#organization\"},\"potentialAction\":[{\"@type\":\"SearchAction\",\"target\":{\"@type\":\"EntryPoint\",\"urlTemplate\":\"https:\\\/\\\/diariotextual.com\\\/inicio\\\/?s={search_term_string}\"},\"query-input\":{\"@type\":\"PropertyValueSpecification\",\"valueRequired\":true,\"valueName\":\"search_term_string\"}}],\"inLanguage\":\"es\"},{\"@type\":\"Organization\",\"@id\":\"https:\\\/\\\/diariotextual.com\\\/inicio\\\/#organization\",\"name\":\"Diario Textual\",\"url\":\"https:\\\/\\\/diariotextual.com\\\/inicio\\\/\",\"logo\":{\"@type\":\"ImageObject\",\"inLanguage\":\"es\",\"@id\":\"https:\\\/\\\/diariotextual.com\\\/inicio\\\/#\\\/schema\\\/logo\\\/image\\\/\",\"url\":\"https:\\\/\\\/diariotextual.com\\\/inicio\\\/wp-content\\\/uploads\\\/2023\\\/05\\\/logotextual1.jpg\",\"contentUrl\":\"https:\\\/\\\/diariotextual.com\\\/inicio\\\/wp-content\\\/uploads\\\/2023\\\/05\\\/logotextual1.jpg\",\"width\":516,\"height\":76,\"caption\":\"Diario Textual\"},\"image\":{\"@id\":\"https:\\\/\\\/diariotextual.com\\\/inicio\\\/#\\\/schema\\\/logo\\\/image\\\/\"},\"sameAs\":[\"https:\\\/\\\/www.facebook.com\\\/eltextual\",\"https:\\\/\\\/x.com\\\/eltextual\",\"http:\\\/\\\/www.instagram.com\\\/eltextual\"]},{\"@type\":\"Person\",\"@id\":\"https:\\\/\\\/diariotextual.com\\\/inicio\\\/#\\\/schema\\\/person\\\/a1b6f563e0ee944c60f98119389a4d9f\",\"name\":\"diario3\",\"image\":{\"@type\":\"ImageObject\",\"inLanguage\":\"es\",\"@id\":\"https:\\\/\\\/secure.gravatar.com\\\/avatar\\\/5e7ee62c82fc04d9dd79d746a390d93c69c43223e5faeeb3ea9461ef752bfc5d?s=96&d=mm&r=g\",\"url\":\"https:\\\/\\\/secure.gravatar.com\\\/avatar\\\/5e7ee62c82fc04d9dd79d746a390d93c69c43223e5faeeb3ea9461ef752bfc5d?s=96&d=mm&r=g\",\"contentUrl\":\"https:\\\/\\\/secure.gravatar.com\\\/avatar\\\/5e7ee62c82fc04d9dd79d746a390d93c69c43223e5faeeb3ea9461ef752bfc5d?s=96&d=mm&r=g\",\"caption\":\"diario3\"},\"url\":\"https:\\\/\\\/diariotextual.com\\\/inicio\\\/index.php\\\/author\\\/diario3\\\/\"}]}<\/script>\n<!-- \/ Yoast SEO plugin. -->","yoast_head_json":{"title":"Senasa detect\u00f3 un caso de gripe aviar en Neuqu\u00e9n - Diario Textual","robots":{"index":"index","follow":"follow","max-snippet":"max-snippet:-1","max-image-preview":"max-image-preview:large","max-video-preview":"max-video-preview:-1"},"canonical":"https:\/\/diariotextual.com\/inicio\/index.php\/2023\/02\/22\/senasa-detecto-un-caso-de-gripe-aviar-en-neuquen\/","og_locale":"es_ES","og_type":"article","og_title":"Senasa detect\u00f3 un caso de gripe aviar en Neuqu\u00e9n - Diario Textual","og_description":"El Servicio Nacional de Sanidad y Calidad Agroalimentaria (Senasa) detect\u00f3 este mi\u00e9rcoles un nuevo caso de influenza aviar H5 en un ave silvestre hallada muerta en la localidad de Zapala,&hellip;","og_url":"https:\/\/diariotextual.com\/inicio\/index.php\/2023\/02\/22\/senasa-detecto-un-caso-de-gripe-aviar-en-neuquen\/","og_site_name":"Diario Textual","article_publisher":"https:\/\/www.facebook.com\/eltextual","article_published_time":"2023-02-22T20:46:32+00:00","article_modified_time":"2023-02-22T20:46:35+00:00","og_image":[{"width":900,"height":614,"url":"https:\/\/diariotextual.com\/inicio\/wp-content\/uploads\/2023\/02\/gallareta-senasa.jpg","type":"image\/jpeg"}],"author":"diario3","twitter_card":"summary_large_image","twitter_creator":"@eltextual","twitter_site":"@eltextual","twitter_misc":{"Escrito por":"diario3","Tiempo de lectura":"2 minutos"},"schema":{"@context":"https:\/\/schema.org","@graph":[{"@type":"Article","@id":"https:\/\/diariotextual.com\/inicio\/index.php\/2023\/02\/22\/senasa-detecto-un-caso-de-gripe-aviar-en-neuquen\/#article","isPartOf":{"@id":"https:\/\/diariotextual.com\/inicio\/index.php\/2023\/02\/22\/senasa-detecto-un-caso-de-gripe-aviar-en-neuquen\/"},"author":{"name":"diario3","@id":"https:\/\/diariotextual.com\/inicio\/#\/schema\/person\/a1b6f563e0ee944c60f98119389a4d9f"},"headline":"Senasa detect\u00f3 un caso de gripe aviar en Neuqu\u00e9n","datePublished":"2023-02-22T20:46:32+00:00","dateModified":"2023-02-22T20:46:35+00:00","mainEntityOfPage":{"@id":"https:\/\/diariotextual.com\/inicio\/index.php\/2023\/02\/22\/senasa-detecto-un-caso-de-gripe-aviar-en-neuquen\/"},"wordCount":376,"publisher":{"@id":"https:\/\/diariotextual.com\/inicio\/#organization"},"image":{"@id":"https:\/\/diariotextual.com\/inicio\/index.php\/2023\/02\/22\/senasa-detecto-un-caso-de-gripe-aviar-en-neuquen\/#primaryimage"},"thumbnailUrl":"https:\/\/diariotextual.com\/inicio\/wp-content\/uploads\/2023\/02\/gallareta-senasa.jpg","keywords":["gallareta","gripe aviar","neuquen"],"articleSection":["A - ES NOTICIA (van abajo)","CAMPO"],"inLanguage":"es"},{"@type":"WebPage","@id":"https:\/\/diariotextual.com\/inicio\/index.php\/2023\/02\/22\/senasa-detecto-un-caso-de-gripe-aviar-en-neuquen\/","url":"https:\/\/diariotextual.com\/inicio\/index.php\/2023\/02\/22\/senasa-detecto-un-caso-de-gripe-aviar-en-neuquen\/","name":"Senasa detect\u00f3 un caso de gripe aviar en Neuqu\u00e9n - Diario Textual","isPartOf":{"@id":"https:\/\/diariotextual.com\/inicio\/#website"},"primaryImageOfPage":{"@id":"https:\/\/diariotextual.com\/inicio\/index.php\/2023\/02\/22\/senasa-detecto-un-caso-de-gripe-aviar-en-neuquen\/#primaryimage"},"image":{"@id":"https:\/\/diariotextual.com\/inicio\/index.php\/2023\/02\/22\/senasa-detecto-un-caso-de-gripe-aviar-en-neuquen\/#primaryimage"},"thumbnailUrl":"https:\/\/diariotextual.com\/inicio\/wp-content\/uploads\/2023\/02\/gallareta-senasa.jpg","datePublished":"2023-02-22T20:46:32+00:00","dateModified":"2023-02-22T20:46:35+00:00","breadcrumb":{"@id":"https:\/\/diariotextual.com\/inicio\/index.php\/2023\/02\/22\/senasa-detecto-un-caso-de-gripe-aviar-en-neuquen\/#breadcrumb"},"inLanguage":"es","potentialAction":[{"@type":"ReadAction","target":["https:\/\/diariotextual.com\/inicio\/index.php\/2023\/02\/22\/senasa-detecto-un-caso-de-gripe-aviar-en-neuquen\/"]}]},{"@type":"ImageObject","inLanguage":"es","@id":"https:\/\/diariotextual.com\/inicio\/index.php\/2023\/02\/22\/senasa-detecto-un-caso-de-gripe-aviar-en-neuquen\/#primaryimage","url":"https:\/\/diariotextual.com\/inicio\/wp-content\/uploads\/2023\/02\/gallareta-senasa.jpg","contentUrl":"https:\/\/diariotextual.com\/inicio\/wp-content\/uploads\/2023\/02\/gallareta-senasa.jpg","width":900,"height":614},{"@type":"BreadcrumbList","@id":"https:\/\/diariotextual.com\/inicio\/index.php\/2023\/02\/22\/senasa-detecto-un-caso-de-gripe-aviar-en-neuquen\/#breadcrumb","itemListElement":[{"@type":"ListItem","position":1,"name":"Portada","item":"https:\/\/diariotextual.com\/inicio\/"},{"@type":"ListItem","position":2,"name":"Senasa detect\u00f3 un caso de gripe aviar en Neuqu\u00e9n"}]},{"@type":"WebSite","@id":"https:\/\/diariotextual.com\/inicio\/#website","url":"https:\/\/diariotextual.com\/inicio\/","name":"Diario Textual","description":"","publisher":{"@id":"https:\/\/diariotextual.com\/inicio\/#organization"},"potentialAction":[{"@type":"SearchAction","target":{"@type":"EntryPoint","urlTemplate":"https:\/\/diariotextual.com\/inicio\/?s={search_term_string}"},"query-input":{"@type":"PropertyValueSpecification","valueRequired":true,"valueName":"search_term_string"}}],"inLanguage":"es"},{"@type":"Organization","@id":"https:\/\/diariotextual.com\/inicio\/#organization","name":"Diario Textual","url":"https:\/\/diariotextual.com\/inicio\/","logo":{"@type":"ImageObject","inLanguage":"es","@id":"https:\/\/diariotextual.com\/inicio\/#\/schema\/logo\/image\/","url":"https:\/\/diariotextual.com\/inicio\/wp-content\/uploads\/2023\/05\/logotextual1.jpg","contentUrl":"https:\/\/diariotextual.com\/inicio\/wp-content\/uploads\/2023\/05\/logotextual1.jpg","width":516,"height":76,"caption":"Diario Textual"},"image":{"@id":"https:\/\/diariotextual.com\/inicio\/#\/schema\/logo\/image\/"},"sameAs":["https:\/\/www.facebook.com\/eltextual","https:\/\/x.com\/eltextual","http:\/\/www.instagram.com\/eltextual"]},{"@type":"Person","@id":"https:\/\/diariotextual.com\/inicio\/#\/schema\/person\/a1b6f563e0ee944c60f98119389a4d9f","name":"diario3","image":{"@type":"ImageObject","inLanguage":"es","@id":"https:\/\/secure.gravatar.com\/avatar\/5e7ee62c82fc04d9dd79d746a390d93c69c43223e5faeeb3ea9461ef752bfc5d?s=96&d=mm&r=g","url":"https:\/\/secure.gravatar.com\/avatar\/5e7ee62c82fc04d9dd79d746a390d93c69c43223e5faeeb3ea9461ef752bfc5d?s=96&d=mm&r=g","contentUrl":"https:\/\/secure.gravatar.com\/avatar\/5e7ee62c82fc04d9dd79d746a390d93c69c43223e5faeeb3ea9461ef752bfc5d?s=96&d=mm&r=g","caption":"diario3"},"url":"https:\/\/diariotextual.com\/inicio\/index.php\/author\/diario3\/"}]}},"_links":{"self":[{"href":"https:\/\/diariotextual.com\/inicio\/index.php\/wp-json\/wp\/v2\/posts\/216766","targetHints":{"allow":["GET"]}}],"collection":[{"href":"https:\/\/diariotextual.com\/inicio\/index.php\/wp-json\/wp\/v2\/posts"}],"about":[{"href":"https:\/\/diariotextual.com\/inicio\/index.php\/wp-json\/wp\/v2\/types\/post"}],"author":[{"embeddable":true,"href":"https:\/\/diariotextual.com\/inicio\/index.php\/wp-json\/wp\/v2\/users\/5"}],"replies":[{"embeddable":true,"href":"https:\/\/diariotextual.com\/inicio\/index.php\/wp-json\/wp\/v2\/comments?post=216766"}],"version-history":[{"count":1,"href":"https:\/\/diariotextual.com\/inicio\/index.php\/wp-json\/wp\/v2\/posts\/216766\/revisions"}],"predecessor-version":[{"id":216768,"href":"https:\/\/diariotextual.com\/inicio\/index.php\/wp-json\/wp\/v2\/posts\/216766\/revisions\/216768"}],"wp:featuredmedia":[{"embeddable":true,"href":"https:\/\/diariotextual.com\/inicio\/index.php\/wp-json\/wp\/v2\/media\/216767"}],"wp:attachment":[{"href":"https:\/\/diariotextual.com\/inicio\/index.php\/wp-json\/wp\/v2\/media?parent=216766"}],"wp:term":[{"taxonomy":"category","embeddable":true,"href":"https:\/\/diariotextual.com\/inicio\/index.php\/wp-json\/wp\/v2\/categories?post=216766"},{"taxonomy":"post_tag","embeddable":true,"href":"https:\/\/diariotextual.com\/inicio\/index.php\/wp-json\/wp\/v2\/tags?post=216766"}],"curies":[{"name":"wp","href":"https:\/\/api.w.org\/{rel}","templated":true}]}}