{"id":216788,"date":"2023-02-22T18:32:12","date_gmt":"2023-02-22T21:32:12","guid":{"rendered":"https:\/\/diariotextual.com\/inicio\/?p=216788"},"modified":"2023-02-23T09:09:28","modified_gmt":"2023-02-23T12:09:28","slug":"cuatro-senadores-dejan-el-fdt-y-conforman-un-nuevo-bloque-en-el-senado","status":"publish","type":"post","link":"https:\/\/diariotextual.com\/inicio\/index.php\/2023\/02\/22\/cuatro-senadores-dejan-el-fdt-y-conforman-un-nuevo-bloque-en-el-senado\/","title":{"rendered":"Cuatro senadores dejan el FdT y conforman un nuevo bloque en el Senado"},"content":{"rendered":"\n<p>Cuatro senadores nacionales del Frente de Todos anunciaron hoy que crear\u00e1n un nuevo espacio pol\u00edtico en la C\u00e1mara alta y dejar\u00e1n de pertenecer a la bancada oficialista que conduce Jos\u00e9 Mayans, con el declarado prop\u00f3sito de construir consensos mediante el di\u00e1logo de cara al nuevo a\u00f1o parlamentario.<br><br>En un comunicado, los senadores <strong>Guillermo Snopek (Jujuy), Edgardo Kueider (Entre R\u00edos), Carlos Camau Esp\u00ednola (Corrientes) y Mar\u00eda Eugenia Catalfamo (San Luis)<\/strong>, informaron que conformar\u00e1n un bloque en el Senado que se llamar\u00e1 Unidad Federal.<br><br>Formar\u00e1 tambi\u00e9n parte de ese espacio la senadora nacional por C\u00f3rdoba, Alejandra Vigo (C\u00f3rdoba Federal), esposa del gobernador de esa provincia, Juan Schiaretti.<br><br>\u201cEl Bloque Unidad Federal es un nuevo espacio de confluencia pol\u00edtica entre senadores y senadoras nacionales con representaci\u00f3n en distintos distritos electorales del pa\u00eds, que coincidimos en el camino de buscar consensos\u201d, se\u00f1ala el texto difundido esta tarde a la prensa en el Senado.<br><br>\u201cEntendemos la necesidad de construir una alternativa dentro del Senado de la Naci\u00f3n que responda a los nuevos desaf\u00edos que plantean nuestros territorios y que representen a las y los ciudadanos que nos eligieron a trav\u00e9s del voto popular\u201d, se\u00f1alaron los legisladores.<br><br>Los senadores del nuevo espacio dijeron que buscan \u201cser una alternativa desde donde se priorice la posibilidad de aportar a la reflexi\u00f3n sobre la Argentina, sin grietas, y con discusiones que planteen soluciones a corto, mediano y largo plazo para todos los argentinos\u201d.<br><br>Tambi\u00e9n aclaran que apuestan a \u201cla unidad, al respeto y al di\u00e1logo en pos de encontrar puntos en com\u00fan, dejando de lado las ret\u00f3ricas petrificadas y los personalismos que tanto da\u00f1o nos han hecho como sociedad\u201d y remarcan que \u201cel actual contexto social, econ\u00f3mico y pol\u00edtico genera nuevas realidades y demandas\u201d.<br><br>A\u00f1adieron que se debe poner el foco \u201cen las problem\u00e1ticas diarias que atraviesan nuestras provincias; entre ellas la pobreza y el hambre que castigan a nuestros pueblos\u201d.<br><br>Con la partida de estos cuatro senadores, el interbloque del FdT quedar\u00e1 con 31 integrantes, con lo que perder\u00e1 la alternativa de constituir el qu\u00f3rum de 37 legisladores presentes requerido para iniciar los debates en la C\u00e1mara alta.<\/p>\n","protected":false},"excerpt":{"rendered":"<p>Cuatro senadores nacionales del Frente de Todos anunciaron hoy que crear\u00e1n un nuevo espacio pol\u00edtico en la C\u00e1mara alta y dejar\u00e1n de pertenecer a la bancada oficialista que conduce Jos\u00e9&hellip;<\/p>\n","protected":false},"author":4,"featured_media":207312,"comment_status":"closed","ping_status":"open","sticky":false,"template":"","format":"standard","meta":{"_acf_changed":false,"footnotes":""},"categories":[1,8],"tags":[],"class_list":["post-216788","post","type-post","status-publish","format-standard","has-post-thumbnail","hentry","category-es-noticia","category-politica"],"acf":[],"yoast_head":"<!-- This site is optimized with the Yoast SEO plugin v27.5 - https:\/\/yoast.com\/product\/yoast-seo-wordpress\/ -->\n<title>Cuatro senadores dejan el FdT y conforman un nuevo bloque en el Senado - Diario Textual<\/title>\n<meta name=\"robots\" content=\"index, follow, max-snippet:-1, max-image-preview:large, max-video-preview:-1\" \/>\n<link rel=\"canonical\" href=\"https:\/\/diariotextual.com\/inicio\/index.php\/2023\/02\/22\/cuatro-senadores-dejan-el-fdt-y-conforman-un-nuevo-bloque-en-el-senado\/\" \/>\n<meta property=\"og:locale\" content=\"es_ES\" \/>\n<meta property=\"og:type\" content=\"article\" \/>\n<meta property=\"og:title\" content=\"Cuatro senadores dejan el FdT y conforman un nuevo bloque en el Senado - Diario Textual\" \/>\n<meta property=\"og:description\" content=\"Cuatro senadores nacionales del Frente de Todos anunciaron hoy que crear\u00e1n un nuevo espacio pol\u00edtico en la C\u00e1mara alta y dejar\u00e1n de pertenecer a la bancada oficialista que conduce Jos\u00e9&hellip;\" \/>\n<meta property=\"og:url\" content=\"https:\/\/diariotextual.com\/inicio\/index.php\/2023\/02\/22\/cuatro-senadores-dejan-el-fdt-y-conforman-un-nuevo-bloque-en-el-senado\/\" \/>\n<meta property=\"og:site_name\" content=\"Diario Textual\" \/>\n<meta property=\"article:publisher\" content=\"https:\/\/www.facebook.com\/eltextual\" \/>\n<meta property=\"article:published_time\" content=\"2023-02-22T21:32:12+00:00\" \/>\n<meta property=\"article:modified_time\" content=\"2023-02-23T12:09:28+00:00\" \/>\n<meta property=\"og:image\" content=\"https:\/\/diariotextual.com\/inicio\/wp-content\/uploads\/2022\/11\/senadonacionalpresupuesto2022-1.jpg\" \/>\n\t<meta property=\"og:image:width\" content=\"1200\" \/>\n\t<meta property=\"og:image:height\" content=\"675\" \/>\n\t<meta property=\"og:image:type\" content=\"image\/jpeg\" \/>\n<meta name=\"author\" content=\"diario2\" \/>\n<meta name=\"twitter:card\" content=\"summary_large_image\" \/>\n<meta name=\"twitter:creator\" content=\"@eltextual\" \/>\n<meta name=\"twitter:site\" content=\"@eltextual\" \/>\n<meta name=\"twitter:label1\" content=\"Escrito por\" \/>\n\t<meta name=\"twitter:data1\" content=\"diario2\" \/>\n\t<meta name=\"twitter:label2\" content=\"Tiempo de lectura\" \/>\n\t<meta name=\"twitter:data2\" content=\"2 minutos\" \/>\n<script type=\"application\/ld+json\" class=\"yoast-schema-graph\">{\"@context\":\"https:\\\/\\\/schema.org\",\"@graph\":[{\"@type\":\"Article\",\"@id\":\"https:\\\/\\\/diariotextual.com\\\/inicio\\\/index.php\\\/2023\\\/02\\\/22\\\/cuatro-senadores-dejan-el-fdt-y-conforman-un-nuevo-bloque-en-el-senado\\\/#article\",\"isPartOf\":{\"@id\":\"https:\\\/\\\/diariotextual.com\\\/inicio\\\/index.php\\\/2023\\\/02\\\/22\\\/cuatro-senadores-dejan-el-fdt-y-conforman-un-nuevo-bloque-en-el-senado\\\/\"},\"author\":{\"name\":\"diario2\",\"@id\":\"https:\\\/\\\/diariotextual.com\\\/inicio\\\/#\\\/schema\\\/person\\\/694f60677f23c4a530867a98f22b3768\"},\"headline\":\"Cuatro senadores dejan el FdT y conforman un nuevo bloque en el Senado\",\"datePublished\":\"2023-02-22T21:32:12+00:00\",\"dateModified\":\"2023-02-23T12:09:28+00:00\",\"mainEntityOfPage\":{\"@id\":\"https:\\\/\\\/diariotextual.com\\\/inicio\\\/index.php\\\/2023\\\/02\\\/22\\\/cuatro-senadores-dejan-el-fdt-y-conforman-un-nuevo-bloque-en-el-senado\\\/\"},\"wordCount\":395,\"publisher\":{\"@id\":\"https:\\\/\\\/diariotextual.com\\\/inicio\\\/#organization\"},\"image\":{\"@id\":\"https:\\\/\\\/diariotextual.com\\\/inicio\\\/index.php\\\/2023\\\/02\\\/22\\\/cuatro-senadores-dejan-el-fdt-y-conforman-un-nuevo-bloque-en-el-senado\\\/#primaryimage\"},\"thumbnailUrl\":\"https:\\\/\\\/diariotextual.com\\\/inicio\\\/wp-content\\\/uploads\\\/2022\\\/11\\\/senadonacionalpresupuesto2022-1.jpg\",\"articleSection\":[\"A - ES NOTICIA (van abajo)\",\"POLITICA\"],\"inLanguage\":\"es\"},{\"@type\":\"WebPage\",\"@id\":\"https:\\\/\\\/diariotextual.com\\\/inicio\\\/index.php\\\/2023\\\/02\\\/22\\\/cuatro-senadores-dejan-el-fdt-y-conforman-un-nuevo-bloque-en-el-senado\\\/\",\"url\":\"https:\\\/\\\/diariotextual.com\\\/inicio\\\/index.php\\\/2023\\\/02\\\/22\\\/cuatro-senadores-dejan-el-fdt-y-conforman-un-nuevo-bloque-en-el-senado\\\/\",\"name\":\"Cuatro senadores dejan el FdT y conforman un nuevo bloque en el Senado - Diario Textual\",\"isPartOf\":{\"@id\":\"https:\\\/\\\/diariotextual.com\\\/inicio\\\/#website\"},\"primaryImageOfPage\":{\"@id\":\"https:\\\/\\\/diariotextual.com\\\/inicio\\\/index.php\\\/2023\\\/02\\\/22\\\/cuatro-senadores-dejan-el-fdt-y-conforman-un-nuevo-bloque-en-el-senado\\\/#primaryimage\"},\"image\":{\"@id\":\"https:\\\/\\\/diariotextual.com\\\/inicio\\\/index.php\\\/2023\\\/02\\\/22\\\/cuatro-senadores-dejan-el-fdt-y-conforman-un-nuevo-bloque-en-el-senado\\\/#primaryimage\"},\"thumbnailUrl\":\"https:\\\/\\\/diariotextual.com\\\/inicio\\\/wp-content\\\/uploads\\\/2022\\\/11\\\/senadonacionalpresupuesto2022-1.jpg\",\"datePublished\":\"2023-02-22T21:32:12+00:00\",\"dateModified\":\"2023-02-23T12:09:28+00:00\",\"breadcrumb\":{\"@id\":\"https:\\\/\\\/diariotextual.com\\\/inicio\\\/index.php\\\/2023\\\/02\\\/22\\\/cuatro-senadores-dejan-el-fdt-y-conforman-un-nuevo-bloque-en-el-senado\\\/#breadcrumb\"},\"inLanguage\":\"es\",\"potentialAction\":[{\"@type\":\"ReadAction\",\"target\":[\"https:\\\/\\\/diariotextual.com\\\/inicio\\\/index.php\\\/2023\\\/02\\\/22\\\/cuatro-senadores-dejan-el-fdt-y-conforman-un-nuevo-bloque-en-el-senado\\\/\"]}]},{\"@type\":\"ImageObject\",\"inLanguage\":\"es\",\"@id\":\"https:\\\/\\\/diariotextual.com\\\/inicio\\\/index.php\\\/2023\\\/02\\\/22\\\/cuatro-senadores-dejan-el-fdt-y-conforman-un-nuevo-bloque-en-el-senado\\\/#primaryimage\",\"url\":\"https:\\\/\\\/diariotextual.com\\\/inicio\\\/wp-content\\\/uploads\\\/2022\\\/11\\\/senadonacionalpresupuesto2022-1.jpg\",\"contentUrl\":\"https:\\\/\\\/diariotextual.com\\\/inicio\\\/wp-content\\\/uploads\\\/2022\\\/11\\\/senadonacionalpresupuesto2022-1.jpg\",\"width\":1200,\"height\":675},{\"@type\":\"BreadcrumbList\",\"@id\":\"https:\\\/\\\/diariotextual.com\\\/inicio\\\/index.php\\\/2023\\\/02\\\/22\\\/cuatro-senadores-dejan-el-fdt-y-conforman-un-nuevo-bloque-en-el-senado\\\/#breadcrumb\",\"itemListElement\":[{\"@type\":\"ListItem\",\"position\":1,\"name\":\"Portada\",\"item\":\"https:\\\/\\\/diariotextual.com\\\/inicio\\\/\"},{\"@type\":\"ListItem\",\"position\":2,\"name\":\"Cuatro senadores dejan el FdT y conforman un nuevo bloque en el Senado\"}]},{\"@type\":\"WebSite\",\"@id\":\"https:\\\/\\\/diariotextual.com\\\/inicio\\\/#website\",\"url\":\"https:\\\/\\\/diariotextual.com\\\/inicio\\\/\",\"name\":\"Diario Textual\",\"description\":\"\",\"publisher\":{\"@id\":\"https:\\\/\\\/diariotextual.com\\\/inicio\\\/#organization\"},\"potentialAction\":[{\"@type\":\"SearchAction\",\"target\":{\"@type\":\"EntryPoint\",\"urlTemplate\":\"https:\\\/\\\/diariotextual.com\\\/inicio\\\/?s={search_term_string}\"},\"query-input\":{\"@type\":\"PropertyValueSpecification\",\"valueRequired\":true,\"valueName\":\"search_term_string\"}}],\"inLanguage\":\"es\"},{\"@type\":\"Organization\",\"@id\":\"https:\\\/\\\/diariotextual.com\\\/inicio\\\/#organization\",\"name\":\"Diario Textual\",\"url\":\"https:\\\/\\\/diariotextual.com\\\/inicio\\\/\",\"logo\":{\"@type\":\"ImageObject\",\"inLanguage\":\"es\",\"@id\":\"https:\\\/\\\/diariotextual.com\\\/inicio\\\/#\\\/schema\\\/logo\\\/image\\\/\",\"url\":\"https:\\\/\\\/diariotextual.com\\\/inicio\\\/wp-content\\\/uploads\\\/2023\\\/05\\\/logotextual1.jpg\",\"contentUrl\":\"https:\\\/\\\/diariotextual.com\\\/inicio\\\/wp-content\\\/uploads\\\/2023\\\/05\\\/logotextual1.jpg\",\"width\":516,\"height\":76,\"caption\":\"Diario Textual\"},\"image\":{\"@id\":\"https:\\\/\\\/diariotextual.com\\\/inicio\\\/#\\\/schema\\\/logo\\\/image\\\/\"},\"sameAs\":[\"https:\\\/\\\/www.facebook.com\\\/eltextual\",\"https:\\\/\\\/x.com\\\/eltextual\",\"http:\\\/\\\/www.instagram.com\\\/eltextual\"]},{\"@type\":\"Person\",\"@id\":\"https:\\\/\\\/diariotextual.com\\\/inicio\\\/#\\\/schema\\\/person\\\/694f60677f23c4a530867a98f22b3768\",\"name\":\"diario2\",\"image\":{\"@type\":\"ImageObject\",\"inLanguage\":\"es\",\"@id\":\"https:\\\/\\\/secure.gravatar.com\\\/avatar\\\/5a2567495ba16b852fcd8f1ed006a2e24fcace936018ed8237e95f488ad6e0a7?s=96&d=mm&r=g\",\"url\":\"https:\\\/\\\/secure.gravatar.com\\\/avatar\\\/5a2567495ba16b852fcd8f1ed006a2e24fcace936018ed8237e95f488ad6e0a7?s=96&d=mm&r=g\",\"contentUrl\":\"https:\\\/\\\/secure.gravatar.com\\\/avatar\\\/5a2567495ba16b852fcd8f1ed006a2e24fcace936018ed8237e95f488ad6e0a7?s=96&d=mm&r=g\",\"caption\":\"diario2\"},\"url\":\"https:\\\/\\\/diariotextual.com\\\/inicio\\\/index.php\\\/author\\\/diario2\\\/\"}]}<\/script>\n<!-- \/ Yoast SEO plugin. -->","yoast_head_json":{"title":"Cuatro senadores dejan el FdT y conforman un nuevo bloque en el Senado - Diario Textual","robots":{"index":"index","follow":"follow","max-snippet":"max-snippet:-1","max-image-preview":"max-image-preview:large","max-video-preview":"max-video-preview:-1"},"canonical":"https:\/\/diariotextual.com\/inicio\/index.php\/2023\/02\/22\/cuatro-senadores-dejan-el-fdt-y-conforman-un-nuevo-bloque-en-el-senado\/","og_locale":"es_ES","og_type":"article","og_title":"Cuatro senadores dejan el FdT y conforman un nuevo bloque en el Senado - Diario Textual","og_description":"Cuatro senadores nacionales del Frente de Todos anunciaron hoy que crear\u00e1n un nuevo espacio pol\u00edtico en la C\u00e1mara alta y dejar\u00e1n de pertenecer a la bancada oficialista que conduce Jos\u00e9&hellip;","og_url":"https:\/\/diariotextual.com\/inicio\/index.php\/2023\/02\/22\/cuatro-senadores-dejan-el-fdt-y-conforman-un-nuevo-bloque-en-el-senado\/","og_site_name":"Diario Textual","article_publisher":"https:\/\/www.facebook.com\/eltextual","article_published_time":"2023-02-22T21:32:12+00:00","article_modified_time":"2023-02-23T12:09:28+00:00","og_image":[{"width":1200,"height":675,"url":"https:\/\/diariotextual.com\/inicio\/wp-content\/uploads\/2022\/11\/senadonacionalpresupuesto2022-1.jpg","type":"image\/jpeg"}],"author":"diario2","twitter_card":"summary_large_image","twitter_creator":"@eltextual","twitter_site":"@eltextual","twitter_misc":{"Escrito por":"diario2","Tiempo de lectura":"2 minutos"},"schema":{"@context":"https:\/\/schema.org","@graph":[{"@type":"Article","@id":"https:\/\/diariotextual.com\/inicio\/index.php\/2023\/02\/22\/cuatro-senadores-dejan-el-fdt-y-conforman-un-nuevo-bloque-en-el-senado\/#article","isPartOf":{"@id":"https:\/\/diariotextual.com\/inicio\/index.php\/2023\/02\/22\/cuatro-senadores-dejan-el-fdt-y-conforman-un-nuevo-bloque-en-el-senado\/"},"author":{"name":"diario2","@id":"https:\/\/diariotextual.com\/inicio\/#\/schema\/person\/694f60677f23c4a530867a98f22b3768"},"headline":"Cuatro senadores dejan el FdT y conforman un nuevo bloque en el Senado","datePublished":"2023-02-22T21:32:12+00:00","dateModified":"2023-02-23T12:09:28+00:00","mainEntityOfPage":{"@id":"https:\/\/diariotextual.com\/inicio\/index.php\/2023\/02\/22\/cuatro-senadores-dejan-el-fdt-y-conforman-un-nuevo-bloque-en-el-senado\/"},"wordCount":395,"publisher":{"@id":"https:\/\/diariotextual.com\/inicio\/#organization"},"image":{"@id":"https:\/\/diariotextual.com\/inicio\/index.php\/2023\/02\/22\/cuatro-senadores-dejan-el-fdt-y-conforman-un-nuevo-bloque-en-el-senado\/#primaryimage"},"thumbnailUrl":"https:\/\/diariotextual.com\/inicio\/wp-content\/uploads\/2022\/11\/senadonacionalpresupuesto2022-1.jpg","articleSection":["A - ES NOTICIA (van abajo)","POLITICA"],"inLanguage":"es"},{"@type":"WebPage","@id":"https:\/\/diariotextual.com\/inicio\/index.php\/2023\/02\/22\/cuatro-senadores-dejan-el-fdt-y-conforman-un-nuevo-bloque-en-el-senado\/","url":"https:\/\/diariotextual.com\/inicio\/index.php\/2023\/02\/22\/cuatro-senadores-dejan-el-fdt-y-conforman-un-nuevo-bloque-en-el-senado\/","name":"Cuatro senadores dejan el FdT y conforman un nuevo bloque en el Senado - Diario Textual","isPartOf":{"@id":"https:\/\/diariotextual.com\/inicio\/#website"},"primaryImageOfPage":{"@id":"https:\/\/diariotextual.com\/inicio\/index.php\/2023\/02\/22\/cuatro-senadores-dejan-el-fdt-y-conforman-un-nuevo-bloque-en-el-senado\/#primaryimage"},"image":{"@id":"https:\/\/diariotextual.com\/inicio\/index.php\/2023\/02\/22\/cuatro-senadores-dejan-el-fdt-y-conforman-un-nuevo-bloque-en-el-senado\/#primaryimage"},"thumbnailUrl":"https:\/\/diariotextual.com\/inicio\/wp-content\/uploads\/2022\/11\/senadonacionalpresupuesto2022-1.jpg","datePublished":"2023-02-22T21:32:12+00:00","dateModified":"2023-02-23T12:09:28+00:00","breadcrumb":{"@id":"https:\/\/diariotextual.com\/inicio\/index.php\/2023\/02\/22\/cuatro-senadores-dejan-el-fdt-y-conforman-un-nuevo-bloque-en-el-senado\/#breadcrumb"},"inLanguage":"es","potentialAction":[{"@type":"ReadAction","target":["https:\/\/diariotextual.com\/inicio\/index.php\/2023\/02\/22\/cuatro-senadores-dejan-el-fdt-y-conforman-un-nuevo-bloque-en-el-senado\/"]}]},{"@type":"ImageObject","inLanguage":"es","@id":"https:\/\/diariotextual.com\/inicio\/index.php\/2023\/02\/22\/cuatro-senadores-dejan-el-fdt-y-conforman-un-nuevo-bloque-en-el-senado\/#primaryimage","url":"https:\/\/diariotextual.com\/inicio\/wp-content\/uploads\/2022\/11\/senadonacionalpresupuesto2022-1.jpg","contentUrl":"https:\/\/diariotextual.com\/inicio\/wp-content\/uploads\/2022\/11\/senadonacionalpresupuesto2022-1.jpg","width":1200,"height":675},{"@type":"BreadcrumbList","@id":"https:\/\/diariotextual.com\/inicio\/index.php\/2023\/02\/22\/cuatro-senadores-dejan-el-fdt-y-conforman-un-nuevo-bloque-en-el-senado\/#breadcrumb","itemListElement":[{"@type":"ListItem","position":1,"name":"Portada","item":"https:\/\/diariotextual.com\/inicio\/"},{"@type":"ListItem","position":2,"name":"Cuatro senadores dejan el FdT y conforman un nuevo bloque en el Senado"}]},{"@type":"WebSite","@id":"https:\/\/diariotextual.com\/inicio\/#website","url":"https:\/\/diariotextual.com\/inicio\/","name":"Diario Textual","description":"","publisher":{"@id":"https:\/\/diariotextual.com\/inicio\/#organization"},"potentialAction":[{"@type":"SearchAction","target":{"@type":"EntryPoint","urlTemplate":"https:\/\/diariotextual.com\/inicio\/?s={search_term_string}"},"query-input":{"@type":"PropertyValueSpecification","valueRequired":true,"valueName":"search_term_string"}}],"inLanguage":"es"},{"@type":"Organization","@id":"https:\/\/diariotextual.com\/inicio\/#organization","name":"Diario Textual","url":"https:\/\/diariotextual.com\/inicio\/","logo":{"@type":"ImageObject","inLanguage":"es","@id":"https:\/\/diariotextual.com\/inicio\/#\/schema\/logo\/image\/","url":"https:\/\/diariotextual.com\/inicio\/wp-content\/uploads\/2023\/05\/logotextual1.jpg","contentUrl":"https:\/\/diariotextual.com\/inicio\/wp-content\/uploads\/2023\/05\/logotextual1.jpg","width":516,"height":76,"caption":"Diario Textual"},"image":{"@id":"https:\/\/diariotextual.com\/inicio\/#\/schema\/logo\/image\/"},"sameAs":["https:\/\/www.facebook.com\/eltextual","https:\/\/x.com\/eltextual","http:\/\/www.instagram.com\/eltextual"]},{"@type":"Person","@id":"https:\/\/diariotextual.com\/inicio\/#\/schema\/person\/694f60677f23c4a530867a98f22b3768","name":"diario2","image":{"@type":"ImageObject","inLanguage":"es","@id":"https:\/\/secure.gravatar.com\/avatar\/5a2567495ba16b852fcd8f1ed006a2e24fcace936018ed8237e95f488ad6e0a7?s=96&d=mm&r=g","url":"https:\/\/secure.gravatar.com\/avatar\/5a2567495ba16b852fcd8f1ed006a2e24fcace936018ed8237e95f488ad6e0a7?s=96&d=mm&r=g","contentUrl":"https:\/\/secure.gravatar.com\/avatar\/5a2567495ba16b852fcd8f1ed006a2e24fcace936018ed8237e95f488ad6e0a7?s=96&d=mm&r=g","caption":"diario2"},"url":"https:\/\/diariotextual.com\/inicio\/index.php\/author\/diario2\/"}]}},"_links":{"self":[{"href":"https:\/\/diariotextual.com\/inicio\/index.php\/wp-json\/wp\/v2\/posts\/216788","targetHints":{"allow":["GET"]}}],"collection":[{"href":"https:\/\/diariotextual.com\/inicio\/index.php\/wp-json\/wp\/v2\/posts"}],"about":[{"href":"https:\/\/diariotextual.com\/inicio\/index.php\/wp-json\/wp\/v2\/types\/post"}],"author":[{"embeddable":true,"href":"https:\/\/diariotextual.com\/inicio\/index.php\/wp-json\/wp\/v2\/users\/4"}],"replies":[{"embeddable":true,"href":"https:\/\/diariotextual.com\/inicio\/index.php\/wp-json\/wp\/v2\/comments?post=216788"}],"version-history":[{"count":2,"href":"https:\/\/diariotextual.com\/inicio\/index.php\/wp-json\/wp\/v2\/posts\/216788\/revisions"}],"predecessor-version":[{"id":216790,"href":"https:\/\/diariotextual.com\/inicio\/index.php\/wp-json\/wp\/v2\/posts\/216788\/revisions\/216790"}],"wp:featuredmedia":[{"embeddable":true,"href":"https:\/\/diariotextual.com\/inicio\/index.php\/wp-json\/wp\/v2\/media\/207312"}],"wp:attachment":[{"href":"https:\/\/diariotextual.com\/inicio\/index.php\/wp-json\/wp\/v2\/media?parent=216788"}],"wp:term":[{"taxonomy":"category","embeddable":true,"href":"https:\/\/diariotextual.com\/inicio\/index.php\/wp-json\/wp\/v2\/categories?post=216788"},{"taxonomy":"post_tag","embeddable":true,"href":"https:\/\/diariotextual.com\/inicio\/index.php\/wp-json\/wp\/v2\/tags?post=216788"}],"curies":[{"name":"wp","href":"https:\/\/api.w.org\/{rel}","templated":true}]}}