{"id":216817,"date":"2023-02-23T07:23:03","date_gmt":"2023-02-23T10:23:03","guid":{"rendered":"https:\/\/diariotextual.com\/inicio\/?p=216817"},"modified":"2023-02-23T07:23:05","modified_gmt":"2023-02-23T10:23:05","slug":"ultimos-dias-de-la-muestra-los-rostros-de-la-tierra-en-medasur","status":"publish","type":"post","link":"https:\/\/diariotextual.com\/inicio\/index.php\/2023\/02\/23\/ultimos-dias-de-la-muestra-los-rostros-de-la-tierra-en-medasur\/","title":{"rendered":"\u00daltimos d\u00edas de la muestra \u201cLos rostros de la tierra\u201d en Medasur"},"content":{"rendered":"\n<p>\u201cLos rostros de la tierra. Transposiciones\u201d, muestra basada en el libro de investigaci\u00f3n Los rostros de la tierra. Iconograf\u00eda ind\u00edgena de La Pampa, 1870-1950, de Jos\u00e9 Depetris y Pedro Vigne, llegar\u00e1 a su fin el viernes 3 de marzo, siendo una muy buena oportunidad para acercarse a visitarla y recorrerla en estos \u00faltimos d\u00edas de exposici\u00f3n.<\/p>\n\n\n\n<p>El viernes 3 de marzo a las 20 y dando cierre a la muestra, participar\u00e1n algunos de los artistas que intervienen en la misma como Carlos Giusti (Buenos Aires), Gabriel V\u00e1zquez (R\u00edo Negro), Miguel Garc\u00eda (Toay), Luis Abraham y Rosa Audisio (General Pico), tambi\u00e9n Tierra Ranquel, integrado por los artesanos Juan P\u00e9rez y Natalia Mart\u00ednez y los reconocidos m\u00fasicos Luis Gesualdi y Federico Camiletti.<\/p>\n\n\n\n<p>A partir del libro mencionado, esta muestra se present\u00f3 con gran afluencia de p\u00fablico desde el mes de noviembre del pasado a\u00f1o en el Espacio de Artes \u201cEduardo Di Nardo\u201d del Centro Cultural Provincial Medasur (avenida Belgrano Sur 180, Santa Rosa).<\/p>\n\n\n\n<p>Con el apoyo de la Secretar\u00eda de Cultura del Gobierno de La Pampa reuni\u00f3 a diferentes artistas que a partir de la observaci\u00f3n y del reconocimiento de los rostros del libro, expusieron fotograf\u00edas, obras pl\u00e1sticas, canciones y poemas.<\/p>\n\n\n\n<p>La muestra, que se complementa con un muestrario de materiales referidos al trabajo de investigaci\u00f3n (fotograf\u00edas, documentos, libros y objetos), puede visitarse de lunes a viernes de 8 a 12.30 y s\u00e1bado y domingo de 18 a 20 con acceso libre y gratuito.<\/p>\n\n\n\n<p>Sergio De Matteo, coordinador de la misma explic\u00f3 que \u201ceste libro perge\u00f1ado por Jos\u00e9 Depetris y Pedro Vigne con iconograf\u00eda ind\u00edgena se erige como hito hist\u00f3rico, porque la mirada de los pueblos originarios nos mira, nos observa desde el fondo de las persecuciones y violencias padecidas, desde la desarticulaci\u00f3n de sus tribus, clanes familiares y la negaci\u00f3n de su propia cultura y saber ancestral. La fotograf\u00eda deviene obra pl\u00e1stica, pero tambi\u00e9n poema y canci\u00f3n. Refracciones de lo real a lo imaginario, transposiciones art\u00edsticas; im\u00e1genes dial\u00e9cticas que nos interpelan desde el pasado y en el tiempo-ahora\u201d.<\/p>\n\n\n\n<p>Y continu\u00f3: \u201cDepetris y Vigne con \u2018Los rostros\u2026\u2019 nos devuelven a un mundo (o universo) que fue demarcado por esos habitantes, es decir, el territorio, la provincia, la Mam\u00fcl Map\u00fa, que se halla abonada por sus nombres remotos, con sus luchas y su sangre. La muestra que se apoya en una multiplicidad de lecturas art\u00edsticas expande dicho muestrario, horadando la tradici\u00f3n y ampl\u00eda, a la vez, la paleta y el imaginario compositivo de la cultura regional\u201d.<\/p>\n","protected":false},"excerpt":{"rendered":"<p>\u201cLos rostros de la tierra. Transposiciones\u201d, muestra basada en el libro de investigaci\u00f3n Los rostros de la tierra. Iconograf\u00eda ind\u00edgena de La Pampa, 1870-1950, de Jos\u00e9 Depetris y Pedro Vigne,&hellip;<\/p>\n","protected":false},"author":4,"featured_media":164377,"comment_status":"closed","ping_status":"open","sticky":false,"template":"","format":"standard","meta":{"_acf_changed":false,"footnotes":""},"categories":[1,2],"tags":[],"class_list":["post-216817","post","type-post","status-publish","format-standard","has-post-thumbnail","hentry","category-es-noticia","category-cultura"],"acf":[],"yoast_head":"<!-- This site is optimized with the Yoast SEO plugin v27.5 - https:\/\/yoast.com\/product\/yoast-seo-wordpress\/ -->\n<title>\u00daltimos d\u00edas de la muestra \u201cLos rostros de la tierra\u201d en Medasur - Diario Textual<\/title>\n<meta name=\"robots\" content=\"index, follow, max-snippet:-1, max-image-preview:large, max-video-preview:-1\" \/>\n<link rel=\"canonical\" href=\"https:\/\/diariotextual.com\/inicio\/index.php\/2023\/02\/23\/ultimos-dias-de-la-muestra-los-rostros-de-la-tierra-en-medasur\/\" \/>\n<meta property=\"og:locale\" content=\"es_ES\" \/>\n<meta property=\"og:type\" content=\"article\" \/>\n<meta property=\"og:title\" content=\"\u00daltimos d\u00edas de la muestra \u201cLos rostros de la tierra\u201d en Medasur - Diario Textual\" \/>\n<meta property=\"og:description\" content=\"\u201cLos rostros de la tierra. Transposiciones\u201d, muestra basada en el libro de investigaci\u00f3n Los rostros de la tierra. Iconograf\u00eda ind\u00edgena de La Pampa, 1870-1950, de Jos\u00e9 Depetris y Pedro Vigne,&hellip;\" \/>\n<meta property=\"og:url\" content=\"https:\/\/diariotextual.com\/inicio\/index.php\/2023\/02\/23\/ultimos-dias-de-la-muestra-los-rostros-de-la-tierra-en-medasur\/\" \/>\n<meta property=\"og:site_name\" content=\"Diario Textual\" \/>\n<meta property=\"article:publisher\" content=\"https:\/\/www.facebook.com\/eltextual\" \/>\n<meta property=\"article:published_time\" content=\"2023-02-23T10:23:03+00:00\" \/>\n<meta property=\"article:modified_time\" content=\"2023-02-23T10:23:05+00:00\" \/>\n<meta property=\"og:image\" content=\"https:\/\/diariotextual.com\/inicio\/wp-content\/uploads\/2021\/10\/rostrosdelatierralibro2021-1.jpg\" \/>\n\t<meta property=\"og:image:width\" content=\"583\" \/>\n\t<meta property=\"og:image:height\" content=\"379\" \/>\n\t<meta property=\"og:image:type\" content=\"image\/jpeg\" \/>\n<meta name=\"author\" content=\"diario2\" \/>\n<meta name=\"twitter:card\" content=\"summary_large_image\" \/>\n<meta name=\"twitter:creator\" content=\"@eltextual\" \/>\n<meta name=\"twitter:site\" content=\"@eltextual\" \/>\n<meta name=\"twitter:label1\" content=\"Escrito por\" \/>\n\t<meta name=\"twitter:data1\" content=\"diario2\" \/>\n\t<meta name=\"twitter:label2\" content=\"Tiempo de lectura\" \/>\n\t<meta name=\"twitter:data2\" content=\"2 minutos\" \/>\n<script type=\"application\/ld+json\" class=\"yoast-schema-graph\">{\"@context\":\"https:\\\/\\\/schema.org\",\"@graph\":[{\"@type\":\"Article\",\"@id\":\"https:\\\/\\\/diariotextual.com\\\/inicio\\\/index.php\\\/2023\\\/02\\\/23\\\/ultimos-dias-de-la-muestra-los-rostros-de-la-tierra-en-medasur\\\/#article\",\"isPartOf\":{\"@id\":\"https:\\\/\\\/diariotextual.com\\\/inicio\\\/index.php\\\/2023\\\/02\\\/23\\\/ultimos-dias-de-la-muestra-los-rostros-de-la-tierra-en-medasur\\\/\"},\"author\":{\"name\":\"diario2\",\"@id\":\"https:\\\/\\\/diariotextual.com\\\/inicio\\\/#\\\/schema\\\/person\\\/694f60677f23c4a530867a98f22b3768\"},\"headline\":\"\u00daltimos d\u00edas de la muestra \u201cLos rostros de la tierra\u201d en Medasur\",\"datePublished\":\"2023-02-23T10:23:03+00:00\",\"dateModified\":\"2023-02-23T10:23:05+00:00\",\"mainEntityOfPage\":{\"@id\":\"https:\\\/\\\/diariotextual.com\\\/inicio\\\/index.php\\\/2023\\\/02\\\/23\\\/ultimos-dias-de-la-muestra-los-rostros-de-la-tierra-en-medasur\\\/\"},\"wordCount\":457,\"publisher\":{\"@id\":\"https:\\\/\\\/diariotextual.com\\\/inicio\\\/#organization\"},\"image\":{\"@id\":\"https:\\\/\\\/diariotextual.com\\\/inicio\\\/index.php\\\/2023\\\/02\\\/23\\\/ultimos-dias-de-la-muestra-los-rostros-de-la-tierra-en-medasur\\\/#primaryimage\"},\"thumbnailUrl\":\"https:\\\/\\\/diariotextual.com\\\/inicio\\\/wp-content\\\/uploads\\\/2021\\\/10\\\/rostrosdelatierralibro2021-1.jpg\",\"articleSection\":[\"A - ES NOTICIA (van abajo)\",\"CULTURA\"],\"inLanguage\":\"es\"},{\"@type\":\"WebPage\",\"@id\":\"https:\\\/\\\/diariotextual.com\\\/inicio\\\/index.php\\\/2023\\\/02\\\/23\\\/ultimos-dias-de-la-muestra-los-rostros-de-la-tierra-en-medasur\\\/\",\"url\":\"https:\\\/\\\/diariotextual.com\\\/inicio\\\/index.php\\\/2023\\\/02\\\/23\\\/ultimos-dias-de-la-muestra-los-rostros-de-la-tierra-en-medasur\\\/\",\"name\":\"\u00daltimos d\u00edas de la muestra \u201cLos rostros de la tierra\u201d en Medasur - Diario Textual\",\"isPartOf\":{\"@id\":\"https:\\\/\\\/diariotextual.com\\\/inicio\\\/#website\"},\"primaryImageOfPage\":{\"@id\":\"https:\\\/\\\/diariotextual.com\\\/inicio\\\/index.php\\\/2023\\\/02\\\/23\\\/ultimos-dias-de-la-muestra-los-rostros-de-la-tierra-en-medasur\\\/#primaryimage\"},\"image\":{\"@id\":\"https:\\\/\\\/diariotextual.com\\\/inicio\\\/index.php\\\/2023\\\/02\\\/23\\\/ultimos-dias-de-la-muestra-los-rostros-de-la-tierra-en-medasur\\\/#primaryimage\"},\"thumbnailUrl\":\"https:\\\/\\\/diariotextual.com\\\/inicio\\\/wp-content\\\/uploads\\\/2021\\\/10\\\/rostrosdelatierralibro2021-1.jpg\",\"datePublished\":\"2023-02-23T10:23:03+00:00\",\"dateModified\":\"2023-02-23T10:23:05+00:00\",\"breadcrumb\":{\"@id\":\"https:\\\/\\\/diariotextual.com\\\/inicio\\\/index.php\\\/2023\\\/02\\\/23\\\/ultimos-dias-de-la-muestra-los-rostros-de-la-tierra-en-medasur\\\/#breadcrumb\"},\"inLanguage\":\"es\",\"potentialAction\":[{\"@type\":\"ReadAction\",\"target\":[\"https:\\\/\\\/diariotextual.com\\\/inicio\\\/index.php\\\/2023\\\/02\\\/23\\\/ultimos-dias-de-la-muestra-los-rostros-de-la-tierra-en-medasur\\\/\"]}]},{\"@type\":\"ImageObject\",\"inLanguage\":\"es\",\"@id\":\"https:\\\/\\\/diariotextual.com\\\/inicio\\\/index.php\\\/2023\\\/02\\\/23\\\/ultimos-dias-de-la-muestra-los-rostros-de-la-tierra-en-medasur\\\/#primaryimage\",\"url\":\"https:\\\/\\\/diariotextual.com\\\/inicio\\\/wp-content\\\/uploads\\\/2021\\\/10\\\/rostrosdelatierralibro2021-1.jpg\",\"contentUrl\":\"https:\\\/\\\/diariotextual.com\\\/inicio\\\/wp-content\\\/uploads\\\/2021\\\/10\\\/rostrosdelatierralibro2021-1.jpg\",\"width\":583,\"height\":379},{\"@type\":\"BreadcrumbList\",\"@id\":\"https:\\\/\\\/diariotextual.com\\\/inicio\\\/index.php\\\/2023\\\/02\\\/23\\\/ultimos-dias-de-la-muestra-los-rostros-de-la-tierra-en-medasur\\\/#breadcrumb\",\"itemListElement\":[{\"@type\":\"ListItem\",\"position\":1,\"name\":\"Portada\",\"item\":\"https:\\\/\\\/diariotextual.com\\\/inicio\\\/\"},{\"@type\":\"ListItem\",\"position\":2,\"name\":\"\u00daltimos d\u00edas de la muestra \u201cLos rostros de la tierra\u201d en Medasur\"}]},{\"@type\":\"WebSite\",\"@id\":\"https:\\\/\\\/diariotextual.com\\\/inicio\\\/#website\",\"url\":\"https:\\\/\\\/diariotextual.com\\\/inicio\\\/\",\"name\":\"Diario Textual\",\"description\":\"\",\"publisher\":{\"@id\":\"https:\\\/\\\/diariotextual.com\\\/inicio\\\/#organization\"},\"potentialAction\":[{\"@type\":\"SearchAction\",\"target\":{\"@type\":\"EntryPoint\",\"urlTemplate\":\"https:\\\/\\\/diariotextual.com\\\/inicio\\\/?s={search_term_string}\"},\"query-input\":{\"@type\":\"PropertyValueSpecification\",\"valueRequired\":true,\"valueName\":\"search_term_string\"}}],\"inLanguage\":\"es\"},{\"@type\":\"Organization\",\"@id\":\"https:\\\/\\\/diariotextual.com\\\/inicio\\\/#organization\",\"name\":\"Diario Textual\",\"url\":\"https:\\\/\\\/diariotextual.com\\\/inicio\\\/\",\"logo\":{\"@type\":\"ImageObject\",\"inLanguage\":\"es\",\"@id\":\"https:\\\/\\\/diariotextual.com\\\/inicio\\\/#\\\/schema\\\/logo\\\/image\\\/\",\"url\":\"https:\\\/\\\/diariotextual.com\\\/inicio\\\/wp-content\\\/uploads\\\/2023\\\/05\\\/logotextual1.jpg\",\"contentUrl\":\"https:\\\/\\\/diariotextual.com\\\/inicio\\\/wp-content\\\/uploads\\\/2023\\\/05\\\/logotextual1.jpg\",\"width\":516,\"height\":76,\"caption\":\"Diario Textual\"},\"image\":{\"@id\":\"https:\\\/\\\/diariotextual.com\\\/inicio\\\/#\\\/schema\\\/logo\\\/image\\\/\"},\"sameAs\":[\"https:\\\/\\\/www.facebook.com\\\/eltextual\",\"https:\\\/\\\/x.com\\\/eltextual\",\"http:\\\/\\\/www.instagram.com\\\/eltextual\"]},{\"@type\":\"Person\",\"@id\":\"https:\\\/\\\/diariotextual.com\\\/inicio\\\/#\\\/schema\\\/person\\\/694f60677f23c4a530867a98f22b3768\",\"name\":\"diario2\",\"image\":{\"@type\":\"ImageObject\",\"inLanguage\":\"es\",\"@id\":\"https:\\\/\\\/secure.gravatar.com\\\/avatar\\\/5a2567495ba16b852fcd8f1ed006a2e24fcace936018ed8237e95f488ad6e0a7?s=96&d=mm&r=g\",\"url\":\"https:\\\/\\\/secure.gravatar.com\\\/avatar\\\/5a2567495ba16b852fcd8f1ed006a2e24fcace936018ed8237e95f488ad6e0a7?s=96&d=mm&r=g\",\"contentUrl\":\"https:\\\/\\\/secure.gravatar.com\\\/avatar\\\/5a2567495ba16b852fcd8f1ed006a2e24fcace936018ed8237e95f488ad6e0a7?s=96&d=mm&r=g\",\"caption\":\"diario2\"},\"url\":\"https:\\\/\\\/diariotextual.com\\\/inicio\\\/index.php\\\/author\\\/diario2\\\/\"}]}<\/script>\n<!-- \/ Yoast SEO plugin. -->","yoast_head_json":{"title":"\u00daltimos d\u00edas de la muestra \u201cLos rostros de la tierra\u201d en Medasur - Diario Textual","robots":{"index":"index","follow":"follow","max-snippet":"max-snippet:-1","max-image-preview":"max-image-preview:large","max-video-preview":"max-video-preview:-1"},"canonical":"https:\/\/diariotextual.com\/inicio\/index.php\/2023\/02\/23\/ultimos-dias-de-la-muestra-los-rostros-de-la-tierra-en-medasur\/","og_locale":"es_ES","og_type":"article","og_title":"\u00daltimos d\u00edas de la muestra \u201cLos rostros de la tierra\u201d en Medasur - Diario Textual","og_description":"\u201cLos rostros de la tierra. Transposiciones\u201d, muestra basada en el libro de investigaci\u00f3n Los rostros de la tierra. Iconograf\u00eda ind\u00edgena de La Pampa, 1870-1950, de Jos\u00e9 Depetris y Pedro Vigne,&hellip;","og_url":"https:\/\/diariotextual.com\/inicio\/index.php\/2023\/02\/23\/ultimos-dias-de-la-muestra-los-rostros-de-la-tierra-en-medasur\/","og_site_name":"Diario Textual","article_publisher":"https:\/\/www.facebook.com\/eltextual","article_published_time":"2023-02-23T10:23:03+00:00","article_modified_time":"2023-02-23T10:23:05+00:00","og_image":[{"width":583,"height":379,"url":"https:\/\/diariotextual.com\/inicio\/wp-content\/uploads\/2021\/10\/rostrosdelatierralibro2021-1.jpg","type":"image\/jpeg"}],"author":"diario2","twitter_card":"summary_large_image","twitter_creator":"@eltextual","twitter_site":"@eltextual","twitter_misc":{"Escrito por":"diario2","Tiempo de lectura":"2 minutos"},"schema":{"@context":"https:\/\/schema.org","@graph":[{"@type":"Article","@id":"https:\/\/diariotextual.com\/inicio\/index.php\/2023\/02\/23\/ultimos-dias-de-la-muestra-los-rostros-de-la-tierra-en-medasur\/#article","isPartOf":{"@id":"https:\/\/diariotextual.com\/inicio\/index.php\/2023\/02\/23\/ultimos-dias-de-la-muestra-los-rostros-de-la-tierra-en-medasur\/"},"author":{"name":"diario2","@id":"https:\/\/diariotextual.com\/inicio\/#\/schema\/person\/694f60677f23c4a530867a98f22b3768"},"headline":"\u00daltimos d\u00edas de la muestra \u201cLos rostros de la tierra\u201d en Medasur","datePublished":"2023-02-23T10:23:03+00:00","dateModified":"2023-02-23T10:23:05+00:00","mainEntityOfPage":{"@id":"https:\/\/diariotextual.com\/inicio\/index.php\/2023\/02\/23\/ultimos-dias-de-la-muestra-los-rostros-de-la-tierra-en-medasur\/"},"wordCount":457,"publisher":{"@id":"https:\/\/diariotextual.com\/inicio\/#organization"},"image":{"@id":"https:\/\/diariotextual.com\/inicio\/index.php\/2023\/02\/23\/ultimos-dias-de-la-muestra-los-rostros-de-la-tierra-en-medasur\/#primaryimage"},"thumbnailUrl":"https:\/\/diariotextual.com\/inicio\/wp-content\/uploads\/2021\/10\/rostrosdelatierralibro2021-1.jpg","articleSection":["A - ES NOTICIA (van abajo)","CULTURA"],"inLanguage":"es"},{"@type":"WebPage","@id":"https:\/\/diariotextual.com\/inicio\/index.php\/2023\/02\/23\/ultimos-dias-de-la-muestra-los-rostros-de-la-tierra-en-medasur\/","url":"https:\/\/diariotextual.com\/inicio\/index.php\/2023\/02\/23\/ultimos-dias-de-la-muestra-los-rostros-de-la-tierra-en-medasur\/","name":"\u00daltimos d\u00edas de la muestra \u201cLos rostros de la tierra\u201d en Medasur - Diario Textual","isPartOf":{"@id":"https:\/\/diariotextual.com\/inicio\/#website"},"primaryImageOfPage":{"@id":"https:\/\/diariotextual.com\/inicio\/index.php\/2023\/02\/23\/ultimos-dias-de-la-muestra-los-rostros-de-la-tierra-en-medasur\/#primaryimage"},"image":{"@id":"https:\/\/diariotextual.com\/inicio\/index.php\/2023\/02\/23\/ultimos-dias-de-la-muestra-los-rostros-de-la-tierra-en-medasur\/#primaryimage"},"thumbnailUrl":"https:\/\/diariotextual.com\/inicio\/wp-content\/uploads\/2021\/10\/rostrosdelatierralibro2021-1.jpg","datePublished":"2023-02-23T10:23:03+00:00","dateModified":"2023-02-23T10:23:05+00:00","breadcrumb":{"@id":"https:\/\/diariotextual.com\/inicio\/index.php\/2023\/02\/23\/ultimos-dias-de-la-muestra-los-rostros-de-la-tierra-en-medasur\/#breadcrumb"},"inLanguage":"es","potentialAction":[{"@type":"ReadAction","target":["https:\/\/diariotextual.com\/inicio\/index.php\/2023\/02\/23\/ultimos-dias-de-la-muestra-los-rostros-de-la-tierra-en-medasur\/"]}]},{"@type":"ImageObject","inLanguage":"es","@id":"https:\/\/diariotextual.com\/inicio\/index.php\/2023\/02\/23\/ultimos-dias-de-la-muestra-los-rostros-de-la-tierra-en-medasur\/#primaryimage","url":"https:\/\/diariotextual.com\/inicio\/wp-content\/uploads\/2021\/10\/rostrosdelatierralibro2021-1.jpg","contentUrl":"https:\/\/diariotextual.com\/inicio\/wp-content\/uploads\/2021\/10\/rostrosdelatierralibro2021-1.jpg","width":583,"height":379},{"@type":"BreadcrumbList","@id":"https:\/\/diariotextual.com\/inicio\/index.php\/2023\/02\/23\/ultimos-dias-de-la-muestra-los-rostros-de-la-tierra-en-medasur\/#breadcrumb","itemListElement":[{"@type":"ListItem","position":1,"name":"Portada","item":"https:\/\/diariotextual.com\/inicio\/"},{"@type":"ListItem","position":2,"name":"\u00daltimos d\u00edas de la muestra \u201cLos rostros de la tierra\u201d en Medasur"}]},{"@type":"WebSite","@id":"https:\/\/diariotextual.com\/inicio\/#website","url":"https:\/\/diariotextual.com\/inicio\/","name":"Diario Textual","description":"","publisher":{"@id":"https:\/\/diariotextual.com\/inicio\/#organization"},"potentialAction":[{"@type":"SearchAction","target":{"@type":"EntryPoint","urlTemplate":"https:\/\/diariotextual.com\/inicio\/?s={search_term_string}"},"query-input":{"@type":"PropertyValueSpecification","valueRequired":true,"valueName":"search_term_string"}}],"inLanguage":"es"},{"@type":"Organization","@id":"https:\/\/diariotextual.com\/inicio\/#organization","name":"Diario Textual","url":"https:\/\/diariotextual.com\/inicio\/","logo":{"@type":"ImageObject","inLanguage":"es","@id":"https:\/\/diariotextual.com\/inicio\/#\/schema\/logo\/image\/","url":"https:\/\/diariotextual.com\/inicio\/wp-content\/uploads\/2023\/05\/logotextual1.jpg","contentUrl":"https:\/\/diariotextual.com\/inicio\/wp-content\/uploads\/2023\/05\/logotextual1.jpg","width":516,"height":76,"caption":"Diario Textual"},"image":{"@id":"https:\/\/diariotextual.com\/inicio\/#\/schema\/logo\/image\/"},"sameAs":["https:\/\/www.facebook.com\/eltextual","https:\/\/x.com\/eltextual","http:\/\/www.instagram.com\/eltextual"]},{"@type":"Person","@id":"https:\/\/diariotextual.com\/inicio\/#\/schema\/person\/694f60677f23c4a530867a98f22b3768","name":"diario2","image":{"@type":"ImageObject","inLanguage":"es","@id":"https:\/\/secure.gravatar.com\/avatar\/5a2567495ba16b852fcd8f1ed006a2e24fcace936018ed8237e95f488ad6e0a7?s=96&d=mm&r=g","url":"https:\/\/secure.gravatar.com\/avatar\/5a2567495ba16b852fcd8f1ed006a2e24fcace936018ed8237e95f488ad6e0a7?s=96&d=mm&r=g","contentUrl":"https:\/\/secure.gravatar.com\/avatar\/5a2567495ba16b852fcd8f1ed006a2e24fcace936018ed8237e95f488ad6e0a7?s=96&d=mm&r=g","caption":"diario2"},"url":"https:\/\/diariotextual.com\/inicio\/index.php\/author\/diario2\/"}]}},"_links":{"self":[{"href":"https:\/\/diariotextual.com\/inicio\/index.php\/wp-json\/wp\/v2\/posts\/216817","targetHints":{"allow":["GET"]}}],"collection":[{"href":"https:\/\/diariotextual.com\/inicio\/index.php\/wp-json\/wp\/v2\/posts"}],"about":[{"href":"https:\/\/diariotextual.com\/inicio\/index.php\/wp-json\/wp\/v2\/types\/post"}],"author":[{"embeddable":true,"href":"https:\/\/diariotextual.com\/inicio\/index.php\/wp-json\/wp\/v2\/users\/4"}],"replies":[{"embeddable":true,"href":"https:\/\/diariotextual.com\/inicio\/index.php\/wp-json\/wp\/v2\/comments?post=216817"}],"version-history":[{"count":1,"href":"https:\/\/diariotextual.com\/inicio\/index.php\/wp-json\/wp\/v2\/posts\/216817\/revisions"}],"predecessor-version":[{"id":216818,"href":"https:\/\/diariotextual.com\/inicio\/index.php\/wp-json\/wp\/v2\/posts\/216817\/revisions\/216818"}],"wp:featuredmedia":[{"embeddable":true,"href":"https:\/\/diariotextual.com\/inicio\/index.php\/wp-json\/wp\/v2\/media\/164377"}],"wp:attachment":[{"href":"https:\/\/diariotextual.com\/inicio\/index.php\/wp-json\/wp\/v2\/media?parent=216817"}],"wp:term":[{"taxonomy":"category","embeddable":true,"href":"https:\/\/diariotextual.com\/inicio\/index.php\/wp-json\/wp\/v2\/categories?post=216817"},{"taxonomy":"post_tag","embeddable":true,"href":"https:\/\/diariotextual.com\/inicio\/index.php\/wp-json\/wp\/v2\/tags?post=216817"}],"curies":[{"name":"wp","href":"https:\/\/api.w.org\/{rel}","templated":true}]}}