{"id":216853,"date":"2023-02-23T14:29:37","date_gmt":"2023-02-23T17:29:37","guid":{"rendered":"https:\/\/diariotextual.com\/inicio\/?p=216853"},"modified":"2023-02-23T14:29:39","modified_gmt":"2023-02-23T17:29:39","slug":"lanzan-cursos-para-jovenes-pampeanos","status":"publish","type":"post","link":"https:\/\/diariotextual.com\/inicio\/index.php\/2023\/02\/23\/lanzan-cursos-para-jovenes-pampeanos\/","title":{"rendered":"Lanzan cursos para j\u00f3venes pampeanos"},"content":{"rendered":"\n<p>La Direcci\u00f3n General de Juventud del Ministerio de Desarrollo Social, presenta cuatro cursos y comunidades juveniles desde el mes de marzo, en el marco del Programa \u201cJ\u00f3venes En L\u00ednea\u201d, vigente desde junio del 2020.<\/p>\n\n\n\n<p>El link de inscripci\u00f3n <a href=\"http:\/\/linktr.ee\/jovenesenlinealp\" target=\"_blank\" rel=\"noreferrer noopener\">linktr.ee\/jovenesenlinealp<\/a>\u00a0a cada uno, se encuentra en la BIO de la cuenta de Instagram @jovenesenlinealp y en cada una de las cuentas. La inscripci\u00f3n y remisi\u00f3n de contenido no tiene plazo. Los cursos se dictar\u00e1n desde la segunda semana de marzo.<\/p>\n\n\n\n<p><strong>Curso y comunidad de Creadores de Contenido e Influencers<\/strong><\/p>\n\n\n\n<p>Ser\u00e1 dictado por la creadora de contenido Tana (@SoylaTana en Twitch), y ofrecer\u00e1 consejos y experiencia para desarrollarse como creador o creadora de contenido y\/o influencer. Se centrar\u00e1 en las principales plataformas actuales, como lo son TikTok, Instagram, YouTube y Twitch. En cada clase se invitar\u00e1n a influencers nacionales de cada una. El instagram de quienes crear\u00e1n contenido en La Pampa es \u201cInfluencers En L\u00ednea @influencersenlinealp\u201c.<\/p>\n\n\n\n<p>Se pretende crear una comunidad pampeana, donde cada plataforma tenga sus referentes, contenidos y que cubra esta nueva tendencia mundial. El curso se dictar\u00e1 virtualmente durante dos meses, de manera semanal.<\/p>\n\n\n\n<p><strong>Curso y comunidad de Arte<\/strong><\/p>\n\n\n\n<p>La comunidad de Arte se concentrar\u00e1 en el Instagram Arte En L\u00ednea @arteenlinealp. All\u00ed se difundir\u00e1n dibujos, pinturas y obras art\u00edsticas de las juventudes pampeanas. Para ello, al link de su biograf\u00eda podr\u00e1n enviarse las redes sociales de quienes ya se tienen cuentas art\u00edsticas, as\u00ed como material para ser publicado, previa observaci\u00f3n y devoluci\u00f3n del profesor que coordina la comunidad. Se prev\u00e9 la realizaci\u00f3n de concursos peri\u00f3dicos, en conjunto a J\u00f3venes En L\u00ednea.<\/p>\n\n\n\n<p>Por otro lado, se dictar\u00e1 un Taller de Arte virtual, cada quince d\u00edas. Lo impartir\u00e1 el coordinador de Arte En L\u00ednea, Andres Alcar\u00e1z Vega.<\/p>\n\n\n\n<p><strong>Curso y comunidad de Fotograf\u00eda<\/strong><\/p>\n\n\n\n<p>La comunidad de Arte se concentrar\u00e1 en el Instagram Fotograf\u00edas En L\u00ednea @fotografiasenlinealp, donde se difundir\u00e1n fotograf\u00edas y cuentas de esa tem\u00e1tica, de las juventudes pampeanas. Se prev\u00e9 la realizaci\u00f3n de concursos peri\u00f3dicos, en conjunto a J\u00f3venes En L\u00ednea y, la realizaci\u00f3n de salidas fotogr\u00e1ficas al aire libre para tomar fotograf\u00edas.<\/p>\n\n\n\n<p>Por otro lado, se dictar\u00e1 un Taller de Fotograf\u00eda, cada quince d\u00edas de manera virtual. Lo impartir\u00e1 el coordinador de la comunidad, Ezequiel Sosa, fot\u00f3grafo freelancer.<\/p>\n\n\n\n<p><strong>Curso de Escritura Creativa y comunidad literaria<\/strong><\/p>\n\n\n\n<p>La comunidad de Arte se concentrar\u00e1 en el Instagram Letras En L\u00ednea @letrasenlinealp, donde se publicar\u00e1n escritos literarios originales y de cuentas ya existentes, a las que se dar\u00e1 difusi\u00f3n. Se prev\u00e9 la realizaci\u00f3n de concursos peri\u00f3dicos, en conjunto a J\u00f3venes En L\u00ednea.<\/p>\n\n\n\n<p>Por otro lado, se dictar\u00e1 virtualmente un Taller de Escritura Creativa, cada quince d\u00edas, que ser\u00e1 llevado adelante por la&nbsp; coordinadora de la comunidad, Nadia Mu\u00f1oz, editora\/correctora editorial y docente e investigadora en Letras Modernas.<\/p>\n\n\n\n<p>Asimismo, en el link de inscripci\u00f3n en @jovenesenlinealp, se podr\u00e1 ingresar a las comunidades del Programa J\u00f3venes En L\u00ednea: la plataforma Discord (con m\u00e1s de 1500 miembros) y las cuentas de Twitch y Youtube, donde se realizan transmisiones peri\u00f3dicas.<\/p>\n","protected":false},"excerpt":{"rendered":"<p>La Direcci\u00f3n General de Juventud del Ministerio de Desarrollo Social, presenta cuatro cursos y comunidades juveniles desde el mes de marzo, en el marco del Programa \u201cJ\u00f3venes En L\u00ednea\u201d, vigente&hellip;<\/p>\n","protected":false},"author":4,"featured_media":164458,"comment_status":"closed","ping_status":"open","sticky":false,"template":"","format":"standard","meta":{"_acf_changed":false,"footnotes":""},"categories":[1,2],"tags":[],"class_list":["post-216853","post","type-post","status-publish","format-standard","has-post-thumbnail","hentry","category-es-noticia","category-cultura"],"acf":[],"yoast_head":"<!-- This site is optimized with the Yoast SEO plugin v27.5 - https:\/\/yoast.com\/product\/yoast-seo-wordpress\/ -->\n<title>Lanzan cursos para j\u00f3venes pampeanos - Diario Textual<\/title>\n<meta name=\"robots\" content=\"index, follow, max-snippet:-1, max-image-preview:large, max-video-preview:-1\" \/>\n<link rel=\"canonical\" href=\"https:\/\/diariotextual.com\/inicio\/index.php\/2023\/02\/23\/lanzan-cursos-para-jovenes-pampeanos\/\" \/>\n<meta property=\"og:locale\" content=\"es_ES\" \/>\n<meta property=\"og:type\" content=\"article\" \/>\n<meta property=\"og:title\" content=\"Lanzan cursos para j\u00f3venes pampeanos - Diario Textual\" \/>\n<meta property=\"og:description\" content=\"La Direcci\u00f3n General de Juventud del Ministerio de Desarrollo Social, presenta cuatro cursos y comunidades juveniles desde el mes de marzo, en el marco del Programa \u201cJ\u00f3venes En L\u00ednea\u201d, vigente&hellip;\" \/>\n<meta property=\"og:url\" content=\"https:\/\/diariotextual.com\/inicio\/index.php\/2023\/02\/23\/lanzan-cursos-para-jovenes-pampeanos\/\" \/>\n<meta property=\"og:site_name\" content=\"Diario Textual\" \/>\n<meta property=\"article:publisher\" content=\"https:\/\/www.facebook.com\/eltextual\" \/>\n<meta property=\"article:published_time\" content=\"2023-02-23T17:29:37+00:00\" \/>\n<meta property=\"article:modified_time\" content=\"2023-02-23T17:29:39+00:00\" \/>\n<meta property=\"og:image\" content=\"https:\/\/diariotextual.com\/inicio\/wp-content\/uploads\/2021\/10\/redessociales643782.jpg\" \/>\n\t<meta property=\"og:image:width\" content=\"777\" \/>\n\t<meta property=\"og:image:height\" content=\"491\" \/>\n\t<meta property=\"og:image:type\" content=\"image\/jpeg\" \/>\n<meta name=\"author\" content=\"diario2\" \/>\n<meta name=\"twitter:card\" content=\"summary_large_image\" \/>\n<meta name=\"twitter:creator\" content=\"@eltextual\" \/>\n<meta name=\"twitter:site\" content=\"@eltextual\" \/>\n<meta name=\"twitter:label1\" content=\"Escrito por\" \/>\n\t<meta name=\"twitter:data1\" content=\"diario2\" \/>\n\t<meta name=\"twitter:label2\" content=\"Tiempo de lectura\" \/>\n\t<meta name=\"twitter:data2\" content=\"3 minutos\" \/>\n<script type=\"application\/ld+json\" class=\"yoast-schema-graph\">{\"@context\":\"https:\\\/\\\/schema.org\",\"@graph\":[{\"@type\":\"Article\",\"@id\":\"https:\\\/\\\/diariotextual.com\\\/inicio\\\/index.php\\\/2023\\\/02\\\/23\\\/lanzan-cursos-para-jovenes-pampeanos\\\/#article\",\"isPartOf\":{\"@id\":\"https:\\\/\\\/diariotextual.com\\\/inicio\\\/index.php\\\/2023\\\/02\\\/23\\\/lanzan-cursos-para-jovenes-pampeanos\\\/\"},\"author\":{\"name\":\"diario2\",\"@id\":\"https:\\\/\\\/diariotextual.com\\\/inicio\\\/#\\\/schema\\\/person\\\/694f60677f23c4a530867a98f22b3768\"},\"headline\":\"Lanzan cursos para j\u00f3venes pampeanos\",\"datePublished\":\"2023-02-23T17:29:37+00:00\",\"dateModified\":\"2023-02-23T17:29:39+00:00\",\"mainEntityOfPage\":{\"@id\":\"https:\\\/\\\/diariotextual.com\\\/inicio\\\/index.php\\\/2023\\\/02\\\/23\\\/lanzan-cursos-para-jovenes-pampeanos\\\/\"},\"wordCount\":557,\"publisher\":{\"@id\":\"https:\\\/\\\/diariotextual.com\\\/inicio\\\/#organization\"},\"image\":{\"@id\":\"https:\\\/\\\/diariotextual.com\\\/inicio\\\/index.php\\\/2023\\\/02\\\/23\\\/lanzan-cursos-para-jovenes-pampeanos\\\/#primaryimage\"},\"thumbnailUrl\":\"https:\\\/\\\/diariotextual.com\\\/inicio\\\/wp-content\\\/uploads\\\/2021\\\/10\\\/redessociales643782.jpg\",\"articleSection\":[\"A - ES NOTICIA (van abajo)\",\"CULTURA\"],\"inLanguage\":\"es\"},{\"@type\":\"WebPage\",\"@id\":\"https:\\\/\\\/diariotextual.com\\\/inicio\\\/index.php\\\/2023\\\/02\\\/23\\\/lanzan-cursos-para-jovenes-pampeanos\\\/\",\"url\":\"https:\\\/\\\/diariotextual.com\\\/inicio\\\/index.php\\\/2023\\\/02\\\/23\\\/lanzan-cursos-para-jovenes-pampeanos\\\/\",\"name\":\"Lanzan cursos para j\u00f3venes pampeanos - Diario Textual\",\"isPartOf\":{\"@id\":\"https:\\\/\\\/diariotextual.com\\\/inicio\\\/#website\"},\"primaryImageOfPage\":{\"@id\":\"https:\\\/\\\/diariotextual.com\\\/inicio\\\/index.php\\\/2023\\\/02\\\/23\\\/lanzan-cursos-para-jovenes-pampeanos\\\/#primaryimage\"},\"image\":{\"@id\":\"https:\\\/\\\/diariotextual.com\\\/inicio\\\/index.php\\\/2023\\\/02\\\/23\\\/lanzan-cursos-para-jovenes-pampeanos\\\/#primaryimage\"},\"thumbnailUrl\":\"https:\\\/\\\/diariotextual.com\\\/inicio\\\/wp-content\\\/uploads\\\/2021\\\/10\\\/redessociales643782.jpg\",\"datePublished\":\"2023-02-23T17:29:37+00:00\",\"dateModified\":\"2023-02-23T17:29:39+00:00\",\"breadcrumb\":{\"@id\":\"https:\\\/\\\/diariotextual.com\\\/inicio\\\/index.php\\\/2023\\\/02\\\/23\\\/lanzan-cursos-para-jovenes-pampeanos\\\/#breadcrumb\"},\"inLanguage\":\"es\",\"potentialAction\":[{\"@type\":\"ReadAction\",\"target\":[\"https:\\\/\\\/diariotextual.com\\\/inicio\\\/index.php\\\/2023\\\/02\\\/23\\\/lanzan-cursos-para-jovenes-pampeanos\\\/\"]}]},{\"@type\":\"ImageObject\",\"inLanguage\":\"es\",\"@id\":\"https:\\\/\\\/diariotextual.com\\\/inicio\\\/index.php\\\/2023\\\/02\\\/23\\\/lanzan-cursos-para-jovenes-pampeanos\\\/#primaryimage\",\"url\":\"https:\\\/\\\/diariotextual.com\\\/inicio\\\/wp-content\\\/uploads\\\/2021\\\/10\\\/redessociales643782.jpg\",\"contentUrl\":\"https:\\\/\\\/diariotextual.com\\\/inicio\\\/wp-content\\\/uploads\\\/2021\\\/10\\\/redessociales643782.jpg\",\"width\":777,\"height\":491},{\"@type\":\"BreadcrumbList\",\"@id\":\"https:\\\/\\\/diariotextual.com\\\/inicio\\\/index.php\\\/2023\\\/02\\\/23\\\/lanzan-cursos-para-jovenes-pampeanos\\\/#breadcrumb\",\"itemListElement\":[{\"@type\":\"ListItem\",\"position\":1,\"name\":\"Portada\",\"item\":\"https:\\\/\\\/diariotextual.com\\\/inicio\\\/\"},{\"@type\":\"ListItem\",\"position\":2,\"name\":\"Lanzan cursos para j\u00f3venes pampeanos\"}]},{\"@type\":\"WebSite\",\"@id\":\"https:\\\/\\\/diariotextual.com\\\/inicio\\\/#website\",\"url\":\"https:\\\/\\\/diariotextual.com\\\/inicio\\\/\",\"name\":\"Diario Textual\",\"description\":\"\",\"publisher\":{\"@id\":\"https:\\\/\\\/diariotextual.com\\\/inicio\\\/#organization\"},\"potentialAction\":[{\"@type\":\"SearchAction\",\"target\":{\"@type\":\"EntryPoint\",\"urlTemplate\":\"https:\\\/\\\/diariotextual.com\\\/inicio\\\/?s={search_term_string}\"},\"query-input\":{\"@type\":\"PropertyValueSpecification\",\"valueRequired\":true,\"valueName\":\"search_term_string\"}}],\"inLanguage\":\"es\"},{\"@type\":\"Organization\",\"@id\":\"https:\\\/\\\/diariotextual.com\\\/inicio\\\/#organization\",\"name\":\"Diario Textual\",\"url\":\"https:\\\/\\\/diariotextual.com\\\/inicio\\\/\",\"logo\":{\"@type\":\"ImageObject\",\"inLanguage\":\"es\",\"@id\":\"https:\\\/\\\/diariotextual.com\\\/inicio\\\/#\\\/schema\\\/logo\\\/image\\\/\",\"url\":\"https:\\\/\\\/diariotextual.com\\\/inicio\\\/wp-content\\\/uploads\\\/2023\\\/05\\\/logotextual1.jpg\",\"contentUrl\":\"https:\\\/\\\/diariotextual.com\\\/inicio\\\/wp-content\\\/uploads\\\/2023\\\/05\\\/logotextual1.jpg\",\"width\":516,\"height\":76,\"caption\":\"Diario Textual\"},\"image\":{\"@id\":\"https:\\\/\\\/diariotextual.com\\\/inicio\\\/#\\\/schema\\\/logo\\\/image\\\/\"},\"sameAs\":[\"https:\\\/\\\/www.facebook.com\\\/eltextual\",\"https:\\\/\\\/x.com\\\/eltextual\",\"http:\\\/\\\/www.instagram.com\\\/eltextual\"]},{\"@type\":\"Person\",\"@id\":\"https:\\\/\\\/diariotextual.com\\\/inicio\\\/#\\\/schema\\\/person\\\/694f60677f23c4a530867a98f22b3768\",\"name\":\"diario2\",\"image\":{\"@type\":\"ImageObject\",\"inLanguage\":\"es\",\"@id\":\"https:\\\/\\\/secure.gravatar.com\\\/avatar\\\/5a2567495ba16b852fcd8f1ed006a2e24fcace936018ed8237e95f488ad6e0a7?s=96&d=mm&r=g\",\"url\":\"https:\\\/\\\/secure.gravatar.com\\\/avatar\\\/5a2567495ba16b852fcd8f1ed006a2e24fcace936018ed8237e95f488ad6e0a7?s=96&d=mm&r=g\",\"contentUrl\":\"https:\\\/\\\/secure.gravatar.com\\\/avatar\\\/5a2567495ba16b852fcd8f1ed006a2e24fcace936018ed8237e95f488ad6e0a7?s=96&d=mm&r=g\",\"caption\":\"diario2\"},\"url\":\"https:\\\/\\\/diariotextual.com\\\/inicio\\\/index.php\\\/author\\\/diario2\\\/\"}]}<\/script>\n<!-- \/ Yoast SEO plugin. -->","yoast_head_json":{"title":"Lanzan cursos para j\u00f3venes pampeanos - Diario Textual","robots":{"index":"index","follow":"follow","max-snippet":"max-snippet:-1","max-image-preview":"max-image-preview:large","max-video-preview":"max-video-preview:-1"},"canonical":"https:\/\/diariotextual.com\/inicio\/index.php\/2023\/02\/23\/lanzan-cursos-para-jovenes-pampeanos\/","og_locale":"es_ES","og_type":"article","og_title":"Lanzan cursos para j\u00f3venes pampeanos - Diario Textual","og_description":"La Direcci\u00f3n General de Juventud del Ministerio de Desarrollo Social, presenta cuatro cursos y comunidades juveniles desde el mes de marzo, en el marco del Programa \u201cJ\u00f3venes En L\u00ednea\u201d, vigente&hellip;","og_url":"https:\/\/diariotextual.com\/inicio\/index.php\/2023\/02\/23\/lanzan-cursos-para-jovenes-pampeanos\/","og_site_name":"Diario Textual","article_publisher":"https:\/\/www.facebook.com\/eltextual","article_published_time":"2023-02-23T17:29:37+00:00","article_modified_time":"2023-02-23T17:29:39+00:00","og_image":[{"width":777,"height":491,"url":"https:\/\/diariotextual.com\/inicio\/wp-content\/uploads\/2021\/10\/redessociales643782.jpg","type":"image\/jpeg"}],"author":"diario2","twitter_card":"summary_large_image","twitter_creator":"@eltextual","twitter_site":"@eltextual","twitter_misc":{"Escrito por":"diario2","Tiempo de lectura":"3 minutos"},"schema":{"@context":"https:\/\/schema.org","@graph":[{"@type":"Article","@id":"https:\/\/diariotextual.com\/inicio\/index.php\/2023\/02\/23\/lanzan-cursos-para-jovenes-pampeanos\/#article","isPartOf":{"@id":"https:\/\/diariotextual.com\/inicio\/index.php\/2023\/02\/23\/lanzan-cursos-para-jovenes-pampeanos\/"},"author":{"name":"diario2","@id":"https:\/\/diariotextual.com\/inicio\/#\/schema\/person\/694f60677f23c4a530867a98f22b3768"},"headline":"Lanzan cursos para j\u00f3venes pampeanos","datePublished":"2023-02-23T17:29:37+00:00","dateModified":"2023-02-23T17:29:39+00:00","mainEntityOfPage":{"@id":"https:\/\/diariotextual.com\/inicio\/index.php\/2023\/02\/23\/lanzan-cursos-para-jovenes-pampeanos\/"},"wordCount":557,"publisher":{"@id":"https:\/\/diariotextual.com\/inicio\/#organization"},"image":{"@id":"https:\/\/diariotextual.com\/inicio\/index.php\/2023\/02\/23\/lanzan-cursos-para-jovenes-pampeanos\/#primaryimage"},"thumbnailUrl":"https:\/\/diariotextual.com\/inicio\/wp-content\/uploads\/2021\/10\/redessociales643782.jpg","articleSection":["A - ES NOTICIA (van abajo)","CULTURA"],"inLanguage":"es"},{"@type":"WebPage","@id":"https:\/\/diariotextual.com\/inicio\/index.php\/2023\/02\/23\/lanzan-cursos-para-jovenes-pampeanos\/","url":"https:\/\/diariotextual.com\/inicio\/index.php\/2023\/02\/23\/lanzan-cursos-para-jovenes-pampeanos\/","name":"Lanzan cursos para j\u00f3venes pampeanos - Diario Textual","isPartOf":{"@id":"https:\/\/diariotextual.com\/inicio\/#website"},"primaryImageOfPage":{"@id":"https:\/\/diariotextual.com\/inicio\/index.php\/2023\/02\/23\/lanzan-cursos-para-jovenes-pampeanos\/#primaryimage"},"image":{"@id":"https:\/\/diariotextual.com\/inicio\/index.php\/2023\/02\/23\/lanzan-cursos-para-jovenes-pampeanos\/#primaryimage"},"thumbnailUrl":"https:\/\/diariotextual.com\/inicio\/wp-content\/uploads\/2021\/10\/redessociales643782.jpg","datePublished":"2023-02-23T17:29:37+00:00","dateModified":"2023-02-23T17:29:39+00:00","breadcrumb":{"@id":"https:\/\/diariotextual.com\/inicio\/index.php\/2023\/02\/23\/lanzan-cursos-para-jovenes-pampeanos\/#breadcrumb"},"inLanguage":"es","potentialAction":[{"@type":"ReadAction","target":["https:\/\/diariotextual.com\/inicio\/index.php\/2023\/02\/23\/lanzan-cursos-para-jovenes-pampeanos\/"]}]},{"@type":"ImageObject","inLanguage":"es","@id":"https:\/\/diariotextual.com\/inicio\/index.php\/2023\/02\/23\/lanzan-cursos-para-jovenes-pampeanos\/#primaryimage","url":"https:\/\/diariotextual.com\/inicio\/wp-content\/uploads\/2021\/10\/redessociales643782.jpg","contentUrl":"https:\/\/diariotextual.com\/inicio\/wp-content\/uploads\/2021\/10\/redessociales643782.jpg","width":777,"height":491},{"@type":"BreadcrumbList","@id":"https:\/\/diariotextual.com\/inicio\/index.php\/2023\/02\/23\/lanzan-cursos-para-jovenes-pampeanos\/#breadcrumb","itemListElement":[{"@type":"ListItem","position":1,"name":"Portada","item":"https:\/\/diariotextual.com\/inicio\/"},{"@type":"ListItem","position":2,"name":"Lanzan cursos para j\u00f3venes pampeanos"}]},{"@type":"WebSite","@id":"https:\/\/diariotextual.com\/inicio\/#website","url":"https:\/\/diariotextual.com\/inicio\/","name":"Diario Textual","description":"","publisher":{"@id":"https:\/\/diariotextual.com\/inicio\/#organization"},"potentialAction":[{"@type":"SearchAction","target":{"@type":"EntryPoint","urlTemplate":"https:\/\/diariotextual.com\/inicio\/?s={search_term_string}"},"query-input":{"@type":"PropertyValueSpecification","valueRequired":true,"valueName":"search_term_string"}}],"inLanguage":"es"},{"@type":"Organization","@id":"https:\/\/diariotextual.com\/inicio\/#organization","name":"Diario Textual","url":"https:\/\/diariotextual.com\/inicio\/","logo":{"@type":"ImageObject","inLanguage":"es","@id":"https:\/\/diariotextual.com\/inicio\/#\/schema\/logo\/image\/","url":"https:\/\/diariotextual.com\/inicio\/wp-content\/uploads\/2023\/05\/logotextual1.jpg","contentUrl":"https:\/\/diariotextual.com\/inicio\/wp-content\/uploads\/2023\/05\/logotextual1.jpg","width":516,"height":76,"caption":"Diario Textual"},"image":{"@id":"https:\/\/diariotextual.com\/inicio\/#\/schema\/logo\/image\/"},"sameAs":["https:\/\/www.facebook.com\/eltextual","https:\/\/x.com\/eltextual","http:\/\/www.instagram.com\/eltextual"]},{"@type":"Person","@id":"https:\/\/diariotextual.com\/inicio\/#\/schema\/person\/694f60677f23c4a530867a98f22b3768","name":"diario2","image":{"@type":"ImageObject","inLanguage":"es","@id":"https:\/\/secure.gravatar.com\/avatar\/5a2567495ba16b852fcd8f1ed006a2e24fcace936018ed8237e95f488ad6e0a7?s=96&d=mm&r=g","url":"https:\/\/secure.gravatar.com\/avatar\/5a2567495ba16b852fcd8f1ed006a2e24fcace936018ed8237e95f488ad6e0a7?s=96&d=mm&r=g","contentUrl":"https:\/\/secure.gravatar.com\/avatar\/5a2567495ba16b852fcd8f1ed006a2e24fcace936018ed8237e95f488ad6e0a7?s=96&d=mm&r=g","caption":"diario2"},"url":"https:\/\/diariotextual.com\/inicio\/index.php\/author\/diario2\/"}]}},"_links":{"self":[{"href":"https:\/\/diariotextual.com\/inicio\/index.php\/wp-json\/wp\/v2\/posts\/216853","targetHints":{"allow":["GET"]}}],"collection":[{"href":"https:\/\/diariotextual.com\/inicio\/index.php\/wp-json\/wp\/v2\/posts"}],"about":[{"href":"https:\/\/diariotextual.com\/inicio\/index.php\/wp-json\/wp\/v2\/types\/post"}],"author":[{"embeddable":true,"href":"https:\/\/diariotextual.com\/inicio\/index.php\/wp-json\/wp\/v2\/users\/4"}],"replies":[{"embeddable":true,"href":"https:\/\/diariotextual.com\/inicio\/index.php\/wp-json\/wp\/v2\/comments?post=216853"}],"version-history":[{"count":1,"href":"https:\/\/diariotextual.com\/inicio\/index.php\/wp-json\/wp\/v2\/posts\/216853\/revisions"}],"predecessor-version":[{"id":216854,"href":"https:\/\/diariotextual.com\/inicio\/index.php\/wp-json\/wp\/v2\/posts\/216853\/revisions\/216854"}],"wp:featuredmedia":[{"embeddable":true,"href":"https:\/\/diariotextual.com\/inicio\/index.php\/wp-json\/wp\/v2\/media\/164458"}],"wp:attachment":[{"href":"https:\/\/diariotextual.com\/inicio\/index.php\/wp-json\/wp\/v2\/media?parent=216853"}],"wp:term":[{"taxonomy":"category","embeddable":true,"href":"https:\/\/diariotextual.com\/inicio\/index.php\/wp-json\/wp\/v2\/categories?post=216853"},{"taxonomy":"post_tag","embeddable":true,"href":"https:\/\/diariotextual.com\/inicio\/index.php\/wp-json\/wp\/v2\/tags?post=216853"}],"curies":[{"name":"wp","href":"https:\/\/api.w.org\/{rel}","templated":true}]}}