{"id":216895,"date":"2023-02-23T19:36:05","date_gmt":"2023-02-23T22:36:05","guid":{"rendered":"https:\/\/diariotextual.com\/inicio\/?p=216895"},"modified":"2023-02-24T09:45:22","modified_gmt":"2023-02-24T12:45:22","slug":"relanzaron-el-programa-de-registracion-de-empleadas-domesticas-y-anunciaron-mas-beneficios-para-el-sector","status":"publish","type":"post","link":"https:\/\/diariotextual.com\/inicio\/index.php\/2023\/02\/23\/relanzaron-el-programa-de-registracion-de-empleadas-domesticas-y-anunciaron-mas-beneficios-para-el-sector\/","title":{"rendered":"Relanzaron el programa de registraci\u00f3n de empleadas dom\u00e9sticas"},"content":{"rendered":"\n<p>El presidente Alberto Fern\u00e1ndez relanz\u00f3 hoy el programa para incentivar la registraci\u00f3n del personal dom\u00e9stico y firm\u00f3 un DNU que otogar\u00e1 m\u00e1s beneficios para este sector. Lo hizo en un acto en Casa Rosada, donde estuvo acompa\u00f1ado por la ministra de Trabajo, Raquel \u201cKelly\u201d Olmos, entre otros funcionarios.<\/p>\n\n\n\n<p>El mandatario relanz\u00f3 el Programa Registradas, por el cual el Estado cubre el 50% del salario de la trabajadora dom\u00e9stica durante seis meses en el caso de empleadores con ingresos menores al M\u00ednimo no Imponible del Impuesto a las Ganancias.<\/p>\n\n\n\n<p>Adem\u00e1s firm\u00f3 un DNU que otorga nuevos beneficios que nunca tuvieron las trabajadoras registradas, como poder acceder al seguro de desempleo sin perder los beneficios sociales, como la AUH (Asignaci\u00f3n Universial por Hijo).<\/p>\n","protected":false},"excerpt":{"rendered":"<p>El presidente Alberto Fern\u00e1ndez relanz\u00f3 hoy el programa para incentivar la registraci\u00f3n del personal dom\u00e9stico y firm\u00f3 un DNU que otogar\u00e1 m\u00e1s beneficios para este sector. Lo hizo en un&hellip;<\/p>\n","protected":false},"author":4,"featured_media":91963,"comment_status":"closed","ping_status":"open","sticky":false,"template":"","format":"standard","meta":{"_acf_changed":false,"footnotes":""},"categories":[1,11,12],"tags":[],"class_list":["post-216895","post","type-post","status-publish","format-standard","has-post-thumbnail","hentry","category-es-noticia","category-que-pasa","category-sociedad"],"acf":[],"yoast_head":"<!-- This site is optimized with the Yoast SEO plugin v27.5 - https:\/\/yoast.com\/product\/yoast-seo-wordpress\/ -->\n<title>Relanzaron el programa de registraci\u00f3n de empleadas dom\u00e9sticas - Diario Textual<\/title>\n<meta name=\"robots\" content=\"index, follow, max-snippet:-1, max-image-preview:large, max-video-preview:-1\" \/>\n<link rel=\"canonical\" href=\"https:\/\/diariotextual.com\/inicio\/index.php\/2023\/02\/23\/relanzaron-el-programa-de-registracion-de-empleadas-domesticas-y-anunciaron-mas-beneficios-para-el-sector\/\" \/>\n<meta property=\"og:locale\" content=\"es_ES\" \/>\n<meta property=\"og:type\" content=\"article\" \/>\n<meta property=\"og:title\" content=\"Relanzaron el programa de registraci\u00f3n de empleadas dom\u00e9sticas - Diario Textual\" \/>\n<meta property=\"og:description\" content=\"El presidente Alberto Fern\u00e1ndez relanz\u00f3 hoy el programa para incentivar la registraci\u00f3n del personal dom\u00e9stico y firm\u00f3 un DNU que otogar\u00e1 m\u00e1s beneficios para este sector. Lo hizo en un&hellip;\" \/>\n<meta property=\"og:url\" content=\"https:\/\/diariotextual.com\/inicio\/index.php\/2023\/02\/23\/relanzaron-el-programa-de-registracion-de-empleadas-domesticas-y-anunciaron-mas-beneficios-para-el-sector\/\" \/>\n<meta property=\"og:site_name\" content=\"Diario Textual\" \/>\n<meta property=\"article:publisher\" content=\"https:\/\/www.facebook.com\/eltextual\" \/>\n<meta property=\"article:published_time\" content=\"2023-02-23T22:36:05+00:00\" \/>\n<meta property=\"article:modified_time\" content=\"2023-02-24T12:45:22+00:00\" \/>\n<meta property=\"og:image\" content=\"https:\/\/diariotextual.com\/inicio\/wp-content\/uploads\/2020\/05\/serviciodomesticotelam.jpg\" \/>\n\t<meta property=\"og:image:width\" content=\"1004\" \/>\n\t<meta property=\"og:image:height\" content=\"565\" \/>\n\t<meta property=\"og:image:type\" content=\"image\/jpeg\" \/>\n<meta name=\"author\" content=\"diario2\" \/>\n<meta name=\"twitter:card\" content=\"summary_large_image\" \/>\n<meta name=\"twitter:creator\" content=\"@eltextual\" \/>\n<meta name=\"twitter:site\" content=\"@eltextual\" \/>\n<meta name=\"twitter:label1\" content=\"Escrito por\" \/>\n\t<meta name=\"twitter:data1\" content=\"diario2\" \/>\n\t<meta name=\"twitter:label2\" content=\"Tiempo de lectura\" \/>\n\t<meta name=\"twitter:data2\" content=\"1 minuto\" \/>\n<script type=\"application\/ld+json\" class=\"yoast-schema-graph\">{\"@context\":\"https:\\\/\\\/schema.org\",\"@graph\":[{\"@type\":\"Article\",\"@id\":\"https:\\\/\\\/diariotextual.com\\\/inicio\\\/index.php\\\/2023\\\/02\\\/23\\\/relanzaron-el-programa-de-registracion-de-empleadas-domesticas-y-anunciaron-mas-beneficios-para-el-sector\\\/#article\",\"isPartOf\":{\"@id\":\"https:\\\/\\\/diariotextual.com\\\/inicio\\\/index.php\\\/2023\\\/02\\\/23\\\/relanzaron-el-programa-de-registracion-de-empleadas-domesticas-y-anunciaron-mas-beneficios-para-el-sector\\\/\"},\"author\":{\"name\":\"diario2\",\"@id\":\"https:\\\/\\\/diariotextual.com\\\/inicio\\\/#\\\/schema\\\/person\\\/694f60677f23c4a530867a98f22b3768\"},\"headline\":\"Relanzaron el programa de registraci\u00f3n de empleadas dom\u00e9sticas\",\"datePublished\":\"2023-02-23T22:36:05+00:00\",\"dateModified\":\"2023-02-24T12:45:22+00:00\",\"mainEntityOfPage\":{\"@id\":\"https:\\\/\\\/diariotextual.com\\\/inicio\\\/index.php\\\/2023\\\/02\\\/23\\\/relanzaron-el-programa-de-registracion-de-empleadas-domesticas-y-anunciaron-mas-beneficios-para-el-sector\\\/\"},\"wordCount\":139,\"publisher\":{\"@id\":\"https:\\\/\\\/diariotextual.com\\\/inicio\\\/#organization\"},\"image\":{\"@id\":\"https:\\\/\\\/diariotextual.com\\\/inicio\\\/index.php\\\/2023\\\/02\\\/23\\\/relanzaron-el-programa-de-registracion-de-empleadas-domesticas-y-anunciaron-mas-beneficios-para-el-sector\\\/#primaryimage\"},\"thumbnailUrl\":\"https:\\\/\\\/diariotextual.com\\\/inicio\\\/wp-content\\\/uploads\\\/2020\\\/05\\\/serviciodomesticotelam.jpg\",\"articleSection\":[\"A - ES NOTICIA (van abajo)\",\"A - QUE PASA (al costado)\",\"SOCIEDAD\"],\"inLanguage\":\"es\"},{\"@type\":\"WebPage\",\"@id\":\"https:\\\/\\\/diariotextual.com\\\/inicio\\\/index.php\\\/2023\\\/02\\\/23\\\/relanzaron-el-programa-de-registracion-de-empleadas-domesticas-y-anunciaron-mas-beneficios-para-el-sector\\\/\",\"url\":\"https:\\\/\\\/diariotextual.com\\\/inicio\\\/index.php\\\/2023\\\/02\\\/23\\\/relanzaron-el-programa-de-registracion-de-empleadas-domesticas-y-anunciaron-mas-beneficios-para-el-sector\\\/\",\"name\":\"Relanzaron el programa de registraci\u00f3n de empleadas dom\u00e9sticas - Diario Textual\",\"isPartOf\":{\"@id\":\"https:\\\/\\\/diariotextual.com\\\/inicio\\\/#website\"},\"primaryImageOfPage\":{\"@id\":\"https:\\\/\\\/diariotextual.com\\\/inicio\\\/index.php\\\/2023\\\/02\\\/23\\\/relanzaron-el-programa-de-registracion-de-empleadas-domesticas-y-anunciaron-mas-beneficios-para-el-sector\\\/#primaryimage\"},\"image\":{\"@id\":\"https:\\\/\\\/diariotextual.com\\\/inicio\\\/index.php\\\/2023\\\/02\\\/23\\\/relanzaron-el-programa-de-registracion-de-empleadas-domesticas-y-anunciaron-mas-beneficios-para-el-sector\\\/#primaryimage\"},\"thumbnailUrl\":\"https:\\\/\\\/diariotextual.com\\\/inicio\\\/wp-content\\\/uploads\\\/2020\\\/05\\\/serviciodomesticotelam.jpg\",\"datePublished\":\"2023-02-23T22:36:05+00:00\",\"dateModified\":\"2023-02-24T12:45:22+00:00\",\"breadcrumb\":{\"@id\":\"https:\\\/\\\/diariotextual.com\\\/inicio\\\/index.php\\\/2023\\\/02\\\/23\\\/relanzaron-el-programa-de-registracion-de-empleadas-domesticas-y-anunciaron-mas-beneficios-para-el-sector\\\/#breadcrumb\"},\"inLanguage\":\"es\",\"potentialAction\":[{\"@type\":\"ReadAction\",\"target\":[\"https:\\\/\\\/diariotextual.com\\\/inicio\\\/index.php\\\/2023\\\/02\\\/23\\\/relanzaron-el-programa-de-registracion-de-empleadas-domesticas-y-anunciaron-mas-beneficios-para-el-sector\\\/\"]}]},{\"@type\":\"ImageObject\",\"inLanguage\":\"es\",\"@id\":\"https:\\\/\\\/diariotextual.com\\\/inicio\\\/index.php\\\/2023\\\/02\\\/23\\\/relanzaron-el-programa-de-registracion-de-empleadas-domesticas-y-anunciaron-mas-beneficios-para-el-sector\\\/#primaryimage\",\"url\":\"https:\\\/\\\/diariotextual.com\\\/inicio\\\/wp-content\\\/uploads\\\/2020\\\/05\\\/serviciodomesticotelam.jpg\",\"contentUrl\":\"https:\\\/\\\/diariotextual.com\\\/inicio\\\/wp-content\\\/uploads\\\/2020\\\/05\\\/serviciodomesticotelam.jpg\",\"width\":1004,\"height\":565},{\"@type\":\"BreadcrumbList\",\"@id\":\"https:\\\/\\\/diariotextual.com\\\/inicio\\\/index.php\\\/2023\\\/02\\\/23\\\/relanzaron-el-programa-de-registracion-de-empleadas-domesticas-y-anunciaron-mas-beneficios-para-el-sector\\\/#breadcrumb\",\"itemListElement\":[{\"@type\":\"ListItem\",\"position\":1,\"name\":\"Portada\",\"item\":\"https:\\\/\\\/diariotextual.com\\\/inicio\\\/\"},{\"@type\":\"ListItem\",\"position\":2,\"name\":\"Relanzaron el programa de registraci\u00f3n de empleadas dom\u00e9sticas\"}]},{\"@type\":\"WebSite\",\"@id\":\"https:\\\/\\\/diariotextual.com\\\/inicio\\\/#website\",\"url\":\"https:\\\/\\\/diariotextual.com\\\/inicio\\\/\",\"name\":\"Diario Textual\",\"description\":\"\",\"publisher\":{\"@id\":\"https:\\\/\\\/diariotextual.com\\\/inicio\\\/#organization\"},\"potentialAction\":[{\"@type\":\"SearchAction\",\"target\":{\"@type\":\"EntryPoint\",\"urlTemplate\":\"https:\\\/\\\/diariotextual.com\\\/inicio\\\/?s={search_term_string}\"},\"query-input\":{\"@type\":\"PropertyValueSpecification\",\"valueRequired\":true,\"valueName\":\"search_term_string\"}}],\"inLanguage\":\"es\"},{\"@type\":\"Organization\",\"@id\":\"https:\\\/\\\/diariotextual.com\\\/inicio\\\/#organization\",\"name\":\"Diario Textual\",\"url\":\"https:\\\/\\\/diariotextual.com\\\/inicio\\\/\",\"logo\":{\"@type\":\"ImageObject\",\"inLanguage\":\"es\",\"@id\":\"https:\\\/\\\/diariotextual.com\\\/inicio\\\/#\\\/schema\\\/logo\\\/image\\\/\",\"url\":\"https:\\\/\\\/diariotextual.com\\\/inicio\\\/wp-content\\\/uploads\\\/2023\\\/05\\\/logotextual1.jpg\",\"contentUrl\":\"https:\\\/\\\/diariotextual.com\\\/inicio\\\/wp-content\\\/uploads\\\/2023\\\/05\\\/logotextual1.jpg\",\"width\":516,\"height\":76,\"caption\":\"Diario Textual\"},\"image\":{\"@id\":\"https:\\\/\\\/diariotextual.com\\\/inicio\\\/#\\\/schema\\\/logo\\\/image\\\/\"},\"sameAs\":[\"https:\\\/\\\/www.facebook.com\\\/eltextual\",\"https:\\\/\\\/x.com\\\/eltextual\",\"http:\\\/\\\/www.instagram.com\\\/eltextual\"]},{\"@type\":\"Person\",\"@id\":\"https:\\\/\\\/diariotextual.com\\\/inicio\\\/#\\\/schema\\\/person\\\/694f60677f23c4a530867a98f22b3768\",\"name\":\"diario2\",\"image\":{\"@type\":\"ImageObject\",\"inLanguage\":\"es\",\"@id\":\"https:\\\/\\\/secure.gravatar.com\\\/avatar\\\/5a2567495ba16b852fcd8f1ed006a2e24fcace936018ed8237e95f488ad6e0a7?s=96&d=mm&r=g\",\"url\":\"https:\\\/\\\/secure.gravatar.com\\\/avatar\\\/5a2567495ba16b852fcd8f1ed006a2e24fcace936018ed8237e95f488ad6e0a7?s=96&d=mm&r=g\",\"contentUrl\":\"https:\\\/\\\/secure.gravatar.com\\\/avatar\\\/5a2567495ba16b852fcd8f1ed006a2e24fcace936018ed8237e95f488ad6e0a7?s=96&d=mm&r=g\",\"caption\":\"diario2\"},\"url\":\"https:\\\/\\\/diariotextual.com\\\/inicio\\\/index.php\\\/author\\\/diario2\\\/\"}]}<\/script>\n<!-- \/ Yoast SEO plugin. -->","yoast_head_json":{"title":"Relanzaron el programa de registraci\u00f3n de empleadas dom\u00e9sticas - Diario Textual","robots":{"index":"index","follow":"follow","max-snippet":"max-snippet:-1","max-image-preview":"max-image-preview:large","max-video-preview":"max-video-preview:-1"},"canonical":"https:\/\/diariotextual.com\/inicio\/index.php\/2023\/02\/23\/relanzaron-el-programa-de-registracion-de-empleadas-domesticas-y-anunciaron-mas-beneficios-para-el-sector\/","og_locale":"es_ES","og_type":"article","og_title":"Relanzaron el programa de registraci\u00f3n de empleadas dom\u00e9sticas - Diario Textual","og_description":"El presidente Alberto Fern\u00e1ndez relanz\u00f3 hoy el programa para incentivar la registraci\u00f3n del personal dom\u00e9stico y firm\u00f3 un DNU que otogar\u00e1 m\u00e1s beneficios para este sector. Lo hizo en un&hellip;","og_url":"https:\/\/diariotextual.com\/inicio\/index.php\/2023\/02\/23\/relanzaron-el-programa-de-registracion-de-empleadas-domesticas-y-anunciaron-mas-beneficios-para-el-sector\/","og_site_name":"Diario Textual","article_publisher":"https:\/\/www.facebook.com\/eltextual","article_published_time":"2023-02-23T22:36:05+00:00","article_modified_time":"2023-02-24T12:45:22+00:00","og_image":[{"width":1004,"height":565,"url":"https:\/\/diariotextual.com\/inicio\/wp-content\/uploads\/2020\/05\/serviciodomesticotelam.jpg","type":"image\/jpeg"}],"author":"diario2","twitter_card":"summary_large_image","twitter_creator":"@eltextual","twitter_site":"@eltextual","twitter_misc":{"Escrito por":"diario2","Tiempo de lectura":"1 minuto"},"schema":{"@context":"https:\/\/schema.org","@graph":[{"@type":"Article","@id":"https:\/\/diariotextual.com\/inicio\/index.php\/2023\/02\/23\/relanzaron-el-programa-de-registracion-de-empleadas-domesticas-y-anunciaron-mas-beneficios-para-el-sector\/#article","isPartOf":{"@id":"https:\/\/diariotextual.com\/inicio\/index.php\/2023\/02\/23\/relanzaron-el-programa-de-registracion-de-empleadas-domesticas-y-anunciaron-mas-beneficios-para-el-sector\/"},"author":{"name":"diario2","@id":"https:\/\/diariotextual.com\/inicio\/#\/schema\/person\/694f60677f23c4a530867a98f22b3768"},"headline":"Relanzaron el programa de registraci\u00f3n de empleadas dom\u00e9sticas","datePublished":"2023-02-23T22:36:05+00:00","dateModified":"2023-02-24T12:45:22+00:00","mainEntityOfPage":{"@id":"https:\/\/diariotextual.com\/inicio\/index.php\/2023\/02\/23\/relanzaron-el-programa-de-registracion-de-empleadas-domesticas-y-anunciaron-mas-beneficios-para-el-sector\/"},"wordCount":139,"publisher":{"@id":"https:\/\/diariotextual.com\/inicio\/#organization"},"image":{"@id":"https:\/\/diariotextual.com\/inicio\/index.php\/2023\/02\/23\/relanzaron-el-programa-de-registracion-de-empleadas-domesticas-y-anunciaron-mas-beneficios-para-el-sector\/#primaryimage"},"thumbnailUrl":"https:\/\/diariotextual.com\/inicio\/wp-content\/uploads\/2020\/05\/serviciodomesticotelam.jpg","articleSection":["A - ES NOTICIA (van abajo)","A - QUE PASA (al costado)","SOCIEDAD"],"inLanguage":"es"},{"@type":"WebPage","@id":"https:\/\/diariotextual.com\/inicio\/index.php\/2023\/02\/23\/relanzaron-el-programa-de-registracion-de-empleadas-domesticas-y-anunciaron-mas-beneficios-para-el-sector\/","url":"https:\/\/diariotextual.com\/inicio\/index.php\/2023\/02\/23\/relanzaron-el-programa-de-registracion-de-empleadas-domesticas-y-anunciaron-mas-beneficios-para-el-sector\/","name":"Relanzaron el programa de registraci\u00f3n de empleadas dom\u00e9sticas - Diario Textual","isPartOf":{"@id":"https:\/\/diariotextual.com\/inicio\/#website"},"primaryImageOfPage":{"@id":"https:\/\/diariotextual.com\/inicio\/index.php\/2023\/02\/23\/relanzaron-el-programa-de-registracion-de-empleadas-domesticas-y-anunciaron-mas-beneficios-para-el-sector\/#primaryimage"},"image":{"@id":"https:\/\/diariotextual.com\/inicio\/index.php\/2023\/02\/23\/relanzaron-el-programa-de-registracion-de-empleadas-domesticas-y-anunciaron-mas-beneficios-para-el-sector\/#primaryimage"},"thumbnailUrl":"https:\/\/diariotextual.com\/inicio\/wp-content\/uploads\/2020\/05\/serviciodomesticotelam.jpg","datePublished":"2023-02-23T22:36:05+00:00","dateModified":"2023-02-24T12:45:22+00:00","breadcrumb":{"@id":"https:\/\/diariotextual.com\/inicio\/index.php\/2023\/02\/23\/relanzaron-el-programa-de-registracion-de-empleadas-domesticas-y-anunciaron-mas-beneficios-para-el-sector\/#breadcrumb"},"inLanguage":"es","potentialAction":[{"@type":"ReadAction","target":["https:\/\/diariotextual.com\/inicio\/index.php\/2023\/02\/23\/relanzaron-el-programa-de-registracion-de-empleadas-domesticas-y-anunciaron-mas-beneficios-para-el-sector\/"]}]},{"@type":"ImageObject","inLanguage":"es","@id":"https:\/\/diariotextual.com\/inicio\/index.php\/2023\/02\/23\/relanzaron-el-programa-de-registracion-de-empleadas-domesticas-y-anunciaron-mas-beneficios-para-el-sector\/#primaryimage","url":"https:\/\/diariotextual.com\/inicio\/wp-content\/uploads\/2020\/05\/serviciodomesticotelam.jpg","contentUrl":"https:\/\/diariotextual.com\/inicio\/wp-content\/uploads\/2020\/05\/serviciodomesticotelam.jpg","width":1004,"height":565},{"@type":"BreadcrumbList","@id":"https:\/\/diariotextual.com\/inicio\/index.php\/2023\/02\/23\/relanzaron-el-programa-de-registracion-de-empleadas-domesticas-y-anunciaron-mas-beneficios-para-el-sector\/#breadcrumb","itemListElement":[{"@type":"ListItem","position":1,"name":"Portada","item":"https:\/\/diariotextual.com\/inicio\/"},{"@type":"ListItem","position":2,"name":"Relanzaron el programa de registraci\u00f3n de empleadas dom\u00e9sticas"}]},{"@type":"WebSite","@id":"https:\/\/diariotextual.com\/inicio\/#website","url":"https:\/\/diariotextual.com\/inicio\/","name":"Diario Textual","description":"","publisher":{"@id":"https:\/\/diariotextual.com\/inicio\/#organization"},"potentialAction":[{"@type":"SearchAction","target":{"@type":"EntryPoint","urlTemplate":"https:\/\/diariotextual.com\/inicio\/?s={search_term_string}"},"query-input":{"@type":"PropertyValueSpecification","valueRequired":true,"valueName":"search_term_string"}}],"inLanguage":"es"},{"@type":"Organization","@id":"https:\/\/diariotextual.com\/inicio\/#organization","name":"Diario Textual","url":"https:\/\/diariotextual.com\/inicio\/","logo":{"@type":"ImageObject","inLanguage":"es","@id":"https:\/\/diariotextual.com\/inicio\/#\/schema\/logo\/image\/","url":"https:\/\/diariotextual.com\/inicio\/wp-content\/uploads\/2023\/05\/logotextual1.jpg","contentUrl":"https:\/\/diariotextual.com\/inicio\/wp-content\/uploads\/2023\/05\/logotextual1.jpg","width":516,"height":76,"caption":"Diario Textual"},"image":{"@id":"https:\/\/diariotextual.com\/inicio\/#\/schema\/logo\/image\/"},"sameAs":["https:\/\/www.facebook.com\/eltextual","https:\/\/x.com\/eltextual","http:\/\/www.instagram.com\/eltextual"]},{"@type":"Person","@id":"https:\/\/diariotextual.com\/inicio\/#\/schema\/person\/694f60677f23c4a530867a98f22b3768","name":"diario2","image":{"@type":"ImageObject","inLanguage":"es","@id":"https:\/\/secure.gravatar.com\/avatar\/5a2567495ba16b852fcd8f1ed006a2e24fcace936018ed8237e95f488ad6e0a7?s=96&d=mm&r=g","url":"https:\/\/secure.gravatar.com\/avatar\/5a2567495ba16b852fcd8f1ed006a2e24fcace936018ed8237e95f488ad6e0a7?s=96&d=mm&r=g","contentUrl":"https:\/\/secure.gravatar.com\/avatar\/5a2567495ba16b852fcd8f1ed006a2e24fcace936018ed8237e95f488ad6e0a7?s=96&d=mm&r=g","caption":"diario2"},"url":"https:\/\/diariotextual.com\/inicio\/index.php\/author\/diario2\/"}]}},"_links":{"self":[{"href":"https:\/\/diariotextual.com\/inicio\/index.php\/wp-json\/wp\/v2\/posts\/216895","targetHints":{"allow":["GET"]}}],"collection":[{"href":"https:\/\/diariotextual.com\/inicio\/index.php\/wp-json\/wp\/v2\/posts"}],"about":[{"href":"https:\/\/diariotextual.com\/inicio\/index.php\/wp-json\/wp\/v2\/types\/post"}],"author":[{"embeddable":true,"href":"https:\/\/diariotextual.com\/inicio\/index.php\/wp-json\/wp\/v2\/users\/4"}],"replies":[{"embeddable":true,"href":"https:\/\/diariotextual.com\/inicio\/index.php\/wp-json\/wp\/v2\/comments?post=216895"}],"version-history":[{"count":2,"href":"https:\/\/diariotextual.com\/inicio\/index.php\/wp-json\/wp\/v2\/posts\/216895\/revisions"}],"predecessor-version":[{"id":216901,"href":"https:\/\/diariotextual.com\/inicio\/index.php\/wp-json\/wp\/v2\/posts\/216895\/revisions\/216901"}],"wp:featuredmedia":[{"embeddable":true,"href":"https:\/\/diariotextual.com\/inicio\/index.php\/wp-json\/wp\/v2\/media\/91963"}],"wp:attachment":[{"href":"https:\/\/diariotextual.com\/inicio\/index.php\/wp-json\/wp\/v2\/media?parent=216895"}],"wp:term":[{"taxonomy":"category","embeddable":true,"href":"https:\/\/diariotextual.com\/inicio\/index.php\/wp-json\/wp\/v2\/categories?post=216895"},{"taxonomy":"post_tag","embeddable":true,"href":"https:\/\/diariotextual.com\/inicio\/index.php\/wp-json\/wp\/v2\/tags?post=216895"}],"curies":[{"name":"wp","href":"https:\/\/api.w.org\/{rel}","templated":true}]}}