{"id":217170,"date":"2023-02-27T08:47:56","date_gmt":"2023-02-27T11:47:56","guid":{"rendered":"https:\/\/diariotextual.com\/inicio\/?p=217170"},"modified":"2023-02-27T21:32:58","modified_gmt":"2023-02-28T00:32:58","slug":"esperan-a-alberto-fernandez-para-la-inauguracion-del-hospital-favaloro","status":"publish","type":"post","link":"https:\/\/diariotextual.com\/inicio\/index.php\/2023\/02\/27\/esperan-a-alberto-fernandez-para-la-inauguracion-del-hospital-favaloro\/","title":{"rendered":"Esperan a Alberto Fern\u00e1ndez para la inauguraci\u00f3n del Hospital Favaloro"},"content":{"rendered":"\n<p>El presidente <strong>Alberto Fern\u00e1ndez <\/strong>va a participar del acto de inauguraci\u00f3n del<strong> Hospital Ren\u00e9 Favaloro,<\/strong> de Santa Rosa, que<strong> se har\u00e1 en la tarde de este martes.<\/strong> Eso, de no mediar inconvenientes de \u00faltimo momento que le impidan viajar a La Pampa. Por lo pronto, dijeron fuentes oficiales a <strong>Diario Textual<\/strong>, se espera que<strong> Casa Rosada lo oficialice a la noche de este lunes cuando de a conocer la agenda presidencial<\/strong>.<\/p>\n\n\n\n<p>El jefe de Estado, en caso de viajar, estar\u00e1 acompa\u00f1ado por la ministra de Salud de la Naci\u00f3n, <strong>Carla Vizzotti<\/strong>, y otros funcionarios nacionales.<\/p>\n\n\n\n<p>El gobernador<strong> Sergio Ziliotto <\/strong>ser\u00e1 el anfitri\u00f3n. Estar\u00e1 junto al ministro de Salud de La Pampa, <strong>Rub\u00e9n Kohan<\/strong>, y el resto del gabinete.<\/p>\n\n\n\n<p>El moderno complejo de 26 mil metros cuadrados se encuentra ubicado en Ra\u00fal B. D\u00edaz y Tupungato, al lado del Hospital Molas.<\/p>\n\n\n\n<p>Cuenta con 250 camas para internaci\u00f3n. Pero, adem\u00e1s, est\u00e1 planificado para que eventualmente pueda ser ampliado.<\/p>\n\n\n\n<p>En cuanto a las camas, un total de 28 corresponder\u00e1n a Terapia Intensiva de adultos, a la cual se suma una unidad de terapia neonatal de 18 camas y 10 de terapia pedi\u00e1trica. Tambi\u00e9n contar\u00e1 con 9 quir\u00f3fanos, sala de hemodinamia y de cirug\u00edas endosc\u00f3picas.<\/p>\n\n\n\n<p>Tiene equipamiento de \u00faltima generaci\u00f3n. El Gobierno nacional envi\u00f3, entre otros, un tom\u00f3grafo, un resonador magn\u00e9tico, un angi\u00f3grafo y equipamiento para el servicio de digitalizaci\u00f3n de diagn\u00f3stico por im\u00e1genes de alta y mediana productividad.<\/p>\n\n\n\n<p>Seg\u00fan dijeron fuentes oficiales a Diario Textual, los primeros servicios en ponerse en marcha en el nuevo centro asistencial de Santa Rosa ser\u00e1n Diagn\u00f3stico por Im\u00e1genes -con tom\u00f3grafo de primera generaci\u00f3n-; Traumatolog\u00eda; Banco de Sangre; Vacunaci\u00f3n; y Anatom\u00eda Patol\u00f3gica.<\/p>\n\n\n\n<p>Progresivamente en nuevas etapas, que podr\u00edan demorar un a\u00f1o, se incorporar\u00e1n m\u00e1s servicios. Finalmente se avanzar\u00e1 con la internaci\u00f3n.<\/p>\n\n\n\n<p>A su vez, en el Hospital Molas -una vez que ya avance el Favaloro con las internaciones- funcionar\u00e1n consultorios externos y otros servicios que actualmente no tienen lugar.<\/p>\n","protected":false},"excerpt":{"rendered":"<p>El presidente Alberto Fern\u00e1ndez va a participar del acto de inauguraci\u00f3n del Hospital Ren\u00e9 Favaloro, de Santa Rosa, que se har\u00e1 en la tarde de este martes. Eso, de no&hellip;<\/p>\n","protected":false},"author":3,"featured_media":205483,"comment_status":"closed","ping_status":"open","sticky":false,"template":"","format":"standard","meta":{"_acf_changed":false,"footnotes":""},"categories":[8],"tags":[],"class_list":["post-217170","post","type-post","status-publish","format-standard","has-post-thumbnail","hentry","category-politica"],"acf":[],"yoast_head":"<!-- This site is optimized with the Yoast SEO plugin v27.5 - https:\/\/yoast.com\/product\/yoast-seo-wordpress\/ -->\n<title>Esperan a Alberto Fern\u00e1ndez para la inauguraci\u00f3n del Hospital Favaloro - Diario Textual<\/title>\n<meta name=\"robots\" content=\"index, follow, max-snippet:-1, max-image-preview:large, max-video-preview:-1\" \/>\n<link rel=\"canonical\" href=\"https:\/\/diariotextual.com\/inicio\/index.php\/2023\/02\/27\/esperan-a-alberto-fernandez-para-la-inauguracion-del-hospital-favaloro\/\" \/>\n<meta property=\"og:locale\" content=\"es_ES\" \/>\n<meta property=\"og:type\" content=\"article\" \/>\n<meta property=\"og:title\" content=\"Esperan a Alberto Fern\u00e1ndez para la inauguraci\u00f3n del Hospital Favaloro - Diario Textual\" \/>\n<meta property=\"og:description\" content=\"El presidente Alberto Fern\u00e1ndez va a participar del acto de inauguraci\u00f3n del Hospital Ren\u00e9 Favaloro, de Santa Rosa, que se har\u00e1 en la tarde de este martes. Eso, de no&hellip;\" \/>\n<meta property=\"og:url\" content=\"https:\/\/diariotextual.com\/inicio\/index.php\/2023\/02\/27\/esperan-a-alberto-fernandez-para-la-inauguracion-del-hospital-favaloro\/\" \/>\n<meta property=\"og:site_name\" content=\"Diario Textual\" \/>\n<meta property=\"article:publisher\" content=\"https:\/\/www.facebook.com\/eltextual\" \/>\n<meta property=\"article:published_time\" content=\"2023-02-27T11:47:56+00:00\" \/>\n<meta property=\"article:modified_time\" content=\"2023-02-28T00:32:58+00:00\" \/>\n<meta property=\"og:image\" content=\"https:\/\/diariotextual.com\/inicio\/wp-content\/uploads\/2022\/10\/fernandezalbertoavion2022-10-scaled.jpg\" \/>\n\t<meta property=\"og:image:width\" content=\"2560\" \/>\n\t<meta property=\"og:image:height\" content=\"1708\" \/>\n\t<meta property=\"og:image:type\" content=\"image\/jpeg\" \/>\n<meta name=\"author\" content=\"Diario1 Diario1\" \/>\n<meta name=\"twitter:card\" content=\"summary_large_image\" \/>\n<meta name=\"twitter:creator\" content=\"@eltextual\" \/>\n<meta name=\"twitter:site\" content=\"@eltextual\" \/>\n<meta name=\"twitter:label1\" content=\"Escrito por\" \/>\n\t<meta name=\"twitter:data1\" content=\"Diario1 Diario1\" \/>\n\t<meta name=\"twitter:label2\" content=\"Tiempo de lectura\" \/>\n\t<meta name=\"twitter:data2\" content=\"2 minutos\" \/>\n<script type=\"application\/ld+json\" class=\"yoast-schema-graph\">{\"@context\":\"https:\\\/\\\/schema.org\",\"@graph\":[{\"@type\":\"Article\",\"@id\":\"https:\\\/\\\/diariotextual.com\\\/inicio\\\/index.php\\\/2023\\\/02\\\/27\\\/esperan-a-alberto-fernandez-para-la-inauguracion-del-hospital-favaloro\\\/#article\",\"isPartOf\":{\"@id\":\"https:\\\/\\\/diariotextual.com\\\/inicio\\\/index.php\\\/2023\\\/02\\\/27\\\/esperan-a-alberto-fernandez-para-la-inauguracion-del-hospital-favaloro\\\/\"},\"author\":{\"name\":\"Diario1 Diario1\",\"@id\":\"https:\\\/\\\/diariotextual.com\\\/inicio\\\/#\\\/schema\\\/person\\\/418fc4093c33e86ed41562db3508f958\"},\"headline\":\"Esperan a Alberto Fern\u00e1ndez para la inauguraci\u00f3n del Hospital Favaloro\",\"datePublished\":\"2023-02-27T11:47:56+00:00\",\"dateModified\":\"2023-02-28T00:32:58+00:00\",\"mainEntityOfPage\":{\"@id\":\"https:\\\/\\\/diariotextual.com\\\/inicio\\\/index.php\\\/2023\\\/02\\\/27\\\/esperan-a-alberto-fernandez-para-la-inauguracion-del-hospital-favaloro\\\/\"},\"wordCount\":366,\"publisher\":{\"@id\":\"https:\\\/\\\/diariotextual.com\\\/inicio\\\/#organization\"},\"image\":{\"@id\":\"https:\\\/\\\/diariotextual.com\\\/inicio\\\/index.php\\\/2023\\\/02\\\/27\\\/esperan-a-alberto-fernandez-para-la-inauguracion-del-hospital-favaloro\\\/#primaryimage\"},\"thumbnailUrl\":\"https:\\\/\\\/diariotextual.com\\\/inicio\\\/wp-content\\\/uploads\\\/2022\\\/10\\\/fernandezalbertoavion2022-10-scaled.jpg\",\"articleSection\":[\"POLITICA\"],\"inLanguage\":\"es\"},{\"@type\":\"WebPage\",\"@id\":\"https:\\\/\\\/diariotextual.com\\\/inicio\\\/index.php\\\/2023\\\/02\\\/27\\\/esperan-a-alberto-fernandez-para-la-inauguracion-del-hospital-favaloro\\\/\",\"url\":\"https:\\\/\\\/diariotextual.com\\\/inicio\\\/index.php\\\/2023\\\/02\\\/27\\\/esperan-a-alberto-fernandez-para-la-inauguracion-del-hospital-favaloro\\\/\",\"name\":\"Esperan a Alberto Fern\u00e1ndez para la inauguraci\u00f3n del Hospital Favaloro - Diario Textual\",\"isPartOf\":{\"@id\":\"https:\\\/\\\/diariotextual.com\\\/inicio\\\/#website\"},\"primaryImageOfPage\":{\"@id\":\"https:\\\/\\\/diariotextual.com\\\/inicio\\\/index.php\\\/2023\\\/02\\\/27\\\/esperan-a-alberto-fernandez-para-la-inauguracion-del-hospital-favaloro\\\/#primaryimage\"},\"image\":{\"@id\":\"https:\\\/\\\/diariotextual.com\\\/inicio\\\/index.php\\\/2023\\\/02\\\/27\\\/esperan-a-alberto-fernandez-para-la-inauguracion-del-hospital-favaloro\\\/#primaryimage\"},\"thumbnailUrl\":\"https:\\\/\\\/diariotextual.com\\\/inicio\\\/wp-content\\\/uploads\\\/2022\\\/10\\\/fernandezalbertoavion2022-10-scaled.jpg\",\"datePublished\":\"2023-02-27T11:47:56+00:00\",\"dateModified\":\"2023-02-28T00:32:58+00:00\",\"breadcrumb\":{\"@id\":\"https:\\\/\\\/diariotextual.com\\\/inicio\\\/index.php\\\/2023\\\/02\\\/27\\\/esperan-a-alberto-fernandez-para-la-inauguracion-del-hospital-favaloro\\\/#breadcrumb\"},\"inLanguage\":\"es\",\"potentialAction\":[{\"@type\":\"ReadAction\",\"target\":[\"https:\\\/\\\/diariotextual.com\\\/inicio\\\/index.php\\\/2023\\\/02\\\/27\\\/esperan-a-alberto-fernandez-para-la-inauguracion-del-hospital-favaloro\\\/\"]}]},{\"@type\":\"ImageObject\",\"inLanguage\":\"es\",\"@id\":\"https:\\\/\\\/diariotextual.com\\\/inicio\\\/index.php\\\/2023\\\/02\\\/27\\\/esperan-a-alberto-fernandez-para-la-inauguracion-del-hospital-favaloro\\\/#primaryimage\",\"url\":\"https:\\\/\\\/diariotextual.com\\\/inicio\\\/wp-content\\\/uploads\\\/2022\\\/10\\\/fernandezalbertoavion2022-10-scaled.jpg\",\"contentUrl\":\"https:\\\/\\\/diariotextual.com\\\/inicio\\\/wp-content\\\/uploads\\\/2022\\\/10\\\/fernandezalbertoavion2022-10-scaled.jpg\",\"width\":2560,\"height\":1708},{\"@type\":\"BreadcrumbList\",\"@id\":\"https:\\\/\\\/diariotextual.com\\\/inicio\\\/index.php\\\/2023\\\/02\\\/27\\\/esperan-a-alberto-fernandez-para-la-inauguracion-del-hospital-favaloro\\\/#breadcrumb\",\"itemListElement\":[{\"@type\":\"ListItem\",\"position\":1,\"name\":\"Portada\",\"item\":\"https:\\\/\\\/diariotextual.com\\\/inicio\\\/\"},{\"@type\":\"ListItem\",\"position\":2,\"name\":\"Esperan a Alberto Fern\u00e1ndez para la inauguraci\u00f3n del Hospital Favaloro\"}]},{\"@type\":\"WebSite\",\"@id\":\"https:\\\/\\\/diariotextual.com\\\/inicio\\\/#website\",\"url\":\"https:\\\/\\\/diariotextual.com\\\/inicio\\\/\",\"name\":\"Diario Textual\",\"description\":\"\",\"publisher\":{\"@id\":\"https:\\\/\\\/diariotextual.com\\\/inicio\\\/#organization\"},\"potentialAction\":[{\"@type\":\"SearchAction\",\"target\":{\"@type\":\"EntryPoint\",\"urlTemplate\":\"https:\\\/\\\/diariotextual.com\\\/inicio\\\/?s={search_term_string}\"},\"query-input\":{\"@type\":\"PropertyValueSpecification\",\"valueRequired\":true,\"valueName\":\"search_term_string\"}}],\"inLanguage\":\"es\"},{\"@type\":\"Organization\",\"@id\":\"https:\\\/\\\/diariotextual.com\\\/inicio\\\/#organization\",\"name\":\"Diario Textual\",\"url\":\"https:\\\/\\\/diariotextual.com\\\/inicio\\\/\",\"logo\":{\"@type\":\"ImageObject\",\"inLanguage\":\"es\",\"@id\":\"https:\\\/\\\/diariotextual.com\\\/inicio\\\/#\\\/schema\\\/logo\\\/image\\\/\",\"url\":\"https:\\\/\\\/diariotextual.com\\\/inicio\\\/wp-content\\\/uploads\\\/2023\\\/05\\\/logotextual1.jpg\",\"contentUrl\":\"https:\\\/\\\/diariotextual.com\\\/inicio\\\/wp-content\\\/uploads\\\/2023\\\/05\\\/logotextual1.jpg\",\"width\":516,\"height\":76,\"caption\":\"Diario Textual\"},\"image\":{\"@id\":\"https:\\\/\\\/diariotextual.com\\\/inicio\\\/#\\\/schema\\\/logo\\\/image\\\/\"},\"sameAs\":[\"https:\\\/\\\/www.facebook.com\\\/eltextual\",\"https:\\\/\\\/x.com\\\/eltextual\",\"http:\\\/\\\/www.instagram.com\\\/eltextual\"]},{\"@type\":\"Person\",\"@id\":\"https:\\\/\\\/diariotextual.com\\\/inicio\\\/#\\\/schema\\\/person\\\/418fc4093c33e86ed41562db3508f958\",\"name\":\"Diario1 Diario1\",\"image\":{\"@type\":\"ImageObject\",\"inLanguage\":\"es\",\"@id\":\"https:\\\/\\\/secure.gravatar.com\\\/avatar\\\/9167d280179c85bc18be67aa7eda765854300033af4896dd779b608640f2ef7a?s=96&d=mm&r=g\",\"url\":\"https:\\\/\\\/secure.gravatar.com\\\/avatar\\\/9167d280179c85bc18be67aa7eda765854300033af4896dd779b608640f2ef7a?s=96&d=mm&r=g\",\"contentUrl\":\"https:\\\/\\\/secure.gravatar.com\\\/avatar\\\/9167d280179c85bc18be67aa7eda765854300033af4896dd779b608640f2ef7a?s=96&d=mm&r=g\",\"caption\":\"Diario1 Diario1\"},\"url\":\"https:\\\/\\\/diariotextual.com\\\/inicio\\\/index.php\\\/author\\\/diario1\\\/\"}]}<\/script>\n<!-- \/ Yoast SEO plugin. -->","yoast_head_json":{"title":"Esperan a Alberto Fern\u00e1ndez para la inauguraci\u00f3n del Hospital Favaloro - Diario Textual","robots":{"index":"index","follow":"follow","max-snippet":"max-snippet:-1","max-image-preview":"max-image-preview:large","max-video-preview":"max-video-preview:-1"},"canonical":"https:\/\/diariotextual.com\/inicio\/index.php\/2023\/02\/27\/esperan-a-alberto-fernandez-para-la-inauguracion-del-hospital-favaloro\/","og_locale":"es_ES","og_type":"article","og_title":"Esperan a Alberto Fern\u00e1ndez para la inauguraci\u00f3n del Hospital Favaloro - Diario Textual","og_description":"El presidente Alberto Fern\u00e1ndez va a participar del acto de inauguraci\u00f3n del Hospital Ren\u00e9 Favaloro, de Santa Rosa, que se har\u00e1 en la tarde de este martes. Eso, de no&hellip;","og_url":"https:\/\/diariotextual.com\/inicio\/index.php\/2023\/02\/27\/esperan-a-alberto-fernandez-para-la-inauguracion-del-hospital-favaloro\/","og_site_name":"Diario Textual","article_publisher":"https:\/\/www.facebook.com\/eltextual","article_published_time":"2023-02-27T11:47:56+00:00","article_modified_time":"2023-02-28T00:32:58+00:00","og_image":[{"width":2560,"height":1708,"url":"https:\/\/diariotextual.com\/inicio\/wp-content\/uploads\/2022\/10\/fernandezalbertoavion2022-10-scaled.jpg","type":"image\/jpeg"}],"author":"Diario1 Diario1","twitter_card":"summary_large_image","twitter_creator":"@eltextual","twitter_site":"@eltextual","twitter_misc":{"Escrito por":"Diario1 Diario1","Tiempo de lectura":"2 minutos"},"schema":{"@context":"https:\/\/schema.org","@graph":[{"@type":"Article","@id":"https:\/\/diariotextual.com\/inicio\/index.php\/2023\/02\/27\/esperan-a-alberto-fernandez-para-la-inauguracion-del-hospital-favaloro\/#article","isPartOf":{"@id":"https:\/\/diariotextual.com\/inicio\/index.php\/2023\/02\/27\/esperan-a-alberto-fernandez-para-la-inauguracion-del-hospital-favaloro\/"},"author":{"name":"Diario1 Diario1","@id":"https:\/\/diariotextual.com\/inicio\/#\/schema\/person\/418fc4093c33e86ed41562db3508f958"},"headline":"Esperan a Alberto Fern\u00e1ndez para la inauguraci\u00f3n del Hospital Favaloro","datePublished":"2023-02-27T11:47:56+00:00","dateModified":"2023-02-28T00:32:58+00:00","mainEntityOfPage":{"@id":"https:\/\/diariotextual.com\/inicio\/index.php\/2023\/02\/27\/esperan-a-alberto-fernandez-para-la-inauguracion-del-hospital-favaloro\/"},"wordCount":366,"publisher":{"@id":"https:\/\/diariotextual.com\/inicio\/#organization"},"image":{"@id":"https:\/\/diariotextual.com\/inicio\/index.php\/2023\/02\/27\/esperan-a-alberto-fernandez-para-la-inauguracion-del-hospital-favaloro\/#primaryimage"},"thumbnailUrl":"https:\/\/diariotextual.com\/inicio\/wp-content\/uploads\/2022\/10\/fernandezalbertoavion2022-10-scaled.jpg","articleSection":["POLITICA"],"inLanguage":"es"},{"@type":"WebPage","@id":"https:\/\/diariotextual.com\/inicio\/index.php\/2023\/02\/27\/esperan-a-alberto-fernandez-para-la-inauguracion-del-hospital-favaloro\/","url":"https:\/\/diariotextual.com\/inicio\/index.php\/2023\/02\/27\/esperan-a-alberto-fernandez-para-la-inauguracion-del-hospital-favaloro\/","name":"Esperan a Alberto Fern\u00e1ndez para la inauguraci\u00f3n del Hospital Favaloro - Diario Textual","isPartOf":{"@id":"https:\/\/diariotextual.com\/inicio\/#website"},"primaryImageOfPage":{"@id":"https:\/\/diariotextual.com\/inicio\/index.php\/2023\/02\/27\/esperan-a-alberto-fernandez-para-la-inauguracion-del-hospital-favaloro\/#primaryimage"},"image":{"@id":"https:\/\/diariotextual.com\/inicio\/index.php\/2023\/02\/27\/esperan-a-alberto-fernandez-para-la-inauguracion-del-hospital-favaloro\/#primaryimage"},"thumbnailUrl":"https:\/\/diariotextual.com\/inicio\/wp-content\/uploads\/2022\/10\/fernandezalbertoavion2022-10-scaled.jpg","datePublished":"2023-02-27T11:47:56+00:00","dateModified":"2023-02-28T00:32:58+00:00","breadcrumb":{"@id":"https:\/\/diariotextual.com\/inicio\/index.php\/2023\/02\/27\/esperan-a-alberto-fernandez-para-la-inauguracion-del-hospital-favaloro\/#breadcrumb"},"inLanguage":"es","potentialAction":[{"@type":"ReadAction","target":["https:\/\/diariotextual.com\/inicio\/index.php\/2023\/02\/27\/esperan-a-alberto-fernandez-para-la-inauguracion-del-hospital-favaloro\/"]}]},{"@type":"ImageObject","inLanguage":"es","@id":"https:\/\/diariotextual.com\/inicio\/index.php\/2023\/02\/27\/esperan-a-alberto-fernandez-para-la-inauguracion-del-hospital-favaloro\/#primaryimage","url":"https:\/\/diariotextual.com\/inicio\/wp-content\/uploads\/2022\/10\/fernandezalbertoavion2022-10-scaled.jpg","contentUrl":"https:\/\/diariotextual.com\/inicio\/wp-content\/uploads\/2022\/10\/fernandezalbertoavion2022-10-scaled.jpg","width":2560,"height":1708},{"@type":"BreadcrumbList","@id":"https:\/\/diariotextual.com\/inicio\/index.php\/2023\/02\/27\/esperan-a-alberto-fernandez-para-la-inauguracion-del-hospital-favaloro\/#breadcrumb","itemListElement":[{"@type":"ListItem","position":1,"name":"Portada","item":"https:\/\/diariotextual.com\/inicio\/"},{"@type":"ListItem","position":2,"name":"Esperan a Alberto Fern\u00e1ndez para la inauguraci\u00f3n del Hospital Favaloro"}]},{"@type":"WebSite","@id":"https:\/\/diariotextual.com\/inicio\/#website","url":"https:\/\/diariotextual.com\/inicio\/","name":"Diario Textual","description":"","publisher":{"@id":"https:\/\/diariotextual.com\/inicio\/#organization"},"potentialAction":[{"@type":"SearchAction","target":{"@type":"EntryPoint","urlTemplate":"https:\/\/diariotextual.com\/inicio\/?s={search_term_string}"},"query-input":{"@type":"PropertyValueSpecification","valueRequired":true,"valueName":"search_term_string"}}],"inLanguage":"es"},{"@type":"Organization","@id":"https:\/\/diariotextual.com\/inicio\/#organization","name":"Diario Textual","url":"https:\/\/diariotextual.com\/inicio\/","logo":{"@type":"ImageObject","inLanguage":"es","@id":"https:\/\/diariotextual.com\/inicio\/#\/schema\/logo\/image\/","url":"https:\/\/diariotextual.com\/inicio\/wp-content\/uploads\/2023\/05\/logotextual1.jpg","contentUrl":"https:\/\/diariotextual.com\/inicio\/wp-content\/uploads\/2023\/05\/logotextual1.jpg","width":516,"height":76,"caption":"Diario Textual"},"image":{"@id":"https:\/\/diariotextual.com\/inicio\/#\/schema\/logo\/image\/"},"sameAs":["https:\/\/www.facebook.com\/eltextual","https:\/\/x.com\/eltextual","http:\/\/www.instagram.com\/eltextual"]},{"@type":"Person","@id":"https:\/\/diariotextual.com\/inicio\/#\/schema\/person\/418fc4093c33e86ed41562db3508f958","name":"Diario1 Diario1","image":{"@type":"ImageObject","inLanguage":"es","@id":"https:\/\/secure.gravatar.com\/avatar\/9167d280179c85bc18be67aa7eda765854300033af4896dd779b608640f2ef7a?s=96&d=mm&r=g","url":"https:\/\/secure.gravatar.com\/avatar\/9167d280179c85bc18be67aa7eda765854300033af4896dd779b608640f2ef7a?s=96&d=mm&r=g","contentUrl":"https:\/\/secure.gravatar.com\/avatar\/9167d280179c85bc18be67aa7eda765854300033af4896dd779b608640f2ef7a?s=96&d=mm&r=g","caption":"Diario1 Diario1"},"url":"https:\/\/diariotextual.com\/inicio\/index.php\/author\/diario1\/"}]}},"_links":{"self":[{"href":"https:\/\/diariotextual.com\/inicio\/index.php\/wp-json\/wp\/v2\/posts\/217170","targetHints":{"allow":["GET"]}}],"collection":[{"href":"https:\/\/diariotextual.com\/inicio\/index.php\/wp-json\/wp\/v2\/posts"}],"about":[{"href":"https:\/\/diariotextual.com\/inicio\/index.php\/wp-json\/wp\/v2\/types\/post"}],"author":[{"embeddable":true,"href":"https:\/\/diariotextual.com\/inicio\/index.php\/wp-json\/wp\/v2\/users\/3"}],"replies":[{"embeddable":true,"href":"https:\/\/diariotextual.com\/inicio\/index.php\/wp-json\/wp\/v2\/comments?post=217170"}],"version-history":[{"count":2,"href":"https:\/\/diariotextual.com\/inicio\/index.php\/wp-json\/wp\/v2\/posts\/217170\/revisions"}],"predecessor-version":[{"id":217174,"href":"https:\/\/diariotextual.com\/inicio\/index.php\/wp-json\/wp\/v2\/posts\/217170\/revisions\/217174"}],"wp:featuredmedia":[{"embeddable":true,"href":"https:\/\/diariotextual.com\/inicio\/index.php\/wp-json\/wp\/v2\/media\/205483"}],"wp:attachment":[{"href":"https:\/\/diariotextual.com\/inicio\/index.php\/wp-json\/wp\/v2\/media?parent=217170"}],"wp:term":[{"taxonomy":"category","embeddable":true,"href":"https:\/\/diariotextual.com\/inicio\/index.php\/wp-json\/wp\/v2\/categories?post=217170"},{"taxonomy":"post_tag","embeddable":true,"href":"https:\/\/diariotextual.com\/inicio\/index.php\/wp-json\/wp\/v2\/tags?post=217170"}],"curies":[{"name":"wp","href":"https:\/\/api.w.org\/{rel}","templated":true}]}}