{"id":217226,"date":"2023-02-27T14:41:56","date_gmt":"2023-02-27T17:41:56","guid":{"rendered":"https:\/\/diariotextual.com\/inicio\/?p=217226"},"modified":"2023-02-27T19:01:42","modified_gmt":"2023-02-27T22:01:42","slug":"alberto-fernandez-nunca-mas-puede-morirse-un-favaloro-porque-el-estado-lo-abandono","status":"publish","type":"post","link":"https:\/\/diariotextual.com\/inicio\/index.php\/2023\/02\/27\/alberto-fernandez-nunca-mas-puede-morirse-un-favaloro-porque-el-estado-lo-abandono\/","title":{"rendered":"Alberto Fern\u00e1ndez: \u201cNunca m\u00e1s puede morirse un Favaloro porque el Estado lo abandon\u00f3\u201d"},"content":{"rendered":"\n<p>El presidente Alberto Fern\u00e1ndez advirti\u00f3 hoy que \u201cnunca m\u00e1s puede morirse\u201d un m\u00e9dico como el cardi\u00f3logo Ren\u00e9 Favaloro \u201cporque el Estado lo abandon\u00f3, y llam\u00f3 a los estudiantes a \u201ctomarlo como ejemplo\u201d.<\/p>\n\n\n\n<p>Al inaugurar el ciclo lectivo 2023 en Basail, provincia de Chaco, el mandatario resalt\u00f3 que ese hombre, a quien pudo conocer y quien se suicid\u00f3 el 29 de julio de 2000, \u201cestudi\u00f3 en una escuela p\u00fablica y se gradu\u00f3 en la universidad p\u00fablica\u201d.<\/p>\n\n\n\n<p>El presidente&nbsp;va a participar del acto de inauguraci\u00f3n del<strong>&nbsp;Hospital Ren\u00e9 Favaloro,<\/strong>&nbsp;de Santa Rosa, que<strong>&nbsp;se har\u00e1 en la tarde de este martes.<\/strong>&nbsp;Eso, de no mediar inconvenientes de \u00faltimo momento que le impidan viajar a La Pampa. Por lo pronto, dijeron fuentes oficiales a&nbsp;<strong>Diario Textual<\/strong>, se espera que<strong>&nbsp;Casa Rosada lo oficialice a la noche de este lunes cuando de a conocer la agenda presidencial<\/strong>.<\/p>\n\n\n\n<p>El jefe de Estado, en caso de viajar, estar\u00e1 acompa\u00f1ado por la ministra de Salud de la Naci\u00f3n,&nbsp;<strong>Carla Vizzotti<\/strong>, y otros funcionarios nacionales.<\/p>\n\n\n\n<figure class=\"wp-block-embed is-type-wp-embed is-provider-diario-textual wp-block-embed-diario-textual\"><div class=\"wp-block-embed__wrapper\">\n<blockquote class=\"wp-embedded-content\" data-secret=\"lwoqtMLOK2\"><a href=\"https:\/\/diariotextual.com\/inicio\/index.php\/2023\/02\/27\/esperan-a-alberto-fernandez-para-la-inauguracion-del-hospital-favaloro\/\">Esperan a Alberto Fern\u00e1ndez para la inauguraci\u00f3n del Hospital Favaloro<\/a><\/blockquote><iframe class=\"wp-embedded-content\" sandbox=\"allow-scripts\" security=\"restricted\" style=\"position: absolute; clip: rect(1px, 1px, 1px, 1px);\" title=\"\u00abEsperan a Alberto Fern\u00e1ndez para la inauguraci\u00f3n del Hospital Favaloro\u00bb \u2014 Diario Textual\" src=\"https:\/\/diariotextual.com\/inicio\/index.php\/2023\/02\/27\/esperan-a-alberto-fernandez-para-la-inauguracion-del-hospital-favaloro\/embed\/#?secret=Am26tIMkZy#?secret=lwoqtMLOK2\" data-secret=\"lwoqtMLOK2\" width=\"600\" height=\"338\" frameborder=\"0\" marginwidth=\"0\" marginheight=\"0\" scrolling=\"no\"><\/iframe>\n<\/div><\/figure>\n","protected":false},"excerpt":{"rendered":"<p>El presidente Alberto Fern\u00e1ndez advirti\u00f3 hoy que \u201cnunca m\u00e1s puede morirse\u201d un m\u00e9dico como el cardi\u00f3logo Ren\u00e9 Favaloro \u201cporque el Estado lo abandon\u00f3, y llam\u00f3 a los estudiantes a \u201ctomarlo&hellip;<\/p>\n","protected":false},"author":4,"featured_media":213798,"comment_status":"closed","ping_status":"open","sticky":false,"template":"","format":"standard","meta":{"_acf_changed":false,"footnotes":""},"categories":[1,8],"tags":[],"class_list":["post-217226","post","type-post","status-publish","format-standard","has-post-thumbnail","hentry","category-es-noticia","category-politica"],"acf":[],"yoast_head":"<!-- This site is optimized with the Yoast SEO plugin v27.5 - https:\/\/yoast.com\/product\/yoast-seo-wordpress\/ -->\n<title>Alberto Fern\u00e1ndez: \u201cNunca m\u00e1s puede morirse un Favaloro porque el Estado lo abandon\u00f3\u201d - Diario Textual<\/title>\n<meta name=\"robots\" content=\"index, follow, max-snippet:-1, max-image-preview:large, max-video-preview:-1\" \/>\n<link rel=\"canonical\" href=\"https:\/\/diariotextual.com\/inicio\/index.php\/2023\/02\/27\/alberto-fernandez-nunca-mas-puede-morirse-un-favaloro-porque-el-estado-lo-abandono\/\" \/>\n<meta property=\"og:locale\" content=\"es_ES\" \/>\n<meta property=\"og:type\" content=\"article\" \/>\n<meta property=\"og:title\" content=\"Alberto Fern\u00e1ndez: \u201cNunca m\u00e1s puede morirse un Favaloro porque el Estado lo abandon\u00f3\u201d - Diario Textual\" \/>\n<meta property=\"og:description\" content=\"El presidente Alberto Fern\u00e1ndez advirti\u00f3 hoy que \u201cnunca m\u00e1s puede morirse\u201d un m\u00e9dico como el cardi\u00f3logo Ren\u00e9 Favaloro \u201cporque el Estado lo abandon\u00f3, y llam\u00f3 a los estudiantes a \u201ctomarlo&hellip;\" \/>\n<meta property=\"og:url\" content=\"https:\/\/diariotextual.com\/inicio\/index.php\/2023\/02\/27\/alberto-fernandez-nunca-mas-puede-morirse-un-favaloro-porque-el-estado-lo-abandono\/\" \/>\n<meta property=\"og:site_name\" content=\"Diario Textual\" \/>\n<meta property=\"article:publisher\" content=\"https:\/\/www.facebook.com\/eltextual\" \/>\n<meta property=\"article:published_time\" content=\"2023-02-27T17:41:56+00:00\" \/>\n<meta property=\"article:modified_time\" content=\"2023-02-27T22:01:42+00:00\" \/>\n<meta property=\"og:image\" content=\"https:\/\/diariotextual.com\/inicio\/wp-content\/uploads\/2023\/01\/fernandezalberto2023-1.jpg\" \/>\n\t<meta property=\"og:image:width\" content=\"848\" \/>\n\t<meta property=\"og:image:height\" content=\"477\" \/>\n\t<meta property=\"og:image:type\" content=\"image\/jpeg\" \/>\n<meta name=\"author\" content=\"diario2\" \/>\n<meta name=\"twitter:card\" content=\"summary_large_image\" \/>\n<meta name=\"twitter:creator\" content=\"@eltextual\" \/>\n<meta name=\"twitter:site\" content=\"@eltextual\" \/>\n<meta name=\"twitter:label1\" content=\"Escrito por\" \/>\n\t<meta name=\"twitter:data1\" content=\"diario2\" \/>\n\t<meta name=\"twitter:label2\" content=\"Tiempo de lectura\" \/>\n\t<meta name=\"twitter:data2\" content=\"1 minuto\" \/>\n<script type=\"application\/ld+json\" class=\"yoast-schema-graph\">{\"@context\":\"https:\\\/\\\/schema.org\",\"@graph\":[{\"@type\":\"Article\",\"@id\":\"https:\\\/\\\/diariotextual.com\\\/inicio\\\/index.php\\\/2023\\\/02\\\/27\\\/alberto-fernandez-nunca-mas-puede-morirse-un-favaloro-porque-el-estado-lo-abandono\\\/#article\",\"isPartOf\":{\"@id\":\"https:\\\/\\\/diariotextual.com\\\/inicio\\\/index.php\\\/2023\\\/02\\\/27\\\/alberto-fernandez-nunca-mas-puede-morirse-un-favaloro-porque-el-estado-lo-abandono\\\/\"},\"author\":{\"name\":\"diario2\",\"@id\":\"https:\\\/\\\/diariotextual.com\\\/inicio\\\/#\\\/schema\\\/person\\\/694f60677f23c4a530867a98f22b3768\"},\"headline\":\"Alberto Fern\u00e1ndez: \u201cNunca m\u00e1s puede morirse un Favaloro porque el Estado lo abandon\u00f3\u201d\",\"datePublished\":\"2023-02-27T17:41:56+00:00\",\"dateModified\":\"2023-02-27T22:01:42+00:00\",\"mainEntityOfPage\":{\"@id\":\"https:\\\/\\\/diariotextual.com\\\/inicio\\\/index.php\\\/2023\\\/02\\\/27\\\/alberto-fernandez-nunca-mas-puede-morirse-un-favaloro-porque-el-estado-lo-abandono\\\/\"},\"wordCount\":204,\"publisher\":{\"@id\":\"https:\\\/\\\/diariotextual.com\\\/inicio\\\/#organization\"},\"image\":{\"@id\":\"https:\\\/\\\/diariotextual.com\\\/inicio\\\/index.php\\\/2023\\\/02\\\/27\\\/alberto-fernandez-nunca-mas-puede-morirse-un-favaloro-porque-el-estado-lo-abandono\\\/#primaryimage\"},\"thumbnailUrl\":\"https:\\\/\\\/diariotextual.com\\\/inicio\\\/wp-content\\\/uploads\\\/2023\\\/01\\\/fernandezalberto2023-1.jpg\",\"articleSection\":[\"A - ES NOTICIA (van abajo)\",\"POLITICA\"],\"inLanguage\":\"es\"},{\"@type\":\"WebPage\",\"@id\":\"https:\\\/\\\/diariotextual.com\\\/inicio\\\/index.php\\\/2023\\\/02\\\/27\\\/alberto-fernandez-nunca-mas-puede-morirse-un-favaloro-porque-el-estado-lo-abandono\\\/\",\"url\":\"https:\\\/\\\/diariotextual.com\\\/inicio\\\/index.php\\\/2023\\\/02\\\/27\\\/alberto-fernandez-nunca-mas-puede-morirse-un-favaloro-porque-el-estado-lo-abandono\\\/\",\"name\":\"Alberto Fern\u00e1ndez: \u201cNunca m\u00e1s puede morirse un Favaloro porque el Estado lo abandon\u00f3\u201d - Diario Textual\",\"isPartOf\":{\"@id\":\"https:\\\/\\\/diariotextual.com\\\/inicio\\\/#website\"},\"primaryImageOfPage\":{\"@id\":\"https:\\\/\\\/diariotextual.com\\\/inicio\\\/index.php\\\/2023\\\/02\\\/27\\\/alberto-fernandez-nunca-mas-puede-morirse-un-favaloro-porque-el-estado-lo-abandono\\\/#primaryimage\"},\"image\":{\"@id\":\"https:\\\/\\\/diariotextual.com\\\/inicio\\\/index.php\\\/2023\\\/02\\\/27\\\/alberto-fernandez-nunca-mas-puede-morirse-un-favaloro-porque-el-estado-lo-abandono\\\/#primaryimage\"},\"thumbnailUrl\":\"https:\\\/\\\/diariotextual.com\\\/inicio\\\/wp-content\\\/uploads\\\/2023\\\/01\\\/fernandezalberto2023-1.jpg\",\"datePublished\":\"2023-02-27T17:41:56+00:00\",\"dateModified\":\"2023-02-27T22:01:42+00:00\",\"breadcrumb\":{\"@id\":\"https:\\\/\\\/diariotextual.com\\\/inicio\\\/index.php\\\/2023\\\/02\\\/27\\\/alberto-fernandez-nunca-mas-puede-morirse-un-favaloro-porque-el-estado-lo-abandono\\\/#breadcrumb\"},\"inLanguage\":\"es\",\"potentialAction\":[{\"@type\":\"ReadAction\",\"target\":[\"https:\\\/\\\/diariotextual.com\\\/inicio\\\/index.php\\\/2023\\\/02\\\/27\\\/alberto-fernandez-nunca-mas-puede-morirse-un-favaloro-porque-el-estado-lo-abandono\\\/\"]}]},{\"@type\":\"ImageObject\",\"inLanguage\":\"es\",\"@id\":\"https:\\\/\\\/diariotextual.com\\\/inicio\\\/index.php\\\/2023\\\/02\\\/27\\\/alberto-fernandez-nunca-mas-puede-morirse-un-favaloro-porque-el-estado-lo-abandono\\\/#primaryimage\",\"url\":\"https:\\\/\\\/diariotextual.com\\\/inicio\\\/wp-content\\\/uploads\\\/2023\\\/01\\\/fernandezalberto2023-1.jpg\",\"contentUrl\":\"https:\\\/\\\/diariotextual.com\\\/inicio\\\/wp-content\\\/uploads\\\/2023\\\/01\\\/fernandezalberto2023-1.jpg\",\"width\":848,\"height\":477},{\"@type\":\"BreadcrumbList\",\"@id\":\"https:\\\/\\\/diariotextual.com\\\/inicio\\\/index.php\\\/2023\\\/02\\\/27\\\/alberto-fernandez-nunca-mas-puede-morirse-un-favaloro-porque-el-estado-lo-abandono\\\/#breadcrumb\",\"itemListElement\":[{\"@type\":\"ListItem\",\"position\":1,\"name\":\"Portada\",\"item\":\"https:\\\/\\\/diariotextual.com\\\/inicio\\\/\"},{\"@type\":\"ListItem\",\"position\":2,\"name\":\"Alberto Fern\u00e1ndez: \u201cNunca m\u00e1s puede morirse un Favaloro porque el Estado lo abandon\u00f3\u201d\"}]},{\"@type\":\"WebSite\",\"@id\":\"https:\\\/\\\/diariotextual.com\\\/inicio\\\/#website\",\"url\":\"https:\\\/\\\/diariotextual.com\\\/inicio\\\/\",\"name\":\"Diario Textual\",\"description\":\"\",\"publisher\":{\"@id\":\"https:\\\/\\\/diariotextual.com\\\/inicio\\\/#organization\"},\"potentialAction\":[{\"@type\":\"SearchAction\",\"target\":{\"@type\":\"EntryPoint\",\"urlTemplate\":\"https:\\\/\\\/diariotextual.com\\\/inicio\\\/?s={search_term_string}\"},\"query-input\":{\"@type\":\"PropertyValueSpecification\",\"valueRequired\":true,\"valueName\":\"search_term_string\"}}],\"inLanguage\":\"es\"},{\"@type\":\"Organization\",\"@id\":\"https:\\\/\\\/diariotextual.com\\\/inicio\\\/#organization\",\"name\":\"Diario Textual\",\"url\":\"https:\\\/\\\/diariotextual.com\\\/inicio\\\/\",\"logo\":{\"@type\":\"ImageObject\",\"inLanguage\":\"es\",\"@id\":\"https:\\\/\\\/diariotextual.com\\\/inicio\\\/#\\\/schema\\\/logo\\\/image\\\/\",\"url\":\"https:\\\/\\\/diariotextual.com\\\/inicio\\\/wp-content\\\/uploads\\\/2023\\\/05\\\/logotextual1.jpg\",\"contentUrl\":\"https:\\\/\\\/diariotextual.com\\\/inicio\\\/wp-content\\\/uploads\\\/2023\\\/05\\\/logotextual1.jpg\",\"width\":516,\"height\":76,\"caption\":\"Diario Textual\"},\"image\":{\"@id\":\"https:\\\/\\\/diariotextual.com\\\/inicio\\\/#\\\/schema\\\/logo\\\/image\\\/\"},\"sameAs\":[\"https:\\\/\\\/www.facebook.com\\\/eltextual\",\"https:\\\/\\\/x.com\\\/eltextual\",\"http:\\\/\\\/www.instagram.com\\\/eltextual\"]},{\"@type\":\"Person\",\"@id\":\"https:\\\/\\\/diariotextual.com\\\/inicio\\\/#\\\/schema\\\/person\\\/694f60677f23c4a530867a98f22b3768\",\"name\":\"diario2\",\"image\":{\"@type\":\"ImageObject\",\"inLanguage\":\"es\",\"@id\":\"https:\\\/\\\/secure.gravatar.com\\\/avatar\\\/5a2567495ba16b852fcd8f1ed006a2e24fcace936018ed8237e95f488ad6e0a7?s=96&d=mm&r=g\",\"url\":\"https:\\\/\\\/secure.gravatar.com\\\/avatar\\\/5a2567495ba16b852fcd8f1ed006a2e24fcace936018ed8237e95f488ad6e0a7?s=96&d=mm&r=g\",\"contentUrl\":\"https:\\\/\\\/secure.gravatar.com\\\/avatar\\\/5a2567495ba16b852fcd8f1ed006a2e24fcace936018ed8237e95f488ad6e0a7?s=96&d=mm&r=g\",\"caption\":\"diario2\"},\"url\":\"https:\\\/\\\/diariotextual.com\\\/inicio\\\/index.php\\\/author\\\/diario2\\\/\"}]}<\/script>\n<!-- \/ Yoast SEO plugin. -->","yoast_head_json":{"title":"Alberto Fern\u00e1ndez: \u201cNunca m\u00e1s puede morirse un Favaloro porque el Estado lo abandon\u00f3\u201d - Diario Textual","robots":{"index":"index","follow":"follow","max-snippet":"max-snippet:-1","max-image-preview":"max-image-preview:large","max-video-preview":"max-video-preview:-1"},"canonical":"https:\/\/diariotextual.com\/inicio\/index.php\/2023\/02\/27\/alberto-fernandez-nunca-mas-puede-morirse-un-favaloro-porque-el-estado-lo-abandono\/","og_locale":"es_ES","og_type":"article","og_title":"Alberto Fern\u00e1ndez: \u201cNunca m\u00e1s puede morirse un Favaloro porque el Estado lo abandon\u00f3\u201d - Diario Textual","og_description":"El presidente Alberto Fern\u00e1ndez advirti\u00f3 hoy que \u201cnunca m\u00e1s puede morirse\u201d un m\u00e9dico como el cardi\u00f3logo Ren\u00e9 Favaloro \u201cporque el Estado lo abandon\u00f3, y llam\u00f3 a los estudiantes a \u201ctomarlo&hellip;","og_url":"https:\/\/diariotextual.com\/inicio\/index.php\/2023\/02\/27\/alberto-fernandez-nunca-mas-puede-morirse-un-favaloro-porque-el-estado-lo-abandono\/","og_site_name":"Diario Textual","article_publisher":"https:\/\/www.facebook.com\/eltextual","article_published_time":"2023-02-27T17:41:56+00:00","article_modified_time":"2023-02-27T22:01:42+00:00","og_image":[{"width":848,"height":477,"url":"https:\/\/diariotextual.com\/inicio\/wp-content\/uploads\/2023\/01\/fernandezalberto2023-1.jpg","type":"image\/jpeg"}],"author":"diario2","twitter_card":"summary_large_image","twitter_creator":"@eltextual","twitter_site":"@eltextual","twitter_misc":{"Escrito por":"diario2","Tiempo de lectura":"1 minuto"},"schema":{"@context":"https:\/\/schema.org","@graph":[{"@type":"Article","@id":"https:\/\/diariotextual.com\/inicio\/index.php\/2023\/02\/27\/alberto-fernandez-nunca-mas-puede-morirse-un-favaloro-porque-el-estado-lo-abandono\/#article","isPartOf":{"@id":"https:\/\/diariotextual.com\/inicio\/index.php\/2023\/02\/27\/alberto-fernandez-nunca-mas-puede-morirse-un-favaloro-porque-el-estado-lo-abandono\/"},"author":{"name":"diario2","@id":"https:\/\/diariotextual.com\/inicio\/#\/schema\/person\/694f60677f23c4a530867a98f22b3768"},"headline":"Alberto Fern\u00e1ndez: \u201cNunca m\u00e1s puede morirse un Favaloro porque el Estado lo abandon\u00f3\u201d","datePublished":"2023-02-27T17:41:56+00:00","dateModified":"2023-02-27T22:01:42+00:00","mainEntityOfPage":{"@id":"https:\/\/diariotextual.com\/inicio\/index.php\/2023\/02\/27\/alberto-fernandez-nunca-mas-puede-morirse-un-favaloro-porque-el-estado-lo-abandono\/"},"wordCount":204,"publisher":{"@id":"https:\/\/diariotextual.com\/inicio\/#organization"},"image":{"@id":"https:\/\/diariotextual.com\/inicio\/index.php\/2023\/02\/27\/alberto-fernandez-nunca-mas-puede-morirse-un-favaloro-porque-el-estado-lo-abandono\/#primaryimage"},"thumbnailUrl":"https:\/\/diariotextual.com\/inicio\/wp-content\/uploads\/2023\/01\/fernandezalberto2023-1.jpg","articleSection":["A - ES NOTICIA (van abajo)","POLITICA"],"inLanguage":"es"},{"@type":"WebPage","@id":"https:\/\/diariotextual.com\/inicio\/index.php\/2023\/02\/27\/alberto-fernandez-nunca-mas-puede-morirse-un-favaloro-porque-el-estado-lo-abandono\/","url":"https:\/\/diariotextual.com\/inicio\/index.php\/2023\/02\/27\/alberto-fernandez-nunca-mas-puede-morirse-un-favaloro-porque-el-estado-lo-abandono\/","name":"Alberto Fern\u00e1ndez: \u201cNunca m\u00e1s puede morirse un Favaloro porque el Estado lo abandon\u00f3\u201d - Diario Textual","isPartOf":{"@id":"https:\/\/diariotextual.com\/inicio\/#website"},"primaryImageOfPage":{"@id":"https:\/\/diariotextual.com\/inicio\/index.php\/2023\/02\/27\/alberto-fernandez-nunca-mas-puede-morirse-un-favaloro-porque-el-estado-lo-abandono\/#primaryimage"},"image":{"@id":"https:\/\/diariotextual.com\/inicio\/index.php\/2023\/02\/27\/alberto-fernandez-nunca-mas-puede-morirse-un-favaloro-porque-el-estado-lo-abandono\/#primaryimage"},"thumbnailUrl":"https:\/\/diariotextual.com\/inicio\/wp-content\/uploads\/2023\/01\/fernandezalberto2023-1.jpg","datePublished":"2023-02-27T17:41:56+00:00","dateModified":"2023-02-27T22:01:42+00:00","breadcrumb":{"@id":"https:\/\/diariotextual.com\/inicio\/index.php\/2023\/02\/27\/alberto-fernandez-nunca-mas-puede-morirse-un-favaloro-porque-el-estado-lo-abandono\/#breadcrumb"},"inLanguage":"es","potentialAction":[{"@type":"ReadAction","target":["https:\/\/diariotextual.com\/inicio\/index.php\/2023\/02\/27\/alberto-fernandez-nunca-mas-puede-morirse-un-favaloro-porque-el-estado-lo-abandono\/"]}]},{"@type":"ImageObject","inLanguage":"es","@id":"https:\/\/diariotextual.com\/inicio\/index.php\/2023\/02\/27\/alberto-fernandez-nunca-mas-puede-morirse-un-favaloro-porque-el-estado-lo-abandono\/#primaryimage","url":"https:\/\/diariotextual.com\/inicio\/wp-content\/uploads\/2023\/01\/fernandezalberto2023-1.jpg","contentUrl":"https:\/\/diariotextual.com\/inicio\/wp-content\/uploads\/2023\/01\/fernandezalberto2023-1.jpg","width":848,"height":477},{"@type":"BreadcrumbList","@id":"https:\/\/diariotextual.com\/inicio\/index.php\/2023\/02\/27\/alberto-fernandez-nunca-mas-puede-morirse-un-favaloro-porque-el-estado-lo-abandono\/#breadcrumb","itemListElement":[{"@type":"ListItem","position":1,"name":"Portada","item":"https:\/\/diariotextual.com\/inicio\/"},{"@type":"ListItem","position":2,"name":"Alberto Fern\u00e1ndez: \u201cNunca m\u00e1s puede morirse un Favaloro porque el Estado lo abandon\u00f3\u201d"}]},{"@type":"WebSite","@id":"https:\/\/diariotextual.com\/inicio\/#website","url":"https:\/\/diariotextual.com\/inicio\/","name":"Diario Textual","description":"","publisher":{"@id":"https:\/\/diariotextual.com\/inicio\/#organization"},"potentialAction":[{"@type":"SearchAction","target":{"@type":"EntryPoint","urlTemplate":"https:\/\/diariotextual.com\/inicio\/?s={search_term_string}"},"query-input":{"@type":"PropertyValueSpecification","valueRequired":true,"valueName":"search_term_string"}}],"inLanguage":"es"},{"@type":"Organization","@id":"https:\/\/diariotextual.com\/inicio\/#organization","name":"Diario Textual","url":"https:\/\/diariotextual.com\/inicio\/","logo":{"@type":"ImageObject","inLanguage":"es","@id":"https:\/\/diariotextual.com\/inicio\/#\/schema\/logo\/image\/","url":"https:\/\/diariotextual.com\/inicio\/wp-content\/uploads\/2023\/05\/logotextual1.jpg","contentUrl":"https:\/\/diariotextual.com\/inicio\/wp-content\/uploads\/2023\/05\/logotextual1.jpg","width":516,"height":76,"caption":"Diario Textual"},"image":{"@id":"https:\/\/diariotextual.com\/inicio\/#\/schema\/logo\/image\/"},"sameAs":["https:\/\/www.facebook.com\/eltextual","https:\/\/x.com\/eltextual","http:\/\/www.instagram.com\/eltextual"]},{"@type":"Person","@id":"https:\/\/diariotextual.com\/inicio\/#\/schema\/person\/694f60677f23c4a530867a98f22b3768","name":"diario2","image":{"@type":"ImageObject","inLanguage":"es","@id":"https:\/\/secure.gravatar.com\/avatar\/5a2567495ba16b852fcd8f1ed006a2e24fcace936018ed8237e95f488ad6e0a7?s=96&d=mm&r=g","url":"https:\/\/secure.gravatar.com\/avatar\/5a2567495ba16b852fcd8f1ed006a2e24fcace936018ed8237e95f488ad6e0a7?s=96&d=mm&r=g","contentUrl":"https:\/\/secure.gravatar.com\/avatar\/5a2567495ba16b852fcd8f1ed006a2e24fcace936018ed8237e95f488ad6e0a7?s=96&d=mm&r=g","caption":"diario2"},"url":"https:\/\/diariotextual.com\/inicio\/index.php\/author\/diario2\/"}]}},"_links":{"self":[{"href":"https:\/\/diariotextual.com\/inicio\/index.php\/wp-json\/wp\/v2\/posts\/217226","targetHints":{"allow":["GET"]}}],"collection":[{"href":"https:\/\/diariotextual.com\/inicio\/index.php\/wp-json\/wp\/v2\/posts"}],"about":[{"href":"https:\/\/diariotextual.com\/inicio\/index.php\/wp-json\/wp\/v2\/types\/post"}],"author":[{"embeddable":true,"href":"https:\/\/diariotextual.com\/inicio\/index.php\/wp-json\/wp\/v2\/users\/4"}],"replies":[{"embeddable":true,"href":"https:\/\/diariotextual.com\/inicio\/index.php\/wp-json\/wp\/v2\/comments?post=217226"}],"version-history":[{"count":4,"href":"https:\/\/diariotextual.com\/inicio\/index.php\/wp-json\/wp\/v2\/posts\/217226\/revisions"}],"predecessor-version":[{"id":217230,"href":"https:\/\/diariotextual.com\/inicio\/index.php\/wp-json\/wp\/v2\/posts\/217226\/revisions\/217230"}],"wp:featuredmedia":[{"embeddable":true,"href":"https:\/\/diariotextual.com\/inicio\/index.php\/wp-json\/wp\/v2\/media\/213798"}],"wp:attachment":[{"href":"https:\/\/diariotextual.com\/inicio\/index.php\/wp-json\/wp\/v2\/media?parent=217226"}],"wp:term":[{"taxonomy":"category","embeddable":true,"href":"https:\/\/diariotextual.com\/inicio\/index.php\/wp-json\/wp\/v2\/categories?post=217226"},{"taxonomy":"post_tag","embeddable":true,"href":"https:\/\/diariotextual.com\/inicio\/index.php\/wp-json\/wp\/v2\/tags?post=217226"}],"curies":[{"name":"wp","href":"https:\/\/api.w.org\/{rel}","templated":true}]}}