{"id":217239,"date":"2023-02-27T17:59:39","date_gmt":"2023-02-27T20:59:39","guid":{"rendered":"https:\/\/diariotextual.com\/inicio\/?p=217239"},"modified":"2023-02-27T19:52:04","modified_gmt":"2023-02-27T22:52:04","slug":"premios-the-best-scaloni-fue-elegido-como-el-mejor-entrenador-del-mundo","status":"publish","type":"post","link":"https:\/\/diariotextual.com\/inicio\/index.php\/2023\/02\/27\/premios-the-best-scaloni-fue-elegido-como-el-mejor-entrenador-del-mundo\/","title":{"rendered":"Premios The Best: Scaloni fue elegido como el mejor entrenador del mundo"},"content":{"rendered":"\n<p>El entrenador de la Selecci\u00f3n argentina, <strong>Lionel Scalon<\/strong>i, fue reconocido como el <strong>\u201cmejor t\u00e9cnico del mundo\u201d<\/strong> en la gala de los premios The Best de la FIFA y releg\u00f3 en el podio a Carlo Ancelotti (Real Madrid) y Pep Guardiola (Manchester City).<\/p>\n\n\n\n<p>Scaloni, que renov\u00f3 este lunes su v\u00ednculo al mando de la Selecci\u00f3n nacional, fue el encargado de comandar a su equipo a una serie de \u00e9xitos en el \u00faltimo a\u00f1o y medio, en el que destac\u00f3 la obtenci\u00f3n del Mundial de Qatar 2022, merito m\u00e1s que suficiente para imponerse ante sus rivales en la terna.<\/p>\n\n\n\n<p>El oriundo de Pujato logr\u00f3 otro t\u00edtulo a su vitrina personal y, como grupo, agigant\u00f3 a\u00fan m\u00e1s su figura, ya que es el primer entrenador argentino en lograr la distinci\u00f3n.<\/p>\n\n\n\n<p>Atr\u00e1s quedaron Ancelotti, quien con el Real Madrid en el a\u00f1o calendario logr\u00f3 La Liga y la Champions League; mientras que Guardiola, un escal\u00f3n m\u00e1s abajo, obtuvo la Premier League de Inglaterra con un alto nivel futbol\u00edstico.<\/p>\n\n\n\n<p><\/p>\n\n\n\n<figure class=\"wp-block-embed is-type-wp-embed is-provider-diario-textual wp-block-embed-diario-textual\"><div class=\"wp-block-embed__wrapper\">\n<blockquote class=\"wp-embedded-content\" data-secret=\"qbm5CH6DHQ\"><a href=\"https:\/\/diariotextual.com\/inicio\/index.php\/2023\/02\/27\/el-dibu-martinez-recibio-el-premio-the-best-al-mejor-arquero-del-mundo\/\">El \u201cDibu\u201d Mart\u00ednez recibi\u00f3 el premio The Best al mejor arquero del mundo<\/a><\/blockquote><iframe class=\"wp-embedded-content\" sandbox=\"allow-scripts\" security=\"restricted\" style=\"position: absolute; clip: rect(1px, 1px, 1px, 1px);\" title=\"\u00abEl \u201cDibu\u201d Mart\u00ednez recibi\u00f3 el premio The Best al mejor arquero del mundo\u00bb \u2014 Diario Textual\" src=\"https:\/\/diariotextual.com\/inicio\/index.php\/2023\/02\/27\/el-dibu-martinez-recibio-el-premio-the-best-al-mejor-arquero-del-mundo\/embed\/#?secret=npTyDqPw37#?secret=qbm5CH6DHQ\" data-secret=\"qbm5CH6DHQ\" width=\"600\" height=\"338\" frameborder=\"0\" marginwidth=\"0\" marginheight=\"0\" scrolling=\"no\"><\/iframe>\n<\/div><\/figure>\n","protected":false},"excerpt":{"rendered":"<p>El entrenador de la Selecci\u00f3n argentina, Lionel Scaloni, fue reconocido como el \u201cmejor t\u00e9cnico del mundo\u201d en la gala de los premios The Best de la FIFA y releg\u00f3 en&hellip;<\/p>\n","protected":false},"author":4,"featured_media":209981,"comment_status":"closed","ping_status":"open","sticky":false,"template":"","format":"standard","meta":{"_acf_changed":false,"footnotes":""},"categories":[1,3],"tags":[],"class_list":["post-217239","post","type-post","status-publish","format-standard","has-post-thumbnail","hentry","category-es-noticia","category-deportes"],"acf":[],"yoast_head":"<!-- This site is optimized with the Yoast SEO plugin v27.5 - https:\/\/yoast.com\/product\/yoast-seo-wordpress\/ -->\n<title>Premios The Best: Scaloni fue elegido como el mejor entrenador del mundo - Diario Textual<\/title>\n<meta name=\"robots\" content=\"index, follow, max-snippet:-1, max-image-preview:large, max-video-preview:-1\" \/>\n<link rel=\"canonical\" href=\"https:\/\/diariotextual.com\/inicio\/index.php\/2023\/02\/27\/premios-the-best-scaloni-fue-elegido-como-el-mejor-entrenador-del-mundo\/\" \/>\n<meta property=\"og:locale\" content=\"es_ES\" \/>\n<meta property=\"og:type\" content=\"article\" \/>\n<meta property=\"og:title\" content=\"Premios The Best: Scaloni fue elegido como el mejor entrenador del mundo - Diario Textual\" \/>\n<meta property=\"og:description\" content=\"El entrenador de la Selecci\u00f3n argentina, Lionel Scaloni, fue reconocido como el \u201cmejor t\u00e9cnico del mundo\u201d en la gala de los premios The Best de la FIFA y releg\u00f3 en&hellip;\" \/>\n<meta property=\"og:url\" content=\"https:\/\/diariotextual.com\/inicio\/index.php\/2023\/02\/27\/premios-the-best-scaloni-fue-elegido-como-el-mejor-entrenador-del-mundo\/\" \/>\n<meta property=\"og:site_name\" content=\"Diario Textual\" \/>\n<meta property=\"article:publisher\" content=\"https:\/\/www.facebook.com\/eltextual\" \/>\n<meta property=\"article:published_time\" content=\"2023-02-27T20:59:39+00:00\" \/>\n<meta property=\"article:modified_time\" content=\"2023-02-27T22:52:04+00:00\" \/>\n<meta property=\"og:image\" content=\"https:\/\/diariotextual.com\/inicio\/wp-content\/uploads\/2022\/12\/scalonilionel2022-012.jpg\" \/>\n\t<meta property=\"og:image:width\" content=\"1200\" \/>\n\t<meta property=\"og:image:height\" content=\"675\" \/>\n\t<meta property=\"og:image:type\" content=\"image\/jpeg\" \/>\n<meta name=\"author\" content=\"diario2\" \/>\n<meta name=\"twitter:card\" content=\"summary_large_image\" \/>\n<meta name=\"twitter:creator\" content=\"@eltextual\" \/>\n<meta name=\"twitter:site\" content=\"@eltextual\" \/>\n<meta name=\"twitter:label1\" content=\"Escrito por\" \/>\n\t<meta name=\"twitter:data1\" content=\"diario2\" \/>\n\t<meta name=\"twitter:label2\" content=\"Tiempo de lectura\" \/>\n\t<meta name=\"twitter:data2\" content=\"1 minuto\" \/>\n<script type=\"application\/ld+json\" class=\"yoast-schema-graph\">{\"@context\":\"https:\\\/\\\/schema.org\",\"@graph\":[{\"@type\":\"Article\",\"@id\":\"https:\\\/\\\/diariotextual.com\\\/inicio\\\/index.php\\\/2023\\\/02\\\/27\\\/premios-the-best-scaloni-fue-elegido-como-el-mejor-entrenador-del-mundo\\\/#article\",\"isPartOf\":{\"@id\":\"https:\\\/\\\/diariotextual.com\\\/inicio\\\/index.php\\\/2023\\\/02\\\/27\\\/premios-the-best-scaloni-fue-elegido-como-el-mejor-entrenador-del-mundo\\\/\"},\"author\":{\"name\":\"diario2\",\"@id\":\"https:\\\/\\\/diariotextual.com\\\/inicio\\\/#\\\/schema\\\/person\\\/694f60677f23c4a530867a98f22b3768\"},\"headline\":\"Premios The Best: Scaloni fue elegido como el mejor entrenador del mundo\",\"datePublished\":\"2023-02-27T20:59:39+00:00\",\"dateModified\":\"2023-02-27T22:52:04+00:00\",\"mainEntityOfPage\":{\"@id\":\"https:\\\/\\\/diariotextual.com\\\/inicio\\\/index.php\\\/2023\\\/02\\\/27\\\/premios-the-best-scaloni-fue-elegido-como-el-mejor-entrenador-del-mundo\\\/\"},\"wordCount\":198,\"publisher\":{\"@id\":\"https:\\\/\\\/diariotextual.com\\\/inicio\\\/#organization\"},\"image\":{\"@id\":\"https:\\\/\\\/diariotextual.com\\\/inicio\\\/index.php\\\/2023\\\/02\\\/27\\\/premios-the-best-scaloni-fue-elegido-como-el-mejor-entrenador-del-mundo\\\/#primaryimage\"},\"thumbnailUrl\":\"https:\\\/\\\/diariotextual.com\\\/inicio\\\/wp-content\\\/uploads\\\/2022\\\/12\\\/scalonilionel2022-012.jpg\",\"articleSection\":[\"A - ES NOTICIA (van abajo)\",\"DEPORTES\"],\"inLanguage\":\"es\"},{\"@type\":\"WebPage\",\"@id\":\"https:\\\/\\\/diariotextual.com\\\/inicio\\\/index.php\\\/2023\\\/02\\\/27\\\/premios-the-best-scaloni-fue-elegido-como-el-mejor-entrenador-del-mundo\\\/\",\"url\":\"https:\\\/\\\/diariotextual.com\\\/inicio\\\/index.php\\\/2023\\\/02\\\/27\\\/premios-the-best-scaloni-fue-elegido-como-el-mejor-entrenador-del-mundo\\\/\",\"name\":\"Premios The Best: Scaloni fue elegido como el mejor entrenador del mundo - Diario Textual\",\"isPartOf\":{\"@id\":\"https:\\\/\\\/diariotextual.com\\\/inicio\\\/#website\"},\"primaryImageOfPage\":{\"@id\":\"https:\\\/\\\/diariotextual.com\\\/inicio\\\/index.php\\\/2023\\\/02\\\/27\\\/premios-the-best-scaloni-fue-elegido-como-el-mejor-entrenador-del-mundo\\\/#primaryimage\"},\"image\":{\"@id\":\"https:\\\/\\\/diariotextual.com\\\/inicio\\\/index.php\\\/2023\\\/02\\\/27\\\/premios-the-best-scaloni-fue-elegido-como-el-mejor-entrenador-del-mundo\\\/#primaryimage\"},\"thumbnailUrl\":\"https:\\\/\\\/diariotextual.com\\\/inicio\\\/wp-content\\\/uploads\\\/2022\\\/12\\\/scalonilionel2022-012.jpg\",\"datePublished\":\"2023-02-27T20:59:39+00:00\",\"dateModified\":\"2023-02-27T22:52:04+00:00\",\"breadcrumb\":{\"@id\":\"https:\\\/\\\/diariotextual.com\\\/inicio\\\/index.php\\\/2023\\\/02\\\/27\\\/premios-the-best-scaloni-fue-elegido-como-el-mejor-entrenador-del-mundo\\\/#breadcrumb\"},\"inLanguage\":\"es\",\"potentialAction\":[{\"@type\":\"ReadAction\",\"target\":[\"https:\\\/\\\/diariotextual.com\\\/inicio\\\/index.php\\\/2023\\\/02\\\/27\\\/premios-the-best-scaloni-fue-elegido-como-el-mejor-entrenador-del-mundo\\\/\"]}]},{\"@type\":\"ImageObject\",\"inLanguage\":\"es\",\"@id\":\"https:\\\/\\\/diariotextual.com\\\/inicio\\\/index.php\\\/2023\\\/02\\\/27\\\/premios-the-best-scaloni-fue-elegido-como-el-mejor-entrenador-del-mundo\\\/#primaryimage\",\"url\":\"https:\\\/\\\/diariotextual.com\\\/inicio\\\/wp-content\\\/uploads\\\/2022\\\/12\\\/scalonilionel2022-012.jpg\",\"contentUrl\":\"https:\\\/\\\/diariotextual.com\\\/inicio\\\/wp-content\\\/uploads\\\/2022\\\/12\\\/scalonilionel2022-012.jpg\",\"width\":1200,\"height\":675},{\"@type\":\"BreadcrumbList\",\"@id\":\"https:\\\/\\\/diariotextual.com\\\/inicio\\\/index.php\\\/2023\\\/02\\\/27\\\/premios-the-best-scaloni-fue-elegido-como-el-mejor-entrenador-del-mundo\\\/#breadcrumb\",\"itemListElement\":[{\"@type\":\"ListItem\",\"position\":1,\"name\":\"Portada\",\"item\":\"https:\\\/\\\/diariotextual.com\\\/inicio\\\/\"},{\"@type\":\"ListItem\",\"position\":2,\"name\":\"Premios The Best: Scaloni fue elegido como el mejor entrenador del mundo\"}]},{\"@type\":\"WebSite\",\"@id\":\"https:\\\/\\\/diariotextual.com\\\/inicio\\\/#website\",\"url\":\"https:\\\/\\\/diariotextual.com\\\/inicio\\\/\",\"name\":\"Diario Textual\",\"description\":\"\",\"publisher\":{\"@id\":\"https:\\\/\\\/diariotextual.com\\\/inicio\\\/#organization\"},\"potentialAction\":[{\"@type\":\"SearchAction\",\"target\":{\"@type\":\"EntryPoint\",\"urlTemplate\":\"https:\\\/\\\/diariotextual.com\\\/inicio\\\/?s={search_term_string}\"},\"query-input\":{\"@type\":\"PropertyValueSpecification\",\"valueRequired\":true,\"valueName\":\"search_term_string\"}}],\"inLanguage\":\"es\"},{\"@type\":\"Organization\",\"@id\":\"https:\\\/\\\/diariotextual.com\\\/inicio\\\/#organization\",\"name\":\"Diario Textual\",\"url\":\"https:\\\/\\\/diariotextual.com\\\/inicio\\\/\",\"logo\":{\"@type\":\"ImageObject\",\"inLanguage\":\"es\",\"@id\":\"https:\\\/\\\/diariotextual.com\\\/inicio\\\/#\\\/schema\\\/logo\\\/image\\\/\",\"url\":\"https:\\\/\\\/diariotextual.com\\\/inicio\\\/wp-content\\\/uploads\\\/2023\\\/05\\\/logotextual1.jpg\",\"contentUrl\":\"https:\\\/\\\/diariotextual.com\\\/inicio\\\/wp-content\\\/uploads\\\/2023\\\/05\\\/logotextual1.jpg\",\"width\":516,\"height\":76,\"caption\":\"Diario Textual\"},\"image\":{\"@id\":\"https:\\\/\\\/diariotextual.com\\\/inicio\\\/#\\\/schema\\\/logo\\\/image\\\/\"},\"sameAs\":[\"https:\\\/\\\/www.facebook.com\\\/eltextual\",\"https:\\\/\\\/x.com\\\/eltextual\",\"http:\\\/\\\/www.instagram.com\\\/eltextual\"]},{\"@type\":\"Person\",\"@id\":\"https:\\\/\\\/diariotextual.com\\\/inicio\\\/#\\\/schema\\\/person\\\/694f60677f23c4a530867a98f22b3768\",\"name\":\"diario2\",\"image\":{\"@type\":\"ImageObject\",\"inLanguage\":\"es\",\"@id\":\"https:\\\/\\\/secure.gravatar.com\\\/avatar\\\/5a2567495ba16b852fcd8f1ed006a2e24fcace936018ed8237e95f488ad6e0a7?s=96&d=mm&r=g\",\"url\":\"https:\\\/\\\/secure.gravatar.com\\\/avatar\\\/5a2567495ba16b852fcd8f1ed006a2e24fcace936018ed8237e95f488ad6e0a7?s=96&d=mm&r=g\",\"contentUrl\":\"https:\\\/\\\/secure.gravatar.com\\\/avatar\\\/5a2567495ba16b852fcd8f1ed006a2e24fcace936018ed8237e95f488ad6e0a7?s=96&d=mm&r=g\",\"caption\":\"diario2\"},\"url\":\"https:\\\/\\\/diariotextual.com\\\/inicio\\\/index.php\\\/author\\\/diario2\\\/\"}]}<\/script>\n<!-- \/ Yoast SEO plugin. -->","yoast_head_json":{"title":"Premios The Best: Scaloni fue elegido como el mejor entrenador del mundo - Diario Textual","robots":{"index":"index","follow":"follow","max-snippet":"max-snippet:-1","max-image-preview":"max-image-preview:large","max-video-preview":"max-video-preview:-1"},"canonical":"https:\/\/diariotextual.com\/inicio\/index.php\/2023\/02\/27\/premios-the-best-scaloni-fue-elegido-como-el-mejor-entrenador-del-mundo\/","og_locale":"es_ES","og_type":"article","og_title":"Premios The Best: Scaloni fue elegido como el mejor entrenador del mundo - Diario Textual","og_description":"El entrenador de la Selecci\u00f3n argentina, Lionel Scaloni, fue reconocido como el \u201cmejor t\u00e9cnico del mundo\u201d en la gala de los premios The Best de la FIFA y releg\u00f3 en&hellip;","og_url":"https:\/\/diariotextual.com\/inicio\/index.php\/2023\/02\/27\/premios-the-best-scaloni-fue-elegido-como-el-mejor-entrenador-del-mundo\/","og_site_name":"Diario Textual","article_publisher":"https:\/\/www.facebook.com\/eltextual","article_published_time":"2023-02-27T20:59:39+00:00","article_modified_time":"2023-02-27T22:52:04+00:00","og_image":[{"width":1200,"height":675,"url":"https:\/\/diariotextual.com\/inicio\/wp-content\/uploads\/2022\/12\/scalonilionel2022-012.jpg","type":"image\/jpeg"}],"author":"diario2","twitter_card":"summary_large_image","twitter_creator":"@eltextual","twitter_site":"@eltextual","twitter_misc":{"Escrito por":"diario2","Tiempo de lectura":"1 minuto"},"schema":{"@context":"https:\/\/schema.org","@graph":[{"@type":"Article","@id":"https:\/\/diariotextual.com\/inicio\/index.php\/2023\/02\/27\/premios-the-best-scaloni-fue-elegido-como-el-mejor-entrenador-del-mundo\/#article","isPartOf":{"@id":"https:\/\/diariotextual.com\/inicio\/index.php\/2023\/02\/27\/premios-the-best-scaloni-fue-elegido-como-el-mejor-entrenador-del-mundo\/"},"author":{"name":"diario2","@id":"https:\/\/diariotextual.com\/inicio\/#\/schema\/person\/694f60677f23c4a530867a98f22b3768"},"headline":"Premios The Best: Scaloni fue elegido como el mejor entrenador del mundo","datePublished":"2023-02-27T20:59:39+00:00","dateModified":"2023-02-27T22:52:04+00:00","mainEntityOfPage":{"@id":"https:\/\/diariotextual.com\/inicio\/index.php\/2023\/02\/27\/premios-the-best-scaloni-fue-elegido-como-el-mejor-entrenador-del-mundo\/"},"wordCount":198,"publisher":{"@id":"https:\/\/diariotextual.com\/inicio\/#organization"},"image":{"@id":"https:\/\/diariotextual.com\/inicio\/index.php\/2023\/02\/27\/premios-the-best-scaloni-fue-elegido-como-el-mejor-entrenador-del-mundo\/#primaryimage"},"thumbnailUrl":"https:\/\/diariotextual.com\/inicio\/wp-content\/uploads\/2022\/12\/scalonilionel2022-012.jpg","articleSection":["A - ES NOTICIA (van abajo)","DEPORTES"],"inLanguage":"es"},{"@type":"WebPage","@id":"https:\/\/diariotextual.com\/inicio\/index.php\/2023\/02\/27\/premios-the-best-scaloni-fue-elegido-como-el-mejor-entrenador-del-mundo\/","url":"https:\/\/diariotextual.com\/inicio\/index.php\/2023\/02\/27\/premios-the-best-scaloni-fue-elegido-como-el-mejor-entrenador-del-mundo\/","name":"Premios The Best: Scaloni fue elegido como el mejor entrenador del mundo - Diario Textual","isPartOf":{"@id":"https:\/\/diariotextual.com\/inicio\/#website"},"primaryImageOfPage":{"@id":"https:\/\/diariotextual.com\/inicio\/index.php\/2023\/02\/27\/premios-the-best-scaloni-fue-elegido-como-el-mejor-entrenador-del-mundo\/#primaryimage"},"image":{"@id":"https:\/\/diariotextual.com\/inicio\/index.php\/2023\/02\/27\/premios-the-best-scaloni-fue-elegido-como-el-mejor-entrenador-del-mundo\/#primaryimage"},"thumbnailUrl":"https:\/\/diariotextual.com\/inicio\/wp-content\/uploads\/2022\/12\/scalonilionel2022-012.jpg","datePublished":"2023-02-27T20:59:39+00:00","dateModified":"2023-02-27T22:52:04+00:00","breadcrumb":{"@id":"https:\/\/diariotextual.com\/inicio\/index.php\/2023\/02\/27\/premios-the-best-scaloni-fue-elegido-como-el-mejor-entrenador-del-mundo\/#breadcrumb"},"inLanguage":"es","potentialAction":[{"@type":"ReadAction","target":["https:\/\/diariotextual.com\/inicio\/index.php\/2023\/02\/27\/premios-the-best-scaloni-fue-elegido-como-el-mejor-entrenador-del-mundo\/"]}]},{"@type":"ImageObject","inLanguage":"es","@id":"https:\/\/diariotextual.com\/inicio\/index.php\/2023\/02\/27\/premios-the-best-scaloni-fue-elegido-como-el-mejor-entrenador-del-mundo\/#primaryimage","url":"https:\/\/diariotextual.com\/inicio\/wp-content\/uploads\/2022\/12\/scalonilionel2022-012.jpg","contentUrl":"https:\/\/diariotextual.com\/inicio\/wp-content\/uploads\/2022\/12\/scalonilionel2022-012.jpg","width":1200,"height":675},{"@type":"BreadcrumbList","@id":"https:\/\/diariotextual.com\/inicio\/index.php\/2023\/02\/27\/premios-the-best-scaloni-fue-elegido-como-el-mejor-entrenador-del-mundo\/#breadcrumb","itemListElement":[{"@type":"ListItem","position":1,"name":"Portada","item":"https:\/\/diariotextual.com\/inicio\/"},{"@type":"ListItem","position":2,"name":"Premios The Best: Scaloni fue elegido como el mejor entrenador del mundo"}]},{"@type":"WebSite","@id":"https:\/\/diariotextual.com\/inicio\/#website","url":"https:\/\/diariotextual.com\/inicio\/","name":"Diario Textual","description":"","publisher":{"@id":"https:\/\/diariotextual.com\/inicio\/#organization"},"potentialAction":[{"@type":"SearchAction","target":{"@type":"EntryPoint","urlTemplate":"https:\/\/diariotextual.com\/inicio\/?s={search_term_string}"},"query-input":{"@type":"PropertyValueSpecification","valueRequired":true,"valueName":"search_term_string"}}],"inLanguage":"es"},{"@type":"Organization","@id":"https:\/\/diariotextual.com\/inicio\/#organization","name":"Diario Textual","url":"https:\/\/diariotextual.com\/inicio\/","logo":{"@type":"ImageObject","inLanguage":"es","@id":"https:\/\/diariotextual.com\/inicio\/#\/schema\/logo\/image\/","url":"https:\/\/diariotextual.com\/inicio\/wp-content\/uploads\/2023\/05\/logotextual1.jpg","contentUrl":"https:\/\/diariotextual.com\/inicio\/wp-content\/uploads\/2023\/05\/logotextual1.jpg","width":516,"height":76,"caption":"Diario Textual"},"image":{"@id":"https:\/\/diariotextual.com\/inicio\/#\/schema\/logo\/image\/"},"sameAs":["https:\/\/www.facebook.com\/eltextual","https:\/\/x.com\/eltextual","http:\/\/www.instagram.com\/eltextual"]},{"@type":"Person","@id":"https:\/\/diariotextual.com\/inicio\/#\/schema\/person\/694f60677f23c4a530867a98f22b3768","name":"diario2","image":{"@type":"ImageObject","inLanguage":"es","@id":"https:\/\/secure.gravatar.com\/avatar\/5a2567495ba16b852fcd8f1ed006a2e24fcace936018ed8237e95f488ad6e0a7?s=96&d=mm&r=g","url":"https:\/\/secure.gravatar.com\/avatar\/5a2567495ba16b852fcd8f1ed006a2e24fcace936018ed8237e95f488ad6e0a7?s=96&d=mm&r=g","contentUrl":"https:\/\/secure.gravatar.com\/avatar\/5a2567495ba16b852fcd8f1ed006a2e24fcace936018ed8237e95f488ad6e0a7?s=96&d=mm&r=g","caption":"diario2"},"url":"https:\/\/diariotextual.com\/inicio\/index.php\/author\/diario2\/"}]}},"_links":{"self":[{"href":"https:\/\/diariotextual.com\/inicio\/index.php\/wp-json\/wp\/v2\/posts\/217239","targetHints":{"allow":["GET"]}}],"collection":[{"href":"https:\/\/diariotextual.com\/inicio\/index.php\/wp-json\/wp\/v2\/posts"}],"about":[{"href":"https:\/\/diariotextual.com\/inicio\/index.php\/wp-json\/wp\/v2\/types\/post"}],"author":[{"embeddable":true,"href":"https:\/\/diariotextual.com\/inicio\/index.php\/wp-json\/wp\/v2\/users\/4"}],"replies":[{"embeddable":true,"href":"https:\/\/diariotextual.com\/inicio\/index.php\/wp-json\/wp\/v2\/comments?post=217239"}],"version-history":[{"count":2,"href":"https:\/\/diariotextual.com\/inicio\/index.php\/wp-json\/wp\/v2\/posts\/217239\/revisions"}],"predecessor-version":[{"id":217242,"href":"https:\/\/diariotextual.com\/inicio\/index.php\/wp-json\/wp\/v2\/posts\/217239\/revisions\/217242"}],"wp:featuredmedia":[{"embeddable":true,"href":"https:\/\/diariotextual.com\/inicio\/index.php\/wp-json\/wp\/v2\/media\/209981"}],"wp:attachment":[{"href":"https:\/\/diariotextual.com\/inicio\/index.php\/wp-json\/wp\/v2\/media?parent=217239"}],"wp:term":[{"taxonomy":"category","embeddable":true,"href":"https:\/\/diariotextual.com\/inicio\/index.php\/wp-json\/wp\/v2\/categories?post=217239"},{"taxonomy":"post_tag","embeddable":true,"href":"https:\/\/diariotextual.com\/inicio\/index.php\/wp-json\/wp\/v2\/tags?post=217239"}],"curies":[{"name":"wp","href":"https:\/\/api.w.org\/{rel}","templated":true}]}}