{"id":217510,"date":"2023-03-01T12:37:48","date_gmt":"2023-03-01T15:37:48","guid":{"rendered":"https:\/\/diariotextual.com\/inicio\/?p=217510"},"modified":"2023-03-01T17:37:50","modified_gmt":"2023-03-01T20:37:50","slug":"el-presidente-reclamo-a-la-justicia-que-esclarezca-el-intento-de-magnicidio-a-cfk","status":"publish","type":"post","link":"https:\/\/diariotextual.com\/inicio\/index.php\/2023\/03\/01\/el-presidente-reclamo-a-la-justicia-que-esclarezca-el-intento-de-magnicidio-a-cfk\/","title":{"rendered":"El presidente reclam\u00f3 a la Justicia que esclarezca el intento de magnicidio a CFK"},"content":{"rendered":"\n<p>El presidente&nbsp;<strong>Alberto Fern\u00e1ndez reclam\u00f3 a la Justicia que esclarezca el intento de asesinato de la vicepresidenta Cristina Kirchner,<\/strong>&nbsp;a quien consider\u00f3 una \u201cperseguida\u201d, al encabezar la apertura del 141 per\u00edodo de sesiones ordinarias del Congreso ante la Asamblea Legislativa.<\/p>\n\n\n\n<p>En el inicio de su discurso, el jefe de Estado resalt\u00f3 los 40 a\u00f1os de democracia y dijo que en ese marco&nbsp;<strong>fue grave \u201cel intento de asesinato de la vicepresidenta\u201d Cristina Kirchner.<\/strong><\/p>\n\n\n\n<p><strong>\u201cVuelvo a exigir a la Justicia que profundice la investigaci\u00f3n y&nbsp;act\u00fae con la misma premura con la que archiva causas\u201d,<\/strong>&nbsp;agreg\u00f3.&nbsp;<\/p>\n\n\n\n<p><strong>\u201cLes pido que act\u00faen con la misma premura con la que se archivan causas contra jueces y empresarios poderosos\u201d,<\/strong>&nbsp;agreg\u00f3 Fern\u00e1ndez, a escasos metros de los jueces de la Corte Suprema&nbsp;<strong>Horacio Rosatti y Carlos Rosenkrantz.<\/strong><\/p>\n\n\n\n<p>En tanto,<strong>&nbsp;rechaz\u00f3 las cr\u00edticas de quienes lo tildaron de \u201cmoderado\u201d en su gesti\u00f3n. <\/strong>\u201cFui yo el que estuvo al lado de Lula (Da Silva) cuando injustamente lo apresaron, el que estuvo al lado de Evo Morales cuando un golpe de Estado le arranc\u00f3 el poder,&nbsp;<strong>el que est\u00e1 al lado de Cristina cuando es perseguida injustamente y el que reclama y hace todo lo rep\u00fablicamente posible para que la Justicia vuelva a abrazar el derecho y deje de servir a factores de poder persiguiendo a quienes representan el pensamiento popular\u201d, dijo.<\/strong><\/p>\n\n\n\n<p><strong>\u201cNo tuve otro prop\u00f3sito que servir a mi pueblo, nadie podr\u00e1 atribuirme ning\u00fan hecho por el cual me haya enriquecido\u201d,<\/strong>&nbsp;enfatiz\u00f3 Fern\u00e1ndez, que tambi\u00e9n reconoci\u00f3 \u201cerrores\u201d durante estos m\u00e1s de tres a\u00f1os de gesti\u00f3n.<\/p>\n\n\n\n<p>Al hablar de&nbsp;<strong>econom\u00eda<\/strong>, el presidente asegur\u00f3 que ni \u00e9l ni su ministro de Econom\u00eda,&nbsp;<strong>Sergio Massa<\/strong>, necesitan al Fondo Monetario Internacional (FMI) \u201cpara saber que hay que lograr el equilibrio fiscal\u201d en el pa\u00eds.<\/p>\n\n\n\n<p><strong>\u201cNo podemos persistir con pol\u00edticas que generan d\u00e9ficit en nuestras&nbsp;cuentas p\u00fablicas. Porque, aunque no sea factible alcanzar ese&nbsp;objetivo de la noche a la ma\u00f1ana, el equilibrio fiscal debe ser nuestro horizonte.<\/strong>&nbsp;Tampoco necesitamos al&nbsp;FMI para saber que la Argentina debe aumentar sus exportaciones. Si no generamos divisas no vamos a poder sostener nuestra actividad econ\u00f3mica y eso va a significar menos trabajo y salarios&nbsp;m\u00e1s bajos.<strong>&nbsp;Cuidar el valor de la divisa es fundamental para seguir el camino del crecimiento<\/strong>\u201d, expres\u00f3.<\/p>\n\n\n\n<p>En ese sentido, apunt\u00f3 contra los opositores. \u201cAnuncian crisis financieras y devaluaciones bruscas, intentan sembrar incertidumbre y generar&nbsp;desconfianza\u201d, dijo. \u201c<strong>Quienes hicieron estallar la econom\u00eda argentina hace apenas tres a\u00f1os, son los mismos que ahora anuncian que una bomba explotar\u00e1 en el futuro.<\/strong>&nbsp;Pero nosotros seguimos trabajando con firmeza y prudencia y vamos obteniendo resultados que podemos&nbsp;exhibir\u201d, agreg\u00f3 Fern\u00e1ndez.<\/p>\n\n\n\n<p><\/p>\n\n\n\n<p><strong>Ley de Humedales<\/strong><\/p>\n\n\n\n<p>Fern\u00e1ndez reclam\u00f3 al Congreso Nacional la sanci\u00f3n de las leyes de protecci\u00f3n de humedales, la de Envases y la de Bienestar Animal, al tiempo que valor\u00f3 la implementaci\u00f3n del Plan Nacional de Adaptaci\u00f3n y Mitigaci\u00f3n al Cambio Clim\u00e1tico que sistematiza las pol\u00edticas para lograr las metas definidas al 2030.<\/p>\n\n\n\n<p>\u201cEs necesario avanzar en las leyes ambientales estructurales que establezcan los nuevos paradigmas del desarrollo sostenible: Ley de Humedales, para cuidar estos valiosos ecosistemas que cumplen un rol fundamental para la conservaci\u00f3n de la biodiversidad, el cuidado del agua y la captaci\u00f3n de gases de efecto invernadero; lay Ley de Envases, guiada por el principio de responsabilidad extendida del productor; y a Ley de Bienestar Animal, para reconvertir zool\u00f3gicos y acuarios\u201d, remarc\u00f3 Fern\u00e1ndez al pronunciar un discurso ante la Asamblea Legislativa del Congreso reunida para la apertura del per\u00edodo 141\u00b0 de sesiones ordinarias.<\/p>\n\n\n\n<p><\/p>\n\n\n\n<p><strong>Consejo del Salario<\/strong><\/p>\n\n\n\n<p>El presidente destac\u00f3 que, durante el a\u00f1o pasado, los \u201ctrabajadores y empresarios continuaron con las discusiones libres sobre salarios y condiciones de trabajo\u201d en las paritarias, y remarc\u00f3 que \u201cfuncion\u00f3 y seguir\u00e1 funcionando el Consejo del Salario M\u00ednimo\u201d.<\/p>\n\n\n\n<p>\u201cDesde el Gobierno mantenemos un di\u00e1logo flu\u00eddo con las organizaciones de los trabajadores y convocamos permanentemente al di\u00e1logo desde el Consejo Econ\u00f3mico y Social\u201d, sostuvo.<\/p>\n","protected":false},"excerpt":{"rendered":"<p>El presidente&nbsp;Alberto Fern\u00e1ndez reclam\u00f3 a la Justicia que esclarezca el intento de asesinato de la vicepresidenta Cristina Kirchner,&nbsp;a quien consider\u00f3 una \u201cperseguida\u201d, al encabezar la apertura del 141 per\u00edodo de&hellip;<\/p>\n","protected":false},"author":3,"featured_media":217521,"comment_status":"closed","ping_status":"open","sticky":false,"template":"","format":"standard","meta":{"_acf_changed":false,"footnotes":""},"categories":[1,8],"tags":[],"class_list":["post-217510","post","type-post","status-publish","format-standard","has-post-thumbnail","hentry","category-es-noticia","category-politica"],"acf":[],"yoast_head":"<!-- This site is optimized with the Yoast SEO plugin v27.5 - https:\/\/yoast.com\/product\/yoast-seo-wordpress\/ -->\n<title>El presidente reclam\u00f3 a la Justicia que esclarezca el intento de magnicidio a CFK - Diario Textual<\/title>\n<meta name=\"robots\" content=\"index, follow, max-snippet:-1, max-image-preview:large, max-video-preview:-1\" \/>\n<link rel=\"canonical\" href=\"https:\/\/diariotextual.com\/inicio\/index.php\/2023\/03\/01\/el-presidente-reclamo-a-la-justicia-que-esclarezca-el-intento-de-magnicidio-a-cfk\/\" \/>\n<meta property=\"og:locale\" content=\"es_ES\" \/>\n<meta property=\"og:type\" content=\"article\" \/>\n<meta property=\"og:title\" content=\"El presidente reclam\u00f3 a la Justicia que esclarezca el intento de magnicidio a CFK - Diario Textual\" \/>\n<meta property=\"og:description\" content=\"El presidente&nbsp;Alberto Fern\u00e1ndez reclam\u00f3 a la Justicia que esclarezca el intento de asesinato de la vicepresidenta Cristina Kirchner,&nbsp;a quien consider\u00f3 una \u201cperseguida\u201d, al encabezar la apertura del 141 per\u00edodo de&hellip;\" \/>\n<meta property=\"og:url\" content=\"https:\/\/diariotextual.com\/inicio\/index.php\/2023\/03\/01\/el-presidente-reclamo-a-la-justicia-que-esclarezca-el-intento-de-magnicidio-a-cfk\/\" \/>\n<meta property=\"og:site_name\" content=\"Diario Textual\" \/>\n<meta property=\"article:publisher\" content=\"https:\/\/www.facebook.com\/eltextual\" \/>\n<meta property=\"article:published_time\" content=\"2023-03-01T15:37:48+00:00\" \/>\n<meta property=\"article:modified_time\" content=\"2023-03-01T20:37:50+00:00\" \/>\n<meta property=\"og:image\" content=\"https:\/\/diariotextual.com\/inicio\/wp-content\/uploads\/2023\/03\/fernandezalbertoaperturasesionesdip3.jpg\" \/>\n\t<meta property=\"og:image:width\" content=\"960\" \/>\n\t<meta property=\"og:image:height\" content=\"640\" \/>\n\t<meta property=\"og:image:type\" content=\"image\/jpeg\" \/>\n<meta name=\"author\" content=\"Diario1 Diario1\" \/>\n<meta name=\"twitter:card\" content=\"summary_large_image\" \/>\n<meta name=\"twitter:creator\" content=\"@eltextual\" \/>\n<meta name=\"twitter:site\" content=\"@eltextual\" \/>\n<meta name=\"twitter:label1\" content=\"Escrito por\" \/>\n\t<meta name=\"twitter:data1\" content=\"Diario1 Diario1\" \/>\n\t<meta name=\"twitter:label2\" content=\"Tiempo de lectura\" \/>\n\t<meta name=\"twitter:data2\" content=\"3 minutos\" \/>\n<script type=\"application\/ld+json\" class=\"yoast-schema-graph\">{\"@context\":\"https:\\\/\\\/schema.org\",\"@graph\":[{\"@type\":\"Article\",\"@id\":\"https:\\\/\\\/diariotextual.com\\\/inicio\\\/index.php\\\/2023\\\/03\\\/01\\\/el-presidente-reclamo-a-la-justicia-que-esclarezca-el-intento-de-magnicidio-a-cfk\\\/#article\",\"isPartOf\":{\"@id\":\"https:\\\/\\\/diariotextual.com\\\/inicio\\\/index.php\\\/2023\\\/03\\\/01\\\/el-presidente-reclamo-a-la-justicia-que-esclarezca-el-intento-de-magnicidio-a-cfk\\\/\"},\"author\":{\"name\":\"Diario1 Diario1\",\"@id\":\"https:\\\/\\\/diariotextual.com\\\/inicio\\\/#\\\/schema\\\/person\\\/418fc4093c33e86ed41562db3508f958\"},\"headline\":\"El presidente reclam\u00f3 a la Justicia que esclarezca el intento de magnicidio a CFK\",\"datePublished\":\"2023-03-01T15:37:48+00:00\",\"dateModified\":\"2023-03-01T20:37:50+00:00\",\"mainEntityOfPage\":{\"@id\":\"https:\\\/\\\/diariotextual.com\\\/inicio\\\/index.php\\\/2023\\\/03\\\/01\\\/el-presidente-reclamo-a-la-justicia-que-esclarezca-el-intento-de-magnicidio-a-cfk\\\/\"},\"wordCount\":727,\"publisher\":{\"@id\":\"https:\\\/\\\/diariotextual.com\\\/inicio\\\/#organization\"},\"image\":{\"@id\":\"https:\\\/\\\/diariotextual.com\\\/inicio\\\/index.php\\\/2023\\\/03\\\/01\\\/el-presidente-reclamo-a-la-justicia-que-esclarezca-el-intento-de-magnicidio-a-cfk\\\/#primaryimage\"},\"thumbnailUrl\":\"https:\\\/\\\/diariotextual.com\\\/inicio\\\/wp-content\\\/uploads\\\/2023\\\/03\\\/fernandezalbertoaperturasesionesdip3.jpg\",\"articleSection\":[\"A - ES NOTICIA (van abajo)\",\"POLITICA\"],\"inLanguage\":\"es\"},{\"@type\":\"WebPage\",\"@id\":\"https:\\\/\\\/diariotextual.com\\\/inicio\\\/index.php\\\/2023\\\/03\\\/01\\\/el-presidente-reclamo-a-la-justicia-que-esclarezca-el-intento-de-magnicidio-a-cfk\\\/\",\"url\":\"https:\\\/\\\/diariotextual.com\\\/inicio\\\/index.php\\\/2023\\\/03\\\/01\\\/el-presidente-reclamo-a-la-justicia-que-esclarezca-el-intento-de-magnicidio-a-cfk\\\/\",\"name\":\"El presidente reclam\u00f3 a la Justicia que esclarezca el intento de magnicidio a CFK - Diario Textual\",\"isPartOf\":{\"@id\":\"https:\\\/\\\/diariotextual.com\\\/inicio\\\/#website\"},\"primaryImageOfPage\":{\"@id\":\"https:\\\/\\\/diariotextual.com\\\/inicio\\\/index.php\\\/2023\\\/03\\\/01\\\/el-presidente-reclamo-a-la-justicia-que-esclarezca-el-intento-de-magnicidio-a-cfk\\\/#primaryimage\"},\"image\":{\"@id\":\"https:\\\/\\\/diariotextual.com\\\/inicio\\\/index.php\\\/2023\\\/03\\\/01\\\/el-presidente-reclamo-a-la-justicia-que-esclarezca-el-intento-de-magnicidio-a-cfk\\\/#primaryimage\"},\"thumbnailUrl\":\"https:\\\/\\\/diariotextual.com\\\/inicio\\\/wp-content\\\/uploads\\\/2023\\\/03\\\/fernandezalbertoaperturasesionesdip3.jpg\",\"datePublished\":\"2023-03-01T15:37:48+00:00\",\"dateModified\":\"2023-03-01T20:37:50+00:00\",\"breadcrumb\":{\"@id\":\"https:\\\/\\\/diariotextual.com\\\/inicio\\\/index.php\\\/2023\\\/03\\\/01\\\/el-presidente-reclamo-a-la-justicia-que-esclarezca-el-intento-de-magnicidio-a-cfk\\\/#breadcrumb\"},\"inLanguage\":\"es\",\"potentialAction\":[{\"@type\":\"ReadAction\",\"target\":[\"https:\\\/\\\/diariotextual.com\\\/inicio\\\/index.php\\\/2023\\\/03\\\/01\\\/el-presidente-reclamo-a-la-justicia-que-esclarezca-el-intento-de-magnicidio-a-cfk\\\/\"]}]},{\"@type\":\"ImageObject\",\"inLanguage\":\"es\",\"@id\":\"https:\\\/\\\/diariotextual.com\\\/inicio\\\/index.php\\\/2023\\\/03\\\/01\\\/el-presidente-reclamo-a-la-justicia-que-esclarezca-el-intento-de-magnicidio-a-cfk\\\/#primaryimage\",\"url\":\"https:\\\/\\\/diariotextual.com\\\/inicio\\\/wp-content\\\/uploads\\\/2023\\\/03\\\/fernandezalbertoaperturasesionesdip3.jpg\",\"contentUrl\":\"https:\\\/\\\/diariotextual.com\\\/inicio\\\/wp-content\\\/uploads\\\/2023\\\/03\\\/fernandezalbertoaperturasesionesdip3.jpg\",\"width\":960,\"height\":640},{\"@type\":\"BreadcrumbList\",\"@id\":\"https:\\\/\\\/diariotextual.com\\\/inicio\\\/index.php\\\/2023\\\/03\\\/01\\\/el-presidente-reclamo-a-la-justicia-que-esclarezca-el-intento-de-magnicidio-a-cfk\\\/#breadcrumb\",\"itemListElement\":[{\"@type\":\"ListItem\",\"position\":1,\"name\":\"Portada\",\"item\":\"https:\\\/\\\/diariotextual.com\\\/inicio\\\/\"},{\"@type\":\"ListItem\",\"position\":2,\"name\":\"El presidente reclam\u00f3 a la Justicia que esclarezca el intento de magnicidio a CFK\"}]},{\"@type\":\"WebSite\",\"@id\":\"https:\\\/\\\/diariotextual.com\\\/inicio\\\/#website\",\"url\":\"https:\\\/\\\/diariotextual.com\\\/inicio\\\/\",\"name\":\"Diario Textual\",\"description\":\"\",\"publisher\":{\"@id\":\"https:\\\/\\\/diariotextual.com\\\/inicio\\\/#organization\"},\"potentialAction\":[{\"@type\":\"SearchAction\",\"target\":{\"@type\":\"EntryPoint\",\"urlTemplate\":\"https:\\\/\\\/diariotextual.com\\\/inicio\\\/?s={search_term_string}\"},\"query-input\":{\"@type\":\"PropertyValueSpecification\",\"valueRequired\":true,\"valueName\":\"search_term_string\"}}],\"inLanguage\":\"es\"},{\"@type\":\"Organization\",\"@id\":\"https:\\\/\\\/diariotextual.com\\\/inicio\\\/#organization\",\"name\":\"Diario Textual\",\"url\":\"https:\\\/\\\/diariotextual.com\\\/inicio\\\/\",\"logo\":{\"@type\":\"ImageObject\",\"inLanguage\":\"es\",\"@id\":\"https:\\\/\\\/diariotextual.com\\\/inicio\\\/#\\\/schema\\\/logo\\\/image\\\/\",\"url\":\"https:\\\/\\\/diariotextual.com\\\/inicio\\\/wp-content\\\/uploads\\\/2023\\\/05\\\/logotextual1.jpg\",\"contentUrl\":\"https:\\\/\\\/diariotextual.com\\\/inicio\\\/wp-content\\\/uploads\\\/2023\\\/05\\\/logotextual1.jpg\",\"width\":516,\"height\":76,\"caption\":\"Diario Textual\"},\"image\":{\"@id\":\"https:\\\/\\\/diariotextual.com\\\/inicio\\\/#\\\/schema\\\/logo\\\/image\\\/\"},\"sameAs\":[\"https:\\\/\\\/www.facebook.com\\\/eltextual\",\"https:\\\/\\\/x.com\\\/eltextual\",\"http:\\\/\\\/www.instagram.com\\\/eltextual\"]},{\"@type\":\"Person\",\"@id\":\"https:\\\/\\\/diariotextual.com\\\/inicio\\\/#\\\/schema\\\/person\\\/418fc4093c33e86ed41562db3508f958\",\"name\":\"Diario1 Diario1\",\"image\":{\"@type\":\"ImageObject\",\"inLanguage\":\"es\",\"@id\":\"https:\\\/\\\/secure.gravatar.com\\\/avatar\\\/9167d280179c85bc18be67aa7eda765854300033af4896dd779b608640f2ef7a?s=96&d=mm&r=g\",\"url\":\"https:\\\/\\\/secure.gravatar.com\\\/avatar\\\/9167d280179c85bc18be67aa7eda765854300033af4896dd779b608640f2ef7a?s=96&d=mm&r=g\",\"contentUrl\":\"https:\\\/\\\/secure.gravatar.com\\\/avatar\\\/9167d280179c85bc18be67aa7eda765854300033af4896dd779b608640f2ef7a?s=96&d=mm&r=g\",\"caption\":\"Diario1 Diario1\"},\"url\":\"https:\\\/\\\/diariotextual.com\\\/inicio\\\/index.php\\\/author\\\/diario1\\\/\"}]}<\/script>\n<!-- \/ Yoast SEO plugin. -->","yoast_head_json":{"title":"El presidente reclam\u00f3 a la Justicia que esclarezca el intento de magnicidio a CFK - Diario Textual","robots":{"index":"index","follow":"follow","max-snippet":"max-snippet:-1","max-image-preview":"max-image-preview:large","max-video-preview":"max-video-preview:-1"},"canonical":"https:\/\/diariotextual.com\/inicio\/index.php\/2023\/03\/01\/el-presidente-reclamo-a-la-justicia-que-esclarezca-el-intento-de-magnicidio-a-cfk\/","og_locale":"es_ES","og_type":"article","og_title":"El presidente reclam\u00f3 a la Justicia que esclarezca el intento de magnicidio a CFK - Diario Textual","og_description":"El presidente&nbsp;Alberto Fern\u00e1ndez reclam\u00f3 a la Justicia que esclarezca el intento de asesinato de la vicepresidenta Cristina Kirchner,&nbsp;a quien consider\u00f3 una \u201cperseguida\u201d, al encabezar la apertura del 141 per\u00edodo de&hellip;","og_url":"https:\/\/diariotextual.com\/inicio\/index.php\/2023\/03\/01\/el-presidente-reclamo-a-la-justicia-que-esclarezca-el-intento-de-magnicidio-a-cfk\/","og_site_name":"Diario Textual","article_publisher":"https:\/\/www.facebook.com\/eltextual","article_published_time":"2023-03-01T15:37:48+00:00","article_modified_time":"2023-03-01T20:37:50+00:00","og_image":[{"width":960,"height":640,"url":"https:\/\/diariotextual.com\/inicio\/wp-content\/uploads\/2023\/03\/fernandezalbertoaperturasesionesdip3.jpg","type":"image\/jpeg"}],"author":"Diario1 Diario1","twitter_card":"summary_large_image","twitter_creator":"@eltextual","twitter_site":"@eltextual","twitter_misc":{"Escrito por":"Diario1 Diario1","Tiempo de lectura":"3 minutos"},"schema":{"@context":"https:\/\/schema.org","@graph":[{"@type":"Article","@id":"https:\/\/diariotextual.com\/inicio\/index.php\/2023\/03\/01\/el-presidente-reclamo-a-la-justicia-que-esclarezca-el-intento-de-magnicidio-a-cfk\/#article","isPartOf":{"@id":"https:\/\/diariotextual.com\/inicio\/index.php\/2023\/03\/01\/el-presidente-reclamo-a-la-justicia-que-esclarezca-el-intento-de-magnicidio-a-cfk\/"},"author":{"name":"Diario1 Diario1","@id":"https:\/\/diariotextual.com\/inicio\/#\/schema\/person\/418fc4093c33e86ed41562db3508f958"},"headline":"El presidente reclam\u00f3 a la Justicia que esclarezca el intento de magnicidio a CFK","datePublished":"2023-03-01T15:37:48+00:00","dateModified":"2023-03-01T20:37:50+00:00","mainEntityOfPage":{"@id":"https:\/\/diariotextual.com\/inicio\/index.php\/2023\/03\/01\/el-presidente-reclamo-a-la-justicia-que-esclarezca-el-intento-de-magnicidio-a-cfk\/"},"wordCount":727,"publisher":{"@id":"https:\/\/diariotextual.com\/inicio\/#organization"},"image":{"@id":"https:\/\/diariotextual.com\/inicio\/index.php\/2023\/03\/01\/el-presidente-reclamo-a-la-justicia-que-esclarezca-el-intento-de-magnicidio-a-cfk\/#primaryimage"},"thumbnailUrl":"https:\/\/diariotextual.com\/inicio\/wp-content\/uploads\/2023\/03\/fernandezalbertoaperturasesionesdip3.jpg","articleSection":["A - ES NOTICIA (van abajo)","POLITICA"],"inLanguage":"es"},{"@type":"WebPage","@id":"https:\/\/diariotextual.com\/inicio\/index.php\/2023\/03\/01\/el-presidente-reclamo-a-la-justicia-que-esclarezca-el-intento-de-magnicidio-a-cfk\/","url":"https:\/\/diariotextual.com\/inicio\/index.php\/2023\/03\/01\/el-presidente-reclamo-a-la-justicia-que-esclarezca-el-intento-de-magnicidio-a-cfk\/","name":"El presidente reclam\u00f3 a la Justicia que esclarezca el intento de magnicidio a CFK - Diario Textual","isPartOf":{"@id":"https:\/\/diariotextual.com\/inicio\/#website"},"primaryImageOfPage":{"@id":"https:\/\/diariotextual.com\/inicio\/index.php\/2023\/03\/01\/el-presidente-reclamo-a-la-justicia-que-esclarezca-el-intento-de-magnicidio-a-cfk\/#primaryimage"},"image":{"@id":"https:\/\/diariotextual.com\/inicio\/index.php\/2023\/03\/01\/el-presidente-reclamo-a-la-justicia-que-esclarezca-el-intento-de-magnicidio-a-cfk\/#primaryimage"},"thumbnailUrl":"https:\/\/diariotextual.com\/inicio\/wp-content\/uploads\/2023\/03\/fernandezalbertoaperturasesionesdip3.jpg","datePublished":"2023-03-01T15:37:48+00:00","dateModified":"2023-03-01T20:37:50+00:00","breadcrumb":{"@id":"https:\/\/diariotextual.com\/inicio\/index.php\/2023\/03\/01\/el-presidente-reclamo-a-la-justicia-que-esclarezca-el-intento-de-magnicidio-a-cfk\/#breadcrumb"},"inLanguage":"es","potentialAction":[{"@type":"ReadAction","target":["https:\/\/diariotextual.com\/inicio\/index.php\/2023\/03\/01\/el-presidente-reclamo-a-la-justicia-que-esclarezca-el-intento-de-magnicidio-a-cfk\/"]}]},{"@type":"ImageObject","inLanguage":"es","@id":"https:\/\/diariotextual.com\/inicio\/index.php\/2023\/03\/01\/el-presidente-reclamo-a-la-justicia-que-esclarezca-el-intento-de-magnicidio-a-cfk\/#primaryimage","url":"https:\/\/diariotextual.com\/inicio\/wp-content\/uploads\/2023\/03\/fernandezalbertoaperturasesionesdip3.jpg","contentUrl":"https:\/\/diariotextual.com\/inicio\/wp-content\/uploads\/2023\/03\/fernandezalbertoaperturasesionesdip3.jpg","width":960,"height":640},{"@type":"BreadcrumbList","@id":"https:\/\/diariotextual.com\/inicio\/index.php\/2023\/03\/01\/el-presidente-reclamo-a-la-justicia-que-esclarezca-el-intento-de-magnicidio-a-cfk\/#breadcrumb","itemListElement":[{"@type":"ListItem","position":1,"name":"Portada","item":"https:\/\/diariotextual.com\/inicio\/"},{"@type":"ListItem","position":2,"name":"El presidente reclam\u00f3 a la Justicia que esclarezca el intento de magnicidio a CFK"}]},{"@type":"WebSite","@id":"https:\/\/diariotextual.com\/inicio\/#website","url":"https:\/\/diariotextual.com\/inicio\/","name":"Diario Textual","description":"","publisher":{"@id":"https:\/\/diariotextual.com\/inicio\/#organization"},"potentialAction":[{"@type":"SearchAction","target":{"@type":"EntryPoint","urlTemplate":"https:\/\/diariotextual.com\/inicio\/?s={search_term_string}"},"query-input":{"@type":"PropertyValueSpecification","valueRequired":true,"valueName":"search_term_string"}}],"inLanguage":"es"},{"@type":"Organization","@id":"https:\/\/diariotextual.com\/inicio\/#organization","name":"Diario Textual","url":"https:\/\/diariotextual.com\/inicio\/","logo":{"@type":"ImageObject","inLanguage":"es","@id":"https:\/\/diariotextual.com\/inicio\/#\/schema\/logo\/image\/","url":"https:\/\/diariotextual.com\/inicio\/wp-content\/uploads\/2023\/05\/logotextual1.jpg","contentUrl":"https:\/\/diariotextual.com\/inicio\/wp-content\/uploads\/2023\/05\/logotextual1.jpg","width":516,"height":76,"caption":"Diario Textual"},"image":{"@id":"https:\/\/diariotextual.com\/inicio\/#\/schema\/logo\/image\/"},"sameAs":["https:\/\/www.facebook.com\/eltextual","https:\/\/x.com\/eltextual","http:\/\/www.instagram.com\/eltextual"]},{"@type":"Person","@id":"https:\/\/diariotextual.com\/inicio\/#\/schema\/person\/418fc4093c33e86ed41562db3508f958","name":"Diario1 Diario1","image":{"@type":"ImageObject","inLanguage":"es","@id":"https:\/\/secure.gravatar.com\/avatar\/9167d280179c85bc18be67aa7eda765854300033af4896dd779b608640f2ef7a?s=96&d=mm&r=g","url":"https:\/\/secure.gravatar.com\/avatar\/9167d280179c85bc18be67aa7eda765854300033af4896dd779b608640f2ef7a?s=96&d=mm&r=g","contentUrl":"https:\/\/secure.gravatar.com\/avatar\/9167d280179c85bc18be67aa7eda765854300033af4896dd779b608640f2ef7a?s=96&d=mm&r=g","caption":"Diario1 Diario1"},"url":"https:\/\/diariotextual.com\/inicio\/index.php\/author\/diario1\/"}]}},"_links":{"self":[{"href":"https:\/\/diariotextual.com\/inicio\/index.php\/wp-json\/wp\/v2\/posts\/217510","targetHints":{"allow":["GET"]}}],"collection":[{"href":"https:\/\/diariotextual.com\/inicio\/index.php\/wp-json\/wp\/v2\/posts"}],"about":[{"href":"https:\/\/diariotextual.com\/inicio\/index.php\/wp-json\/wp\/v2\/types\/post"}],"author":[{"embeddable":true,"href":"https:\/\/diariotextual.com\/inicio\/index.php\/wp-json\/wp\/v2\/users\/3"}],"replies":[{"embeddable":true,"href":"https:\/\/diariotextual.com\/inicio\/index.php\/wp-json\/wp\/v2\/comments?post=217510"}],"version-history":[{"count":4,"href":"https:\/\/diariotextual.com\/inicio\/index.php\/wp-json\/wp\/v2\/posts\/217510\/revisions"}],"predecessor-version":[{"id":217514,"href":"https:\/\/diariotextual.com\/inicio\/index.php\/wp-json\/wp\/v2\/posts\/217510\/revisions\/217514"}],"wp:featuredmedia":[{"embeddable":true,"href":"https:\/\/diariotextual.com\/inicio\/index.php\/wp-json\/wp\/v2\/media\/217521"}],"wp:attachment":[{"href":"https:\/\/diariotextual.com\/inicio\/index.php\/wp-json\/wp\/v2\/media?parent=217510"}],"wp:term":[{"taxonomy":"category","embeddable":true,"href":"https:\/\/diariotextual.com\/inicio\/index.php\/wp-json\/wp\/v2\/categories?post=217510"},{"taxonomy":"post_tag","embeddable":true,"href":"https:\/\/diariotextual.com\/inicio\/index.php\/wp-json\/wp\/v2\/tags?post=217510"}],"curies":[{"name":"wp","href":"https:\/\/api.w.org\/{rel}","templated":true}]}}