{"id":217515,"date":"2023-03-01T13:16:54","date_gmt":"2023-03-01T16:16:54","guid":{"rendered":"https:\/\/diariotextual.com\/inicio\/?p=217515"},"modified":"2023-03-02T07:18:15","modified_gmt":"2023-03-02T10:18:15","slug":"coparticipacion-la-corte-le-quita-dinero-a-los-que-mas-necesitan-y-los-destina-a-la-ciudad-mas-opulenta","status":"publish","type":"post","link":"https:\/\/diariotextual.com\/inicio\/index.php\/2023\/03\/01\/coparticipacion-la-corte-le-quita-dinero-a-los-que-mas-necesitan-y-los-destina-a-la-ciudad-mas-opulenta\/","title":{"rendered":"Coparticipaci\u00f3n: \u201cLa Corte le quita dinero a los que m\u00e1s necesitan y los destina a la ciudad m\u00e1s opulenta\u201d"},"content":{"rendered":"\n<p>El presidente Alberto Fern\u00e1ndez sostuvo hoy que la Corte Suprema de Justicia<strong> \u201cle quita dinero a los que m\u00e1s necesitan y destina esos mismos recursos a la ciudad m\u00e1s opulenta del pa\u00eds\u201d, <\/strong>en relaci\u00f3n al fallo que dict\u00f3 el m\u00e1ximo tribunal en favor de la Ciudad Aut\u00f3noma de Buenos Aires por la coparticipaci\u00f3n. \u201cLa intromisi\u00f3n de la Justicia en la ejecuci\u00f3n presupuestaria es definitivamente inadmisible\u201d, asegur\u00f3.<\/p>\n\n\n\n<p><strong>\u201cMientras que muchas provincias necesitan realizar obras que permiten asegurar servicios tan esenciales como el agua potable para sus habitantes, la Corte Suprema de Justicia asegur\u00f3 cautelar a la Ciudad Aut\u00f3noma de Buenos Aires recursos coparticipables que no le corresponden contrariando la ley de coparticipaci\u00f3n vigente<\/strong>. Le quita dinero a los que m\u00e1s necesitan y destina esos mismos recursos a la ciudad m\u00e1s opulenta del pa\u00eds\u201d, cuestion\u00f3 el mandatario en su discurso ante la Asamblea Legislativa.<\/p>\n\n\n\n<p>Fern\u00e1ndez remarc\u00f3 que \u201clos recursos coparticipables se distribuyen de acuerdo con las formas establecidas por una ley convenio que han firmado cada una de las provincias argentinas y el Estado Nacional y la Ciudad Aut\u00f3noma de Buenos Aires no forma parte de ese convenio\u201d.<\/p>\n\n\n\n<p>En medio de fuertes cruces con dirigente opositores, que comenzaron a gritar en el recinto y manifestar gestos de desaprobaci\u00f3n al discurso presidencial, el mandatario les dijo: \u201cNo son mentira, no son mentira\u201d.<\/p>\n\n\n\n<p>En ese marco, ratific\u00f3 que el distrito porte\u00f1o \u201cno tiene derechos sobre esos recursos\u201d sino que \u201cdebe recibirlos del Estado Nacional cuando este le transfiere un servicio que hasta ese momento prestaba\u201d, y sostuvo que \u201cesa decisi\u00f3n es parte de la gesti\u00f3n administradora del Poder Ejecutivo Nacional y no puede ser sustituida por otro poder de la Rep\u00fablica\u201d.<\/p>\n\n\n\n<p>Por otro lado, <strong>defendi\u00f3 el proceso de juicio pol\u00edtico que se lleva adelante en la C\u00e1mara de Diputados contra los miembros de la Corte Suprema <\/strong>y dijo que \u201cno hay ning\u00fan ataque ni embestida contra la justicia\u201d.<br><br>\u201cLamentablemente, el accionar de los miembros de la Corte Suprema de Justicia de la Naci\u00f3n, nos llev\u00f3 a presentar un pedido de juicio pol\u00edtico ante la C\u00e1mara de Diputados que decidir\u00e1 si los acusa ante el Senado. Cualquier argumento que sostenga que el reclamo es violatorio de la Rep\u00fablica o del Estado de derecho, es falso\u201d, dijo el Presidente ante la Asamblea Legislativa, y agreg\u00f3: \u201cNo hay ning\u00fan ataque ni embestida contra la Justicia\u201d.<\/p>\n\n\n\n<figure class=\"wp-block-embed is-type-wp-embed is-provider-diario-textual wp-block-embed-diario-textual\"><div class=\"wp-block-embed__wrapper\">\n<blockquote class=\"wp-embedded-content\" data-secret=\"MlkvQ4LSGa\"><a href=\"https:\/\/diariotextual.com\/inicio\/index.php\/2023\/03\/01\/el-presidente-reclamo-a-la-justicia-que-esclarezca-el-intento-de-magnicidio-a-cfk\/\">El presidente reclam\u00f3 a la Justicia que esclarezca el intento de magnicidio a CFK<\/a><\/blockquote><iframe class=\"wp-embedded-content\" sandbox=\"allow-scripts\" security=\"restricted\" style=\"position: absolute; clip: rect(1px, 1px, 1px, 1px);\" title=\"\u00abEl presidente reclam\u00f3 a la Justicia que esclarezca el intento de magnicidio a CFK\u00bb \u2014 Diario Textual\" src=\"https:\/\/diariotextual.com\/inicio\/index.php\/2023\/03\/01\/el-presidente-reclamo-a-la-justicia-que-esclarezca-el-intento-de-magnicidio-a-cfk\/embed\/#?secret=wWtr0mKAsF#?secret=MlkvQ4LSGa\" data-secret=\"MlkvQ4LSGa\" width=\"600\" height=\"338\" frameborder=\"0\" marginwidth=\"0\" marginheight=\"0\" scrolling=\"no\"><\/iframe>\n<\/div><\/figure>\n","protected":false},"excerpt":{"rendered":"<p>El presidente Alberto Fern\u00e1ndez sostuvo hoy que la Corte Suprema de Justicia \u201cle quita dinero a los que m\u00e1s necesitan y destina esos mismos recursos a la ciudad m\u00e1s opulenta&hellip;<\/p>\n","protected":false},"author":4,"featured_media":217520,"comment_status":"closed","ping_status":"open","sticky":false,"template":"","format":"standard","meta":{"_acf_changed":false,"footnotes":""},"categories":[1,8],"tags":[],"class_list":["post-217515","post","type-post","status-publish","format-standard","has-post-thumbnail","hentry","category-es-noticia","category-politica"],"acf":[],"yoast_head":"<!-- This site is optimized with the Yoast SEO plugin v27.5 - https:\/\/yoast.com\/product\/yoast-seo-wordpress\/ -->\n<title>Coparticipaci\u00f3n: \u201cLa Corte le quita dinero a los que m\u00e1s necesitan y los destina a la ciudad m\u00e1s opulenta\u201d - Diario Textual<\/title>\n<meta name=\"robots\" content=\"index, follow, max-snippet:-1, max-image-preview:large, max-video-preview:-1\" \/>\n<link rel=\"canonical\" href=\"https:\/\/diariotextual.com\/inicio\/index.php\/2023\/03\/01\/coparticipacion-la-corte-le-quita-dinero-a-los-que-mas-necesitan-y-los-destina-a-la-ciudad-mas-opulenta\/\" \/>\n<meta property=\"og:locale\" content=\"es_ES\" \/>\n<meta property=\"og:type\" content=\"article\" \/>\n<meta property=\"og:title\" content=\"Coparticipaci\u00f3n: \u201cLa Corte le quita dinero a los que m\u00e1s necesitan y los destina a la ciudad m\u00e1s opulenta\u201d - Diario Textual\" \/>\n<meta property=\"og:description\" content=\"El presidente Alberto Fern\u00e1ndez sostuvo hoy que la Corte Suprema de Justicia \u201cle quita dinero a los que m\u00e1s necesitan y destina esos mismos recursos a la ciudad m\u00e1s opulenta&hellip;\" \/>\n<meta property=\"og:url\" content=\"https:\/\/diariotextual.com\/inicio\/index.php\/2023\/03\/01\/coparticipacion-la-corte-le-quita-dinero-a-los-que-mas-necesitan-y-los-destina-a-la-ciudad-mas-opulenta\/\" \/>\n<meta property=\"og:site_name\" content=\"Diario Textual\" \/>\n<meta property=\"article:publisher\" content=\"https:\/\/www.facebook.com\/eltextual\" \/>\n<meta property=\"article:published_time\" content=\"2023-03-01T16:16:54+00:00\" \/>\n<meta property=\"article:modified_time\" content=\"2023-03-02T10:18:15+00:00\" \/>\n<meta property=\"og:image\" content=\"https:\/\/diariotextual.com\/inicio\/wp-content\/uploads\/2023\/03\/fernandezalbertoaperturasesiones202333.jpeg\" \/>\n\t<meta property=\"og:image:width\" content=\"960\" \/>\n\t<meta property=\"og:image:height\" content=\"640\" \/>\n\t<meta property=\"og:image:type\" content=\"image\/jpeg\" \/>\n<meta name=\"author\" content=\"diario2\" \/>\n<meta name=\"twitter:card\" content=\"summary_large_image\" \/>\n<meta name=\"twitter:creator\" content=\"@eltextual\" \/>\n<meta name=\"twitter:site\" content=\"@eltextual\" \/>\n<meta name=\"twitter:label1\" content=\"Escrito por\" \/>\n\t<meta name=\"twitter:data1\" content=\"diario2\" \/>\n\t<meta name=\"twitter:label2\" content=\"Tiempo de lectura\" \/>\n\t<meta name=\"twitter:data2\" content=\"2 minutos\" \/>\n<script type=\"application\/ld+json\" class=\"yoast-schema-graph\">{\"@context\":\"https:\\\/\\\/schema.org\",\"@graph\":[{\"@type\":\"Article\",\"@id\":\"https:\\\/\\\/diariotextual.com\\\/inicio\\\/index.php\\\/2023\\\/03\\\/01\\\/coparticipacion-la-corte-le-quita-dinero-a-los-que-mas-necesitan-y-los-destina-a-la-ciudad-mas-opulenta\\\/#article\",\"isPartOf\":{\"@id\":\"https:\\\/\\\/diariotextual.com\\\/inicio\\\/index.php\\\/2023\\\/03\\\/01\\\/coparticipacion-la-corte-le-quita-dinero-a-los-que-mas-necesitan-y-los-destina-a-la-ciudad-mas-opulenta\\\/\"},\"author\":{\"name\":\"diario2\",\"@id\":\"https:\\\/\\\/diariotextual.com\\\/inicio\\\/#\\\/schema\\\/person\\\/694f60677f23c4a530867a98f22b3768\"},\"headline\":\"Coparticipaci\u00f3n: \u201cLa Corte le quita dinero a los que m\u00e1s necesitan y los destina a la ciudad m\u00e1s opulenta\u201d\",\"datePublished\":\"2023-03-01T16:16:54+00:00\",\"dateModified\":\"2023-03-02T10:18:15+00:00\",\"mainEntityOfPage\":{\"@id\":\"https:\\\/\\\/diariotextual.com\\\/inicio\\\/index.php\\\/2023\\\/03\\\/01\\\/coparticipacion-la-corte-le-quita-dinero-a-los-que-mas-necesitan-y-los-destina-a-la-ciudad-mas-opulenta\\\/\"},\"wordCount\":447,\"publisher\":{\"@id\":\"https:\\\/\\\/diariotextual.com\\\/inicio\\\/#organization\"},\"image\":{\"@id\":\"https:\\\/\\\/diariotextual.com\\\/inicio\\\/index.php\\\/2023\\\/03\\\/01\\\/coparticipacion-la-corte-le-quita-dinero-a-los-que-mas-necesitan-y-los-destina-a-la-ciudad-mas-opulenta\\\/#primaryimage\"},\"thumbnailUrl\":\"https:\\\/\\\/diariotextual.com\\\/inicio\\\/wp-content\\\/uploads\\\/2023\\\/03\\\/fernandezalbertoaperturasesiones202333.jpeg\",\"articleSection\":[\"A - ES NOTICIA (van abajo)\",\"POLITICA\"],\"inLanguage\":\"es\"},{\"@type\":\"WebPage\",\"@id\":\"https:\\\/\\\/diariotextual.com\\\/inicio\\\/index.php\\\/2023\\\/03\\\/01\\\/coparticipacion-la-corte-le-quita-dinero-a-los-que-mas-necesitan-y-los-destina-a-la-ciudad-mas-opulenta\\\/\",\"url\":\"https:\\\/\\\/diariotextual.com\\\/inicio\\\/index.php\\\/2023\\\/03\\\/01\\\/coparticipacion-la-corte-le-quita-dinero-a-los-que-mas-necesitan-y-los-destina-a-la-ciudad-mas-opulenta\\\/\",\"name\":\"Coparticipaci\u00f3n: \u201cLa Corte le quita dinero a los que m\u00e1s necesitan y los destina a la ciudad m\u00e1s opulenta\u201d - Diario Textual\",\"isPartOf\":{\"@id\":\"https:\\\/\\\/diariotextual.com\\\/inicio\\\/#website\"},\"primaryImageOfPage\":{\"@id\":\"https:\\\/\\\/diariotextual.com\\\/inicio\\\/index.php\\\/2023\\\/03\\\/01\\\/coparticipacion-la-corte-le-quita-dinero-a-los-que-mas-necesitan-y-los-destina-a-la-ciudad-mas-opulenta\\\/#primaryimage\"},\"image\":{\"@id\":\"https:\\\/\\\/diariotextual.com\\\/inicio\\\/index.php\\\/2023\\\/03\\\/01\\\/coparticipacion-la-corte-le-quita-dinero-a-los-que-mas-necesitan-y-los-destina-a-la-ciudad-mas-opulenta\\\/#primaryimage\"},\"thumbnailUrl\":\"https:\\\/\\\/diariotextual.com\\\/inicio\\\/wp-content\\\/uploads\\\/2023\\\/03\\\/fernandezalbertoaperturasesiones202333.jpeg\",\"datePublished\":\"2023-03-01T16:16:54+00:00\",\"dateModified\":\"2023-03-02T10:18:15+00:00\",\"breadcrumb\":{\"@id\":\"https:\\\/\\\/diariotextual.com\\\/inicio\\\/index.php\\\/2023\\\/03\\\/01\\\/coparticipacion-la-corte-le-quita-dinero-a-los-que-mas-necesitan-y-los-destina-a-la-ciudad-mas-opulenta\\\/#breadcrumb\"},\"inLanguage\":\"es\",\"potentialAction\":[{\"@type\":\"ReadAction\",\"target\":[\"https:\\\/\\\/diariotextual.com\\\/inicio\\\/index.php\\\/2023\\\/03\\\/01\\\/coparticipacion-la-corte-le-quita-dinero-a-los-que-mas-necesitan-y-los-destina-a-la-ciudad-mas-opulenta\\\/\"]}]},{\"@type\":\"ImageObject\",\"inLanguage\":\"es\",\"@id\":\"https:\\\/\\\/diariotextual.com\\\/inicio\\\/index.php\\\/2023\\\/03\\\/01\\\/coparticipacion-la-corte-le-quita-dinero-a-los-que-mas-necesitan-y-los-destina-a-la-ciudad-mas-opulenta\\\/#primaryimage\",\"url\":\"https:\\\/\\\/diariotextual.com\\\/inicio\\\/wp-content\\\/uploads\\\/2023\\\/03\\\/fernandezalbertoaperturasesiones202333.jpeg\",\"contentUrl\":\"https:\\\/\\\/diariotextual.com\\\/inicio\\\/wp-content\\\/uploads\\\/2023\\\/03\\\/fernandezalbertoaperturasesiones202333.jpeg\",\"width\":960,\"height\":640},{\"@type\":\"BreadcrumbList\",\"@id\":\"https:\\\/\\\/diariotextual.com\\\/inicio\\\/index.php\\\/2023\\\/03\\\/01\\\/coparticipacion-la-corte-le-quita-dinero-a-los-que-mas-necesitan-y-los-destina-a-la-ciudad-mas-opulenta\\\/#breadcrumb\",\"itemListElement\":[{\"@type\":\"ListItem\",\"position\":1,\"name\":\"Portada\",\"item\":\"https:\\\/\\\/diariotextual.com\\\/inicio\\\/\"},{\"@type\":\"ListItem\",\"position\":2,\"name\":\"Coparticipaci\u00f3n: \u201cLa Corte le quita dinero a los que m\u00e1s necesitan y los destina a la ciudad m\u00e1s opulenta\u201d\"}]},{\"@type\":\"WebSite\",\"@id\":\"https:\\\/\\\/diariotextual.com\\\/inicio\\\/#website\",\"url\":\"https:\\\/\\\/diariotextual.com\\\/inicio\\\/\",\"name\":\"Diario Textual\",\"description\":\"\",\"publisher\":{\"@id\":\"https:\\\/\\\/diariotextual.com\\\/inicio\\\/#organization\"},\"potentialAction\":[{\"@type\":\"SearchAction\",\"target\":{\"@type\":\"EntryPoint\",\"urlTemplate\":\"https:\\\/\\\/diariotextual.com\\\/inicio\\\/?s={search_term_string}\"},\"query-input\":{\"@type\":\"PropertyValueSpecification\",\"valueRequired\":true,\"valueName\":\"search_term_string\"}}],\"inLanguage\":\"es\"},{\"@type\":\"Organization\",\"@id\":\"https:\\\/\\\/diariotextual.com\\\/inicio\\\/#organization\",\"name\":\"Diario Textual\",\"url\":\"https:\\\/\\\/diariotextual.com\\\/inicio\\\/\",\"logo\":{\"@type\":\"ImageObject\",\"inLanguage\":\"es\",\"@id\":\"https:\\\/\\\/diariotextual.com\\\/inicio\\\/#\\\/schema\\\/logo\\\/image\\\/\",\"url\":\"https:\\\/\\\/diariotextual.com\\\/inicio\\\/wp-content\\\/uploads\\\/2023\\\/05\\\/logotextual1.jpg\",\"contentUrl\":\"https:\\\/\\\/diariotextual.com\\\/inicio\\\/wp-content\\\/uploads\\\/2023\\\/05\\\/logotextual1.jpg\",\"width\":516,\"height\":76,\"caption\":\"Diario Textual\"},\"image\":{\"@id\":\"https:\\\/\\\/diariotextual.com\\\/inicio\\\/#\\\/schema\\\/logo\\\/image\\\/\"},\"sameAs\":[\"https:\\\/\\\/www.facebook.com\\\/eltextual\",\"https:\\\/\\\/x.com\\\/eltextual\",\"http:\\\/\\\/www.instagram.com\\\/eltextual\"]},{\"@type\":\"Person\",\"@id\":\"https:\\\/\\\/diariotextual.com\\\/inicio\\\/#\\\/schema\\\/person\\\/694f60677f23c4a530867a98f22b3768\",\"name\":\"diario2\",\"image\":{\"@type\":\"ImageObject\",\"inLanguage\":\"es\",\"@id\":\"https:\\\/\\\/secure.gravatar.com\\\/avatar\\\/5a2567495ba16b852fcd8f1ed006a2e24fcace936018ed8237e95f488ad6e0a7?s=96&d=mm&r=g\",\"url\":\"https:\\\/\\\/secure.gravatar.com\\\/avatar\\\/5a2567495ba16b852fcd8f1ed006a2e24fcace936018ed8237e95f488ad6e0a7?s=96&d=mm&r=g\",\"contentUrl\":\"https:\\\/\\\/secure.gravatar.com\\\/avatar\\\/5a2567495ba16b852fcd8f1ed006a2e24fcace936018ed8237e95f488ad6e0a7?s=96&d=mm&r=g\",\"caption\":\"diario2\"},\"url\":\"https:\\\/\\\/diariotextual.com\\\/inicio\\\/index.php\\\/author\\\/diario2\\\/\"}]}<\/script>\n<!-- \/ Yoast SEO plugin. -->","yoast_head_json":{"title":"Coparticipaci\u00f3n: \u201cLa Corte le quita dinero a los que m\u00e1s necesitan y los destina a la ciudad m\u00e1s opulenta\u201d - Diario Textual","robots":{"index":"index","follow":"follow","max-snippet":"max-snippet:-1","max-image-preview":"max-image-preview:large","max-video-preview":"max-video-preview:-1"},"canonical":"https:\/\/diariotextual.com\/inicio\/index.php\/2023\/03\/01\/coparticipacion-la-corte-le-quita-dinero-a-los-que-mas-necesitan-y-los-destina-a-la-ciudad-mas-opulenta\/","og_locale":"es_ES","og_type":"article","og_title":"Coparticipaci\u00f3n: \u201cLa Corte le quita dinero a los que m\u00e1s necesitan y los destina a la ciudad m\u00e1s opulenta\u201d - Diario Textual","og_description":"El presidente Alberto Fern\u00e1ndez sostuvo hoy que la Corte Suprema de Justicia \u201cle quita dinero a los que m\u00e1s necesitan y destina esos mismos recursos a la ciudad m\u00e1s opulenta&hellip;","og_url":"https:\/\/diariotextual.com\/inicio\/index.php\/2023\/03\/01\/coparticipacion-la-corte-le-quita-dinero-a-los-que-mas-necesitan-y-los-destina-a-la-ciudad-mas-opulenta\/","og_site_name":"Diario Textual","article_publisher":"https:\/\/www.facebook.com\/eltextual","article_published_time":"2023-03-01T16:16:54+00:00","article_modified_time":"2023-03-02T10:18:15+00:00","og_image":[{"width":960,"height":640,"url":"https:\/\/diariotextual.com\/inicio\/wp-content\/uploads\/2023\/03\/fernandezalbertoaperturasesiones202333.jpeg","type":"image\/jpeg"}],"author":"diario2","twitter_card":"summary_large_image","twitter_creator":"@eltextual","twitter_site":"@eltextual","twitter_misc":{"Escrito por":"diario2","Tiempo de lectura":"2 minutos"},"schema":{"@context":"https:\/\/schema.org","@graph":[{"@type":"Article","@id":"https:\/\/diariotextual.com\/inicio\/index.php\/2023\/03\/01\/coparticipacion-la-corte-le-quita-dinero-a-los-que-mas-necesitan-y-los-destina-a-la-ciudad-mas-opulenta\/#article","isPartOf":{"@id":"https:\/\/diariotextual.com\/inicio\/index.php\/2023\/03\/01\/coparticipacion-la-corte-le-quita-dinero-a-los-que-mas-necesitan-y-los-destina-a-la-ciudad-mas-opulenta\/"},"author":{"name":"diario2","@id":"https:\/\/diariotextual.com\/inicio\/#\/schema\/person\/694f60677f23c4a530867a98f22b3768"},"headline":"Coparticipaci\u00f3n: \u201cLa Corte le quita dinero a los que m\u00e1s necesitan y los destina a la ciudad m\u00e1s opulenta\u201d","datePublished":"2023-03-01T16:16:54+00:00","dateModified":"2023-03-02T10:18:15+00:00","mainEntityOfPage":{"@id":"https:\/\/diariotextual.com\/inicio\/index.php\/2023\/03\/01\/coparticipacion-la-corte-le-quita-dinero-a-los-que-mas-necesitan-y-los-destina-a-la-ciudad-mas-opulenta\/"},"wordCount":447,"publisher":{"@id":"https:\/\/diariotextual.com\/inicio\/#organization"},"image":{"@id":"https:\/\/diariotextual.com\/inicio\/index.php\/2023\/03\/01\/coparticipacion-la-corte-le-quita-dinero-a-los-que-mas-necesitan-y-los-destina-a-la-ciudad-mas-opulenta\/#primaryimage"},"thumbnailUrl":"https:\/\/diariotextual.com\/inicio\/wp-content\/uploads\/2023\/03\/fernandezalbertoaperturasesiones202333.jpeg","articleSection":["A - ES NOTICIA (van abajo)","POLITICA"],"inLanguage":"es"},{"@type":"WebPage","@id":"https:\/\/diariotextual.com\/inicio\/index.php\/2023\/03\/01\/coparticipacion-la-corte-le-quita-dinero-a-los-que-mas-necesitan-y-los-destina-a-la-ciudad-mas-opulenta\/","url":"https:\/\/diariotextual.com\/inicio\/index.php\/2023\/03\/01\/coparticipacion-la-corte-le-quita-dinero-a-los-que-mas-necesitan-y-los-destina-a-la-ciudad-mas-opulenta\/","name":"Coparticipaci\u00f3n: \u201cLa Corte le quita dinero a los que m\u00e1s necesitan y los destina a la ciudad m\u00e1s opulenta\u201d - Diario Textual","isPartOf":{"@id":"https:\/\/diariotextual.com\/inicio\/#website"},"primaryImageOfPage":{"@id":"https:\/\/diariotextual.com\/inicio\/index.php\/2023\/03\/01\/coparticipacion-la-corte-le-quita-dinero-a-los-que-mas-necesitan-y-los-destina-a-la-ciudad-mas-opulenta\/#primaryimage"},"image":{"@id":"https:\/\/diariotextual.com\/inicio\/index.php\/2023\/03\/01\/coparticipacion-la-corte-le-quita-dinero-a-los-que-mas-necesitan-y-los-destina-a-la-ciudad-mas-opulenta\/#primaryimage"},"thumbnailUrl":"https:\/\/diariotextual.com\/inicio\/wp-content\/uploads\/2023\/03\/fernandezalbertoaperturasesiones202333.jpeg","datePublished":"2023-03-01T16:16:54+00:00","dateModified":"2023-03-02T10:18:15+00:00","breadcrumb":{"@id":"https:\/\/diariotextual.com\/inicio\/index.php\/2023\/03\/01\/coparticipacion-la-corte-le-quita-dinero-a-los-que-mas-necesitan-y-los-destina-a-la-ciudad-mas-opulenta\/#breadcrumb"},"inLanguage":"es","potentialAction":[{"@type":"ReadAction","target":["https:\/\/diariotextual.com\/inicio\/index.php\/2023\/03\/01\/coparticipacion-la-corte-le-quita-dinero-a-los-que-mas-necesitan-y-los-destina-a-la-ciudad-mas-opulenta\/"]}]},{"@type":"ImageObject","inLanguage":"es","@id":"https:\/\/diariotextual.com\/inicio\/index.php\/2023\/03\/01\/coparticipacion-la-corte-le-quita-dinero-a-los-que-mas-necesitan-y-los-destina-a-la-ciudad-mas-opulenta\/#primaryimage","url":"https:\/\/diariotextual.com\/inicio\/wp-content\/uploads\/2023\/03\/fernandezalbertoaperturasesiones202333.jpeg","contentUrl":"https:\/\/diariotextual.com\/inicio\/wp-content\/uploads\/2023\/03\/fernandezalbertoaperturasesiones202333.jpeg","width":960,"height":640},{"@type":"BreadcrumbList","@id":"https:\/\/diariotextual.com\/inicio\/index.php\/2023\/03\/01\/coparticipacion-la-corte-le-quita-dinero-a-los-que-mas-necesitan-y-los-destina-a-la-ciudad-mas-opulenta\/#breadcrumb","itemListElement":[{"@type":"ListItem","position":1,"name":"Portada","item":"https:\/\/diariotextual.com\/inicio\/"},{"@type":"ListItem","position":2,"name":"Coparticipaci\u00f3n: \u201cLa Corte le quita dinero a los que m\u00e1s necesitan y los destina a la ciudad m\u00e1s opulenta\u201d"}]},{"@type":"WebSite","@id":"https:\/\/diariotextual.com\/inicio\/#website","url":"https:\/\/diariotextual.com\/inicio\/","name":"Diario Textual","description":"","publisher":{"@id":"https:\/\/diariotextual.com\/inicio\/#organization"},"potentialAction":[{"@type":"SearchAction","target":{"@type":"EntryPoint","urlTemplate":"https:\/\/diariotextual.com\/inicio\/?s={search_term_string}"},"query-input":{"@type":"PropertyValueSpecification","valueRequired":true,"valueName":"search_term_string"}}],"inLanguage":"es"},{"@type":"Organization","@id":"https:\/\/diariotextual.com\/inicio\/#organization","name":"Diario Textual","url":"https:\/\/diariotextual.com\/inicio\/","logo":{"@type":"ImageObject","inLanguage":"es","@id":"https:\/\/diariotextual.com\/inicio\/#\/schema\/logo\/image\/","url":"https:\/\/diariotextual.com\/inicio\/wp-content\/uploads\/2023\/05\/logotextual1.jpg","contentUrl":"https:\/\/diariotextual.com\/inicio\/wp-content\/uploads\/2023\/05\/logotextual1.jpg","width":516,"height":76,"caption":"Diario Textual"},"image":{"@id":"https:\/\/diariotextual.com\/inicio\/#\/schema\/logo\/image\/"},"sameAs":["https:\/\/www.facebook.com\/eltextual","https:\/\/x.com\/eltextual","http:\/\/www.instagram.com\/eltextual"]},{"@type":"Person","@id":"https:\/\/diariotextual.com\/inicio\/#\/schema\/person\/694f60677f23c4a530867a98f22b3768","name":"diario2","image":{"@type":"ImageObject","inLanguage":"es","@id":"https:\/\/secure.gravatar.com\/avatar\/5a2567495ba16b852fcd8f1ed006a2e24fcace936018ed8237e95f488ad6e0a7?s=96&d=mm&r=g","url":"https:\/\/secure.gravatar.com\/avatar\/5a2567495ba16b852fcd8f1ed006a2e24fcace936018ed8237e95f488ad6e0a7?s=96&d=mm&r=g","contentUrl":"https:\/\/secure.gravatar.com\/avatar\/5a2567495ba16b852fcd8f1ed006a2e24fcace936018ed8237e95f488ad6e0a7?s=96&d=mm&r=g","caption":"diario2"},"url":"https:\/\/diariotextual.com\/inicio\/index.php\/author\/diario2\/"}]}},"_links":{"self":[{"href":"https:\/\/diariotextual.com\/inicio\/index.php\/wp-json\/wp\/v2\/posts\/217515","targetHints":{"allow":["GET"]}}],"collection":[{"href":"https:\/\/diariotextual.com\/inicio\/index.php\/wp-json\/wp\/v2\/posts"}],"about":[{"href":"https:\/\/diariotextual.com\/inicio\/index.php\/wp-json\/wp\/v2\/types\/post"}],"author":[{"embeddable":true,"href":"https:\/\/diariotextual.com\/inicio\/index.php\/wp-json\/wp\/v2\/users\/4"}],"replies":[{"embeddable":true,"href":"https:\/\/diariotextual.com\/inicio\/index.php\/wp-json\/wp\/v2\/comments?post=217515"}],"version-history":[{"count":4,"href":"https:\/\/diariotextual.com\/inicio\/index.php\/wp-json\/wp\/v2\/posts\/217515\/revisions"}],"predecessor-version":[{"id":217519,"href":"https:\/\/diariotextual.com\/inicio\/index.php\/wp-json\/wp\/v2\/posts\/217515\/revisions\/217519"}],"wp:featuredmedia":[{"embeddable":true,"href":"https:\/\/diariotextual.com\/inicio\/index.php\/wp-json\/wp\/v2\/media\/217520"}],"wp:attachment":[{"href":"https:\/\/diariotextual.com\/inicio\/index.php\/wp-json\/wp\/v2\/media?parent=217515"}],"wp:term":[{"taxonomy":"category","embeddable":true,"href":"https:\/\/diariotextual.com\/inicio\/index.php\/wp-json\/wp\/v2\/categories?post=217515"},{"taxonomy":"post_tag","embeddable":true,"href":"https:\/\/diariotextual.com\/inicio\/index.php\/wp-json\/wp\/v2\/tags?post=217515"}],"curies":[{"name":"wp","href":"https:\/\/api.w.org\/{rel}","templated":true}]}}