{"id":217528,"date":"2023-03-01T20:01:00","date_gmt":"2023-03-01T23:01:00","guid":{"rendered":"https:\/\/diariotextual.com\/inicio\/?p=217528"},"modified":"2023-03-01T20:04:27","modified_gmt":"2023-03-01T23:04:27","slug":"apagon-masivo-de-luz-en-medio-de-la-ola-de-calor","status":"publish","type":"post","link":"https:\/\/diariotextual.com\/inicio\/index.php\/2023\/03\/01\/apagon-masivo-de-luz-en-medio-de-la-ola-de-calor\/","title":{"rendered":"Un incendio de campos caus\u00f3 un corte masivo de energ\u00eda en gran parte del pa\u00eds"},"content":{"rendered":"\n<p>Un <strong>corte generalizado de energ\u00eda se registr\u00f3 este mi\u00e9rcoles en la mayor\u00edas de las provincias -entre ellas La Pampa-<\/strong> y la Ciudad de Buenos Aires, luego de que se produjeran fallas en el sistema interconectado.<\/p>\n\n\n\n<p>El apag\u00f3n se dio luego \u201cvarias fallas en el sistema interconectado\u201d como consecuencia de un incendio de campo que \u201cperturb\u00f3 una l\u00ednea de alta tensi\u00f3n de 500 kw que une Campana con General Rodr\u00edguez\u201d, informaron fuentes del sector a T\u00e9lam.<br><br>La empresa Transener SA inform\u00f3 que el hoy \u201ca las 15:59 horas, se produjo la salida de servicio de 3 L\u00edneas de Alta Tensi\u00f3n que vinculan las Estaciones Transformadoras de General Rodr\u00edguez y con el \u00e1rea del Litoral, como consecuencia de un incendio de campo\u201d.<br><br>\u201cEn condiciones de alta demanda, la perturbaci\u00f3n gener\u00f3 oscilaciones en el Sistema, generando aperturas de v\u00ednculos adicionales a los anteriores con la consecuente restricci\u00f3n en la demanda\u201d, agreg\u00f3 la empresa en un comunicado.<br><br>La empresa agreg\u00f3 que junto \u201ca Compa\u00f1\u00eda Administradora del Mercado Mayorista El\u00e9ctrico S.A. (CAmmesa) puso en marcha su Plan de Contingencias e inici\u00f3 sus trabajos para restablecer el suministro de acuerdo a los procedimientos establecidos\u201d.<\/p>\n\n\n\n<p>El apag\u00f3n que comenz\u00f3 en las primeras horas de la tarde se produjo en momentos en que se registran altas temperaturas en todo el pa\u00eds.<\/p>\n\n\n\n<p>En la Ciudad de Buenos Aires se cort\u00f3 la luz en zonas de Colegiales, Villa Lugano, Parque Patricios, Mataderos, Palermo y Caballito, entre otras.<\/p>\n\n\n\n<p>Tambi\u00e9n se experimentaron situaciones similares en Mendoza, C\u00f3rdoba, Jujuy, Salta, San Luis, Tucum\u00e1n, La Pampa, La Rioja, Santa Cruz y Santiago del Estero.<\/p>\n","protected":false},"excerpt":{"rendered":"<p>Un corte generalizado de energ\u00eda se registr\u00f3 este mi\u00e9rcoles en la mayor\u00edas de las provincias -entre ellas La Pampa- y la Ciudad de Buenos Aires, luego de que se produjeran&hellip;<\/p>\n","protected":false},"author":4,"featured_media":210137,"comment_status":"closed","ping_status":"open","sticky":false,"template":"","format":"standard","meta":{"_acf_changed":false,"footnotes":""},"categories":[1,12],"tags":[],"class_list":["post-217528","post","type-post","status-publish","format-standard","has-post-thumbnail","hentry","category-es-noticia","category-sociedad"],"acf":[],"yoast_head":"<!-- This site is optimized with the Yoast SEO plugin v27.5 - https:\/\/yoast.com\/product\/yoast-seo-wordpress\/ -->\n<title>Un incendio de campos caus\u00f3 un corte masivo de energ\u00eda en gran parte del pa\u00eds - Diario Textual<\/title>\n<meta name=\"robots\" content=\"index, follow, max-snippet:-1, max-image-preview:large, max-video-preview:-1\" \/>\n<link rel=\"canonical\" href=\"https:\/\/diariotextual.com\/inicio\/index.php\/2023\/03\/01\/apagon-masivo-de-luz-en-medio-de-la-ola-de-calor\/\" \/>\n<meta property=\"og:locale\" content=\"es_ES\" \/>\n<meta property=\"og:type\" content=\"article\" \/>\n<meta property=\"og:title\" content=\"Un incendio de campos caus\u00f3 un corte masivo de energ\u00eda en gran parte del pa\u00eds - Diario Textual\" \/>\n<meta property=\"og:description\" content=\"Un corte generalizado de energ\u00eda se registr\u00f3 este mi\u00e9rcoles en la mayor\u00edas de las provincias -entre ellas La Pampa- y la Ciudad de Buenos Aires, luego de que se produjeran&hellip;\" \/>\n<meta property=\"og:url\" content=\"https:\/\/diariotextual.com\/inicio\/index.php\/2023\/03\/01\/apagon-masivo-de-luz-en-medio-de-la-ola-de-calor\/\" \/>\n<meta property=\"og:site_name\" content=\"Diario Textual\" \/>\n<meta property=\"article:publisher\" content=\"https:\/\/www.facebook.com\/eltextual\" \/>\n<meta property=\"article:published_time\" content=\"2023-03-01T23:01:00+00:00\" \/>\n<meta property=\"article:modified_time\" content=\"2023-03-01T23:04:27+00:00\" \/>\n<meta property=\"og:image\" content=\"https:\/\/diariotextual.com\/inicio\/wp-content\/uploads\/2022\/12\/apagonsinluzelectricidadtelam2022-1.jpg\" \/>\n\t<meta property=\"og:image:width\" content=\"1200\" \/>\n\t<meta property=\"og:image:height\" content=\"675\" \/>\n\t<meta property=\"og:image:type\" content=\"image\/jpeg\" \/>\n<meta name=\"author\" content=\"diario2\" \/>\n<meta name=\"twitter:card\" content=\"summary_large_image\" \/>\n<meta name=\"twitter:creator\" content=\"@eltextual\" \/>\n<meta name=\"twitter:site\" content=\"@eltextual\" \/>\n<meta name=\"twitter:label1\" content=\"Escrito por\" \/>\n\t<meta name=\"twitter:data1\" content=\"diario2\" \/>\n\t<meta name=\"twitter:label2\" content=\"Tiempo de lectura\" \/>\n\t<meta name=\"twitter:data2\" content=\"2 minutos\" \/>\n<script type=\"application\/ld+json\" class=\"yoast-schema-graph\">{\"@context\":\"https:\\\/\\\/schema.org\",\"@graph\":[{\"@type\":\"Article\",\"@id\":\"https:\\\/\\\/diariotextual.com\\\/inicio\\\/index.php\\\/2023\\\/03\\\/01\\\/apagon-masivo-de-luz-en-medio-de-la-ola-de-calor\\\/#article\",\"isPartOf\":{\"@id\":\"https:\\\/\\\/diariotextual.com\\\/inicio\\\/index.php\\\/2023\\\/03\\\/01\\\/apagon-masivo-de-luz-en-medio-de-la-ola-de-calor\\\/\"},\"author\":{\"name\":\"diario2\",\"@id\":\"https:\\\/\\\/diariotextual.com\\\/inicio\\\/#\\\/schema\\\/person\\\/694f60677f23c4a530867a98f22b3768\"},\"headline\":\"Un incendio de campos caus\u00f3 un corte masivo de energ\u00eda en gran parte del pa\u00eds\",\"datePublished\":\"2023-03-01T23:01:00+00:00\",\"dateModified\":\"2023-03-01T23:04:27+00:00\",\"mainEntityOfPage\":{\"@id\":\"https:\\\/\\\/diariotextual.com\\\/inicio\\\/index.php\\\/2023\\\/03\\\/01\\\/apagon-masivo-de-luz-en-medio-de-la-ola-de-calor\\\/\"},\"wordCount\":296,\"publisher\":{\"@id\":\"https:\\\/\\\/diariotextual.com\\\/inicio\\\/#organization\"},\"image\":{\"@id\":\"https:\\\/\\\/diariotextual.com\\\/inicio\\\/index.php\\\/2023\\\/03\\\/01\\\/apagon-masivo-de-luz-en-medio-de-la-ola-de-calor\\\/#primaryimage\"},\"thumbnailUrl\":\"https:\\\/\\\/diariotextual.com\\\/inicio\\\/wp-content\\\/uploads\\\/2022\\\/12\\\/apagonsinluzelectricidadtelam2022-1.jpg\",\"articleSection\":[\"A - ES NOTICIA (van abajo)\",\"SOCIEDAD\"],\"inLanguage\":\"es\"},{\"@type\":\"WebPage\",\"@id\":\"https:\\\/\\\/diariotextual.com\\\/inicio\\\/index.php\\\/2023\\\/03\\\/01\\\/apagon-masivo-de-luz-en-medio-de-la-ola-de-calor\\\/\",\"url\":\"https:\\\/\\\/diariotextual.com\\\/inicio\\\/index.php\\\/2023\\\/03\\\/01\\\/apagon-masivo-de-luz-en-medio-de-la-ola-de-calor\\\/\",\"name\":\"Un incendio de campos caus\u00f3 un corte masivo de energ\u00eda en gran parte del pa\u00eds - Diario Textual\",\"isPartOf\":{\"@id\":\"https:\\\/\\\/diariotextual.com\\\/inicio\\\/#website\"},\"primaryImageOfPage\":{\"@id\":\"https:\\\/\\\/diariotextual.com\\\/inicio\\\/index.php\\\/2023\\\/03\\\/01\\\/apagon-masivo-de-luz-en-medio-de-la-ola-de-calor\\\/#primaryimage\"},\"image\":{\"@id\":\"https:\\\/\\\/diariotextual.com\\\/inicio\\\/index.php\\\/2023\\\/03\\\/01\\\/apagon-masivo-de-luz-en-medio-de-la-ola-de-calor\\\/#primaryimage\"},\"thumbnailUrl\":\"https:\\\/\\\/diariotextual.com\\\/inicio\\\/wp-content\\\/uploads\\\/2022\\\/12\\\/apagonsinluzelectricidadtelam2022-1.jpg\",\"datePublished\":\"2023-03-01T23:01:00+00:00\",\"dateModified\":\"2023-03-01T23:04:27+00:00\",\"breadcrumb\":{\"@id\":\"https:\\\/\\\/diariotextual.com\\\/inicio\\\/index.php\\\/2023\\\/03\\\/01\\\/apagon-masivo-de-luz-en-medio-de-la-ola-de-calor\\\/#breadcrumb\"},\"inLanguage\":\"es\",\"potentialAction\":[{\"@type\":\"ReadAction\",\"target\":[\"https:\\\/\\\/diariotextual.com\\\/inicio\\\/index.php\\\/2023\\\/03\\\/01\\\/apagon-masivo-de-luz-en-medio-de-la-ola-de-calor\\\/\"]}]},{\"@type\":\"ImageObject\",\"inLanguage\":\"es\",\"@id\":\"https:\\\/\\\/diariotextual.com\\\/inicio\\\/index.php\\\/2023\\\/03\\\/01\\\/apagon-masivo-de-luz-en-medio-de-la-ola-de-calor\\\/#primaryimage\",\"url\":\"https:\\\/\\\/diariotextual.com\\\/inicio\\\/wp-content\\\/uploads\\\/2022\\\/12\\\/apagonsinluzelectricidadtelam2022-1.jpg\",\"contentUrl\":\"https:\\\/\\\/diariotextual.com\\\/inicio\\\/wp-content\\\/uploads\\\/2022\\\/12\\\/apagonsinluzelectricidadtelam2022-1.jpg\",\"width\":1200,\"height\":675},{\"@type\":\"BreadcrumbList\",\"@id\":\"https:\\\/\\\/diariotextual.com\\\/inicio\\\/index.php\\\/2023\\\/03\\\/01\\\/apagon-masivo-de-luz-en-medio-de-la-ola-de-calor\\\/#breadcrumb\",\"itemListElement\":[{\"@type\":\"ListItem\",\"position\":1,\"name\":\"Portada\",\"item\":\"https:\\\/\\\/diariotextual.com\\\/inicio\\\/\"},{\"@type\":\"ListItem\",\"position\":2,\"name\":\"Un incendio de campos caus\u00f3 un corte masivo de energ\u00eda en gran parte del pa\u00eds\"}]},{\"@type\":\"WebSite\",\"@id\":\"https:\\\/\\\/diariotextual.com\\\/inicio\\\/#website\",\"url\":\"https:\\\/\\\/diariotextual.com\\\/inicio\\\/\",\"name\":\"Diario Textual\",\"description\":\"\",\"publisher\":{\"@id\":\"https:\\\/\\\/diariotextual.com\\\/inicio\\\/#organization\"},\"potentialAction\":[{\"@type\":\"SearchAction\",\"target\":{\"@type\":\"EntryPoint\",\"urlTemplate\":\"https:\\\/\\\/diariotextual.com\\\/inicio\\\/?s={search_term_string}\"},\"query-input\":{\"@type\":\"PropertyValueSpecification\",\"valueRequired\":true,\"valueName\":\"search_term_string\"}}],\"inLanguage\":\"es\"},{\"@type\":\"Organization\",\"@id\":\"https:\\\/\\\/diariotextual.com\\\/inicio\\\/#organization\",\"name\":\"Diario Textual\",\"url\":\"https:\\\/\\\/diariotextual.com\\\/inicio\\\/\",\"logo\":{\"@type\":\"ImageObject\",\"inLanguage\":\"es\",\"@id\":\"https:\\\/\\\/diariotextual.com\\\/inicio\\\/#\\\/schema\\\/logo\\\/image\\\/\",\"url\":\"https:\\\/\\\/diariotextual.com\\\/inicio\\\/wp-content\\\/uploads\\\/2023\\\/05\\\/logotextual1.jpg\",\"contentUrl\":\"https:\\\/\\\/diariotextual.com\\\/inicio\\\/wp-content\\\/uploads\\\/2023\\\/05\\\/logotextual1.jpg\",\"width\":516,\"height\":76,\"caption\":\"Diario Textual\"},\"image\":{\"@id\":\"https:\\\/\\\/diariotextual.com\\\/inicio\\\/#\\\/schema\\\/logo\\\/image\\\/\"},\"sameAs\":[\"https:\\\/\\\/www.facebook.com\\\/eltextual\",\"https:\\\/\\\/x.com\\\/eltextual\",\"http:\\\/\\\/www.instagram.com\\\/eltextual\"]},{\"@type\":\"Person\",\"@id\":\"https:\\\/\\\/diariotextual.com\\\/inicio\\\/#\\\/schema\\\/person\\\/694f60677f23c4a530867a98f22b3768\",\"name\":\"diario2\",\"image\":{\"@type\":\"ImageObject\",\"inLanguage\":\"es\",\"@id\":\"https:\\\/\\\/secure.gravatar.com\\\/avatar\\\/5a2567495ba16b852fcd8f1ed006a2e24fcace936018ed8237e95f488ad6e0a7?s=96&d=mm&r=g\",\"url\":\"https:\\\/\\\/secure.gravatar.com\\\/avatar\\\/5a2567495ba16b852fcd8f1ed006a2e24fcace936018ed8237e95f488ad6e0a7?s=96&d=mm&r=g\",\"contentUrl\":\"https:\\\/\\\/secure.gravatar.com\\\/avatar\\\/5a2567495ba16b852fcd8f1ed006a2e24fcace936018ed8237e95f488ad6e0a7?s=96&d=mm&r=g\",\"caption\":\"diario2\"},\"url\":\"https:\\\/\\\/diariotextual.com\\\/inicio\\\/index.php\\\/author\\\/diario2\\\/\"}]}<\/script>\n<!-- \/ Yoast SEO plugin. -->","yoast_head_json":{"title":"Un incendio de campos caus\u00f3 un corte masivo de energ\u00eda en gran parte del pa\u00eds - Diario Textual","robots":{"index":"index","follow":"follow","max-snippet":"max-snippet:-1","max-image-preview":"max-image-preview:large","max-video-preview":"max-video-preview:-1"},"canonical":"https:\/\/diariotextual.com\/inicio\/index.php\/2023\/03\/01\/apagon-masivo-de-luz-en-medio-de-la-ola-de-calor\/","og_locale":"es_ES","og_type":"article","og_title":"Un incendio de campos caus\u00f3 un corte masivo de energ\u00eda en gran parte del pa\u00eds - Diario Textual","og_description":"Un corte generalizado de energ\u00eda se registr\u00f3 este mi\u00e9rcoles en la mayor\u00edas de las provincias -entre ellas La Pampa- y la Ciudad de Buenos Aires, luego de que se produjeran&hellip;","og_url":"https:\/\/diariotextual.com\/inicio\/index.php\/2023\/03\/01\/apagon-masivo-de-luz-en-medio-de-la-ola-de-calor\/","og_site_name":"Diario Textual","article_publisher":"https:\/\/www.facebook.com\/eltextual","article_published_time":"2023-03-01T23:01:00+00:00","article_modified_time":"2023-03-01T23:04:27+00:00","og_image":[{"width":1200,"height":675,"url":"https:\/\/diariotextual.com\/inicio\/wp-content\/uploads\/2022\/12\/apagonsinluzelectricidadtelam2022-1.jpg","type":"image\/jpeg"}],"author":"diario2","twitter_card":"summary_large_image","twitter_creator":"@eltextual","twitter_site":"@eltextual","twitter_misc":{"Escrito por":"diario2","Tiempo de lectura":"2 minutos"},"schema":{"@context":"https:\/\/schema.org","@graph":[{"@type":"Article","@id":"https:\/\/diariotextual.com\/inicio\/index.php\/2023\/03\/01\/apagon-masivo-de-luz-en-medio-de-la-ola-de-calor\/#article","isPartOf":{"@id":"https:\/\/diariotextual.com\/inicio\/index.php\/2023\/03\/01\/apagon-masivo-de-luz-en-medio-de-la-ola-de-calor\/"},"author":{"name":"diario2","@id":"https:\/\/diariotextual.com\/inicio\/#\/schema\/person\/694f60677f23c4a530867a98f22b3768"},"headline":"Un incendio de campos caus\u00f3 un corte masivo de energ\u00eda en gran parte del pa\u00eds","datePublished":"2023-03-01T23:01:00+00:00","dateModified":"2023-03-01T23:04:27+00:00","mainEntityOfPage":{"@id":"https:\/\/diariotextual.com\/inicio\/index.php\/2023\/03\/01\/apagon-masivo-de-luz-en-medio-de-la-ola-de-calor\/"},"wordCount":296,"publisher":{"@id":"https:\/\/diariotextual.com\/inicio\/#organization"},"image":{"@id":"https:\/\/diariotextual.com\/inicio\/index.php\/2023\/03\/01\/apagon-masivo-de-luz-en-medio-de-la-ola-de-calor\/#primaryimage"},"thumbnailUrl":"https:\/\/diariotextual.com\/inicio\/wp-content\/uploads\/2022\/12\/apagonsinluzelectricidadtelam2022-1.jpg","articleSection":["A - ES NOTICIA (van abajo)","SOCIEDAD"],"inLanguage":"es"},{"@type":"WebPage","@id":"https:\/\/diariotextual.com\/inicio\/index.php\/2023\/03\/01\/apagon-masivo-de-luz-en-medio-de-la-ola-de-calor\/","url":"https:\/\/diariotextual.com\/inicio\/index.php\/2023\/03\/01\/apagon-masivo-de-luz-en-medio-de-la-ola-de-calor\/","name":"Un incendio de campos caus\u00f3 un corte masivo de energ\u00eda en gran parte del pa\u00eds - Diario Textual","isPartOf":{"@id":"https:\/\/diariotextual.com\/inicio\/#website"},"primaryImageOfPage":{"@id":"https:\/\/diariotextual.com\/inicio\/index.php\/2023\/03\/01\/apagon-masivo-de-luz-en-medio-de-la-ola-de-calor\/#primaryimage"},"image":{"@id":"https:\/\/diariotextual.com\/inicio\/index.php\/2023\/03\/01\/apagon-masivo-de-luz-en-medio-de-la-ola-de-calor\/#primaryimage"},"thumbnailUrl":"https:\/\/diariotextual.com\/inicio\/wp-content\/uploads\/2022\/12\/apagonsinluzelectricidadtelam2022-1.jpg","datePublished":"2023-03-01T23:01:00+00:00","dateModified":"2023-03-01T23:04:27+00:00","breadcrumb":{"@id":"https:\/\/diariotextual.com\/inicio\/index.php\/2023\/03\/01\/apagon-masivo-de-luz-en-medio-de-la-ola-de-calor\/#breadcrumb"},"inLanguage":"es","potentialAction":[{"@type":"ReadAction","target":["https:\/\/diariotextual.com\/inicio\/index.php\/2023\/03\/01\/apagon-masivo-de-luz-en-medio-de-la-ola-de-calor\/"]}]},{"@type":"ImageObject","inLanguage":"es","@id":"https:\/\/diariotextual.com\/inicio\/index.php\/2023\/03\/01\/apagon-masivo-de-luz-en-medio-de-la-ola-de-calor\/#primaryimage","url":"https:\/\/diariotextual.com\/inicio\/wp-content\/uploads\/2022\/12\/apagonsinluzelectricidadtelam2022-1.jpg","contentUrl":"https:\/\/diariotextual.com\/inicio\/wp-content\/uploads\/2022\/12\/apagonsinluzelectricidadtelam2022-1.jpg","width":1200,"height":675},{"@type":"BreadcrumbList","@id":"https:\/\/diariotextual.com\/inicio\/index.php\/2023\/03\/01\/apagon-masivo-de-luz-en-medio-de-la-ola-de-calor\/#breadcrumb","itemListElement":[{"@type":"ListItem","position":1,"name":"Portada","item":"https:\/\/diariotextual.com\/inicio\/"},{"@type":"ListItem","position":2,"name":"Un incendio de campos caus\u00f3 un corte masivo de energ\u00eda en gran parte del pa\u00eds"}]},{"@type":"WebSite","@id":"https:\/\/diariotextual.com\/inicio\/#website","url":"https:\/\/diariotextual.com\/inicio\/","name":"Diario Textual","description":"","publisher":{"@id":"https:\/\/diariotextual.com\/inicio\/#organization"},"potentialAction":[{"@type":"SearchAction","target":{"@type":"EntryPoint","urlTemplate":"https:\/\/diariotextual.com\/inicio\/?s={search_term_string}"},"query-input":{"@type":"PropertyValueSpecification","valueRequired":true,"valueName":"search_term_string"}}],"inLanguage":"es"},{"@type":"Organization","@id":"https:\/\/diariotextual.com\/inicio\/#organization","name":"Diario Textual","url":"https:\/\/diariotextual.com\/inicio\/","logo":{"@type":"ImageObject","inLanguage":"es","@id":"https:\/\/diariotextual.com\/inicio\/#\/schema\/logo\/image\/","url":"https:\/\/diariotextual.com\/inicio\/wp-content\/uploads\/2023\/05\/logotextual1.jpg","contentUrl":"https:\/\/diariotextual.com\/inicio\/wp-content\/uploads\/2023\/05\/logotextual1.jpg","width":516,"height":76,"caption":"Diario Textual"},"image":{"@id":"https:\/\/diariotextual.com\/inicio\/#\/schema\/logo\/image\/"},"sameAs":["https:\/\/www.facebook.com\/eltextual","https:\/\/x.com\/eltextual","http:\/\/www.instagram.com\/eltextual"]},{"@type":"Person","@id":"https:\/\/diariotextual.com\/inicio\/#\/schema\/person\/694f60677f23c4a530867a98f22b3768","name":"diario2","image":{"@type":"ImageObject","inLanguage":"es","@id":"https:\/\/secure.gravatar.com\/avatar\/5a2567495ba16b852fcd8f1ed006a2e24fcace936018ed8237e95f488ad6e0a7?s=96&d=mm&r=g","url":"https:\/\/secure.gravatar.com\/avatar\/5a2567495ba16b852fcd8f1ed006a2e24fcace936018ed8237e95f488ad6e0a7?s=96&d=mm&r=g","contentUrl":"https:\/\/secure.gravatar.com\/avatar\/5a2567495ba16b852fcd8f1ed006a2e24fcace936018ed8237e95f488ad6e0a7?s=96&d=mm&r=g","caption":"diario2"},"url":"https:\/\/diariotextual.com\/inicio\/index.php\/author\/diario2\/"}]}},"_links":{"self":[{"href":"https:\/\/diariotextual.com\/inicio\/index.php\/wp-json\/wp\/v2\/posts\/217528","targetHints":{"allow":["GET"]}}],"collection":[{"href":"https:\/\/diariotextual.com\/inicio\/index.php\/wp-json\/wp\/v2\/posts"}],"about":[{"href":"https:\/\/diariotextual.com\/inicio\/index.php\/wp-json\/wp\/v2\/types\/post"}],"author":[{"embeddable":true,"href":"https:\/\/diariotextual.com\/inicio\/index.php\/wp-json\/wp\/v2\/users\/4"}],"replies":[{"embeddable":true,"href":"https:\/\/diariotextual.com\/inicio\/index.php\/wp-json\/wp\/v2\/comments?post=217528"}],"version-history":[{"count":6,"href":"https:\/\/diariotextual.com\/inicio\/index.php\/wp-json\/wp\/v2\/posts\/217528\/revisions"}],"predecessor-version":[{"id":217610,"href":"https:\/\/diariotextual.com\/inicio\/index.php\/wp-json\/wp\/v2\/posts\/217528\/revisions\/217610"}],"wp:featuredmedia":[{"embeddable":true,"href":"https:\/\/diariotextual.com\/inicio\/index.php\/wp-json\/wp\/v2\/media\/210137"}],"wp:attachment":[{"href":"https:\/\/diariotextual.com\/inicio\/index.php\/wp-json\/wp\/v2\/media?parent=217528"}],"wp:term":[{"taxonomy":"category","embeddable":true,"href":"https:\/\/diariotextual.com\/inicio\/index.php\/wp-json\/wp\/v2\/categories?post=217528"},{"taxonomy":"post_tag","embeddable":true,"href":"https:\/\/diariotextual.com\/inicio\/index.php\/wp-json\/wp\/v2\/tags?post=217528"}],"curies":[{"name":"wp","href":"https:\/\/api.w.org\/{rel}","templated":true}]}}