{"id":217639,"date":"2023-03-02T08:00:00","date_gmt":"2023-03-02T11:00:00","guid":{"rendered":"https:\/\/diariotextual.com\/inicio\/?p=217639"},"modified":"2023-03-02T08:00:02","modified_gmt":"2023-03-02T11:00:02","slug":"el-museo-de-artes-anuncio-el-calendario-de-muestras-2023","status":"publish","type":"post","link":"https:\/\/diariotextual.com\/inicio\/index.php\/2023\/03\/02\/el-museo-de-artes-anuncio-el-calendario-de-muestras-2023\/","title":{"rendered":"El Museo de Artes anunci\u00f3 el calendario de muestras 2023"},"content":{"rendered":"\n<p>La Secretar\u00eda de Cultura del Gobierno de La Pampa, a trav\u00e9s del Museo Provincial de Artes (MPArtes), comunic\u00f3 el <strong>calendario de\u00a0exposiciones <\/strong>del presente\u00a0a\u00f1o.<\/p>\n\n\n\n<p>Las muestras&nbsp;surgen a partir&nbsp;de una convocatoria previa lanzada por el Museo, en la cual se&nbsp;invita&nbsp;a la comunidad art\u00edstica provincial y nacional a presentar&nbsp;proyectos de exhibici\u00f3n, individual o colectiva, para&nbsp; organizar&nbsp;la programaci\u00f3n anual.&nbsp;<\/p>\n\n\n\n<p>Desde el Museo explicaron que adem\u00e1s de las muestras y salones \u201cconstantemente se est\u00e1n generando actividades que forman parte y acompa\u00f1an cada exhibici\u00f3n&nbsp;como&nbsp;\u00abNotas de campo: laboratorio de observaci\u00f3n y escritura\u00bb, conversatorios, talleres y visitas guiadas que se&nbsp;realizan&nbsp;en el marco de cada exposici\u00f3n, lo que&nbsp;permite&nbsp;establecer un v\u00ednculo entre los participantes, los artistas y las obras\u201d.&nbsp;<\/p>\n\n\n\n<p>Las distintas salas del Museo muestran diferentes recursos y soportes gr\u00e1ficos, volum\u00e9tricos, t\u00e9cnicos, que se suman a obras de patrimonio provincial, historias de gente com\u00fan, comunidades, establecimientos y muchas historias relacionadas directamente con el territorio. Sus&nbsp;puertas&nbsp;permanecen abiertas durante todo el a\u00f1o con la posibilidad de recorrerlo de lunes a viernes, al igual que los fines de semana, con entrada libre y gratuita.<\/p>\n\n\n\n<p>El Museo tiene como funci\u00f3n primordial, en l\u00ednea con la gesti\u00f3n de Gobierno encabezada por Sergio Ziliotto, acercar el arte a distintos p\u00fablicos y lugares&nbsp;y&nbsp;en este contexto, es que en forma de muestra itinerante llega a distintas&nbsp;localidades de la Provincia. A&nbsp;partir del proyecto \u201cMuseo viajero\u201d, impulsado desde&nbsp;la Secretar\u00eda de Cultura, este a\u00f1o&nbsp;continuar\u00e1 recorriendo localidades pampeanas, avanzando en la entrega de un&nbsp;kit&nbsp;dise\u00f1ado en forma de valija, el cual est\u00e1 integrado por l\u00e1minas con im\u00e1genes de obras que pertenecen al patrimonio del Museo. Las actividades proponen generar espacios educativos para desarrollar la creatividad&nbsp;a trav\u00e9s del juego,&nbsp;la exploraci\u00f3n y la experimentaci\u00f3n a partir de la utilizaci\u00f3n&nbsp;de diversos materiales. Actualmente se avanza en el dise\u00f1o de la valija de grabado y artes del fuego que pronto recorrer\u00e1 la Provincia dejando actividades, inquietudes y material sobre arte.<\/p>\n\n\n\n<p>Como todos los a\u00f1os el Museo llama&nbsp;a convocatoria del Sal\u00f3n de Artes Visuales de la Provincia de La Pampa de convocatoria nacional,&nbsp;oportunidad en donde no solo artistas de la Provincia&nbsp;se&nbsp;presentan&nbsp;ante cada&nbsp;llamado sino que ampl\u00eda la participaci\u00f3n con&nbsp;artistas de todo el pa\u00eds, con&nbsp;jurados de lujo y entrega de importantes premios. Este 2023 el Museo contar\u00e1 con el&nbsp;Sal\u00f3n de Dibujo y el&nbsp;Sal\u00f3n de Artes de Fuego.&nbsp;<br>&nbsp;<\/p>\n\n\n\n<p><strong>Calendario 2023<\/strong><\/p>\n\n\n\n<p><strong>Marzo<\/strong><\/p>\n\n\n\n<p>La primera muestra del a\u00f1o inaugura el 17 de marzo, \u201cUn pasado vivo\u201d de la mano de los artistas Alejo Arcuschin, Paula Pellejero y Lucila Amatista. Curadora: Cecilia Medina.<\/p>\n\n\n\n<p>Cierre de muestra: 30 de abril.<\/p>\n\n\n\n<p><strong>Mayo<\/strong><\/p>\n\n\n\n<p>El 5 de mayo, llega \u201cSoledades humanas\u201d. Grabados de la artista Julieta Warman.<\/p>\n\n\n\n<p>Cierre de muestra: 18 de junio.<\/p>\n\n\n\n<p><strong>Junio<\/strong><\/p>\n\n\n\n<p>El Sal\u00f3n de Dibujo inaugura el 23 de junio y se podr\u00e1 visitar hasta 31 de julio.<\/p>\n\n\n\n<p><strong>Agosto<\/strong><\/p>\n\n\n\n<p>Continuando con el calendario de muestras, el 4 de agosto inaugura \u201cTiempos registrados\u201d del artista Gustavo Larsen. Curadora: Dra. Laura Pomerantz.<\/p>\n\n\n\n<p>Cierre de muestra: 10 de septiembre.<\/p>\n\n\n\n<p><strong>Septiembre<\/strong><\/p>\n\n\n\n<p>El 15 de septiembre llega \u201cY ser\u00e1, lo que ya fue\u201d a cargo de las artistas \u201cCartoneras gr\u00e1ficas\u201d, Cecilia Guaragna y Marcela Brizuela. Curador: Pablo Delfini.<\/p>\n\n\n\n<p>Cierre de muestra: 23 de octubre.<\/p>\n\n\n\n<p><strong>Octubre<\/strong><\/p>\n\n\n\n<p>Sal\u00f3n de Artes de Fuego inaugura el 28 de octubre y cierra el 10 de diciembre.<\/p>\n\n\n\n<p><strong>Diciembre<\/strong><\/p>\n\n\n\n<p>\u00daltima muestra del a\u00f1o \u201cTres Mujeres Alfareras. Pensar, sentir y crear con las manos\u201d, por las artistas Mirta Funaro, Susana Cortes y Tini Rivarola.<\/p>\n\n\n\n<p>Cierre de muestra: 29 de enero 2024.<\/p>\n","protected":false},"excerpt":{"rendered":"<p>La Secretar\u00eda de Cultura del Gobierno de La Pampa, a trav\u00e9s del Museo Provincial de Artes (MPArtes), comunic\u00f3 el calendario de\u00a0exposiciones del presente\u00a0a\u00f1o. Las muestras&nbsp;surgen a partir&nbsp;de una convocatoria previa&hellip;<\/p>\n","protected":false},"author":4,"featured_media":37992,"comment_status":"closed","ping_status":"open","sticky":false,"template":"","format":"standard","meta":{"_acf_changed":false,"footnotes":""},"categories":[1,2],"tags":[],"class_list":["post-217639","post","type-post","status-publish","format-standard","has-post-thumbnail","hentry","category-es-noticia","category-cultura"],"acf":[],"yoast_head":"<!-- This site is optimized with the Yoast SEO plugin v27.5 - https:\/\/yoast.com\/product\/yoast-seo-wordpress\/ -->\n<title>El Museo de Artes anunci\u00f3 el calendario de muestras 2023 - Diario Textual<\/title>\n<meta name=\"robots\" content=\"index, follow, max-snippet:-1, max-image-preview:large, max-video-preview:-1\" \/>\n<link rel=\"canonical\" href=\"https:\/\/diariotextual.com\/inicio\/index.php\/2023\/03\/02\/el-museo-de-artes-anuncio-el-calendario-de-muestras-2023\/\" \/>\n<meta property=\"og:locale\" content=\"es_ES\" \/>\n<meta property=\"og:type\" content=\"article\" \/>\n<meta property=\"og:title\" content=\"El Museo de Artes anunci\u00f3 el calendario de muestras 2023 - Diario Textual\" \/>\n<meta property=\"og:description\" content=\"La Secretar\u00eda de Cultura del Gobierno de La Pampa, a trav\u00e9s del Museo Provincial de Artes (MPArtes), comunic\u00f3 el calendario de\u00a0exposiciones del presente\u00a0a\u00f1o. Las muestras&nbsp;surgen a partir&nbsp;de una convocatoria previa&hellip;\" \/>\n<meta property=\"og:url\" content=\"https:\/\/diariotextual.com\/inicio\/index.php\/2023\/03\/02\/el-museo-de-artes-anuncio-el-calendario-de-muestras-2023\/\" \/>\n<meta property=\"og:site_name\" content=\"Diario Textual\" \/>\n<meta property=\"article:publisher\" content=\"https:\/\/www.facebook.com\/eltextual\" \/>\n<meta property=\"article:published_time\" content=\"2023-03-02T11:00:00+00:00\" \/>\n<meta property=\"article:modified_time\" content=\"2023-03-02T11:00:02+00:00\" \/>\n<meta property=\"og:image\" content=\"https:\/\/diariotextual.com\/inicio\/wp-content\/uploads\/2019\/02\/museoprovincialdeartes32455.jpg\" \/>\n\t<meta property=\"og:image:width\" content=\"806\" \/>\n\t<meta property=\"og:image:height\" content=\"503\" \/>\n\t<meta property=\"og:image:type\" content=\"image\/jpeg\" \/>\n<meta name=\"author\" content=\"diario2\" \/>\n<meta name=\"twitter:card\" content=\"summary_large_image\" \/>\n<meta name=\"twitter:creator\" content=\"@eltextual\" \/>\n<meta name=\"twitter:site\" content=\"@eltextual\" \/>\n<meta name=\"twitter:label1\" content=\"Escrito por\" \/>\n\t<meta name=\"twitter:data1\" content=\"diario2\" \/>\n\t<meta name=\"twitter:label2\" content=\"Tiempo de lectura\" \/>\n\t<meta name=\"twitter:data2\" content=\"3 minutos\" \/>\n<script type=\"application\/ld+json\" class=\"yoast-schema-graph\">{\"@context\":\"https:\\\/\\\/schema.org\",\"@graph\":[{\"@type\":\"Article\",\"@id\":\"https:\\\/\\\/diariotextual.com\\\/inicio\\\/index.php\\\/2023\\\/03\\\/02\\\/el-museo-de-artes-anuncio-el-calendario-de-muestras-2023\\\/#article\",\"isPartOf\":{\"@id\":\"https:\\\/\\\/diariotextual.com\\\/inicio\\\/index.php\\\/2023\\\/03\\\/02\\\/el-museo-de-artes-anuncio-el-calendario-de-muestras-2023\\\/\"},\"author\":{\"name\":\"diario2\",\"@id\":\"https:\\\/\\\/diariotextual.com\\\/inicio\\\/#\\\/schema\\\/person\\\/694f60677f23c4a530867a98f22b3768\"},\"headline\":\"El Museo de Artes anunci\u00f3 el calendario de muestras 2023\",\"datePublished\":\"2023-03-02T11:00:00+00:00\",\"dateModified\":\"2023-03-02T11:00:02+00:00\",\"mainEntityOfPage\":{\"@id\":\"https:\\\/\\\/diariotextual.com\\\/inicio\\\/index.php\\\/2023\\\/03\\\/02\\\/el-museo-de-artes-anuncio-el-calendario-de-muestras-2023\\\/\"},\"wordCount\":667,\"publisher\":{\"@id\":\"https:\\\/\\\/diariotextual.com\\\/inicio\\\/#organization\"},\"image\":{\"@id\":\"https:\\\/\\\/diariotextual.com\\\/inicio\\\/index.php\\\/2023\\\/03\\\/02\\\/el-museo-de-artes-anuncio-el-calendario-de-muestras-2023\\\/#primaryimage\"},\"thumbnailUrl\":\"https:\\\/\\\/diariotextual.com\\\/inicio\\\/wp-content\\\/uploads\\\/2019\\\/02\\\/museoprovincialdeartes32455.jpg\",\"articleSection\":[\"A - ES NOTICIA (van abajo)\",\"CULTURA\"],\"inLanguage\":\"es\"},{\"@type\":\"WebPage\",\"@id\":\"https:\\\/\\\/diariotextual.com\\\/inicio\\\/index.php\\\/2023\\\/03\\\/02\\\/el-museo-de-artes-anuncio-el-calendario-de-muestras-2023\\\/\",\"url\":\"https:\\\/\\\/diariotextual.com\\\/inicio\\\/index.php\\\/2023\\\/03\\\/02\\\/el-museo-de-artes-anuncio-el-calendario-de-muestras-2023\\\/\",\"name\":\"El Museo de Artes anunci\u00f3 el calendario de muestras 2023 - Diario Textual\",\"isPartOf\":{\"@id\":\"https:\\\/\\\/diariotextual.com\\\/inicio\\\/#website\"},\"primaryImageOfPage\":{\"@id\":\"https:\\\/\\\/diariotextual.com\\\/inicio\\\/index.php\\\/2023\\\/03\\\/02\\\/el-museo-de-artes-anuncio-el-calendario-de-muestras-2023\\\/#primaryimage\"},\"image\":{\"@id\":\"https:\\\/\\\/diariotextual.com\\\/inicio\\\/index.php\\\/2023\\\/03\\\/02\\\/el-museo-de-artes-anuncio-el-calendario-de-muestras-2023\\\/#primaryimage\"},\"thumbnailUrl\":\"https:\\\/\\\/diariotextual.com\\\/inicio\\\/wp-content\\\/uploads\\\/2019\\\/02\\\/museoprovincialdeartes32455.jpg\",\"datePublished\":\"2023-03-02T11:00:00+00:00\",\"dateModified\":\"2023-03-02T11:00:02+00:00\",\"breadcrumb\":{\"@id\":\"https:\\\/\\\/diariotextual.com\\\/inicio\\\/index.php\\\/2023\\\/03\\\/02\\\/el-museo-de-artes-anuncio-el-calendario-de-muestras-2023\\\/#breadcrumb\"},\"inLanguage\":\"es\",\"potentialAction\":[{\"@type\":\"ReadAction\",\"target\":[\"https:\\\/\\\/diariotextual.com\\\/inicio\\\/index.php\\\/2023\\\/03\\\/02\\\/el-museo-de-artes-anuncio-el-calendario-de-muestras-2023\\\/\"]}]},{\"@type\":\"ImageObject\",\"inLanguage\":\"es\",\"@id\":\"https:\\\/\\\/diariotextual.com\\\/inicio\\\/index.php\\\/2023\\\/03\\\/02\\\/el-museo-de-artes-anuncio-el-calendario-de-muestras-2023\\\/#primaryimage\",\"url\":\"https:\\\/\\\/diariotextual.com\\\/inicio\\\/wp-content\\\/uploads\\\/2019\\\/02\\\/museoprovincialdeartes32455.jpg\",\"contentUrl\":\"https:\\\/\\\/diariotextual.com\\\/inicio\\\/wp-content\\\/uploads\\\/2019\\\/02\\\/museoprovincialdeartes32455.jpg\",\"width\":806,\"height\":503},{\"@type\":\"BreadcrumbList\",\"@id\":\"https:\\\/\\\/diariotextual.com\\\/inicio\\\/index.php\\\/2023\\\/03\\\/02\\\/el-museo-de-artes-anuncio-el-calendario-de-muestras-2023\\\/#breadcrumb\",\"itemListElement\":[{\"@type\":\"ListItem\",\"position\":1,\"name\":\"Portada\",\"item\":\"https:\\\/\\\/diariotextual.com\\\/inicio\\\/\"},{\"@type\":\"ListItem\",\"position\":2,\"name\":\"El Museo de Artes anunci\u00f3 el calendario de muestras 2023\"}]},{\"@type\":\"WebSite\",\"@id\":\"https:\\\/\\\/diariotextual.com\\\/inicio\\\/#website\",\"url\":\"https:\\\/\\\/diariotextual.com\\\/inicio\\\/\",\"name\":\"Diario Textual\",\"description\":\"\",\"publisher\":{\"@id\":\"https:\\\/\\\/diariotextual.com\\\/inicio\\\/#organization\"},\"potentialAction\":[{\"@type\":\"SearchAction\",\"target\":{\"@type\":\"EntryPoint\",\"urlTemplate\":\"https:\\\/\\\/diariotextual.com\\\/inicio\\\/?s={search_term_string}\"},\"query-input\":{\"@type\":\"PropertyValueSpecification\",\"valueRequired\":true,\"valueName\":\"search_term_string\"}}],\"inLanguage\":\"es\"},{\"@type\":\"Organization\",\"@id\":\"https:\\\/\\\/diariotextual.com\\\/inicio\\\/#organization\",\"name\":\"Diario Textual\",\"url\":\"https:\\\/\\\/diariotextual.com\\\/inicio\\\/\",\"logo\":{\"@type\":\"ImageObject\",\"inLanguage\":\"es\",\"@id\":\"https:\\\/\\\/diariotextual.com\\\/inicio\\\/#\\\/schema\\\/logo\\\/image\\\/\",\"url\":\"https:\\\/\\\/diariotextual.com\\\/inicio\\\/wp-content\\\/uploads\\\/2023\\\/05\\\/logotextual1.jpg\",\"contentUrl\":\"https:\\\/\\\/diariotextual.com\\\/inicio\\\/wp-content\\\/uploads\\\/2023\\\/05\\\/logotextual1.jpg\",\"width\":516,\"height\":76,\"caption\":\"Diario Textual\"},\"image\":{\"@id\":\"https:\\\/\\\/diariotextual.com\\\/inicio\\\/#\\\/schema\\\/logo\\\/image\\\/\"},\"sameAs\":[\"https:\\\/\\\/www.facebook.com\\\/eltextual\",\"https:\\\/\\\/x.com\\\/eltextual\",\"http:\\\/\\\/www.instagram.com\\\/eltextual\"]},{\"@type\":\"Person\",\"@id\":\"https:\\\/\\\/diariotextual.com\\\/inicio\\\/#\\\/schema\\\/person\\\/694f60677f23c4a530867a98f22b3768\",\"name\":\"diario2\",\"image\":{\"@type\":\"ImageObject\",\"inLanguage\":\"es\",\"@id\":\"https:\\\/\\\/secure.gravatar.com\\\/avatar\\\/5a2567495ba16b852fcd8f1ed006a2e24fcace936018ed8237e95f488ad6e0a7?s=96&d=mm&r=g\",\"url\":\"https:\\\/\\\/secure.gravatar.com\\\/avatar\\\/5a2567495ba16b852fcd8f1ed006a2e24fcace936018ed8237e95f488ad6e0a7?s=96&d=mm&r=g\",\"contentUrl\":\"https:\\\/\\\/secure.gravatar.com\\\/avatar\\\/5a2567495ba16b852fcd8f1ed006a2e24fcace936018ed8237e95f488ad6e0a7?s=96&d=mm&r=g\",\"caption\":\"diario2\"},\"url\":\"https:\\\/\\\/diariotextual.com\\\/inicio\\\/index.php\\\/author\\\/diario2\\\/\"}]}<\/script>\n<!-- \/ Yoast SEO plugin. -->","yoast_head_json":{"title":"El Museo de Artes anunci\u00f3 el calendario de muestras 2023 - Diario Textual","robots":{"index":"index","follow":"follow","max-snippet":"max-snippet:-1","max-image-preview":"max-image-preview:large","max-video-preview":"max-video-preview:-1"},"canonical":"https:\/\/diariotextual.com\/inicio\/index.php\/2023\/03\/02\/el-museo-de-artes-anuncio-el-calendario-de-muestras-2023\/","og_locale":"es_ES","og_type":"article","og_title":"El Museo de Artes anunci\u00f3 el calendario de muestras 2023 - Diario Textual","og_description":"La Secretar\u00eda de Cultura del Gobierno de La Pampa, a trav\u00e9s del Museo Provincial de Artes (MPArtes), comunic\u00f3 el calendario de\u00a0exposiciones del presente\u00a0a\u00f1o. Las muestras&nbsp;surgen a partir&nbsp;de una convocatoria previa&hellip;","og_url":"https:\/\/diariotextual.com\/inicio\/index.php\/2023\/03\/02\/el-museo-de-artes-anuncio-el-calendario-de-muestras-2023\/","og_site_name":"Diario Textual","article_publisher":"https:\/\/www.facebook.com\/eltextual","article_published_time":"2023-03-02T11:00:00+00:00","article_modified_time":"2023-03-02T11:00:02+00:00","og_image":[{"width":806,"height":503,"url":"https:\/\/diariotextual.com\/inicio\/wp-content\/uploads\/2019\/02\/museoprovincialdeartes32455.jpg","type":"image\/jpeg"}],"author":"diario2","twitter_card":"summary_large_image","twitter_creator":"@eltextual","twitter_site":"@eltextual","twitter_misc":{"Escrito por":"diario2","Tiempo de lectura":"3 minutos"},"schema":{"@context":"https:\/\/schema.org","@graph":[{"@type":"Article","@id":"https:\/\/diariotextual.com\/inicio\/index.php\/2023\/03\/02\/el-museo-de-artes-anuncio-el-calendario-de-muestras-2023\/#article","isPartOf":{"@id":"https:\/\/diariotextual.com\/inicio\/index.php\/2023\/03\/02\/el-museo-de-artes-anuncio-el-calendario-de-muestras-2023\/"},"author":{"name":"diario2","@id":"https:\/\/diariotextual.com\/inicio\/#\/schema\/person\/694f60677f23c4a530867a98f22b3768"},"headline":"El Museo de Artes anunci\u00f3 el calendario de muestras 2023","datePublished":"2023-03-02T11:00:00+00:00","dateModified":"2023-03-02T11:00:02+00:00","mainEntityOfPage":{"@id":"https:\/\/diariotextual.com\/inicio\/index.php\/2023\/03\/02\/el-museo-de-artes-anuncio-el-calendario-de-muestras-2023\/"},"wordCount":667,"publisher":{"@id":"https:\/\/diariotextual.com\/inicio\/#organization"},"image":{"@id":"https:\/\/diariotextual.com\/inicio\/index.php\/2023\/03\/02\/el-museo-de-artes-anuncio-el-calendario-de-muestras-2023\/#primaryimage"},"thumbnailUrl":"https:\/\/diariotextual.com\/inicio\/wp-content\/uploads\/2019\/02\/museoprovincialdeartes32455.jpg","articleSection":["A - ES NOTICIA (van abajo)","CULTURA"],"inLanguage":"es"},{"@type":"WebPage","@id":"https:\/\/diariotextual.com\/inicio\/index.php\/2023\/03\/02\/el-museo-de-artes-anuncio-el-calendario-de-muestras-2023\/","url":"https:\/\/diariotextual.com\/inicio\/index.php\/2023\/03\/02\/el-museo-de-artes-anuncio-el-calendario-de-muestras-2023\/","name":"El Museo de Artes anunci\u00f3 el calendario de muestras 2023 - Diario Textual","isPartOf":{"@id":"https:\/\/diariotextual.com\/inicio\/#website"},"primaryImageOfPage":{"@id":"https:\/\/diariotextual.com\/inicio\/index.php\/2023\/03\/02\/el-museo-de-artes-anuncio-el-calendario-de-muestras-2023\/#primaryimage"},"image":{"@id":"https:\/\/diariotextual.com\/inicio\/index.php\/2023\/03\/02\/el-museo-de-artes-anuncio-el-calendario-de-muestras-2023\/#primaryimage"},"thumbnailUrl":"https:\/\/diariotextual.com\/inicio\/wp-content\/uploads\/2019\/02\/museoprovincialdeartes32455.jpg","datePublished":"2023-03-02T11:00:00+00:00","dateModified":"2023-03-02T11:00:02+00:00","breadcrumb":{"@id":"https:\/\/diariotextual.com\/inicio\/index.php\/2023\/03\/02\/el-museo-de-artes-anuncio-el-calendario-de-muestras-2023\/#breadcrumb"},"inLanguage":"es","potentialAction":[{"@type":"ReadAction","target":["https:\/\/diariotextual.com\/inicio\/index.php\/2023\/03\/02\/el-museo-de-artes-anuncio-el-calendario-de-muestras-2023\/"]}]},{"@type":"ImageObject","inLanguage":"es","@id":"https:\/\/diariotextual.com\/inicio\/index.php\/2023\/03\/02\/el-museo-de-artes-anuncio-el-calendario-de-muestras-2023\/#primaryimage","url":"https:\/\/diariotextual.com\/inicio\/wp-content\/uploads\/2019\/02\/museoprovincialdeartes32455.jpg","contentUrl":"https:\/\/diariotextual.com\/inicio\/wp-content\/uploads\/2019\/02\/museoprovincialdeartes32455.jpg","width":806,"height":503},{"@type":"BreadcrumbList","@id":"https:\/\/diariotextual.com\/inicio\/index.php\/2023\/03\/02\/el-museo-de-artes-anuncio-el-calendario-de-muestras-2023\/#breadcrumb","itemListElement":[{"@type":"ListItem","position":1,"name":"Portada","item":"https:\/\/diariotextual.com\/inicio\/"},{"@type":"ListItem","position":2,"name":"El Museo de Artes anunci\u00f3 el calendario de muestras 2023"}]},{"@type":"WebSite","@id":"https:\/\/diariotextual.com\/inicio\/#website","url":"https:\/\/diariotextual.com\/inicio\/","name":"Diario Textual","description":"","publisher":{"@id":"https:\/\/diariotextual.com\/inicio\/#organization"},"potentialAction":[{"@type":"SearchAction","target":{"@type":"EntryPoint","urlTemplate":"https:\/\/diariotextual.com\/inicio\/?s={search_term_string}"},"query-input":{"@type":"PropertyValueSpecification","valueRequired":true,"valueName":"search_term_string"}}],"inLanguage":"es"},{"@type":"Organization","@id":"https:\/\/diariotextual.com\/inicio\/#organization","name":"Diario Textual","url":"https:\/\/diariotextual.com\/inicio\/","logo":{"@type":"ImageObject","inLanguage":"es","@id":"https:\/\/diariotextual.com\/inicio\/#\/schema\/logo\/image\/","url":"https:\/\/diariotextual.com\/inicio\/wp-content\/uploads\/2023\/05\/logotextual1.jpg","contentUrl":"https:\/\/diariotextual.com\/inicio\/wp-content\/uploads\/2023\/05\/logotextual1.jpg","width":516,"height":76,"caption":"Diario Textual"},"image":{"@id":"https:\/\/diariotextual.com\/inicio\/#\/schema\/logo\/image\/"},"sameAs":["https:\/\/www.facebook.com\/eltextual","https:\/\/x.com\/eltextual","http:\/\/www.instagram.com\/eltextual"]},{"@type":"Person","@id":"https:\/\/diariotextual.com\/inicio\/#\/schema\/person\/694f60677f23c4a530867a98f22b3768","name":"diario2","image":{"@type":"ImageObject","inLanguage":"es","@id":"https:\/\/secure.gravatar.com\/avatar\/5a2567495ba16b852fcd8f1ed006a2e24fcace936018ed8237e95f488ad6e0a7?s=96&d=mm&r=g","url":"https:\/\/secure.gravatar.com\/avatar\/5a2567495ba16b852fcd8f1ed006a2e24fcace936018ed8237e95f488ad6e0a7?s=96&d=mm&r=g","contentUrl":"https:\/\/secure.gravatar.com\/avatar\/5a2567495ba16b852fcd8f1ed006a2e24fcace936018ed8237e95f488ad6e0a7?s=96&d=mm&r=g","caption":"diario2"},"url":"https:\/\/diariotextual.com\/inicio\/index.php\/author\/diario2\/"}]}},"_links":{"self":[{"href":"https:\/\/diariotextual.com\/inicio\/index.php\/wp-json\/wp\/v2\/posts\/217639","targetHints":{"allow":["GET"]}}],"collection":[{"href":"https:\/\/diariotextual.com\/inicio\/index.php\/wp-json\/wp\/v2\/posts"}],"about":[{"href":"https:\/\/diariotextual.com\/inicio\/index.php\/wp-json\/wp\/v2\/types\/post"}],"author":[{"embeddable":true,"href":"https:\/\/diariotextual.com\/inicio\/index.php\/wp-json\/wp\/v2\/users\/4"}],"replies":[{"embeddable":true,"href":"https:\/\/diariotextual.com\/inicio\/index.php\/wp-json\/wp\/v2\/comments?post=217639"}],"version-history":[{"count":1,"href":"https:\/\/diariotextual.com\/inicio\/index.php\/wp-json\/wp\/v2\/posts\/217639\/revisions"}],"predecessor-version":[{"id":217640,"href":"https:\/\/diariotextual.com\/inicio\/index.php\/wp-json\/wp\/v2\/posts\/217639\/revisions\/217640"}],"wp:featuredmedia":[{"embeddable":true,"href":"https:\/\/diariotextual.com\/inicio\/index.php\/wp-json\/wp\/v2\/media\/37992"}],"wp:attachment":[{"href":"https:\/\/diariotextual.com\/inicio\/index.php\/wp-json\/wp\/v2\/media?parent=217639"}],"wp:term":[{"taxonomy":"category","embeddable":true,"href":"https:\/\/diariotextual.com\/inicio\/index.php\/wp-json\/wp\/v2\/categories?post=217639"},{"taxonomy":"post_tag","embeddable":true,"href":"https:\/\/diariotextual.com\/inicio\/index.php\/wp-json\/wp\/v2\/tags?post=217639"}],"curies":[{"name":"wp","href":"https:\/\/api.w.org\/{rel}","templated":true}]}}