{"id":217644,"date":"2023-03-02T08:33:39","date_gmt":"2023-03-02T11:33:39","guid":{"rendered":"https:\/\/diariotextual.com\/inicio\/?p=217644"},"modified":"2023-03-02T08:33:44","modified_gmt":"2023-03-02T11:33:44","slug":"fiestas-populares-y-celebraciones-en-la-agenda-cultural-de-marzo","status":"publish","type":"post","link":"https:\/\/diariotextual.com\/inicio\/index.php\/2023\/03\/02\/fiestas-populares-y-celebraciones-en-la-agenda-cultural-de-marzo\/","title":{"rendered":"Fiestas populares y celebraciones en la agenda cultural de marzo"},"content":{"rendered":"\n<p>Marzo llega con las conmemoraciones del <strong>D\u00eda de la Mujer y el d\u00eda de la Memoria en el marco del 40 aniversario de la Democracia recuperada<\/strong>; m\u00e1s un nuevo aniversario de la Casa Museo Olga Orozco.<\/p>\n\n\n\n<p>En esta entrega la Secretar\u00eda de Cultura y municipios pampeanos <strong>adelantan algunas de las propuestas, incluidos festejos aniversarios, fiestas populares y festivales tradicionales, bailes de carnaval<\/strong> y los \u00faltimos d\u00edas de la exposici\u00f3n \u201cRostros de la tierra\u201d en el Centro Cultural Medasur.<\/p>\n\n\n\n<p><strong>Fiestas populares<\/strong><\/p>\n\n\n\n<p><strong>Jacinto Arauz<\/strong>: viernes 3, s\u00e1bado 4 y domingo 5, <strong>XXVIII Encuentro Federal de Folklore.<\/strong><\/p>\n\n\n\n<p>Viernes 3 | 20:30 | Polideportivo Municipal. Actuaci\u00f3n de artistas locales, Baraja Chacarera y Los Caldenes. Patio de comidas. Muestra de artesanos.<\/p>\n\n\n\n<p>S\u00e1bado 4 | 20:30 | Polideportivo Municipal. Actuaci\u00f3n de Grupo Lihue, Grupo Juvenil, Carlos Marchesini, Laura Gomez Weizz, Asato &#8211; Pa\u00eds, Uno x Uno, El Gato Peters y el gran cierre a cargo de Juan Fuentes. Patio de comidas. Muestra de artesanos.<\/p>\n\n\n\n<p>Domingo 5 | Centro Criollo Don Jacinto. Gran Jineteada.<\/p>\n\n\n\n<p><\/p>\n\n\n\n<p><strong>Alpachiri<\/strong><\/p>\n\n\n\n<p>Domingo 5 | 8:00 | Centro Tradicionalista El Lazo | Entrada libre y gratuita. <strong>3\u00b0 Encuentro de Juegos y Destrezas Criollas<\/strong>: pialada de terneros puerta afuera, concurso de riendas, carrera de sortija, destrezas criollas. Patio de comida.<\/p>\n\n\n\n<p><strong>Bernasconi<\/strong><\/p>\n\n\n\n<p>Viernes 17, s\u00e1bado 18 y domingo 19. <strong>18\u00b0 Fiesta Provincial del Piquill\u00edn.<\/strong> 135 aniversario de Bernasconi. Fundaci\u00f3n: 16 de marzo de 1888.<\/p>\n\n\n\n<p>Viernes 17, 20:00h: <strong>Piquill\u00edn Rock \u00abEl Quinto elemento\u00bb<\/strong>: Actuaci\u00f3n de Nomades, Antonini y las aves ex\u00f3ticas, Patada, Los t\u00edmidos y Zalbatage. Feriantes, cerveza artesanal, tatuajes temporales. Lugar: Club Uni\u00f3n Deportivo Bernasconi.<\/p>\n\n\n\n<p>S\u00e1bado 18<\/p>\n\n\n\n<p>17:00: Desfile de instituciones y centros tradicionalistas. Lugar: Frente al Municipio.<\/p>\n\n\n\n<p>20:00: Festival folcl\u00f3rico: con las presentaciones de alumnos del taller de viol\u00edn y taller de tango. Actuaci\u00f3n de Jos\u00e9 Soifer \u201cEl cantor del Pueblo\u201d, Pastora Cruz, Cacuya Gaitan, Los de Maza, Los Manseros Santiague\u00f1os de Leocadio Torres Cerrando. Lugar: SUM Municipal.<\/p>\n\n\n\n<p>Domingo 19 de marzo | Campo de Jineteada \u201cJos\u00e9 Hern\u00e1ndez\u201d.<\/p>\n\n\n\n<p>9:00: Pialada de terneros. Jineteada de las clinas con 3 a la final.<\/p>\n\n\n\n<p>14:00: Rueda de bastos con 40 reservados 4 a la final. Gran Broche de Oro.<\/p>\n\n\n\n<p>Apadrinan: Hermanos Juarez. Capataz de campo: Ricardo Dillschneider. Animan: Cuya Gaitan y Javier Wisner.<\/p>\n\n\n\n<figure class=\"wp-block-image size-full\"><img fetchpriority=\"high\" decoding=\"async\" width=\"1001\" height=\"750\" src=\"https:\/\/diariotextual.com\/inicio\/wp-content\/uploads\/2022\/03\/realicofestejos115-1.jpg\" alt=\"\" class=\"wp-image-181331\" srcset=\"https:\/\/diariotextual.com\/inicio\/wp-content\/uploads\/2022\/03\/realicofestejos115-1.jpg 1001w, https:\/\/diariotextual.com\/inicio\/wp-content\/uploads\/2022\/03\/realicofestejos115-1-300x225.jpg 300w, https:\/\/diariotextual.com\/inicio\/wp-content\/uploads\/2022\/03\/realicofestejos115-1-768x575.jpg 768w, https:\/\/diariotextual.com\/inicio\/wp-content\/uploads\/2022\/03\/realicofestejos115-1-585x438.jpg 585w\" sizes=\"(max-width: 1001px) 100vw, 1001px\" \/><\/figure>\n\n\n\n<p><strong>Aniversarios<\/strong><\/p>\n\n\n\n<p><strong>Realic\u00f3<\/strong><\/p>\n\n\n\n<p>Jueves 2 y s\u00e1bado 4. <strong>116\u00b0 aniversario de Realic\u00f3.<\/strong> Fundaci\u00f3n: 2 de marzo de 1907<\/p>\n\n\n\n<p>Jueves 2: Acto protocolar en donde se rendir\u00e1 homenaje al fundador de la localidad Tom\u00e1s Leopoldo Mullally.<\/p>\n\n\n\n<p>S\u00e1bado 4 | Parque Recreativo Municipal | Entrada libre y gratuita.<\/p>\n\n\n\n<p>20:00: Presentaci\u00f3n ballets y academias de danzas: Amor Brujo, Escuela de Malambo Pampa Norte, Impacto Dance y Realic\u00f3 Ballet. Actuaci\u00f3n de artistas locales: Alejo, Felipe Villegas, Francisco Taurian, Grupo Vida Nueva, Jonathan Tapia, Jos\u00e9 Garc\u00eda, Lucas Barizzone, Los de la Mora, Natalia Gonzalez, Tavi Rossi, Valentina Rodriguez, Santiago y Chuny Ferrando. Gran cierre con la presencia del artista nacional: \u00abEl Indio\u00bb Lucio Rojas. El cierre de la noche estar\u00e1 a cargo del DJ local Lucas Anaratonne. Patio de comidas y stands de emprendedores y artesanos locales y de la zona.<\/p>\n\n\n\n<p><\/p>\n\n\n\n<p><strong>Sarah<\/strong><\/p>\n\n\n\n<p>S\u00e1bado 4 | 21:00 | Cancha local. <strong>113\u00b0 aniversario de la Sarah.<\/strong> Fundaci\u00f3n: 6 de marzo de 1910.<\/p>\n\n\n\n<p>Sarah cumple: Presentaci\u00f3n especial de los ballets folcl\u00f3ricos \u00abHuella Sure\u00f1a\u00bb y \u00abHuella Pampa\u00bb. Actuaci\u00f3n de Tinku, Tyago Griffo, Facu y la fuerza. Patio de comidas.<\/p>\n\n\n\n<p><\/p>\n\n\n\n<p><strong>Luan Toro<\/strong><\/p>\n\n\n\n<p>Domingo 19 | 12:00 | SUM Municipal.<strong> 115\u00b0 aniversario de Luan Toro. <\/strong>Fundaci\u00f3n: 15 de marzo de 1908.<\/p>\n\n\n\n<p>Almuerzo Show con la actuaci\u00f3n de Serena Gamboa, Los Caldenes y Los Nombradores del Alba.<\/p>\n\n\n\n<figure class=\"wp-block-image size-large\"><img decoding=\"async\" width=\"1024\" height=\"683\" src=\"https:\/\/diariotextual.com\/inicio\/wp-content\/uploads\/2020\/02\/carnavalsantarosabelkismartin2020-13-1024x683.jpg\" alt=\"\" class=\"wp-image-80774\" srcset=\"https:\/\/diariotextual.com\/inicio\/wp-content\/uploads\/2020\/02\/carnavalsantarosabelkismartin2020-13-1024x683.jpg 1024w, https:\/\/diariotextual.com\/inicio\/wp-content\/uploads\/2020\/02\/carnavalsantarosabelkismartin2020-13-300x200.jpg 300w, https:\/\/diariotextual.com\/inicio\/wp-content\/uploads\/2020\/02\/carnavalsantarosabelkismartin2020-13-768x512.jpg 768w, https:\/\/diariotextual.com\/inicio\/wp-content\/uploads\/2020\/02\/carnavalsantarosabelkismartin2020-13-1170x780.jpg 1170w, https:\/\/diariotextual.com\/inicio\/wp-content\/uploads\/2020\/02\/carnavalsantarosabelkismartin2020-13-585x390.jpg 585w, https:\/\/diariotextual.com\/inicio\/wp-content\/uploads\/2020\/02\/carnavalsantarosabelkismartin2020-13-263x175.jpg 263w, https:\/\/diariotextual.com\/inicio\/wp-content\/uploads\/2020\/02\/carnavalsantarosabelkismartin2020-13.jpg 1500w\" sizes=\"(max-width: 1024px) 100vw, 1024px\" \/><\/figure>\n\n\n\n<p><strong>Carnavales 2023<\/strong><\/p>\n\n\n\n<p>Bern<strong>ardo Larroud\u00e9<\/strong><\/p>\n\n\n\n<p>Viernes 3 de marzo | 21:00 | Av. Sarmiento. Carnaval 2023: Presentaci\u00f3n de figuras del carnaval de Gualeguaych\u00fa, La Troupe de los autos locos, Bateria Pojai, Comparsa La Plumita, Batucada Ballet Aret\u00e9, Batucada Ipane y el show de Marionetas gigantes.<\/p>\n\n\n\n<p><strong>Rancul<\/strong><\/p>\n\n\n\n<p>S\u00e1bado 4 | 20:00 | Frente al Edificio Municipal. Carnaval 2023: Desfile de comparsas, disfraces, carrozas. Feria de emprendedores. Patio de comidas.<\/p>\n\n\n\n<p><strong>Ataliva Roca<\/strong><\/p>\n\n\n\n<p>S\u00e1bado 4 | 23:00| Club Sportivo Pampero. Carnaval 2023: Participaci\u00f3n de disfraces grupales e individuales. Baile con Banda Manantial.<\/p>\n\n\n\n<p><\/p>\n\n\n\n<p><strong>Centro de Artes. Leguizam\u00f3n 1125. Santa Rosa.<\/strong><\/p>\n\n\n\n<p>Danza. Seminario. Viernes 10 y s\u00e1bado 11 de marzo | 19:00 a 21:00. En el marco de los homenajes por el D\u00eda de la Mujer se brindar\u00e1n dos talleres de danza afrocubana, orishas Oshun y Oy\u00e1.<\/p>\n\n\n\n<p>La orisha Oshun, en su representaci\u00f3n, est\u00e1 asociada al rio, dentro de la naturaleza y a la orisha Oy\u00e1 se la representa con la energ\u00eda de la tormenta. Dirigido por mariana mansilla (santa rosa), bailarina de danzas folcl\u00f3ricas cubanas, formada en Tainos (tecnicatura de formaci\u00f3n docente) y en Escuela Proyecto Mestizo (abocada a destacar las ra\u00edces afro en Latinoam\u00e9rica).<\/p>\n\n\n\n<p>Para m\u00e1s informaci\u00f3n, ponerse en contacto al 011-15 76 295901<\/p>\n\n\n\n<p>IG: aybarmarianita.<\/p>\n\n\n\n<p><\/p>\n\n\n\n<p><strong>Cinem\u00f3vil y bibliom\u00f3viles<\/strong><\/p>\n\n\n\n<p>Contin\u00faan sus recorridos el Cinem\u00f3vil en barrios con el programa \u00abCultura en Territorio\u00bb en General Pico y los bibliom\u00f3viles en General Acha y Santa Rosa.<\/p>\n\n\n\n<p>Santa Rosa<\/p>\n\n\n\n<p>Centro Cultural Provincial Medasur | Av. Belgrano Sur 180<\/p>\n\n\n\n<p>Jardines<\/p>\n\n\n\n<p>D\u00eda Internacional de la Mujer. Viernes 10 de marzo.<\/p>\n\n\n\n<p>En el auditorio, desde las 10, Jornada \u201cNosotras Movemos El Mundo\u201d en conmemoraci\u00f3n del 8M, D\u00eda Internacional de la Mujer. Programa en proceso.<\/p>\n\n\n\n<p>De 11 a 13, bajo el lema \u00abPalabra de mujer\u00bb se propone en los jardines del Medasur un espacio colectivo de di\u00e1logo a trav\u00e9s de acciones art\u00edsticas. Las actividades se realizar\u00e1n en paralelo a la jornada \u201cNosotras movemos el mundo\u201d con un taller para construir susurradores y\/o susurrar a los transe\u00fantes que se encuentren circulando. Textos, poes\u00eda y prosa que trasmitir\u00e1n reflexiones y pensamientos de mujeres. A la vez se armar\u00e1 un cordel de textos con im\u00e1genes de artistas pl\u00e1sticas pampeanas.<\/p>\n\n\n\n<p>La invitaci\u00f3n a realizar esta actividad se extiende a todas las Bibliotecas Populares de la Provincia y a las \u00e1reas municipales de cultura, proponiendo, en la medida posible, llevar puesto un accesorio o vestimenta de color violeta para visibilizar la conmemoraci\u00f3n.<\/p>\n\n\n\n<p>Esta misma acci\u00f3n se replicar\u00e1 junto a las Bibliotecas Populares de Santa Rosa que deseen sumarse, el d\u00eda viernes 17 de marzo de 11 a 13, en la plaza San Mart\u00edn.<\/p>\n\n\n\n<p>Organizan: Secretar\u00eda de la Mujer, G\u00e9neros y Diversidad y Secretar\u00eda de Cultura del Gobierno de La Pampa, desde la Direcci\u00f3n Provincial de Art\u00edstica y el \u00e1rea Bibliotecas Populares.<\/p>\n\n\n\n<p><\/p>\n\n\n\n<p><strong>Exposiciones<\/strong><\/p>\n\n\n\n<p>Santa Rosa<\/p>\n\n\n\n<p>Cen<strong>tro Cultural Medasur <\/strong><\/p>\n\n\n\n<p>Espacio de Arte \u201cEduardo Di Nardo\u201d<\/p>\n\n\n\n<p>\u00a1\u00daltimos d\u00edas! Cierra el 3 de marzo. \u201cLos rostros de la tierra. Transposiciones\u201d. Basada en el libro de investigaci\u00f3n Los rostros de la tierra. Iconograf\u00eda ind\u00edgena de La Pampa, 1870-1950, de Jos\u00e9 Depetris y Pedro Vigne. Se trata de una muestra multudisciplinar donde diferentes artistas transponen las fotograf\u00edas del libro a obras pl\u00e1sticas, canciones y poemas.<\/p>\n\n\n\n<p>Actividad de cierre. Viernes 3 de marzo a las 20.<\/p>\n\n\n\n<p>Participaci\u00f3n de algunos de los artistas que intervienen en la muestra como Carlos Giusti (Buenos Aires), Gabriel V\u00e1zquez (R\u00edo Negro), Miguel Garc\u00eda (Toay), Luis Abraham y Rosa Audisio (General Pico), tambi\u00e9n Tierra Ranquel, integrado por los artesanos Juan P\u00e9rez y Natalia Mart\u00ednez y los reconocidos m\u00fasicos Luis Gesualdi y Federico Camiletti.<\/p>\n\n\n\n<p>Visitas: lunes a viernes de 8 a 12:30 y s\u00e1bado y domingo de 18 a 20, con acceso libre y gratuito.<\/p>\n","protected":false},"excerpt":{"rendered":"<p>Marzo llega con las conmemoraciones del D\u00eda de la Mujer y el d\u00eda de la Memoria en el marco del 40 aniversario de la Democracia recuperada; m\u00e1s un nuevo aniversario&hellip;<\/p>\n","protected":false},"author":4,"featured_media":134336,"comment_status":"closed","ping_status":"open","sticky":false,"template":"","format":"standard","meta":{"_acf_changed":false,"footnotes":""},"categories":[1,2],"tags":[],"class_list":["post-217644","post","type-post","status-publish","format-standard","has-post-thumbnail","hentry","category-es-noticia","category-cultura"],"acf":[],"yoast_head":"<!-- This site is optimized with the Yoast SEO plugin v27.5 - https:\/\/yoast.com\/product\/yoast-seo-wordpress\/ -->\n<title>Fiestas populares y celebraciones en la agenda cultural de marzo - Diario Textual<\/title>\n<meta name=\"robots\" content=\"index, follow, max-snippet:-1, max-image-preview:large, max-video-preview:-1\" \/>\n<link rel=\"canonical\" href=\"https:\/\/diariotextual.com\/inicio\/index.php\/2023\/03\/02\/fiestas-populares-y-celebraciones-en-la-agenda-cultural-de-marzo\/\" \/>\n<meta property=\"og:locale\" content=\"es_ES\" \/>\n<meta property=\"og:type\" content=\"article\" \/>\n<meta property=\"og:title\" content=\"Fiestas populares y celebraciones en la agenda cultural de marzo - Diario Textual\" \/>\n<meta property=\"og:description\" content=\"Marzo llega con las conmemoraciones del D\u00eda de la Mujer y el d\u00eda de la Memoria en el marco del 40 aniversario de la Democracia recuperada; m\u00e1s un nuevo aniversario&hellip;\" \/>\n<meta property=\"og:url\" content=\"https:\/\/diariotextual.com\/inicio\/index.php\/2023\/03\/02\/fiestas-populares-y-celebraciones-en-la-agenda-cultural-de-marzo\/\" \/>\n<meta property=\"og:site_name\" content=\"Diario Textual\" \/>\n<meta property=\"article:publisher\" content=\"https:\/\/www.facebook.com\/eltextual\" \/>\n<meta property=\"article:published_time\" content=\"2023-03-02T11:33:39+00:00\" \/>\n<meta property=\"article:modified_time\" content=\"2023-03-02T11:33:44+00:00\" \/>\n<meta property=\"og:image\" content=\"https:\/\/diariotextual.com\/inicio\/wp-content\/uploads\/2021\/02\/jineteadas001.jpg\" \/>\n\t<meta property=\"og:image:width\" content=\"511\" \/>\n\t<meta property=\"og:image:height\" content=\"362\" \/>\n\t<meta property=\"og:image:type\" content=\"image\/jpeg\" \/>\n<meta name=\"author\" content=\"diario2\" \/>\n<meta name=\"twitter:card\" content=\"summary_large_image\" \/>\n<meta name=\"twitter:creator\" content=\"@eltextual\" \/>\n<meta name=\"twitter:site\" content=\"@eltextual\" \/>\n<meta name=\"twitter:label1\" content=\"Escrito por\" \/>\n\t<meta name=\"twitter:data1\" content=\"diario2\" \/>\n\t<meta name=\"twitter:label2\" content=\"Tiempo de lectura\" \/>\n\t<meta name=\"twitter:data2\" content=\"6 minutos\" \/>\n<script type=\"application\/ld+json\" class=\"yoast-schema-graph\">{\"@context\":\"https:\\\/\\\/schema.org\",\"@graph\":[{\"@type\":\"Article\",\"@id\":\"https:\\\/\\\/diariotextual.com\\\/inicio\\\/index.php\\\/2023\\\/03\\\/02\\\/fiestas-populares-y-celebraciones-en-la-agenda-cultural-de-marzo\\\/#article\",\"isPartOf\":{\"@id\":\"https:\\\/\\\/diariotextual.com\\\/inicio\\\/index.php\\\/2023\\\/03\\\/02\\\/fiestas-populares-y-celebraciones-en-la-agenda-cultural-de-marzo\\\/\"},\"author\":{\"name\":\"diario2\",\"@id\":\"https:\\\/\\\/diariotextual.com\\\/inicio\\\/#\\\/schema\\\/person\\\/694f60677f23c4a530867a98f22b3768\"},\"headline\":\"Fiestas populares y celebraciones en la agenda cultural de marzo\",\"datePublished\":\"2023-03-02T11:33:39+00:00\",\"dateModified\":\"2023-03-02T11:33:44+00:00\",\"mainEntityOfPage\":{\"@id\":\"https:\\\/\\\/diariotextual.com\\\/inicio\\\/index.php\\\/2023\\\/03\\\/02\\\/fiestas-populares-y-celebraciones-en-la-agenda-cultural-de-marzo\\\/\"},\"wordCount\":1192,\"publisher\":{\"@id\":\"https:\\\/\\\/diariotextual.com\\\/inicio\\\/#organization\"},\"image\":{\"@id\":\"https:\\\/\\\/diariotextual.com\\\/inicio\\\/index.php\\\/2023\\\/03\\\/02\\\/fiestas-populares-y-celebraciones-en-la-agenda-cultural-de-marzo\\\/#primaryimage\"},\"thumbnailUrl\":\"https:\\\/\\\/diariotextual.com\\\/inicio\\\/wp-content\\\/uploads\\\/2021\\\/02\\\/jineteadas001.jpg\",\"articleSection\":[\"A - ES NOTICIA (van abajo)\",\"CULTURA\"],\"inLanguage\":\"es\"},{\"@type\":\"WebPage\",\"@id\":\"https:\\\/\\\/diariotextual.com\\\/inicio\\\/index.php\\\/2023\\\/03\\\/02\\\/fiestas-populares-y-celebraciones-en-la-agenda-cultural-de-marzo\\\/\",\"url\":\"https:\\\/\\\/diariotextual.com\\\/inicio\\\/index.php\\\/2023\\\/03\\\/02\\\/fiestas-populares-y-celebraciones-en-la-agenda-cultural-de-marzo\\\/\",\"name\":\"Fiestas populares y celebraciones en la agenda cultural de marzo - Diario Textual\",\"isPartOf\":{\"@id\":\"https:\\\/\\\/diariotextual.com\\\/inicio\\\/#website\"},\"primaryImageOfPage\":{\"@id\":\"https:\\\/\\\/diariotextual.com\\\/inicio\\\/index.php\\\/2023\\\/03\\\/02\\\/fiestas-populares-y-celebraciones-en-la-agenda-cultural-de-marzo\\\/#primaryimage\"},\"image\":{\"@id\":\"https:\\\/\\\/diariotextual.com\\\/inicio\\\/index.php\\\/2023\\\/03\\\/02\\\/fiestas-populares-y-celebraciones-en-la-agenda-cultural-de-marzo\\\/#primaryimage\"},\"thumbnailUrl\":\"https:\\\/\\\/diariotextual.com\\\/inicio\\\/wp-content\\\/uploads\\\/2021\\\/02\\\/jineteadas001.jpg\",\"datePublished\":\"2023-03-02T11:33:39+00:00\",\"dateModified\":\"2023-03-02T11:33:44+00:00\",\"breadcrumb\":{\"@id\":\"https:\\\/\\\/diariotextual.com\\\/inicio\\\/index.php\\\/2023\\\/03\\\/02\\\/fiestas-populares-y-celebraciones-en-la-agenda-cultural-de-marzo\\\/#breadcrumb\"},\"inLanguage\":\"es\",\"potentialAction\":[{\"@type\":\"ReadAction\",\"target\":[\"https:\\\/\\\/diariotextual.com\\\/inicio\\\/index.php\\\/2023\\\/03\\\/02\\\/fiestas-populares-y-celebraciones-en-la-agenda-cultural-de-marzo\\\/\"]}]},{\"@type\":\"ImageObject\",\"inLanguage\":\"es\",\"@id\":\"https:\\\/\\\/diariotextual.com\\\/inicio\\\/index.php\\\/2023\\\/03\\\/02\\\/fiestas-populares-y-celebraciones-en-la-agenda-cultural-de-marzo\\\/#primaryimage\",\"url\":\"https:\\\/\\\/diariotextual.com\\\/inicio\\\/wp-content\\\/uploads\\\/2021\\\/02\\\/jineteadas001.jpg\",\"contentUrl\":\"https:\\\/\\\/diariotextual.com\\\/inicio\\\/wp-content\\\/uploads\\\/2021\\\/02\\\/jineteadas001.jpg\",\"width\":511,\"height\":362},{\"@type\":\"BreadcrumbList\",\"@id\":\"https:\\\/\\\/diariotextual.com\\\/inicio\\\/index.php\\\/2023\\\/03\\\/02\\\/fiestas-populares-y-celebraciones-en-la-agenda-cultural-de-marzo\\\/#breadcrumb\",\"itemListElement\":[{\"@type\":\"ListItem\",\"position\":1,\"name\":\"Portada\",\"item\":\"https:\\\/\\\/diariotextual.com\\\/inicio\\\/\"},{\"@type\":\"ListItem\",\"position\":2,\"name\":\"Fiestas populares y celebraciones en la agenda cultural de marzo\"}]},{\"@type\":\"WebSite\",\"@id\":\"https:\\\/\\\/diariotextual.com\\\/inicio\\\/#website\",\"url\":\"https:\\\/\\\/diariotextual.com\\\/inicio\\\/\",\"name\":\"Diario Textual\",\"description\":\"\",\"publisher\":{\"@id\":\"https:\\\/\\\/diariotextual.com\\\/inicio\\\/#organization\"},\"potentialAction\":[{\"@type\":\"SearchAction\",\"target\":{\"@type\":\"EntryPoint\",\"urlTemplate\":\"https:\\\/\\\/diariotextual.com\\\/inicio\\\/?s={search_term_string}\"},\"query-input\":{\"@type\":\"PropertyValueSpecification\",\"valueRequired\":true,\"valueName\":\"search_term_string\"}}],\"inLanguage\":\"es\"},{\"@type\":\"Organization\",\"@id\":\"https:\\\/\\\/diariotextual.com\\\/inicio\\\/#organization\",\"name\":\"Diario Textual\",\"url\":\"https:\\\/\\\/diariotextual.com\\\/inicio\\\/\",\"logo\":{\"@type\":\"ImageObject\",\"inLanguage\":\"es\",\"@id\":\"https:\\\/\\\/diariotextual.com\\\/inicio\\\/#\\\/schema\\\/logo\\\/image\\\/\",\"url\":\"https:\\\/\\\/diariotextual.com\\\/inicio\\\/wp-content\\\/uploads\\\/2023\\\/05\\\/logotextual1.jpg\",\"contentUrl\":\"https:\\\/\\\/diariotextual.com\\\/inicio\\\/wp-content\\\/uploads\\\/2023\\\/05\\\/logotextual1.jpg\",\"width\":516,\"height\":76,\"caption\":\"Diario Textual\"},\"image\":{\"@id\":\"https:\\\/\\\/diariotextual.com\\\/inicio\\\/#\\\/schema\\\/logo\\\/image\\\/\"},\"sameAs\":[\"https:\\\/\\\/www.facebook.com\\\/eltextual\",\"https:\\\/\\\/x.com\\\/eltextual\",\"http:\\\/\\\/www.instagram.com\\\/eltextual\"]},{\"@type\":\"Person\",\"@id\":\"https:\\\/\\\/diariotextual.com\\\/inicio\\\/#\\\/schema\\\/person\\\/694f60677f23c4a530867a98f22b3768\",\"name\":\"diario2\",\"image\":{\"@type\":\"ImageObject\",\"inLanguage\":\"es\",\"@id\":\"https:\\\/\\\/secure.gravatar.com\\\/avatar\\\/5a2567495ba16b852fcd8f1ed006a2e24fcace936018ed8237e95f488ad6e0a7?s=96&d=mm&r=g\",\"url\":\"https:\\\/\\\/secure.gravatar.com\\\/avatar\\\/5a2567495ba16b852fcd8f1ed006a2e24fcace936018ed8237e95f488ad6e0a7?s=96&d=mm&r=g\",\"contentUrl\":\"https:\\\/\\\/secure.gravatar.com\\\/avatar\\\/5a2567495ba16b852fcd8f1ed006a2e24fcace936018ed8237e95f488ad6e0a7?s=96&d=mm&r=g\",\"caption\":\"diario2\"},\"url\":\"https:\\\/\\\/diariotextual.com\\\/inicio\\\/index.php\\\/author\\\/diario2\\\/\"}]}<\/script>\n<!-- \/ Yoast SEO plugin. -->","yoast_head_json":{"title":"Fiestas populares y celebraciones en la agenda cultural de marzo - Diario Textual","robots":{"index":"index","follow":"follow","max-snippet":"max-snippet:-1","max-image-preview":"max-image-preview:large","max-video-preview":"max-video-preview:-1"},"canonical":"https:\/\/diariotextual.com\/inicio\/index.php\/2023\/03\/02\/fiestas-populares-y-celebraciones-en-la-agenda-cultural-de-marzo\/","og_locale":"es_ES","og_type":"article","og_title":"Fiestas populares y celebraciones en la agenda cultural de marzo - Diario Textual","og_description":"Marzo llega con las conmemoraciones del D\u00eda de la Mujer y el d\u00eda de la Memoria en el marco del 40 aniversario de la Democracia recuperada; m\u00e1s un nuevo aniversario&hellip;","og_url":"https:\/\/diariotextual.com\/inicio\/index.php\/2023\/03\/02\/fiestas-populares-y-celebraciones-en-la-agenda-cultural-de-marzo\/","og_site_name":"Diario Textual","article_publisher":"https:\/\/www.facebook.com\/eltextual","article_published_time":"2023-03-02T11:33:39+00:00","article_modified_time":"2023-03-02T11:33:44+00:00","og_image":[{"width":511,"height":362,"url":"https:\/\/diariotextual.com\/inicio\/wp-content\/uploads\/2021\/02\/jineteadas001.jpg","type":"image\/jpeg"}],"author":"diario2","twitter_card":"summary_large_image","twitter_creator":"@eltextual","twitter_site":"@eltextual","twitter_misc":{"Escrito por":"diario2","Tiempo de lectura":"6 minutos"},"schema":{"@context":"https:\/\/schema.org","@graph":[{"@type":"Article","@id":"https:\/\/diariotextual.com\/inicio\/index.php\/2023\/03\/02\/fiestas-populares-y-celebraciones-en-la-agenda-cultural-de-marzo\/#article","isPartOf":{"@id":"https:\/\/diariotextual.com\/inicio\/index.php\/2023\/03\/02\/fiestas-populares-y-celebraciones-en-la-agenda-cultural-de-marzo\/"},"author":{"name":"diario2","@id":"https:\/\/diariotextual.com\/inicio\/#\/schema\/person\/694f60677f23c4a530867a98f22b3768"},"headline":"Fiestas populares y celebraciones en la agenda cultural de marzo","datePublished":"2023-03-02T11:33:39+00:00","dateModified":"2023-03-02T11:33:44+00:00","mainEntityOfPage":{"@id":"https:\/\/diariotextual.com\/inicio\/index.php\/2023\/03\/02\/fiestas-populares-y-celebraciones-en-la-agenda-cultural-de-marzo\/"},"wordCount":1192,"publisher":{"@id":"https:\/\/diariotextual.com\/inicio\/#organization"},"image":{"@id":"https:\/\/diariotextual.com\/inicio\/index.php\/2023\/03\/02\/fiestas-populares-y-celebraciones-en-la-agenda-cultural-de-marzo\/#primaryimage"},"thumbnailUrl":"https:\/\/diariotextual.com\/inicio\/wp-content\/uploads\/2021\/02\/jineteadas001.jpg","articleSection":["A - ES NOTICIA (van abajo)","CULTURA"],"inLanguage":"es"},{"@type":"WebPage","@id":"https:\/\/diariotextual.com\/inicio\/index.php\/2023\/03\/02\/fiestas-populares-y-celebraciones-en-la-agenda-cultural-de-marzo\/","url":"https:\/\/diariotextual.com\/inicio\/index.php\/2023\/03\/02\/fiestas-populares-y-celebraciones-en-la-agenda-cultural-de-marzo\/","name":"Fiestas populares y celebraciones en la agenda cultural de marzo - Diario Textual","isPartOf":{"@id":"https:\/\/diariotextual.com\/inicio\/#website"},"primaryImageOfPage":{"@id":"https:\/\/diariotextual.com\/inicio\/index.php\/2023\/03\/02\/fiestas-populares-y-celebraciones-en-la-agenda-cultural-de-marzo\/#primaryimage"},"image":{"@id":"https:\/\/diariotextual.com\/inicio\/index.php\/2023\/03\/02\/fiestas-populares-y-celebraciones-en-la-agenda-cultural-de-marzo\/#primaryimage"},"thumbnailUrl":"https:\/\/diariotextual.com\/inicio\/wp-content\/uploads\/2021\/02\/jineteadas001.jpg","datePublished":"2023-03-02T11:33:39+00:00","dateModified":"2023-03-02T11:33:44+00:00","breadcrumb":{"@id":"https:\/\/diariotextual.com\/inicio\/index.php\/2023\/03\/02\/fiestas-populares-y-celebraciones-en-la-agenda-cultural-de-marzo\/#breadcrumb"},"inLanguage":"es","potentialAction":[{"@type":"ReadAction","target":["https:\/\/diariotextual.com\/inicio\/index.php\/2023\/03\/02\/fiestas-populares-y-celebraciones-en-la-agenda-cultural-de-marzo\/"]}]},{"@type":"ImageObject","inLanguage":"es","@id":"https:\/\/diariotextual.com\/inicio\/index.php\/2023\/03\/02\/fiestas-populares-y-celebraciones-en-la-agenda-cultural-de-marzo\/#primaryimage","url":"https:\/\/diariotextual.com\/inicio\/wp-content\/uploads\/2021\/02\/jineteadas001.jpg","contentUrl":"https:\/\/diariotextual.com\/inicio\/wp-content\/uploads\/2021\/02\/jineteadas001.jpg","width":511,"height":362},{"@type":"BreadcrumbList","@id":"https:\/\/diariotextual.com\/inicio\/index.php\/2023\/03\/02\/fiestas-populares-y-celebraciones-en-la-agenda-cultural-de-marzo\/#breadcrumb","itemListElement":[{"@type":"ListItem","position":1,"name":"Portada","item":"https:\/\/diariotextual.com\/inicio\/"},{"@type":"ListItem","position":2,"name":"Fiestas populares y celebraciones en la agenda cultural de marzo"}]},{"@type":"WebSite","@id":"https:\/\/diariotextual.com\/inicio\/#website","url":"https:\/\/diariotextual.com\/inicio\/","name":"Diario Textual","description":"","publisher":{"@id":"https:\/\/diariotextual.com\/inicio\/#organization"},"potentialAction":[{"@type":"SearchAction","target":{"@type":"EntryPoint","urlTemplate":"https:\/\/diariotextual.com\/inicio\/?s={search_term_string}"},"query-input":{"@type":"PropertyValueSpecification","valueRequired":true,"valueName":"search_term_string"}}],"inLanguage":"es"},{"@type":"Organization","@id":"https:\/\/diariotextual.com\/inicio\/#organization","name":"Diario Textual","url":"https:\/\/diariotextual.com\/inicio\/","logo":{"@type":"ImageObject","inLanguage":"es","@id":"https:\/\/diariotextual.com\/inicio\/#\/schema\/logo\/image\/","url":"https:\/\/diariotextual.com\/inicio\/wp-content\/uploads\/2023\/05\/logotextual1.jpg","contentUrl":"https:\/\/diariotextual.com\/inicio\/wp-content\/uploads\/2023\/05\/logotextual1.jpg","width":516,"height":76,"caption":"Diario Textual"},"image":{"@id":"https:\/\/diariotextual.com\/inicio\/#\/schema\/logo\/image\/"},"sameAs":["https:\/\/www.facebook.com\/eltextual","https:\/\/x.com\/eltextual","http:\/\/www.instagram.com\/eltextual"]},{"@type":"Person","@id":"https:\/\/diariotextual.com\/inicio\/#\/schema\/person\/694f60677f23c4a530867a98f22b3768","name":"diario2","image":{"@type":"ImageObject","inLanguage":"es","@id":"https:\/\/secure.gravatar.com\/avatar\/5a2567495ba16b852fcd8f1ed006a2e24fcace936018ed8237e95f488ad6e0a7?s=96&d=mm&r=g","url":"https:\/\/secure.gravatar.com\/avatar\/5a2567495ba16b852fcd8f1ed006a2e24fcace936018ed8237e95f488ad6e0a7?s=96&d=mm&r=g","contentUrl":"https:\/\/secure.gravatar.com\/avatar\/5a2567495ba16b852fcd8f1ed006a2e24fcace936018ed8237e95f488ad6e0a7?s=96&d=mm&r=g","caption":"diario2"},"url":"https:\/\/diariotextual.com\/inicio\/index.php\/author\/diario2\/"}]}},"_links":{"self":[{"href":"https:\/\/diariotextual.com\/inicio\/index.php\/wp-json\/wp\/v2\/posts\/217644","targetHints":{"allow":["GET"]}}],"collection":[{"href":"https:\/\/diariotextual.com\/inicio\/index.php\/wp-json\/wp\/v2\/posts"}],"about":[{"href":"https:\/\/diariotextual.com\/inicio\/index.php\/wp-json\/wp\/v2\/types\/post"}],"author":[{"embeddable":true,"href":"https:\/\/diariotextual.com\/inicio\/index.php\/wp-json\/wp\/v2\/users\/4"}],"replies":[{"embeddable":true,"href":"https:\/\/diariotextual.com\/inicio\/index.php\/wp-json\/wp\/v2\/comments?post=217644"}],"version-history":[{"count":1,"href":"https:\/\/diariotextual.com\/inicio\/index.php\/wp-json\/wp\/v2\/posts\/217644\/revisions"}],"predecessor-version":[{"id":217645,"href":"https:\/\/diariotextual.com\/inicio\/index.php\/wp-json\/wp\/v2\/posts\/217644\/revisions\/217645"}],"wp:featuredmedia":[{"embeddable":true,"href":"https:\/\/diariotextual.com\/inicio\/index.php\/wp-json\/wp\/v2\/media\/134336"}],"wp:attachment":[{"href":"https:\/\/diariotextual.com\/inicio\/index.php\/wp-json\/wp\/v2\/media?parent=217644"}],"wp:term":[{"taxonomy":"category","embeddable":true,"href":"https:\/\/diariotextual.com\/inicio\/index.php\/wp-json\/wp\/v2\/categories?post=217644"},{"taxonomy":"post_tag","embeddable":true,"href":"https:\/\/diariotextual.com\/inicio\/index.php\/wp-json\/wp\/v2\/tags?post=217644"}],"curies":[{"name":"wp","href":"https:\/\/api.w.org\/{rel}","templated":true}]}}