{"id":218054,"date":"2023-03-07T06:13:31","date_gmt":"2023-03-07T09:13:31","guid":{"rendered":"https:\/\/diariotextual.com\/inicio\/?p=218054"},"modified":"2023-03-07T16:51:08","modified_gmt":"2023-03-07T19:51:08","slug":"reconocen-la-labor-de-la-primera-mujer-que-condujo-un-micro-de-media-distancia","status":"publish","type":"post","link":"https:\/\/diariotextual.com\/inicio\/index.php\/2023\/03\/07\/reconocen-la-labor-de-la-primera-mujer-que-condujo-un-micro-de-media-distancia\/","title":{"rendered":"Reconocen la labor de la primera mujer que condujo un micro de media distancia"},"content":{"rendered":"\n<p>En la Semana de la Mujer, el Ministerio de Obras y Servicios P\u00fablicos reconoci\u00f3 y destac\u00f3 la labor de <strong>Lorena Romero<\/strong>, la primera mujer que condujo un micro de media distancia en la provincia.<\/p>\n\n\n\n<p>Romero trabaja en la empresa de transporte de pasajeros con recorrido de Santa Rosa \u2013 Toay. <strong>Fue reconocida por ser un ejemplo para muchas chicas que comenzaron a ocupar puestos de trabajos que antes parec\u00edan ser exclusivos de hombres.<\/strong><\/p>\n\n\n\n<p>El organismo&nbsp;tiene relaci\u00f3n directa con la construcci\u00f3n, el transporte y el saneamiento, la mayor\u00eda de trabajadores de campo hasta hace algunos a\u00f1os eran varones, en la \u00faltima d\u00e9cada se han incorporado mujeres que cumplen las funciones que parec\u00edan \u201cexclusivas\u201d de los varones a esos puestos y debemos destacar el apego por sus funciones, compromiso y responsabilidad. Las barreras culturales se&nbsp;derribaron&nbsp;y las mujeres ocupan cargos preponderantes en las acciones que tienen relaci\u00f3n con la obra y el transporte.<br><br><strong>Romero es la primera mujer que tom\u00f3 el volante de un micro en la Provincia y su profesi\u00f3n alent\u00f3 a otras chicas a seguir sus pasos. <\/strong>Cuando se conoci\u00f3 su profesi\u00f3n medios de todo el pa\u00eds la contactaron para saber c\u00f3mo hab\u00eda llegado a realizar esa actividad, siendo que se tomaba como \u201cnormal\u201d que s\u00f3lo fueran hombres quienes se desempe\u00f1aran como choferes de micros. Lorena trabajaba en una empresa de transportes de pasajeros y comenz\u00f3 a capacitarse para llegar a ser chofer, cont\u00f3 su historia y dijo: \u201cme encanta manejar y como trabajaba en una empresa de transportes me propuse aprender a conducir un micro. En un principio me gui\u00f3 un compa\u00f1ero, despu\u00e9s como estaba sola en el predio, empec\u00e9 a practicar hasta estar capacitada\u201d.<\/p>\n\n\n\n<p>\u201cMis c<strong>ompa\u00f1eros de trabajo siempre me alentaron a ser chofer, a salir a manejar. <\/strong>Cuando la empresa me propuso el trabajo tuve un enorme apoyo de todos ellos que demostraron su felicidad por mi nueva funci\u00f3n\u201d, cont\u00f3.<\/p>\n\n\n\n<p>\u201cHoy los cruzo de noche, porque algunos conducen autos de largas distancias y me dicen \u2018tendr\u00edas que estar ac\u00e1 con nosotros\u2019, lo que pienso que en alg\u00fan momento ser\u00e1\u201d, dice Lorena entre risas. Su profesi\u00f3n tom\u00f3 estado p\u00fablico por las redes sociales. \u201cLa gente se enter\u00f3 que hab\u00eda una mujer chofer porque el due\u00f1o de la empresa (de ese momento), lo publica en un canal de aire anunciando que en la l\u00ednea se incorporaba la primera mujer conductora de transporte de pasajeros, mi hermana lo replica en sus redes, ah\u00ed se dispar\u00f3, tom\u00f3 estado p\u00fablico y comenzaron a llamarme de muchos medios de comunicaci\u00f3n\u201d, record\u00f3.<\/p>\n\n\n\n<p>Con respecto a c\u00f3mo viven su rol laboral sus m\u00e1s allegados, asegur\u00f3: \u201cmi familia est\u00e1 muy feliz de mi profesi\u00f3n, me acompa\u00f1an mucho, fue un cambio muy brusco en mi vida y en la sociedad tambi\u00e9n, por lo menos ac\u00e1 en Santa Rosa\u201d.<\/p>\n\n\n\n<p>La visibilizaci\u00f3n de la actividad de Lorena, dio el puntapi\u00e9 inicial para que otras mujeres se presentaran en las empresas de transportes a ocupar lugares que eran desarrollados solo por varones. \u201cFue algo muy novedoso y positivo, a partir de mi ingreso como chofer se sumaron dos chicas m\u00e1s. Es genial eso, nosotras podemos hacer cualquier cosa, no hay trabajos exclusivos para hombres o mujeres\u201d, agreg\u00f3.<\/p>\n\n\n\n<p>\u201cEn la empresa los choferes en su mayor\u00eda son hombres, siempre fue visto como un trabajo de hombres, <strong>aunque las mujeres podemos hacer los mismos trabajos. Soy una m\u00e1s del mont\u00f3n, ac\u00e1 no hay distinci\u00f3n de hombre o mujer, soy una m\u00e1s del grupo. <\/strong>Somos todos iguales, somos todos choferes, por eso tampoco tengo privilegios de horarios ni mucho menos\u201d.<\/p>\n\n\n\n<p>Lorena no dud\u00f3 al referirse a la parte gratificante de sus labores diarias como chofer. \u201cLo que m\u00e1s me gusta de mi trabajo -dijo- es el contacto con la gente, que es super agradable y lo hacen m\u00e1s llevadero. Las personas saludan cuando suben y bajan, son muy atentos, hay demostraciones que nuestro trabajo es importante\u201d.<\/p>\n","protected":false},"excerpt":{"rendered":"<p>En la Semana de la Mujer, el Ministerio de Obras y Servicios P\u00fablicos reconoci\u00f3 y destac\u00f3 la labor de Lorena Romero, la primera mujer que condujo un micro de media&hellip;<\/p>\n","protected":false},"author":4,"featured_media":218058,"comment_status":"closed","ping_status":"open","sticky":false,"template":"","format":"standard","meta":{"_acf_changed":false,"footnotes":""},"categories":[1,11,12],"tags":[],"class_list":["post-218054","post","type-post","status-publish","format-standard","has-post-thumbnail","hentry","category-es-noticia","category-que-pasa","category-sociedad"],"acf":[],"yoast_head":"<!-- This site is optimized with the Yoast SEO plugin v27.5 - https:\/\/yoast.com\/product\/yoast-seo-wordpress\/ -->\n<title>Reconocen la labor de la primera mujer que condujo un micro de media distancia - Diario Textual<\/title>\n<meta name=\"robots\" content=\"index, follow, max-snippet:-1, max-image-preview:large, max-video-preview:-1\" \/>\n<link rel=\"canonical\" href=\"https:\/\/diariotextual.com\/inicio\/index.php\/2023\/03\/07\/reconocen-la-labor-de-la-primera-mujer-que-condujo-un-micro-de-media-distancia\/\" \/>\n<meta property=\"og:locale\" content=\"es_ES\" \/>\n<meta property=\"og:type\" content=\"article\" \/>\n<meta property=\"og:title\" content=\"Reconocen la labor de la primera mujer que condujo un micro de media distancia - Diario Textual\" \/>\n<meta property=\"og:description\" content=\"En la Semana de la Mujer, el Ministerio de Obras y Servicios P\u00fablicos reconoci\u00f3 y destac\u00f3 la labor de Lorena Romero, la primera mujer que condujo un micro de media&hellip;\" \/>\n<meta property=\"og:url\" content=\"https:\/\/diariotextual.com\/inicio\/index.php\/2023\/03\/07\/reconocen-la-labor-de-la-primera-mujer-que-condujo-un-micro-de-media-distancia\/\" \/>\n<meta property=\"og:site_name\" content=\"Diario Textual\" \/>\n<meta property=\"article:publisher\" content=\"https:\/\/www.facebook.com\/eltextual\" \/>\n<meta property=\"article:published_time\" content=\"2023-03-07T09:13:31+00:00\" \/>\n<meta property=\"article:modified_time\" content=\"2023-03-07T19:51:08+00:00\" \/>\n<meta property=\"og:image\" content=\"https:\/\/diariotextual.com\/inicio\/wp-content\/uploads\/2023\/03\/romerochofera55.jpg\" \/>\n\t<meta property=\"og:image:width\" content=\"900\" \/>\n\t<meta property=\"og:image:height\" content=\"550\" \/>\n\t<meta property=\"og:image:type\" content=\"image\/jpeg\" \/>\n<meta name=\"author\" content=\"diario2\" \/>\n<meta name=\"twitter:card\" content=\"summary_large_image\" \/>\n<meta name=\"twitter:creator\" content=\"@eltextual\" \/>\n<meta name=\"twitter:site\" content=\"@eltextual\" \/>\n<meta name=\"twitter:label1\" content=\"Escrito por\" \/>\n\t<meta name=\"twitter:data1\" content=\"diario2\" \/>\n\t<meta name=\"twitter:label2\" content=\"Tiempo de lectura\" \/>\n\t<meta name=\"twitter:data2\" content=\"3 minutos\" \/>\n<script type=\"application\/ld+json\" class=\"yoast-schema-graph\">{\"@context\":\"https:\\\/\\\/schema.org\",\"@graph\":[{\"@type\":\"Article\",\"@id\":\"https:\\\/\\\/diariotextual.com\\\/inicio\\\/index.php\\\/2023\\\/03\\\/07\\\/reconocen-la-labor-de-la-primera-mujer-que-condujo-un-micro-de-media-distancia\\\/#article\",\"isPartOf\":{\"@id\":\"https:\\\/\\\/diariotextual.com\\\/inicio\\\/index.php\\\/2023\\\/03\\\/07\\\/reconocen-la-labor-de-la-primera-mujer-que-condujo-un-micro-de-media-distancia\\\/\"},\"author\":{\"name\":\"diario2\",\"@id\":\"https:\\\/\\\/diariotextual.com\\\/inicio\\\/#\\\/schema\\\/person\\\/694f60677f23c4a530867a98f22b3768\"},\"headline\":\"Reconocen la labor de la primera mujer que condujo un micro de media distancia\",\"datePublished\":\"2023-03-07T09:13:31+00:00\",\"dateModified\":\"2023-03-07T19:51:08+00:00\",\"mainEntityOfPage\":{\"@id\":\"https:\\\/\\\/diariotextual.com\\\/inicio\\\/index.php\\\/2023\\\/03\\\/07\\\/reconocen-la-labor-de-la-primera-mujer-que-condujo-un-micro-de-media-distancia\\\/\"},\"wordCount\":704,\"publisher\":{\"@id\":\"https:\\\/\\\/diariotextual.com\\\/inicio\\\/#organization\"},\"image\":{\"@id\":\"https:\\\/\\\/diariotextual.com\\\/inicio\\\/index.php\\\/2023\\\/03\\\/07\\\/reconocen-la-labor-de-la-primera-mujer-que-condujo-un-micro-de-media-distancia\\\/#primaryimage\"},\"thumbnailUrl\":\"https:\\\/\\\/diariotextual.com\\\/inicio\\\/wp-content\\\/uploads\\\/2023\\\/03\\\/romerochofera55.jpg\",\"articleSection\":[\"A - ES NOTICIA (van abajo)\",\"A - QUE PASA (al costado)\",\"SOCIEDAD\"],\"inLanguage\":\"es\"},{\"@type\":\"WebPage\",\"@id\":\"https:\\\/\\\/diariotextual.com\\\/inicio\\\/index.php\\\/2023\\\/03\\\/07\\\/reconocen-la-labor-de-la-primera-mujer-que-condujo-un-micro-de-media-distancia\\\/\",\"url\":\"https:\\\/\\\/diariotextual.com\\\/inicio\\\/index.php\\\/2023\\\/03\\\/07\\\/reconocen-la-labor-de-la-primera-mujer-que-condujo-un-micro-de-media-distancia\\\/\",\"name\":\"Reconocen la labor de la primera mujer que condujo un micro de media distancia - Diario Textual\",\"isPartOf\":{\"@id\":\"https:\\\/\\\/diariotextual.com\\\/inicio\\\/#website\"},\"primaryImageOfPage\":{\"@id\":\"https:\\\/\\\/diariotextual.com\\\/inicio\\\/index.php\\\/2023\\\/03\\\/07\\\/reconocen-la-labor-de-la-primera-mujer-que-condujo-un-micro-de-media-distancia\\\/#primaryimage\"},\"image\":{\"@id\":\"https:\\\/\\\/diariotextual.com\\\/inicio\\\/index.php\\\/2023\\\/03\\\/07\\\/reconocen-la-labor-de-la-primera-mujer-que-condujo-un-micro-de-media-distancia\\\/#primaryimage\"},\"thumbnailUrl\":\"https:\\\/\\\/diariotextual.com\\\/inicio\\\/wp-content\\\/uploads\\\/2023\\\/03\\\/romerochofera55.jpg\",\"datePublished\":\"2023-03-07T09:13:31+00:00\",\"dateModified\":\"2023-03-07T19:51:08+00:00\",\"breadcrumb\":{\"@id\":\"https:\\\/\\\/diariotextual.com\\\/inicio\\\/index.php\\\/2023\\\/03\\\/07\\\/reconocen-la-labor-de-la-primera-mujer-que-condujo-un-micro-de-media-distancia\\\/#breadcrumb\"},\"inLanguage\":\"es\",\"potentialAction\":[{\"@type\":\"ReadAction\",\"target\":[\"https:\\\/\\\/diariotextual.com\\\/inicio\\\/index.php\\\/2023\\\/03\\\/07\\\/reconocen-la-labor-de-la-primera-mujer-que-condujo-un-micro-de-media-distancia\\\/\"]}]},{\"@type\":\"ImageObject\",\"inLanguage\":\"es\",\"@id\":\"https:\\\/\\\/diariotextual.com\\\/inicio\\\/index.php\\\/2023\\\/03\\\/07\\\/reconocen-la-labor-de-la-primera-mujer-que-condujo-un-micro-de-media-distancia\\\/#primaryimage\",\"url\":\"https:\\\/\\\/diariotextual.com\\\/inicio\\\/wp-content\\\/uploads\\\/2023\\\/03\\\/romerochofera55.jpg\",\"contentUrl\":\"https:\\\/\\\/diariotextual.com\\\/inicio\\\/wp-content\\\/uploads\\\/2023\\\/03\\\/romerochofera55.jpg\",\"width\":900,\"height\":550},{\"@type\":\"BreadcrumbList\",\"@id\":\"https:\\\/\\\/diariotextual.com\\\/inicio\\\/index.php\\\/2023\\\/03\\\/07\\\/reconocen-la-labor-de-la-primera-mujer-que-condujo-un-micro-de-media-distancia\\\/#breadcrumb\",\"itemListElement\":[{\"@type\":\"ListItem\",\"position\":1,\"name\":\"Portada\",\"item\":\"https:\\\/\\\/diariotextual.com\\\/inicio\\\/\"},{\"@type\":\"ListItem\",\"position\":2,\"name\":\"Reconocen la labor de la primera mujer que condujo un micro de media distancia\"}]},{\"@type\":\"WebSite\",\"@id\":\"https:\\\/\\\/diariotextual.com\\\/inicio\\\/#website\",\"url\":\"https:\\\/\\\/diariotextual.com\\\/inicio\\\/\",\"name\":\"Diario Textual\",\"description\":\"\",\"publisher\":{\"@id\":\"https:\\\/\\\/diariotextual.com\\\/inicio\\\/#organization\"},\"potentialAction\":[{\"@type\":\"SearchAction\",\"target\":{\"@type\":\"EntryPoint\",\"urlTemplate\":\"https:\\\/\\\/diariotextual.com\\\/inicio\\\/?s={search_term_string}\"},\"query-input\":{\"@type\":\"PropertyValueSpecification\",\"valueRequired\":true,\"valueName\":\"search_term_string\"}}],\"inLanguage\":\"es\"},{\"@type\":\"Organization\",\"@id\":\"https:\\\/\\\/diariotextual.com\\\/inicio\\\/#organization\",\"name\":\"Diario Textual\",\"url\":\"https:\\\/\\\/diariotextual.com\\\/inicio\\\/\",\"logo\":{\"@type\":\"ImageObject\",\"inLanguage\":\"es\",\"@id\":\"https:\\\/\\\/diariotextual.com\\\/inicio\\\/#\\\/schema\\\/logo\\\/image\\\/\",\"url\":\"https:\\\/\\\/diariotextual.com\\\/inicio\\\/wp-content\\\/uploads\\\/2023\\\/05\\\/logotextual1.jpg\",\"contentUrl\":\"https:\\\/\\\/diariotextual.com\\\/inicio\\\/wp-content\\\/uploads\\\/2023\\\/05\\\/logotextual1.jpg\",\"width\":516,\"height\":76,\"caption\":\"Diario Textual\"},\"image\":{\"@id\":\"https:\\\/\\\/diariotextual.com\\\/inicio\\\/#\\\/schema\\\/logo\\\/image\\\/\"},\"sameAs\":[\"https:\\\/\\\/www.facebook.com\\\/eltextual\",\"https:\\\/\\\/x.com\\\/eltextual\",\"http:\\\/\\\/www.instagram.com\\\/eltextual\"]},{\"@type\":\"Person\",\"@id\":\"https:\\\/\\\/diariotextual.com\\\/inicio\\\/#\\\/schema\\\/person\\\/694f60677f23c4a530867a98f22b3768\",\"name\":\"diario2\",\"image\":{\"@type\":\"ImageObject\",\"inLanguage\":\"es\",\"@id\":\"https:\\\/\\\/secure.gravatar.com\\\/avatar\\\/5a2567495ba16b852fcd8f1ed006a2e24fcace936018ed8237e95f488ad6e0a7?s=96&d=mm&r=g\",\"url\":\"https:\\\/\\\/secure.gravatar.com\\\/avatar\\\/5a2567495ba16b852fcd8f1ed006a2e24fcace936018ed8237e95f488ad6e0a7?s=96&d=mm&r=g\",\"contentUrl\":\"https:\\\/\\\/secure.gravatar.com\\\/avatar\\\/5a2567495ba16b852fcd8f1ed006a2e24fcace936018ed8237e95f488ad6e0a7?s=96&d=mm&r=g\",\"caption\":\"diario2\"},\"url\":\"https:\\\/\\\/diariotextual.com\\\/inicio\\\/index.php\\\/author\\\/diario2\\\/\"}]}<\/script>\n<!-- \/ Yoast SEO plugin. -->","yoast_head_json":{"title":"Reconocen la labor de la primera mujer que condujo un micro de media distancia - Diario Textual","robots":{"index":"index","follow":"follow","max-snippet":"max-snippet:-1","max-image-preview":"max-image-preview:large","max-video-preview":"max-video-preview:-1"},"canonical":"https:\/\/diariotextual.com\/inicio\/index.php\/2023\/03\/07\/reconocen-la-labor-de-la-primera-mujer-que-condujo-un-micro-de-media-distancia\/","og_locale":"es_ES","og_type":"article","og_title":"Reconocen la labor de la primera mujer que condujo un micro de media distancia - Diario Textual","og_description":"En la Semana de la Mujer, el Ministerio de Obras y Servicios P\u00fablicos reconoci\u00f3 y destac\u00f3 la labor de Lorena Romero, la primera mujer que condujo un micro de media&hellip;","og_url":"https:\/\/diariotextual.com\/inicio\/index.php\/2023\/03\/07\/reconocen-la-labor-de-la-primera-mujer-que-condujo-un-micro-de-media-distancia\/","og_site_name":"Diario Textual","article_publisher":"https:\/\/www.facebook.com\/eltextual","article_published_time":"2023-03-07T09:13:31+00:00","article_modified_time":"2023-03-07T19:51:08+00:00","og_image":[{"width":900,"height":550,"url":"https:\/\/diariotextual.com\/inicio\/wp-content\/uploads\/2023\/03\/romerochofera55.jpg","type":"image\/jpeg"}],"author":"diario2","twitter_card":"summary_large_image","twitter_creator":"@eltextual","twitter_site":"@eltextual","twitter_misc":{"Escrito por":"diario2","Tiempo de lectura":"3 minutos"},"schema":{"@context":"https:\/\/schema.org","@graph":[{"@type":"Article","@id":"https:\/\/diariotextual.com\/inicio\/index.php\/2023\/03\/07\/reconocen-la-labor-de-la-primera-mujer-que-condujo-un-micro-de-media-distancia\/#article","isPartOf":{"@id":"https:\/\/diariotextual.com\/inicio\/index.php\/2023\/03\/07\/reconocen-la-labor-de-la-primera-mujer-que-condujo-un-micro-de-media-distancia\/"},"author":{"name":"diario2","@id":"https:\/\/diariotextual.com\/inicio\/#\/schema\/person\/694f60677f23c4a530867a98f22b3768"},"headline":"Reconocen la labor de la primera mujer que condujo un micro de media distancia","datePublished":"2023-03-07T09:13:31+00:00","dateModified":"2023-03-07T19:51:08+00:00","mainEntityOfPage":{"@id":"https:\/\/diariotextual.com\/inicio\/index.php\/2023\/03\/07\/reconocen-la-labor-de-la-primera-mujer-que-condujo-un-micro-de-media-distancia\/"},"wordCount":704,"publisher":{"@id":"https:\/\/diariotextual.com\/inicio\/#organization"},"image":{"@id":"https:\/\/diariotextual.com\/inicio\/index.php\/2023\/03\/07\/reconocen-la-labor-de-la-primera-mujer-que-condujo-un-micro-de-media-distancia\/#primaryimage"},"thumbnailUrl":"https:\/\/diariotextual.com\/inicio\/wp-content\/uploads\/2023\/03\/romerochofera55.jpg","articleSection":["A - ES NOTICIA (van abajo)","A - QUE PASA (al costado)","SOCIEDAD"],"inLanguage":"es"},{"@type":"WebPage","@id":"https:\/\/diariotextual.com\/inicio\/index.php\/2023\/03\/07\/reconocen-la-labor-de-la-primera-mujer-que-condujo-un-micro-de-media-distancia\/","url":"https:\/\/diariotextual.com\/inicio\/index.php\/2023\/03\/07\/reconocen-la-labor-de-la-primera-mujer-que-condujo-un-micro-de-media-distancia\/","name":"Reconocen la labor de la primera mujer que condujo un micro de media distancia - Diario Textual","isPartOf":{"@id":"https:\/\/diariotextual.com\/inicio\/#website"},"primaryImageOfPage":{"@id":"https:\/\/diariotextual.com\/inicio\/index.php\/2023\/03\/07\/reconocen-la-labor-de-la-primera-mujer-que-condujo-un-micro-de-media-distancia\/#primaryimage"},"image":{"@id":"https:\/\/diariotextual.com\/inicio\/index.php\/2023\/03\/07\/reconocen-la-labor-de-la-primera-mujer-que-condujo-un-micro-de-media-distancia\/#primaryimage"},"thumbnailUrl":"https:\/\/diariotextual.com\/inicio\/wp-content\/uploads\/2023\/03\/romerochofera55.jpg","datePublished":"2023-03-07T09:13:31+00:00","dateModified":"2023-03-07T19:51:08+00:00","breadcrumb":{"@id":"https:\/\/diariotextual.com\/inicio\/index.php\/2023\/03\/07\/reconocen-la-labor-de-la-primera-mujer-que-condujo-un-micro-de-media-distancia\/#breadcrumb"},"inLanguage":"es","potentialAction":[{"@type":"ReadAction","target":["https:\/\/diariotextual.com\/inicio\/index.php\/2023\/03\/07\/reconocen-la-labor-de-la-primera-mujer-que-condujo-un-micro-de-media-distancia\/"]}]},{"@type":"ImageObject","inLanguage":"es","@id":"https:\/\/diariotextual.com\/inicio\/index.php\/2023\/03\/07\/reconocen-la-labor-de-la-primera-mujer-que-condujo-un-micro-de-media-distancia\/#primaryimage","url":"https:\/\/diariotextual.com\/inicio\/wp-content\/uploads\/2023\/03\/romerochofera55.jpg","contentUrl":"https:\/\/diariotextual.com\/inicio\/wp-content\/uploads\/2023\/03\/romerochofera55.jpg","width":900,"height":550},{"@type":"BreadcrumbList","@id":"https:\/\/diariotextual.com\/inicio\/index.php\/2023\/03\/07\/reconocen-la-labor-de-la-primera-mujer-que-condujo-un-micro-de-media-distancia\/#breadcrumb","itemListElement":[{"@type":"ListItem","position":1,"name":"Portada","item":"https:\/\/diariotextual.com\/inicio\/"},{"@type":"ListItem","position":2,"name":"Reconocen la labor de la primera mujer que condujo un micro de media distancia"}]},{"@type":"WebSite","@id":"https:\/\/diariotextual.com\/inicio\/#website","url":"https:\/\/diariotextual.com\/inicio\/","name":"Diario Textual","description":"","publisher":{"@id":"https:\/\/diariotextual.com\/inicio\/#organization"},"potentialAction":[{"@type":"SearchAction","target":{"@type":"EntryPoint","urlTemplate":"https:\/\/diariotextual.com\/inicio\/?s={search_term_string}"},"query-input":{"@type":"PropertyValueSpecification","valueRequired":true,"valueName":"search_term_string"}}],"inLanguage":"es"},{"@type":"Organization","@id":"https:\/\/diariotextual.com\/inicio\/#organization","name":"Diario Textual","url":"https:\/\/diariotextual.com\/inicio\/","logo":{"@type":"ImageObject","inLanguage":"es","@id":"https:\/\/diariotextual.com\/inicio\/#\/schema\/logo\/image\/","url":"https:\/\/diariotextual.com\/inicio\/wp-content\/uploads\/2023\/05\/logotextual1.jpg","contentUrl":"https:\/\/diariotextual.com\/inicio\/wp-content\/uploads\/2023\/05\/logotextual1.jpg","width":516,"height":76,"caption":"Diario Textual"},"image":{"@id":"https:\/\/diariotextual.com\/inicio\/#\/schema\/logo\/image\/"},"sameAs":["https:\/\/www.facebook.com\/eltextual","https:\/\/x.com\/eltextual","http:\/\/www.instagram.com\/eltextual"]},{"@type":"Person","@id":"https:\/\/diariotextual.com\/inicio\/#\/schema\/person\/694f60677f23c4a530867a98f22b3768","name":"diario2","image":{"@type":"ImageObject","inLanguage":"es","@id":"https:\/\/secure.gravatar.com\/avatar\/5a2567495ba16b852fcd8f1ed006a2e24fcace936018ed8237e95f488ad6e0a7?s=96&d=mm&r=g","url":"https:\/\/secure.gravatar.com\/avatar\/5a2567495ba16b852fcd8f1ed006a2e24fcace936018ed8237e95f488ad6e0a7?s=96&d=mm&r=g","contentUrl":"https:\/\/secure.gravatar.com\/avatar\/5a2567495ba16b852fcd8f1ed006a2e24fcace936018ed8237e95f488ad6e0a7?s=96&d=mm&r=g","caption":"diario2"},"url":"https:\/\/diariotextual.com\/inicio\/index.php\/author\/diario2\/"}]}},"_links":{"self":[{"href":"https:\/\/diariotextual.com\/inicio\/index.php\/wp-json\/wp\/v2\/posts\/218054","targetHints":{"allow":["GET"]}}],"collection":[{"href":"https:\/\/diariotextual.com\/inicio\/index.php\/wp-json\/wp\/v2\/posts"}],"about":[{"href":"https:\/\/diariotextual.com\/inicio\/index.php\/wp-json\/wp\/v2\/types\/post"}],"author":[{"embeddable":true,"href":"https:\/\/diariotextual.com\/inicio\/index.php\/wp-json\/wp\/v2\/users\/4"}],"replies":[{"embeddable":true,"href":"https:\/\/diariotextual.com\/inicio\/index.php\/wp-json\/wp\/v2\/comments?post=218054"}],"version-history":[{"count":3,"href":"https:\/\/diariotextual.com\/inicio\/index.php\/wp-json\/wp\/v2\/posts\/218054\/revisions"}],"predecessor-version":[{"id":218081,"href":"https:\/\/diariotextual.com\/inicio\/index.php\/wp-json\/wp\/v2\/posts\/218054\/revisions\/218081"}],"wp:featuredmedia":[{"embeddable":true,"href":"https:\/\/diariotextual.com\/inicio\/index.php\/wp-json\/wp\/v2\/media\/218058"}],"wp:attachment":[{"href":"https:\/\/diariotextual.com\/inicio\/index.php\/wp-json\/wp\/v2\/media?parent=218054"}],"wp:term":[{"taxonomy":"category","embeddable":true,"href":"https:\/\/diariotextual.com\/inicio\/index.php\/wp-json\/wp\/v2\/categories?post=218054"},{"taxonomy":"post_tag","embeddable":true,"href":"https:\/\/diariotextual.com\/inicio\/index.php\/wp-json\/wp\/v2\/tags?post=218054"}],"curies":[{"name":"wp","href":"https:\/\/api.w.org\/{rel}","templated":true}]}}