{"id":218090,"date":"2023-03-07T07:05:49","date_gmt":"2023-03-07T10:05:49","guid":{"rendered":"https:\/\/diariotextual.com\/inicio\/?p=218090"},"modified":"2023-03-07T07:05:51","modified_gmt":"2023-03-07T10:05:51","slug":"llaman-a-audicionar-para-formar-parte-del-coro-provincial-de-la-pampa","status":"publish","type":"post","link":"https:\/\/diariotextual.com\/inicio\/index.php\/2023\/03\/07\/llaman-a-audicionar-para-formar-parte-del-coro-provincial-de-la-pampa\/","title":{"rendered":"Llaman a audicionar para formar parte del Coro Provincial de La Pampa"},"content":{"rendered":"\n<p>El Coro Provincial -que depende de la Secretar\u00eda de Cultura del Gobierno de La Pampa- convoc\u00f3 a interesados e interesadas a sumarse a su propuesta art\u00edstica para esa temporada coral 2023.<\/p>\n\n\n\n<p>Quienes deseen formar parte de este proyecto musical <strong>recibir\u00e1n formaci\u00f3n en t\u00e9cnica vocal y audioperceptiva, adem\u00e1s de participar en conciertos, flashmobs y producciones integrales<\/strong> que lleva adelante la agrupaci\u00f3n.<br><br>Las <strong>audiciones <\/strong>se realizar\u00e1n el martes 7 y jueves 9 de marzo en el Centro de Artes, sito en Leguizam\u00f3n 1.125, de 20.30 a 22.30, ciudad de Santa Rosa.<br><br>El Coro Provincial desarrolla\u00a0una intensa actividad art\u00edstica desde su creaci\u00f3n.\u00a0Ha interpretado \u201cCanciones del descubrimiento\u201d, de Osvaldo Guglielmino y Camilo Matta en el cierre de la Segunda Feria del Libro Provincial y compartido escenario junto al \u201cGrupo vocal argentino\u201d en la primera visita de este hist\u00f3rico grupo a La Pampa.<\/p>\n\n\n\n<p>En el a\u00f1o 2022 puso en escena el espect\u00e1culo \u201cS\u00f3lo cantamos\u201d, con composiciones pampeanas contempor\u00e1neas e interpret\u00f3 la Misa Criolla junto a Facundo Ram\u00edrez y su grupo. Lleva adelante el ciclo \u201cCoreaMus\u201d, ensayos abiertos en museos provinciales,\u00a0adem\u00e1s de\u00a0conciertos did\u00e1cticos y flashmobs en distintos establecimientos educativos y otros espacios.<\/p>\n\n\n\n<p>Ha realizado numerosas producciones audiovisuales. Form\u00f3\u00a0parte de \u201cAcercarte\u201d, programa de la TV p\u00fablica provincial y de \u201cUn\u00edsono\u201d, programa emitido por\u00a0el Instituto Nacional de la M\u00fasica (INAMU) en la TV P\u00fablica nacional. Asimismo ha participado en el Proyecto \u201cVoces de Latinoam\u00e9rica\u201d, junto a 200 coros de 20 pa\u00edses del Cono Sur; en el XXVIII Festival Coral Integraci\u00f3n organizado por la Universidad Nacional de Colombia, en los 53\u00b0 Encuentros Corales de Verano de Villa Gesell y en el Ciclo de la Biblioteca del Congreso de la Naci\u00f3n \u201cArgentina canta en tiempos de pandemia\u201d. Finaliz\u00f3 el a\u00f1o 2021 llevando adelante su tradicional concierto de fin de a\u00f1o \u201cLa canci\u00f3n sigue\u201d en el cauce del Arroyo de la Barda, en la localidad de Algarrobo del \u00c1guila. Esta agrupaci\u00f3n coral est\u00e1 dirigida por Mario Figueroa y cuenta con la preparaci\u00f3n vocal de Mar\u00eda Sussini.<\/p>\n\n\n\n<p>Entre los <strong>proyectos para esta temporada coral 2023<\/strong> se encuentra la producci\u00f3n del espect\u00e1culo \u201cCantamos los cuarenta\u201d, una celebraci\u00f3n a los 40 a\u00f1os de retorno de la democracia en el pa\u00eds. Para informes e inscripci\u00f3n pueden dirigirse a las redes sociales Facebook, Instagram y Youtube\u00a0<\/p>\n","protected":false},"excerpt":{"rendered":"<p>El Coro Provincial -que depende de la Secretar\u00eda de Cultura del Gobierno de La Pampa- convoc\u00f3 a interesados e interesadas a sumarse a su propuesta art\u00edstica para esa temporada coral&hellip;<\/p>\n","protected":false},"author":4,"featured_media":67794,"comment_status":"closed","ping_status":"open","sticky":false,"template":"","format":"standard","meta":{"_acf_changed":false,"footnotes":""},"categories":[1,2],"tags":[],"class_list":["post-218090","post","type-post","status-publish","format-standard","has-post-thumbnail","hentry","category-es-noticia","category-cultura"],"acf":[],"yoast_head":"<!-- This site is optimized with the Yoast SEO plugin v27.5 - https:\/\/yoast.com\/product\/yoast-seo-wordpress\/ -->\n<title>Llaman a audicionar para formar parte del Coro Provincial de La Pampa - Diario Textual<\/title>\n<meta name=\"robots\" content=\"index, follow, max-snippet:-1, max-image-preview:large, max-video-preview:-1\" \/>\n<link rel=\"canonical\" href=\"https:\/\/diariotextual.com\/inicio\/index.php\/2023\/03\/07\/llaman-a-audicionar-para-formar-parte-del-coro-provincial-de-la-pampa\/\" \/>\n<meta property=\"og:locale\" content=\"es_ES\" \/>\n<meta property=\"og:type\" content=\"article\" \/>\n<meta property=\"og:title\" content=\"Llaman a audicionar para formar parte del Coro Provincial de La Pampa - Diario Textual\" \/>\n<meta property=\"og:description\" content=\"El Coro Provincial -que depende de la Secretar\u00eda de Cultura del Gobierno de La Pampa- convoc\u00f3 a interesados e interesadas a sumarse a su propuesta art\u00edstica para esa temporada coral&hellip;\" \/>\n<meta property=\"og:url\" content=\"https:\/\/diariotextual.com\/inicio\/index.php\/2023\/03\/07\/llaman-a-audicionar-para-formar-parte-del-coro-provincial-de-la-pampa\/\" \/>\n<meta property=\"og:site_name\" content=\"Diario Textual\" \/>\n<meta property=\"article:publisher\" content=\"https:\/\/www.facebook.com\/eltextual\" \/>\n<meta property=\"article:published_time\" content=\"2023-03-07T10:05:49+00:00\" \/>\n<meta property=\"article:modified_time\" content=\"2023-03-07T10:05:51+00:00\" \/>\n<meta property=\"og:image\" content=\"https:\/\/diariotextual.com\/inicio\/wp-content\/uploads\/2019\/10\/coroprovincialdeadultos2019-100.jpg\" \/>\n\t<meta property=\"og:image:width\" content=\"2664\" \/>\n\t<meta property=\"og:image:height\" content=\"1661\" \/>\n\t<meta property=\"og:image:type\" content=\"image\/jpeg\" \/>\n<meta name=\"author\" content=\"diario2\" \/>\n<meta name=\"twitter:card\" content=\"summary_large_image\" \/>\n<meta name=\"twitter:creator\" content=\"@eltextual\" \/>\n<meta name=\"twitter:site\" content=\"@eltextual\" \/>\n<meta name=\"twitter:label1\" content=\"Escrito por\" \/>\n\t<meta name=\"twitter:data1\" content=\"diario2\" \/>\n\t<meta name=\"twitter:label2\" content=\"Tiempo de lectura\" \/>\n\t<meta name=\"twitter:data2\" content=\"2 minutos\" \/>\n<script type=\"application\/ld+json\" class=\"yoast-schema-graph\">{\"@context\":\"https:\\\/\\\/schema.org\",\"@graph\":[{\"@type\":\"Article\",\"@id\":\"https:\\\/\\\/diariotextual.com\\\/inicio\\\/index.php\\\/2023\\\/03\\\/07\\\/llaman-a-audicionar-para-formar-parte-del-coro-provincial-de-la-pampa\\\/#article\",\"isPartOf\":{\"@id\":\"https:\\\/\\\/diariotextual.com\\\/inicio\\\/index.php\\\/2023\\\/03\\\/07\\\/llaman-a-audicionar-para-formar-parte-del-coro-provincial-de-la-pampa\\\/\"},\"author\":{\"name\":\"diario2\",\"@id\":\"https:\\\/\\\/diariotextual.com\\\/inicio\\\/#\\\/schema\\\/person\\\/694f60677f23c4a530867a98f22b3768\"},\"headline\":\"Llaman a audicionar para formar parte del Coro Provincial de La Pampa\",\"datePublished\":\"2023-03-07T10:05:49+00:00\",\"dateModified\":\"2023-03-07T10:05:51+00:00\",\"mainEntityOfPage\":{\"@id\":\"https:\\\/\\\/diariotextual.com\\\/inicio\\\/index.php\\\/2023\\\/03\\\/07\\\/llaman-a-audicionar-para-formar-parte-del-coro-provincial-de-la-pampa\\\/\"},\"wordCount\":414,\"publisher\":{\"@id\":\"https:\\\/\\\/diariotextual.com\\\/inicio\\\/#organization\"},\"image\":{\"@id\":\"https:\\\/\\\/diariotextual.com\\\/inicio\\\/index.php\\\/2023\\\/03\\\/07\\\/llaman-a-audicionar-para-formar-parte-del-coro-provincial-de-la-pampa\\\/#primaryimage\"},\"thumbnailUrl\":\"https:\\\/\\\/diariotextual.com\\\/inicio\\\/wp-content\\\/uploads\\\/2019\\\/10\\\/coroprovincialdeadultos2019-100.jpg\",\"articleSection\":[\"A - ES NOTICIA (van abajo)\",\"CULTURA\"],\"inLanguage\":\"es\"},{\"@type\":\"WebPage\",\"@id\":\"https:\\\/\\\/diariotextual.com\\\/inicio\\\/index.php\\\/2023\\\/03\\\/07\\\/llaman-a-audicionar-para-formar-parte-del-coro-provincial-de-la-pampa\\\/\",\"url\":\"https:\\\/\\\/diariotextual.com\\\/inicio\\\/index.php\\\/2023\\\/03\\\/07\\\/llaman-a-audicionar-para-formar-parte-del-coro-provincial-de-la-pampa\\\/\",\"name\":\"Llaman a audicionar para formar parte del Coro Provincial de La Pampa - Diario Textual\",\"isPartOf\":{\"@id\":\"https:\\\/\\\/diariotextual.com\\\/inicio\\\/#website\"},\"primaryImageOfPage\":{\"@id\":\"https:\\\/\\\/diariotextual.com\\\/inicio\\\/index.php\\\/2023\\\/03\\\/07\\\/llaman-a-audicionar-para-formar-parte-del-coro-provincial-de-la-pampa\\\/#primaryimage\"},\"image\":{\"@id\":\"https:\\\/\\\/diariotextual.com\\\/inicio\\\/index.php\\\/2023\\\/03\\\/07\\\/llaman-a-audicionar-para-formar-parte-del-coro-provincial-de-la-pampa\\\/#primaryimage\"},\"thumbnailUrl\":\"https:\\\/\\\/diariotextual.com\\\/inicio\\\/wp-content\\\/uploads\\\/2019\\\/10\\\/coroprovincialdeadultos2019-100.jpg\",\"datePublished\":\"2023-03-07T10:05:49+00:00\",\"dateModified\":\"2023-03-07T10:05:51+00:00\",\"breadcrumb\":{\"@id\":\"https:\\\/\\\/diariotextual.com\\\/inicio\\\/index.php\\\/2023\\\/03\\\/07\\\/llaman-a-audicionar-para-formar-parte-del-coro-provincial-de-la-pampa\\\/#breadcrumb\"},\"inLanguage\":\"es\",\"potentialAction\":[{\"@type\":\"ReadAction\",\"target\":[\"https:\\\/\\\/diariotextual.com\\\/inicio\\\/index.php\\\/2023\\\/03\\\/07\\\/llaman-a-audicionar-para-formar-parte-del-coro-provincial-de-la-pampa\\\/\"]}]},{\"@type\":\"ImageObject\",\"inLanguage\":\"es\",\"@id\":\"https:\\\/\\\/diariotextual.com\\\/inicio\\\/index.php\\\/2023\\\/03\\\/07\\\/llaman-a-audicionar-para-formar-parte-del-coro-provincial-de-la-pampa\\\/#primaryimage\",\"url\":\"https:\\\/\\\/diariotextual.com\\\/inicio\\\/wp-content\\\/uploads\\\/2019\\\/10\\\/coroprovincialdeadultos2019-100.jpg\",\"contentUrl\":\"https:\\\/\\\/diariotextual.com\\\/inicio\\\/wp-content\\\/uploads\\\/2019\\\/10\\\/coroprovincialdeadultos2019-100.jpg\",\"width\":2664,\"height\":1661},{\"@type\":\"BreadcrumbList\",\"@id\":\"https:\\\/\\\/diariotextual.com\\\/inicio\\\/index.php\\\/2023\\\/03\\\/07\\\/llaman-a-audicionar-para-formar-parte-del-coro-provincial-de-la-pampa\\\/#breadcrumb\",\"itemListElement\":[{\"@type\":\"ListItem\",\"position\":1,\"name\":\"Portada\",\"item\":\"https:\\\/\\\/diariotextual.com\\\/inicio\\\/\"},{\"@type\":\"ListItem\",\"position\":2,\"name\":\"Llaman a audicionar para formar parte del Coro Provincial de La Pampa\"}]},{\"@type\":\"WebSite\",\"@id\":\"https:\\\/\\\/diariotextual.com\\\/inicio\\\/#website\",\"url\":\"https:\\\/\\\/diariotextual.com\\\/inicio\\\/\",\"name\":\"Diario Textual\",\"description\":\"\",\"publisher\":{\"@id\":\"https:\\\/\\\/diariotextual.com\\\/inicio\\\/#organization\"},\"potentialAction\":[{\"@type\":\"SearchAction\",\"target\":{\"@type\":\"EntryPoint\",\"urlTemplate\":\"https:\\\/\\\/diariotextual.com\\\/inicio\\\/?s={search_term_string}\"},\"query-input\":{\"@type\":\"PropertyValueSpecification\",\"valueRequired\":true,\"valueName\":\"search_term_string\"}}],\"inLanguage\":\"es\"},{\"@type\":\"Organization\",\"@id\":\"https:\\\/\\\/diariotextual.com\\\/inicio\\\/#organization\",\"name\":\"Diario Textual\",\"url\":\"https:\\\/\\\/diariotextual.com\\\/inicio\\\/\",\"logo\":{\"@type\":\"ImageObject\",\"inLanguage\":\"es\",\"@id\":\"https:\\\/\\\/diariotextual.com\\\/inicio\\\/#\\\/schema\\\/logo\\\/image\\\/\",\"url\":\"https:\\\/\\\/diariotextual.com\\\/inicio\\\/wp-content\\\/uploads\\\/2023\\\/05\\\/logotextual1.jpg\",\"contentUrl\":\"https:\\\/\\\/diariotextual.com\\\/inicio\\\/wp-content\\\/uploads\\\/2023\\\/05\\\/logotextual1.jpg\",\"width\":516,\"height\":76,\"caption\":\"Diario Textual\"},\"image\":{\"@id\":\"https:\\\/\\\/diariotextual.com\\\/inicio\\\/#\\\/schema\\\/logo\\\/image\\\/\"},\"sameAs\":[\"https:\\\/\\\/www.facebook.com\\\/eltextual\",\"https:\\\/\\\/x.com\\\/eltextual\",\"http:\\\/\\\/www.instagram.com\\\/eltextual\"]},{\"@type\":\"Person\",\"@id\":\"https:\\\/\\\/diariotextual.com\\\/inicio\\\/#\\\/schema\\\/person\\\/694f60677f23c4a530867a98f22b3768\",\"name\":\"diario2\",\"image\":{\"@type\":\"ImageObject\",\"inLanguage\":\"es\",\"@id\":\"https:\\\/\\\/secure.gravatar.com\\\/avatar\\\/5a2567495ba16b852fcd8f1ed006a2e24fcace936018ed8237e95f488ad6e0a7?s=96&d=mm&r=g\",\"url\":\"https:\\\/\\\/secure.gravatar.com\\\/avatar\\\/5a2567495ba16b852fcd8f1ed006a2e24fcace936018ed8237e95f488ad6e0a7?s=96&d=mm&r=g\",\"contentUrl\":\"https:\\\/\\\/secure.gravatar.com\\\/avatar\\\/5a2567495ba16b852fcd8f1ed006a2e24fcace936018ed8237e95f488ad6e0a7?s=96&d=mm&r=g\",\"caption\":\"diario2\"},\"url\":\"https:\\\/\\\/diariotextual.com\\\/inicio\\\/index.php\\\/author\\\/diario2\\\/\"}]}<\/script>\n<!-- \/ Yoast SEO plugin. -->","yoast_head_json":{"title":"Llaman a audicionar para formar parte del Coro Provincial de La Pampa - Diario Textual","robots":{"index":"index","follow":"follow","max-snippet":"max-snippet:-1","max-image-preview":"max-image-preview:large","max-video-preview":"max-video-preview:-1"},"canonical":"https:\/\/diariotextual.com\/inicio\/index.php\/2023\/03\/07\/llaman-a-audicionar-para-formar-parte-del-coro-provincial-de-la-pampa\/","og_locale":"es_ES","og_type":"article","og_title":"Llaman a audicionar para formar parte del Coro Provincial de La Pampa - Diario Textual","og_description":"El Coro Provincial -que depende de la Secretar\u00eda de Cultura del Gobierno de La Pampa- convoc\u00f3 a interesados e interesadas a sumarse a su propuesta art\u00edstica para esa temporada coral&hellip;","og_url":"https:\/\/diariotextual.com\/inicio\/index.php\/2023\/03\/07\/llaman-a-audicionar-para-formar-parte-del-coro-provincial-de-la-pampa\/","og_site_name":"Diario Textual","article_publisher":"https:\/\/www.facebook.com\/eltextual","article_published_time":"2023-03-07T10:05:49+00:00","article_modified_time":"2023-03-07T10:05:51+00:00","og_image":[{"width":2664,"height":1661,"url":"https:\/\/diariotextual.com\/inicio\/wp-content\/uploads\/2019\/10\/coroprovincialdeadultos2019-100.jpg","type":"image\/jpeg"}],"author":"diario2","twitter_card":"summary_large_image","twitter_creator":"@eltextual","twitter_site":"@eltextual","twitter_misc":{"Escrito por":"diario2","Tiempo de lectura":"2 minutos"},"schema":{"@context":"https:\/\/schema.org","@graph":[{"@type":"Article","@id":"https:\/\/diariotextual.com\/inicio\/index.php\/2023\/03\/07\/llaman-a-audicionar-para-formar-parte-del-coro-provincial-de-la-pampa\/#article","isPartOf":{"@id":"https:\/\/diariotextual.com\/inicio\/index.php\/2023\/03\/07\/llaman-a-audicionar-para-formar-parte-del-coro-provincial-de-la-pampa\/"},"author":{"name":"diario2","@id":"https:\/\/diariotextual.com\/inicio\/#\/schema\/person\/694f60677f23c4a530867a98f22b3768"},"headline":"Llaman a audicionar para formar parte del Coro Provincial de La Pampa","datePublished":"2023-03-07T10:05:49+00:00","dateModified":"2023-03-07T10:05:51+00:00","mainEntityOfPage":{"@id":"https:\/\/diariotextual.com\/inicio\/index.php\/2023\/03\/07\/llaman-a-audicionar-para-formar-parte-del-coro-provincial-de-la-pampa\/"},"wordCount":414,"publisher":{"@id":"https:\/\/diariotextual.com\/inicio\/#organization"},"image":{"@id":"https:\/\/diariotextual.com\/inicio\/index.php\/2023\/03\/07\/llaman-a-audicionar-para-formar-parte-del-coro-provincial-de-la-pampa\/#primaryimage"},"thumbnailUrl":"https:\/\/diariotextual.com\/inicio\/wp-content\/uploads\/2019\/10\/coroprovincialdeadultos2019-100.jpg","articleSection":["A - ES NOTICIA (van abajo)","CULTURA"],"inLanguage":"es"},{"@type":"WebPage","@id":"https:\/\/diariotextual.com\/inicio\/index.php\/2023\/03\/07\/llaman-a-audicionar-para-formar-parte-del-coro-provincial-de-la-pampa\/","url":"https:\/\/diariotextual.com\/inicio\/index.php\/2023\/03\/07\/llaman-a-audicionar-para-formar-parte-del-coro-provincial-de-la-pampa\/","name":"Llaman a audicionar para formar parte del Coro Provincial de La Pampa - Diario Textual","isPartOf":{"@id":"https:\/\/diariotextual.com\/inicio\/#website"},"primaryImageOfPage":{"@id":"https:\/\/diariotextual.com\/inicio\/index.php\/2023\/03\/07\/llaman-a-audicionar-para-formar-parte-del-coro-provincial-de-la-pampa\/#primaryimage"},"image":{"@id":"https:\/\/diariotextual.com\/inicio\/index.php\/2023\/03\/07\/llaman-a-audicionar-para-formar-parte-del-coro-provincial-de-la-pampa\/#primaryimage"},"thumbnailUrl":"https:\/\/diariotextual.com\/inicio\/wp-content\/uploads\/2019\/10\/coroprovincialdeadultos2019-100.jpg","datePublished":"2023-03-07T10:05:49+00:00","dateModified":"2023-03-07T10:05:51+00:00","breadcrumb":{"@id":"https:\/\/diariotextual.com\/inicio\/index.php\/2023\/03\/07\/llaman-a-audicionar-para-formar-parte-del-coro-provincial-de-la-pampa\/#breadcrumb"},"inLanguage":"es","potentialAction":[{"@type":"ReadAction","target":["https:\/\/diariotextual.com\/inicio\/index.php\/2023\/03\/07\/llaman-a-audicionar-para-formar-parte-del-coro-provincial-de-la-pampa\/"]}]},{"@type":"ImageObject","inLanguage":"es","@id":"https:\/\/diariotextual.com\/inicio\/index.php\/2023\/03\/07\/llaman-a-audicionar-para-formar-parte-del-coro-provincial-de-la-pampa\/#primaryimage","url":"https:\/\/diariotextual.com\/inicio\/wp-content\/uploads\/2019\/10\/coroprovincialdeadultos2019-100.jpg","contentUrl":"https:\/\/diariotextual.com\/inicio\/wp-content\/uploads\/2019\/10\/coroprovincialdeadultos2019-100.jpg","width":2664,"height":1661},{"@type":"BreadcrumbList","@id":"https:\/\/diariotextual.com\/inicio\/index.php\/2023\/03\/07\/llaman-a-audicionar-para-formar-parte-del-coro-provincial-de-la-pampa\/#breadcrumb","itemListElement":[{"@type":"ListItem","position":1,"name":"Portada","item":"https:\/\/diariotextual.com\/inicio\/"},{"@type":"ListItem","position":2,"name":"Llaman a audicionar para formar parte del Coro Provincial de La Pampa"}]},{"@type":"WebSite","@id":"https:\/\/diariotextual.com\/inicio\/#website","url":"https:\/\/diariotextual.com\/inicio\/","name":"Diario Textual","description":"","publisher":{"@id":"https:\/\/diariotextual.com\/inicio\/#organization"},"potentialAction":[{"@type":"SearchAction","target":{"@type":"EntryPoint","urlTemplate":"https:\/\/diariotextual.com\/inicio\/?s={search_term_string}"},"query-input":{"@type":"PropertyValueSpecification","valueRequired":true,"valueName":"search_term_string"}}],"inLanguage":"es"},{"@type":"Organization","@id":"https:\/\/diariotextual.com\/inicio\/#organization","name":"Diario Textual","url":"https:\/\/diariotextual.com\/inicio\/","logo":{"@type":"ImageObject","inLanguage":"es","@id":"https:\/\/diariotextual.com\/inicio\/#\/schema\/logo\/image\/","url":"https:\/\/diariotextual.com\/inicio\/wp-content\/uploads\/2023\/05\/logotextual1.jpg","contentUrl":"https:\/\/diariotextual.com\/inicio\/wp-content\/uploads\/2023\/05\/logotextual1.jpg","width":516,"height":76,"caption":"Diario Textual"},"image":{"@id":"https:\/\/diariotextual.com\/inicio\/#\/schema\/logo\/image\/"},"sameAs":["https:\/\/www.facebook.com\/eltextual","https:\/\/x.com\/eltextual","http:\/\/www.instagram.com\/eltextual"]},{"@type":"Person","@id":"https:\/\/diariotextual.com\/inicio\/#\/schema\/person\/694f60677f23c4a530867a98f22b3768","name":"diario2","image":{"@type":"ImageObject","inLanguage":"es","@id":"https:\/\/secure.gravatar.com\/avatar\/5a2567495ba16b852fcd8f1ed006a2e24fcace936018ed8237e95f488ad6e0a7?s=96&d=mm&r=g","url":"https:\/\/secure.gravatar.com\/avatar\/5a2567495ba16b852fcd8f1ed006a2e24fcace936018ed8237e95f488ad6e0a7?s=96&d=mm&r=g","contentUrl":"https:\/\/secure.gravatar.com\/avatar\/5a2567495ba16b852fcd8f1ed006a2e24fcace936018ed8237e95f488ad6e0a7?s=96&d=mm&r=g","caption":"diario2"},"url":"https:\/\/diariotextual.com\/inicio\/index.php\/author\/diario2\/"}]}},"_links":{"self":[{"href":"https:\/\/diariotextual.com\/inicio\/index.php\/wp-json\/wp\/v2\/posts\/218090","targetHints":{"allow":["GET"]}}],"collection":[{"href":"https:\/\/diariotextual.com\/inicio\/index.php\/wp-json\/wp\/v2\/posts"}],"about":[{"href":"https:\/\/diariotextual.com\/inicio\/index.php\/wp-json\/wp\/v2\/types\/post"}],"author":[{"embeddable":true,"href":"https:\/\/diariotextual.com\/inicio\/index.php\/wp-json\/wp\/v2\/users\/4"}],"replies":[{"embeddable":true,"href":"https:\/\/diariotextual.com\/inicio\/index.php\/wp-json\/wp\/v2\/comments?post=218090"}],"version-history":[{"count":1,"href":"https:\/\/diariotextual.com\/inicio\/index.php\/wp-json\/wp\/v2\/posts\/218090\/revisions"}],"predecessor-version":[{"id":218092,"href":"https:\/\/diariotextual.com\/inicio\/index.php\/wp-json\/wp\/v2\/posts\/218090\/revisions\/218092"}],"wp:featuredmedia":[{"embeddable":true,"href":"https:\/\/diariotextual.com\/inicio\/index.php\/wp-json\/wp\/v2\/media\/67794"}],"wp:attachment":[{"href":"https:\/\/diariotextual.com\/inicio\/index.php\/wp-json\/wp\/v2\/media?parent=218090"}],"wp:term":[{"taxonomy":"category","embeddable":true,"href":"https:\/\/diariotextual.com\/inicio\/index.php\/wp-json\/wp\/v2\/categories?post=218090"},{"taxonomy":"post_tag","embeddable":true,"href":"https:\/\/diariotextual.com\/inicio\/index.php\/wp-json\/wp\/v2\/tags?post=218090"}],"curies":[{"name":"wp","href":"https:\/\/api.w.org\/{rel}","templated":true}]}}